{"id":69513,"date":"2022-08-02T01:42:09","date_gmt":"2022-08-02T06:42:09","guid":{"rendered":"https:\/\/akunq.net\/tr\/?p=69513"},"modified":"2022-08-02T01:42:09","modified_gmt":"2022-08-02T06:42:09","slug":"mikail-aslan-altinolukta-konser-verecek","status":"publish","type":"post","link":"https:\/\/akunq.net\/tr\/?p=69513","title":{"rendered":"Mikail Aslan, Alt\u0131noluk\u2019ta konser verecek"},"content":{"rendered":"<p><img loading=\"lazy\" decoding=\"async\" class=\"aligncenter size-medium wp-image-69514\" src=\"https:\/\/akunq.net\/tr\/wp-content\/uploads\/2022\/08\/Mikail-Aslan-360x240.jpg\" alt=\"\" width=\"360\" height=\"240\" srcset=\"https:\/\/akunq.net\/tr\/wp-content\/uploads\/sites\/6\/2022\/08\/Mikail-Aslan-360x240.jpg 360w, https:\/\/akunq.net\/tr\/wp-content\/uploads\/sites\/6\/2022\/08\/Mikail-Aslan-768x512.jpg 768w, https:\/\/akunq.net\/tr\/wp-content\/uploads\/sites\/6\/2022\/08\/Mikail-Aslan-560x373.jpg 560w, https:\/\/akunq.net\/tr\/wp-content\/uploads\/sites\/6\/2022\/08\/Mikail-Aslan-260x173.jpg 260w, https:\/\/akunq.net\/tr\/wp-content\/uploads\/sites\/6\/2022\/08\/Mikail-Aslan-160x107.jpg 160w, https:\/\/akunq.net\/tr\/wp-content\/uploads\/sites\/6\/2022\/08\/Mikail-Aslan.jpg 840w\" sizes=\"auto, (max-width: 360px) 100vw, 360px\" \/><\/p>\n<p><strong><em>Mikail Aslan, 12 A\u011fustos\u2019ta Alt\u0131noluk\u2019ta dinleyicileriyle bulu\u015facak. Etkinli\u011fe Cem\u00eel Qo\u00e7g\u00eer\u00ee de konuk sanat\u00e7\u0131 olarak kat\u0131lacak.<\/em><\/strong><\/p>\n<p>K\u00fcrt M\u00fczi\u011fi\u2019nin \u00f6nemli isimlerinden Mikail Aslan 12 A\u011fustos\u2019ta Bal\u0131kesir\u2019in Edremit il\u00e7esine ba\u011fl\u0131 Alt\u0131noluk\u2019ta dinleyicileriyle bulu\u015facak. Saat 21.00\u2019da yap\u0131lacak konsere Cem\u00eel Qo\u00e7g\u00eer\u00ee konuk sanat\u00e7\u0131 olarak kat\u0131lacak. Konserde Mikail Aslan\u2019a; Tenb\u00fbr\u2019da Cem Erdost \u0130leri, Bass\u2019ta Olcay Bozkurt, Davul\u2019da Serta\u00e7 \u015eanl\u0131 e\u015flik edecek. Konser Alt\u0131noluk Amfi Tiyatro\u2019da yap\u0131lacak. Konser biletleri eTicketAl, PASSO, Biletix \u00fczerinden online olarak ve Alt\u0131noluk Meydan gi\u015fesinden al\u0131nabilecek.<\/p>\n<p><strong>\u0130LK SOLO ALB\u00dcM 1998\u2019DE\u00a0<\/strong><\/p>\n<p>Mikail Aslan, 1994 y\u0131l\u0131nda m\u00fclteci olarak Almanya\u2019ya yerle\u015fti. Bu d\u00f6nemden itibaren m\u00fczikle daha yo\u011fun ilgilenmeye ba\u015flad\u0131. \u00c7ocukluk y\u0131llar\u0131ndan beri ba\u011flama \u00e7alan Mikail Aslan ana dilinde ilk bestelerini Malatya\u2019da okudu\u011fu d\u00f6nemlerde yapt\u0131. Y\u0131llarca hayalini kurdu\u011fu ana dilindeki ilk solo alb\u00fcm\u00fcn\u00fc (Ag\u00eareyis) 1998 y\u0131l\u0131nda Almanya\u2019da kaydetti. 2000 y\u0131l\u0131nda Michael Weil ve Dieter Schmalzried ile beraber \u201cMikail Aslan Ensemble\u201d\u0131 kurdu. 2001 y\u0131l\u0131nda iki y\u0131l s\u00fcren bir haz\u0131rl\u0131\u011f\u0131n ard\u0131ndan, Almanya\u2019n\u0131n Mainz kentindeki Peter Cornelius Konservatuvar\u0131\u00b4nda klasik gitar b\u00f6l\u00fcm\u00fcn\u00fc kazand\u0131. 2005 y\u0131l\u0131nda klasik gitar \u00f6\u011fretmeni olarak bu konservatuvardan mezun oldu. Alb\u00fcm \u00e7al\u0131\u015fmalar\u0131 yan\u0131nda bir de Zazaca deneme kitab\u0131 bulunmaktad\u0131r.<\/p>\n<p>2005 y\u0131l\u0131nda otantik m\u00fczi\u011fini Senfoni Orkestras\u0131 ile bulu\u015fturma fikrini hayata ge\u00e7irdi. \u201cConnections \u2013 Remay\u0131se Munzuri\u201c adl\u0131 eserini Alman besteci Gerhard Fischer-M\u00fcnster ile beraber i\u015fleyip Almanya\u2019da sergiledi. Alman bas\u0131n\u0131nda b\u00fcy\u00fck ilgi g\u00f6ren bu eser, \u00e7e\u015fitli Radio ve TV\u2019de de yay\u0131nland\u0131. Bu \u00e7al\u0131\u015fmalar\u0131 d\u0131\u015f\u0131nda \u00e7e\u015fitli belgesel filmlere de m\u00fczik yapt\u0131. Barbara Trottnow, \u201cKadir \u2013 der Baumwollbauer\u201c (2003) ve \u201cEmine aus \u0130ncesu\u201c (2005). \u201cKick off\u201d 2009 \u2013 H\u00fcseyin Tabak (Prod\u00fckt\u00f6r Josef Aichholzer), \u201cIki Tutam \u015ea\u00e7\u201d- 2010 Nezahat G\u00fcndo\u011fan.<\/p>\n<p>Aslan\u2019\u0131n yay\u0131mlad\u0131\u011f\u0131 alb\u00fcmler ise s\u0131ras\u0131yla \u015f\u00f6yle; Ag\u00earayis (1998), Kil\u0131t\u00ea Kou (2003), Miraz (2005), Zernkut (2008), Pelguzar (2010), Petag (Dersim Ermeni Hak Sark\u0131lar\u0131 2010), Hayig (zazaca kitap-deneme, 2010), Repertuvar (Sanat\u00e7\u0131n\u0131n bug\u00fcne kadar s\u00f6yledi\u011fi t\u00fcm \u015fark\u0131lar\u0131n nota ve s\u00f6zlerini i\u00e7eren kitap, 2012).\u00a0<strong>(HABER MERKEZ\u0130)<\/strong><\/p>\n<p><strong><em><a href=\"https:\/\/www.evrensel.net\/haber\/467156\/mikail-aslan-altinolukta-konser-verecek\">https:\/\/www.evrensel.net\/haber\/467156\/mikail-aslan-altinolukta-konser-verecek<\/a><\/em><\/strong><\/p>\n","protected":false},"excerpt":{"rendered":"<p>Mikail Aslan, 12 A\u011fustos\u2019ta Alt\u0131noluk\u2019ta dinleyicileriyle bulu\u015facak. Etkinli\u011fe Cem\u00eel Qo\u00e7g\u00eer\u00ee de konuk sanat\u00e7\u0131 olarak kat\u0131lacak. K\u00fcrt M\u00fczi\u011fi\u2019nin \u00f6nemli isimlerinden Mikail Aslan 12 A\u011fustos\u2019ta Bal\u0131kesir\u2019in Edremit il\u00e7esine ba\u011fl\u0131 Alt\u0131noluk\u2019ta dinleyicileriyle bulu\u015facak. Saat 21.00\u2019da yap\u0131lacak konsere Cem\u00eel Qo\u00e7g\u00eer\u00ee konuk sanat\u00e7\u0131 olarak kat\u0131lacak. Konserde Mikail Aslan\u2019a; Tenb\u00fbr\u2019da Cem Erdost \u0130leri, Bass\u2019ta Olcay Bozkurt, Davul\u2019da Serta\u00e7 \u015eanl\u0131 e\u015flik edecek. [&hellip;]<\/p>\n","protected":false},"author":7,"featured_media":69514,"comment_status":"open","ping_status":"open","sticky":false,"template":"","format":"standard","meta":{"footnotes":""},"categories":[1],"tags":[],"class_list":["post-69513","post","type-post","status-publish","format-standard","has-post-thumbnail","hentry","category-haberler"],"yoast_head":"<!-- This site is optimized with the Yoast SEO plugin v27.4 - https:\/\/yoast.com\/product\/yoast-seo-wordpress\/ -->\n<title>Mikail Aslan, Alt\u0131noluk\u2019ta konser verecek - Bati Ermenistan Ve Bati Ermenileri Sorunlari Ara\u015ftirmalar Merkezi<\/title>\n<meta name=\"robots\" content=\"index, follow, max-snippet:-1, max-image-preview:large, max-video-preview:-1\" \/>\n<link rel=\"canonical\" href=\"https:\/\/akunq.net\/tr\/?p=69513\" \/>\n<meta property=\"og:locale\" content=\"en_US\" \/>\n<meta property=\"og:type\" content=\"article\" \/>\n<meta property=\"og:title\" content=\"Mikail Aslan, Alt\u0131noluk\u2019ta konser verecek - Bati Ermenistan Ve Bati Ermenileri Sorunlari Ara\u015ftirmalar Merkezi\" \/>\n<meta property=\"og:description\" content=\"Mikail Aslan, 12 A\u011fustos\u2019ta Alt\u0131noluk\u2019ta dinleyicileriyle bulu\u015facak. Etkinli\u011fe Cem\u00eel Qo\u00e7g\u00eer\u00ee de konuk sanat\u00e7\u0131 olarak kat\u0131lacak. K\u00fcrt M\u00fczi\u011fi\u2019nin \u00f6nemli isimlerinden Mikail Aslan 12 A\u011fustos\u2019ta Bal\u0131kesir\u2019in Edremit il\u00e7esine ba\u011fl\u0131 Alt\u0131noluk\u2019ta dinleyicileriyle bulu\u015facak. Saat 21.00\u2019da yap\u0131lacak konsere Cem\u00eel Qo\u00e7g\u00eer\u00ee konuk sanat\u00e7\u0131 olarak kat\u0131lacak. Konserde Mikail Aslan\u2019a; Tenb\u00fbr\u2019da Cem Erdost \u0130leri, Bass\u2019ta Olcay Bozkurt, Davul\u2019da Serta\u00e7 \u015eanl\u0131 e\u015flik edecek. [&hellip;]\" \/>\n<meta property=\"og:url\" content=\"https:\/\/akunq.net\/tr\/?p=69513\" \/>\n<meta property=\"og:site_name\" content=\"Bati Ermenistan Ve Bati Ermenileri Sorunlari Ara\u015ftirmalar Merkezi\" \/>\n<meta property=\"article:published_time\" content=\"2022-08-02T06:42:09+00:00\" \/>\n<meta property=\"og:image\" content=\"https:\/\/akunq.net\/tr\/wp-content\/uploads\/sites\/6\/2022\/08\/Mikail-Aslan.jpg\" \/>\n\t<meta property=\"og:image:width\" content=\"840\" \/>\n\t<meta property=\"og:image:height\" content=\"560\" \/>\n\t<meta property=\"og:image:type\" content=\"image\/jpeg\" \/>\n<meta name=\"author\" content=\"admin\" \/>\n<meta name=\"twitter:card\" content=\"summary_large_image\" \/>\n<meta name=\"twitter:label1\" content=\"Written by\" \/>\n\t<meta name=\"twitter:data1\" content=\"admin\" \/>\n\t<meta name=\"twitter:label2\" content=\"Est. reading time\" \/>\n\t<meta name=\"twitter:data2\" content=\"2 minutes\" \/>\n<script type=\"application\/ld+json\" class=\"yoast-schema-graph\">{\"@context\":\"https:\\\/\\\/schema.org\",\"@graph\":[{\"@type\":\"Article\",\"@id\":\"https:\\\/\\\/akunq.net\\\/tr\\\/?p=69513#article\",\"isPartOf\":{\"@id\":\"https:\\\/\\\/akunq.net\\\/tr\\\/?p=69513\"},\"author\":{\"name\":\"admin\",\"@id\":\"https:\\\/\\\/akunq.net\\\/tr\\\/#\\\/schema\\\/person\\\/096f1d38a12cce57fb855b485ed24c9e\"},\"headline\":\"Mikail Aslan, Alt\u0131noluk\u2019ta konser verecek\",\"datePublished\":\"2022-08-02T06:42:09+00:00\",\"mainEntityOfPage\":{\"@id\":\"https:\\\/\\\/akunq.net\\\/tr\\\/?p=69513\"},\"wordCount\":409,\"commentCount\":0,\"image\":{\"@id\":\"https:\\\/\\\/akunq.net\\\/tr\\\/?p=69513#primaryimage\"},\"thumbnailUrl\":\"https:\\\/\\\/akunq.net\\\/tr\\\/wp-content\\\/uploads\\\/sites\\\/6\\\/2022\\\/08\\\/Mikail-Aslan.jpg\",\"articleSection\":[\"Haberler\"],\"inLanguage\":\"en-US\",\"potentialAction\":[{\"@type\":\"CommentAction\",\"name\":\"Comment\",\"target\":[\"https:\\\/\\\/akunq.net\\\/tr\\\/?p=69513#respond\"]}]},{\"@type\":\"WebPage\",\"@id\":\"https:\\\/\\\/akunq.net\\\/tr\\\/?p=69513\",\"url\":\"https:\\\/\\\/akunq.net\\\/tr\\\/?p=69513\",\"name\":\"Mikail Aslan, Alt\u0131noluk\u2019ta konser verecek - Bati Ermenistan Ve Bati Ermenileri Sorunlari Ara\u015ftirmalar Merkezi\",\"isPartOf\":{\"@id\":\"https:\\\/\\\/akunq.net\\\/tr\\\/#website\"},\"primaryImageOfPage\":{\"@id\":\"https:\\\/\\\/akunq.net\\\/tr\\\/?p=69513#primaryimage\"},\"image\":{\"@id\":\"https:\\\/\\\/akunq.net\\\/tr\\\/?p=69513#primaryimage\"},\"thumbnailUrl\":\"https:\\\/\\\/akunq.net\\\/tr\\\/wp-content\\\/uploads\\\/sites\\\/6\\\/2022\\\/08\\\/Mikail-Aslan.jpg\",\"datePublished\":\"2022-08-02T06:42:09+00:00\",\"author\":{\"@id\":\"https:\\\/\\\/akunq.net\\\/tr\\\/#\\\/schema\\\/person\\\/096f1d38a12cce57fb855b485ed24c9e\"},\"breadcrumb\":{\"@id\":\"https:\\\/\\\/akunq.net\\\/tr\\\/?p=69513#breadcrumb\"},\"inLanguage\":\"en-US\",\"potentialAction\":[{\"@type\":\"ReadAction\",\"target\":[\"https:\\\/\\\/akunq.net\\\/tr\\\/?p=69513\"]}]},{\"@type\":\"ImageObject\",\"inLanguage\":\"en-US\",\"@id\":\"https:\\\/\\\/akunq.net\\\/tr\\\/?p=69513#primaryimage\",\"url\":\"https:\\\/\\\/akunq.net\\\/tr\\\/wp-content\\\/uploads\\\/sites\\\/6\\\/2022\\\/08\\\/Mikail-Aslan.jpg\",\"contentUrl\":\"https:\\\/\\\/akunq.net\\\/tr\\\/wp-content\\\/uploads\\\/sites\\\/6\\\/2022\\\/08\\\/Mikail-Aslan.jpg\",\"width\":840,\"height\":560},{\"@type\":\"BreadcrumbList\",\"@id\":\"https:\\\/\\\/akunq.net\\\/tr\\\/?p=69513#breadcrumb\",\"itemListElement\":[{\"@type\":\"ListItem\",\"position\":1,\"name\":\"Home\",\"item\":\"https:\\\/\\\/akunq.net\\\/tr\"},{\"@type\":\"ListItem\",\"position\":2,\"name\":\"Mikail Aslan, Alt\u0131noluk\u2019ta konser verecek\"}]},{\"@type\":\"WebSite\",\"@id\":\"https:\\\/\\\/akunq.net\\\/tr\\\/#website\",\"url\":\"https:\\\/\\\/akunq.net\\\/tr\\\/\",\"name\":\"Bati Ermenistan Ve Bati Ermenileri Sorunlari Ara\u015ftirmalar Merkezi\",\"description\":\"\",\"potentialAction\":[{\"@type\":\"SearchAction\",\"target\":{\"@type\":\"EntryPoint\",\"urlTemplate\":\"https:\\\/\\\/akunq.net\\\/tr\\\/?s={search_term_string}\"},\"query-input\":{\"@type\":\"PropertyValueSpecification\",\"valueRequired\":true,\"valueName\":\"search_term_string\"}}],\"inLanguage\":\"en-US\"},{\"@type\":\"Person\",\"@id\":\"https:\\\/\\\/akunq.net\\\/tr\\\/#\\\/schema\\\/person\\\/096f1d38a12cce57fb855b485ed24c9e\",\"name\":\"admin\",\"url\":\"https:\\\/\\\/akunq.net\\\/tr\\\/?author=7\"}]}<\/script>\n<!-- \/ Yoast SEO plugin. -->","yoast_head_json":{"title":"Mikail Aslan, Alt\u0131noluk\u2019ta konser verecek - Bati Ermenistan Ve Bati Ermenileri Sorunlari Ara\u015ftirmalar Merkezi","robots":{"index":"index","follow":"follow","max-snippet":"max-snippet:-1","max-image-preview":"max-image-preview:large","max-video-preview":"max-video-preview:-1"},"canonical":"https:\/\/akunq.net\/tr\/?p=69513","og_locale":"en_US","og_type":"article","og_title":"Mikail Aslan, Alt\u0131noluk\u2019ta konser verecek - Bati Ermenistan Ve Bati Ermenileri Sorunlari Ara\u015ftirmalar Merkezi","og_description":"Mikail Aslan, 12 A\u011fustos\u2019ta Alt\u0131noluk\u2019ta dinleyicileriyle bulu\u015facak. Etkinli\u011fe Cem\u00eel Qo\u00e7g\u00eer\u00ee de konuk sanat\u00e7\u0131 olarak kat\u0131lacak. K\u00fcrt M\u00fczi\u011fi\u2019nin \u00f6nemli isimlerinden Mikail Aslan 12 A\u011fustos\u2019ta Bal\u0131kesir\u2019in Edremit il\u00e7esine ba\u011fl\u0131 Alt\u0131noluk\u2019ta dinleyicileriyle bulu\u015facak. Saat 21.00\u2019da yap\u0131lacak konsere Cem\u00eel Qo\u00e7g\u00eer\u00ee konuk sanat\u00e7\u0131 olarak kat\u0131lacak. Konserde Mikail Aslan\u2019a; Tenb\u00fbr\u2019da Cem Erdost \u0130leri, Bass\u2019ta Olcay Bozkurt, Davul\u2019da Serta\u00e7 \u015eanl\u0131 e\u015flik edecek. [&hellip;]","og_url":"https:\/\/akunq.net\/tr\/?p=69513","og_site_name":"Bati Ermenistan Ve Bati Ermenileri Sorunlari Ara\u015ftirmalar Merkezi","article_published_time":"2022-08-02T06:42:09+00:00","og_image":[{"width":840,"height":560,"url":"https:\/\/akunq.net\/tr\/wp-content\/uploads\/sites\/6\/2022\/08\/Mikail-Aslan.jpg","type":"image\/jpeg"}],"author":"admin","twitter_card":"summary_large_image","twitter_misc":{"Written by":"admin","Est. reading time":"2 minutes"},"schema":{"@context":"https:\/\/schema.org","@graph":[{"@type":"Article","@id":"https:\/\/akunq.net\/tr\/?p=69513#article","isPartOf":{"@id":"https:\/\/akunq.net\/tr\/?p=69513"},"author":{"name":"admin","@id":"https:\/\/akunq.net\/tr\/#\/schema\/person\/096f1d38a12cce57fb855b485ed24c9e"},"headline":"Mikail Aslan, Alt\u0131noluk\u2019ta konser verecek","datePublished":"2022-08-02T06:42:09+00:00","mainEntityOfPage":{"@id":"https:\/\/akunq.net\/tr\/?p=69513"},"wordCount":409,"commentCount":0,"image":{"@id":"https:\/\/akunq.net\/tr\/?p=69513#primaryimage"},"thumbnailUrl":"https:\/\/akunq.net\/tr\/wp-content\/uploads\/sites\/6\/2022\/08\/Mikail-Aslan.jpg","articleSection":["Haberler"],"inLanguage":"en-US","potentialAction":[{"@type":"CommentAction","name":"Comment","target":["https:\/\/akunq.net\/tr\/?p=69513#respond"]}]},{"@type":"WebPage","@id":"https:\/\/akunq.net\/tr\/?p=69513","url":"https:\/\/akunq.net\/tr\/?p=69513","name":"Mikail Aslan, Alt\u0131noluk\u2019ta konser verecek - Bati Ermenistan Ve Bati Ermenileri Sorunlari Ara\u015ftirmalar Merkezi","isPartOf":{"@id":"https:\/\/akunq.net\/tr\/#website"},"primaryImageOfPage":{"@id":"https:\/\/akunq.net\/tr\/?p=69513#primaryimage"},"image":{"@id":"https:\/\/akunq.net\/tr\/?p=69513#primaryimage"},"thumbnailUrl":"https:\/\/akunq.net\/tr\/wp-content\/uploads\/sites\/6\/2022\/08\/Mikail-Aslan.jpg","datePublished":"2022-08-02T06:42:09+00:00","author":{"@id":"https:\/\/akunq.net\/tr\/#\/schema\/person\/096f1d38a12cce57fb855b485ed24c9e"},"breadcrumb":{"@id":"https:\/\/akunq.net\/tr\/?p=69513#breadcrumb"},"inLanguage":"en-US","potentialAction":[{"@type":"ReadAction","target":["https:\/\/akunq.net\/tr\/?p=69513"]}]},{"@type":"ImageObject","inLanguage":"en-US","@id":"https:\/\/akunq.net\/tr\/?p=69513#primaryimage","url":"https:\/\/akunq.net\/tr\/wp-content\/uploads\/sites\/6\/2022\/08\/Mikail-Aslan.jpg","contentUrl":"https:\/\/akunq.net\/tr\/wp-content\/uploads\/sites\/6\/2022\/08\/Mikail-Aslan.jpg","width":840,"height":560},{"@type":"BreadcrumbList","@id":"https:\/\/akunq.net\/tr\/?p=69513#breadcrumb","itemListElement":[{"@type":"ListItem","position":1,"name":"Home","item":"https:\/\/akunq.net\/tr"},{"@type":"ListItem","position":2,"name":"Mikail Aslan, Alt\u0131noluk\u2019ta konser verecek"}]},{"@type":"WebSite","@id":"https:\/\/akunq.net\/tr\/#website","url":"https:\/\/akunq.net\/tr\/","name":"Bati Ermenistan Ve Bati Ermenileri Sorunlari Ara\u015ftirmalar Merkezi","description":"","potentialAction":[{"@type":"SearchAction","target":{"@type":"EntryPoint","urlTemplate":"https:\/\/akunq.net\/tr\/?s={search_term_string}"},"query-input":{"@type":"PropertyValueSpecification","valueRequired":true,"valueName":"search_term_string"}}],"inLanguage":"en-US"},{"@type":"Person","@id":"https:\/\/akunq.net\/tr\/#\/schema\/person\/096f1d38a12cce57fb855b485ed24c9e","name":"admin","url":"https:\/\/akunq.net\/tr\/?author=7"}]}},"_links":{"self":[{"href":"https:\/\/akunq.net\/tr\/index.php?rest_route=\/wp\/v2\/posts\/69513","targetHints":{"allow":["GET"]}}],"collection":[{"href":"https:\/\/akunq.net\/tr\/index.php?rest_route=\/wp\/v2\/posts"}],"about":[{"href":"https:\/\/akunq.net\/tr\/index.php?rest_route=\/wp\/v2\/types\/post"}],"author":[{"embeddable":true,"href":"https:\/\/akunq.net\/tr\/index.php?rest_route=\/wp\/v2\/users\/7"}],"replies":[{"embeddable":true,"href":"https:\/\/akunq.net\/tr\/index.php?rest_route=%2Fwp%2Fv2%2Fcomments&post=69513"}],"version-history":[{"count":1,"href":"https:\/\/akunq.net\/tr\/index.php?rest_route=\/wp\/v2\/posts\/69513\/revisions"}],"predecessor-version":[{"id":69515,"href":"https:\/\/akunq.net\/tr\/index.php?rest_route=\/wp\/v2\/posts\/69513\/revisions\/69515"}],"wp:featuredmedia":[{"embeddable":true,"href":"https:\/\/akunq.net\/tr\/index.php?rest_route=\/wp\/v2\/media\/69514"}],"wp:attachment":[{"href":"https:\/\/akunq.net\/tr\/index.php?rest_route=%2Fwp%2Fv2%2Fmedia&parent=69513"}],"wp:term":[{"taxonomy":"category","embeddable":true,"href":"https:\/\/akunq.net\/tr\/index.php?rest_route=%2Fwp%2Fv2%2Fcategories&post=69513"},{"taxonomy":"post_tag","embeddable":true,"href":"https:\/\/akunq.net\/tr\/index.php?rest_route=%2Fwp%2Fv2%2Ftags&post=69513"}],"curies":[{"name":"wp","href":"https:\/\/api.w.org\/{rel}","templated":true}]}}