{"id":69510,"date":"2022-08-02T01:32:30","date_gmt":"2022-08-02T06:32:30","guid":{"rendered":"https:\/\/akunq.net\/tr\/?p=69510"},"modified":"2022-08-02T01:32:30","modified_gmt":"2022-08-02T06:32:30","slug":"alevi-kurumlarindan-aciklama-amac-catisma-ortami-yaratmak","status":"publish","type":"post","link":"https:\/\/akunq.net\/tr\/?p=69510","title":{"rendered":"Alevi kurumlar\u0131ndan a\u00e7\u0131klama: Ama\u00e7 \u00e7at\u0131\u015fma ortam\u0131 yaratmak"},"content":{"rendered":"<p><img loading=\"lazy\" decoding=\"async\" class=\"aligncenter size-medium wp-image-69511\" src=\"https:\/\/akunq.net\/tr\/wp-content\/uploads\/2022\/08\/Alevi-kurumlarindan-aciklama-360x185.jpeg\" alt=\"\" width=\"360\" height=\"185\" srcset=\"https:\/\/akunq.net\/tr\/wp-content\/uploads\/sites\/6\/2022\/08\/Alevi-kurumlarindan-aciklama-360x185.jpeg 360w, https:\/\/akunq.net\/tr\/wp-content\/uploads\/sites\/6\/2022\/08\/Alevi-kurumlarindan-aciklama-768x395.jpeg 768w, https:\/\/akunq.net\/tr\/wp-content\/uploads\/sites\/6\/2022\/08\/Alevi-kurumlarindan-aciklama-560x288.jpeg 560w, https:\/\/akunq.net\/tr\/wp-content\/uploads\/sites\/6\/2022\/08\/Alevi-kurumlarindan-aciklama-260x134.jpeg 260w, https:\/\/akunq.net\/tr\/wp-content\/uploads\/sites\/6\/2022\/08\/Alevi-kurumlarindan-aciklama-160x82.jpeg 160w, https:\/\/akunq.net\/tr\/wp-content\/uploads\/sites\/6\/2022\/08\/Alevi-kurumlarindan-aciklama.jpeg 800w\" sizes=\"auto, (max-width: 360px) 100vw, 360px\" \/><\/p>\n<p><em><strong>Alevi kurumlar\u0131, Ankara&#8217;da pe\u015fpe\u015fe d\u00fczenlenen sald\u0131r\u0131lara ili\u015fkin \u0130zmir, Diyarbak\u0131r, Dersim, Adana, Ankara ve \u0130stanbul&#8217;da a\u00e7\u0131klama yapt\u0131.<\/strong><\/em><\/p>\n<p>Ortak a\u00e7\u0131klamada, &#8220;sald\u0131r\u0131lar\u0131n as\u0131l amac\u0131n\u0131n \u00fclkede kaos ve \u00e7at\u0131\u015fma ortam\u0131 yaratmak oldu\u011fu&#8221; belirtildi.<\/p>\n<p>A\u00e7\u0131klama \u015f\u00f6yle:<\/p>\n<p>&#8220;Bu sald\u0131r\u0131lar\u0131n daha b\u00fcy\u00fck ve ac\u0131 bir sonuca varmamas\u0131 i\u00e7in ba\u015fta demokrasi g\u00fc\u00e7leri olmak \u00fczere herkese g\u00f6rev d\u00fc\u015fmektedir. Canlar\u0131m\u0131za, Cemevlerimize, ve kurumlar\u0131m\u0131za sald\u0131ranlar, bu sald\u0131r\u0131lar\u0131 planlay\u0131p y\u00f6netenler bilsinler ki; bizi demokrasi, \u00f6zg\u00fcrl\u00fck ve e\u015fitlik m\u00fccadelesinden koparamayacaks\u0131n\u0131z. \u00c7\u00fcnk\u00fc biz, bask\u0131ya zorbal\u0131\u011fa ve her t\u00fcrl\u00fc \u015fiddet politikalar\u0131na boyun e\u011fmeyiz. Sava\u015f \u00e7\u0131\u011f\u0131rtkanl\u0131\u011f\u0131na ve her t\u00fcrl\u00fc \u00e7at\u0131\u015fma diline kar\u015f\u0131 bar\u0131\u015f\u0131n ve karde\u015fli\u011fin saflar\u0131nda yer al\u0131r\u0131z.&#8221;<\/p>\n<p>&#8220;Haklar\u0131 kendi i\u00e7inde kutupla\u015ft\u0131ran, \u00f6tekile\u015ftiren, \u00e7at\u0131\u015ft\u0131ran, gerilimden ve \u015fiddetten beslenen politikalar\u0131n kar\u015f\u0131s\u0131nda durduk ve durmaya da devam edece\u011fiz. \u00dclkemizi kana bulamak i\u00e7in, tetik\u00e7ileri ve g\u00fcd\u00fcml\u00fc katilleri kullanan derin Devlet g\u00fc\u00e7lerini, Ko\u00e7giri, Dersim, Mara\u015f, \u00c7orum, Gazi, Gezi, 10 Ekim&#8217;den ve Suru\u00e7\u2019tan ve onlarca benzer katliamdan biliyoruz&#8221;<\/p>\n<p>&#8220;Aleviler olarak e\u015fit yurtta\u015fl\u0131k m\u00fccadelesi verirken \u00e7ok iyi biliyoruz ki, bu \u00fclkede ya\u015fayan halklar inan\u00e7lar ve kimlikler \u00f6zg\u00fcr olmadan biz de asla \u00f6zg\u00fcr olamayaca\u011f\u0131z.&#8221;<\/p>\n<p>&#8220;Biz Aleviler dili dini inanc\u0131 \u0131rk\u0131 mezhebi ve cinsiyeti ne olursa olsun herkesin e\u015fit ve \u00f6zg\u00fcr bireyler olarak ya\u015fayabildi\u011fi kimsenin kimli\u011finden dolay\u0131 \u00f6tekile\u015ftirilmedi\u011fi katledilmedi\u011fi demokratik bir cumhuriyette bir arada karde\u015f\u00e7e ya\u015fam\u0131 savunuyoruz. H\u00fck\u00fcmeti bir kez daha uyar\u0131yoruz: Biz Aleviler olarak diyoruz ki; bozuk d\u00fczende sa\u011flam \u00e7ark olmaz! Bu adaletsiz d\u00fczeni hep birlikte de\u011fi\u015ftirece\u011fiz.&#8221;<\/p>\n<p>&#8220;Alevileri her t\u00fcrl\u00fc insanl\u0131k d\u0131\u015f\u0131 asimilasyon politikas\u0131na tabi tutan hakir g\u00f6ren a\u015fa\u011f\u0131layan yakla\u015f\u0131mlar\u0131n\u0131z bu sald\u0131r\u0131lara zemin haz\u0131rlamaktad\u0131r. Taleplerimizi kabul edin ve ibadethanelerimizi yasal stat\u00fcye kavu\u015fturun. Elinizi diliniz inanc\u0131m\u0131zdan ve inan\u00e7 merkezlerimizden \u00e7ekin. Bizi tarif etmeyin, tan\u0131y\u0131n!&#8221;<\/p>\n<p>A\u00e7\u0131klamada yer alan kurumlar \u015f\u00f6yle: \u00a0Alevi Bekta\u015fi Federasyonu, Avrupa Alevi Birlikleri Federasyonu, Alevi Dernekleri Federasyonu, Alevi Vak\u0131flar\u0131 Federasyonu, Hac\u0131 Bekta\u015f Veli Anadolu K\u00fclt\u00fcr Vakf\u0131, Demokratik Alevi Dernekleri, Pir Sultan Abdal K\u00fclt\u00fcr Derne\u011fi.<\/p>\n<p>Bu arada konuyla ilgili bir a\u00e7\u0131klama yapan \u0130\u00e7i\u015fleri Bakan\u0131 S\u00fcleyman Soylu, \u201c3 Cemevine y\u00f6nelik al\u00e7ak\u00e7a provokasyona dair elde edilen t\u00fcm bilgiler, yarg\u0131ya intikal ettirilerek, birli\u011fimizi hedef alan bu &#8216;Planl\u0131 Provokasyon&#8217; en a\u011f\u0131r \u015fekilde cezaland\u0131r\u0131lacakt\u0131r\u201d dedi.<\/p>\n<p><em><strong>https:\/\/www.agos.com.tr\/tr\/yazi\/27333\/alevi-kurumlarindan-aciklama-amac-catisma-ortami-yaratmak\u00a0<\/strong><\/em><\/p>\n","protected":false},"excerpt":{"rendered":"<p>Alevi kurumlar\u0131, Ankara&#8217;da pe\u015fpe\u015fe d\u00fczenlenen sald\u0131r\u0131lara ili\u015fkin \u0130zmir, Diyarbak\u0131r, Dersim, Adana, Ankara ve \u0130stanbul&#8217;da a\u00e7\u0131klama yapt\u0131. Ortak a\u00e7\u0131klamada, &#8220;sald\u0131r\u0131lar\u0131n as\u0131l amac\u0131n\u0131n \u00fclkede kaos ve \u00e7at\u0131\u015fma ortam\u0131 yaratmak oldu\u011fu&#8221; belirtildi. A\u00e7\u0131klama \u015f\u00f6yle: &#8220;Bu sald\u0131r\u0131lar\u0131n daha b\u00fcy\u00fck ve ac\u0131 bir sonuca varmamas\u0131 i\u00e7in ba\u015fta demokrasi g\u00fc\u00e7leri olmak \u00fczere herkese g\u00f6rev d\u00fc\u015fmektedir. Canlar\u0131m\u0131za, Cemevlerimize, ve kurumlar\u0131m\u0131za sald\u0131ranlar, bu [&hellip;]<\/p>\n","protected":false},"author":7,"featured_media":69511,"comment_status":"open","ping_status":"open","sticky":false,"template":"","format":"standard","meta":{"footnotes":""},"categories":[1,53],"tags":[],"class_list":["post-69510","post","type-post","status-publish","format-standard","has-post-thumbnail","hentry","category-haberler","category-turkiyede-azinliklar"],"yoast_head":"<!-- This site is optimized with the Yoast SEO plugin v27.4 - https:\/\/yoast.com\/product\/yoast-seo-wordpress\/ -->\n<title>Alevi kurumlar\u0131ndan a\u00e7\u0131klama: Ama\u00e7 \u00e7at\u0131\u015fma ortam\u0131 yaratmak - Bati Ermenistan Ve Bati Ermenileri Sorunlari Ara\u015ftirmalar Merkezi<\/title>\n<meta name=\"robots\" content=\"index, follow, max-snippet:-1, max-image-preview:large, max-video-preview:-1\" \/>\n<link rel=\"canonical\" href=\"https:\/\/akunq.net\/tr\/?p=69510\" \/>\n<meta property=\"og:locale\" content=\"en_US\" \/>\n<meta property=\"og:type\" content=\"article\" \/>\n<meta property=\"og:title\" content=\"Alevi kurumlar\u0131ndan a\u00e7\u0131klama: Ama\u00e7 \u00e7at\u0131\u015fma ortam\u0131 yaratmak - Bati Ermenistan Ve Bati Ermenileri Sorunlari Ara\u015ftirmalar Merkezi\" \/>\n<meta property=\"og:description\" content=\"Alevi kurumlar\u0131, Ankara&#8217;da pe\u015fpe\u015fe d\u00fczenlenen sald\u0131r\u0131lara ili\u015fkin \u0130zmir, Diyarbak\u0131r, Dersim, Adana, Ankara ve \u0130stanbul&#8217;da a\u00e7\u0131klama yapt\u0131. Ortak a\u00e7\u0131klamada, &#8220;sald\u0131r\u0131lar\u0131n as\u0131l amac\u0131n\u0131n \u00fclkede kaos ve \u00e7at\u0131\u015fma ortam\u0131 yaratmak oldu\u011fu&#8221; belirtildi. A\u00e7\u0131klama \u015f\u00f6yle: &#8220;Bu sald\u0131r\u0131lar\u0131n daha b\u00fcy\u00fck ve ac\u0131 bir sonuca varmamas\u0131 i\u00e7in ba\u015fta demokrasi g\u00fc\u00e7leri olmak \u00fczere herkese g\u00f6rev d\u00fc\u015fmektedir. Canlar\u0131m\u0131za, Cemevlerimize, ve kurumlar\u0131m\u0131za sald\u0131ranlar, bu [&hellip;]\" \/>\n<meta property=\"og:url\" content=\"https:\/\/akunq.net\/tr\/?p=69510\" \/>\n<meta property=\"og:site_name\" content=\"Bati Ermenistan Ve Bati Ermenileri Sorunlari Ara\u015ftirmalar Merkezi\" \/>\n<meta property=\"article:published_time\" content=\"2022-08-02T06:32:30+00:00\" \/>\n<meta property=\"og:image\" content=\"https:\/\/akunq.net\/tr\/wp-content\/uploads\/sites\/6\/2022\/08\/Alevi-kurumlarindan-aciklama.jpeg\" \/>\n\t<meta property=\"og:image:width\" content=\"800\" \/>\n\t<meta property=\"og:image:height\" content=\"411\" \/>\n\t<meta property=\"og:image:type\" content=\"image\/jpeg\" \/>\n<meta name=\"author\" content=\"admin\" \/>\n<meta name=\"twitter:card\" content=\"summary_large_image\" \/>\n<meta name=\"twitter:label1\" content=\"Written by\" \/>\n\t<meta name=\"twitter:data1\" content=\"admin\" \/>\n\t<meta name=\"twitter:label2\" content=\"Est. reading time\" \/>\n\t<meta name=\"twitter:data2\" content=\"2 minutes\" \/>\n<script type=\"application\/ld+json\" class=\"yoast-schema-graph\">{\"@context\":\"https:\\\/\\\/schema.org\",\"@graph\":[{\"@type\":\"Article\",\"@id\":\"https:\\\/\\\/akunq.net\\\/tr\\\/?p=69510#article\",\"isPartOf\":{\"@id\":\"https:\\\/\\\/akunq.net\\\/tr\\\/?p=69510\"},\"author\":{\"name\":\"admin\",\"@id\":\"https:\\\/\\\/akunq.net\\\/tr\\\/#\\\/schema\\\/person\\\/096f1d38a12cce57fb855b485ed24c9e\"},\"headline\":\"Alevi kurumlar\u0131ndan a\u00e7\u0131klama: Ama\u00e7 \u00e7at\u0131\u015fma ortam\u0131 yaratmak\",\"datePublished\":\"2022-08-02T06:32:30+00:00\",\"mainEntityOfPage\":{\"@id\":\"https:\\\/\\\/akunq.net\\\/tr\\\/?p=69510\"},\"wordCount\":475,\"commentCount\":0,\"image\":{\"@id\":\"https:\\\/\\\/akunq.net\\\/tr\\\/?p=69510#primaryimage\"},\"thumbnailUrl\":\"https:\\\/\\\/akunq.net\\\/tr\\\/wp-content\\\/uploads\\\/sites\\\/6\\\/2022\\\/08\\\/Alevi-kurumlarindan-aciklama.jpeg\",\"articleSection\":[\"Haberler\",\"T\u00fcrkiye\u2019de Az\u0131nl\u0131klar\"],\"inLanguage\":\"en-US\",\"potentialAction\":[{\"@type\":\"CommentAction\",\"name\":\"Comment\",\"target\":[\"https:\\\/\\\/akunq.net\\\/tr\\\/?p=69510#respond\"]}]},{\"@type\":\"WebPage\",\"@id\":\"https:\\\/\\\/akunq.net\\\/tr\\\/?p=69510\",\"url\":\"https:\\\/\\\/akunq.net\\\/tr\\\/?p=69510\",\"name\":\"Alevi kurumlar\u0131ndan a\u00e7\u0131klama: Ama\u00e7 \u00e7at\u0131\u015fma ortam\u0131 yaratmak - Bati Ermenistan Ve Bati Ermenileri Sorunlari Ara\u015ftirmalar Merkezi\",\"isPartOf\":{\"@id\":\"https:\\\/\\\/akunq.net\\\/tr\\\/#website\"},\"primaryImageOfPage\":{\"@id\":\"https:\\\/\\\/akunq.net\\\/tr\\\/?p=69510#primaryimage\"},\"image\":{\"@id\":\"https:\\\/\\\/akunq.net\\\/tr\\\/?p=69510#primaryimage\"},\"thumbnailUrl\":\"https:\\\/\\\/akunq.net\\\/tr\\\/wp-content\\\/uploads\\\/sites\\\/6\\\/2022\\\/08\\\/Alevi-kurumlarindan-aciklama.jpeg\",\"datePublished\":\"2022-08-02T06:32:30+00:00\",\"author\":{\"@id\":\"https:\\\/\\\/akunq.net\\\/tr\\\/#\\\/schema\\\/person\\\/096f1d38a12cce57fb855b485ed24c9e\"},\"breadcrumb\":{\"@id\":\"https:\\\/\\\/akunq.net\\\/tr\\\/?p=69510#breadcrumb\"},\"inLanguage\":\"en-US\",\"potentialAction\":[{\"@type\":\"ReadAction\",\"target\":[\"https:\\\/\\\/akunq.net\\\/tr\\\/?p=69510\"]}]},{\"@type\":\"ImageObject\",\"inLanguage\":\"en-US\",\"@id\":\"https:\\\/\\\/akunq.net\\\/tr\\\/?p=69510#primaryimage\",\"url\":\"https:\\\/\\\/akunq.net\\\/tr\\\/wp-content\\\/uploads\\\/sites\\\/6\\\/2022\\\/08\\\/Alevi-kurumlarindan-aciklama.jpeg\",\"contentUrl\":\"https:\\\/\\\/akunq.net\\\/tr\\\/wp-content\\\/uploads\\\/sites\\\/6\\\/2022\\\/08\\\/Alevi-kurumlarindan-aciklama.jpeg\",\"width\":800,\"height\":411},{\"@type\":\"BreadcrumbList\",\"@id\":\"https:\\\/\\\/akunq.net\\\/tr\\\/?p=69510#breadcrumb\",\"itemListElement\":[{\"@type\":\"ListItem\",\"position\":1,\"name\":\"Home\",\"item\":\"https:\\\/\\\/akunq.net\\\/tr\"},{\"@type\":\"ListItem\",\"position\":2,\"name\":\"Alevi kurumlar\u0131ndan a\u00e7\u0131klama: Ama\u00e7 \u00e7at\u0131\u015fma ortam\u0131 yaratmak\"}]},{\"@type\":\"WebSite\",\"@id\":\"https:\\\/\\\/akunq.net\\\/tr\\\/#website\",\"url\":\"https:\\\/\\\/akunq.net\\\/tr\\\/\",\"name\":\"Bati Ermenistan Ve Bati Ermenileri Sorunlari Ara\u015ftirmalar Merkezi\",\"description\":\"\",\"potentialAction\":[{\"@type\":\"SearchAction\",\"target\":{\"@type\":\"EntryPoint\",\"urlTemplate\":\"https:\\\/\\\/akunq.net\\\/tr\\\/?s={search_term_string}\"},\"query-input\":{\"@type\":\"PropertyValueSpecification\",\"valueRequired\":true,\"valueName\":\"search_term_string\"}}],\"inLanguage\":\"en-US\"},{\"@type\":\"Person\",\"@id\":\"https:\\\/\\\/akunq.net\\\/tr\\\/#\\\/schema\\\/person\\\/096f1d38a12cce57fb855b485ed24c9e\",\"name\":\"admin\",\"url\":\"https:\\\/\\\/akunq.net\\\/tr\\\/?author=7\"}]}<\/script>\n<!-- \/ Yoast SEO plugin. -->","yoast_head_json":{"title":"Alevi kurumlar\u0131ndan a\u00e7\u0131klama: Ama\u00e7 \u00e7at\u0131\u015fma ortam\u0131 yaratmak - Bati Ermenistan Ve Bati Ermenileri Sorunlari Ara\u015ftirmalar Merkezi","robots":{"index":"index","follow":"follow","max-snippet":"max-snippet:-1","max-image-preview":"max-image-preview:large","max-video-preview":"max-video-preview:-1"},"canonical":"https:\/\/akunq.net\/tr\/?p=69510","og_locale":"en_US","og_type":"article","og_title":"Alevi kurumlar\u0131ndan a\u00e7\u0131klama: Ama\u00e7 \u00e7at\u0131\u015fma ortam\u0131 yaratmak - Bati Ermenistan Ve Bati Ermenileri Sorunlari Ara\u015ftirmalar Merkezi","og_description":"Alevi kurumlar\u0131, Ankara&#8217;da pe\u015fpe\u015fe d\u00fczenlenen sald\u0131r\u0131lara ili\u015fkin \u0130zmir, Diyarbak\u0131r, Dersim, Adana, Ankara ve \u0130stanbul&#8217;da a\u00e7\u0131klama yapt\u0131. Ortak a\u00e7\u0131klamada, &#8220;sald\u0131r\u0131lar\u0131n as\u0131l amac\u0131n\u0131n \u00fclkede kaos ve \u00e7at\u0131\u015fma ortam\u0131 yaratmak oldu\u011fu&#8221; belirtildi. A\u00e7\u0131klama \u015f\u00f6yle: &#8220;Bu sald\u0131r\u0131lar\u0131n daha b\u00fcy\u00fck ve ac\u0131 bir sonuca varmamas\u0131 i\u00e7in ba\u015fta demokrasi g\u00fc\u00e7leri olmak \u00fczere herkese g\u00f6rev d\u00fc\u015fmektedir. Canlar\u0131m\u0131za, Cemevlerimize, ve kurumlar\u0131m\u0131za sald\u0131ranlar, bu [&hellip;]","og_url":"https:\/\/akunq.net\/tr\/?p=69510","og_site_name":"Bati Ermenistan Ve Bati Ermenileri Sorunlari Ara\u015ftirmalar Merkezi","article_published_time":"2022-08-02T06:32:30+00:00","og_image":[{"width":800,"height":411,"url":"https:\/\/akunq.net\/tr\/wp-content\/uploads\/sites\/6\/2022\/08\/Alevi-kurumlarindan-aciklama.jpeg","type":"image\/jpeg"}],"author":"admin","twitter_card":"summary_large_image","twitter_misc":{"Written by":"admin","Est. reading time":"2 minutes"},"schema":{"@context":"https:\/\/schema.org","@graph":[{"@type":"Article","@id":"https:\/\/akunq.net\/tr\/?p=69510#article","isPartOf":{"@id":"https:\/\/akunq.net\/tr\/?p=69510"},"author":{"name":"admin","@id":"https:\/\/akunq.net\/tr\/#\/schema\/person\/096f1d38a12cce57fb855b485ed24c9e"},"headline":"Alevi kurumlar\u0131ndan a\u00e7\u0131klama: Ama\u00e7 \u00e7at\u0131\u015fma ortam\u0131 yaratmak","datePublished":"2022-08-02T06:32:30+00:00","mainEntityOfPage":{"@id":"https:\/\/akunq.net\/tr\/?p=69510"},"wordCount":475,"commentCount":0,"image":{"@id":"https:\/\/akunq.net\/tr\/?p=69510#primaryimage"},"thumbnailUrl":"https:\/\/akunq.net\/tr\/wp-content\/uploads\/sites\/6\/2022\/08\/Alevi-kurumlarindan-aciklama.jpeg","articleSection":["Haberler","T\u00fcrkiye\u2019de Az\u0131nl\u0131klar"],"inLanguage":"en-US","potentialAction":[{"@type":"CommentAction","name":"Comment","target":["https:\/\/akunq.net\/tr\/?p=69510#respond"]}]},{"@type":"WebPage","@id":"https:\/\/akunq.net\/tr\/?p=69510","url":"https:\/\/akunq.net\/tr\/?p=69510","name":"Alevi kurumlar\u0131ndan a\u00e7\u0131klama: Ama\u00e7 \u00e7at\u0131\u015fma ortam\u0131 yaratmak - Bati Ermenistan Ve Bati Ermenileri Sorunlari Ara\u015ftirmalar Merkezi","isPartOf":{"@id":"https:\/\/akunq.net\/tr\/#website"},"primaryImageOfPage":{"@id":"https:\/\/akunq.net\/tr\/?p=69510#primaryimage"},"image":{"@id":"https:\/\/akunq.net\/tr\/?p=69510#primaryimage"},"thumbnailUrl":"https:\/\/akunq.net\/tr\/wp-content\/uploads\/sites\/6\/2022\/08\/Alevi-kurumlarindan-aciklama.jpeg","datePublished":"2022-08-02T06:32:30+00:00","author":{"@id":"https:\/\/akunq.net\/tr\/#\/schema\/person\/096f1d38a12cce57fb855b485ed24c9e"},"breadcrumb":{"@id":"https:\/\/akunq.net\/tr\/?p=69510#breadcrumb"},"inLanguage":"en-US","potentialAction":[{"@type":"ReadAction","target":["https:\/\/akunq.net\/tr\/?p=69510"]}]},{"@type":"ImageObject","inLanguage":"en-US","@id":"https:\/\/akunq.net\/tr\/?p=69510#primaryimage","url":"https:\/\/akunq.net\/tr\/wp-content\/uploads\/sites\/6\/2022\/08\/Alevi-kurumlarindan-aciklama.jpeg","contentUrl":"https:\/\/akunq.net\/tr\/wp-content\/uploads\/sites\/6\/2022\/08\/Alevi-kurumlarindan-aciklama.jpeg","width":800,"height":411},{"@type":"BreadcrumbList","@id":"https:\/\/akunq.net\/tr\/?p=69510#breadcrumb","itemListElement":[{"@type":"ListItem","position":1,"name":"Home","item":"https:\/\/akunq.net\/tr"},{"@type":"ListItem","position":2,"name":"Alevi kurumlar\u0131ndan a\u00e7\u0131klama: Ama\u00e7 \u00e7at\u0131\u015fma ortam\u0131 yaratmak"}]},{"@type":"WebSite","@id":"https:\/\/akunq.net\/tr\/#website","url":"https:\/\/akunq.net\/tr\/","name":"Bati Ermenistan Ve Bati Ermenileri Sorunlari Ara\u015ftirmalar Merkezi","description":"","potentialAction":[{"@type":"SearchAction","target":{"@type":"EntryPoint","urlTemplate":"https:\/\/akunq.net\/tr\/?s={search_term_string}"},"query-input":{"@type":"PropertyValueSpecification","valueRequired":true,"valueName":"search_term_string"}}],"inLanguage":"en-US"},{"@type":"Person","@id":"https:\/\/akunq.net\/tr\/#\/schema\/person\/096f1d38a12cce57fb855b485ed24c9e","name":"admin","url":"https:\/\/akunq.net\/tr\/?author=7"}]}},"_links":{"self":[{"href":"https:\/\/akunq.net\/tr\/index.php?rest_route=\/wp\/v2\/posts\/69510","targetHints":{"allow":["GET"]}}],"collection":[{"href":"https:\/\/akunq.net\/tr\/index.php?rest_route=\/wp\/v2\/posts"}],"about":[{"href":"https:\/\/akunq.net\/tr\/index.php?rest_route=\/wp\/v2\/types\/post"}],"author":[{"embeddable":true,"href":"https:\/\/akunq.net\/tr\/index.php?rest_route=\/wp\/v2\/users\/7"}],"replies":[{"embeddable":true,"href":"https:\/\/akunq.net\/tr\/index.php?rest_route=%2Fwp%2Fv2%2Fcomments&post=69510"}],"version-history":[{"count":1,"href":"https:\/\/akunq.net\/tr\/index.php?rest_route=\/wp\/v2\/posts\/69510\/revisions"}],"predecessor-version":[{"id":69512,"href":"https:\/\/akunq.net\/tr\/index.php?rest_route=\/wp\/v2\/posts\/69510\/revisions\/69512"}],"wp:featuredmedia":[{"embeddable":true,"href":"https:\/\/akunq.net\/tr\/index.php?rest_route=\/wp\/v2\/media\/69511"}],"wp:attachment":[{"href":"https:\/\/akunq.net\/tr\/index.php?rest_route=%2Fwp%2Fv2%2Fmedia&parent=69510"}],"wp:term":[{"taxonomy":"category","embeddable":true,"href":"https:\/\/akunq.net\/tr\/index.php?rest_route=%2Fwp%2Fv2%2Fcategories&post=69510"},{"taxonomy":"post_tag","embeddable":true,"href":"https:\/\/akunq.net\/tr\/index.php?rest_route=%2Fwp%2Fv2%2Ftags&post=69510"}],"curies":[{"name":"wp","href":"https:\/\/api.w.org\/{rel}","templated":true}]}}