{"id":69507,"date":"2022-08-02T01:16:40","date_gmt":"2022-08-02T06:16:40","guid":{"rendered":"https:\/\/akunq.net\/tr\/?p=69507"},"modified":"2022-08-02T01:16:40","modified_gmt":"2022-08-02T06:16:40","slug":"syunikte-ermeni-iran-festivali-duzenlenecek","status":"publish","type":"post","link":"https:\/\/akunq.net\/tr\/?p=69507","title":{"rendered":"Syunik&#8217;te Ermeni-\u0130ran festivali d\u00fczenlenecek"},"content":{"rendered":"<div class=\"html-content\">\n<p><img loading=\"lazy\" decoding=\"async\" class=\"aligncenter size-medium wp-image-69508\" src=\"https:\/\/akunq.net\/tr\/wp-content\/uploads\/2022\/08\/Syunikte-Ermeni-Iran-festivali-360x203.jpg\" alt=\"\" width=\"360\" height=\"203\" srcset=\"https:\/\/akunq.net\/tr\/wp-content\/uploads\/sites\/6\/2022\/08\/Syunikte-Ermeni-Iran-festivali-360x203.jpg 360w, https:\/\/akunq.net\/tr\/wp-content\/uploads\/sites\/6\/2022\/08\/Syunikte-Ermeni-Iran-festivali-768x432.jpg 768w, https:\/\/akunq.net\/tr\/wp-content\/uploads\/sites\/6\/2022\/08\/Syunikte-Ermeni-Iran-festivali-1536x864.jpg 1536w, https:\/\/akunq.net\/tr\/wp-content\/uploads\/sites\/6\/2022\/08\/Syunikte-Ermeni-Iran-festivali-560x315.jpg 560w, https:\/\/akunq.net\/tr\/wp-content\/uploads\/sites\/6\/2022\/08\/Syunikte-Ermeni-Iran-festivali-260x146.jpg 260w, https:\/\/akunq.net\/tr\/wp-content\/uploads\/sites\/6\/2022\/08\/Syunikte-Ermeni-Iran-festivali-160x90.jpg 160w, https:\/\/akunq.net\/tr\/wp-content\/uploads\/sites\/6\/2022\/08\/Syunikte-Ermeni-Iran-festivali.jpg 1920w\" sizes=\"auto, (max-width: 360px) 100vw, 360px\" \/><\/p>\n<p><em><strong>10-11 A\u011fustos tarihlerinde Ermenistan\u2019\u0131n Syunik idari b\u00f6lgesindeki Sisian \u015fehrinde &#8220;Navasard&#8221; ba\u015fl\u0131kl\u0131 \u00a0Ermeni-\u0130ran k\u00fclt\u00fcr ve mutfak festivali d\u00fczenlenecek.<\/strong><\/em><\/p>\n<p>Festivalin iki g\u00fcn s\u00fcrmesi planlan\u0131yor. \u0130lk g\u00fcn festivale kat\u0131lan Ermeni ve \u0130ranl\u0131 ekipler, pavyonlarda Urartu &#8211; Ahameni\u015f d\u00f6neminden ba\u015flayarak mutfaklar\u0131n\u0131n \u00e7e\u015fitlili\u011fini ve tarihini haz\u0131rlay\u0131p sunacak. K\u00fclt\u00fcr ve m\u00fczik alanlar\u0131nda \u015fark\u0131 s\u00f6yleme, dans etme, m\u00fczik, sanat eserleri, el sanatlar\u0131 sunulmaktad\u0131r.<\/p>\n<p>Festivalin bu b\u00f6l\u00fcmlerinden evvel, kat\u0131lan tak\u0131mlar aras\u0131nda farkl\u0131 kategorilerde bir yar\u0131\u015fma d\u00fczenlenir ve festivalin sonunda bir \u00f6d\u00fcl t\u00f6reni yap\u0131l\u0131r.<\/p>\n<p>Ertesi g\u00fcn 11 A\u011fustos saat 03:00-05:00 aras\u0131nda y\u0131ld\u0131z g\u00f6zlemi i\u00e7in &#8220;Zorats Karer yerle\u015fimi&#8221; tarihi ve k\u00fclt\u00fcrel rezervine bir ziyaret s\u0131ras\u0131nda Yayl\u0131 \u00e7alg\u0131lar d\u00f6rtl\u00fcs\u00fc Ermeni klasik m\u00fczi\u011fi de seslendirecek . \u201cHayk\u201d tak\u0131my\u0131ld\u0131z\u0131n\u0131n do\u011fdu\u011fu s\u0131ras\u0131nda saat 04:00&#8217;te Komitas Vardapet\u2019in \u201cTurna\u201d eseri kemanla \u00e7al\u0131nacak.<\/p>\n<\/div>\n<div class=\"current-author fl cb\"><strong><em><a class=\"a-none\" href=\"https:\/\/www.ermenihaber.am\/tr\/news\/2022\/08\/01\/Ermenistan-Syunik-%C4%B0ran-festival\/234930\">Ermenihaber.am<\/a><\/em><\/strong><\/div>\n<div class=\"cb\"><\/div>\n<div class=\"current-socials\">\n<div id=\"st-1\" class=\"sharethis-inline-share-buttons st-left  st-inline-share-buttons st-animated\">\n<div class=\"st-btn st-first\" data-network=\"facebook\"><\/div>\n<div class=\"st-btn\" data-network=\"twitter\"><\/div>\n<div class=\"st-btn\" data-network=\"pinterest\"><\/div>\n<div class=\"st-btn\" data-network=\"email\"><\/div>\n<div class=\"st-btn st-last\" data-network=\"sharethis\"><\/div>\n<\/div>\n<\/div>\n","protected":false},"excerpt":{"rendered":"<p>10-11 A\u011fustos tarihlerinde Ermenistan\u2019\u0131n Syunik idari b\u00f6lgesindeki Sisian \u015fehrinde &#8220;Navasard&#8221; ba\u015fl\u0131kl\u0131 \u00a0Ermeni-\u0130ran k\u00fclt\u00fcr ve mutfak festivali d\u00fczenlenecek. Festivalin iki g\u00fcn s\u00fcrmesi planlan\u0131yor. \u0130lk g\u00fcn festivale kat\u0131lan Ermeni ve \u0130ranl\u0131 ekipler, pavyonlarda Urartu &#8211; Ahameni\u015f d\u00f6neminden ba\u015flayarak mutfaklar\u0131n\u0131n \u00e7e\u015fitlili\u011fini ve tarihini haz\u0131rlay\u0131p sunacak. K\u00fclt\u00fcr ve m\u00fczik alanlar\u0131nda \u015fark\u0131 s\u00f6yleme, dans etme, m\u00fczik, sanat eserleri, el sanatlar\u0131 [&hellip;]<\/p>\n","protected":false},"author":7,"featured_media":69508,"comment_status":"open","ping_status":"open","sticky":false,"template":"","format":"standard","meta":{"footnotes":""},"categories":[1],"tags":[],"class_list":["post-69507","post","type-post","status-publish","format-standard","has-post-thumbnail","hentry","category-haberler"],"yoast_head":"<!-- This site is optimized with the Yoast SEO plugin v27.4 - https:\/\/yoast.com\/product\/yoast-seo-wordpress\/ -->\n<title>Syunik&#039;te Ermeni-\u0130ran festivali d\u00fczenlenecek - Bati Ermenistan Ve Bati Ermenileri Sorunlari Ara\u015ftirmalar Merkezi<\/title>\n<meta name=\"robots\" content=\"index, follow, max-snippet:-1, max-image-preview:large, max-video-preview:-1\" \/>\n<link rel=\"canonical\" href=\"https:\/\/akunq.net\/tr\/?p=69507\" \/>\n<meta property=\"og:locale\" content=\"en_US\" \/>\n<meta property=\"og:type\" content=\"article\" \/>\n<meta property=\"og:title\" content=\"Syunik&#039;te Ermeni-\u0130ran festivali d\u00fczenlenecek - Bati Ermenistan Ve Bati Ermenileri Sorunlari Ara\u015ftirmalar Merkezi\" \/>\n<meta property=\"og:description\" content=\"10-11 A\u011fustos tarihlerinde Ermenistan\u2019\u0131n Syunik idari b\u00f6lgesindeki Sisian \u015fehrinde &#8220;Navasard&#8221; ba\u015fl\u0131kl\u0131 \u00a0Ermeni-\u0130ran k\u00fclt\u00fcr ve mutfak festivali d\u00fczenlenecek. Festivalin iki g\u00fcn s\u00fcrmesi planlan\u0131yor. \u0130lk g\u00fcn festivale kat\u0131lan Ermeni ve \u0130ranl\u0131 ekipler, pavyonlarda Urartu &#8211; Ahameni\u015f d\u00f6neminden ba\u015flayarak mutfaklar\u0131n\u0131n \u00e7e\u015fitlili\u011fini ve tarihini haz\u0131rlay\u0131p sunacak. K\u00fclt\u00fcr ve m\u00fczik alanlar\u0131nda \u015fark\u0131 s\u00f6yleme, dans etme, m\u00fczik, sanat eserleri, el sanatlar\u0131 [&hellip;]\" \/>\n<meta property=\"og:url\" content=\"https:\/\/akunq.net\/tr\/?p=69507\" \/>\n<meta property=\"og:site_name\" content=\"Bati Ermenistan Ve Bati Ermenileri Sorunlari Ara\u015ftirmalar Merkezi\" \/>\n<meta property=\"article:published_time\" content=\"2022-08-02T06:16:40+00:00\" \/>\n<meta property=\"og:image\" content=\"https:\/\/akunq.net\/tr\/wp-content\/uploads\/sites\/6\/2022\/08\/Syunikte-Ermeni-Iran-festivali.jpg\" \/>\n\t<meta property=\"og:image:width\" content=\"1920\" \/>\n\t<meta property=\"og:image:height\" content=\"1080\" \/>\n\t<meta property=\"og:image:type\" content=\"image\/jpeg\" \/>\n<meta name=\"author\" content=\"admin\" \/>\n<meta name=\"twitter:card\" content=\"summary_large_image\" \/>\n<meta name=\"twitter:label1\" content=\"Written by\" \/>\n\t<meta name=\"twitter:data1\" content=\"admin\" \/>\n\t<meta name=\"twitter:label2\" content=\"Est. reading time\" \/>\n\t<meta name=\"twitter:data2\" content=\"1 minute\" \/>\n<script type=\"application\/ld+json\" class=\"yoast-schema-graph\">{\"@context\":\"https:\\\/\\\/schema.org\",\"@graph\":[{\"@type\":\"Article\",\"@id\":\"https:\\\/\\\/akunq.net\\\/tr\\\/?p=69507#article\",\"isPartOf\":{\"@id\":\"https:\\\/\\\/akunq.net\\\/tr\\\/?p=69507\"},\"author\":{\"name\":\"admin\",\"@id\":\"https:\\\/\\\/akunq.net\\\/tr\\\/#\\\/schema\\\/person\\\/096f1d38a12cce57fb855b485ed24c9e\"},\"headline\":\"Syunik&#8217;te Ermeni-\u0130ran festivali d\u00fczenlenecek\",\"datePublished\":\"2022-08-02T06:16:40+00:00\",\"mainEntityOfPage\":{\"@id\":\"https:\\\/\\\/akunq.net\\\/tr\\\/?p=69507\"},\"wordCount\":190,\"commentCount\":0,\"image\":{\"@id\":\"https:\\\/\\\/akunq.net\\\/tr\\\/?p=69507#primaryimage\"},\"thumbnailUrl\":\"https:\\\/\\\/akunq.net\\\/tr\\\/wp-content\\\/uploads\\\/sites\\\/6\\\/2022\\\/08\\\/Syunikte-Ermeni-Iran-festivali.jpg\",\"articleSection\":[\"Haberler\"],\"inLanguage\":\"en-US\",\"potentialAction\":[{\"@type\":\"CommentAction\",\"name\":\"Comment\",\"target\":[\"https:\\\/\\\/akunq.net\\\/tr\\\/?p=69507#respond\"]}]},{\"@type\":\"WebPage\",\"@id\":\"https:\\\/\\\/akunq.net\\\/tr\\\/?p=69507\",\"url\":\"https:\\\/\\\/akunq.net\\\/tr\\\/?p=69507\",\"name\":\"Syunik'te Ermeni-\u0130ran festivali d\u00fczenlenecek - Bati Ermenistan Ve Bati Ermenileri Sorunlari Ara\u015ftirmalar Merkezi\",\"isPartOf\":{\"@id\":\"https:\\\/\\\/akunq.net\\\/tr\\\/#website\"},\"primaryImageOfPage\":{\"@id\":\"https:\\\/\\\/akunq.net\\\/tr\\\/?p=69507#primaryimage\"},\"image\":{\"@id\":\"https:\\\/\\\/akunq.net\\\/tr\\\/?p=69507#primaryimage\"},\"thumbnailUrl\":\"https:\\\/\\\/akunq.net\\\/tr\\\/wp-content\\\/uploads\\\/sites\\\/6\\\/2022\\\/08\\\/Syunikte-Ermeni-Iran-festivali.jpg\",\"datePublished\":\"2022-08-02T06:16:40+00:00\",\"author\":{\"@id\":\"https:\\\/\\\/akunq.net\\\/tr\\\/#\\\/schema\\\/person\\\/096f1d38a12cce57fb855b485ed24c9e\"},\"breadcrumb\":{\"@id\":\"https:\\\/\\\/akunq.net\\\/tr\\\/?p=69507#breadcrumb\"},\"inLanguage\":\"en-US\",\"potentialAction\":[{\"@type\":\"ReadAction\",\"target\":[\"https:\\\/\\\/akunq.net\\\/tr\\\/?p=69507\"]}]},{\"@type\":\"ImageObject\",\"inLanguage\":\"en-US\",\"@id\":\"https:\\\/\\\/akunq.net\\\/tr\\\/?p=69507#primaryimage\",\"url\":\"https:\\\/\\\/akunq.net\\\/tr\\\/wp-content\\\/uploads\\\/sites\\\/6\\\/2022\\\/08\\\/Syunikte-Ermeni-Iran-festivali.jpg\",\"contentUrl\":\"https:\\\/\\\/akunq.net\\\/tr\\\/wp-content\\\/uploads\\\/sites\\\/6\\\/2022\\\/08\\\/Syunikte-Ermeni-Iran-festivali.jpg\",\"width\":1920,\"height\":1080},{\"@type\":\"BreadcrumbList\",\"@id\":\"https:\\\/\\\/akunq.net\\\/tr\\\/?p=69507#breadcrumb\",\"itemListElement\":[{\"@type\":\"ListItem\",\"position\":1,\"name\":\"Home\",\"item\":\"https:\\\/\\\/akunq.net\\\/tr\"},{\"@type\":\"ListItem\",\"position\":2,\"name\":\"Syunik&#8217;te Ermeni-\u0130ran festivali d\u00fczenlenecek\"}]},{\"@type\":\"WebSite\",\"@id\":\"https:\\\/\\\/akunq.net\\\/tr\\\/#website\",\"url\":\"https:\\\/\\\/akunq.net\\\/tr\\\/\",\"name\":\"Bati Ermenistan Ve Bati Ermenileri Sorunlari Ara\u015ftirmalar Merkezi\",\"description\":\"\",\"potentialAction\":[{\"@type\":\"SearchAction\",\"target\":{\"@type\":\"EntryPoint\",\"urlTemplate\":\"https:\\\/\\\/akunq.net\\\/tr\\\/?s={search_term_string}\"},\"query-input\":{\"@type\":\"PropertyValueSpecification\",\"valueRequired\":true,\"valueName\":\"search_term_string\"}}],\"inLanguage\":\"en-US\"},{\"@type\":\"Person\",\"@id\":\"https:\\\/\\\/akunq.net\\\/tr\\\/#\\\/schema\\\/person\\\/096f1d38a12cce57fb855b485ed24c9e\",\"name\":\"admin\",\"url\":\"https:\\\/\\\/akunq.net\\\/tr\\\/?author=7\"}]}<\/script>\n<!-- \/ Yoast SEO plugin. -->","yoast_head_json":{"title":"Syunik'te Ermeni-\u0130ran festivali d\u00fczenlenecek - Bati Ermenistan Ve Bati Ermenileri Sorunlari Ara\u015ftirmalar Merkezi","robots":{"index":"index","follow":"follow","max-snippet":"max-snippet:-1","max-image-preview":"max-image-preview:large","max-video-preview":"max-video-preview:-1"},"canonical":"https:\/\/akunq.net\/tr\/?p=69507","og_locale":"en_US","og_type":"article","og_title":"Syunik'te Ermeni-\u0130ran festivali d\u00fczenlenecek - Bati Ermenistan Ve Bati Ermenileri Sorunlari Ara\u015ftirmalar Merkezi","og_description":"10-11 A\u011fustos tarihlerinde Ermenistan\u2019\u0131n Syunik idari b\u00f6lgesindeki Sisian \u015fehrinde &#8220;Navasard&#8221; ba\u015fl\u0131kl\u0131 \u00a0Ermeni-\u0130ran k\u00fclt\u00fcr ve mutfak festivali d\u00fczenlenecek. Festivalin iki g\u00fcn s\u00fcrmesi planlan\u0131yor. \u0130lk g\u00fcn festivale kat\u0131lan Ermeni ve \u0130ranl\u0131 ekipler, pavyonlarda Urartu &#8211; Ahameni\u015f d\u00f6neminden ba\u015flayarak mutfaklar\u0131n\u0131n \u00e7e\u015fitlili\u011fini ve tarihini haz\u0131rlay\u0131p sunacak. K\u00fclt\u00fcr ve m\u00fczik alanlar\u0131nda \u015fark\u0131 s\u00f6yleme, dans etme, m\u00fczik, sanat eserleri, el sanatlar\u0131 [&hellip;]","og_url":"https:\/\/akunq.net\/tr\/?p=69507","og_site_name":"Bati Ermenistan Ve Bati Ermenileri Sorunlari Ara\u015ftirmalar Merkezi","article_published_time":"2022-08-02T06:16:40+00:00","og_image":[{"width":1920,"height":1080,"url":"https:\/\/akunq.net\/tr\/wp-content\/uploads\/sites\/6\/2022\/08\/Syunikte-Ermeni-Iran-festivali.jpg","type":"image\/jpeg"}],"author":"admin","twitter_card":"summary_large_image","twitter_misc":{"Written by":"admin","Est. reading time":"1 minute"},"schema":{"@context":"https:\/\/schema.org","@graph":[{"@type":"Article","@id":"https:\/\/akunq.net\/tr\/?p=69507#article","isPartOf":{"@id":"https:\/\/akunq.net\/tr\/?p=69507"},"author":{"name":"admin","@id":"https:\/\/akunq.net\/tr\/#\/schema\/person\/096f1d38a12cce57fb855b485ed24c9e"},"headline":"Syunik&#8217;te Ermeni-\u0130ran festivali d\u00fczenlenecek","datePublished":"2022-08-02T06:16:40+00:00","mainEntityOfPage":{"@id":"https:\/\/akunq.net\/tr\/?p=69507"},"wordCount":190,"commentCount":0,"image":{"@id":"https:\/\/akunq.net\/tr\/?p=69507#primaryimage"},"thumbnailUrl":"https:\/\/akunq.net\/tr\/wp-content\/uploads\/sites\/6\/2022\/08\/Syunikte-Ermeni-Iran-festivali.jpg","articleSection":["Haberler"],"inLanguage":"en-US","potentialAction":[{"@type":"CommentAction","name":"Comment","target":["https:\/\/akunq.net\/tr\/?p=69507#respond"]}]},{"@type":"WebPage","@id":"https:\/\/akunq.net\/tr\/?p=69507","url":"https:\/\/akunq.net\/tr\/?p=69507","name":"Syunik'te Ermeni-\u0130ran festivali d\u00fczenlenecek - Bati Ermenistan Ve Bati Ermenileri Sorunlari Ara\u015ftirmalar Merkezi","isPartOf":{"@id":"https:\/\/akunq.net\/tr\/#website"},"primaryImageOfPage":{"@id":"https:\/\/akunq.net\/tr\/?p=69507#primaryimage"},"image":{"@id":"https:\/\/akunq.net\/tr\/?p=69507#primaryimage"},"thumbnailUrl":"https:\/\/akunq.net\/tr\/wp-content\/uploads\/sites\/6\/2022\/08\/Syunikte-Ermeni-Iran-festivali.jpg","datePublished":"2022-08-02T06:16:40+00:00","author":{"@id":"https:\/\/akunq.net\/tr\/#\/schema\/person\/096f1d38a12cce57fb855b485ed24c9e"},"breadcrumb":{"@id":"https:\/\/akunq.net\/tr\/?p=69507#breadcrumb"},"inLanguage":"en-US","potentialAction":[{"@type":"ReadAction","target":["https:\/\/akunq.net\/tr\/?p=69507"]}]},{"@type":"ImageObject","inLanguage":"en-US","@id":"https:\/\/akunq.net\/tr\/?p=69507#primaryimage","url":"https:\/\/akunq.net\/tr\/wp-content\/uploads\/sites\/6\/2022\/08\/Syunikte-Ermeni-Iran-festivali.jpg","contentUrl":"https:\/\/akunq.net\/tr\/wp-content\/uploads\/sites\/6\/2022\/08\/Syunikte-Ermeni-Iran-festivali.jpg","width":1920,"height":1080},{"@type":"BreadcrumbList","@id":"https:\/\/akunq.net\/tr\/?p=69507#breadcrumb","itemListElement":[{"@type":"ListItem","position":1,"name":"Home","item":"https:\/\/akunq.net\/tr"},{"@type":"ListItem","position":2,"name":"Syunik&#8217;te Ermeni-\u0130ran festivali d\u00fczenlenecek"}]},{"@type":"WebSite","@id":"https:\/\/akunq.net\/tr\/#website","url":"https:\/\/akunq.net\/tr\/","name":"Bati Ermenistan Ve Bati Ermenileri Sorunlari Ara\u015ftirmalar Merkezi","description":"","potentialAction":[{"@type":"SearchAction","target":{"@type":"EntryPoint","urlTemplate":"https:\/\/akunq.net\/tr\/?s={search_term_string}"},"query-input":{"@type":"PropertyValueSpecification","valueRequired":true,"valueName":"search_term_string"}}],"inLanguage":"en-US"},{"@type":"Person","@id":"https:\/\/akunq.net\/tr\/#\/schema\/person\/096f1d38a12cce57fb855b485ed24c9e","name":"admin","url":"https:\/\/akunq.net\/tr\/?author=7"}]}},"_links":{"self":[{"href":"https:\/\/akunq.net\/tr\/index.php?rest_route=\/wp\/v2\/posts\/69507","targetHints":{"allow":["GET"]}}],"collection":[{"href":"https:\/\/akunq.net\/tr\/index.php?rest_route=\/wp\/v2\/posts"}],"about":[{"href":"https:\/\/akunq.net\/tr\/index.php?rest_route=\/wp\/v2\/types\/post"}],"author":[{"embeddable":true,"href":"https:\/\/akunq.net\/tr\/index.php?rest_route=\/wp\/v2\/users\/7"}],"replies":[{"embeddable":true,"href":"https:\/\/akunq.net\/tr\/index.php?rest_route=%2Fwp%2Fv2%2Fcomments&post=69507"}],"version-history":[{"count":1,"href":"https:\/\/akunq.net\/tr\/index.php?rest_route=\/wp\/v2\/posts\/69507\/revisions"}],"predecessor-version":[{"id":69509,"href":"https:\/\/akunq.net\/tr\/index.php?rest_route=\/wp\/v2\/posts\/69507\/revisions\/69509"}],"wp:featuredmedia":[{"embeddable":true,"href":"https:\/\/akunq.net\/tr\/index.php?rest_route=\/wp\/v2\/media\/69508"}],"wp:attachment":[{"href":"https:\/\/akunq.net\/tr\/index.php?rest_route=%2Fwp%2Fv2%2Fmedia&parent=69507"}],"wp:term":[{"taxonomy":"category","embeddable":true,"href":"https:\/\/akunq.net\/tr\/index.php?rest_route=%2Fwp%2Fv2%2Fcategories&post=69507"},{"taxonomy":"post_tag","embeddable":true,"href":"https:\/\/akunq.net\/tr\/index.php?rest_route=%2Fwp%2Fv2%2Ftags&post=69507"}],"curies":[{"name":"wp","href":"https:\/\/api.w.org\/{rel}","templated":true}]}}