{"id":69496,"date":"2022-08-01T03:09:07","date_gmt":"2022-08-01T08:09:07","guid":{"rendered":"https:\/\/akunq.net\/tr\/?p=69496"},"modified":"2022-08-01T03:09:07","modified_gmt":"2022-08-01T08:09:07","slug":"barajin-su-seviyesi-dustu-tarihi-binalar-ortaya-cikti","status":"publish","type":"post","link":"https:\/\/akunq.net\/tr\/?p=69496","title":{"rendered":"Baraj\u0131n su seviyesi d\u00fc\u015ft\u00fc! Tarihi binalar ortaya \u00e7\u0131kt\u0131"},"content":{"rendered":"<p><img loading=\"lazy\" decoding=\"async\" class=\"aligncenter size-medium wp-image-69497\" src=\"https:\/\/akunq.net\/tr\/wp-content\/uploads\/2022\/08\/Barajin-su-seviyesi-360x202.webp\" alt=\"\" width=\"360\" height=\"202\" srcset=\"https:\/\/akunq.net\/tr\/wp-content\/uploads\/sites\/6\/2022\/08\/Barajin-su-seviyesi-360x202.webp 360w, https:\/\/akunq.net\/tr\/wp-content\/uploads\/sites\/6\/2022\/08\/Barajin-su-seviyesi-768x431.webp 768w, https:\/\/akunq.net\/tr\/wp-content\/uploads\/sites\/6\/2022\/08\/Barajin-su-seviyesi-560x315.webp 560w, https:\/\/akunq.net\/tr\/wp-content\/uploads\/sites\/6\/2022\/08\/Barajin-su-seviyesi-260x146.webp 260w, https:\/\/akunq.net\/tr\/wp-content\/uploads\/sites\/6\/2022\/08\/Barajin-su-seviyesi-160x90.webp 160w, https:\/\/akunq.net\/tr\/wp-content\/uploads\/sites\/6\/2022\/08\/Barajin-su-seviyesi.webp 1200w\" sizes=\"auto, (max-width: 360px) 100vw, 360px\" \/><\/p>\n<p><em><strong>Kars\u2019\u0131n Sar\u0131kam\u0131\u015f il\u00e7esindeki Karakurt HES Baraj\u0131\u2019nda su seviyesinin d\u00fc\u015fmesiyle daha \u00f6nce sular alt\u0131nda kalan k\u00f6y evleri ve tarihi binalar ortaya \u00e7\u0131kt\u0131.<\/strong><\/em><\/p>\n<p>\u0130l\u00e7eye 28 kilometre uzakl\u0131kta Devlet Su \u0130\u015fleri (DS\u0130) taraf\u0131ndan yap\u0131lan Karakurt HES Baraj\u0131\u2019n\u0131n tamamlan\u0131p 8 \u015eubat 2020\u2019de su tutulmaya ba\u015flamas\u0131n\u0131n ard\u0131ndan k\u00f6y, tamamen su alt\u0131nda kald\u0131.<\/p>\n<figure class=\"wp-block-image\"><img decoding=\"async\" src=\"https:\/\/i0.wp.com\/imgz.star.com.tr\/imgsdisk\/2022\/07\/31\/28541400.jpg?ssl=1\" alt=\"\" data-recalc-dims=\"1\" \/><\/figure>\n<p>B\u00f6lgede son zamanlarda havalar\u0131n s\u0131cak gitmesiyle yeterli ya\u011f\u0131\u015f\u0131 alamayan baraj\u0131n su seviyesi d\u00fc\u015f\u00fcnce, k\u00f6ydeki evler, cami, kilise ve baz\u0131 tarihi binalar g\u00fcn y\u00fcz\u00fcne \u00e7\u0131kt\u0131.<\/p>\n<figure class=\"wp-block-image\"><img decoding=\"async\" src=\"https:\/\/i0.wp.com\/imgz.star.com.tr\/imgsdisk\/2022\/07\/31\/28541404.jpg?ssl=1\" alt=\"\" data-recalc-dims=\"1\" \/><\/figure>\n<p>Vatanda\u015flar ve do\u011fa foto\u011fraf\u00e7\u0131lar\u0131 k\u00f6y\u00fc ziyaret etti. G\u00f6r\u00fcn\u00fcr hale gelen yap\u0131lar, dron ile g\u00f6r\u00fcnt\u00fclendi.<\/p>\n<figure class=\"wp-block-image\"><img decoding=\"async\" src=\"https:\/\/i0.wp.com\/imgz.star.com.tr\/imgsdisk\/2022\/07\/31\/28541413.jpg?ssl=1\" alt=\"\" data-recalc-dims=\"1\" \/><\/figure>\n<p>Amat\u00f6r foto\u011fraf\u00e7\u0131 Ayhan Sazak, AA muhabirine, \u0130stanbul\u2019dan Kars\u2019a foto\u011fraf \u00e7ekmek i\u00e7in geldi\u011fini ve \u00e7ok ilgin\u00e7 g\u00f6r\u00fcnt\u00fclerle kar\u015f\u0131la\u015ft\u0131\u011f\u0131n\u0131 s\u00f6yledi.<\/p>\n<figure class=\"wp-block-image\"><img decoding=\"async\" src=\"https:\/\/i0.wp.com\/imgz.star.com.tr\/imgsdisk\/2022\/07\/31\/28541414.jpg?ssl=1\" alt=\"\" data-recalc-dims=\"1\" \/><\/figure>\n<p>Sazak, Kars b\u00f6lgesinin muhte\u015fem do\u011fas\u0131 oldu\u011funu belirterek, \u201cDaha \u00f6nce geldi\u011fimizde buralar komple su alt\u0131ndayd\u0131. \u015eu anda sular geri \u00e7ekilmi\u015f k\u00f6y g\u00f6r\u00fcn\u00fcyor. Biz de bu \u015fekilde foto\u011frafl\u0131yoruz. Kiliseyi, tarihi binalar\u0131 \u00e7ektik.\u201d ifadesini kulland\u0131.<\/p>\n<figure class=\"wp-block-image\"><img decoding=\"async\" src=\"https:\/\/i0.wp.com\/imgz.star.com.tr\/imgsdisk\/2022\/07\/31\/28541417.jpg?ssl=1\" alt=\"\" data-recalc-dims=\"1\" \/><\/figure>\n<figure class=\"wp-block-image\"><img decoding=\"async\" src=\"https:\/\/i0.wp.com\/imgz.star.com.tr\/imgsdisk\/2022\/07\/31\/28541415.jpg?ssl=1\" alt=\"\" data-recalc-dims=\"1\" \/><\/figure>\n<p><em><strong><a href=\"https:\/\/www.star.com.tr\/yasam\/barajin-su-seviyesi-dustu-tarihi-binalar-ortaya-cikti-haber-1728106\/\">https:\/\/www.star.com.tr\/yasam\/barajin-su-seviyesi-dustu-tarihi-binalar-ortaya-cikti-haber-1728106\/<\/a>\u00a0<\/strong><\/em><\/p>\n","protected":false},"excerpt":{"rendered":"<p>Kars\u2019\u0131n Sar\u0131kam\u0131\u015f il\u00e7esindeki Karakurt HES Baraj\u0131\u2019nda su seviyesinin d\u00fc\u015fmesiyle daha \u00f6nce sular alt\u0131nda kalan k\u00f6y evleri ve tarihi binalar ortaya \u00e7\u0131kt\u0131. \u0130l\u00e7eye 28 kilometre uzakl\u0131kta Devlet Su \u0130\u015fleri (DS\u0130) taraf\u0131ndan yap\u0131lan Karakurt HES Baraj\u0131\u2019n\u0131n tamamlan\u0131p 8 \u015eubat 2020\u2019de su tutulmaya ba\u015flamas\u0131n\u0131n ard\u0131ndan k\u00f6y, tamamen su alt\u0131nda kald\u0131. B\u00f6lgede son zamanlarda havalar\u0131n s\u0131cak gitmesiyle yeterli ya\u011f\u0131\u015f\u0131 [&hellip;]<\/p>\n","protected":false},"author":7,"featured_media":69497,"comment_status":"open","ping_status":"open","sticky":false,"template":"","format":"standard","meta":{"footnotes":""},"categories":[22,1],"tags":[],"class_list":["post-69496","post","type-post","status-publish","format-standard","has-post-thumbnail","hentry","category-gunumuzde-bati-ermenistan","category-haberler"],"yoast_head":"<!-- This site is optimized with the Yoast SEO plugin v27.4 - https:\/\/yoast.com\/product\/yoast-seo-wordpress\/ -->\n<title>Baraj\u0131n su seviyesi d\u00fc\u015ft\u00fc! Tarihi binalar ortaya \u00e7\u0131kt\u0131 - Bati Ermenistan Ve Bati Ermenileri Sorunlari Ara\u015ftirmalar Merkezi<\/title>\n<meta name=\"robots\" content=\"index, follow, max-snippet:-1, max-image-preview:large, max-video-preview:-1\" \/>\n<link rel=\"canonical\" href=\"https:\/\/akunq.net\/tr\/?p=69496\" \/>\n<meta property=\"og:locale\" content=\"en_US\" \/>\n<meta property=\"og:type\" content=\"article\" \/>\n<meta property=\"og:title\" content=\"Baraj\u0131n su seviyesi d\u00fc\u015ft\u00fc! Tarihi binalar ortaya \u00e7\u0131kt\u0131 - Bati Ermenistan Ve Bati Ermenileri Sorunlari Ara\u015ftirmalar Merkezi\" \/>\n<meta property=\"og:description\" content=\"Kars\u2019\u0131n Sar\u0131kam\u0131\u015f il\u00e7esindeki Karakurt HES Baraj\u0131\u2019nda su seviyesinin d\u00fc\u015fmesiyle daha \u00f6nce sular alt\u0131nda kalan k\u00f6y evleri ve tarihi binalar ortaya \u00e7\u0131kt\u0131. \u0130l\u00e7eye 28 kilometre uzakl\u0131kta Devlet Su \u0130\u015fleri (DS\u0130) taraf\u0131ndan yap\u0131lan Karakurt HES Baraj\u0131\u2019n\u0131n tamamlan\u0131p 8 \u015eubat 2020\u2019de su tutulmaya ba\u015flamas\u0131n\u0131n ard\u0131ndan k\u00f6y, tamamen su alt\u0131nda kald\u0131. B\u00f6lgede son zamanlarda havalar\u0131n s\u0131cak gitmesiyle yeterli ya\u011f\u0131\u015f\u0131 [&hellip;]\" \/>\n<meta property=\"og:url\" content=\"https:\/\/akunq.net\/tr\/?p=69496\" \/>\n<meta property=\"og:site_name\" content=\"Bati Ermenistan Ve Bati Ermenileri Sorunlari Ara\u015ftirmalar Merkezi\" \/>\n<meta property=\"article:published_time\" content=\"2022-08-01T08:09:07+00:00\" \/>\n<meta property=\"og:image\" content=\"https:\/\/akunq.net\/tr\/wp-content\/uploads\/sites\/6\/2022\/08\/Barajin-su-seviyesi.webp\" \/>\n\t<meta property=\"og:image:width\" content=\"1200\" \/>\n\t<meta property=\"og:image:height\" content=\"674\" \/>\n\t<meta property=\"og:image:type\" content=\"image\/webp\" \/>\n<meta name=\"author\" content=\"admin\" \/>\n<meta name=\"twitter:card\" content=\"summary_large_image\" \/>\n<meta name=\"twitter:label1\" content=\"Written by\" \/>\n\t<meta name=\"twitter:data1\" content=\"admin\" \/>\n\t<meta name=\"twitter:label2\" content=\"Est. reading time\" \/>\n\t<meta name=\"twitter:data2\" content=\"1 minute\" \/>\n<script type=\"application\/ld+json\" class=\"yoast-schema-graph\">{\"@context\":\"https:\\\/\\\/schema.org\",\"@graph\":[{\"@type\":\"Article\",\"@id\":\"https:\\\/\\\/akunq.net\\\/tr\\\/?p=69496#article\",\"isPartOf\":{\"@id\":\"https:\\\/\\\/akunq.net\\\/tr\\\/?p=69496\"},\"author\":{\"name\":\"admin\",\"@id\":\"https:\\\/\\\/akunq.net\\\/tr\\\/#\\\/schema\\\/person\\\/096f1d38a12cce57fb855b485ed24c9e\"},\"headline\":\"Baraj\u0131n su seviyesi d\u00fc\u015ft\u00fc! Tarihi binalar ortaya \u00e7\u0131kt\u0131\",\"datePublished\":\"2022-08-01T08:09:07+00:00\",\"mainEntityOfPage\":{\"@id\":\"https:\\\/\\\/akunq.net\\\/tr\\\/?p=69496\"},\"wordCount\":217,\"commentCount\":0,\"image\":{\"@id\":\"https:\\\/\\\/akunq.net\\\/tr\\\/?p=69496#primaryimage\"},\"thumbnailUrl\":\"https:\\\/\\\/akunq.net\\\/tr\\\/wp-content\\\/uploads\\\/sites\\\/6\\\/2022\\\/08\\\/Barajin-su-seviyesi.webp\",\"articleSection\":[\"G\u00fcn\u00fcm\u00fczde Bat\u0131 Ermenistan\",\"Haberler\"],\"inLanguage\":\"en-US\",\"potentialAction\":[{\"@type\":\"CommentAction\",\"name\":\"Comment\",\"target\":[\"https:\\\/\\\/akunq.net\\\/tr\\\/?p=69496#respond\"]}]},{\"@type\":\"WebPage\",\"@id\":\"https:\\\/\\\/akunq.net\\\/tr\\\/?p=69496\",\"url\":\"https:\\\/\\\/akunq.net\\\/tr\\\/?p=69496\",\"name\":\"Baraj\u0131n su seviyesi d\u00fc\u015ft\u00fc! Tarihi binalar ortaya \u00e7\u0131kt\u0131 - Bati Ermenistan Ve Bati Ermenileri Sorunlari Ara\u015ftirmalar Merkezi\",\"isPartOf\":{\"@id\":\"https:\\\/\\\/akunq.net\\\/tr\\\/#website\"},\"primaryImageOfPage\":{\"@id\":\"https:\\\/\\\/akunq.net\\\/tr\\\/?p=69496#primaryimage\"},\"image\":{\"@id\":\"https:\\\/\\\/akunq.net\\\/tr\\\/?p=69496#primaryimage\"},\"thumbnailUrl\":\"https:\\\/\\\/akunq.net\\\/tr\\\/wp-content\\\/uploads\\\/sites\\\/6\\\/2022\\\/08\\\/Barajin-su-seviyesi.webp\",\"datePublished\":\"2022-08-01T08:09:07+00:00\",\"author\":{\"@id\":\"https:\\\/\\\/akunq.net\\\/tr\\\/#\\\/schema\\\/person\\\/096f1d38a12cce57fb855b485ed24c9e\"},\"breadcrumb\":{\"@id\":\"https:\\\/\\\/akunq.net\\\/tr\\\/?p=69496#breadcrumb\"},\"inLanguage\":\"en-US\",\"potentialAction\":[{\"@type\":\"ReadAction\",\"target\":[\"https:\\\/\\\/akunq.net\\\/tr\\\/?p=69496\"]}]},{\"@type\":\"ImageObject\",\"inLanguage\":\"en-US\",\"@id\":\"https:\\\/\\\/akunq.net\\\/tr\\\/?p=69496#primaryimage\",\"url\":\"https:\\\/\\\/akunq.net\\\/tr\\\/wp-content\\\/uploads\\\/sites\\\/6\\\/2022\\\/08\\\/Barajin-su-seviyesi.webp\",\"contentUrl\":\"https:\\\/\\\/akunq.net\\\/tr\\\/wp-content\\\/uploads\\\/sites\\\/6\\\/2022\\\/08\\\/Barajin-su-seviyesi.webp\",\"width\":1200,\"height\":674},{\"@type\":\"BreadcrumbList\",\"@id\":\"https:\\\/\\\/akunq.net\\\/tr\\\/?p=69496#breadcrumb\",\"itemListElement\":[{\"@type\":\"ListItem\",\"position\":1,\"name\":\"Home\",\"item\":\"https:\\\/\\\/akunq.net\\\/tr\"},{\"@type\":\"ListItem\",\"position\":2,\"name\":\"Baraj\u0131n su seviyesi d\u00fc\u015ft\u00fc! Tarihi binalar ortaya \u00e7\u0131kt\u0131\"}]},{\"@type\":\"WebSite\",\"@id\":\"https:\\\/\\\/akunq.net\\\/tr\\\/#website\",\"url\":\"https:\\\/\\\/akunq.net\\\/tr\\\/\",\"name\":\"Bati Ermenistan Ve Bati Ermenileri Sorunlari Ara\u015ftirmalar Merkezi\",\"description\":\"\",\"potentialAction\":[{\"@type\":\"SearchAction\",\"target\":{\"@type\":\"EntryPoint\",\"urlTemplate\":\"https:\\\/\\\/akunq.net\\\/tr\\\/?s={search_term_string}\"},\"query-input\":{\"@type\":\"PropertyValueSpecification\",\"valueRequired\":true,\"valueName\":\"search_term_string\"}}],\"inLanguage\":\"en-US\"},{\"@type\":\"Person\",\"@id\":\"https:\\\/\\\/akunq.net\\\/tr\\\/#\\\/schema\\\/person\\\/096f1d38a12cce57fb855b485ed24c9e\",\"name\":\"admin\",\"url\":\"https:\\\/\\\/akunq.net\\\/tr\\\/?author=7\"}]}<\/script>\n<!-- \/ Yoast SEO plugin. -->","yoast_head_json":{"title":"Baraj\u0131n su seviyesi d\u00fc\u015ft\u00fc! Tarihi binalar ortaya \u00e7\u0131kt\u0131 - Bati Ermenistan Ve Bati Ermenileri Sorunlari Ara\u015ftirmalar Merkezi","robots":{"index":"index","follow":"follow","max-snippet":"max-snippet:-1","max-image-preview":"max-image-preview:large","max-video-preview":"max-video-preview:-1"},"canonical":"https:\/\/akunq.net\/tr\/?p=69496","og_locale":"en_US","og_type":"article","og_title":"Baraj\u0131n su seviyesi d\u00fc\u015ft\u00fc! Tarihi binalar ortaya \u00e7\u0131kt\u0131 - Bati Ermenistan Ve Bati Ermenileri Sorunlari Ara\u015ftirmalar Merkezi","og_description":"Kars\u2019\u0131n Sar\u0131kam\u0131\u015f il\u00e7esindeki Karakurt HES Baraj\u0131\u2019nda su seviyesinin d\u00fc\u015fmesiyle daha \u00f6nce sular alt\u0131nda kalan k\u00f6y evleri ve tarihi binalar ortaya \u00e7\u0131kt\u0131. \u0130l\u00e7eye 28 kilometre uzakl\u0131kta Devlet Su \u0130\u015fleri (DS\u0130) taraf\u0131ndan yap\u0131lan Karakurt HES Baraj\u0131\u2019n\u0131n tamamlan\u0131p 8 \u015eubat 2020\u2019de su tutulmaya ba\u015flamas\u0131n\u0131n ard\u0131ndan k\u00f6y, tamamen su alt\u0131nda kald\u0131. B\u00f6lgede son zamanlarda havalar\u0131n s\u0131cak gitmesiyle yeterli ya\u011f\u0131\u015f\u0131 [&hellip;]","og_url":"https:\/\/akunq.net\/tr\/?p=69496","og_site_name":"Bati Ermenistan Ve Bati Ermenileri Sorunlari Ara\u015ftirmalar Merkezi","article_published_time":"2022-08-01T08:09:07+00:00","og_image":[{"width":1200,"height":674,"url":"https:\/\/akunq.net\/tr\/wp-content\/uploads\/sites\/6\/2022\/08\/Barajin-su-seviyesi.webp","type":"image\/webp"}],"author":"admin","twitter_card":"summary_large_image","twitter_misc":{"Written by":"admin","Est. reading time":"1 minute"},"schema":{"@context":"https:\/\/schema.org","@graph":[{"@type":"Article","@id":"https:\/\/akunq.net\/tr\/?p=69496#article","isPartOf":{"@id":"https:\/\/akunq.net\/tr\/?p=69496"},"author":{"name":"admin","@id":"https:\/\/akunq.net\/tr\/#\/schema\/person\/096f1d38a12cce57fb855b485ed24c9e"},"headline":"Baraj\u0131n su seviyesi d\u00fc\u015ft\u00fc! Tarihi binalar ortaya \u00e7\u0131kt\u0131","datePublished":"2022-08-01T08:09:07+00:00","mainEntityOfPage":{"@id":"https:\/\/akunq.net\/tr\/?p=69496"},"wordCount":217,"commentCount":0,"image":{"@id":"https:\/\/akunq.net\/tr\/?p=69496#primaryimage"},"thumbnailUrl":"https:\/\/akunq.net\/tr\/wp-content\/uploads\/sites\/6\/2022\/08\/Barajin-su-seviyesi.webp","articleSection":["G\u00fcn\u00fcm\u00fczde Bat\u0131 Ermenistan","Haberler"],"inLanguage":"en-US","potentialAction":[{"@type":"CommentAction","name":"Comment","target":["https:\/\/akunq.net\/tr\/?p=69496#respond"]}]},{"@type":"WebPage","@id":"https:\/\/akunq.net\/tr\/?p=69496","url":"https:\/\/akunq.net\/tr\/?p=69496","name":"Baraj\u0131n su seviyesi d\u00fc\u015ft\u00fc! Tarihi binalar ortaya \u00e7\u0131kt\u0131 - Bati Ermenistan Ve Bati Ermenileri Sorunlari Ara\u015ftirmalar Merkezi","isPartOf":{"@id":"https:\/\/akunq.net\/tr\/#website"},"primaryImageOfPage":{"@id":"https:\/\/akunq.net\/tr\/?p=69496#primaryimage"},"image":{"@id":"https:\/\/akunq.net\/tr\/?p=69496#primaryimage"},"thumbnailUrl":"https:\/\/akunq.net\/tr\/wp-content\/uploads\/sites\/6\/2022\/08\/Barajin-su-seviyesi.webp","datePublished":"2022-08-01T08:09:07+00:00","author":{"@id":"https:\/\/akunq.net\/tr\/#\/schema\/person\/096f1d38a12cce57fb855b485ed24c9e"},"breadcrumb":{"@id":"https:\/\/akunq.net\/tr\/?p=69496#breadcrumb"},"inLanguage":"en-US","potentialAction":[{"@type":"ReadAction","target":["https:\/\/akunq.net\/tr\/?p=69496"]}]},{"@type":"ImageObject","inLanguage":"en-US","@id":"https:\/\/akunq.net\/tr\/?p=69496#primaryimage","url":"https:\/\/akunq.net\/tr\/wp-content\/uploads\/sites\/6\/2022\/08\/Barajin-su-seviyesi.webp","contentUrl":"https:\/\/akunq.net\/tr\/wp-content\/uploads\/sites\/6\/2022\/08\/Barajin-su-seviyesi.webp","width":1200,"height":674},{"@type":"BreadcrumbList","@id":"https:\/\/akunq.net\/tr\/?p=69496#breadcrumb","itemListElement":[{"@type":"ListItem","position":1,"name":"Home","item":"https:\/\/akunq.net\/tr"},{"@type":"ListItem","position":2,"name":"Baraj\u0131n su seviyesi d\u00fc\u015ft\u00fc! Tarihi binalar ortaya \u00e7\u0131kt\u0131"}]},{"@type":"WebSite","@id":"https:\/\/akunq.net\/tr\/#website","url":"https:\/\/akunq.net\/tr\/","name":"Bati Ermenistan Ve Bati Ermenileri Sorunlari Ara\u015ftirmalar Merkezi","description":"","potentialAction":[{"@type":"SearchAction","target":{"@type":"EntryPoint","urlTemplate":"https:\/\/akunq.net\/tr\/?s={search_term_string}"},"query-input":{"@type":"PropertyValueSpecification","valueRequired":true,"valueName":"search_term_string"}}],"inLanguage":"en-US"},{"@type":"Person","@id":"https:\/\/akunq.net\/tr\/#\/schema\/person\/096f1d38a12cce57fb855b485ed24c9e","name":"admin","url":"https:\/\/akunq.net\/tr\/?author=7"}]}},"_links":{"self":[{"href":"https:\/\/akunq.net\/tr\/index.php?rest_route=\/wp\/v2\/posts\/69496","targetHints":{"allow":["GET"]}}],"collection":[{"href":"https:\/\/akunq.net\/tr\/index.php?rest_route=\/wp\/v2\/posts"}],"about":[{"href":"https:\/\/akunq.net\/tr\/index.php?rest_route=\/wp\/v2\/types\/post"}],"author":[{"embeddable":true,"href":"https:\/\/akunq.net\/tr\/index.php?rest_route=\/wp\/v2\/users\/7"}],"replies":[{"embeddable":true,"href":"https:\/\/akunq.net\/tr\/index.php?rest_route=%2Fwp%2Fv2%2Fcomments&post=69496"}],"version-history":[{"count":1,"href":"https:\/\/akunq.net\/tr\/index.php?rest_route=\/wp\/v2\/posts\/69496\/revisions"}],"predecessor-version":[{"id":69498,"href":"https:\/\/akunq.net\/tr\/index.php?rest_route=\/wp\/v2\/posts\/69496\/revisions\/69498"}],"wp:featuredmedia":[{"embeddable":true,"href":"https:\/\/akunq.net\/tr\/index.php?rest_route=\/wp\/v2\/media\/69497"}],"wp:attachment":[{"href":"https:\/\/akunq.net\/tr\/index.php?rest_route=%2Fwp%2Fv2%2Fmedia&parent=69496"}],"wp:term":[{"taxonomy":"category","embeddable":true,"href":"https:\/\/akunq.net\/tr\/index.php?rest_route=%2Fwp%2Fv2%2Fcategories&post=69496"},{"taxonomy":"post_tag","embeddable":true,"href":"https:\/\/akunq.net\/tr\/index.php?rest_route=%2Fwp%2Fv2%2Ftags&post=69496"}],"curies":[{"name":"wp","href":"https:\/\/api.w.org\/{rel}","templated":true}]}}