{"id":69493,"date":"2022-08-01T03:02:52","date_gmt":"2022-08-01T08:02:52","guid":{"rendered":"https:\/\/akunq.net\/tr\/?p=69493"},"modified":"2022-08-01T03:02:52","modified_gmt":"2022-08-01T08:02:52","slug":"diyarbakirdaki-tarihi-surlarda-yaklasik-1700-yillik-amfora-bulundu","status":"publish","type":"post","link":"https:\/\/akunq.net\/tr\/?p=69493","title":{"rendered":"Diyarbak\u0131r\u2019daki tarihi surlarda yakla\u015f\u0131k 1700 y\u0131ll\u0131k amfora bulundu"},"content":{"rendered":"<p><img loading=\"lazy\" decoding=\"async\" class=\"aligncenter size-medium wp-image-69494\" src=\"https:\/\/akunq.net\/tr\/wp-content\/uploads\/2022\/08\/1700-yillik-amfora-360x240.jpg\" alt=\"\" width=\"360\" height=\"240\" srcset=\"https:\/\/akunq.net\/tr\/wp-content\/uploads\/sites\/6\/2022\/08\/1700-yillik-amfora-360x240.jpg 360w, https:\/\/akunq.net\/tr\/wp-content\/uploads\/sites\/6\/2022\/08\/1700-yillik-amfora-768x512.jpg 768w, https:\/\/akunq.net\/tr\/wp-content\/uploads\/sites\/6\/2022\/08\/1700-yillik-amfora-560x373.jpg 560w, https:\/\/akunq.net\/tr\/wp-content\/uploads\/sites\/6\/2022\/08\/1700-yillik-amfora-260x173.jpg 260w, https:\/\/akunq.net\/tr\/wp-content\/uploads\/sites\/6\/2022\/08\/1700-yillik-amfora-160x107.jpg 160w, https:\/\/akunq.net\/tr\/wp-content\/uploads\/sites\/6\/2022\/08\/1700-yillik-amfora.jpg 840w\" sizes=\"auto, (max-width: 360px) 100vw, 360px\" \/><\/p>\n<p><em><strong>Diyarbak\u0131r Surlar\u0131nda s\u00fcren \u00e7al\u0131\u015fmalarda 5. etapta yap\u0131lan arkeolojik kaz\u0131larda yakla\u015f\u0131k 1700 y\u0131ll\u0131k amfora (bir t\u00fcr testi) g\u00fcn y\u00fcz\u00fcne \u00e7\u0131kar\u0131ld\u0131.<\/strong><\/em><\/p>\n<p>UNESCO taraf\u0131ndan 2015\u2019te D\u00fcnya K\u00fclt\u00fcr Miras\u0131 olarak tescillenen Diyarbak\u0131r Surlar\u0131nda s\u00fcren \u00e7al\u0131\u015fmada yap\u0131lan arkeolojik kaz\u0131larda yakla\u015f\u0131k 1700 y\u0131ll\u0131k amfora bulundu.<\/p>\n<p>Sur\u2019da 5. etapta yap\u0131lan arkeolojik kaz\u0131larda yakla\u015f\u0131k 1700 y\u0131ll\u0131k amfora (bir t\u00fcr testi) g\u00fcn y\u00fcz\u00fcne \u00e7\u0131kar\u0131ld\u0131.<\/p>\n<figure class=\"wp-block-image\"><em><img decoding=\"async\" src=\"https:\/\/i0.wp.com\/www.evrensel.net\/images\/600\/upload\/dosya\/215303.jpg?ssl=1\" alt=\"\" data-recalc-dims=\"1\" \/><\/em><figcaption><em>Foto\u011fraf: Diyarbak\u0131r B\u00fcy\u00fck\u015fehir Belediyesi\/AA<\/em><\/figcaption><\/figure>\n<p>Diyarbak\u0131r B\u00fcy\u00fck\u015fehir Belediyesi \u0130mar Daire Ba\u015fkanl\u0131\u011f\u0131 Koruma Uygulama ve Denetim B\u00fcrolar\u0131 (KUDEB) \u015eube M\u00fcd\u00fcr\u00fc Sermed Azizo\u011flu, \u201cY\u00fcr\u00fctt\u00fc\u011f\u00fcm\u00fcz \u00e7al\u0131\u015fmalarda b\u00f6lgemizde pek rastlanmayan \u2018amfora\u2019 dedi\u011fimiz, zeytinya\u011f\u0131 ve \u015farap ta\u015f\u0131mac\u0131l\u0131\u011f\u0131nda kullan\u0131lan bir buluntuya rastlad\u0131k\u201d dedi.<\/p>\n<h3>AMFORA, M\u00dcZE M\u00dcD\u00dcRL\u00dc\u011e\u00dcNE TESL\u0130M ED\u0130LD\u0130<\/h3>\n<p>KUDEB \u015eube M\u00fcd\u00fcrl\u00fc\u011f\u00fcnde g\u00f6revli arkeolog S\u00fcleyman Karaka\u015f da kaz\u0131da sur temel duvar\u0131n\u0131 bulduklar\u0131n\u0131 ve \u00e7al\u0131\u015fmalar ilerledik\u00e7e Roma, Bizans, \u0130slam ve Osmanl\u0131 d\u00f6nemlerine ait mimari yap\u0131lara rastlad\u0131klar\u0131n\u0131 dile getirdi.<\/p>\n<p>Kaz\u0131da b\u00f6lgede \u00e7ok nadir g\u00f6r\u00fclen amfora bulduklar\u0131n\u0131 ifade eden Karaka\u015f, eserin yakla\u015f\u0131k y\u00fczde 80 b\u00fct\u00fcnl\u00fc\u011f\u00fcn\u00fc korudu\u011funa dikkati \u00e7ekti.<\/p>\n<p>Karaka\u015f, eseri M\u00fcze M\u00fcd\u00fcrl\u00fc\u011f\u00fcne teslim ettiklerini, dibi sivri amforan\u0131n b\u00f6lgede nadir g\u00f6r\u00fcld\u00fc\u011f\u00fcne i\u015faret etti.<\/p>\n<p>G\u00f6vdesi geni\u015f a\u011f\u0131z k\u0131sm\u0131 dar olan amforan\u0131n zeytinya\u011f\u0131 ve \u015farap gibi s\u0131v\u0131lar\u0131n korunmas\u0131 amac\u0131yla kullan\u0131ld\u0131\u011f\u0131n\u0131 anlatan Karaka\u015f, \u201cSivri dipli amfora ticaret ama\u00e7l\u0131 yap\u0131ld\u0131\u011f\u0131 i\u00e7in \u00f6nem arz etmekte. Yap\u0131l\u0131\u015f \u015fekli ve \u00fczerindeki motiflerden yola \u00e7\u0131karak milattan sonra 330\u2019lu y\u0131llara tarihlenmekte. G\u00fcn\u00fcm\u00fczden yakla\u015f\u0131k 1700 y\u0131l \u00f6ncesine kadar gitmekte. Bu d\u00f6nem Ge\u00e7 Roma-Erken Bizans D\u00f6nemi\u2019ne denk geliyor\u201d ifadelerini kulland\u0131.<\/p>\n<h3>SUR PROJES\u0130<\/h3>\n<p>Birle\u015fmi\u015f Milletler E\u011fitim, Bilim ve K\u00fclt\u00fcr \u00d6rg\u00fct\u00fc (UNESCO) D\u00fcnya K\u00fclt\u00fcr Miras\u0131 Listesi\u2019nde yer alan Sur\u2019da, 6 Eyl\u00fcl, 13 Eyl\u00fcl, 10 Ekim ve 28 Kas\u0131m 2015 tarihlerinde toplam 4 kez soka\u011fa \u00e7\u0131kma yasa\u011f\u0131 ilan edildi. En son ayn\u0131 y\u0131l\u0131n 2 Aral\u0131k ay\u0131nda Cevat Pa\u015fa, Dabano\u011flu, Fatihpa\u015fa, Has\u0131rl\u0131, Sava\u015f ve Cemal Y\u0131lmaz mahallelerinde yasak ilan edildi. Bu yasak d\u00fcnyan\u0131n en uzun s\u00fcreli yasa\u011f\u0131 oldu. T\u00fcrk M\u00fchendis ve Mimar Odalar\u0131 Birli\u011finin (TMMOB) uydu g\u00f6r\u00fcnt\u00fclerine dayand\u0131rarak haz\u0131rlad\u0131\u011f\u0131 raporlara g\u00f6re, yasak sonras\u0131 6 mahallenin y\u00fczde 72\u2019si tamamen y\u0131k\u0131ld\u0131. Yine cami, kilise, okul, hamamlar\u0131n da aralar\u0131nda oldu\u011fu 334\u2019\u00fc tescilli olmak \u00fczere 3 bin 569 yap\u0131 y\u0131k\u0131ld\u0131. Son y\u0131llarda bu say\u0131n\u0131n daha da artt\u0131\u011f\u0131 belirtiliyor.<strong> \u00a0<\/strong><\/p>\n<p><em><strong><a href=\"https:\/\/www.evrensel.net\/haber\/467109\/diyarbakirdaki-tarihi-surlarda-yaklasik-1700-yillik-amfora-bulundu\">https:\/\/www.evrensel.net\/haber\/467109\/diyarbakirdaki-tarihi-surlarda-yaklasik-1700-yillik-amfora-bulundu<\/a>\u00a0<\/strong><\/em><\/p>\n","protected":false},"excerpt":{"rendered":"<p>Diyarbak\u0131r Surlar\u0131nda s\u00fcren \u00e7al\u0131\u015fmalarda 5. etapta yap\u0131lan arkeolojik kaz\u0131larda yakla\u015f\u0131k 1700 y\u0131ll\u0131k amfora (bir t\u00fcr testi) g\u00fcn y\u00fcz\u00fcne \u00e7\u0131kar\u0131ld\u0131. UNESCO taraf\u0131ndan 2015\u2019te D\u00fcnya K\u00fclt\u00fcr Miras\u0131 olarak tescillenen Diyarbak\u0131r Surlar\u0131nda s\u00fcren \u00e7al\u0131\u015fmada yap\u0131lan arkeolojik kaz\u0131larda yakla\u015f\u0131k 1700 y\u0131ll\u0131k amfora bulundu. Sur\u2019da 5. etapta yap\u0131lan arkeolojik kaz\u0131larda yakla\u015f\u0131k 1700 y\u0131ll\u0131k amfora (bir t\u00fcr testi) g\u00fcn y\u00fcz\u00fcne \u00e7\u0131kar\u0131ld\u0131. [&hellip;]<\/p>\n","protected":false},"author":7,"featured_media":69494,"comment_status":"open","ping_status":"open","sticky":false,"template":"","format":"standard","meta":{"footnotes":""},"categories":[22,1],"tags":[],"class_list":["post-69493","post","type-post","status-publish","format-standard","has-post-thumbnail","hentry","category-gunumuzde-bati-ermenistan","category-haberler"],"yoast_head":"<!-- This site is optimized with the Yoast SEO plugin v27.4 - https:\/\/yoast.com\/product\/yoast-seo-wordpress\/ -->\n<title>Diyarbak\u0131r\u2019daki tarihi surlarda yakla\u015f\u0131k 1700 y\u0131ll\u0131k amfora bulundu - Bati Ermenistan Ve Bati Ermenileri Sorunlari Ara\u015ftirmalar Merkezi<\/title>\n<meta name=\"robots\" content=\"index, follow, max-snippet:-1, max-image-preview:large, max-video-preview:-1\" \/>\n<link rel=\"canonical\" href=\"https:\/\/akunq.net\/tr\/?p=69493\" \/>\n<meta property=\"og:locale\" content=\"en_US\" \/>\n<meta property=\"og:type\" content=\"article\" \/>\n<meta property=\"og:title\" content=\"Diyarbak\u0131r\u2019daki tarihi surlarda yakla\u015f\u0131k 1700 y\u0131ll\u0131k amfora bulundu - Bati Ermenistan Ve Bati Ermenileri Sorunlari Ara\u015ftirmalar Merkezi\" \/>\n<meta property=\"og:description\" content=\"Diyarbak\u0131r Surlar\u0131nda s\u00fcren \u00e7al\u0131\u015fmalarda 5. etapta yap\u0131lan arkeolojik kaz\u0131larda yakla\u015f\u0131k 1700 y\u0131ll\u0131k amfora (bir t\u00fcr testi) g\u00fcn y\u00fcz\u00fcne \u00e7\u0131kar\u0131ld\u0131. UNESCO taraf\u0131ndan 2015\u2019te D\u00fcnya K\u00fclt\u00fcr Miras\u0131 olarak tescillenen Diyarbak\u0131r Surlar\u0131nda s\u00fcren \u00e7al\u0131\u015fmada yap\u0131lan arkeolojik kaz\u0131larda yakla\u015f\u0131k 1700 y\u0131ll\u0131k amfora bulundu. Sur\u2019da 5. etapta yap\u0131lan arkeolojik kaz\u0131larda yakla\u015f\u0131k 1700 y\u0131ll\u0131k amfora (bir t\u00fcr testi) g\u00fcn y\u00fcz\u00fcne \u00e7\u0131kar\u0131ld\u0131. [&hellip;]\" \/>\n<meta property=\"og:url\" content=\"https:\/\/akunq.net\/tr\/?p=69493\" \/>\n<meta property=\"og:site_name\" content=\"Bati Ermenistan Ve Bati Ermenileri Sorunlari Ara\u015ftirmalar Merkezi\" \/>\n<meta property=\"article:published_time\" content=\"2022-08-01T08:02:52+00:00\" \/>\n<meta property=\"og:image\" content=\"https:\/\/akunq.net\/tr\/wp-content\/uploads\/sites\/6\/2022\/08\/1700-yillik-amfora.jpg\" \/>\n\t<meta property=\"og:image:width\" content=\"840\" \/>\n\t<meta property=\"og:image:height\" content=\"560\" \/>\n\t<meta property=\"og:image:type\" content=\"image\/jpeg\" \/>\n<meta name=\"author\" content=\"admin\" \/>\n<meta name=\"twitter:card\" content=\"summary_large_image\" \/>\n<meta name=\"twitter:label1\" content=\"Written by\" \/>\n\t<meta name=\"twitter:data1\" content=\"admin\" \/>\n\t<meta name=\"twitter:label2\" content=\"Est. reading time\" \/>\n\t<meta name=\"twitter:data2\" content=\"2 minutes\" \/>\n<script type=\"application\/ld+json\" class=\"yoast-schema-graph\">{\"@context\":\"https:\\\/\\\/schema.org\",\"@graph\":[{\"@type\":\"Article\",\"@id\":\"https:\\\/\\\/akunq.net\\\/tr\\\/?p=69493#article\",\"isPartOf\":{\"@id\":\"https:\\\/\\\/akunq.net\\\/tr\\\/?p=69493\"},\"author\":{\"name\":\"admin\",\"@id\":\"https:\\\/\\\/akunq.net\\\/tr\\\/#\\\/schema\\\/person\\\/096f1d38a12cce57fb855b485ed24c9e\"},\"headline\":\"Diyarbak\u0131r\u2019daki tarihi surlarda yakla\u015f\u0131k 1700 y\u0131ll\u0131k amfora bulundu\",\"datePublished\":\"2022-08-01T08:02:52+00:00\",\"mainEntityOfPage\":{\"@id\":\"https:\\\/\\\/akunq.net\\\/tr\\\/?p=69493\"},\"wordCount\":498,\"commentCount\":0,\"image\":{\"@id\":\"https:\\\/\\\/akunq.net\\\/tr\\\/?p=69493#primaryimage\"},\"thumbnailUrl\":\"https:\\\/\\\/akunq.net\\\/tr\\\/wp-content\\\/uploads\\\/sites\\\/6\\\/2022\\\/08\\\/1700-yillik-amfora.jpg\",\"articleSection\":[\"G\u00fcn\u00fcm\u00fczde Bat\u0131 Ermenistan\",\"Haberler\"],\"inLanguage\":\"en-US\",\"potentialAction\":[{\"@type\":\"CommentAction\",\"name\":\"Comment\",\"target\":[\"https:\\\/\\\/akunq.net\\\/tr\\\/?p=69493#respond\"]}]},{\"@type\":\"WebPage\",\"@id\":\"https:\\\/\\\/akunq.net\\\/tr\\\/?p=69493\",\"url\":\"https:\\\/\\\/akunq.net\\\/tr\\\/?p=69493\",\"name\":\"Diyarbak\u0131r\u2019daki tarihi surlarda yakla\u015f\u0131k 1700 y\u0131ll\u0131k amfora bulundu - Bati Ermenistan Ve Bati Ermenileri Sorunlari Ara\u015ftirmalar Merkezi\",\"isPartOf\":{\"@id\":\"https:\\\/\\\/akunq.net\\\/tr\\\/#website\"},\"primaryImageOfPage\":{\"@id\":\"https:\\\/\\\/akunq.net\\\/tr\\\/?p=69493#primaryimage\"},\"image\":{\"@id\":\"https:\\\/\\\/akunq.net\\\/tr\\\/?p=69493#primaryimage\"},\"thumbnailUrl\":\"https:\\\/\\\/akunq.net\\\/tr\\\/wp-content\\\/uploads\\\/sites\\\/6\\\/2022\\\/08\\\/1700-yillik-amfora.jpg\",\"datePublished\":\"2022-08-01T08:02:52+00:00\",\"author\":{\"@id\":\"https:\\\/\\\/akunq.net\\\/tr\\\/#\\\/schema\\\/person\\\/096f1d38a12cce57fb855b485ed24c9e\"},\"breadcrumb\":{\"@id\":\"https:\\\/\\\/akunq.net\\\/tr\\\/?p=69493#breadcrumb\"},\"inLanguage\":\"en-US\",\"potentialAction\":[{\"@type\":\"ReadAction\",\"target\":[\"https:\\\/\\\/akunq.net\\\/tr\\\/?p=69493\"]}]},{\"@type\":\"ImageObject\",\"inLanguage\":\"en-US\",\"@id\":\"https:\\\/\\\/akunq.net\\\/tr\\\/?p=69493#primaryimage\",\"url\":\"https:\\\/\\\/akunq.net\\\/tr\\\/wp-content\\\/uploads\\\/sites\\\/6\\\/2022\\\/08\\\/1700-yillik-amfora.jpg\",\"contentUrl\":\"https:\\\/\\\/akunq.net\\\/tr\\\/wp-content\\\/uploads\\\/sites\\\/6\\\/2022\\\/08\\\/1700-yillik-amfora.jpg\",\"width\":840,\"height\":560},{\"@type\":\"BreadcrumbList\",\"@id\":\"https:\\\/\\\/akunq.net\\\/tr\\\/?p=69493#breadcrumb\",\"itemListElement\":[{\"@type\":\"ListItem\",\"position\":1,\"name\":\"Home\",\"item\":\"https:\\\/\\\/akunq.net\\\/tr\"},{\"@type\":\"ListItem\",\"position\":2,\"name\":\"Diyarbak\u0131r\u2019daki tarihi surlarda yakla\u015f\u0131k 1700 y\u0131ll\u0131k amfora bulundu\"}]},{\"@type\":\"WebSite\",\"@id\":\"https:\\\/\\\/akunq.net\\\/tr\\\/#website\",\"url\":\"https:\\\/\\\/akunq.net\\\/tr\\\/\",\"name\":\"Bati Ermenistan Ve Bati Ermenileri Sorunlari Ara\u015ftirmalar Merkezi\",\"description\":\"\",\"potentialAction\":[{\"@type\":\"SearchAction\",\"target\":{\"@type\":\"EntryPoint\",\"urlTemplate\":\"https:\\\/\\\/akunq.net\\\/tr\\\/?s={search_term_string}\"},\"query-input\":{\"@type\":\"PropertyValueSpecification\",\"valueRequired\":true,\"valueName\":\"search_term_string\"}}],\"inLanguage\":\"en-US\"},{\"@type\":\"Person\",\"@id\":\"https:\\\/\\\/akunq.net\\\/tr\\\/#\\\/schema\\\/person\\\/096f1d38a12cce57fb855b485ed24c9e\",\"name\":\"admin\",\"url\":\"https:\\\/\\\/akunq.net\\\/tr\\\/?author=7\"}]}<\/script>\n<!-- \/ Yoast SEO plugin. -->","yoast_head_json":{"title":"Diyarbak\u0131r\u2019daki tarihi surlarda yakla\u015f\u0131k 1700 y\u0131ll\u0131k amfora bulundu - Bati Ermenistan Ve Bati Ermenileri Sorunlari Ara\u015ftirmalar Merkezi","robots":{"index":"index","follow":"follow","max-snippet":"max-snippet:-1","max-image-preview":"max-image-preview:large","max-video-preview":"max-video-preview:-1"},"canonical":"https:\/\/akunq.net\/tr\/?p=69493","og_locale":"en_US","og_type":"article","og_title":"Diyarbak\u0131r\u2019daki tarihi surlarda yakla\u015f\u0131k 1700 y\u0131ll\u0131k amfora bulundu - Bati Ermenistan Ve Bati Ermenileri Sorunlari Ara\u015ftirmalar Merkezi","og_description":"Diyarbak\u0131r Surlar\u0131nda s\u00fcren \u00e7al\u0131\u015fmalarda 5. etapta yap\u0131lan arkeolojik kaz\u0131larda yakla\u015f\u0131k 1700 y\u0131ll\u0131k amfora (bir t\u00fcr testi) g\u00fcn y\u00fcz\u00fcne \u00e7\u0131kar\u0131ld\u0131. UNESCO taraf\u0131ndan 2015\u2019te D\u00fcnya K\u00fclt\u00fcr Miras\u0131 olarak tescillenen Diyarbak\u0131r Surlar\u0131nda s\u00fcren \u00e7al\u0131\u015fmada yap\u0131lan arkeolojik kaz\u0131larda yakla\u015f\u0131k 1700 y\u0131ll\u0131k amfora bulundu. Sur\u2019da 5. etapta yap\u0131lan arkeolojik kaz\u0131larda yakla\u015f\u0131k 1700 y\u0131ll\u0131k amfora (bir t\u00fcr testi) g\u00fcn y\u00fcz\u00fcne \u00e7\u0131kar\u0131ld\u0131. [&hellip;]","og_url":"https:\/\/akunq.net\/tr\/?p=69493","og_site_name":"Bati Ermenistan Ve Bati Ermenileri Sorunlari Ara\u015ftirmalar Merkezi","article_published_time":"2022-08-01T08:02:52+00:00","og_image":[{"width":840,"height":560,"url":"https:\/\/akunq.net\/tr\/wp-content\/uploads\/sites\/6\/2022\/08\/1700-yillik-amfora.jpg","type":"image\/jpeg"}],"author":"admin","twitter_card":"summary_large_image","twitter_misc":{"Written by":"admin","Est. reading time":"2 minutes"},"schema":{"@context":"https:\/\/schema.org","@graph":[{"@type":"Article","@id":"https:\/\/akunq.net\/tr\/?p=69493#article","isPartOf":{"@id":"https:\/\/akunq.net\/tr\/?p=69493"},"author":{"name":"admin","@id":"https:\/\/akunq.net\/tr\/#\/schema\/person\/096f1d38a12cce57fb855b485ed24c9e"},"headline":"Diyarbak\u0131r\u2019daki tarihi surlarda yakla\u015f\u0131k 1700 y\u0131ll\u0131k amfora bulundu","datePublished":"2022-08-01T08:02:52+00:00","mainEntityOfPage":{"@id":"https:\/\/akunq.net\/tr\/?p=69493"},"wordCount":498,"commentCount":0,"image":{"@id":"https:\/\/akunq.net\/tr\/?p=69493#primaryimage"},"thumbnailUrl":"https:\/\/akunq.net\/tr\/wp-content\/uploads\/sites\/6\/2022\/08\/1700-yillik-amfora.jpg","articleSection":["G\u00fcn\u00fcm\u00fczde Bat\u0131 Ermenistan","Haberler"],"inLanguage":"en-US","potentialAction":[{"@type":"CommentAction","name":"Comment","target":["https:\/\/akunq.net\/tr\/?p=69493#respond"]}]},{"@type":"WebPage","@id":"https:\/\/akunq.net\/tr\/?p=69493","url":"https:\/\/akunq.net\/tr\/?p=69493","name":"Diyarbak\u0131r\u2019daki tarihi surlarda yakla\u015f\u0131k 1700 y\u0131ll\u0131k amfora bulundu - Bati Ermenistan Ve Bati Ermenileri Sorunlari Ara\u015ftirmalar Merkezi","isPartOf":{"@id":"https:\/\/akunq.net\/tr\/#website"},"primaryImageOfPage":{"@id":"https:\/\/akunq.net\/tr\/?p=69493#primaryimage"},"image":{"@id":"https:\/\/akunq.net\/tr\/?p=69493#primaryimage"},"thumbnailUrl":"https:\/\/akunq.net\/tr\/wp-content\/uploads\/sites\/6\/2022\/08\/1700-yillik-amfora.jpg","datePublished":"2022-08-01T08:02:52+00:00","author":{"@id":"https:\/\/akunq.net\/tr\/#\/schema\/person\/096f1d38a12cce57fb855b485ed24c9e"},"breadcrumb":{"@id":"https:\/\/akunq.net\/tr\/?p=69493#breadcrumb"},"inLanguage":"en-US","potentialAction":[{"@type":"ReadAction","target":["https:\/\/akunq.net\/tr\/?p=69493"]}]},{"@type":"ImageObject","inLanguage":"en-US","@id":"https:\/\/akunq.net\/tr\/?p=69493#primaryimage","url":"https:\/\/akunq.net\/tr\/wp-content\/uploads\/sites\/6\/2022\/08\/1700-yillik-amfora.jpg","contentUrl":"https:\/\/akunq.net\/tr\/wp-content\/uploads\/sites\/6\/2022\/08\/1700-yillik-amfora.jpg","width":840,"height":560},{"@type":"BreadcrumbList","@id":"https:\/\/akunq.net\/tr\/?p=69493#breadcrumb","itemListElement":[{"@type":"ListItem","position":1,"name":"Home","item":"https:\/\/akunq.net\/tr"},{"@type":"ListItem","position":2,"name":"Diyarbak\u0131r\u2019daki tarihi surlarda yakla\u015f\u0131k 1700 y\u0131ll\u0131k amfora bulundu"}]},{"@type":"WebSite","@id":"https:\/\/akunq.net\/tr\/#website","url":"https:\/\/akunq.net\/tr\/","name":"Bati Ermenistan Ve Bati Ermenileri Sorunlari Ara\u015ftirmalar Merkezi","description":"","potentialAction":[{"@type":"SearchAction","target":{"@type":"EntryPoint","urlTemplate":"https:\/\/akunq.net\/tr\/?s={search_term_string}"},"query-input":{"@type":"PropertyValueSpecification","valueRequired":true,"valueName":"search_term_string"}}],"inLanguage":"en-US"},{"@type":"Person","@id":"https:\/\/akunq.net\/tr\/#\/schema\/person\/096f1d38a12cce57fb855b485ed24c9e","name":"admin","url":"https:\/\/akunq.net\/tr\/?author=7"}]}},"_links":{"self":[{"href":"https:\/\/akunq.net\/tr\/index.php?rest_route=\/wp\/v2\/posts\/69493","targetHints":{"allow":["GET"]}}],"collection":[{"href":"https:\/\/akunq.net\/tr\/index.php?rest_route=\/wp\/v2\/posts"}],"about":[{"href":"https:\/\/akunq.net\/tr\/index.php?rest_route=\/wp\/v2\/types\/post"}],"author":[{"embeddable":true,"href":"https:\/\/akunq.net\/tr\/index.php?rest_route=\/wp\/v2\/users\/7"}],"replies":[{"embeddable":true,"href":"https:\/\/akunq.net\/tr\/index.php?rest_route=%2Fwp%2Fv2%2Fcomments&post=69493"}],"version-history":[{"count":1,"href":"https:\/\/akunq.net\/tr\/index.php?rest_route=\/wp\/v2\/posts\/69493\/revisions"}],"predecessor-version":[{"id":69495,"href":"https:\/\/akunq.net\/tr\/index.php?rest_route=\/wp\/v2\/posts\/69493\/revisions\/69495"}],"wp:featuredmedia":[{"embeddable":true,"href":"https:\/\/akunq.net\/tr\/index.php?rest_route=\/wp\/v2\/media\/69494"}],"wp:attachment":[{"href":"https:\/\/akunq.net\/tr\/index.php?rest_route=%2Fwp%2Fv2%2Fmedia&parent=69493"}],"wp:term":[{"taxonomy":"category","embeddable":true,"href":"https:\/\/akunq.net\/tr\/index.php?rest_route=%2Fwp%2Fv2%2Fcategories&post=69493"},{"taxonomy":"post_tag","embeddable":true,"href":"https:\/\/akunq.net\/tr\/index.php?rest_route=%2Fwp%2Fv2%2Ftags&post=69493"}],"curies":[{"name":"wp","href":"https:\/\/api.w.org\/{rel}","templated":true}]}}