{"id":69473,"date":"2022-07-29T01:40:23","date_gmt":"2022-07-29T06:40:23","guid":{"rendered":"https:\/\/akunq.net\/tr\/?p=69473"},"modified":"2022-07-29T01:40:23","modified_gmt":"2022-07-29T06:40:23","slug":"patrik-hazretleri-arlen-demirhanin-saglik-durumuyla-ilgilendi","status":"publish","type":"post","link":"https:\/\/akunq.net\/tr\/?p=69473","title":{"rendered":"Patrik Hazretleri Arlen Demirhan\u2019\u0131n sa\u011fl\u0131k durumuyla ilgilendi"},"content":{"rendered":"<p><img loading=\"lazy\" decoding=\"async\" class=\"aligncenter size-medium wp-image-69474\" src=\"https:\/\/akunq.net\/tr\/wp-content\/uploads\/2022\/07\/Arlen-176x270.jpg\" alt=\"\" width=\"176\" height=\"270\" srcset=\"https:\/\/akunq.net\/tr\/wp-content\/uploads\/sites\/6\/2022\/07\/Arlen-176x270.jpg 176w, https:\/\/akunq.net\/tr\/wp-content\/uploads\/sites\/6\/2022\/07\/Arlen-560x858.jpg 560w, https:\/\/akunq.net\/tr\/wp-content\/uploads\/sites\/6\/2022\/07\/Arlen-260x398.jpg 260w, https:\/\/akunq.net\/tr\/wp-content\/uploads\/sites\/6\/2022\/07\/Arlen-160x245.jpg 160w, https:\/\/akunq.net\/tr\/wp-content\/uploads\/sites\/6\/2022\/07\/Arlen.jpg 709w\" sizes=\"auto, (max-width: 176px) 100vw, 176px\" \/><\/p>\n<p><strong><em>Sosyal medyada, 27 Temmuz 2022, \u00c7ar\u015famba g\u00fcn\u00fc yer alan bir habere g\u00f6re, \u00dcsk\u00fcdar S. Ha\u00e7 Ermeni Kilisesi okuyucular\u0131ndan Arlen Demirhan sald\u0131r\u0131ya u\u011frayarak darp edilmi\u015fti.\u00a0<\/em><\/strong><\/p>\n<p>Konuyla alakal\u0131 olarak, Kadasetli Patrik Sahak II. Hazretleri\u2019nin ad\u0131na Patrik Vekili Kd. Peder Krikor Damadyan, Arlen\u2019in annesi Ar\u015faluys Demirhan\u2019la telefon g\u00f6r\u00fc\u015fmesi ger\u00e7ekle\u015ftirdi. Kd. Peder Krikor g\u00f6r\u00fc\u015fme esnas\u0131nda, Patrik Hazretleri\u2019nin \u00fcz\u00fcnt\u00fclerini iletirken, Arlen\u2019in sa\u011fl\u0131k durumu ve olay hakk\u0131nda\u00a0bilgi ald\u0131.<\/p>\n<p>Bayan Ar\u015faluys\u2019un aktard\u0131\u011f\u0131 bilgilere g\u00f6re, olay 22 Temmuz 2022, Cuma g\u00fcn\u00fc, \u00dcsk\u00fcdar, F\u0131st\u0131ka\u011fac\u0131\u2019nda meydana gelmi\u015fti. Bir sokak tart\u0131\u015fmas\u0131 sonras\u0131nda meydana gelen ortamda, d\u00f6rt ki\u015fi gence sald\u0131rarak darp etmi\u015flerdi. Sonras\u0131nda, yaral\u0131 gen\u00e7 hastaneye kald\u0131r\u0131lm\u0131\u015f ve burada gerekli tedavisi ger\u00e7ekle\u015fmi\u015ftir. \u00d6te yandan, olaya m\u00fcdahil olan emniyet g\u00fc\u00e7leri, olayla alakal\u0131 olarak tahkikata ba\u015flam\u0131\u015flard\u0131r. Tan\u0131klardan edinilen bilgiler de\u011ferlendirilerek sald\u0131rganlardan biri g\u00f6zalt\u0131na al\u0131nm\u0131\u015ft\u0131r.<\/p>\n<p>Emniyet yetkilileri olayla ilgili takibatlar\u0131n\u0131 s\u00fcrd\u00fcrmektedirler.<\/p>\n<p><a href=\"https:\/\/www.facebook.com\/TRHayBad\"><strong><em>https:\/\/www.facebook.com\/TRHayBad<\/em><\/strong><\/a><\/p>\n<p>&nbsp;<\/p>\n<p>&nbsp;<\/p>\n<p>&nbsp;<\/p>\n","protected":false},"excerpt":{"rendered":"<p>Sosyal medyada, 27 Temmuz 2022, \u00c7ar\u015famba g\u00fcn\u00fc yer alan bir habere g\u00f6re, \u00dcsk\u00fcdar S. Ha\u00e7 Ermeni Kilisesi okuyucular\u0131ndan Arlen Demirhan sald\u0131r\u0131ya u\u011frayarak darp edilmi\u015fti.\u00a0 Konuyla alakal\u0131 olarak, Kadasetli Patrik Sahak II. Hazretleri\u2019nin ad\u0131na Patrik Vekili Kd. Peder Krikor Damadyan, Arlen\u2019in annesi Ar\u015faluys Demirhan\u2019la telefon g\u00f6r\u00fc\u015fmesi ger\u00e7ekle\u015ftirdi. Kd. Peder Krikor g\u00f6r\u00fc\u015fme esnas\u0131nda, Patrik Hazretleri\u2019nin \u00fcz\u00fcnt\u00fclerini iletirken, [&hellip;]<\/p>\n","protected":false},"author":7,"featured_media":69474,"comment_status":"open","ping_status":"open","sticky":false,"template":"","format":"standard","meta":{"footnotes":""},"categories":[1],"tags":[],"class_list":["post-69473","post","type-post","status-publish","format-standard","has-post-thumbnail","hentry","category-haberler"],"yoast_head":"<!-- This site is optimized with the Yoast SEO plugin v27.4 - https:\/\/yoast.com\/product\/yoast-seo-wordpress\/ -->\n<title>Patrik Hazretleri Arlen Demirhan\u2019\u0131n sa\u011fl\u0131k durumuyla ilgilendi - Bati Ermenistan Ve Bati Ermenileri Sorunlari Ara\u015ftirmalar Merkezi<\/title>\n<meta name=\"robots\" content=\"index, follow, max-snippet:-1, max-image-preview:large, max-video-preview:-1\" \/>\n<link rel=\"canonical\" href=\"https:\/\/akunq.net\/tr\/?p=69473\" \/>\n<meta property=\"og:locale\" content=\"en_US\" \/>\n<meta property=\"og:type\" content=\"article\" \/>\n<meta property=\"og:title\" content=\"Patrik Hazretleri Arlen Demirhan\u2019\u0131n sa\u011fl\u0131k durumuyla ilgilendi - Bati Ermenistan Ve Bati Ermenileri Sorunlari Ara\u015ftirmalar Merkezi\" \/>\n<meta property=\"og:description\" content=\"Sosyal medyada, 27 Temmuz 2022, \u00c7ar\u015famba g\u00fcn\u00fc yer alan bir habere g\u00f6re, \u00dcsk\u00fcdar S. Ha\u00e7 Ermeni Kilisesi okuyucular\u0131ndan Arlen Demirhan sald\u0131r\u0131ya u\u011frayarak darp edilmi\u015fti.\u00a0 Konuyla alakal\u0131 olarak, Kadasetli Patrik Sahak II. Hazretleri\u2019nin ad\u0131na Patrik Vekili Kd. Peder Krikor Damadyan, Arlen\u2019in annesi Ar\u015faluys Demirhan\u2019la telefon g\u00f6r\u00fc\u015fmesi ger\u00e7ekle\u015ftirdi. Kd. Peder Krikor g\u00f6r\u00fc\u015fme esnas\u0131nda, Patrik Hazretleri\u2019nin \u00fcz\u00fcnt\u00fclerini iletirken, [&hellip;]\" \/>\n<meta property=\"og:url\" content=\"https:\/\/akunq.net\/tr\/?p=69473\" \/>\n<meta property=\"og:site_name\" content=\"Bati Ermenistan Ve Bati Ermenileri Sorunlari Ara\u015ftirmalar Merkezi\" \/>\n<meta property=\"article:published_time\" content=\"2022-07-29T06:40:23+00:00\" \/>\n<meta property=\"og:image\" content=\"https:\/\/akunq.net\/tr\/wp-content\/uploads\/sites\/6\/2022\/07\/Arlen.jpg\" \/>\n\t<meta property=\"og:image:width\" content=\"709\" \/>\n\t<meta property=\"og:image:height\" content=\"1086\" \/>\n\t<meta property=\"og:image:type\" content=\"image\/jpeg\" \/>\n<meta name=\"author\" content=\"admin\" \/>\n<meta name=\"twitter:card\" content=\"summary_large_image\" \/>\n<meta name=\"twitter:label1\" content=\"Written by\" \/>\n\t<meta name=\"twitter:data1\" content=\"admin\" \/>\n\t<meta name=\"twitter:label2\" content=\"Est. reading time\" \/>\n\t<meta name=\"twitter:data2\" content=\"1 minute\" \/>\n<script type=\"application\/ld+json\" class=\"yoast-schema-graph\">{\"@context\":\"https:\\\/\\\/schema.org\",\"@graph\":[{\"@type\":\"Article\",\"@id\":\"https:\\\/\\\/akunq.net\\\/tr\\\/?p=69473#article\",\"isPartOf\":{\"@id\":\"https:\\\/\\\/akunq.net\\\/tr\\\/?p=69473\"},\"author\":{\"name\":\"admin\",\"@id\":\"https:\\\/\\\/akunq.net\\\/tr\\\/#\\\/schema\\\/person\\\/096f1d38a12cce57fb855b485ed24c9e\"},\"headline\":\"Patrik Hazretleri Arlen Demirhan\u2019\u0131n sa\u011fl\u0131k durumuyla ilgilendi\",\"datePublished\":\"2022-07-29T06:40:23+00:00\",\"mainEntityOfPage\":{\"@id\":\"https:\\\/\\\/akunq.net\\\/tr\\\/?p=69473\"},\"wordCount\":207,\"commentCount\":0,\"image\":{\"@id\":\"https:\\\/\\\/akunq.net\\\/tr\\\/?p=69473#primaryimage\"},\"thumbnailUrl\":\"https:\\\/\\\/akunq.net\\\/tr\\\/wp-content\\\/uploads\\\/sites\\\/6\\\/2022\\\/07\\\/Arlen.jpg\",\"articleSection\":[\"Haberler\"],\"inLanguage\":\"en-US\",\"potentialAction\":[{\"@type\":\"CommentAction\",\"name\":\"Comment\",\"target\":[\"https:\\\/\\\/akunq.net\\\/tr\\\/?p=69473#respond\"]}]},{\"@type\":\"WebPage\",\"@id\":\"https:\\\/\\\/akunq.net\\\/tr\\\/?p=69473\",\"url\":\"https:\\\/\\\/akunq.net\\\/tr\\\/?p=69473\",\"name\":\"Patrik Hazretleri Arlen Demirhan\u2019\u0131n sa\u011fl\u0131k durumuyla ilgilendi - Bati Ermenistan Ve Bati Ermenileri Sorunlari Ara\u015ftirmalar Merkezi\",\"isPartOf\":{\"@id\":\"https:\\\/\\\/akunq.net\\\/tr\\\/#website\"},\"primaryImageOfPage\":{\"@id\":\"https:\\\/\\\/akunq.net\\\/tr\\\/?p=69473#primaryimage\"},\"image\":{\"@id\":\"https:\\\/\\\/akunq.net\\\/tr\\\/?p=69473#primaryimage\"},\"thumbnailUrl\":\"https:\\\/\\\/akunq.net\\\/tr\\\/wp-content\\\/uploads\\\/sites\\\/6\\\/2022\\\/07\\\/Arlen.jpg\",\"datePublished\":\"2022-07-29T06:40:23+00:00\",\"author\":{\"@id\":\"https:\\\/\\\/akunq.net\\\/tr\\\/#\\\/schema\\\/person\\\/096f1d38a12cce57fb855b485ed24c9e\"},\"breadcrumb\":{\"@id\":\"https:\\\/\\\/akunq.net\\\/tr\\\/?p=69473#breadcrumb\"},\"inLanguage\":\"en-US\",\"potentialAction\":[{\"@type\":\"ReadAction\",\"target\":[\"https:\\\/\\\/akunq.net\\\/tr\\\/?p=69473\"]}]},{\"@type\":\"ImageObject\",\"inLanguage\":\"en-US\",\"@id\":\"https:\\\/\\\/akunq.net\\\/tr\\\/?p=69473#primaryimage\",\"url\":\"https:\\\/\\\/akunq.net\\\/tr\\\/wp-content\\\/uploads\\\/sites\\\/6\\\/2022\\\/07\\\/Arlen.jpg\",\"contentUrl\":\"https:\\\/\\\/akunq.net\\\/tr\\\/wp-content\\\/uploads\\\/sites\\\/6\\\/2022\\\/07\\\/Arlen.jpg\",\"width\":709,\"height\":1086},{\"@type\":\"BreadcrumbList\",\"@id\":\"https:\\\/\\\/akunq.net\\\/tr\\\/?p=69473#breadcrumb\",\"itemListElement\":[{\"@type\":\"ListItem\",\"position\":1,\"name\":\"Home\",\"item\":\"https:\\\/\\\/akunq.net\\\/tr\"},{\"@type\":\"ListItem\",\"position\":2,\"name\":\"Patrik Hazretleri Arlen Demirhan\u2019\u0131n sa\u011fl\u0131k durumuyla ilgilendi\"}]},{\"@type\":\"WebSite\",\"@id\":\"https:\\\/\\\/akunq.net\\\/tr\\\/#website\",\"url\":\"https:\\\/\\\/akunq.net\\\/tr\\\/\",\"name\":\"Bati Ermenistan Ve Bati Ermenileri Sorunlari Ara\u015ftirmalar Merkezi\",\"description\":\"\",\"potentialAction\":[{\"@type\":\"SearchAction\",\"target\":{\"@type\":\"EntryPoint\",\"urlTemplate\":\"https:\\\/\\\/akunq.net\\\/tr\\\/?s={search_term_string}\"},\"query-input\":{\"@type\":\"PropertyValueSpecification\",\"valueRequired\":true,\"valueName\":\"search_term_string\"}}],\"inLanguage\":\"en-US\"},{\"@type\":\"Person\",\"@id\":\"https:\\\/\\\/akunq.net\\\/tr\\\/#\\\/schema\\\/person\\\/096f1d38a12cce57fb855b485ed24c9e\",\"name\":\"admin\",\"url\":\"https:\\\/\\\/akunq.net\\\/tr\\\/?author=7\"}]}<\/script>\n<!-- \/ Yoast SEO plugin. -->","yoast_head_json":{"title":"Patrik Hazretleri Arlen Demirhan\u2019\u0131n sa\u011fl\u0131k durumuyla ilgilendi - Bati Ermenistan Ve Bati Ermenileri Sorunlari Ara\u015ftirmalar Merkezi","robots":{"index":"index","follow":"follow","max-snippet":"max-snippet:-1","max-image-preview":"max-image-preview:large","max-video-preview":"max-video-preview:-1"},"canonical":"https:\/\/akunq.net\/tr\/?p=69473","og_locale":"en_US","og_type":"article","og_title":"Patrik Hazretleri Arlen Demirhan\u2019\u0131n sa\u011fl\u0131k durumuyla ilgilendi - Bati Ermenistan Ve Bati Ermenileri Sorunlari Ara\u015ftirmalar Merkezi","og_description":"Sosyal medyada, 27 Temmuz 2022, \u00c7ar\u015famba g\u00fcn\u00fc yer alan bir habere g\u00f6re, \u00dcsk\u00fcdar S. Ha\u00e7 Ermeni Kilisesi okuyucular\u0131ndan Arlen Demirhan sald\u0131r\u0131ya u\u011frayarak darp edilmi\u015fti.\u00a0 Konuyla alakal\u0131 olarak, Kadasetli Patrik Sahak II. Hazretleri\u2019nin ad\u0131na Patrik Vekili Kd. Peder Krikor Damadyan, Arlen\u2019in annesi Ar\u015faluys Demirhan\u2019la telefon g\u00f6r\u00fc\u015fmesi ger\u00e7ekle\u015ftirdi. Kd. Peder Krikor g\u00f6r\u00fc\u015fme esnas\u0131nda, Patrik Hazretleri\u2019nin \u00fcz\u00fcnt\u00fclerini iletirken, [&hellip;]","og_url":"https:\/\/akunq.net\/tr\/?p=69473","og_site_name":"Bati Ermenistan Ve Bati Ermenileri Sorunlari Ara\u015ftirmalar Merkezi","article_published_time":"2022-07-29T06:40:23+00:00","og_image":[{"width":709,"height":1086,"url":"https:\/\/akunq.net\/tr\/wp-content\/uploads\/sites\/6\/2022\/07\/Arlen.jpg","type":"image\/jpeg"}],"author":"admin","twitter_card":"summary_large_image","twitter_misc":{"Written by":"admin","Est. reading time":"1 minute"},"schema":{"@context":"https:\/\/schema.org","@graph":[{"@type":"Article","@id":"https:\/\/akunq.net\/tr\/?p=69473#article","isPartOf":{"@id":"https:\/\/akunq.net\/tr\/?p=69473"},"author":{"name":"admin","@id":"https:\/\/akunq.net\/tr\/#\/schema\/person\/096f1d38a12cce57fb855b485ed24c9e"},"headline":"Patrik Hazretleri Arlen Demirhan\u2019\u0131n sa\u011fl\u0131k durumuyla ilgilendi","datePublished":"2022-07-29T06:40:23+00:00","mainEntityOfPage":{"@id":"https:\/\/akunq.net\/tr\/?p=69473"},"wordCount":207,"commentCount":0,"image":{"@id":"https:\/\/akunq.net\/tr\/?p=69473#primaryimage"},"thumbnailUrl":"https:\/\/akunq.net\/tr\/wp-content\/uploads\/sites\/6\/2022\/07\/Arlen.jpg","articleSection":["Haberler"],"inLanguage":"en-US","potentialAction":[{"@type":"CommentAction","name":"Comment","target":["https:\/\/akunq.net\/tr\/?p=69473#respond"]}]},{"@type":"WebPage","@id":"https:\/\/akunq.net\/tr\/?p=69473","url":"https:\/\/akunq.net\/tr\/?p=69473","name":"Patrik Hazretleri Arlen Demirhan\u2019\u0131n sa\u011fl\u0131k durumuyla ilgilendi - Bati Ermenistan Ve Bati Ermenileri Sorunlari Ara\u015ftirmalar Merkezi","isPartOf":{"@id":"https:\/\/akunq.net\/tr\/#website"},"primaryImageOfPage":{"@id":"https:\/\/akunq.net\/tr\/?p=69473#primaryimage"},"image":{"@id":"https:\/\/akunq.net\/tr\/?p=69473#primaryimage"},"thumbnailUrl":"https:\/\/akunq.net\/tr\/wp-content\/uploads\/sites\/6\/2022\/07\/Arlen.jpg","datePublished":"2022-07-29T06:40:23+00:00","author":{"@id":"https:\/\/akunq.net\/tr\/#\/schema\/person\/096f1d38a12cce57fb855b485ed24c9e"},"breadcrumb":{"@id":"https:\/\/akunq.net\/tr\/?p=69473#breadcrumb"},"inLanguage":"en-US","potentialAction":[{"@type":"ReadAction","target":["https:\/\/akunq.net\/tr\/?p=69473"]}]},{"@type":"ImageObject","inLanguage":"en-US","@id":"https:\/\/akunq.net\/tr\/?p=69473#primaryimage","url":"https:\/\/akunq.net\/tr\/wp-content\/uploads\/sites\/6\/2022\/07\/Arlen.jpg","contentUrl":"https:\/\/akunq.net\/tr\/wp-content\/uploads\/sites\/6\/2022\/07\/Arlen.jpg","width":709,"height":1086},{"@type":"BreadcrumbList","@id":"https:\/\/akunq.net\/tr\/?p=69473#breadcrumb","itemListElement":[{"@type":"ListItem","position":1,"name":"Home","item":"https:\/\/akunq.net\/tr"},{"@type":"ListItem","position":2,"name":"Patrik Hazretleri Arlen Demirhan\u2019\u0131n sa\u011fl\u0131k durumuyla ilgilendi"}]},{"@type":"WebSite","@id":"https:\/\/akunq.net\/tr\/#website","url":"https:\/\/akunq.net\/tr\/","name":"Bati Ermenistan Ve Bati Ermenileri Sorunlari Ara\u015ftirmalar Merkezi","description":"","potentialAction":[{"@type":"SearchAction","target":{"@type":"EntryPoint","urlTemplate":"https:\/\/akunq.net\/tr\/?s={search_term_string}"},"query-input":{"@type":"PropertyValueSpecification","valueRequired":true,"valueName":"search_term_string"}}],"inLanguage":"en-US"},{"@type":"Person","@id":"https:\/\/akunq.net\/tr\/#\/schema\/person\/096f1d38a12cce57fb855b485ed24c9e","name":"admin","url":"https:\/\/akunq.net\/tr\/?author=7"}]}},"_links":{"self":[{"href":"https:\/\/akunq.net\/tr\/index.php?rest_route=\/wp\/v2\/posts\/69473","targetHints":{"allow":["GET"]}}],"collection":[{"href":"https:\/\/akunq.net\/tr\/index.php?rest_route=\/wp\/v2\/posts"}],"about":[{"href":"https:\/\/akunq.net\/tr\/index.php?rest_route=\/wp\/v2\/types\/post"}],"author":[{"embeddable":true,"href":"https:\/\/akunq.net\/tr\/index.php?rest_route=\/wp\/v2\/users\/7"}],"replies":[{"embeddable":true,"href":"https:\/\/akunq.net\/tr\/index.php?rest_route=%2Fwp%2Fv2%2Fcomments&post=69473"}],"version-history":[{"count":1,"href":"https:\/\/akunq.net\/tr\/index.php?rest_route=\/wp\/v2\/posts\/69473\/revisions"}],"predecessor-version":[{"id":69475,"href":"https:\/\/akunq.net\/tr\/index.php?rest_route=\/wp\/v2\/posts\/69473\/revisions\/69475"}],"wp:featuredmedia":[{"embeddable":true,"href":"https:\/\/akunq.net\/tr\/index.php?rest_route=\/wp\/v2\/media\/69474"}],"wp:attachment":[{"href":"https:\/\/akunq.net\/tr\/index.php?rest_route=%2Fwp%2Fv2%2Fmedia&parent=69473"}],"wp:term":[{"taxonomy":"category","embeddable":true,"href":"https:\/\/akunq.net\/tr\/index.php?rest_route=%2Fwp%2Fv2%2Fcategories&post=69473"},{"taxonomy":"post_tag","embeddable":true,"href":"https:\/\/akunq.net\/tr\/index.php?rest_route=%2Fwp%2Fv2%2Ftags&post=69473"}],"curies":[{"name":"wp","href":"https:\/\/api.w.org\/{rel}","templated":true}]}}