{"id":69470,"date":"2022-07-29T01:16:32","date_gmt":"2022-07-29T06:16:32","guid":{"rendered":"https:\/\/akunq.net\/tr\/?p=69470"},"modified":"2022-07-29T01:16:32","modified_gmt":"2022-07-29T06:16:32","slug":"istanbulda-bir-ermeni-genc-5-kisinin-saldirisina-ugradi","status":"publish","type":"post","link":"https:\/\/akunq.net\/tr\/?p=69470","title":{"rendered":"\u0130stanbul&#8217;da bir Ermeni gen\u00e7 5 ki\u015finin sald\u0131r\u0131s\u0131na u\u011frad\u0131"},"content":{"rendered":"<p><img loading=\"lazy\" decoding=\"async\" class=\"aligncenter size-medium wp-image-69471\" src=\"https:\/\/akunq.net\/tr\/wp-content\/uploads\/2022\/07\/Istanbulda-bir-Ermeni-genc-360x193.jpg\" alt=\"\" width=\"360\" height=\"193\" srcset=\"https:\/\/akunq.net\/tr\/wp-content\/uploads\/sites\/6\/2022\/07\/Istanbulda-bir-Ermeni-genc-360x193.jpg 360w, https:\/\/akunq.net\/tr\/wp-content\/uploads\/sites\/6\/2022\/07\/Istanbulda-bir-Ermeni-genc-560x300.jpg 560w, https:\/\/akunq.net\/tr\/wp-content\/uploads\/sites\/6\/2022\/07\/Istanbulda-bir-Ermeni-genc-260x139.jpg 260w, https:\/\/akunq.net\/tr\/wp-content\/uploads\/sites\/6\/2022\/07\/Istanbulda-bir-Ermeni-genc-160x86.jpg 160w, https:\/\/akunq.net\/tr\/wp-content\/uploads\/sites\/6\/2022\/07\/Istanbulda-bir-Ermeni-genc.jpg 607w\" sizes=\"auto, (max-width: 360px) 100vw, 360px\" \/><\/p>\n<p><em><strong>\u00dcsk\u00fcdar\u2019da ikamet eden Arlen Demirhan, bir grubun sald\u0131r\u0131s\u0131na u\u011frad\u0131. Yolda y\u00fcr\u00fcrken bir ki\u015fi \u2018Sen e\u015fime mi bakt\u0131n\u2019 gerek\u00e7esiyle Demirhan\u2019a sald\u0131rd\u0131. Olaya d\u00f6rt ki\u015filik bir grup daha dahil oldu. Y\u00fcz\u00fcnden ve v\u00fccudunda yaralar alan Demirhan, hastanede tedavi alt\u0131na al\u0131nd\u0131. Olayla ilgili bir ki\u015fi g\u00f6zalt\u0131na al\u0131nd\u0131.<\/strong><\/em><\/p>\n<p>Olay, 22 Temmuz Cuma g\u00fcn\u00fc \u00dcsk\u00fcdar F\u0131st\u0131ka\u011fac\u0131\u2019nda meydana geldi. 21 ya\u015f\u0131ndaki Arlen Demirhan, ak\u015fam saatlerinde anneannesinin evinden ayr\u0131larak evine do\u011fru gidiyordu. Yolda e\u015fiyle birlikte y\u00fcr\u00fcyen bir ki\u015fi, Demirhan\u2019a \u2018Sen e\u015fime mi bakt\u0131n?\u2019 diyerek sald\u0131rd\u0131. \u015eah\u0131s, \u0131sl\u0131k \u00e7alarak bir ba\u015fka grubu da olaya dahil etti. Tekme darbeleri de alan Demirhan\u2019\u0131n y\u00fcz\u00fcnde ve v\u00fccudunun \u00e7e\u015fitli b\u00f6lgelerinde yaralar olu\u015ftu.<\/p>\n<p>Olay\u0131n ard\u0131ndan polisler Demirhan\u2019\u0131n ifadesini ald\u0131, olay yerinde bulunan mobese kameralar\u0131 inceleniyor. Patrikhane&#8217;de yap\u0131lan a\u00e7\u0131klamaya g\u00f6re olayla ilgili 1 ki\u015fi g\u00f6zalt\u0131na al\u0131nd\u0131. Di\u011fer sald\u0131rganlar aran\u0131yor.<\/p>\n<p>Ambulansla hastaneye kald\u0131r\u0131lan Demirhan, b\u00f6bre\u011finde olu\u015fan hasar nedeniyle ameliyata al\u0131nd\u0131. Anneanne P\u0131rlanti Yald\u0131z, Agos\u2019a verdi\u011fi bilgide torununun sa\u011fl\u0131k durumunun iyiye gitti\u011fini ve yak\u0131n zamanda taburcu edilece\u011fini s\u00f6yledi.<\/p>\n<p>Yald\u0131z \u201cSaf bir \u00e7ocuktur. Pazar g\u00fcnleri \u00dcsk\u00fcdar Surp Ha\u00e7 Kilisesi\u2019nde ayinlerde g\u00f6rev al\u0131yor. Onun i\u00e7in dua ediyoruz. Doktorlar, karaci\u011fer ve b\u00f6bre\u011fini yormamas\u0131 gerekti\u011fini s\u00f6yledi. Taburcu olduktan sonra evinde istirahat edecek.\u201d<\/p>\n<p>Olay\u0131n ard\u0131ndan \u00dcsk\u00fcdar Surp Ha\u00e7 Kilisesi, Facebook sayfas\u0131ndan payla\u015f\u0131mda bulundu. Kilise y\u00f6netimine g\u00f6re sald\u0131r\u0131da \u0131rk\u00e7\u0131 bir y\u00f6n olup olmad\u0131\u011f\u0131 bilinmiyor.. A\u00e7\u0131klamada\u00a0 \u201cYap\u0131lan bu hain sald\u0131r\u0131y\u0131 \u00dcsk\u00fcdar Surp ha\u00e7 kilisesi ailesi olarak k\u0131n\u0131yor faillerin yakalan\u0131p adalete teslim olmalar\u0131n\u0131 temenni ediyor kendisine ve yak\u0131nlar\u0131na ge\u00e7mi\u015f olsun dileklerimizi iletip Allah&#8217;tan \u015fifa diliyoruz. Not: Sald\u0131r\u0131 sebebi net olarak bilinmemektedir. Vuku \u0131rk\u00e7\u0131 bir sald\u0131r\u0131 olarak alg\u0131lanmas\u0131n\u201d dendi.<\/p>\n<p>Patrik Sahak Ma\u015falyan ad\u0131na Patrik Vekili K\u0131demli\u00a0 Peder Krikor Damadyan da sald\u0131rya u\u011frayan gencin annesi Ar\u015faluys Demirhan\u2019la telefon g\u00f6r\u00fc\u015fmesi ger\u00e7ekle\u015ftirdi. Patrikhane&#8217;den yap\u0131lan a\u00e7\u0131klamada \u015f\u00f6yle dendi:<\/p>\n<p>&#8220;K\u0131demli Peder Krikor g\u00f6r\u00fc\u015fme esnas\u0131nda, Patrik Hazretleri\u2019nin \u00fcz\u00fcnt\u00fclerini iletirken, Arlen\u2019in sa\u011fl\u0131k durumu ve olay hakk\u0131nda\u00a0 bilgi ald\u0131. Olaya m\u00fcdahil olan emniyet g\u00fc\u00e7leri, olayla alakal\u0131 olarak tahkikata ba\u015flam\u0131\u015flard\u0131r. Tan\u0131klardan edinilen bilgiler de\u011ferlendirilerek sald\u0131rganlardan biri g\u00f6zalt\u0131na al\u0131nm\u0131\u015ft\u0131r. Emniyet yetkilileri olayla ilgili takibatlar\u0131n\u0131 s\u00fcrd\u00fcrmektedirler.&#8221;<\/p>\n<div class=\"current-author fl cb\"><em><strong>\u00a0<a class=\"a-none\" href=\"https:\/\/www.ermenihaber.am\/tr\/news\/2022\/07\/28\/%C4%B0stanbul-Ermeni-sald%C4%B1r%C4%B1\/234808\">Ermenihaber.am<\/a><\/strong><\/em><\/div>\n<div class=\"cb\"><\/div>\n<div class=\"current-socials\">\n<div id=\"st-1\" class=\"sharethis-inline-share-buttons st-left  st-inline-share-buttons st-animated\">\n<div class=\"st-btn st-first\" data-network=\"facebook\"><\/div>\n<\/div>\n<\/div>\n","protected":false},"excerpt":{"rendered":"<p>\u00dcsk\u00fcdar\u2019da ikamet eden Arlen Demirhan, bir grubun sald\u0131r\u0131s\u0131na u\u011frad\u0131. Yolda y\u00fcr\u00fcrken bir ki\u015fi \u2018Sen e\u015fime mi bakt\u0131n\u2019 gerek\u00e7esiyle Demirhan\u2019a sald\u0131rd\u0131. Olaya d\u00f6rt ki\u015filik bir grup daha dahil oldu. Y\u00fcz\u00fcnden ve v\u00fccudunda yaralar alan Demirhan, hastanede tedavi alt\u0131na al\u0131nd\u0131. Olayla ilgili bir ki\u015fi g\u00f6zalt\u0131na al\u0131nd\u0131. Olay, 22 Temmuz Cuma g\u00fcn\u00fc \u00dcsk\u00fcdar F\u0131st\u0131ka\u011fac\u0131\u2019nda meydana geldi. 21 ya\u015f\u0131ndaki [&hellip;]<\/p>\n","protected":false},"author":7,"featured_media":69471,"comment_status":"open","ping_status":"open","sticky":false,"template":"","format":"standard","meta":{"footnotes":""},"categories":[1],"tags":[],"class_list":["post-69470","post","type-post","status-publish","format-standard","has-post-thumbnail","hentry","category-haberler"],"yoast_head":"<!-- This site is optimized with the Yoast SEO plugin v27.4 - https:\/\/yoast.com\/product\/yoast-seo-wordpress\/ -->\n<title>\u0130stanbul&#039;da bir Ermeni gen\u00e7 5 ki\u015finin sald\u0131r\u0131s\u0131na u\u011frad\u0131 - Bati Ermenistan Ve Bati Ermenileri Sorunlari Ara\u015ftirmalar Merkezi<\/title>\n<meta name=\"robots\" content=\"index, follow, max-snippet:-1, max-image-preview:large, max-video-preview:-1\" \/>\n<link rel=\"canonical\" href=\"https:\/\/akunq.net\/tr\/?p=69470\" \/>\n<meta property=\"og:locale\" content=\"en_US\" \/>\n<meta property=\"og:type\" content=\"article\" \/>\n<meta property=\"og:title\" content=\"\u0130stanbul&#039;da bir Ermeni gen\u00e7 5 ki\u015finin sald\u0131r\u0131s\u0131na u\u011frad\u0131 - Bati Ermenistan Ve Bati Ermenileri Sorunlari Ara\u015ftirmalar Merkezi\" \/>\n<meta property=\"og:description\" content=\"\u00dcsk\u00fcdar\u2019da ikamet eden Arlen Demirhan, bir grubun sald\u0131r\u0131s\u0131na u\u011frad\u0131. Yolda y\u00fcr\u00fcrken bir ki\u015fi \u2018Sen e\u015fime mi bakt\u0131n\u2019 gerek\u00e7esiyle Demirhan\u2019a sald\u0131rd\u0131. Olaya d\u00f6rt ki\u015filik bir grup daha dahil oldu. Y\u00fcz\u00fcnden ve v\u00fccudunda yaralar alan Demirhan, hastanede tedavi alt\u0131na al\u0131nd\u0131. Olayla ilgili bir ki\u015fi g\u00f6zalt\u0131na al\u0131nd\u0131. Olay, 22 Temmuz Cuma g\u00fcn\u00fc \u00dcsk\u00fcdar F\u0131st\u0131ka\u011fac\u0131\u2019nda meydana geldi. 21 ya\u015f\u0131ndaki [&hellip;]\" \/>\n<meta property=\"og:url\" content=\"https:\/\/akunq.net\/tr\/?p=69470\" \/>\n<meta property=\"og:site_name\" content=\"Bati Ermenistan Ve Bati Ermenileri Sorunlari Ara\u015ftirmalar Merkezi\" \/>\n<meta property=\"article:published_time\" content=\"2022-07-29T06:16:32+00:00\" \/>\n<meta property=\"og:image\" content=\"https:\/\/akunq.net\/tr\/wp-content\/uploads\/sites\/6\/2022\/07\/Istanbulda-bir-Ermeni-genc.jpg\" \/>\n\t<meta property=\"og:image:width\" content=\"607\" \/>\n\t<meta property=\"og:image:height\" content=\"325\" \/>\n\t<meta property=\"og:image:type\" content=\"image\/jpeg\" \/>\n<meta name=\"author\" content=\"admin\" \/>\n<meta name=\"twitter:card\" content=\"summary_large_image\" \/>\n<meta name=\"twitter:label1\" content=\"Written by\" \/>\n\t<meta name=\"twitter:data1\" content=\"admin\" \/>\n\t<meta name=\"twitter:label2\" content=\"Est. reading time\" \/>\n\t<meta name=\"twitter:data2\" content=\"2 minutes\" \/>\n<script type=\"application\/ld+json\" class=\"yoast-schema-graph\">{\"@context\":\"https:\\\/\\\/schema.org\",\"@graph\":[{\"@type\":\"Article\",\"@id\":\"https:\\\/\\\/akunq.net\\\/tr\\\/?p=69470#article\",\"isPartOf\":{\"@id\":\"https:\\\/\\\/akunq.net\\\/tr\\\/?p=69470\"},\"author\":{\"name\":\"admin\",\"@id\":\"https:\\\/\\\/akunq.net\\\/tr\\\/#\\\/schema\\\/person\\\/096f1d38a12cce57fb855b485ed24c9e\"},\"headline\":\"\u0130stanbul&#8217;da bir Ermeni gen\u00e7 5 ki\u015finin sald\u0131r\u0131s\u0131na u\u011frad\u0131\",\"datePublished\":\"2022-07-29T06:16:32+00:00\",\"mainEntityOfPage\":{\"@id\":\"https:\\\/\\\/akunq.net\\\/tr\\\/?p=69470\"},\"wordCount\":481,\"commentCount\":0,\"image\":{\"@id\":\"https:\\\/\\\/akunq.net\\\/tr\\\/?p=69470#primaryimage\"},\"thumbnailUrl\":\"https:\\\/\\\/akunq.net\\\/tr\\\/wp-content\\\/uploads\\\/sites\\\/6\\\/2022\\\/07\\\/Istanbulda-bir-Ermeni-genc.jpg\",\"articleSection\":[\"Haberler\"],\"inLanguage\":\"en-US\",\"potentialAction\":[{\"@type\":\"CommentAction\",\"name\":\"Comment\",\"target\":[\"https:\\\/\\\/akunq.net\\\/tr\\\/?p=69470#respond\"]}]},{\"@type\":\"WebPage\",\"@id\":\"https:\\\/\\\/akunq.net\\\/tr\\\/?p=69470\",\"url\":\"https:\\\/\\\/akunq.net\\\/tr\\\/?p=69470\",\"name\":\"\u0130stanbul'da bir Ermeni gen\u00e7 5 ki\u015finin sald\u0131r\u0131s\u0131na u\u011frad\u0131 - Bati Ermenistan Ve Bati Ermenileri Sorunlari Ara\u015ftirmalar Merkezi\",\"isPartOf\":{\"@id\":\"https:\\\/\\\/akunq.net\\\/tr\\\/#website\"},\"primaryImageOfPage\":{\"@id\":\"https:\\\/\\\/akunq.net\\\/tr\\\/?p=69470#primaryimage\"},\"image\":{\"@id\":\"https:\\\/\\\/akunq.net\\\/tr\\\/?p=69470#primaryimage\"},\"thumbnailUrl\":\"https:\\\/\\\/akunq.net\\\/tr\\\/wp-content\\\/uploads\\\/sites\\\/6\\\/2022\\\/07\\\/Istanbulda-bir-Ermeni-genc.jpg\",\"datePublished\":\"2022-07-29T06:16:32+00:00\",\"author\":{\"@id\":\"https:\\\/\\\/akunq.net\\\/tr\\\/#\\\/schema\\\/person\\\/096f1d38a12cce57fb855b485ed24c9e\"},\"breadcrumb\":{\"@id\":\"https:\\\/\\\/akunq.net\\\/tr\\\/?p=69470#breadcrumb\"},\"inLanguage\":\"en-US\",\"potentialAction\":[{\"@type\":\"ReadAction\",\"target\":[\"https:\\\/\\\/akunq.net\\\/tr\\\/?p=69470\"]}]},{\"@type\":\"ImageObject\",\"inLanguage\":\"en-US\",\"@id\":\"https:\\\/\\\/akunq.net\\\/tr\\\/?p=69470#primaryimage\",\"url\":\"https:\\\/\\\/akunq.net\\\/tr\\\/wp-content\\\/uploads\\\/sites\\\/6\\\/2022\\\/07\\\/Istanbulda-bir-Ermeni-genc.jpg\",\"contentUrl\":\"https:\\\/\\\/akunq.net\\\/tr\\\/wp-content\\\/uploads\\\/sites\\\/6\\\/2022\\\/07\\\/Istanbulda-bir-Ermeni-genc.jpg\",\"width\":607,\"height\":325},{\"@type\":\"BreadcrumbList\",\"@id\":\"https:\\\/\\\/akunq.net\\\/tr\\\/?p=69470#breadcrumb\",\"itemListElement\":[{\"@type\":\"ListItem\",\"position\":1,\"name\":\"Home\",\"item\":\"https:\\\/\\\/akunq.net\\\/tr\"},{\"@type\":\"ListItem\",\"position\":2,\"name\":\"\u0130stanbul&#8217;da bir Ermeni gen\u00e7 5 ki\u015finin sald\u0131r\u0131s\u0131na u\u011frad\u0131\"}]},{\"@type\":\"WebSite\",\"@id\":\"https:\\\/\\\/akunq.net\\\/tr\\\/#website\",\"url\":\"https:\\\/\\\/akunq.net\\\/tr\\\/\",\"name\":\"Bati Ermenistan Ve Bati Ermenileri Sorunlari Ara\u015ftirmalar Merkezi\",\"description\":\"\",\"potentialAction\":[{\"@type\":\"SearchAction\",\"target\":{\"@type\":\"EntryPoint\",\"urlTemplate\":\"https:\\\/\\\/akunq.net\\\/tr\\\/?s={search_term_string}\"},\"query-input\":{\"@type\":\"PropertyValueSpecification\",\"valueRequired\":true,\"valueName\":\"search_term_string\"}}],\"inLanguage\":\"en-US\"},{\"@type\":\"Person\",\"@id\":\"https:\\\/\\\/akunq.net\\\/tr\\\/#\\\/schema\\\/person\\\/096f1d38a12cce57fb855b485ed24c9e\",\"name\":\"admin\",\"url\":\"https:\\\/\\\/akunq.net\\\/tr\\\/?author=7\"}]}<\/script>\n<!-- \/ Yoast SEO plugin. -->","yoast_head_json":{"title":"\u0130stanbul'da bir Ermeni gen\u00e7 5 ki\u015finin sald\u0131r\u0131s\u0131na u\u011frad\u0131 - Bati Ermenistan Ve Bati Ermenileri Sorunlari Ara\u015ftirmalar Merkezi","robots":{"index":"index","follow":"follow","max-snippet":"max-snippet:-1","max-image-preview":"max-image-preview:large","max-video-preview":"max-video-preview:-1"},"canonical":"https:\/\/akunq.net\/tr\/?p=69470","og_locale":"en_US","og_type":"article","og_title":"\u0130stanbul'da bir Ermeni gen\u00e7 5 ki\u015finin sald\u0131r\u0131s\u0131na u\u011frad\u0131 - Bati Ermenistan Ve Bati Ermenileri Sorunlari Ara\u015ftirmalar Merkezi","og_description":"\u00dcsk\u00fcdar\u2019da ikamet eden Arlen Demirhan, bir grubun sald\u0131r\u0131s\u0131na u\u011frad\u0131. Yolda y\u00fcr\u00fcrken bir ki\u015fi \u2018Sen e\u015fime mi bakt\u0131n\u2019 gerek\u00e7esiyle Demirhan\u2019a sald\u0131rd\u0131. Olaya d\u00f6rt ki\u015filik bir grup daha dahil oldu. Y\u00fcz\u00fcnden ve v\u00fccudunda yaralar alan Demirhan, hastanede tedavi alt\u0131na al\u0131nd\u0131. Olayla ilgili bir ki\u015fi g\u00f6zalt\u0131na al\u0131nd\u0131. Olay, 22 Temmuz Cuma g\u00fcn\u00fc \u00dcsk\u00fcdar F\u0131st\u0131ka\u011fac\u0131\u2019nda meydana geldi. 21 ya\u015f\u0131ndaki [&hellip;]","og_url":"https:\/\/akunq.net\/tr\/?p=69470","og_site_name":"Bati Ermenistan Ve Bati Ermenileri Sorunlari Ara\u015ftirmalar Merkezi","article_published_time":"2022-07-29T06:16:32+00:00","og_image":[{"width":607,"height":325,"url":"https:\/\/akunq.net\/tr\/wp-content\/uploads\/sites\/6\/2022\/07\/Istanbulda-bir-Ermeni-genc.jpg","type":"image\/jpeg"}],"author":"admin","twitter_card":"summary_large_image","twitter_misc":{"Written by":"admin","Est. reading time":"2 minutes"},"schema":{"@context":"https:\/\/schema.org","@graph":[{"@type":"Article","@id":"https:\/\/akunq.net\/tr\/?p=69470#article","isPartOf":{"@id":"https:\/\/akunq.net\/tr\/?p=69470"},"author":{"name":"admin","@id":"https:\/\/akunq.net\/tr\/#\/schema\/person\/096f1d38a12cce57fb855b485ed24c9e"},"headline":"\u0130stanbul&#8217;da bir Ermeni gen\u00e7 5 ki\u015finin sald\u0131r\u0131s\u0131na u\u011frad\u0131","datePublished":"2022-07-29T06:16:32+00:00","mainEntityOfPage":{"@id":"https:\/\/akunq.net\/tr\/?p=69470"},"wordCount":481,"commentCount":0,"image":{"@id":"https:\/\/akunq.net\/tr\/?p=69470#primaryimage"},"thumbnailUrl":"https:\/\/akunq.net\/tr\/wp-content\/uploads\/sites\/6\/2022\/07\/Istanbulda-bir-Ermeni-genc.jpg","articleSection":["Haberler"],"inLanguage":"en-US","potentialAction":[{"@type":"CommentAction","name":"Comment","target":["https:\/\/akunq.net\/tr\/?p=69470#respond"]}]},{"@type":"WebPage","@id":"https:\/\/akunq.net\/tr\/?p=69470","url":"https:\/\/akunq.net\/tr\/?p=69470","name":"\u0130stanbul'da bir Ermeni gen\u00e7 5 ki\u015finin sald\u0131r\u0131s\u0131na u\u011frad\u0131 - Bati Ermenistan Ve Bati Ermenileri Sorunlari Ara\u015ftirmalar Merkezi","isPartOf":{"@id":"https:\/\/akunq.net\/tr\/#website"},"primaryImageOfPage":{"@id":"https:\/\/akunq.net\/tr\/?p=69470#primaryimage"},"image":{"@id":"https:\/\/akunq.net\/tr\/?p=69470#primaryimage"},"thumbnailUrl":"https:\/\/akunq.net\/tr\/wp-content\/uploads\/sites\/6\/2022\/07\/Istanbulda-bir-Ermeni-genc.jpg","datePublished":"2022-07-29T06:16:32+00:00","author":{"@id":"https:\/\/akunq.net\/tr\/#\/schema\/person\/096f1d38a12cce57fb855b485ed24c9e"},"breadcrumb":{"@id":"https:\/\/akunq.net\/tr\/?p=69470#breadcrumb"},"inLanguage":"en-US","potentialAction":[{"@type":"ReadAction","target":["https:\/\/akunq.net\/tr\/?p=69470"]}]},{"@type":"ImageObject","inLanguage":"en-US","@id":"https:\/\/akunq.net\/tr\/?p=69470#primaryimage","url":"https:\/\/akunq.net\/tr\/wp-content\/uploads\/sites\/6\/2022\/07\/Istanbulda-bir-Ermeni-genc.jpg","contentUrl":"https:\/\/akunq.net\/tr\/wp-content\/uploads\/sites\/6\/2022\/07\/Istanbulda-bir-Ermeni-genc.jpg","width":607,"height":325},{"@type":"BreadcrumbList","@id":"https:\/\/akunq.net\/tr\/?p=69470#breadcrumb","itemListElement":[{"@type":"ListItem","position":1,"name":"Home","item":"https:\/\/akunq.net\/tr"},{"@type":"ListItem","position":2,"name":"\u0130stanbul&#8217;da bir Ermeni gen\u00e7 5 ki\u015finin sald\u0131r\u0131s\u0131na u\u011frad\u0131"}]},{"@type":"WebSite","@id":"https:\/\/akunq.net\/tr\/#website","url":"https:\/\/akunq.net\/tr\/","name":"Bati Ermenistan Ve Bati Ermenileri Sorunlari Ara\u015ftirmalar Merkezi","description":"","potentialAction":[{"@type":"SearchAction","target":{"@type":"EntryPoint","urlTemplate":"https:\/\/akunq.net\/tr\/?s={search_term_string}"},"query-input":{"@type":"PropertyValueSpecification","valueRequired":true,"valueName":"search_term_string"}}],"inLanguage":"en-US"},{"@type":"Person","@id":"https:\/\/akunq.net\/tr\/#\/schema\/person\/096f1d38a12cce57fb855b485ed24c9e","name":"admin","url":"https:\/\/akunq.net\/tr\/?author=7"}]}},"_links":{"self":[{"href":"https:\/\/akunq.net\/tr\/index.php?rest_route=\/wp\/v2\/posts\/69470","targetHints":{"allow":["GET"]}}],"collection":[{"href":"https:\/\/akunq.net\/tr\/index.php?rest_route=\/wp\/v2\/posts"}],"about":[{"href":"https:\/\/akunq.net\/tr\/index.php?rest_route=\/wp\/v2\/types\/post"}],"author":[{"embeddable":true,"href":"https:\/\/akunq.net\/tr\/index.php?rest_route=\/wp\/v2\/users\/7"}],"replies":[{"embeddable":true,"href":"https:\/\/akunq.net\/tr\/index.php?rest_route=%2Fwp%2Fv2%2Fcomments&post=69470"}],"version-history":[{"count":1,"href":"https:\/\/akunq.net\/tr\/index.php?rest_route=\/wp\/v2\/posts\/69470\/revisions"}],"predecessor-version":[{"id":69472,"href":"https:\/\/akunq.net\/tr\/index.php?rest_route=\/wp\/v2\/posts\/69470\/revisions\/69472"}],"wp:featuredmedia":[{"embeddable":true,"href":"https:\/\/akunq.net\/tr\/index.php?rest_route=\/wp\/v2\/media\/69471"}],"wp:attachment":[{"href":"https:\/\/akunq.net\/tr\/index.php?rest_route=%2Fwp%2Fv2%2Fmedia&parent=69470"}],"wp:term":[{"taxonomy":"category","embeddable":true,"href":"https:\/\/akunq.net\/tr\/index.php?rest_route=%2Fwp%2Fv2%2Fcategories&post=69470"},{"taxonomy":"post_tag","embeddable":true,"href":"https:\/\/akunq.net\/tr\/index.php?rest_route=%2Fwp%2Fv2%2Ftags&post=69470"}],"curies":[{"name":"wp","href":"https:\/\/api.w.org\/{rel}","templated":true}]}}