{"id":69468,"date":"2022-07-28T03:53:18","date_gmt":"2022-07-28T08:53:18","guid":{"rendered":"https:\/\/akunq.net\/tr\/?p=69468"},"modified":"2022-07-28T03:53:18","modified_gmt":"2022-07-28T08:53:18","slug":"adiyamanda-kacak-kazi-yapilan-mezar-odasindan-27-iskelet-cikti","status":"publish","type":"post","link":"https:\/\/akunq.net\/tr\/?p=69468","title":{"rendered":"Ad\u0131yaman\u2019da ka\u00e7ak kaz\u0131 yap\u0131lan mezar odas\u0131ndan 27 iskelet \u00e7\u0131kt\u0131"},"content":{"rendered":"<p>&nbsp;<\/p>\n<p><em><strong>Ad\u0131yaman\u2019da defineciler taraf\u0131ndan ka\u00e7ak kaz\u0131 yap\u0131lan Roma D\u00f6nemi\u2019ne ait yakla\u015f\u0131k 10 metrekarelik bir mezar odas\u0131ndan 27 adet iskelet \u00e7\u0131kt\u0131.<\/strong><\/em><\/p>\n<p>Olay, Ad\u0131yaman\u2019\u0131n G\u00f6lba\u015f\u0131 il\u00e7esi \u00d6renli k\u00f6y\u00fcnde meydana geldi. Defineciler taraf\u0131ndan i\u015f makinas\u0131yla giri\u015f k\u0131sm\u0131 a\u00e7\u0131lan ve ka\u00e7ak kaz\u0131 yap\u0131lan bin 700 y\u0131ll\u0131k tarihi mezar odas\u0131n\u0131n toplu mezar oldu\u011fu ortaya \u00e7\u0131kt\u0131. Ka\u00e7ak kaz\u0131 yap\u0131ld\u0131\u011f\u0131 fark eden k\u00f6yl\u00fcler durumu jandarma ekiplerine bildirdi. Olay yerine giden ekipler defineciler taraf\u0131ndan kaz\u0131lan mezar ile ilgili Ad\u0131yaman M\u00fcze M\u00fcd\u00fcrl\u00fc\u011f\u00fc\u2019ne bilgi verdi.<\/p>\n<p>Ad\u0131yaman M\u00fcze M\u00fcd\u00fcrl\u00fc\u011f\u00fc yetkilileri, defineciler taraf\u0131ndan tahrip edilen Roma D\u00f6nemi\u2019ne ait mezarda yapt\u0131klar\u0131 kaz\u0131da ilgin\u00e7 bir durum ile kar\u015f\u0131la\u015ft\u0131. \u0130\u00e7erisinde sadece 1 adet kaya mezar bulunan odada 27 iskelet \u00e7\u0131kart\u0131ld\u0131.<\/p>\n<p>Ola\u011fan d\u0131\u015f\u0131 bu durum ile ilgili M\u00fcze M\u00fcd\u00fcrl\u00fc\u011f\u00fc yetkilileri, daha \u00f6nce say\u0131 olarak hi\u00e7 bu kadar iskeletin bir oda mezar\u0131nda g\u00f6r\u00fclmedi\u011fini dile getirdi.<\/p>\n<p>Oda mezarda kaz\u0131 \u00e7al\u0131\u015fmas\u0131 yapan ekipler, 27 iskeletin yan\u0131 s\u0131ra a\u011f\u0131rsak ve cam g\u00f6z ya\u015f\u0131 \u015fi\u015fesi de buldu. Mezar odas\u0131nda bulunan iskeletler, temizlenerek Ad\u0131yaman M\u00fcze M\u00fcd\u00fcrl\u00fc\u011f\u00fc\u2019ne getirildi.<\/p>\n<p>Jandarma ekipleri ka\u00e7ak kaz\u0131 yapan ki\u015filerin yakalanmas\u0131 i\u00e7in \u00e7al\u0131\u015fma ba\u015flatt\u0131.<\/p>\n<hr \/>\n<p><em><strong><a href=\"https:\/\/www.hurriyet.com.tr\/gundem\/adiyamanda-kacak-kazi-yapilan-mezar-odasindan-27-iskelet-cikti-42107879\" target=\"_blank\" rel=\"noopener\">H\u00fcrriyet Gazetesi<\/a>\u00a0<\/strong><\/em><\/p>\n","protected":false},"excerpt":{"rendered":"<p>&nbsp; Ad\u0131yaman\u2019da defineciler taraf\u0131ndan ka\u00e7ak kaz\u0131 yap\u0131lan Roma D\u00f6nemi\u2019ne ait yakla\u015f\u0131k 10 metrekarelik bir mezar odas\u0131ndan 27 adet iskelet \u00e7\u0131kt\u0131. Olay, Ad\u0131yaman\u2019\u0131n G\u00f6lba\u015f\u0131 il\u00e7esi \u00d6renli k\u00f6y\u00fcnde meydana geldi. Defineciler taraf\u0131ndan i\u015f makinas\u0131yla giri\u015f k\u0131sm\u0131 a\u00e7\u0131lan ve ka\u00e7ak kaz\u0131 yap\u0131lan bin 700 y\u0131ll\u0131k tarihi mezar odas\u0131n\u0131n toplu mezar oldu\u011fu ortaya \u00e7\u0131kt\u0131. Ka\u00e7ak kaz\u0131 yap\u0131ld\u0131\u011f\u0131 fark eden [&hellip;]<\/p>\n","protected":false},"author":7,"featured_media":0,"comment_status":"open","ping_status":"open","sticky":false,"template":"","format":"standard","meta":{"footnotes":""},"categories":[1],"tags":[],"class_list":["post-69468","post","type-post","status-publish","format-standard","hentry","category-haberler"],"yoast_head":"<!-- This site is optimized with the Yoast SEO plugin v27.4 - https:\/\/yoast.com\/product\/yoast-seo-wordpress\/ -->\n<title>Ad\u0131yaman\u2019da ka\u00e7ak kaz\u0131 yap\u0131lan mezar odas\u0131ndan 27 iskelet \u00e7\u0131kt\u0131 - Bati Ermenistan Ve Bati Ermenileri Sorunlari Ara\u015ftirmalar Merkezi<\/title>\n<meta name=\"robots\" content=\"index, follow, max-snippet:-1, max-image-preview:large, max-video-preview:-1\" \/>\n<link rel=\"canonical\" href=\"https:\/\/akunq.net\/tr\/?p=69468\" \/>\n<meta property=\"og:locale\" content=\"en_US\" \/>\n<meta property=\"og:type\" content=\"article\" \/>\n<meta property=\"og:title\" content=\"Ad\u0131yaman\u2019da ka\u00e7ak kaz\u0131 yap\u0131lan mezar odas\u0131ndan 27 iskelet \u00e7\u0131kt\u0131 - Bati Ermenistan Ve Bati Ermenileri Sorunlari Ara\u015ftirmalar Merkezi\" \/>\n<meta property=\"og:description\" content=\"&nbsp; Ad\u0131yaman\u2019da defineciler taraf\u0131ndan ka\u00e7ak kaz\u0131 yap\u0131lan Roma D\u00f6nemi\u2019ne ait yakla\u015f\u0131k 10 metrekarelik bir mezar odas\u0131ndan 27 adet iskelet \u00e7\u0131kt\u0131. Olay, Ad\u0131yaman\u2019\u0131n G\u00f6lba\u015f\u0131 il\u00e7esi \u00d6renli k\u00f6y\u00fcnde meydana geldi. Defineciler taraf\u0131ndan i\u015f makinas\u0131yla giri\u015f k\u0131sm\u0131 a\u00e7\u0131lan ve ka\u00e7ak kaz\u0131 yap\u0131lan bin 700 y\u0131ll\u0131k tarihi mezar odas\u0131n\u0131n toplu mezar oldu\u011fu ortaya \u00e7\u0131kt\u0131. Ka\u00e7ak kaz\u0131 yap\u0131ld\u0131\u011f\u0131 fark eden [&hellip;]\" \/>\n<meta property=\"og:url\" content=\"https:\/\/akunq.net\/tr\/?p=69468\" \/>\n<meta property=\"og:site_name\" content=\"Bati Ermenistan Ve Bati Ermenileri Sorunlari Ara\u015ftirmalar Merkezi\" \/>\n<meta property=\"article:published_time\" content=\"2022-07-28T08:53:18+00:00\" \/>\n<meta name=\"author\" content=\"admin\" \/>\n<meta name=\"twitter:card\" content=\"summary_large_image\" \/>\n<meta name=\"twitter:label1\" content=\"Written by\" \/>\n\t<meta name=\"twitter:data1\" content=\"admin\" \/>\n\t<meta name=\"twitter:label2\" content=\"Est. reading time\" \/>\n\t<meta name=\"twitter:data2\" content=\"1 minute\" \/>\n<script type=\"application\/ld+json\" class=\"yoast-schema-graph\">{\"@context\":\"https:\\\/\\\/schema.org\",\"@graph\":[{\"@type\":\"Article\",\"@id\":\"https:\\\/\\\/akunq.net\\\/tr\\\/?p=69468#article\",\"isPartOf\":{\"@id\":\"https:\\\/\\\/akunq.net\\\/tr\\\/?p=69468\"},\"author\":{\"name\":\"admin\",\"@id\":\"https:\\\/\\\/akunq.net\\\/tr\\\/#\\\/schema\\\/person\\\/096f1d38a12cce57fb855b485ed24c9e\"},\"headline\":\"Ad\u0131yaman\u2019da ka\u00e7ak kaz\u0131 yap\u0131lan mezar odas\u0131ndan 27 iskelet \u00e7\u0131kt\u0131\",\"datePublished\":\"2022-07-28T08:53:18+00:00\",\"mainEntityOfPage\":{\"@id\":\"https:\\\/\\\/akunq.net\\\/tr\\\/?p=69468\"},\"wordCount\":248,\"commentCount\":0,\"articleSection\":[\"Haberler\"],\"inLanguage\":\"en-US\",\"potentialAction\":[{\"@type\":\"CommentAction\",\"name\":\"Comment\",\"target\":[\"https:\\\/\\\/akunq.net\\\/tr\\\/?p=69468#respond\"]}]},{\"@type\":\"WebPage\",\"@id\":\"https:\\\/\\\/akunq.net\\\/tr\\\/?p=69468\",\"url\":\"https:\\\/\\\/akunq.net\\\/tr\\\/?p=69468\",\"name\":\"Ad\u0131yaman\u2019da ka\u00e7ak kaz\u0131 yap\u0131lan mezar odas\u0131ndan 27 iskelet \u00e7\u0131kt\u0131 - Bati Ermenistan Ve Bati Ermenileri Sorunlari Ara\u015ftirmalar Merkezi\",\"isPartOf\":{\"@id\":\"https:\\\/\\\/akunq.net\\\/tr\\\/#website\"},\"datePublished\":\"2022-07-28T08:53:18+00:00\",\"author\":{\"@id\":\"https:\\\/\\\/akunq.net\\\/tr\\\/#\\\/schema\\\/person\\\/096f1d38a12cce57fb855b485ed24c9e\"},\"breadcrumb\":{\"@id\":\"https:\\\/\\\/akunq.net\\\/tr\\\/?p=69468#breadcrumb\"},\"inLanguage\":\"en-US\",\"potentialAction\":[{\"@type\":\"ReadAction\",\"target\":[\"https:\\\/\\\/akunq.net\\\/tr\\\/?p=69468\"]}]},{\"@type\":\"BreadcrumbList\",\"@id\":\"https:\\\/\\\/akunq.net\\\/tr\\\/?p=69468#breadcrumb\",\"itemListElement\":[{\"@type\":\"ListItem\",\"position\":1,\"name\":\"Home\",\"item\":\"https:\\\/\\\/akunq.net\\\/tr\"},{\"@type\":\"ListItem\",\"position\":2,\"name\":\"Ad\u0131yaman\u2019da ka\u00e7ak kaz\u0131 yap\u0131lan mezar odas\u0131ndan 27 iskelet \u00e7\u0131kt\u0131\"}]},{\"@type\":\"WebSite\",\"@id\":\"https:\\\/\\\/akunq.net\\\/tr\\\/#website\",\"url\":\"https:\\\/\\\/akunq.net\\\/tr\\\/\",\"name\":\"Bati Ermenistan Ve Bati Ermenileri Sorunlari Ara\u015ftirmalar Merkezi\",\"description\":\"\",\"potentialAction\":[{\"@type\":\"SearchAction\",\"target\":{\"@type\":\"EntryPoint\",\"urlTemplate\":\"https:\\\/\\\/akunq.net\\\/tr\\\/?s={search_term_string}\"},\"query-input\":{\"@type\":\"PropertyValueSpecification\",\"valueRequired\":true,\"valueName\":\"search_term_string\"}}],\"inLanguage\":\"en-US\"},{\"@type\":\"Person\",\"@id\":\"https:\\\/\\\/akunq.net\\\/tr\\\/#\\\/schema\\\/person\\\/096f1d38a12cce57fb855b485ed24c9e\",\"name\":\"admin\",\"url\":\"https:\\\/\\\/akunq.net\\\/tr\\\/?author=7\"}]}<\/script>\n<!-- \/ Yoast SEO plugin. -->","yoast_head_json":{"title":"Ad\u0131yaman\u2019da ka\u00e7ak kaz\u0131 yap\u0131lan mezar odas\u0131ndan 27 iskelet \u00e7\u0131kt\u0131 - Bati Ermenistan Ve Bati Ermenileri Sorunlari Ara\u015ftirmalar Merkezi","robots":{"index":"index","follow":"follow","max-snippet":"max-snippet:-1","max-image-preview":"max-image-preview:large","max-video-preview":"max-video-preview:-1"},"canonical":"https:\/\/akunq.net\/tr\/?p=69468","og_locale":"en_US","og_type":"article","og_title":"Ad\u0131yaman\u2019da ka\u00e7ak kaz\u0131 yap\u0131lan mezar odas\u0131ndan 27 iskelet \u00e7\u0131kt\u0131 - Bati Ermenistan Ve Bati Ermenileri Sorunlari Ara\u015ftirmalar Merkezi","og_description":"&nbsp; Ad\u0131yaman\u2019da defineciler taraf\u0131ndan ka\u00e7ak kaz\u0131 yap\u0131lan Roma D\u00f6nemi\u2019ne ait yakla\u015f\u0131k 10 metrekarelik bir mezar odas\u0131ndan 27 adet iskelet \u00e7\u0131kt\u0131. Olay, Ad\u0131yaman\u2019\u0131n G\u00f6lba\u015f\u0131 il\u00e7esi \u00d6renli k\u00f6y\u00fcnde meydana geldi. Defineciler taraf\u0131ndan i\u015f makinas\u0131yla giri\u015f k\u0131sm\u0131 a\u00e7\u0131lan ve ka\u00e7ak kaz\u0131 yap\u0131lan bin 700 y\u0131ll\u0131k tarihi mezar odas\u0131n\u0131n toplu mezar oldu\u011fu ortaya \u00e7\u0131kt\u0131. Ka\u00e7ak kaz\u0131 yap\u0131ld\u0131\u011f\u0131 fark eden [&hellip;]","og_url":"https:\/\/akunq.net\/tr\/?p=69468","og_site_name":"Bati Ermenistan Ve Bati Ermenileri Sorunlari Ara\u015ftirmalar Merkezi","article_published_time":"2022-07-28T08:53:18+00:00","author":"admin","twitter_card":"summary_large_image","twitter_misc":{"Written by":"admin","Est. reading time":"1 minute"},"schema":{"@context":"https:\/\/schema.org","@graph":[{"@type":"Article","@id":"https:\/\/akunq.net\/tr\/?p=69468#article","isPartOf":{"@id":"https:\/\/akunq.net\/tr\/?p=69468"},"author":{"name":"admin","@id":"https:\/\/akunq.net\/tr\/#\/schema\/person\/096f1d38a12cce57fb855b485ed24c9e"},"headline":"Ad\u0131yaman\u2019da ka\u00e7ak kaz\u0131 yap\u0131lan mezar odas\u0131ndan 27 iskelet \u00e7\u0131kt\u0131","datePublished":"2022-07-28T08:53:18+00:00","mainEntityOfPage":{"@id":"https:\/\/akunq.net\/tr\/?p=69468"},"wordCount":248,"commentCount":0,"articleSection":["Haberler"],"inLanguage":"en-US","potentialAction":[{"@type":"CommentAction","name":"Comment","target":["https:\/\/akunq.net\/tr\/?p=69468#respond"]}]},{"@type":"WebPage","@id":"https:\/\/akunq.net\/tr\/?p=69468","url":"https:\/\/akunq.net\/tr\/?p=69468","name":"Ad\u0131yaman\u2019da ka\u00e7ak kaz\u0131 yap\u0131lan mezar odas\u0131ndan 27 iskelet \u00e7\u0131kt\u0131 - Bati Ermenistan Ve Bati Ermenileri Sorunlari Ara\u015ftirmalar Merkezi","isPartOf":{"@id":"https:\/\/akunq.net\/tr\/#website"},"datePublished":"2022-07-28T08:53:18+00:00","author":{"@id":"https:\/\/akunq.net\/tr\/#\/schema\/person\/096f1d38a12cce57fb855b485ed24c9e"},"breadcrumb":{"@id":"https:\/\/akunq.net\/tr\/?p=69468#breadcrumb"},"inLanguage":"en-US","potentialAction":[{"@type":"ReadAction","target":["https:\/\/akunq.net\/tr\/?p=69468"]}]},{"@type":"BreadcrumbList","@id":"https:\/\/akunq.net\/tr\/?p=69468#breadcrumb","itemListElement":[{"@type":"ListItem","position":1,"name":"Home","item":"https:\/\/akunq.net\/tr"},{"@type":"ListItem","position":2,"name":"Ad\u0131yaman\u2019da ka\u00e7ak kaz\u0131 yap\u0131lan mezar odas\u0131ndan 27 iskelet \u00e7\u0131kt\u0131"}]},{"@type":"WebSite","@id":"https:\/\/akunq.net\/tr\/#website","url":"https:\/\/akunq.net\/tr\/","name":"Bati Ermenistan Ve Bati Ermenileri Sorunlari Ara\u015ftirmalar Merkezi","description":"","potentialAction":[{"@type":"SearchAction","target":{"@type":"EntryPoint","urlTemplate":"https:\/\/akunq.net\/tr\/?s={search_term_string}"},"query-input":{"@type":"PropertyValueSpecification","valueRequired":true,"valueName":"search_term_string"}}],"inLanguage":"en-US"},{"@type":"Person","@id":"https:\/\/akunq.net\/tr\/#\/schema\/person\/096f1d38a12cce57fb855b485ed24c9e","name":"admin","url":"https:\/\/akunq.net\/tr\/?author=7"}]}},"_links":{"self":[{"href":"https:\/\/akunq.net\/tr\/index.php?rest_route=\/wp\/v2\/posts\/69468","targetHints":{"allow":["GET"]}}],"collection":[{"href":"https:\/\/akunq.net\/tr\/index.php?rest_route=\/wp\/v2\/posts"}],"about":[{"href":"https:\/\/akunq.net\/tr\/index.php?rest_route=\/wp\/v2\/types\/post"}],"author":[{"embeddable":true,"href":"https:\/\/akunq.net\/tr\/index.php?rest_route=\/wp\/v2\/users\/7"}],"replies":[{"embeddable":true,"href":"https:\/\/akunq.net\/tr\/index.php?rest_route=%2Fwp%2Fv2%2Fcomments&post=69468"}],"version-history":[{"count":1,"href":"https:\/\/akunq.net\/tr\/index.php?rest_route=\/wp\/v2\/posts\/69468\/revisions"}],"predecessor-version":[{"id":69469,"href":"https:\/\/akunq.net\/tr\/index.php?rest_route=\/wp\/v2\/posts\/69468\/revisions\/69469"}],"wp:attachment":[{"href":"https:\/\/akunq.net\/tr\/index.php?rest_route=%2Fwp%2Fv2%2Fmedia&parent=69468"}],"wp:term":[{"taxonomy":"category","embeddable":true,"href":"https:\/\/akunq.net\/tr\/index.php?rest_route=%2Fwp%2Fv2%2Fcategories&post=69468"},{"taxonomy":"post_tag","embeddable":true,"href":"https:\/\/akunq.net\/tr\/index.php?rest_route=%2Fwp%2Fv2%2Ftags&post=69468"}],"curies":[{"name":"wp","href":"https:\/\/api.w.org\/{rel}","templated":true}]}}