{"id":69451,"date":"2022-07-27T02:58:16","date_gmt":"2022-07-27T07:58:16","guid":{"rendered":"https:\/\/akunq.net\/tr\/?p=69451"},"modified":"2022-07-27T02:58:16","modified_gmt":"2022-07-27T07:58:16","slug":"disisleri-bakan-yardimcisi-kaymakci-hedefimiz-abye-tam-uyelik","status":"publish","type":"post","link":"https:\/\/akunq.net\/tr\/?p=69451","title":{"rendered":"D\u0131\u015fi\u015fleri Bakan Yard\u0131mc\u0131s\u0131 Kaymakc\u0131: Hedefimiz AB&#8217;ye tam \u00fcyelik"},"content":{"rendered":"<p><img loading=\"lazy\" decoding=\"async\" class=\"aligncenter size-medium wp-image-69452\" src=\"https:\/\/akunq.net\/tr\/wp-content\/uploads\/2022\/07\/\u0556\u0561\u0580\u0578\u0582\u0584-\u0554\u0561\u0575\u0574\u0561\u0584\u0579\u056b-360x242.jpg\" alt=\"\" width=\"360\" height=\"242\" srcset=\"https:\/\/akunq.net\/tr\/wp-content\/uploads\/sites\/6\/2022\/07\/\u0556\u0561\u0580\u0578\u0582\u0584-\u0554\u0561\u0575\u0574\u0561\u0584\u0579\u056b-360x242.jpg 360w, https:\/\/akunq.net\/tr\/wp-content\/uploads\/sites\/6\/2022\/07\/\u0556\u0561\u0580\u0578\u0582\u0584-\u0554\u0561\u0575\u0574\u0561\u0584\u0579\u056b-560x376.jpg 560w, https:\/\/akunq.net\/tr\/wp-content\/uploads\/sites\/6\/2022\/07\/\u0556\u0561\u0580\u0578\u0582\u0584-\u0554\u0561\u0575\u0574\u0561\u0584\u0579\u056b-260x175.jpg 260w, https:\/\/akunq.net\/tr\/wp-content\/uploads\/sites\/6\/2022\/07\/\u0556\u0561\u0580\u0578\u0582\u0584-\u0554\u0561\u0575\u0574\u0561\u0584\u0579\u056b-160x107.jpg 160w, https:\/\/akunq.net\/tr\/wp-content\/uploads\/sites\/6\/2022\/07\/\u0556\u0561\u0580\u0578\u0582\u0584-\u0554\u0561\u0575\u0574\u0561\u0584\u0579\u056b.jpg 670w\" sizes=\"auto, (max-width: 360px) 100vw, 360px\" \/><\/p>\n<p class=\"detail__spot\"><em><strong>D\u0131\u015fi\u015fleri Bakan Yard\u0131mc\u0131s\u0131 Faruk Kaymakc\u0131, hedeflerinin Avrupa Birli\u011fi&#8217;ne tam \u00fcyelik oldu\u011funu belirterek, &#8220;Bu s\u00fcre\u00e7te de G\u00fcmr\u00fck Birli\u011fi g\u00fcncellenmesi, vize serbestisi, g\u00fcvenlikten savunmaya her alanda i\u015f birli\u011fini AB ile artt\u0131rmak istiyoruz&#8221; ifadelerini kulland\u0131.<\/strong><\/em><\/p>\n<p>D\u0131\u015fi\u015fleri Bakan Yard\u0131mc\u0131s\u0131 ve Avrupa Birli\u011fi (AB) Ba\u015fkan\u0131 Faruk Kaymakc\u0131, &#8220;Bizim i\u00e7in AB ile ili\u015fkilerimiz yaln\u0131zca yapt\u0131\u011f\u0131m\u0131z ortak projelerden ibaret de\u011fil. Hedefimiz tam \u00fcyelik&#8221; dedi.<\/p>\n<p>T\u00fcrkiye ve Avrupa Birli\u011fi Aras\u0131nda Sivil Toplum Diyalo\u011fu Program\u0131&#8217;n\u0131n alt\u0131nc\u0131 d\u00f6nemi kapsam\u0131nda desteklenen &#8220;Ortak Bir Sorun-\u0130ki Farkl\u0131 K\u00fclt\u00fcrel Perspektif&#8221; projesinin kapan\u0131\u015f toplant\u0131s\u0131 Ankara&#8217;da d\u00fczenlendi.<\/p>\n<p>Toplant\u0131da a\u00e7\u0131l\u0131\u015f konu\u015fmas\u0131n\u0131 yapan Kaymakc\u0131, T\u00fcrkiye ve AB ili\u015fkilerinde sivil toplumun diyalo\u011funun kendileri i\u00e7in \u00e7ok \u00f6nemli oldu\u011funun belirterek, AB Ba\u015fkanl\u0131\u011f\u0131 olarak sivil topluma destek vermeye devam edeceklerini belirtti.<\/p>\n<p>Kaymakc\u0131, AB ile ili\u015fkilerin \u00f6nemine de\u011findi\u011fi konu\u015fmas\u0131nda \u015fu ifadeleri kulland\u0131:<\/p>\n<p>&#8220;Bizim T\u00fcrkiye-AB ile ili\u015fkilerimiz yaln\u0131zca yapt\u0131\u011f\u0131m\u0131z ortak projelerden ibaret de\u011fil. Hedefimiz tam \u00fcyelik. Bu s\u00fcre\u00e7te de G\u00fcmr\u00fck Birli\u011fi g\u00fcncellenmesi, vize serbestisi, g\u00fcvenlikten savunmaya her alanda i\u015f birli\u011fini AB ile artt\u0131rmak istiyoruz. Dolay\u0131s\u0131yla T\u00fcrkiye bu kararl\u0131\u011f\u0131nda devam edecek.&#8221;<\/p>\n<p><strong><em>https:\/\/www.birgun.net\/haber\/disisleri-bakan-yardimcisi-kaymakci-hedefimiz-ab-ye-tam-uyelik-396678\u00a0<\/em><\/strong><\/p>\n","protected":false},"excerpt":{"rendered":"<p>D\u0131\u015fi\u015fleri Bakan Yard\u0131mc\u0131s\u0131 Faruk Kaymakc\u0131, hedeflerinin Avrupa Birli\u011fi&#8217;ne tam \u00fcyelik oldu\u011funu belirterek, &#8220;Bu s\u00fcre\u00e7te de G\u00fcmr\u00fck Birli\u011fi g\u00fcncellenmesi, vize serbestisi, g\u00fcvenlikten savunmaya her alanda i\u015f birli\u011fini AB ile artt\u0131rmak istiyoruz&#8221; ifadelerini kulland\u0131. D\u0131\u015fi\u015fleri Bakan Yard\u0131mc\u0131s\u0131 ve Avrupa Birli\u011fi (AB) Ba\u015fkan\u0131 Faruk Kaymakc\u0131, &#8220;Bizim i\u00e7in AB ile ili\u015fkilerimiz yaln\u0131zca yapt\u0131\u011f\u0131m\u0131z ortak projelerden ibaret de\u011fil. Hedefimiz tam [&hellip;]<\/p>\n","protected":false},"author":7,"featured_media":69452,"comment_status":"open","ping_status":"open","sticky":false,"template":"","format":"standard","meta":{"footnotes":""},"categories":[1],"tags":[],"class_list":["post-69451","post","type-post","status-publish","format-standard","has-post-thumbnail","hentry","category-haberler"],"yoast_head":"<!-- This site is optimized with the Yoast SEO plugin v27.4 - https:\/\/yoast.com\/product\/yoast-seo-wordpress\/ -->\n<title>D\u0131\u015fi\u015fleri Bakan Yard\u0131mc\u0131s\u0131 Kaymakc\u0131: Hedefimiz AB&#039;ye tam \u00fcyelik - Bati Ermenistan Ve Bati Ermenileri Sorunlari Ara\u015ftirmalar Merkezi<\/title>\n<meta name=\"robots\" content=\"index, follow, max-snippet:-1, max-image-preview:large, max-video-preview:-1\" \/>\n<link rel=\"canonical\" href=\"https:\/\/akunq.net\/tr\/?p=69451\" \/>\n<meta property=\"og:locale\" content=\"en_US\" \/>\n<meta property=\"og:type\" content=\"article\" \/>\n<meta property=\"og:title\" content=\"D\u0131\u015fi\u015fleri Bakan Yard\u0131mc\u0131s\u0131 Kaymakc\u0131: Hedefimiz AB&#039;ye tam \u00fcyelik - Bati Ermenistan Ve Bati Ermenileri Sorunlari Ara\u015ftirmalar Merkezi\" \/>\n<meta property=\"og:description\" content=\"D\u0131\u015fi\u015fleri Bakan Yard\u0131mc\u0131s\u0131 Faruk Kaymakc\u0131, hedeflerinin Avrupa Birli\u011fi&#8217;ne tam \u00fcyelik oldu\u011funu belirterek, &#8220;Bu s\u00fcre\u00e7te de G\u00fcmr\u00fck Birli\u011fi g\u00fcncellenmesi, vize serbestisi, g\u00fcvenlikten savunmaya her alanda i\u015f birli\u011fini AB ile artt\u0131rmak istiyoruz&#8221; ifadelerini kulland\u0131. D\u0131\u015fi\u015fleri Bakan Yard\u0131mc\u0131s\u0131 ve Avrupa Birli\u011fi (AB) Ba\u015fkan\u0131 Faruk Kaymakc\u0131, &#8220;Bizim i\u00e7in AB ile ili\u015fkilerimiz yaln\u0131zca yapt\u0131\u011f\u0131m\u0131z ortak projelerden ibaret de\u011fil. Hedefimiz tam [&hellip;]\" \/>\n<meta property=\"og:url\" content=\"https:\/\/akunq.net\/tr\/?p=69451\" \/>\n<meta property=\"og:site_name\" content=\"Bati Ermenistan Ve Bati Ermenileri Sorunlari Ara\u015ftirmalar Merkezi\" \/>\n<meta property=\"article:published_time\" content=\"2022-07-27T07:58:16+00:00\" \/>\n<meta property=\"og:image\" content=\"https:\/\/akunq.net\/tr\/wp-content\/uploads\/sites\/6\/2022\/07\/\u0556\u0561\u0580\u0578\u0582\u0584-\u0554\u0561\u0575\u0574\u0561\u0584\u0579\u056b.jpg\" \/>\n\t<meta property=\"og:image:width\" content=\"670\" \/>\n\t<meta property=\"og:image:height\" content=\"450\" \/>\n\t<meta property=\"og:image:type\" content=\"image\/jpeg\" \/>\n<meta name=\"author\" content=\"admin\" \/>\n<meta name=\"twitter:card\" content=\"summary_large_image\" \/>\n<meta name=\"twitter:label1\" content=\"Written by\" \/>\n\t<meta name=\"twitter:data1\" content=\"admin\" \/>\n\t<meta name=\"twitter:label2\" content=\"Est. reading time\" \/>\n\t<meta name=\"twitter:data2\" content=\"1 minute\" \/>\n<script type=\"application\/ld+json\" class=\"yoast-schema-graph\">{\"@context\":\"https:\\\/\\\/schema.org\",\"@graph\":[{\"@type\":\"Article\",\"@id\":\"https:\\\/\\\/akunq.net\\\/tr\\\/?p=69451#article\",\"isPartOf\":{\"@id\":\"https:\\\/\\\/akunq.net\\\/tr\\\/?p=69451\"},\"author\":{\"name\":\"admin\",\"@id\":\"https:\\\/\\\/akunq.net\\\/tr\\\/#\\\/schema\\\/person\\\/096f1d38a12cce57fb855b485ed24c9e\"},\"headline\":\"D\u0131\u015fi\u015fleri Bakan Yard\u0131mc\u0131s\u0131 Kaymakc\u0131: Hedefimiz AB&#8217;ye tam \u00fcyelik\",\"datePublished\":\"2022-07-27T07:58:16+00:00\",\"mainEntityOfPage\":{\"@id\":\"https:\\\/\\\/akunq.net\\\/tr\\\/?p=69451\"},\"wordCount\":249,\"commentCount\":0,\"image\":{\"@id\":\"https:\\\/\\\/akunq.net\\\/tr\\\/?p=69451#primaryimage\"},\"thumbnailUrl\":\"https:\\\/\\\/akunq.net\\\/tr\\\/wp-content\\\/uploads\\\/sites\\\/6\\\/2022\\\/07\\\/\u0556\u0561\u0580\u0578\u0582\u0584-\u0554\u0561\u0575\u0574\u0561\u0584\u0579\u056b.jpg\",\"articleSection\":[\"Haberler\"],\"inLanguage\":\"en-US\",\"potentialAction\":[{\"@type\":\"CommentAction\",\"name\":\"Comment\",\"target\":[\"https:\\\/\\\/akunq.net\\\/tr\\\/?p=69451#respond\"]}]},{\"@type\":\"WebPage\",\"@id\":\"https:\\\/\\\/akunq.net\\\/tr\\\/?p=69451\",\"url\":\"https:\\\/\\\/akunq.net\\\/tr\\\/?p=69451\",\"name\":\"D\u0131\u015fi\u015fleri Bakan Yard\u0131mc\u0131s\u0131 Kaymakc\u0131: Hedefimiz AB'ye tam \u00fcyelik - Bati Ermenistan Ve Bati Ermenileri Sorunlari Ara\u015ftirmalar Merkezi\",\"isPartOf\":{\"@id\":\"https:\\\/\\\/akunq.net\\\/tr\\\/#website\"},\"primaryImageOfPage\":{\"@id\":\"https:\\\/\\\/akunq.net\\\/tr\\\/?p=69451#primaryimage\"},\"image\":{\"@id\":\"https:\\\/\\\/akunq.net\\\/tr\\\/?p=69451#primaryimage\"},\"thumbnailUrl\":\"https:\\\/\\\/akunq.net\\\/tr\\\/wp-content\\\/uploads\\\/sites\\\/6\\\/2022\\\/07\\\/\u0556\u0561\u0580\u0578\u0582\u0584-\u0554\u0561\u0575\u0574\u0561\u0584\u0579\u056b.jpg\",\"datePublished\":\"2022-07-27T07:58:16+00:00\",\"author\":{\"@id\":\"https:\\\/\\\/akunq.net\\\/tr\\\/#\\\/schema\\\/person\\\/096f1d38a12cce57fb855b485ed24c9e\"},\"breadcrumb\":{\"@id\":\"https:\\\/\\\/akunq.net\\\/tr\\\/?p=69451#breadcrumb\"},\"inLanguage\":\"en-US\",\"potentialAction\":[{\"@type\":\"ReadAction\",\"target\":[\"https:\\\/\\\/akunq.net\\\/tr\\\/?p=69451\"]}]},{\"@type\":\"ImageObject\",\"inLanguage\":\"en-US\",\"@id\":\"https:\\\/\\\/akunq.net\\\/tr\\\/?p=69451#primaryimage\",\"url\":\"https:\\\/\\\/akunq.net\\\/tr\\\/wp-content\\\/uploads\\\/sites\\\/6\\\/2022\\\/07\\\/\u0556\u0561\u0580\u0578\u0582\u0584-\u0554\u0561\u0575\u0574\u0561\u0584\u0579\u056b.jpg\",\"contentUrl\":\"https:\\\/\\\/akunq.net\\\/tr\\\/wp-content\\\/uploads\\\/sites\\\/6\\\/2022\\\/07\\\/\u0556\u0561\u0580\u0578\u0582\u0584-\u0554\u0561\u0575\u0574\u0561\u0584\u0579\u056b.jpg\",\"width\":670,\"height\":450},{\"@type\":\"BreadcrumbList\",\"@id\":\"https:\\\/\\\/akunq.net\\\/tr\\\/?p=69451#breadcrumb\",\"itemListElement\":[{\"@type\":\"ListItem\",\"position\":1,\"name\":\"Home\",\"item\":\"https:\\\/\\\/akunq.net\\\/tr\"},{\"@type\":\"ListItem\",\"position\":2,\"name\":\"D\u0131\u015fi\u015fleri Bakan Yard\u0131mc\u0131s\u0131 Kaymakc\u0131: Hedefimiz AB&#8217;ye tam \u00fcyelik\"}]},{\"@type\":\"WebSite\",\"@id\":\"https:\\\/\\\/akunq.net\\\/tr\\\/#website\",\"url\":\"https:\\\/\\\/akunq.net\\\/tr\\\/\",\"name\":\"Bati Ermenistan Ve Bati Ermenileri Sorunlari Ara\u015ftirmalar Merkezi\",\"description\":\"\",\"potentialAction\":[{\"@type\":\"SearchAction\",\"target\":{\"@type\":\"EntryPoint\",\"urlTemplate\":\"https:\\\/\\\/akunq.net\\\/tr\\\/?s={search_term_string}\"},\"query-input\":{\"@type\":\"PropertyValueSpecification\",\"valueRequired\":true,\"valueName\":\"search_term_string\"}}],\"inLanguage\":\"en-US\"},{\"@type\":\"Person\",\"@id\":\"https:\\\/\\\/akunq.net\\\/tr\\\/#\\\/schema\\\/person\\\/096f1d38a12cce57fb855b485ed24c9e\",\"name\":\"admin\",\"url\":\"https:\\\/\\\/akunq.net\\\/tr\\\/?author=7\"}]}<\/script>\n<!-- \/ Yoast SEO plugin. -->","yoast_head_json":{"title":"D\u0131\u015fi\u015fleri Bakan Yard\u0131mc\u0131s\u0131 Kaymakc\u0131: Hedefimiz AB'ye tam \u00fcyelik - Bati Ermenistan Ve Bati Ermenileri Sorunlari Ara\u015ftirmalar Merkezi","robots":{"index":"index","follow":"follow","max-snippet":"max-snippet:-1","max-image-preview":"max-image-preview:large","max-video-preview":"max-video-preview:-1"},"canonical":"https:\/\/akunq.net\/tr\/?p=69451","og_locale":"en_US","og_type":"article","og_title":"D\u0131\u015fi\u015fleri Bakan Yard\u0131mc\u0131s\u0131 Kaymakc\u0131: Hedefimiz AB'ye tam \u00fcyelik - Bati Ermenistan Ve Bati Ermenileri Sorunlari Ara\u015ftirmalar Merkezi","og_description":"D\u0131\u015fi\u015fleri Bakan Yard\u0131mc\u0131s\u0131 Faruk Kaymakc\u0131, hedeflerinin Avrupa Birli\u011fi&#8217;ne tam \u00fcyelik oldu\u011funu belirterek, &#8220;Bu s\u00fcre\u00e7te de G\u00fcmr\u00fck Birli\u011fi g\u00fcncellenmesi, vize serbestisi, g\u00fcvenlikten savunmaya her alanda i\u015f birli\u011fini AB ile artt\u0131rmak istiyoruz&#8221; ifadelerini kulland\u0131. D\u0131\u015fi\u015fleri Bakan Yard\u0131mc\u0131s\u0131 ve Avrupa Birli\u011fi (AB) Ba\u015fkan\u0131 Faruk Kaymakc\u0131, &#8220;Bizim i\u00e7in AB ile ili\u015fkilerimiz yaln\u0131zca yapt\u0131\u011f\u0131m\u0131z ortak projelerden ibaret de\u011fil. Hedefimiz tam [&hellip;]","og_url":"https:\/\/akunq.net\/tr\/?p=69451","og_site_name":"Bati Ermenistan Ve Bati Ermenileri Sorunlari Ara\u015ftirmalar Merkezi","article_published_time":"2022-07-27T07:58:16+00:00","og_image":[{"width":670,"height":450,"url":"https:\/\/akunq.net\/tr\/wp-content\/uploads\/sites\/6\/2022\/07\/\u0556\u0561\u0580\u0578\u0582\u0584-\u0554\u0561\u0575\u0574\u0561\u0584\u0579\u056b.jpg","type":"image\/jpeg"}],"author":"admin","twitter_card":"summary_large_image","twitter_misc":{"Written by":"admin","Est. reading time":"1 minute"},"schema":{"@context":"https:\/\/schema.org","@graph":[{"@type":"Article","@id":"https:\/\/akunq.net\/tr\/?p=69451#article","isPartOf":{"@id":"https:\/\/akunq.net\/tr\/?p=69451"},"author":{"name":"admin","@id":"https:\/\/akunq.net\/tr\/#\/schema\/person\/096f1d38a12cce57fb855b485ed24c9e"},"headline":"D\u0131\u015fi\u015fleri Bakan Yard\u0131mc\u0131s\u0131 Kaymakc\u0131: Hedefimiz AB&#8217;ye tam \u00fcyelik","datePublished":"2022-07-27T07:58:16+00:00","mainEntityOfPage":{"@id":"https:\/\/akunq.net\/tr\/?p=69451"},"wordCount":249,"commentCount":0,"image":{"@id":"https:\/\/akunq.net\/tr\/?p=69451#primaryimage"},"thumbnailUrl":"https:\/\/akunq.net\/tr\/wp-content\/uploads\/sites\/6\/2022\/07\/\u0556\u0561\u0580\u0578\u0582\u0584-\u0554\u0561\u0575\u0574\u0561\u0584\u0579\u056b.jpg","articleSection":["Haberler"],"inLanguage":"en-US","potentialAction":[{"@type":"CommentAction","name":"Comment","target":["https:\/\/akunq.net\/tr\/?p=69451#respond"]}]},{"@type":"WebPage","@id":"https:\/\/akunq.net\/tr\/?p=69451","url":"https:\/\/akunq.net\/tr\/?p=69451","name":"D\u0131\u015fi\u015fleri Bakan Yard\u0131mc\u0131s\u0131 Kaymakc\u0131: Hedefimiz AB'ye tam \u00fcyelik - Bati Ermenistan Ve Bati Ermenileri Sorunlari Ara\u015ftirmalar Merkezi","isPartOf":{"@id":"https:\/\/akunq.net\/tr\/#website"},"primaryImageOfPage":{"@id":"https:\/\/akunq.net\/tr\/?p=69451#primaryimage"},"image":{"@id":"https:\/\/akunq.net\/tr\/?p=69451#primaryimage"},"thumbnailUrl":"https:\/\/akunq.net\/tr\/wp-content\/uploads\/sites\/6\/2022\/07\/\u0556\u0561\u0580\u0578\u0582\u0584-\u0554\u0561\u0575\u0574\u0561\u0584\u0579\u056b.jpg","datePublished":"2022-07-27T07:58:16+00:00","author":{"@id":"https:\/\/akunq.net\/tr\/#\/schema\/person\/096f1d38a12cce57fb855b485ed24c9e"},"breadcrumb":{"@id":"https:\/\/akunq.net\/tr\/?p=69451#breadcrumb"},"inLanguage":"en-US","potentialAction":[{"@type":"ReadAction","target":["https:\/\/akunq.net\/tr\/?p=69451"]}]},{"@type":"ImageObject","inLanguage":"en-US","@id":"https:\/\/akunq.net\/tr\/?p=69451#primaryimage","url":"https:\/\/akunq.net\/tr\/wp-content\/uploads\/sites\/6\/2022\/07\/\u0556\u0561\u0580\u0578\u0582\u0584-\u0554\u0561\u0575\u0574\u0561\u0584\u0579\u056b.jpg","contentUrl":"https:\/\/akunq.net\/tr\/wp-content\/uploads\/sites\/6\/2022\/07\/\u0556\u0561\u0580\u0578\u0582\u0584-\u0554\u0561\u0575\u0574\u0561\u0584\u0579\u056b.jpg","width":670,"height":450},{"@type":"BreadcrumbList","@id":"https:\/\/akunq.net\/tr\/?p=69451#breadcrumb","itemListElement":[{"@type":"ListItem","position":1,"name":"Home","item":"https:\/\/akunq.net\/tr"},{"@type":"ListItem","position":2,"name":"D\u0131\u015fi\u015fleri Bakan Yard\u0131mc\u0131s\u0131 Kaymakc\u0131: Hedefimiz AB&#8217;ye tam \u00fcyelik"}]},{"@type":"WebSite","@id":"https:\/\/akunq.net\/tr\/#website","url":"https:\/\/akunq.net\/tr\/","name":"Bati Ermenistan Ve Bati Ermenileri Sorunlari Ara\u015ftirmalar Merkezi","description":"","potentialAction":[{"@type":"SearchAction","target":{"@type":"EntryPoint","urlTemplate":"https:\/\/akunq.net\/tr\/?s={search_term_string}"},"query-input":{"@type":"PropertyValueSpecification","valueRequired":true,"valueName":"search_term_string"}}],"inLanguage":"en-US"},{"@type":"Person","@id":"https:\/\/akunq.net\/tr\/#\/schema\/person\/096f1d38a12cce57fb855b485ed24c9e","name":"admin","url":"https:\/\/akunq.net\/tr\/?author=7"}]}},"_links":{"self":[{"href":"https:\/\/akunq.net\/tr\/index.php?rest_route=\/wp\/v2\/posts\/69451","targetHints":{"allow":["GET"]}}],"collection":[{"href":"https:\/\/akunq.net\/tr\/index.php?rest_route=\/wp\/v2\/posts"}],"about":[{"href":"https:\/\/akunq.net\/tr\/index.php?rest_route=\/wp\/v2\/types\/post"}],"author":[{"embeddable":true,"href":"https:\/\/akunq.net\/tr\/index.php?rest_route=\/wp\/v2\/users\/7"}],"replies":[{"embeddable":true,"href":"https:\/\/akunq.net\/tr\/index.php?rest_route=%2Fwp%2Fv2%2Fcomments&post=69451"}],"version-history":[{"count":1,"href":"https:\/\/akunq.net\/tr\/index.php?rest_route=\/wp\/v2\/posts\/69451\/revisions"}],"predecessor-version":[{"id":69453,"href":"https:\/\/akunq.net\/tr\/index.php?rest_route=\/wp\/v2\/posts\/69451\/revisions\/69453"}],"wp:featuredmedia":[{"embeddable":true,"href":"https:\/\/akunq.net\/tr\/index.php?rest_route=\/wp\/v2\/media\/69452"}],"wp:attachment":[{"href":"https:\/\/akunq.net\/tr\/index.php?rest_route=%2Fwp%2Fv2%2Fmedia&parent=69451"}],"wp:term":[{"taxonomy":"category","embeddable":true,"href":"https:\/\/akunq.net\/tr\/index.php?rest_route=%2Fwp%2Fv2%2Fcategories&post=69451"},{"taxonomy":"post_tag","embeddable":true,"href":"https:\/\/akunq.net\/tr\/index.php?rest_route=%2Fwp%2Fv2%2Ftags&post=69451"}],"curies":[{"name":"wp","href":"https:\/\/api.w.org\/{rel}","templated":true}]}}