{"id":69433,"date":"2022-07-26T02:02:50","date_gmt":"2022-07-26T07:02:50","guid":{"rendered":"https:\/\/akunq.net\/tr\/?p=69433"},"modified":"2022-07-26T04:20:22","modified_gmt":"2022-07-26T09:20:22","slug":"ayasuluk-tepesindeki-kilisede-yer-dosemesi-bulundu","status":"publish","type":"post","link":"https:\/\/akunq.net\/tr\/?p=69433","title":{"rendered":"Ayasuluk Tepesi\u2019ndeki kilisede yer d\u00f6\u015femesi bulundu"},"content":{"rendered":"<p><img loading=\"lazy\" decoding=\"async\" class=\"aligncenter size-full wp-image-69437\" src=\"https:\/\/akunq.net\/tr\/wp-content\/uploads\/2022\/07\/Ayasuluk-Tepesindeki-kilise.jpg\" alt=\"\" width=\"300\" height=\"168\" srcset=\"https:\/\/akunq.net\/tr\/wp-content\/uploads\/sites\/6\/2022\/07\/Ayasuluk-Tepesindeki-kilise.jpg 300w, https:\/\/akunq.net\/tr\/wp-content\/uploads\/sites\/6\/2022\/07\/Ayasuluk-Tepesindeki-kilise-260x146.jpg 260w, https:\/\/akunq.net\/tr\/wp-content\/uploads\/sites\/6\/2022\/07\/Ayasuluk-Tepesindeki-kilise-160x90.jpg 160w\" sizes=\"auto, (max-width: 300px) 100vw, 300px\" \/><\/p>\n<p><em><strong>Ayasuluk Tepesi kaz\u0131lar\u0131nda, Aziz Yuhanna Kilisesi civar\u0131nda Bizans d\u00f6neminden kalma 12 metrekarelik \u201copus sectile\u201d tekni\u011fi olarak bilinen \u015fekilli mermer par\u00e7alar\u0131n\u0131n bir araya getirilmesinden olu\u015fan taban d\u00f6\u015femesi ortaya \u00e7\u0131kar\u0131ld\u0131.<\/strong><\/em><\/p>\n<p>Benzerleri Denizli\u2019deki Hierapolis ve Laodikeia antik kentlerinde de g\u00f6r\u00fclen renkli taban d\u00f6\u015femesinin milattan sonra 12. veya 13. y\u00fczy\u0131ldan yap\u0131ld\u0131\u011f\u0131 d\u00fc\u015f\u00fcn\u00fcl\u00fcyor.<\/p>\n<p>Kaz\u0131 ekibi, Orta Bizans d\u00f6neminde b\u00f6lgedeki kilisenin aktif olarak kullan\u0131ld\u0131\u011f\u0131n\u0131 g\u00f6steren taban d\u00f6\u015femesi ilgili \u00e7al\u0131\u015fmalar\u0131, 12-15 May\u0131s\u2019ta d\u00fczenlenen 6. Uluslararas\u0131 Mudanya Mozaik Sempozyumu\u2019nda duyurdu.<\/p>\n<p>Kaz\u0131 ekibi, s\u00f6z konusu taban d\u00f6\u015femesinin k\u00fc\u00e7\u00fck bir k\u0131sm\u0131n\u0131 daha \u00f6nceden de biliyordu. Bu sezon ise temizlik \u00e7al\u0131\u015fmalar\u0131 s\u0131ras\u0131nda, \u201copus sectile\u201d olarak de\u011ferlendirdikleri alan\u0131n daha geni\u015f bir alana yay\u0131ld\u0131\u011f\u0131n\u0131 fark ettiler.<\/p>\n<figure class=\"wp-block-image\"><img decoding=\"async\" src=\"https:\/\/i0.wp.com\/i.aydinlik.com.tr\/storage\/files\/images\/2022\/07\/25\/opus-d0zY.jpg?ssl=1\" alt=\"\" data-recalc-dims=\"1\" \/><\/figure>\n<p>Mozai\u011fin 12. veya 13. y\u00fczy\u0131la tarihlendi\u011fini belirten Do\u00e7. Dr. Sinan Mimaro\u011flu, zeminin \u015fekilli mermer par\u00e7alar\u0131n\u0131n bir araya getirilmesini kapsayan bir teknikle haz\u0131rland\u0131\u011f\u0131n\u0131 belirtiyor. Taban d\u00f6\u015femesinin alt\u0131nda ise milattan sonra 6. y\u00fczy\u0131la tarihlenen farkl\u0131 bir mozaik taban bulundu.<\/p>\n<p>\u201cGe\u00e7en y\u0131l yapt\u0131\u011f\u0131m\u0131z \u00e7al\u0131\u015fmalarla bir panel ortaya \u00e7\u0131kar\u0131ld\u0131. Panelin konservasyonu yap\u0131ld\u0131ktan sonra sergiye a\u00e7\u0131lmas\u0131n\u0131 sa\u011flamak istiyoruz. Justinianus d\u00f6neminde yani milattan sonra 6. y\u00fczy\u0131lda yap\u0131ld\u0131\u011f\u0131n\u0131 d\u00fc\u015f\u00fcn\u00fcyoruz. Vaftizhanenin etraf\u0131ndaki k\u0131s\u0131mda zaten bu zemin d\u00f6\u015femenin varl\u0131\u011f\u0131ndan haberdard\u0131k. Bu \u015fekildeki panel daha sonra de\u011fi\u015fik mermerlere \u00f6rt\u00fclm\u00fc\u015f. Bu mermer par\u00e7alar\u0131n\u0131n \u015fekillerle geometrik desenlerle s\u00fcslenmesi, kilisenin asl\u0131nda ne kadar an\u0131tsal oldu\u011funu g\u00f6steriyor.\u201d<\/p>\n<p>Mermerlerin Ayasofya\u2019da oldu\u011fu gibi farkl\u0131 co\u011frafyalardan getirildi\u011fine belirten Mimaro\u011flu, \u201cKaz\u0131lar s\u0131ras\u0131nda kuzey b\u00f6l\u00fcmde opus varl\u0131\u011f\u0131ndan haberdard\u0131k ama bizim ortaya \u00e7\u0131kard\u0131\u011f\u0131m\u0131z bug\u00fcne kadar yay\u0131nlanmam\u0131\u015f, yay\u0131nlarda olmayan bir \u00f6rnekti. Sempozyumda bunu tan\u0131tma f\u0131rsat\u0131 elde ettik. Kilise i\u00e7indeki \u00e7al\u0131\u015fmalar\u0131m\u0131z s\u00fcrd\u00fck\u00e7e bu t\u00fcr \u00f6nemli verilerin ortaya \u00e7\u0131kaca\u011f\u0131n\u0131 d\u00fc\u015f\u00fcn\u00fcyoruz.\u201d diyor.<\/p>\n<p><em><strong>Kaynak: arkeofili<\/strong><\/em><\/p>\n<p><em><strong><a href=\"https:\/\/www.aydinlik.com.tr\/haber\/ayasuluk-tepesindeki-kilisede-yer-dosemesi-bulundu-ayasuluk-tepesi-nerede-kilise-izmir-arkeoloji-328374\">https:\/\/www.aydinlik.com.tr\/haber\/ayasuluk-tepesindeki-kilisede-yer-dosemesi-bulundu-ayasuluk-tepesi-nerede-kilise-izmir-arkeoloji-328374<\/a><\/strong><\/em><\/p>\n","protected":false},"excerpt":{"rendered":"<p>Ayasuluk Tepesi kaz\u0131lar\u0131nda, Aziz Yuhanna Kilisesi civar\u0131nda Bizans d\u00f6neminden kalma 12 metrekarelik \u201copus sectile\u201d tekni\u011fi olarak bilinen \u015fekilli mermer par\u00e7alar\u0131n\u0131n bir araya getirilmesinden olu\u015fan taban d\u00f6\u015femesi ortaya \u00e7\u0131kar\u0131ld\u0131. Benzerleri Denizli\u2019deki Hierapolis ve Laodikeia antik kentlerinde de g\u00f6r\u00fclen renkli taban d\u00f6\u015femesinin milattan sonra 12. veya 13. y\u00fczy\u0131ldan yap\u0131ld\u0131\u011f\u0131 d\u00fc\u015f\u00fcn\u00fcl\u00fcyor. Kaz\u0131 ekibi, Orta Bizans d\u00f6neminde b\u00f6lgedeki kilisenin [&hellip;]<\/p>\n","protected":false},"author":7,"featured_media":69437,"comment_status":"open","ping_status":"open","sticky":false,"template":"","format":"standard","meta":{"footnotes":""},"categories":[1],"tags":[],"class_list":["post-69433","post","type-post","status-publish","format-standard","has-post-thumbnail","hentry","category-haberler"],"yoast_head":"<!-- This site is optimized with the Yoast SEO plugin v27.4 - https:\/\/yoast.com\/product\/yoast-seo-wordpress\/ -->\n<title>Ayasuluk Tepesi\u2019ndeki kilisede yer d\u00f6\u015femesi bulundu - Bati Ermenistan Ve Bati Ermenileri Sorunlari Ara\u015ftirmalar Merkezi<\/title>\n<meta name=\"robots\" content=\"index, follow, max-snippet:-1, max-image-preview:large, max-video-preview:-1\" \/>\n<link rel=\"canonical\" href=\"https:\/\/akunq.net\/tr\/?p=69433\" \/>\n<meta property=\"og:locale\" content=\"en_US\" \/>\n<meta property=\"og:type\" content=\"article\" \/>\n<meta property=\"og:title\" content=\"Ayasuluk Tepesi\u2019ndeki kilisede yer d\u00f6\u015femesi bulundu - Bati Ermenistan Ve Bati Ermenileri Sorunlari Ara\u015ftirmalar Merkezi\" \/>\n<meta property=\"og:description\" content=\"Ayasuluk Tepesi kaz\u0131lar\u0131nda, Aziz Yuhanna Kilisesi civar\u0131nda Bizans d\u00f6neminden kalma 12 metrekarelik \u201copus sectile\u201d tekni\u011fi olarak bilinen \u015fekilli mermer par\u00e7alar\u0131n\u0131n bir araya getirilmesinden olu\u015fan taban d\u00f6\u015femesi ortaya \u00e7\u0131kar\u0131ld\u0131. Benzerleri Denizli\u2019deki Hierapolis ve Laodikeia antik kentlerinde de g\u00f6r\u00fclen renkli taban d\u00f6\u015femesinin milattan sonra 12. veya 13. y\u00fczy\u0131ldan yap\u0131ld\u0131\u011f\u0131 d\u00fc\u015f\u00fcn\u00fcl\u00fcyor. Kaz\u0131 ekibi, Orta Bizans d\u00f6neminde b\u00f6lgedeki kilisenin [&hellip;]\" \/>\n<meta property=\"og:url\" content=\"https:\/\/akunq.net\/tr\/?p=69433\" \/>\n<meta property=\"og:site_name\" content=\"Bati Ermenistan Ve Bati Ermenileri Sorunlari Ara\u015ftirmalar Merkezi\" \/>\n<meta property=\"article:published_time\" content=\"2022-07-26T07:02:50+00:00\" \/>\n<meta property=\"article:modified_time\" content=\"2022-07-26T09:20:22+00:00\" \/>\n<meta property=\"og:image\" content=\"https:\/\/akunq.net\/tr\/wp-content\/uploads\/sites\/6\/2022\/07\/Ayasuluk-Tepesindeki-kilise.jpg\" \/>\n\t<meta property=\"og:image:width\" content=\"300\" \/>\n\t<meta property=\"og:image:height\" content=\"168\" \/>\n\t<meta property=\"og:image:type\" content=\"image\/jpeg\" \/>\n<meta name=\"author\" content=\"admin\" \/>\n<meta name=\"twitter:card\" content=\"summary_large_image\" \/>\n<meta name=\"twitter:label1\" content=\"Written by\" \/>\n\t<meta name=\"twitter:data1\" content=\"admin\" \/>\n\t<meta name=\"twitter:label2\" content=\"Est. reading time\" \/>\n\t<meta name=\"twitter:data2\" content=\"2 minutes\" \/>\n<script type=\"application\/ld+json\" class=\"yoast-schema-graph\">{\"@context\":\"https:\\\/\\\/schema.org\",\"@graph\":[{\"@type\":\"Article\",\"@id\":\"https:\\\/\\\/akunq.net\\\/tr\\\/?p=69433#article\",\"isPartOf\":{\"@id\":\"https:\\\/\\\/akunq.net\\\/tr\\\/?p=69433\"},\"author\":{\"name\":\"admin\",\"@id\":\"https:\\\/\\\/akunq.net\\\/tr\\\/#\\\/schema\\\/person\\\/096f1d38a12cce57fb855b485ed24c9e\"},\"headline\":\"Ayasuluk Tepesi\u2019ndeki kilisede yer d\u00f6\u015femesi bulundu\",\"datePublished\":\"2022-07-26T07:02:50+00:00\",\"dateModified\":\"2022-07-26T09:20:22+00:00\",\"mainEntityOfPage\":{\"@id\":\"https:\\\/\\\/akunq.net\\\/tr\\\/?p=69433\"},\"wordCount\":373,\"commentCount\":0,\"image\":{\"@id\":\"https:\\\/\\\/akunq.net\\\/tr\\\/?p=69433#primaryimage\"},\"thumbnailUrl\":\"https:\\\/\\\/akunq.net\\\/tr\\\/wp-content\\\/uploads\\\/sites\\\/6\\\/2022\\\/07\\\/Ayasuluk-Tepesindeki-kilise.jpg\",\"articleSection\":[\"Haberler\"],\"inLanguage\":\"en-US\",\"potentialAction\":[{\"@type\":\"CommentAction\",\"name\":\"Comment\",\"target\":[\"https:\\\/\\\/akunq.net\\\/tr\\\/?p=69433#respond\"]}]},{\"@type\":\"WebPage\",\"@id\":\"https:\\\/\\\/akunq.net\\\/tr\\\/?p=69433\",\"url\":\"https:\\\/\\\/akunq.net\\\/tr\\\/?p=69433\",\"name\":\"Ayasuluk Tepesi\u2019ndeki kilisede yer d\u00f6\u015femesi bulundu - Bati Ermenistan Ve Bati Ermenileri Sorunlari Ara\u015ftirmalar Merkezi\",\"isPartOf\":{\"@id\":\"https:\\\/\\\/akunq.net\\\/tr\\\/#website\"},\"primaryImageOfPage\":{\"@id\":\"https:\\\/\\\/akunq.net\\\/tr\\\/?p=69433#primaryimage\"},\"image\":{\"@id\":\"https:\\\/\\\/akunq.net\\\/tr\\\/?p=69433#primaryimage\"},\"thumbnailUrl\":\"https:\\\/\\\/akunq.net\\\/tr\\\/wp-content\\\/uploads\\\/sites\\\/6\\\/2022\\\/07\\\/Ayasuluk-Tepesindeki-kilise.jpg\",\"datePublished\":\"2022-07-26T07:02:50+00:00\",\"dateModified\":\"2022-07-26T09:20:22+00:00\",\"author\":{\"@id\":\"https:\\\/\\\/akunq.net\\\/tr\\\/#\\\/schema\\\/person\\\/096f1d38a12cce57fb855b485ed24c9e\"},\"breadcrumb\":{\"@id\":\"https:\\\/\\\/akunq.net\\\/tr\\\/?p=69433#breadcrumb\"},\"inLanguage\":\"en-US\",\"potentialAction\":[{\"@type\":\"ReadAction\",\"target\":[\"https:\\\/\\\/akunq.net\\\/tr\\\/?p=69433\"]}]},{\"@type\":\"ImageObject\",\"inLanguage\":\"en-US\",\"@id\":\"https:\\\/\\\/akunq.net\\\/tr\\\/?p=69433#primaryimage\",\"url\":\"https:\\\/\\\/akunq.net\\\/tr\\\/wp-content\\\/uploads\\\/sites\\\/6\\\/2022\\\/07\\\/Ayasuluk-Tepesindeki-kilise.jpg\",\"contentUrl\":\"https:\\\/\\\/akunq.net\\\/tr\\\/wp-content\\\/uploads\\\/sites\\\/6\\\/2022\\\/07\\\/Ayasuluk-Tepesindeki-kilise.jpg\",\"width\":300,\"height\":168},{\"@type\":\"BreadcrumbList\",\"@id\":\"https:\\\/\\\/akunq.net\\\/tr\\\/?p=69433#breadcrumb\",\"itemListElement\":[{\"@type\":\"ListItem\",\"position\":1,\"name\":\"Home\",\"item\":\"https:\\\/\\\/akunq.net\\\/tr\"},{\"@type\":\"ListItem\",\"position\":2,\"name\":\"Ayasuluk Tepesi\u2019ndeki kilisede yer d\u00f6\u015femesi bulundu\"}]},{\"@type\":\"WebSite\",\"@id\":\"https:\\\/\\\/akunq.net\\\/tr\\\/#website\",\"url\":\"https:\\\/\\\/akunq.net\\\/tr\\\/\",\"name\":\"Bati Ermenistan Ve Bati Ermenileri Sorunlari Ara\u015ftirmalar Merkezi\",\"description\":\"\",\"potentialAction\":[{\"@type\":\"SearchAction\",\"target\":{\"@type\":\"EntryPoint\",\"urlTemplate\":\"https:\\\/\\\/akunq.net\\\/tr\\\/?s={search_term_string}\"},\"query-input\":{\"@type\":\"PropertyValueSpecification\",\"valueRequired\":true,\"valueName\":\"search_term_string\"}}],\"inLanguage\":\"en-US\"},{\"@type\":\"Person\",\"@id\":\"https:\\\/\\\/akunq.net\\\/tr\\\/#\\\/schema\\\/person\\\/096f1d38a12cce57fb855b485ed24c9e\",\"name\":\"admin\",\"url\":\"https:\\\/\\\/akunq.net\\\/tr\\\/?author=7\"}]}<\/script>\n<!-- \/ Yoast SEO plugin. -->","yoast_head_json":{"title":"Ayasuluk Tepesi\u2019ndeki kilisede yer d\u00f6\u015femesi bulundu - Bati Ermenistan Ve Bati Ermenileri Sorunlari Ara\u015ftirmalar Merkezi","robots":{"index":"index","follow":"follow","max-snippet":"max-snippet:-1","max-image-preview":"max-image-preview:large","max-video-preview":"max-video-preview:-1"},"canonical":"https:\/\/akunq.net\/tr\/?p=69433","og_locale":"en_US","og_type":"article","og_title":"Ayasuluk Tepesi\u2019ndeki kilisede yer d\u00f6\u015femesi bulundu - Bati Ermenistan Ve Bati Ermenileri Sorunlari Ara\u015ftirmalar Merkezi","og_description":"Ayasuluk Tepesi kaz\u0131lar\u0131nda, Aziz Yuhanna Kilisesi civar\u0131nda Bizans d\u00f6neminden kalma 12 metrekarelik \u201copus sectile\u201d tekni\u011fi olarak bilinen \u015fekilli mermer par\u00e7alar\u0131n\u0131n bir araya getirilmesinden olu\u015fan taban d\u00f6\u015femesi ortaya \u00e7\u0131kar\u0131ld\u0131. Benzerleri Denizli\u2019deki Hierapolis ve Laodikeia antik kentlerinde de g\u00f6r\u00fclen renkli taban d\u00f6\u015femesinin milattan sonra 12. veya 13. y\u00fczy\u0131ldan yap\u0131ld\u0131\u011f\u0131 d\u00fc\u015f\u00fcn\u00fcl\u00fcyor. Kaz\u0131 ekibi, Orta Bizans d\u00f6neminde b\u00f6lgedeki kilisenin [&hellip;]","og_url":"https:\/\/akunq.net\/tr\/?p=69433","og_site_name":"Bati Ermenistan Ve Bati Ermenileri Sorunlari Ara\u015ftirmalar Merkezi","article_published_time":"2022-07-26T07:02:50+00:00","article_modified_time":"2022-07-26T09:20:22+00:00","og_image":[{"width":300,"height":168,"url":"https:\/\/akunq.net\/tr\/wp-content\/uploads\/sites\/6\/2022\/07\/Ayasuluk-Tepesindeki-kilise.jpg","type":"image\/jpeg"}],"author":"admin","twitter_card":"summary_large_image","twitter_misc":{"Written by":"admin","Est. reading time":"2 minutes"},"schema":{"@context":"https:\/\/schema.org","@graph":[{"@type":"Article","@id":"https:\/\/akunq.net\/tr\/?p=69433#article","isPartOf":{"@id":"https:\/\/akunq.net\/tr\/?p=69433"},"author":{"name":"admin","@id":"https:\/\/akunq.net\/tr\/#\/schema\/person\/096f1d38a12cce57fb855b485ed24c9e"},"headline":"Ayasuluk Tepesi\u2019ndeki kilisede yer d\u00f6\u015femesi bulundu","datePublished":"2022-07-26T07:02:50+00:00","dateModified":"2022-07-26T09:20:22+00:00","mainEntityOfPage":{"@id":"https:\/\/akunq.net\/tr\/?p=69433"},"wordCount":373,"commentCount":0,"image":{"@id":"https:\/\/akunq.net\/tr\/?p=69433#primaryimage"},"thumbnailUrl":"https:\/\/akunq.net\/tr\/wp-content\/uploads\/sites\/6\/2022\/07\/Ayasuluk-Tepesindeki-kilise.jpg","articleSection":["Haberler"],"inLanguage":"en-US","potentialAction":[{"@type":"CommentAction","name":"Comment","target":["https:\/\/akunq.net\/tr\/?p=69433#respond"]}]},{"@type":"WebPage","@id":"https:\/\/akunq.net\/tr\/?p=69433","url":"https:\/\/akunq.net\/tr\/?p=69433","name":"Ayasuluk Tepesi\u2019ndeki kilisede yer d\u00f6\u015femesi bulundu - Bati Ermenistan Ve Bati Ermenileri Sorunlari Ara\u015ftirmalar Merkezi","isPartOf":{"@id":"https:\/\/akunq.net\/tr\/#website"},"primaryImageOfPage":{"@id":"https:\/\/akunq.net\/tr\/?p=69433#primaryimage"},"image":{"@id":"https:\/\/akunq.net\/tr\/?p=69433#primaryimage"},"thumbnailUrl":"https:\/\/akunq.net\/tr\/wp-content\/uploads\/sites\/6\/2022\/07\/Ayasuluk-Tepesindeki-kilise.jpg","datePublished":"2022-07-26T07:02:50+00:00","dateModified":"2022-07-26T09:20:22+00:00","author":{"@id":"https:\/\/akunq.net\/tr\/#\/schema\/person\/096f1d38a12cce57fb855b485ed24c9e"},"breadcrumb":{"@id":"https:\/\/akunq.net\/tr\/?p=69433#breadcrumb"},"inLanguage":"en-US","potentialAction":[{"@type":"ReadAction","target":["https:\/\/akunq.net\/tr\/?p=69433"]}]},{"@type":"ImageObject","inLanguage":"en-US","@id":"https:\/\/akunq.net\/tr\/?p=69433#primaryimage","url":"https:\/\/akunq.net\/tr\/wp-content\/uploads\/sites\/6\/2022\/07\/Ayasuluk-Tepesindeki-kilise.jpg","contentUrl":"https:\/\/akunq.net\/tr\/wp-content\/uploads\/sites\/6\/2022\/07\/Ayasuluk-Tepesindeki-kilise.jpg","width":300,"height":168},{"@type":"BreadcrumbList","@id":"https:\/\/akunq.net\/tr\/?p=69433#breadcrumb","itemListElement":[{"@type":"ListItem","position":1,"name":"Home","item":"https:\/\/akunq.net\/tr"},{"@type":"ListItem","position":2,"name":"Ayasuluk Tepesi\u2019ndeki kilisede yer d\u00f6\u015femesi bulundu"}]},{"@type":"WebSite","@id":"https:\/\/akunq.net\/tr\/#website","url":"https:\/\/akunq.net\/tr\/","name":"Bati Ermenistan Ve Bati Ermenileri Sorunlari Ara\u015ftirmalar Merkezi","description":"","potentialAction":[{"@type":"SearchAction","target":{"@type":"EntryPoint","urlTemplate":"https:\/\/akunq.net\/tr\/?s={search_term_string}"},"query-input":{"@type":"PropertyValueSpecification","valueRequired":true,"valueName":"search_term_string"}}],"inLanguage":"en-US"},{"@type":"Person","@id":"https:\/\/akunq.net\/tr\/#\/schema\/person\/096f1d38a12cce57fb855b485ed24c9e","name":"admin","url":"https:\/\/akunq.net\/tr\/?author=7"}]}},"_links":{"self":[{"href":"https:\/\/akunq.net\/tr\/index.php?rest_route=\/wp\/v2\/posts\/69433","targetHints":{"allow":["GET"]}}],"collection":[{"href":"https:\/\/akunq.net\/tr\/index.php?rest_route=\/wp\/v2\/posts"}],"about":[{"href":"https:\/\/akunq.net\/tr\/index.php?rest_route=\/wp\/v2\/types\/post"}],"author":[{"embeddable":true,"href":"https:\/\/akunq.net\/tr\/index.php?rest_route=\/wp\/v2\/users\/7"}],"replies":[{"embeddable":true,"href":"https:\/\/akunq.net\/tr\/index.php?rest_route=%2Fwp%2Fv2%2Fcomments&post=69433"}],"version-history":[{"count":2,"href":"https:\/\/akunq.net\/tr\/index.php?rest_route=\/wp\/v2\/posts\/69433\/revisions"}],"predecessor-version":[{"id":69438,"href":"https:\/\/akunq.net\/tr\/index.php?rest_route=\/wp\/v2\/posts\/69433\/revisions\/69438"}],"wp:featuredmedia":[{"embeddable":true,"href":"https:\/\/akunq.net\/tr\/index.php?rest_route=\/wp\/v2\/media\/69437"}],"wp:attachment":[{"href":"https:\/\/akunq.net\/tr\/index.php?rest_route=%2Fwp%2Fv2%2Fmedia&parent=69433"}],"wp:term":[{"taxonomy":"category","embeddable":true,"href":"https:\/\/akunq.net\/tr\/index.php?rest_route=%2Fwp%2Fv2%2Fcategories&post=69433"},{"taxonomy":"post_tag","embeddable":true,"href":"https:\/\/akunq.net\/tr\/index.php?rest_route=%2Fwp%2Fv2%2Ftags&post=69433"}],"curies":[{"name":"wp","href":"https:\/\/api.w.org\/{rel}","templated":true}]}}