{"id":69424,"date":"2022-07-26T01:37:44","date_gmt":"2022-07-26T06:37:44","guid":{"rendered":"https:\/\/akunq.net\/tr\/?p=69424"},"modified":"2022-07-26T01:37:44","modified_gmt":"2022-07-26T06:37:44","slug":"ermenistan-ve-fransa-dunyaca-unlu-charles-aznavourun-100-dogum-yildonumune-hazirlaniyorlar","status":"publish","type":"post","link":"https:\/\/akunq.net\/tr\/?p=69424","title":{"rendered":"Ermenistan ve Fransa d\u00fcnyaca \u00fcnl\u00fc Charles Aznavour&#8217;un 100. do\u011fum y\u0131ld\u00f6n\u00fcm\u00fcne haz\u0131rlan\u0131yorlar"},"content":{"rendered":"<div class=\"html-content\">\n<p><img loading=\"lazy\" decoding=\"async\" class=\"aligncenter size-medium wp-image-69425\" src=\"https:\/\/akunq.net\/tr\/wp-content\/uploads\/2022\/07\/Aznavour-360x200.jpg\" alt=\"\" width=\"360\" height=\"200\" srcset=\"https:\/\/akunq.net\/tr\/wp-content\/uploads\/sites\/6\/2022\/07\/Aznavour-360x200.jpg 360w, https:\/\/akunq.net\/tr\/wp-content\/uploads\/sites\/6\/2022\/07\/Aznavour-560x311.jpg 560w, https:\/\/akunq.net\/tr\/wp-content\/uploads\/sites\/6\/2022\/07\/Aznavour-260x144.jpg 260w, https:\/\/akunq.net\/tr\/wp-content\/uploads\/sites\/6\/2022\/07\/Aznavour-160x89.jpg 160w, https:\/\/akunq.net\/tr\/wp-content\/uploads\/sites\/6\/2022\/07\/Aznavour.jpg 577w\" sizes=\"auto, (max-width: 360px) 100vw, 360px\" \/><\/p>\n<p><em><strong>22 Temmuz&#8217;da Ermenistan E\u011fitim, Bilim, K\u00fclt\u00fcr ve Spor Bakan Yard\u0131mc\u0131s\u0131 Artur Martirosyan, ba\u015fta Aznavour Vakf\u0131n Y\u00f6neticisi Christina Aznavour olmak \u00fczere Aznavur Vakf\u0131&#8217;n\u0131n temsilcilerini kabul etti.<\/strong><\/em><\/p>\n<p>Bakanl\u0131ktan yap\u0131lan a\u00e7\u0131klamaya g\u00f6re g\u00f6r\u00fc\u015fmenin amac\u0131 2024&#8217;te kaydedilecek olan Charles Aznavour&#8217;un\u00a0 100. y\u0131ld\u00f6n\u00fcm\u00fcne adanm\u0131\u015f etkinliklerin program\u0131n\u0131, i\u015fbirli\u011fi yollar\u0131n\u0131 ele almakt\u0131.<\/p>\n<p>Christina Aznavour&#8217;un belirtti\u011fine g\u00f6re Frans\u0131z taraf\u0131 haz\u0131rl\u0131k a\u015famas\u0131ndad\u0131r. 2024 y\u0131l\u0131na kadar Fransa&#8217;da art\u0131k projenin haz\u0131r oldu\u011fu Charles Aznavour&#8217;un heykeli dikilecek. Ayr\u0131ca b\u00fcy\u00fck \u00e7apl\u0131 bir konserin d\u00fczenlenmesi, Aznavour&#8217;un hayat hikayesine adanm\u0131\u015f bir serginin a\u00e7\u0131lmas\u0131 planlan\u0131yor. Aznavour&#8217;un bir heykelinin de Ermenistan&#8217;da dikilmesi konusunda ise Yerevan Belediyesi ile g\u00f6r\u00fc\u015fmeler s\u00fcr\u00fcyor. Aznavour Vakf\u0131 Y\u00f6neticisi, heykelin dikilmesi de dahil olmak \u00fczere t\u00fcm etkinliklerin Fransa ile paralel olarak yap\u0131lmas\u0131n\u0131 \u00f6nerdi.<br \/>\nMisafirleri b\u00fcy\u00fck memnuniyetle kar\u015f\u0131layan Bakan Yard\u0131mc\u0131s\u0131 Martirosyan Ermeni taraf\u0131n\u0131n da seve seve vakf\u0131n\u0131n etkinlik programlar\u0131n\u0131 ger\u00e7ekle\u015ftirerek Fransa\u2019da olaca\u011f\u0131 gibi d\u00fcnyaca \u00fcnl\u00fc \u015fark\u0131c\u0131m\u0131z\u0131n y\u0131ld\u00f6n\u00fcm\u00fcn\u00fc \u00e7ok g\u00f6rkemli bir \u015fekilde d\u00fczenlenece\u011fini belirtti.<\/p>\n<p><em><strong><a class=\"a-none\" style=\"letter-spacing: 0.05em;\" href=\"https:\/\/www.ermenihaber.am\/tr\/news\/2022\/07\/22\/Ermenistan-Fransa-Aznavour\/234560\">Ermenihaber.am<\/a><\/strong><\/em><\/p>\n<\/div>\n<div class=\"cb\"><\/div>\n<div class=\"current-socials\">\n<div id=\"st-1\" class=\"sharethis-inline-share-buttons st-left  st-inline-share-buttons st-animated\">\n<div class=\"st-btn st-first\" data-network=\"facebook\"><span style=\"letter-spacing: 0.05em;\">\u00a0\u00a0<\/span><\/div>\n<\/div>\n<\/div>\n","protected":false},"excerpt":{"rendered":"<p>22 Temmuz&#8217;da Ermenistan E\u011fitim, Bilim, K\u00fclt\u00fcr ve Spor Bakan Yard\u0131mc\u0131s\u0131 Artur Martirosyan, ba\u015fta Aznavour Vakf\u0131n Y\u00f6neticisi Christina Aznavour olmak \u00fczere Aznavur Vakf\u0131&#8217;n\u0131n temsilcilerini kabul etti. Bakanl\u0131ktan yap\u0131lan a\u00e7\u0131klamaya g\u00f6re g\u00f6r\u00fc\u015fmenin amac\u0131 2024&#8217;te kaydedilecek olan Charles Aznavour&#8217;un\u00a0 100. y\u0131ld\u00f6n\u00fcm\u00fcne adanm\u0131\u015f etkinliklerin program\u0131n\u0131, i\u015fbirli\u011fi yollar\u0131n\u0131 ele almakt\u0131. Christina Aznavour&#8217;un belirtti\u011fine g\u00f6re Frans\u0131z taraf\u0131 haz\u0131rl\u0131k a\u015famas\u0131ndad\u0131r. 2024 y\u0131l\u0131na [&hellip;]<\/p>\n","protected":false},"author":7,"featured_media":69425,"comment_status":"open","ping_status":"open","sticky":false,"template":"","format":"standard","meta":{"footnotes":""},"categories":[1],"tags":[],"class_list":["post-69424","post","type-post","status-publish","format-standard","has-post-thumbnail","hentry","category-haberler"],"yoast_head":"<!-- This site is optimized with the Yoast SEO plugin v27.4 - https:\/\/yoast.com\/product\/yoast-seo-wordpress\/ -->\n<title>Ermenistan ve Fransa d\u00fcnyaca \u00fcnl\u00fc Charles Aznavour&#039;un 100. do\u011fum y\u0131ld\u00f6n\u00fcm\u00fcne haz\u0131rlan\u0131yorlar - Bati Ermenistan Ve Bati Ermenileri Sorunlari Ara\u015ftirmalar Merkezi<\/title>\n<meta name=\"robots\" content=\"index, follow, max-snippet:-1, max-image-preview:large, max-video-preview:-1\" \/>\n<link rel=\"canonical\" href=\"https:\/\/akunq.net\/tr\/?p=69424\" \/>\n<meta property=\"og:locale\" content=\"en_US\" \/>\n<meta property=\"og:type\" content=\"article\" \/>\n<meta property=\"og:title\" content=\"Ermenistan ve Fransa d\u00fcnyaca \u00fcnl\u00fc Charles Aznavour&#039;un 100. do\u011fum y\u0131ld\u00f6n\u00fcm\u00fcne haz\u0131rlan\u0131yorlar - Bati Ermenistan Ve Bati Ermenileri Sorunlari Ara\u015ftirmalar Merkezi\" \/>\n<meta property=\"og:description\" content=\"22 Temmuz&#8217;da Ermenistan E\u011fitim, Bilim, K\u00fclt\u00fcr ve Spor Bakan Yard\u0131mc\u0131s\u0131 Artur Martirosyan, ba\u015fta Aznavour Vakf\u0131n Y\u00f6neticisi Christina Aznavour olmak \u00fczere Aznavur Vakf\u0131&#8217;n\u0131n temsilcilerini kabul etti. Bakanl\u0131ktan yap\u0131lan a\u00e7\u0131klamaya g\u00f6re g\u00f6r\u00fc\u015fmenin amac\u0131 2024&#8217;te kaydedilecek olan Charles Aznavour&#8217;un\u00a0 100. y\u0131ld\u00f6n\u00fcm\u00fcne adanm\u0131\u015f etkinliklerin program\u0131n\u0131, i\u015fbirli\u011fi yollar\u0131n\u0131 ele almakt\u0131. Christina Aznavour&#8217;un belirtti\u011fine g\u00f6re Frans\u0131z taraf\u0131 haz\u0131rl\u0131k a\u015famas\u0131ndad\u0131r. 2024 y\u0131l\u0131na [&hellip;]\" \/>\n<meta property=\"og:url\" content=\"https:\/\/akunq.net\/tr\/?p=69424\" \/>\n<meta property=\"og:site_name\" content=\"Bati Ermenistan Ve Bati Ermenileri Sorunlari Ara\u015ftirmalar Merkezi\" \/>\n<meta property=\"article:published_time\" content=\"2022-07-26T06:37:44+00:00\" \/>\n<meta property=\"og:image\" content=\"https:\/\/akunq.net\/tr\/wp-content\/uploads\/sites\/6\/2022\/07\/Aznavour.jpg\" \/>\n\t<meta property=\"og:image:width\" content=\"577\" \/>\n\t<meta property=\"og:image:height\" content=\"320\" \/>\n\t<meta property=\"og:image:type\" content=\"image\/jpeg\" \/>\n<meta name=\"author\" content=\"admin\" \/>\n<meta name=\"twitter:card\" content=\"summary_large_image\" \/>\n<meta name=\"twitter:label1\" content=\"Written by\" \/>\n\t<meta name=\"twitter:data1\" content=\"admin\" \/>\n\t<meta name=\"twitter:label2\" content=\"Est. reading time\" \/>\n\t<meta name=\"twitter:data2\" content=\"1 minute\" \/>\n<script type=\"application\/ld+json\" class=\"yoast-schema-graph\">{\"@context\":\"https:\\\/\\\/schema.org\",\"@graph\":[{\"@type\":\"Article\",\"@id\":\"https:\\\/\\\/akunq.net\\\/tr\\\/?p=69424#article\",\"isPartOf\":{\"@id\":\"https:\\\/\\\/akunq.net\\\/tr\\\/?p=69424\"},\"author\":{\"name\":\"admin\",\"@id\":\"https:\\\/\\\/akunq.net\\\/tr\\\/#\\\/schema\\\/person\\\/096f1d38a12cce57fb855b485ed24c9e\"},\"headline\":\"Ermenistan ve Fransa d\u00fcnyaca \u00fcnl\u00fc Charles Aznavour&#8217;un 100. do\u011fum y\u0131ld\u00f6n\u00fcm\u00fcne haz\u0131rlan\u0131yorlar\",\"datePublished\":\"2022-07-26T06:37:44+00:00\",\"mainEntityOfPage\":{\"@id\":\"https:\\\/\\\/akunq.net\\\/tr\\\/?p=69424\"},\"wordCount\":231,\"commentCount\":0,\"image\":{\"@id\":\"https:\\\/\\\/akunq.net\\\/tr\\\/?p=69424#primaryimage\"},\"thumbnailUrl\":\"https:\\\/\\\/akunq.net\\\/tr\\\/wp-content\\\/uploads\\\/sites\\\/6\\\/2022\\\/07\\\/Aznavour.jpg\",\"articleSection\":[\"Haberler\"],\"inLanguage\":\"en-US\",\"potentialAction\":[{\"@type\":\"CommentAction\",\"name\":\"Comment\",\"target\":[\"https:\\\/\\\/akunq.net\\\/tr\\\/?p=69424#respond\"]}]},{\"@type\":\"WebPage\",\"@id\":\"https:\\\/\\\/akunq.net\\\/tr\\\/?p=69424\",\"url\":\"https:\\\/\\\/akunq.net\\\/tr\\\/?p=69424\",\"name\":\"Ermenistan ve Fransa d\u00fcnyaca \u00fcnl\u00fc Charles Aznavour'un 100. do\u011fum y\u0131ld\u00f6n\u00fcm\u00fcne haz\u0131rlan\u0131yorlar - Bati Ermenistan Ve Bati Ermenileri Sorunlari Ara\u015ftirmalar Merkezi\",\"isPartOf\":{\"@id\":\"https:\\\/\\\/akunq.net\\\/tr\\\/#website\"},\"primaryImageOfPage\":{\"@id\":\"https:\\\/\\\/akunq.net\\\/tr\\\/?p=69424#primaryimage\"},\"image\":{\"@id\":\"https:\\\/\\\/akunq.net\\\/tr\\\/?p=69424#primaryimage\"},\"thumbnailUrl\":\"https:\\\/\\\/akunq.net\\\/tr\\\/wp-content\\\/uploads\\\/sites\\\/6\\\/2022\\\/07\\\/Aznavour.jpg\",\"datePublished\":\"2022-07-26T06:37:44+00:00\",\"author\":{\"@id\":\"https:\\\/\\\/akunq.net\\\/tr\\\/#\\\/schema\\\/person\\\/096f1d38a12cce57fb855b485ed24c9e\"},\"breadcrumb\":{\"@id\":\"https:\\\/\\\/akunq.net\\\/tr\\\/?p=69424#breadcrumb\"},\"inLanguage\":\"en-US\",\"potentialAction\":[{\"@type\":\"ReadAction\",\"target\":[\"https:\\\/\\\/akunq.net\\\/tr\\\/?p=69424\"]}]},{\"@type\":\"ImageObject\",\"inLanguage\":\"en-US\",\"@id\":\"https:\\\/\\\/akunq.net\\\/tr\\\/?p=69424#primaryimage\",\"url\":\"https:\\\/\\\/akunq.net\\\/tr\\\/wp-content\\\/uploads\\\/sites\\\/6\\\/2022\\\/07\\\/Aznavour.jpg\",\"contentUrl\":\"https:\\\/\\\/akunq.net\\\/tr\\\/wp-content\\\/uploads\\\/sites\\\/6\\\/2022\\\/07\\\/Aznavour.jpg\",\"width\":577,\"height\":320},{\"@type\":\"BreadcrumbList\",\"@id\":\"https:\\\/\\\/akunq.net\\\/tr\\\/?p=69424#breadcrumb\",\"itemListElement\":[{\"@type\":\"ListItem\",\"position\":1,\"name\":\"Home\",\"item\":\"https:\\\/\\\/akunq.net\\\/tr\"},{\"@type\":\"ListItem\",\"position\":2,\"name\":\"Ermenistan ve Fransa d\u00fcnyaca \u00fcnl\u00fc Charles Aznavour&#8217;un 100. do\u011fum y\u0131ld\u00f6n\u00fcm\u00fcne haz\u0131rlan\u0131yorlar\"}]},{\"@type\":\"WebSite\",\"@id\":\"https:\\\/\\\/akunq.net\\\/tr\\\/#website\",\"url\":\"https:\\\/\\\/akunq.net\\\/tr\\\/\",\"name\":\"Bati Ermenistan Ve Bati Ermenileri Sorunlari Ara\u015ftirmalar Merkezi\",\"description\":\"\",\"potentialAction\":[{\"@type\":\"SearchAction\",\"target\":{\"@type\":\"EntryPoint\",\"urlTemplate\":\"https:\\\/\\\/akunq.net\\\/tr\\\/?s={search_term_string}\"},\"query-input\":{\"@type\":\"PropertyValueSpecification\",\"valueRequired\":true,\"valueName\":\"search_term_string\"}}],\"inLanguage\":\"en-US\"},{\"@type\":\"Person\",\"@id\":\"https:\\\/\\\/akunq.net\\\/tr\\\/#\\\/schema\\\/person\\\/096f1d38a12cce57fb855b485ed24c9e\",\"name\":\"admin\",\"url\":\"https:\\\/\\\/akunq.net\\\/tr\\\/?author=7\"}]}<\/script>\n<!-- \/ Yoast SEO plugin. -->","yoast_head_json":{"title":"Ermenistan ve Fransa d\u00fcnyaca \u00fcnl\u00fc Charles Aznavour'un 100. do\u011fum y\u0131ld\u00f6n\u00fcm\u00fcne haz\u0131rlan\u0131yorlar - Bati Ermenistan Ve Bati Ermenileri Sorunlari Ara\u015ftirmalar Merkezi","robots":{"index":"index","follow":"follow","max-snippet":"max-snippet:-1","max-image-preview":"max-image-preview:large","max-video-preview":"max-video-preview:-1"},"canonical":"https:\/\/akunq.net\/tr\/?p=69424","og_locale":"en_US","og_type":"article","og_title":"Ermenistan ve Fransa d\u00fcnyaca \u00fcnl\u00fc Charles Aznavour'un 100. do\u011fum y\u0131ld\u00f6n\u00fcm\u00fcne haz\u0131rlan\u0131yorlar - Bati Ermenistan Ve Bati Ermenileri Sorunlari Ara\u015ftirmalar Merkezi","og_description":"22 Temmuz&#8217;da Ermenistan E\u011fitim, Bilim, K\u00fclt\u00fcr ve Spor Bakan Yard\u0131mc\u0131s\u0131 Artur Martirosyan, ba\u015fta Aznavour Vakf\u0131n Y\u00f6neticisi Christina Aznavour olmak \u00fczere Aznavur Vakf\u0131&#8217;n\u0131n temsilcilerini kabul etti. Bakanl\u0131ktan yap\u0131lan a\u00e7\u0131klamaya g\u00f6re g\u00f6r\u00fc\u015fmenin amac\u0131 2024&#8217;te kaydedilecek olan Charles Aznavour&#8217;un\u00a0 100. y\u0131ld\u00f6n\u00fcm\u00fcne adanm\u0131\u015f etkinliklerin program\u0131n\u0131, i\u015fbirli\u011fi yollar\u0131n\u0131 ele almakt\u0131. Christina Aznavour&#8217;un belirtti\u011fine g\u00f6re Frans\u0131z taraf\u0131 haz\u0131rl\u0131k a\u015famas\u0131ndad\u0131r. 2024 y\u0131l\u0131na [&hellip;]","og_url":"https:\/\/akunq.net\/tr\/?p=69424","og_site_name":"Bati Ermenistan Ve Bati Ermenileri Sorunlari Ara\u015ftirmalar Merkezi","article_published_time":"2022-07-26T06:37:44+00:00","og_image":[{"width":577,"height":320,"url":"https:\/\/akunq.net\/tr\/wp-content\/uploads\/sites\/6\/2022\/07\/Aznavour.jpg","type":"image\/jpeg"}],"author":"admin","twitter_card":"summary_large_image","twitter_misc":{"Written by":"admin","Est. reading time":"1 minute"},"schema":{"@context":"https:\/\/schema.org","@graph":[{"@type":"Article","@id":"https:\/\/akunq.net\/tr\/?p=69424#article","isPartOf":{"@id":"https:\/\/akunq.net\/tr\/?p=69424"},"author":{"name":"admin","@id":"https:\/\/akunq.net\/tr\/#\/schema\/person\/096f1d38a12cce57fb855b485ed24c9e"},"headline":"Ermenistan ve Fransa d\u00fcnyaca \u00fcnl\u00fc Charles Aznavour&#8217;un 100. do\u011fum y\u0131ld\u00f6n\u00fcm\u00fcne haz\u0131rlan\u0131yorlar","datePublished":"2022-07-26T06:37:44+00:00","mainEntityOfPage":{"@id":"https:\/\/akunq.net\/tr\/?p=69424"},"wordCount":231,"commentCount":0,"image":{"@id":"https:\/\/akunq.net\/tr\/?p=69424#primaryimage"},"thumbnailUrl":"https:\/\/akunq.net\/tr\/wp-content\/uploads\/sites\/6\/2022\/07\/Aznavour.jpg","articleSection":["Haberler"],"inLanguage":"en-US","potentialAction":[{"@type":"CommentAction","name":"Comment","target":["https:\/\/akunq.net\/tr\/?p=69424#respond"]}]},{"@type":"WebPage","@id":"https:\/\/akunq.net\/tr\/?p=69424","url":"https:\/\/akunq.net\/tr\/?p=69424","name":"Ermenistan ve Fransa d\u00fcnyaca \u00fcnl\u00fc Charles Aznavour'un 100. do\u011fum y\u0131ld\u00f6n\u00fcm\u00fcne haz\u0131rlan\u0131yorlar - Bati Ermenistan Ve Bati Ermenileri Sorunlari Ara\u015ftirmalar Merkezi","isPartOf":{"@id":"https:\/\/akunq.net\/tr\/#website"},"primaryImageOfPage":{"@id":"https:\/\/akunq.net\/tr\/?p=69424#primaryimage"},"image":{"@id":"https:\/\/akunq.net\/tr\/?p=69424#primaryimage"},"thumbnailUrl":"https:\/\/akunq.net\/tr\/wp-content\/uploads\/sites\/6\/2022\/07\/Aznavour.jpg","datePublished":"2022-07-26T06:37:44+00:00","author":{"@id":"https:\/\/akunq.net\/tr\/#\/schema\/person\/096f1d38a12cce57fb855b485ed24c9e"},"breadcrumb":{"@id":"https:\/\/akunq.net\/tr\/?p=69424#breadcrumb"},"inLanguage":"en-US","potentialAction":[{"@type":"ReadAction","target":["https:\/\/akunq.net\/tr\/?p=69424"]}]},{"@type":"ImageObject","inLanguage":"en-US","@id":"https:\/\/akunq.net\/tr\/?p=69424#primaryimage","url":"https:\/\/akunq.net\/tr\/wp-content\/uploads\/sites\/6\/2022\/07\/Aznavour.jpg","contentUrl":"https:\/\/akunq.net\/tr\/wp-content\/uploads\/sites\/6\/2022\/07\/Aznavour.jpg","width":577,"height":320},{"@type":"BreadcrumbList","@id":"https:\/\/akunq.net\/tr\/?p=69424#breadcrumb","itemListElement":[{"@type":"ListItem","position":1,"name":"Home","item":"https:\/\/akunq.net\/tr"},{"@type":"ListItem","position":2,"name":"Ermenistan ve Fransa d\u00fcnyaca \u00fcnl\u00fc Charles Aznavour&#8217;un 100. do\u011fum y\u0131ld\u00f6n\u00fcm\u00fcne haz\u0131rlan\u0131yorlar"}]},{"@type":"WebSite","@id":"https:\/\/akunq.net\/tr\/#website","url":"https:\/\/akunq.net\/tr\/","name":"Bati Ermenistan Ve Bati Ermenileri Sorunlari Ara\u015ftirmalar Merkezi","description":"","potentialAction":[{"@type":"SearchAction","target":{"@type":"EntryPoint","urlTemplate":"https:\/\/akunq.net\/tr\/?s={search_term_string}"},"query-input":{"@type":"PropertyValueSpecification","valueRequired":true,"valueName":"search_term_string"}}],"inLanguage":"en-US"},{"@type":"Person","@id":"https:\/\/akunq.net\/tr\/#\/schema\/person\/096f1d38a12cce57fb855b485ed24c9e","name":"admin","url":"https:\/\/akunq.net\/tr\/?author=7"}]}},"_links":{"self":[{"href":"https:\/\/akunq.net\/tr\/index.php?rest_route=\/wp\/v2\/posts\/69424","targetHints":{"allow":["GET"]}}],"collection":[{"href":"https:\/\/akunq.net\/tr\/index.php?rest_route=\/wp\/v2\/posts"}],"about":[{"href":"https:\/\/akunq.net\/tr\/index.php?rest_route=\/wp\/v2\/types\/post"}],"author":[{"embeddable":true,"href":"https:\/\/akunq.net\/tr\/index.php?rest_route=\/wp\/v2\/users\/7"}],"replies":[{"embeddable":true,"href":"https:\/\/akunq.net\/tr\/index.php?rest_route=%2Fwp%2Fv2%2Fcomments&post=69424"}],"version-history":[{"count":1,"href":"https:\/\/akunq.net\/tr\/index.php?rest_route=\/wp\/v2\/posts\/69424\/revisions"}],"predecessor-version":[{"id":69426,"href":"https:\/\/akunq.net\/tr\/index.php?rest_route=\/wp\/v2\/posts\/69424\/revisions\/69426"}],"wp:featuredmedia":[{"embeddable":true,"href":"https:\/\/akunq.net\/tr\/index.php?rest_route=\/wp\/v2\/media\/69425"}],"wp:attachment":[{"href":"https:\/\/akunq.net\/tr\/index.php?rest_route=%2Fwp%2Fv2%2Fmedia&parent=69424"}],"wp:term":[{"taxonomy":"category","embeddable":true,"href":"https:\/\/akunq.net\/tr\/index.php?rest_route=%2Fwp%2Fv2%2Fcategories&post=69424"},{"taxonomy":"post_tag","embeddable":true,"href":"https:\/\/akunq.net\/tr\/index.php?rest_route=%2Fwp%2Fv2%2Ftags&post=69424"}],"curies":[{"name":"wp","href":"https:\/\/api.w.org\/{rel}","templated":true}]}}