{"id":69421,"date":"2022-07-26T01:32:02","date_gmt":"2022-07-26T06:32:02","guid":{"rendered":"https:\/\/akunq.net\/tr\/?p=69421"},"modified":"2022-07-26T01:32:02","modified_gmt":"2022-07-26T06:32:02","slug":"vakif-yoneticileri-vgm-yetkilileri-ile-toplandi","status":"publish","type":"post","link":"https:\/\/akunq.net\/tr\/?p=69421","title":{"rendered":"Vak\u0131f y\u00f6neticileri VGM yetkilileri ile topland\u0131"},"content":{"rendered":"<p><img loading=\"lazy\" decoding=\"async\" class=\"aligncenter size-medium wp-image-69422\" src=\"https:\/\/akunq.net\/tr\/wp-content\/uploads\/2022\/07\/Vakif-yoneticileri-360x180.jpg\" alt=\"\" width=\"360\" height=\"180\" srcset=\"https:\/\/akunq.net\/tr\/wp-content\/uploads\/sites\/6\/2022\/07\/Vakif-yoneticileri-360x180.jpg 360w, https:\/\/akunq.net\/tr\/wp-content\/uploads\/sites\/6\/2022\/07\/Vakif-yoneticileri-560x280.jpg 560w, https:\/\/akunq.net\/tr\/wp-content\/uploads\/sites\/6\/2022\/07\/Vakif-yoneticileri-260x130.jpg 260w, https:\/\/akunq.net\/tr\/wp-content\/uploads\/sites\/6\/2022\/07\/Vakif-yoneticileri-160x80.jpg 160w, https:\/\/akunq.net\/tr\/wp-content\/uploads\/sites\/6\/2022\/07\/Vakif-yoneticileri.jpg 660w\" sizes=\"auto, (max-width: 360px) 100vw, 360px\" \/><\/p>\n<p><em><strong>T\u00fcrkiye Ermeni toplumundan baz\u0131 vak\u0131f y\u00f6neticileri ge\u00e7ti\u011fimiz hafta sonu \u0130stanbul&#8217;da Vak\u0131flar Genel M\u00fcd\u00fcrl\u00fc\u011f\u00fc yetkilileri ile biraraya geldi.<\/strong><\/em><\/p>\n<div>\n<p>Az\u0131nl\u0131k Vak\u0131flar Se\u00e7im Y\u00f6netmeli\u011fi ge\u00e7ti\u011fimiz ay Resmi Gazete&#8217;de yay\u0131mlanarak y\u00fcr\u00fcrl\u00fc\u011fe girmi\u015fti. Ancak baz\u0131 maddeler belirsizlik yaratm\u0131\u015f, baz\u0131 vak\u0131flar\u0131 eksiklerin ve belirsizliklerin giderilmesinin talep etmi\u015flerdi. Bir\u00e7ok vak\u0131f, adaylar i\u00e7in getirilen se\u00e7im b\u00f6lgesi s\u0131n\u0131rlamas\u0131n\u0131n esnetilmesini\u00a0<a href=\"https:\/\/www.agos.com.tr\/tr\/yazi\/27318\/adaylara-bolge-sinirlamasi-sorunu-cozulmeli\" target=\"_blank\" rel=\"noopener\">istiyor<\/a>.<\/p>\n<p>Ge\u00e7ti\u011fimiz hafta sonu Gedikpa\u015fa, Samatya, Ferik\u00f6y, Ortak\u00f6y vak\u0131flar\u0131ndan temsilciler VGM yetkilileri ile \u0130stanbul&#8217;da bir araya geldi. Toplant\u0131da vak\u0131f y\u00f6neticileri baz\u0131 belirsiz hususlara dikkat \u00e7ektiler. Kimi vak\u0131flar b\u00f6lgelerinde se\u00e7men bulunmad\u0131\u011f\u0131ndan hareket ederek il baz\u0131nda se\u00e7im yap\u0131lmas\u0131n\u0131n g\u00fcndeme gelmesini \u00f6nerdiler.<\/p>\n<\/div>\n<div>\n<p>Edinilen bilgilere g\u00f6re VGM y\u00f6neticileri bu y\u0131l sonuna kadar se\u00e7imlerin sonu\u00e7lanmas\u0131n\u0131n alt\u0131n\u0131 \u00e7izdi, se\u00e7men say\u0131s\u0131 gibi nedenlerle se\u00e7im yapamayacak durumda olan vak\u0131flar i\u00e7in de &#8220;Problem varsa \u00e7\u00f6zmeye \u00e7al\u0131\u015f\u0131r\u0131z&#8221; mesaj\u0131n\u0131 verdi.<\/p>\n<p>VGM ile yeni bir toplant\u0131 yap\u0131l\u0131p yap\u0131lmayaca\u011f\u0131 hen\u00fcz netle\u015fmedi.<\/p>\n<p><em><strong>https:\/\/www.agos.com.tr\/tr\/yazi\/27324\/vakif-yoneticileri-vgm-yetkilileri-ile-toplandi\u00a0<\/strong><\/em><\/p>\n<\/div>\n","protected":false},"excerpt":{"rendered":"<p>T\u00fcrkiye Ermeni toplumundan baz\u0131 vak\u0131f y\u00f6neticileri ge\u00e7ti\u011fimiz hafta sonu \u0130stanbul&#8217;da Vak\u0131flar Genel M\u00fcd\u00fcrl\u00fc\u011f\u00fc yetkilileri ile biraraya geldi. Az\u0131nl\u0131k Vak\u0131flar Se\u00e7im Y\u00f6netmeli\u011fi ge\u00e7ti\u011fimiz ay Resmi Gazete&#8217;de yay\u0131mlanarak y\u00fcr\u00fcrl\u00fc\u011fe girmi\u015fti. Ancak baz\u0131 maddeler belirsizlik yaratm\u0131\u015f, baz\u0131 vak\u0131flar\u0131 eksiklerin ve belirsizliklerin giderilmesinin talep etmi\u015flerdi. Bir\u00e7ok vak\u0131f, adaylar i\u00e7in getirilen se\u00e7im b\u00f6lgesi s\u0131n\u0131rlamas\u0131n\u0131n esnetilmesini\u00a0istiyor. Ge\u00e7ti\u011fimiz hafta sonu Gedikpa\u015fa, Samatya, [&hellip;]<\/p>\n","protected":false},"author":7,"featured_media":69422,"comment_status":"open","ping_status":"open","sticky":false,"template":"","format":"standard","meta":{"footnotes":""},"categories":[1,53],"tags":[],"class_list":["post-69421","post","type-post","status-publish","format-standard","has-post-thumbnail","hentry","category-haberler","category-turkiyede-azinliklar"],"yoast_head":"<!-- This site is optimized with the Yoast SEO plugin v27.4 - https:\/\/yoast.com\/product\/yoast-seo-wordpress\/ -->\n<title>Vak\u0131f y\u00f6neticileri VGM yetkilileri ile topland\u0131 - Bati Ermenistan Ve Bati Ermenileri Sorunlari Ara\u015ftirmalar Merkezi<\/title>\n<meta name=\"robots\" content=\"index, follow, max-snippet:-1, max-image-preview:large, max-video-preview:-1\" \/>\n<link rel=\"canonical\" href=\"https:\/\/akunq.net\/tr\/?p=69421\" \/>\n<meta property=\"og:locale\" content=\"en_US\" \/>\n<meta property=\"og:type\" content=\"article\" \/>\n<meta property=\"og:title\" content=\"Vak\u0131f y\u00f6neticileri VGM yetkilileri ile topland\u0131 - Bati Ermenistan Ve Bati Ermenileri Sorunlari Ara\u015ftirmalar Merkezi\" \/>\n<meta property=\"og:description\" content=\"T\u00fcrkiye Ermeni toplumundan baz\u0131 vak\u0131f y\u00f6neticileri ge\u00e7ti\u011fimiz hafta sonu \u0130stanbul&#8217;da Vak\u0131flar Genel M\u00fcd\u00fcrl\u00fc\u011f\u00fc yetkilileri ile biraraya geldi. Az\u0131nl\u0131k Vak\u0131flar Se\u00e7im Y\u00f6netmeli\u011fi ge\u00e7ti\u011fimiz ay Resmi Gazete&#8217;de yay\u0131mlanarak y\u00fcr\u00fcrl\u00fc\u011fe girmi\u015fti. Ancak baz\u0131 maddeler belirsizlik yaratm\u0131\u015f, baz\u0131 vak\u0131flar\u0131 eksiklerin ve belirsizliklerin giderilmesinin talep etmi\u015flerdi. Bir\u00e7ok vak\u0131f, adaylar i\u00e7in getirilen se\u00e7im b\u00f6lgesi s\u0131n\u0131rlamas\u0131n\u0131n esnetilmesini\u00a0istiyor. Ge\u00e7ti\u011fimiz hafta sonu Gedikpa\u015fa, Samatya, [&hellip;]\" \/>\n<meta property=\"og:url\" content=\"https:\/\/akunq.net\/tr\/?p=69421\" \/>\n<meta property=\"og:site_name\" content=\"Bati Ermenistan Ve Bati Ermenileri Sorunlari Ara\u015ftirmalar Merkezi\" \/>\n<meta property=\"article:published_time\" content=\"2022-07-26T06:32:02+00:00\" \/>\n<meta property=\"og:image\" content=\"https:\/\/akunq.net\/tr\/wp-content\/uploads\/sites\/6\/2022\/07\/Vakif-yoneticileri.jpg\" \/>\n\t<meta property=\"og:image:width\" content=\"660\" \/>\n\t<meta property=\"og:image:height\" content=\"330\" \/>\n\t<meta property=\"og:image:type\" content=\"image\/jpeg\" \/>\n<meta name=\"author\" content=\"admin\" \/>\n<meta name=\"twitter:card\" content=\"summary_large_image\" \/>\n<meta name=\"twitter:label1\" content=\"Written by\" \/>\n\t<meta name=\"twitter:data1\" content=\"admin\" \/>\n\t<meta name=\"twitter:label2\" content=\"Est. reading time\" \/>\n\t<meta name=\"twitter:data2\" content=\"1 minute\" \/>\n<script type=\"application\/ld+json\" class=\"yoast-schema-graph\">{\"@context\":\"https:\\\/\\\/schema.org\",\"@graph\":[{\"@type\":\"Article\",\"@id\":\"https:\\\/\\\/akunq.net\\\/tr\\\/?p=69421#article\",\"isPartOf\":{\"@id\":\"https:\\\/\\\/akunq.net\\\/tr\\\/?p=69421\"},\"author\":{\"name\":\"admin\",\"@id\":\"https:\\\/\\\/akunq.net\\\/tr\\\/#\\\/schema\\\/person\\\/096f1d38a12cce57fb855b485ed24c9e\"},\"headline\":\"Vak\u0131f y\u00f6neticileri VGM yetkilileri ile topland\u0131\",\"datePublished\":\"2022-07-26T06:32:02+00:00\",\"mainEntityOfPage\":{\"@id\":\"https:\\\/\\\/akunq.net\\\/tr\\\/?p=69421\"},\"wordCount\":217,\"commentCount\":0,\"image\":{\"@id\":\"https:\\\/\\\/akunq.net\\\/tr\\\/?p=69421#primaryimage\"},\"thumbnailUrl\":\"https:\\\/\\\/akunq.net\\\/tr\\\/wp-content\\\/uploads\\\/sites\\\/6\\\/2022\\\/07\\\/Vakif-yoneticileri.jpg\",\"articleSection\":[\"Haberler\",\"T\u00fcrkiye\u2019de Az\u0131nl\u0131klar\"],\"inLanguage\":\"en-US\",\"potentialAction\":[{\"@type\":\"CommentAction\",\"name\":\"Comment\",\"target\":[\"https:\\\/\\\/akunq.net\\\/tr\\\/?p=69421#respond\"]}]},{\"@type\":\"WebPage\",\"@id\":\"https:\\\/\\\/akunq.net\\\/tr\\\/?p=69421\",\"url\":\"https:\\\/\\\/akunq.net\\\/tr\\\/?p=69421\",\"name\":\"Vak\u0131f y\u00f6neticileri VGM yetkilileri ile topland\u0131 - Bati Ermenistan Ve Bati Ermenileri Sorunlari Ara\u015ftirmalar Merkezi\",\"isPartOf\":{\"@id\":\"https:\\\/\\\/akunq.net\\\/tr\\\/#website\"},\"primaryImageOfPage\":{\"@id\":\"https:\\\/\\\/akunq.net\\\/tr\\\/?p=69421#primaryimage\"},\"image\":{\"@id\":\"https:\\\/\\\/akunq.net\\\/tr\\\/?p=69421#primaryimage\"},\"thumbnailUrl\":\"https:\\\/\\\/akunq.net\\\/tr\\\/wp-content\\\/uploads\\\/sites\\\/6\\\/2022\\\/07\\\/Vakif-yoneticileri.jpg\",\"datePublished\":\"2022-07-26T06:32:02+00:00\",\"author\":{\"@id\":\"https:\\\/\\\/akunq.net\\\/tr\\\/#\\\/schema\\\/person\\\/096f1d38a12cce57fb855b485ed24c9e\"},\"breadcrumb\":{\"@id\":\"https:\\\/\\\/akunq.net\\\/tr\\\/?p=69421#breadcrumb\"},\"inLanguage\":\"en-US\",\"potentialAction\":[{\"@type\":\"ReadAction\",\"target\":[\"https:\\\/\\\/akunq.net\\\/tr\\\/?p=69421\"]}]},{\"@type\":\"ImageObject\",\"inLanguage\":\"en-US\",\"@id\":\"https:\\\/\\\/akunq.net\\\/tr\\\/?p=69421#primaryimage\",\"url\":\"https:\\\/\\\/akunq.net\\\/tr\\\/wp-content\\\/uploads\\\/sites\\\/6\\\/2022\\\/07\\\/Vakif-yoneticileri.jpg\",\"contentUrl\":\"https:\\\/\\\/akunq.net\\\/tr\\\/wp-content\\\/uploads\\\/sites\\\/6\\\/2022\\\/07\\\/Vakif-yoneticileri.jpg\",\"width\":660,\"height\":330},{\"@type\":\"BreadcrumbList\",\"@id\":\"https:\\\/\\\/akunq.net\\\/tr\\\/?p=69421#breadcrumb\",\"itemListElement\":[{\"@type\":\"ListItem\",\"position\":1,\"name\":\"Home\",\"item\":\"https:\\\/\\\/akunq.net\\\/tr\"},{\"@type\":\"ListItem\",\"position\":2,\"name\":\"Vak\u0131f y\u00f6neticileri VGM yetkilileri ile topland\u0131\"}]},{\"@type\":\"WebSite\",\"@id\":\"https:\\\/\\\/akunq.net\\\/tr\\\/#website\",\"url\":\"https:\\\/\\\/akunq.net\\\/tr\\\/\",\"name\":\"Bati Ermenistan Ve Bati Ermenileri Sorunlari Ara\u015ftirmalar Merkezi\",\"description\":\"\",\"potentialAction\":[{\"@type\":\"SearchAction\",\"target\":{\"@type\":\"EntryPoint\",\"urlTemplate\":\"https:\\\/\\\/akunq.net\\\/tr\\\/?s={search_term_string}\"},\"query-input\":{\"@type\":\"PropertyValueSpecification\",\"valueRequired\":true,\"valueName\":\"search_term_string\"}}],\"inLanguage\":\"en-US\"},{\"@type\":\"Person\",\"@id\":\"https:\\\/\\\/akunq.net\\\/tr\\\/#\\\/schema\\\/person\\\/096f1d38a12cce57fb855b485ed24c9e\",\"name\":\"admin\",\"url\":\"https:\\\/\\\/akunq.net\\\/tr\\\/?author=7\"}]}<\/script>\n<!-- \/ Yoast SEO plugin. -->","yoast_head_json":{"title":"Vak\u0131f y\u00f6neticileri VGM yetkilileri ile topland\u0131 - Bati Ermenistan Ve Bati Ermenileri Sorunlari Ara\u015ftirmalar Merkezi","robots":{"index":"index","follow":"follow","max-snippet":"max-snippet:-1","max-image-preview":"max-image-preview:large","max-video-preview":"max-video-preview:-1"},"canonical":"https:\/\/akunq.net\/tr\/?p=69421","og_locale":"en_US","og_type":"article","og_title":"Vak\u0131f y\u00f6neticileri VGM yetkilileri ile topland\u0131 - Bati Ermenistan Ve Bati Ermenileri Sorunlari Ara\u015ftirmalar Merkezi","og_description":"T\u00fcrkiye Ermeni toplumundan baz\u0131 vak\u0131f y\u00f6neticileri ge\u00e7ti\u011fimiz hafta sonu \u0130stanbul&#8217;da Vak\u0131flar Genel M\u00fcd\u00fcrl\u00fc\u011f\u00fc yetkilileri ile biraraya geldi. Az\u0131nl\u0131k Vak\u0131flar Se\u00e7im Y\u00f6netmeli\u011fi ge\u00e7ti\u011fimiz ay Resmi Gazete&#8217;de yay\u0131mlanarak y\u00fcr\u00fcrl\u00fc\u011fe girmi\u015fti. Ancak baz\u0131 maddeler belirsizlik yaratm\u0131\u015f, baz\u0131 vak\u0131flar\u0131 eksiklerin ve belirsizliklerin giderilmesinin talep etmi\u015flerdi. Bir\u00e7ok vak\u0131f, adaylar i\u00e7in getirilen se\u00e7im b\u00f6lgesi s\u0131n\u0131rlamas\u0131n\u0131n esnetilmesini\u00a0istiyor. Ge\u00e7ti\u011fimiz hafta sonu Gedikpa\u015fa, Samatya, [&hellip;]","og_url":"https:\/\/akunq.net\/tr\/?p=69421","og_site_name":"Bati Ermenistan Ve Bati Ermenileri Sorunlari Ara\u015ftirmalar Merkezi","article_published_time":"2022-07-26T06:32:02+00:00","og_image":[{"width":660,"height":330,"url":"https:\/\/akunq.net\/tr\/wp-content\/uploads\/sites\/6\/2022\/07\/Vakif-yoneticileri.jpg","type":"image\/jpeg"}],"author":"admin","twitter_card":"summary_large_image","twitter_misc":{"Written by":"admin","Est. reading time":"1 minute"},"schema":{"@context":"https:\/\/schema.org","@graph":[{"@type":"Article","@id":"https:\/\/akunq.net\/tr\/?p=69421#article","isPartOf":{"@id":"https:\/\/akunq.net\/tr\/?p=69421"},"author":{"name":"admin","@id":"https:\/\/akunq.net\/tr\/#\/schema\/person\/096f1d38a12cce57fb855b485ed24c9e"},"headline":"Vak\u0131f y\u00f6neticileri VGM yetkilileri ile topland\u0131","datePublished":"2022-07-26T06:32:02+00:00","mainEntityOfPage":{"@id":"https:\/\/akunq.net\/tr\/?p=69421"},"wordCount":217,"commentCount":0,"image":{"@id":"https:\/\/akunq.net\/tr\/?p=69421#primaryimage"},"thumbnailUrl":"https:\/\/akunq.net\/tr\/wp-content\/uploads\/sites\/6\/2022\/07\/Vakif-yoneticileri.jpg","articleSection":["Haberler","T\u00fcrkiye\u2019de Az\u0131nl\u0131klar"],"inLanguage":"en-US","potentialAction":[{"@type":"CommentAction","name":"Comment","target":["https:\/\/akunq.net\/tr\/?p=69421#respond"]}]},{"@type":"WebPage","@id":"https:\/\/akunq.net\/tr\/?p=69421","url":"https:\/\/akunq.net\/tr\/?p=69421","name":"Vak\u0131f y\u00f6neticileri VGM yetkilileri ile topland\u0131 - Bati Ermenistan Ve Bati Ermenileri Sorunlari Ara\u015ftirmalar Merkezi","isPartOf":{"@id":"https:\/\/akunq.net\/tr\/#website"},"primaryImageOfPage":{"@id":"https:\/\/akunq.net\/tr\/?p=69421#primaryimage"},"image":{"@id":"https:\/\/akunq.net\/tr\/?p=69421#primaryimage"},"thumbnailUrl":"https:\/\/akunq.net\/tr\/wp-content\/uploads\/sites\/6\/2022\/07\/Vakif-yoneticileri.jpg","datePublished":"2022-07-26T06:32:02+00:00","author":{"@id":"https:\/\/akunq.net\/tr\/#\/schema\/person\/096f1d38a12cce57fb855b485ed24c9e"},"breadcrumb":{"@id":"https:\/\/akunq.net\/tr\/?p=69421#breadcrumb"},"inLanguage":"en-US","potentialAction":[{"@type":"ReadAction","target":["https:\/\/akunq.net\/tr\/?p=69421"]}]},{"@type":"ImageObject","inLanguage":"en-US","@id":"https:\/\/akunq.net\/tr\/?p=69421#primaryimage","url":"https:\/\/akunq.net\/tr\/wp-content\/uploads\/sites\/6\/2022\/07\/Vakif-yoneticileri.jpg","contentUrl":"https:\/\/akunq.net\/tr\/wp-content\/uploads\/sites\/6\/2022\/07\/Vakif-yoneticileri.jpg","width":660,"height":330},{"@type":"BreadcrumbList","@id":"https:\/\/akunq.net\/tr\/?p=69421#breadcrumb","itemListElement":[{"@type":"ListItem","position":1,"name":"Home","item":"https:\/\/akunq.net\/tr"},{"@type":"ListItem","position":2,"name":"Vak\u0131f y\u00f6neticileri VGM yetkilileri ile topland\u0131"}]},{"@type":"WebSite","@id":"https:\/\/akunq.net\/tr\/#website","url":"https:\/\/akunq.net\/tr\/","name":"Bati Ermenistan Ve Bati Ermenileri Sorunlari Ara\u015ftirmalar Merkezi","description":"","potentialAction":[{"@type":"SearchAction","target":{"@type":"EntryPoint","urlTemplate":"https:\/\/akunq.net\/tr\/?s={search_term_string}"},"query-input":{"@type":"PropertyValueSpecification","valueRequired":true,"valueName":"search_term_string"}}],"inLanguage":"en-US"},{"@type":"Person","@id":"https:\/\/akunq.net\/tr\/#\/schema\/person\/096f1d38a12cce57fb855b485ed24c9e","name":"admin","url":"https:\/\/akunq.net\/tr\/?author=7"}]}},"_links":{"self":[{"href":"https:\/\/akunq.net\/tr\/index.php?rest_route=\/wp\/v2\/posts\/69421","targetHints":{"allow":["GET"]}}],"collection":[{"href":"https:\/\/akunq.net\/tr\/index.php?rest_route=\/wp\/v2\/posts"}],"about":[{"href":"https:\/\/akunq.net\/tr\/index.php?rest_route=\/wp\/v2\/types\/post"}],"author":[{"embeddable":true,"href":"https:\/\/akunq.net\/tr\/index.php?rest_route=\/wp\/v2\/users\/7"}],"replies":[{"embeddable":true,"href":"https:\/\/akunq.net\/tr\/index.php?rest_route=%2Fwp%2Fv2%2Fcomments&post=69421"}],"version-history":[{"count":1,"href":"https:\/\/akunq.net\/tr\/index.php?rest_route=\/wp\/v2\/posts\/69421\/revisions"}],"predecessor-version":[{"id":69423,"href":"https:\/\/akunq.net\/tr\/index.php?rest_route=\/wp\/v2\/posts\/69421\/revisions\/69423"}],"wp:featuredmedia":[{"embeddable":true,"href":"https:\/\/akunq.net\/tr\/index.php?rest_route=\/wp\/v2\/media\/69422"}],"wp:attachment":[{"href":"https:\/\/akunq.net\/tr\/index.php?rest_route=%2Fwp%2Fv2%2Fmedia&parent=69421"}],"wp:term":[{"taxonomy":"category","embeddable":true,"href":"https:\/\/akunq.net\/tr\/index.php?rest_route=%2Fwp%2Fv2%2Fcategories&post=69421"},{"taxonomy":"post_tag","embeddable":true,"href":"https:\/\/akunq.net\/tr\/index.php?rest_route=%2Fwp%2Fv2%2Ftags&post=69421"}],"curies":[{"name":"wp","href":"https:\/\/api.w.org\/{rel}","templated":true}]}}