{"id":69405,"date":"2022-07-25T01:54:45","date_gmt":"2022-07-25T06:54:45","guid":{"rendered":"https:\/\/akunq.net\/tr\/?p=69405"},"modified":"2022-07-25T01:54:45","modified_gmt":"2022-07-25T06:54:45","slug":"kocaelide-2-bin-yillik-tarihe-buyuk-saygisizlik","status":"publish","type":"post","link":"https:\/\/akunq.net\/tr\/?p=69405","title":{"rendered":"Kocaeli\u2019de 2 bin y\u0131ll\u0131k tarihe b\u00fcy\u00fck sayg\u0131s\u0131zl\u0131k"},"content":{"rendered":"<p><img loading=\"lazy\" decoding=\"async\" class=\"aligncenter size-medium wp-image-69406\" src=\"https:\/\/akunq.net\/tr\/wp-content\/uploads\/2022\/07\/Kocaelide-2-bin-yillik-tarihe-buyuk-saygisizlik-360x202.jpg\" alt=\"\" width=\"360\" height=\"202\" srcset=\"https:\/\/akunq.net\/tr\/wp-content\/uploads\/sites\/6\/2022\/07\/Kocaelide-2-bin-yillik-tarihe-buyuk-saygisizlik-360x202.jpg 360w, https:\/\/akunq.net\/tr\/wp-content\/uploads\/sites\/6\/2022\/07\/Kocaelide-2-bin-yillik-tarihe-buyuk-saygisizlik-560x313.jpg 560w, https:\/\/akunq.net\/tr\/wp-content\/uploads\/sites\/6\/2022\/07\/Kocaelide-2-bin-yillik-tarihe-buyuk-saygisizlik-260x146.jpg 260w, https:\/\/akunq.net\/tr\/wp-content\/uploads\/sites\/6\/2022\/07\/Kocaelide-2-bin-yillik-tarihe-buyuk-saygisizlik-160x90.jpg 160w, https:\/\/akunq.net\/tr\/wp-content\/uploads\/sites\/6\/2022\/07\/Kocaelide-2-bin-yillik-tarihe-buyuk-saygisizlik.jpg 720w\" sizes=\"auto, (max-width: 360px) 100vw, 360px\" \/><\/p>\n<p><em><strong>Kocaeli\u2019de yakla\u015f\u0131k 2 bin y\u0131l \u00f6nce in\u015fa edilen t\u00fcm\u00fcl\u00fcs, define u\u011fruna talan edildi. Baz\u0131 ki\u015filerin ta\u015flar\u0131 kaz\u0131yarak tarihi yap\u0131ya kendisinin veya sevdi\u011finin ismini yazd\u0131\u011f\u0131 da g\u00f6r\u00fcld\u00fc.<\/strong><\/em><\/p>\n<p>Mecidiye ve G\u00fcvercinlik mevkileri aras\u0131nda bulunan t\u00fcm\u00fcl\u00fcs (bir mezar ya da mezarl\u0131k i\u00e7eren, toprak y\u0131\u011f\u0131larak olu\u015fturulmu\u015f tepecik), kimli\u011fi belirsiz ki\u015fi ya da ki\u015filer taraf\u0131ndan tahrip edildi. Yakla\u015f\u0131k 2 bin y\u0131l \u00f6nce \u00f6nemli ki\u015filer i\u00e7in in\u015fa edildi\u011fi tahmin edilen t\u00fcm\u00fcl\u00fcs, hem define u\u011fruna kaz\u0131 yapanlar dolay\u0131s\u0131yla, hem de baz\u0131lar\u0131n\u0131n ta\u015flar\u0131 kaz\u0131yarak sevdi\u011fi ki\u015filerin isimlerini yazmas\u0131yla zarar g\u00f6rd\u00fc. 1993 y\u0131l\u0131nda sit alan\u0131 ilan edilen tarihi yap\u0131, tahrip edilmi\u015f haliyle \u00e7evredeki vatanda\u015flar\u0131n da tepkisine sebep oldu.<\/p>\n<p><strong>\u201cTOPRAKLA KAPATTIRDIK FAKAT KA\u00c7AK DEF\u0130NEC\u0130LER TARAFINDAN BURASI TEKRAR A\u00c7ILDI\u201d<\/strong><\/p>\n<p>T\u00fcm\u00fcl\u00fcs\u00fcn, 1993 y\u0131l\u0131nda bulundu\u011funu s\u00f6yleyen Mecidiyek\u00f6y eski muhtar\u0131 \u0130dris Derin, \u201cDefineciler taraf\u0131ndan kaz\u0131l\u0131rken bulundu. \u0130l K\u00fclt\u00fcr ve Turizm M\u00fcd\u00fcrl\u00fc\u011f\u00fc ile M\u00fcze M\u00fcd\u00fcrl\u00fc\u011f\u00fc i\u015fbirli\u011fiyle b\u00f6lgede kurtarma kaz\u0131s\u0131 yap\u0131ld\u0131. Alan temizlendi, mesire alan\u0131 gibi ziyarete a\u00e7\u0131ld\u0131. Fakat sonradan gelen acemi defineciler, her g\u00f6rd\u00fc\u011f\u00fc i\u015faretin arkas\u0131ndaki ta\u015flar\u0131 k\u0131rarak bu \u015fekilde tahrip etti. O tarihte valili\u011fe m\u00fcracaat ettik ve buray\u0131 toprakla kapatt\u0131rd\u0131k fakat ka\u00e7ak defineciler taraf\u0131ndan buras\u0131 tekrar a\u00e7\u0131ld\u0131. Tekrardan tahribatlar yap\u0131lmaya ba\u015fland\u0131. Jandarma duruma el koydu ve tutulan tutanaklarla kapat\u0131lmas\u0131na karar verildi. Tekrardan bu t\u00fcm\u00fcl\u00fcs kapat\u0131ld\u0131. 2 sene \u00f6nce i\u015f makinesiyle buras\u0131 define aranmak i\u00e7in a\u00e7\u0131ld\u0131. Ta\u015flar yerlerinden s\u00f6k\u00fclm\u00fc\u015f, yap\u0131lan bas\u0131n\u00e7la beraber ta\u015flarda patlamalar olmu\u015f, i\u00e7 tarafta ise g\u00f6\u00e7meler var\u201d dedi.<\/p>\n<p><strong>\u201cDEDEKT\u00d6R\u00dc OLAN T\u00dcM\u00dcL\u00dcS\u00dc KAZMI\u015e\u201d<\/strong><\/p>\n<p>T\u00fcm\u00fcl\u00fcs\u00fcn yeniden kapat\u0131lmas\u0131n\u0131 isteyen Derin, \u201cTekrardan kapat\u0131l\u0131p korunursa en az\u0131ndan gelecek y\u0131llara bir \u015feyler saklam\u0131\u015f olabiliriz. Bu t\u00fcm\u00fcl\u00fcs\u00fcn kime ait oldu\u011fu tespit edilemedi. T\u00fcm\u00fcl\u00fcs\u00fcn i\u00e7inde herhangi bir define veya lahitte \u00e7\u0131kmad\u0131, bo\u015f. D\u00f6nem soygunu yedi\u011fi i\u00e7in herhangi bir tarih\u00e7eye de ula\u015famad\u0131k. Sadece 1800 veya 2000 y\u0131ll\u0131k oldu\u011fu s\u00f6ylendi. Uzmanlar Orta Roma d\u00f6nemine ait olabilece\u011fini s\u00f6yledi. Buras\u0131 sit alan\u0131 ilan edildi, \u015fu an buras\u0131 o \u015fekilde korunuyor ama sadece ad\u0131 sit alan\u0131. Her taraf\u0131 kaz\u0131lm\u0131\u015f durumda, herhangi bir \u015feye ula\u015f\u0131lm\u0131\u015f da de\u011fil. Ellerinde dedekt\u00f6r olan herkes hem t\u00fcm\u00fcl\u00fcs\u00fc hem de \u00e7evresini kazm\u0131\u015f. Ke\u015fke korunsayd\u0131. \u00c7ok g\u00fczeldi, koridoru vard\u0131\u201d diye konu\u015ftu.<\/p>\n<hr \/>\n<p><em><strong><a href=\"https:\/\/www.milliyet.com.tr\/gundem\/kocaelide-2-bin-yillik-tarihe-buyuk-saygisizlik-6795307\" target=\"_blank\" rel=\"noopener\">Milliyet Gazetesi<\/a><\/strong><\/em><\/p>\n","protected":false},"excerpt":{"rendered":"<p>Kocaeli\u2019de yakla\u015f\u0131k 2 bin y\u0131l \u00f6nce in\u015fa edilen t\u00fcm\u00fcl\u00fcs, define u\u011fruna talan edildi. Baz\u0131 ki\u015filerin ta\u015flar\u0131 kaz\u0131yarak tarihi yap\u0131ya kendisinin veya sevdi\u011finin ismini yazd\u0131\u011f\u0131 da g\u00f6r\u00fcld\u00fc. Mecidiye ve G\u00fcvercinlik mevkileri aras\u0131nda bulunan t\u00fcm\u00fcl\u00fcs (bir mezar ya da mezarl\u0131k i\u00e7eren, toprak y\u0131\u011f\u0131larak olu\u015fturulmu\u015f tepecik), kimli\u011fi belirsiz ki\u015fi ya da ki\u015filer taraf\u0131ndan tahrip edildi. Yakla\u015f\u0131k 2 bin [&hellip;]<\/p>\n","protected":false},"author":7,"featured_media":69406,"comment_status":"open","ping_status":"open","sticky":false,"template":"","format":"standard","meta":{"footnotes":""},"categories":[1],"tags":[],"class_list":["post-69405","post","type-post","status-publish","format-standard","has-post-thumbnail","hentry","category-haberler"],"yoast_head":"<!-- This site is optimized with the Yoast SEO plugin v27.4 - https:\/\/yoast.com\/product\/yoast-seo-wordpress\/ -->\n<title>Kocaeli\u2019de 2 bin y\u0131ll\u0131k tarihe b\u00fcy\u00fck sayg\u0131s\u0131zl\u0131k - Bati Ermenistan Ve Bati Ermenileri Sorunlari Ara\u015ftirmalar Merkezi<\/title>\n<meta name=\"robots\" content=\"index, follow, max-snippet:-1, max-image-preview:large, max-video-preview:-1\" \/>\n<link rel=\"canonical\" href=\"https:\/\/akunq.net\/tr\/?p=69405\" \/>\n<meta property=\"og:locale\" content=\"en_US\" \/>\n<meta property=\"og:type\" content=\"article\" \/>\n<meta property=\"og:title\" content=\"Kocaeli\u2019de 2 bin y\u0131ll\u0131k tarihe b\u00fcy\u00fck sayg\u0131s\u0131zl\u0131k - Bati Ermenistan Ve Bati Ermenileri Sorunlari Ara\u015ftirmalar Merkezi\" \/>\n<meta property=\"og:description\" content=\"Kocaeli\u2019de yakla\u015f\u0131k 2 bin y\u0131l \u00f6nce in\u015fa edilen t\u00fcm\u00fcl\u00fcs, define u\u011fruna talan edildi. Baz\u0131 ki\u015filerin ta\u015flar\u0131 kaz\u0131yarak tarihi yap\u0131ya kendisinin veya sevdi\u011finin ismini yazd\u0131\u011f\u0131 da g\u00f6r\u00fcld\u00fc. Mecidiye ve G\u00fcvercinlik mevkileri aras\u0131nda bulunan t\u00fcm\u00fcl\u00fcs (bir mezar ya da mezarl\u0131k i\u00e7eren, toprak y\u0131\u011f\u0131larak olu\u015fturulmu\u015f tepecik), kimli\u011fi belirsiz ki\u015fi ya da ki\u015filer taraf\u0131ndan tahrip edildi. Yakla\u015f\u0131k 2 bin [&hellip;]\" \/>\n<meta property=\"og:url\" content=\"https:\/\/akunq.net\/tr\/?p=69405\" \/>\n<meta property=\"og:site_name\" content=\"Bati Ermenistan Ve Bati Ermenileri Sorunlari Ara\u015ftirmalar Merkezi\" \/>\n<meta property=\"article:published_time\" content=\"2022-07-25T06:54:45+00:00\" \/>\n<meta property=\"og:image\" content=\"https:\/\/akunq.net\/tr\/wp-content\/uploads\/sites\/6\/2022\/07\/Kocaelide-2-bin-yillik-tarihe-buyuk-saygisizlik.jpg\" \/>\n\t<meta property=\"og:image:width\" content=\"720\" \/>\n\t<meta property=\"og:image:height\" content=\"403\" \/>\n\t<meta property=\"og:image:type\" content=\"image\/jpeg\" \/>\n<meta name=\"author\" content=\"admin\" \/>\n<meta name=\"twitter:card\" content=\"summary_large_image\" \/>\n<meta name=\"twitter:label1\" content=\"Written by\" \/>\n\t<meta name=\"twitter:data1\" content=\"admin\" \/>\n\t<meta name=\"twitter:label2\" content=\"Est. reading time\" \/>\n\t<meta name=\"twitter:data2\" content=\"2 minutes\" \/>\n<script type=\"application\/ld+json\" class=\"yoast-schema-graph\">{\"@context\":\"https:\\\/\\\/schema.org\",\"@graph\":[{\"@type\":\"Article\",\"@id\":\"https:\\\/\\\/akunq.net\\\/tr\\\/?p=69405#article\",\"isPartOf\":{\"@id\":\"https:\\\/\\\/akunq.net\\\/tr\\\/?p=69405\"},\"author\":{\"name\":\"admin\",\"@id\":\"https:\\\/\\\/akunq.net\\\/tr\\\/#\\\/schema\\\/person\\\/096f1d38a12cce57fb855b485ed24c9e\"},\"headline\":\"Kocaeli\u2019de 2 bin y\u0131ll\u0131k tarihe b\u00fcy\u00fck sayg\u0131s\u0131zl\u0131k\",\"datePublished\":\"2022-07-25T06:54:45+00:00\",\"mainEntityOfPage\":{\"@id\":\"https:\\\/\\\/akunq.net\\\/tr\\\/?p=69405\"},\"wordCount\":487,\"commentCount\":0,\"image\":{\"@id\":\"https:\\\/\\\/akunq.net\\\/tr\\\/?p=69405#primaryimage\"},\"thumbnailUrl\":\"https:\\\/\\\/akunq.net\\\/tr\\\/wp-content\\\/uploads\\\/sites\\\/6\\\/2022\\\/07\\\/Kocaelide-2-bin-yillik-tarihe-buyuk-saygisizlik.jpg\",\"articleSection\":[\"Haberler\"],\"inLanguage\":\"en-US\",\"potentialAction\":[{\"@type\":\"CommentAction\",\"name\":\"Comment\",\"target\":[\"https:\\\/\\\/akunq.net\\\/tr\\\/?p=69405#respond\"]}]},{\"@type\":\"WebPage\",\"@id\":\"https:\\\/\\\/akunq.net\\\/tr\\\/?p=69405\",\"url\":\"https:\\\/\\\/akunq.net\\\/tr\\\/?p=69405\",\"name\":\"Kocaeli\u2019de 2 bin y\u0131ll\u0131k tarihe b\u00fcy\u00fck sayg\u0131s\u0131zl\u0131k - Bati Ermenistan Ve Bati Ermenileri Sorunlari Ara\u015ftirmalar Merkezi\",\"isPartOf\":{\"@id\":\"https:\\\/\\\/akunq.net\\\/tr\\\/#website\"},\"primaryImageOfPage\":{\"@id\":\"https:\\\/\\\/akunq.net\\\/tr\\\/?p=69405#primaryimage\"},\"image\":{\"@id\":\"https:\\\/\\\/akunq.net\\\/tr\\\/?p=69405#primaryimage\"},\"thumbnailUrl\":\"https:\\\/\\\/akunq.net\\\/tr\\\/wp-content\\\/uploads\\\/sites\\\/6\\\/2022\\\/07\\\/Kocaelide-2-bin-yillik-tarihe-buyuk-saygisizlik.jpg\",\"datePublished\":\"2022-07-25T06:54:45+00:00\",\"author\":{\"@id\":\"https:\\\/\\\/akunq.net\\\/tr\\\/#\\\/schema\\\/person\\\/096f1d38a12cce57fb855b485ed24c9e\"},\"breadcrumb\":{\"@id\":\"https:\\\/\\\/akunq.net\\\/tr\\\/?p=69405#breadcrumb\"},\"inLanguage\":\"en-US\",\"potentialAction\":[{\"@type\":\"ReadAction\",\"target\":[\"https:\\\/\\\/akunq.net\\\/tr\\\/?p=69405\"]}]},{\"@type\":\"ImageObject\",\"inLanguage\":\"en-US\",\"@id\":\"https:\\\/\\\/akunq.net\\\/tr\\\/?p=69405#primaryimage\",\"url\":\"https:\\\/\\\/akunq.net\\\/tr\\\/wp-content\\\/uploads\\\/sites\\\/6\\\/2022\\\/07\\\/Kocaelide-2-bin-yillik-tarihe-buyuk-saygisizlik.jpg\",\"contentUrl\":\"https:\\\/\\\/akunq.net\\\/tr\\\/wp-content\\\/uploads\\\/sites\\\/6\\\/2022\\\/07\\\/Kocaelide-2-bin-yillik-tarihe-buyuk-saygisizlik.jpg\",\"width\":720,\"height\":403},{\"@type\":\"BreadcrumbList\",\"@id\":\"https:\\\/\\\/akunq.net\\\/tr\\\/?p=69405#breadcrumb\",\"itemListElement\":[{\"@type\":\"ListItem\",\"position\":1,\"name\":\"Home\",\"item\":\"https:\\\/\\\/akunq.net\\\/tr\"},{\"@type\":\"ListItem\",\"position\":2,\"name\":\"Kocaeli\u2019de 2 bin y\u0131ll\u0131k tarihe b\u00fcy\u00fck sayg\u0131s\u0131zl\u0131k\"}]},{\"@type\":\"WebSite\",\"@id\":\"https:\\\/\\\/akunq.net\\\/tr\\\/#website\",\"url\":\"https:\\\/\\\/akunq.net\\\/tr\\\/\",\"name\":\"Bati Ermenistan Ve Bati Ermenileri Sorunlari Ara\u015ftirmalar Merkezi\",\"description\":\"\",\"potentialAction\":[{\"@type\":\"SearchAction\",\"target\":{\"@type\":\"EntryPoint\",\"urlTemplate\":\"https:\\\/\\\/akunq.net\\\/tr\\\/?s={search_term_string}\"},\"query-input\":{\"@type\":\"PropertyValueSpecification\",\"valueRequired\":true,\"valueName\":\"search_term_string\"}}],\"inLanguage\":\"en-US\"},{\"@type\":\"Person\",\"@id\":\"https:\\\/\\\/akunq.net\\\/tr\\\/#\\\/schema\\\/person\\\/096f1d38a12cce57fb855b485ed24c9e\",\"name\":\"admin\",\"url\":\"https:\\\/\\\/akunq.net\\\/tr\\\/?author=7\"}]}<\/script>\n<!-- \/ Yoast SEO plugin. -->","yoast_head_json":{"title":"Kocaeli\u2019de 2 bin y\u0131ll\u0131k tarihe b\u00fcy\u00fck sayg\u0131s\u0131zl\u0131k - Bati Ermenistan Ve Bati Ermenileri Sorunlari Ara\u015ftirmalar Merkezi","robots":{"index":"index","follow":"follow","max-snippet":"max-snippet:-1","max-image-preview":"max-image-preview:large","max-video-preview":"max-video-preview:-1"},"canonical":"https:\/\/akunq.net\/tr\/?p=69405","og_locale":"en_US","og_type":"article","og_title":"Kocaeli\u2019de 2 bin y\u0131ll\u0131k tarihe b\u00fcy\u00fck sayg\u0131s\u0131zl\u0131k - Bati Ermenistan Ve Bati Ermenileri Sorunlari Ara\u015ftirmalar Merkezi","og_description":"Kocaeli\u2019de yakla\u015f\u0131k 2 bin y\u0131l \u00f6nce in\u015fa edilen t\u00fcm\u00fcl\u00fcs, define u\u011fruna talan edildi. Baz\u0131 ki\u015filerin ta\u015flar\u0131 kaz\u0131yarak tarihi yap\u0131ya kendisinin veya sevdi\u011finin ismini yazd\u0131\u011f\u0131 da g\u00f6r\u00fcld\u00fc. Mecidiye ve G\u00fcvercinlik mevkileri aras\u0131nda bulunan t\u00fcm\u00fcl\u00fcs (bir mezar ya da mezarl\u0131k i\u00e7eren, toprak y\u0131\u011f\u0131larak olu\u015fturulmu\u015f tepecik), kimli\u011fi belirsiz ki\u015fi ya da ki\u015filer taraf\u0131ndan tahrip edildi. Yakla\u015f\u0131k 2 bin [&hellip;]","og_url":"https:\/\/akunq.net\/tr\/?p=69405","og_site_name":"Bati Ermenistan Ve Bati Ermenileri Sorunlari Ara\u015ftirmalar Merkezi","article_published_time":"2022-07-25T06:54:45+00:00","og_image":[{"width":720,"height":403,"url":"https:\/\/akunq.net\/tr\/wp-content\/uploads\/sites\/6\/2022\/07\/Kocaelide-2-bin-yillik-tarihe-buyuk-saygisizlik.jpg","type":"image\/jpeg"}],"author":"admin","twitter_card":"summary_large_image","twitter_misc":{"Written by":"admin","Est. reading time":"2 minutes"},"schema":{"@context":"https:\/\/schema.org","@graph":[{"@type":"Article","@id":"https:\/\/akunq.net\/tr\/?p=69405#article","isPartOf":{"@id":"https:\/\/akunq.net\/tr\/?p=69405"},"author":{"name":"admin","@id":"https:\/\/akunq.net\/tr\/#\/schema\/person\/096f1d38a12cce57fb855b485ed24c9e"},"headline":"Kocaeli\u2019de 2 bin y\u0131ll\u0131k tarihe b\u00fcy\u00fck sayg\u0131s\u0131zl\u0131k","datePublished":"2022-07-25T06:54:45+00:00","mainEntityOfPage":{"@id":"https:\/\/akunq.net\/tr\/?p=69405"},"wordCount":487,"commentCount":0,"image":{"@id":"https:\/\/akunq.net\/tr\/?p=69405#primaryimage"},"thumbnailUrl":"https:\/\/akunq.net\/tr\/wp-content\/uploads\/sites\/6\/2022\/07\/Kocaelide-2-bin-yillik-tarihe-buyuk-saygisizlik.jpg","articleSection":["Haberler"],"inLanguage":"en-US","potentialAction":[{"@type":"CommentAction","name":"Comment","target":["https:\/\/akunq.net\/tr\/?p=69405#respond"]}]},{"@type":"WebPage","@id":"https:\/\/akunq.net\/tr\/?p=69405","url":"https:\/\/akunq.net\/tr\/?p=69405","name":"Kocaeli\u2019de 2 bin y\u0131ll\u0131k tarihe b\u00fcy\u00fck sayg\u0131s\u0131zl\u0131k - Bati Ermenistan Ve Bati Ermenileri Sorunlari Ara\u015ftirmalar Merkezi","isPartOf":{"@id":"https:\/\/akunq.net\/tr\/#website"},"primaryImageOfPage":{"@id":"https:\/\/akunq.net\/tr\/?p=69405#primaryimage"},"image":{"@id":"https:\/\/akunq.net\/tr\/?p=69405#primaryimage"},"thumbnailUrl":"https:\/\/akunq.net\/tr\/wp-content\/uploads\/sites\/6\/2022\/07\/Kocaelide-2-bin-yillik-tarihe-buyuk-saygisizlik.jpg","datePublished":"2022-07-25T06:54:45+00:00","author":{"@id":"https:\/\/akunq.net\/tr\/#\/schema\/person\/096f1d38a12cce57fb855b485ed24c9e"},"breadcrumb":{"@id":"https:\/\/akunq.net\/tr\/?p=69405#breadcrumb"},"inLanguage":"en-US","potentialAction":[{"@type":"ReadAction","target":["https:\/\/akunq.net\/tr\/?p=69405"]}]},{"@type":"ImageObject","inLanguage":"en-US","@id":"https:\/\/akunq.net\/tr\/?p=69405#primaryimage","url":"https:\/\/akunq.net\/tr\/wp-content\/uploads\/sites\/6\/2022\/07\/Kocaelide-2-bin-yillik-tarihe-buyuk-saygisizlik.jpg","contentUrl":"https:\/\/akunq.net\/tr\/wp-content\/uploads\/sites\/6\/2022\/07\/Kocaelide-2-bin-yillik-tarihe-buyuk-saygisizlik.jpg","width":720,"height":403},{"@type":"BreadcrumbList","@id":"https:\/\/akunq.net\/tr\/?p=69405#breadcrumb","itemListElement":[{"@type":"ListItem","position":1,"name":"Home","item":"https:\/\/akunq.net\/tr"},{"@type":"ListItem","position":2,"name":"Kocaeli\u2019de 2 bin y\u0131ll\u0131k tarihe b\u00fcy\u00fck sayg\u0131s\u0131zl\u0131k"}]},{"@type":"WebSite","@id":"https:\/\/akunq.net\/tr\/#website","url":"https:\/\/akunq.net\/tr\/","name":"Bati Ermenistan Ve Bati Ermenileri Sorunlari Ara\u015ftirmalar Merkezi","description":"","potentialAction":[{"@type":"SearchAction","target":{"@type":"EntryPoint","urlTemplate":"https:\/\/akunq.net\/tr\/?s={search_term_string}"},"query-input":{"@type":"PropertyValueSpecification","valueRequired":true,"valueName":"search_term_string"}}],"inLanguage":"en-US"},{"@type":"Person","@id":"https:\/\/akunq.net\/tr\/#\/schema\/person\/096f1d38a12cce57fb855b485ed24c9e","name":"admin","url":"https:\/\/akunq.net\/tr\/?author=7"}]}},"_links":{"self":[{"href":"https:\/\/akunq.net\/tr\/index.php?rest_route=\/wp\/v2\/posts\/69405","targetHints":{"allow":["GET"]}}],"collection":[{"href":"https:\/\/akunq.net\/tr\/index.php?rest_route=\/wp\/v2\/posts"}],"about":[{"href":"https:\/\/akunq.net\/tr\/index.php?rest_route=\/wp\/v2\/types\/post"}],"author":[{"embeddable":true,"href":"https:\/\/akunq.net\/tr\/index.php?rest_route=\/wp\/v2\/users\/7"}],"replies":[{"embeddable":true,"href":"https:\/\/akunq.net\/tr\/index.php?rest_route=%2Fwp%2Fv2%2Fcomments&post=69405"}],"version-history":[{"count":1,"href":"https:\/\/akunq.net\/tr\/index.php?rest_route=\/wp\/v2\/posts\/69405\/revisions"}],"predecessor-version":[{"id":69407,"href":"https:\/\/akunq.net\/tr\/index.php?rest_route=\/wp\/v2\/posts\/69405\/revisions\/69407"}],"wp:featuredmedia":[{"embeddable":true,"href":"https:\/\/akunq.net\/tr\/index.php?rest_route=\/wp\/v2\/media\/69406"}],"wp:attachment":[{"href":"https:\/\/akunq.net\/tr\/index.php?rest_route=%2Fwp%2Fv2%2Fmedia&parent=69405"}],"wp:term":[{"taxonomy":"category","embeddable":true,"href":"https:\/\/akunq.net\/tr\/index.php?rest_route=%2Fwp%2Fv2%2Fcategories&post=69405"},{"taxonomy":"post_tag","embeddable":true,"href":"https:\/\/akunq.net\/tr\/index.php?rest_route=%2Fwp%2Fv2%2Ftags&post=69405"}],"curies":[{"name":"wp","href":"https:\/\/api.w.org\/{rel}","templated":true}]}}