{"id":69402,"date":"2022-07-25T01:47:57","date_gmt":"2022-07-25T06:47:57","guid":{"rendered":"https:\/\/akunq.net\/tr\/?p=69402"},"modified":"2022-07-25T01:47:57","modified_gmt":"2022-07-25T06:47:57","slug":"ispanyanin-malaga-sehrinde-bir-ermeni-kilisesi-acildi","status":"publish","type":"post","link":"https:\/\/akunq.net\/tr\/?p=69402","title":{"rendered":"\u0130spanya&#8217;n\u0131n Malaga \u015fehrinde bir Ermeni kilisesi a\u00e7\u0131ld\u0131"},"content":{"rendered":"<p><img loading=\"lazy\" decoding=\"async\" class=\"aligncenter size-medium wp-image-69403\" src=\"https:\/\/akunq.net\/tr\/wp-content\/uploads\/2022\/07\/Malaga-sehrinde-bir-Ermeni-kilisesi-360x242.jpg\" alt=\"\" width=\"360\" height=\"242\" srcset=\"https:\/\/akunq.net\/tr\/wp-content\/uploads\/sites\/6\/2022\/07\/Malaga-sehrinde-bir-Ermeni-kilisesi-360x242.jpg 360w, https:\/\/akunq.net\/tr\/wp-content\/uploads\/sites\/6\/2022\/07\/Malaga-sehrinde-bir-Ermeni-kilisesi-560x376.jpg 560w, https:\/\/akunq.net\/tr\/wp-content\/uploads\/sites\/6\/2022\/07\/Malaga-sehrinde-bir-Ermeni-kilisesi-260x175.jpg 260w, https:\/\/akunq.net\/tr\/wp-content\/uploads\/sites\/6\/2022\/07\/Malaga-sehrinde-bir-Ermeni-kilisesi-160x107.jpg 160w, https:\/\/akunq.net\/tr\/wp-content\/uploads\/sites\/6\/2022\/07\/Malaga-sehrinde-bir-Ermeni-kilisesi.jpg 670w\" sizes=\"auto, (max-width: 360px) 100vw, 360px\" \/><\/p>\n<p><em><strong>21-23 Temmuz tarihlerinde Ermeni Apostolik Kilisesi Bat\u0131 Avrupa Temsilcisi Ba\u015fpiskopos Khajag Barsamyan, \u0130spanya&#8217;n\u0131n g\u00fcneyindeki Malaga \u015fehrini ziyaret etti.<\/strong><\/em><\/p>\n<p>Armenpress\u2019in aktard\u0131\u011f\u0131na g\u00f6re Ba\u015fpiskopos Barsamyan, Malaga\u2019da yeni in\u015fa edilmi\u015f olan Ermeni kilisesinin a\u00e7\u0131l\u0131\u015f\u0131n\u0131 yapt\u0131 ve ikonalar\u0131n kutsama t\u00f6reni ger\u00e7ekle\u015ftirdi.<\/p>\n<p>T\u00f6rene haz\u0131r bulunanlara hitap eden Ba\u015fpiskopos Barsamyan, bu kilisenin t\u00fcm Ermenilerin evi olmas\u0131 gerekti\u011fini ve herkesin onu hayatla doldurmaya \u00f6zen g\u00f6stermesi gerekti\u011fini s\u00f6yledi.<\/p>\n<p><em><strong>https:\/\/armenpress.am\/tur\/news\/1088900.html\u00a0<\/strong><\/em><\/p>\n","protected":false},"excerpt":{"rendered":"<p>21-23 Temmuz tarihlerinde Ermeni Apostolik Kilisesi Bat\u0131 Avrupa Temsilcisi Ba\u015fpiskopos Khajag Barsamyan, \u0130spanya&#8217;n\u0131n g\u00fcneyindeki Malaga \u015fehrini ziyaret etti. Armenpress\u2019in aktard\u0131\u011f\u0131na g\u00f6re Ba\u015fpiskopos Barsamyan, Malaga\u2019da yeni in\u015fa edilmi\u015f olan Ermeni kilisesinin a\u00e7\u0131l\u0131\u015f\u0131n\u0131 yapt\u0131 ve ikonalar\u0131n kutsama t\u00f6reni ger\u00e7ekle\u015ftirdi. T\u00f6rene haz\u0131r bulunanlara hitap eden Ba\u015fpiskopos Barsamyan, bu kilisenin t\u00fcm Ermenilerin evi olmas\u0131 gerekti\u011fini ve herkesin onu hayatla [&hellip;]<\/p>\n","protected":false},"author":7,"featured_media":69403,"comment_status":"open","ping_status":"open","sticky":false,"template":"","format":"standard","meta":{"footnotes":""},"categories":[1],"tags":[],"class_list":["post-69402","post","type-post","status-publish","format-standard","has-post-thumbnail","hentry","category-haberler"],"yoast_head":"<!-- This site is optimized with the Yoast SEO plugin v27.4 - https:\/\/yoast.com\/product\/yoast-seo-wordpress\/ -->\n<title>\u0130spanya&#039;n\u0131n Malaga \u015fehrinde bir Ermeni kilisesi a\u00e7\u0131ld\u0131 - Bati Ermenistan Ve Bati Ermenileri Sorunlari Ara\u015ftirmalar Merkezi<\/title>\n<meta name=\"robots\" content=\"index, follow, max-snippet:-1, max-image-preview:large, max-video-preview:-1\" \/>\n<link rel=\"canonical\" href=\"https:\/\/akunq.net\/tr\/?p=69402\" \/>\n<meta property=\"og:locale\" content=\"en_US\" \/>\n<meta property=\"og:type\" content=\"article\" \/>\n<meta property=\"og:title\" content=\"\u0130spanya&#039;n\u0131n Malaga \u015fehrinde bir Ermeni kilisesi a\u00e7\u0131ld\u0131 - Bati Ermenistan Ve Bati Ermenileri Sorunlari Ara\u015ftirmalar Merkezi\" \/>\n<meta property=\"og:description\" content=\"21-23 Temmuz tarihlerinde Ermeni Apostolik Kilisesi Bat\u0131 Avrupa Temsilcisi Ba\u015fpiskopos Khajag Barsamyan, \u0130spanya&#8217;n\u0131n g\u00fcneyindeki Malaga \u015fehrini ziyaret etti. Armenpress\u2019in aktard\u0131\u011f\u0131na g\u00f6re Ba\u015fpiskopos Barsamyan, Malaga\u2019da yeni in\u015fa edilmi\u015f olan Ermeni kilisesinin a\u00e7\u0131l\u0131\u015f\u0131n\u0131 yapt\u0131 ve ikonalar\u0131n kutsama t\u00f6reni ger\u00e7ekle\u015ftirdi. T\u00f6rene haz\u0131r bulunanlara hitap eden Ba\u015fpiskopos Barsamyan, bu kilisenin t\u00fcm Ermenilerin evi olmas\u0131 gerekti\u011fini ve herkesin onu hayatla [&hellip;]\" \/>\n<meta property=\"og:url\" content=\"https:\/\/akunq.net\/tr\/?p=69402\" \/>\n<meta property=\"og:site_name\" content=\"Bati Ermenistan Ve Bati Ermenileri Sorunlari Ara\u015ftirmalar Merkezi\" \/>\n<meta property=\"article:published_time\" content=\"2022-07-25T06:47:57+00:00\" \/>\n<meta property=\"og:image\" content=\"https:\/\/akunq.net\/tr\/wp-content\/uploads\/sites\/6\/2022\/07\/Malaga-sehrinde-bir-Ermeni-kilisesi.jpg\" \/>\n\t<meta property=\"og:image:width\" content=\"670\" \/>\n\t<meta property=\"og:image:height\" content=\"450\" \/>\n\t<meta property=\"og:image:type\" content=\"image\/jpeg\" \/>\n<meta name=\"author\" content=\"admin\" \/>\n<meta name=\"twitter:card\" content=\"summary_large_image\" \/>\n<meta name=\"twitter:label1\" content=\"Written by\" \/>\n\t<meta name=\"twitter:data1\" content=\"admin\" \/>\n<script type=\"application\/ld+json\" class=\"yoast-schema-graph\">{\"@context\":\"https:\\\/\\\/schema.org\",\"@graph\":[{\"@type\":\"Article\",\"@id\":\"https:\\\/\\\/akunq.net\\\/tr\\\/?p=69402#article\",\"isPartOf\":{\"@id\":\"https:\\\/\\\/akunq.net\\\/tr\\\/?p=69402\"},\"author\":{\"name\":\"admin\",\"@id\":\"https:\\\/\\\/akunq.net\\\/tr\\\/#\\\/schema\\\/person\\\/096f1d38a12cce57fb855b485ed24c9e\"},\"headline\":\"\u0130spanya&#8217;n\u0131n Malaga \u015fehrinde bir Ermeni kilisesi a\u00e7\u0131ld\u0131\",\"datePublished\":\"2022-07-25T06:47:57+00:00\",\"mainEntityOfPage\":{\"@id\":\"https:\\\/\\\/akunq.net\\\/tr\\\/?p=69402\"},\"wordCount\":98,\"commentCount\":0,\"image\":{\"@id\":\"https:\\\/\\\/akunq.net\\\/tr\\\/?p=69402#primaryimage\"},\"thumbnailUrl\":\"https:\\\/\\\/akunq.net\\\/tr\\\/wp-content\\\/uploads\\\/sites\\\/6\\\/2022\\\/07\\\/Malaga-sehrinde-bir-Ermeni-kilisesi.jpg\",\"articleSection\":[\"Haberler\"],\"inLanguage\":\"en-US\",\"potentialAction\":[{\"@type\":\"CommentAction\",\"name\":\"Comment\",\"target\":[\"https:\\\/\\\/akunq.net\\\/tr\\\/?p=69402#respond\"]}]},{\"@type\":\"WebPage\",\"@id\":\"https:\\\/\\\/akunq.net\\\/tr\\\/?p=69402\",\"url\":\"https:\\\/\\\/akunq.net\\\/tr\\\/?p=69402\",\"name\":\"\u0130spanya'n\u0131n Malaga \u015fehrinde bir Ermeni kilisesi a\u00e7\u0131ld\u0131 - Bati Ermenistan Ve Bati Ermenileri Sorunlari Ara\u015ftirmalar Merkezi\",\"isPartOf\":{\"@id\":\"https:\\\/\\\/akunq.net\\\/tr\\\/#website\"},\"primaryImageOfPage\":{\"@id\":\"https:\\\/\\\/akunq.net\\\/tr\\\/?p=69402#primaryimage\"},\"image\":{\"@id\":\"https:\\\/\\\/akunq.net\\\/tr\\\/?p=69402#primaryimage\"},\"thumbnailUrl\":\"https:\\\/\\\/akunq.net\\\/tr\\\/wp-content\\\/uploads\\\/sites\\\/6\\\/2022\\\/07\\\/Malaga-sehrinde-bir-Ermeni-kilisesi.jpg\",\"datePublished\":\"2022-07-25T06:47:57+00:00\",\"author\":{\"@id\":\"https:\\\/\\\/akunq.net\\\/tr\\\/#\\\/schema\\\/person\\\/096f1d38a12cce57fb855b485ed24c9e\"},\"breadcrumb\":{\"@id\":\"https:\\\/\\\/akunq.net\\\/tr\\\/?p=69402#breadcrumb\"},\"inLanguage\":\"en-US\",\"potentialAction\":[{\"@type\":\"ReadAction\",\"target\":[\"https:\\\/\\\/akunq.net\\\/tr\\\/?p=69402\"]}]},{\"@type\":\"ImageObject\",\"inLanguage\":\"en-US\",\"@id\":\"https:\\\/\\\/akunq.net\\\/tr\\\/?p=69402#primaryimage\",\"url\":\"https:\\\/\\\/akunq.net\\\/tr\\\/wp-content\\\/uploads\\\/sites\\\/6\\\/2022\\\/07\\\/Malaga-sehrinde-bir-Ermeni-kilisesi.jpg\",\"contentUrl\":\"https:\\\/\\\/akunq.net\\\/tr\\\/wp-content\\\/uploads\\\/sites\\\/6\\\/2022\\\/07\\\/Malaga-sehrinde-bir-Ermeni-kilisesi.jpg\",\"width\":670,\"height\":450},{\"@type\":\"BreadcrumbList\",\"@id\":\"https:\\\/\\\/akunq.net\\\/tr\\\/?p=69402#breadcrumb\",\"itemListElement\":[{\"@type\":\"ListItem\",\"position\":1,\"name\":\"Home\",\"item\":\"https:\\\/\\\/akunq.net\\\/tr\"},{\"@type\":\"ListItem\",\"position\":2,\"name\":\"\u0130spanya&#8217;n\u0131n Malaga \u015fehrinde bir Ermeni kilisesi a\u00e7\u0131ld\u0131\"}]},{\"@type\":\"WebSite\",\"@id\":\"https:\\\/\\\/akunq.net\\\/tr\\\/#website\",\"url\":\"https:\\\/\\\/akunq.net\\\/tr\\\/\",\"name\":\"Bati Ermenistan Ve Bati Ermenileri Sorunlari Ara\u015ftirmalar Merkezi\",\"description\":\"\",\"potentialAction\":[{\"@type\":\"SearchAction\",\"target\":{\"@type\":\"EntryPoint\",\"urlTemplate\":\"https:\\\/\\\/akunq.net\\\/tr\\\/?s={search_term_string}\"},\"query-input\":{\"@type\":\"PropertyValueSpecification\",\"valueRequired\":true,\"valueName\":\"search_term_string\"}}],\"inLanguage\":\"en-US\"},{\"@type\":\"Person\",\"@id\":\"https:\\\/\\\/akunq.net\\\/tr\\\/#\\\/schema\\\/person\\\/096f1d38a12cce57fb855b485ed24c9e\",\"name\":\"admin\",\"url\":\"https:\\\/\\\/akunq.net\\\/tr\\\/?author=7\"}]}<\/script>\n<!-- \/ Yoast SEO plugin. -->","yoast_head_json":{"title":"\u0130spanya'n\u0131n Malaga \u015fehrinde bir Ermeni kilisesi a\u00e7\u0131ld\u0131 - Bati Ermenistan Ve Bati Ermenileri Sorunlari Ara\u015ftirmalar Merkezi","robots":{"index":"index","follow":"follow","max-snippet":"max-snippet:-1","max-image-preview":"max-image-preview:large","max-video-preview":"max-video-preview:-1"},"canonical":"https:\/\/akunq.net\/tr\/?p=69402","og_locale":"en_US","og_type":"article","og_title":"\u0130spanya'n\u0131n Malaga \u015fehrinde bir Ermeni kilisesi a\u00e7\u0131ld\u0131 - Bati Ermenistan Ve Bati Ermenileri Sorunlari Ara\u015ftirmalar Merkezi","og_description":"21-23 Temmuz tarihlerinde Ermeni Apostolik Kilisesi Bat\u0131 Avrupa Temsilcisi Ba\u015fpiskopos Khajag Barsamyan, \u0130spanya&#8217;n\u0131n g\u00fcneyindeki Malaga \u015fehrini ziyaret etti. Armenpress\u2019in aktard\u0131\u011f\u0131na g\u00f6re Ba\u015fpiskopos Barsamyan, Malaga\u2019da yeni in\u015fa edilmi\u015f olan Ermeni kilisesinin a\u00e7\u0131l\u0131\u015f\u0131n\u0131 yapt\u0131 ve ikonalar\u0131n kutsama t\u00f6reni ger\u00e7ekle\u015ftirdi. T\u00f6rene haz\u0131r bulunanlara hitap eden Ba\u015fpiskopos Barsamyan, bu kilisenin t\u00fcm Ermenilerin evi olmas\u0131 gerekti\u011fini ve herkesin onu hayatla [&hellip;]","og_url":"https:\/\/akunq.net\/tr\/?p=69402","og_site_name":"Bati Ermenistan Ve Bati Ermenileri Sorunlari Ara\u015ftirmalar Merkezi","article_published_time":"2022-07-25T06:47:57+00:00","og_image":[{"width":670,"height":450,"url":"https:\/\/akunq.net\/tr\/wp-content\/uploads\/sites\/6\/2022\/07\/Malaga-sehrinde-bir-Ermeni-kilisesi.jpg","type":"image\/jpeg"}],"author":"admin","twitter_card":"summary_large_image","twitter_misc":{"Written by":"admin"},"schema":{"@context":"https:\/\/schema.org","@graph":[{"@type":"Article","@id":"https:\/\/akunq.net\/tr\/?p=69402#article","isPartOf":{"@id":"https:\/\/akunq.net\/tr\/?p=69402"},"author":{"name":"admin","@id":"https:\/\/akunq.net\/tr\/#\/schema\/person\/096f1d38a12cce57fb855b485ed24c9e"},"headline":"\u0130spanya&#8217;n\u0131n Malaga \u015fehrinde bir Ermeni kilisesi a\u00e7\u0131ld\u0131","datePublished":"2022-07-25T06:47:57+00:00","mainEntityOfPage":{"@id":"https:\/\/akunq.net\/tr\/?p=69402"},"wordCount":98,"commentCount":0,"image":{"@id":"https:\/\/akunq.net\/tr\/?p=69402#primaryimage"},"thumbnailUrl":"https:\/\/akunq.net\/tr\/wp-content\/uploads\/sites\/6\/2022\/07\/Malaga-sehrinde-bir-Ermeni-kilisesi.jpg","articleSection":["Haberler"],"inLanguage":"en-US","potentialAction":[{"@type":"CommentAction","name":"Comment","target":["https:\/\/akunq.net\/tr\/?p=69402#respond"]}]},{"@type":"WebPage","@id":"https:\/\/akunq.net\/tr\/?p=69402","url":"https:\/\/akunq.net\/tr\/?p=69402","name":"\u0130spanya'n\u0131n Malaga \u015fehrinde bir Ermeni kilisesi a\u00e7\u0131ld\u0131 - Bati Ermenistan Ve Bati Ermenileri Sorunlari Ara\u015ftirmalar Merkezi","isPartOf":{"@id":"https:\/\/akunq.net\/tr\/#website"},"primaryImageOfPage":{"@id":"https:\/\/akunq.net\/tr\/?p=69402#primaryimage"},"image":{"@id":"https:\/\/akunq.net\/tr\/?p=69402#primaryimage"},"thumbnailUrl":"https:\/\/akunq.net\/tr\/wp-content\/uploads\/sites\/6\/2022\/07\/Malaga-sehrinde-bir-Ermeni-kilisesi.jpg","datePublished":"2022-07-25T06:47:57+00:00","author":{"@id":"https:\/\/akunq.net\/tr\/#\/schema\/person\/096f1d38a12cce57fb855b485ed24c9e"},"breadcrumb":{"@id":"https:\/\/akunq.net\/tr\/?p=69402#breadcrumb"},"inLanguage":"en-US","potentialAction":[{"@type":"ReadAction","target":["https:\/\/akunq.net\/tr\/?p=69402"]}]},{"@type":"ImageObject","inLanguage":"en-US","@id":"https:\/\/akunq.net\/tr\/?p=69402#primaryimage","url":"https:\/\/akunq.net\/tr\/wp-content\/uploads\/sites\/6\/2022\/07\/Malaga-sehrinde-bir-Ermeni-kilisesi.jpg","contentUrl":"https:\/\/akunq.net\/tr\/wp-content\/uploads\/sites\/6\/2022\/07\/Malaga-sehrinde-bir-Ermeni-kilisesi.jpg","width":670,"height":450},{"@type":"BreadcrumbList","@id":"https:\/\/akunq.net\/tr\/?p=69402#breadcrumb","itemListElement":[{"@type":"ListItem","position":1,"name":"Home","item":"https:\/\/akunq.net\/tr"},{"@type":"ListItem","position":2,"name":"\u0130spanya&#8217;n\u0131n Malaga \u015fehrinde bir Ermeni kilisesi a\u00e7\u0131ld\u0131"}]},{"@type":"WebSite","@id":"https:\/\/akunq.net\/tr\/#website","url":"https:\/\/akunq.net\/tr\/","name":"Bati Ermenistan Ve Bati Ermenileri Sorunlari Ara\u015ftirmalar Merkezi","description":"","potentialAction":[{"@type":"SearchAction","target":{"@type":"EntryPoint","urlTemplate":"https:\/\/akunq.net\/tr\/?s={search_term_string}"},"query-input":{"@type":"PropertyValueSpecification","valueRequired":true,"valueName":"search_term_string"}}],"inLanguage":"en-US"},{"@type":"Person","@id":"https:\/\/akunq.net\/tr\/#\/schema\/person\/096f1d38a12cce57fb855b485ed24c9e","name":"admin","url":"https:\/\/akunq.net\/tr\/?author=7"}]}},"_links":{"self":[{"href":"https:\/\/akunq.net\/tr\/index.php?rest_route=\/wp\/v2\/posts\/69402","targetHints":{"allow":["GET"]}}],"collection":[{"href":"https:\/\/akunq.net\/tr\/index.php?rest_route=\/wp\/v2\/posts"}],"about":[{"href":"https:\/\/akunq.net\/tr\/index.php?rest_route=\/wp\/v2\/types\/post"}],"author":[{"embeddable":true,"href":"https:\/\/akunq.net\/tr\/index.php?rest_route=\/wp\/v2\/users\/7"}],"replies":[{"embeddable":true,"href":"https:\/\/akunq.net\/tr\/index.php?rest_route=%2Fwp%2Fv2%2Fcomments&post=69402"}],"version-history":[{"count":1,"href":"https:\/\/akunq.net\/tr\/index.php?rest_route=\/wp\/v2\/posts\/69402\/revisions"}],"predecessor-version":[{"id":69404,"href":"https:\/\/akunq.net\/tr\/index.php?rest_route=\/wp\/v2\/posts\/69402\/revisions\/69404"}],"wp:featuredmedia":[{"embeddable":true,"href":"https:\/\/akunq.net\/tr\/index.php?rest_route=\/wp\/v2\/media\/69403"}],"wp:attachment":[{"href":"https:\/\/akunq.net\/tr\/index.php?rest_route=%2Fwp%2Fv2%2Fmedia&parent=69402"}],"wp:term":[{"taxonomy":"category","embeddable":true,"href":"https:\/\/akunq.net\/tr\/index.php?rest_route=%2Fwp%2Fv2%2Fcategories&post=69402"},{"taxonomy":"post_tag","embeddable":true,"href":"https:\/\/akunq.net\/tr\/index.php?rest_route=%2Fwp%2Fv2%2Ftags&post=69402"}],"curies":[{"name":"wp","href":"https:\/\/api.w.org\/{rel}","templated":true}]}}