{"id":69396,"date":"2022-07-25T01:37:13","date_gmt":"2022-07-25T06:37:13","guid":{"rendered":"https:\/\/akunq.net\/tr\/?p=69396"},"modified":"2022-07-25T01:37:13","modified_gmt":"2022-07-25T06:37:13","slug":"turkiye-ermenistan-temsilcisi-karsta","status":"publish","type":"post","link":"https:\/\/akunq.net\/tr\/?p=69396","title":{"rendered":"T\u00fcrkiye-Ermenistan Temsilcisi Kars\u2019ta!"},"content":{"rendered":"<p><img loading=\"lazy\" decoding=\"async\" class=\"aligncenter size-medium wp-image-69397\" src=\"https:\/\/akunq.net\/tr\/wp-content\/uploads\/2022\/07\/Serdar-Kilic-360x180.jpg\" alt=\"\" width=\"360\" height=\"180\" srcset=\"https:\/\/akunq.net\/tr\/wp-content\/uploads\/sites\/6\/2022\/07\/Serdar-Kilic-360x180.jpg 360w, https:\/\/akunq.net\/tr\/wp-content\/uploads\/sites\/6\/2022\/07\/Serdar-Kilic-768x384.jpg 768w, https:\/\/akunq.net\/tr\/wp-content\/uploads\/sites\/6\/2022\/07\/Serdar-Kilic-560x280.jpg 560w, https:\/\/akunq.net\/tr\/wp-content\/uploads\/sites\/6\/2022\/07\/Serdar-Kilic-260x130.jpg 260w, https:\/\/akunq.net\/tr\/wp-content\/uploads\/sites\/6\/2022\/07\/Serdar-Kilic-160x80.jpg 160w, https:\/\/akunq.net\/tr\/wp-content\/uploads\/sites\/6\/2022\/07\/Serdar-Kilic.jpg 880w\" sizes=\"auto, (max-width: 360px) 100vw, 360px\" \/><\/p>\n<p><em><strong>T\u00fcrkiye Ermenistan ili\u015fkileri \u00f6zel temsilcisi B\u00fcy\u00fckel\u00e7i Serdar K\u0131l\u0131\u00e7 Kars\u2019ta.<\/strong><\/em><\/p>\n<p><em><strong>Volkan KARABA\u011e<\/strong><\/em><\/p>\n<p>T\u00fcrkiye Ermenistan ili\u015fkilerinin normalle\u015fmemesine ba\u015flamas\u0131n\u0131n ard\u0131ndan \u00f6zel temsilcisi B\u00fcy\u00fckel\u00e7i Serdar K\u0131l\u0131\u00e7 ve ekibi Kars\u2019a geldi.<\/p>\n<p>Kars\u2019ta Ani \u00d6ren Yeri, Peynir M\u00fczesi, Harp Tarihi M\u00fczesi ve Akyaka Do\u011fu Kap\u0131 S\u0131n\u0131r Kap\u0131s\u0131n\u0131 ziyaret eden B\u00fcy\u00fckel\u00e7i K\u0131l\u0131\u00e7, bas\u0131na kapal\u0131 ziyaretlerini ger\u00e7ekle\u015ftirdi.<\/p>\n<p>Kent merkezinde bir dizi ziyaretlerde bulunan B\u00fcy\u00fckel\u00e7i K\u0131l\u0131\u00e7, baz\u0131 temaslar\u0131n\u0131n ard\u0131ndan kentten ayr\u0131lacak.<\/p>\n<figure class=\"wp-block-image\"><img decoding=\"async\" src=\"https:\/\/i0.wp.com\/www.karsmanset.com\/d\/other\/51ab126b-2ae6-495c-a6b9-9e792192ceff.jpeg\" alt=\"51ab126b-2ae6-495c-a6b9-9e792192ceff.jpeg\" data-recalc-dims=\"1\" \/><\/figure>\n<figure class=\"wp-block-image\"><img decoding=\"async\" src=\"https:\/\/i0.wp.com\/www.karsmanset.com\/d\/other\/ad6b1b95-151f-4a48-83bc-dd2bd24d5818.jpeg\" alt=\"ad6b1b95-151f-4a48-83bc-dd2bd24d5818.jpeg\" data-recalc-dims=\"1\" \/><\/figure>\n<figure class=\"wp-block-image\"><img decoding=\"async\" src=\"https:\/\/i0.wp.com\/www.karsmanset.com\/d\/other\/c808490b-d659-497b-928a-4df58557409b.jpeg\" alt=\"c808490b-d659-497b-928a-4df58557409b.jpeg\" data-recalc-dims=\"1\" \/><\/figure>\n<figure class=\"wp-block-image\"><img decoding=\"async\" src=\"https:\/\/i0.wp.com\/www.karsmanset.com\/d\/other\/e60dc177-0dac-4866-955a-8eb8938d921a.jpeg\" alt=\"e60dc177-0dac-4866-955a-8eb8938d921a.jpeg\" data-recalc-dims=\"1\" \/><\/figure>\n<p><em><strong>https:\/\/www.gazetekars.com\/turkiye-ermenistan-temsilcisi-karsta-39020h.htm<\/strong><\/em><\/p>\n","protected":false},"excerpt":{"rendered":"<p>T\u00fcrkiye Ermenistan ili\u015fkileri \u00f6zel temsilcisi B\u00fcy\u00fckel\u00e7i Serdar K\u0131l\u0131\u00e7 Kars\u2019ta. Volkan KARABA\u011e T\u00fcrkiye Ermenistan ili\u015fkilerinin normalle\u015fmemesine ba\u015flamas\u0131n\u0131n ard\u0131ndan \u00f6zel temsilcisi B\u00fcy\u00fckel\u00e7i Serdar K\u0131l\u0131\u00e7 ve ekibi Kars\u2019a geldi. Kars\u2019ta Ani \u00d6ren Yeri, Peynir M\u00fczesi, Harp Tarihi M\u00fczesi ve Akyaka Do\u011fu Kap\u0131 S\u0131n\u0131r Kap\u0131s\u0131n\u0131 ziyaret eden B\u00fcy\u00fckel\u00e7i K\u0131l\u0131\u00e7, bas\u0131na kapal\u0131 ziyaretlerini ger\u00e7ekle\u015ftirdi. Kent merkezinde bir dizi ziyaretlerde bulunan [&hellip;]<\/p>\n","protected":false},"author":7,"featured_media":69397,"comment_status":"open","ping_status":"open","sticky":false,"template":"","format":"standard","meta":{"footnotes":""},"categories":[1],"tags":[],"class_list":["post-69396","post","type-post","status-publish","format-standard","has-post-thumbnail","hentry","category-haberler"],"yoast_head":"<!-- This site is optimized with the Yoast SEO plugin v27.4 - https:\/\/yoast.com\/product\/yoast-seo-wordpress\/ -->\n<title>T\u00fcrkiye-Ermenistan Temsilcisi Kars\u2019ta! - Bati Ermenistan Ve Bati Ermenileri Sorunlari Ara\u015ftirmalar Merkezi<\/title>\n<meta name=\"robots\" content=\"index, follow, max-snippet:-1, max-image-preview:large, max-video-preview:-1\" \/>\n<link rel=\"canonical\" href=\"https:\/\/akunq.net\/tr\/?p=69396\" \/>\n<meta property=\"og:locale\" content=\"en_US\" \/>\n<meta property=\"og:type\" content=\"article\" \/>\n<meta property=\"og:title\" content=\"T\u00fcrkiye-Ermenistan Temsilcisi Kars\u2019ta! - Bati Ermenistan Ve Bati Ermenileri Sorunlari Ara\u015ftirmalar Merkezi\" \/>\n<meta property=\"og:description\" content=\"T\u00fcrkiye Ermenistan ili\u015fkileri \u00f6zel temsilcisi B\u00fcy\u00fckel\u00e7i Serdar K\u0131l\u0131\u00e7 Kars\u2019ta. Volkan KARABA\u011e T\u00fcrkiye Ermenistan ili\u015fkilerinin normalle\u015fmemesine ba\u015flamas\u0131n\u0131n ard\u0131ndan \u00f6zel temsilcisi B\u00fcy\u00fckel\u00e7i Serdar K\u0131l\u0131\u00e7 ve ekibi Kars\u2019a geldi. Kars\u2019ta Ani \u00d6ren Yeri, Peynir M\u00fczesi, Harp Tarihi M\u00fczesi ve Akyaka Do\u011fu Kap\u0131 S\u0131n\u0131r Kap\u0131s\u0131n\u0131 ziyaret eden B\u00fcy\u00fckel\u00e7i K\u0131l\u0131\u00e7, bas\u0131na kapal\u0131 ziyaretlerini ger\u00e7ekle\u015ftirdi. Kent merkezinde bir dizi ziyaretlerde bulunan [&hellip;]\" \/>\n<meta property=\"og:url\" content=\"https:\/\/akunq.net\/tr\/?p=69396\" \/>\n<meta property=\"og:site_name\" content=\"Bati Ermenistan Ve Bati Ermenileri Sorunlari Ara\u015ftirmalar Merkezi\" \/>\n<meta property=\"article:published_time\" content=\"2022-07-25T06:37:13+00:00\" \/>\n<meta property=\"og:image\" content=\"https:\/\/akunq.net\/tr\/wp-content\/uploads\/sites\/6\/2022\/07\/Serdar-Kilic.jpg\" \/>\n\t<meta property=\"og:image:width\" content=\"880\" \/>\n\t<meta property=\"og:image:height\" content=\"440\" \/>\n\t<meta property=\"og:image:type\" content=\"image\/jpeg\" \/>\n<meta name=\"author\" content=\"admin\" \/>\n<meta name=\"twitter:card\" content=\"summary_large_image\" \/>\n<meta name=\"twitter:label1\" content=\"Written by\" \/>\n\t<meta name=\"twitter:data1\" content=\"admin\" \/>\n\t<meta name=\"twitter:label2\" content=\"Est. reading time\" \/>\n\t<meta name=\"twitter:data2\" content=\"1 minute\" \/>\n<script type=\"application\/ld+json\" class=\"yoast-schema-graph\">{\"@context\":\"https:\\\/\\\/schema.org\",\"@graph\":[{\"@type\":\"Article\",\"@id\":\"https:\\\/\\\/akunq.net\\\/tr\\\/?p=69396#article\",\"isPartOf\":{\"@id\":\"https:\\\/\\\/akunq.net\\\/tr\\\/?p=69396\"},\"author\":{\"name\":\"admin\",\"@id\":\"https:\\\/\\\/akunq.net\\\/tr\\\/#\\\/schema\\\/person\\\/096f1d38a12cce57fb855b485ed24c9e\"},\"headline\":\"T\u00fcrkiye-Ermenistan Temsilcisi Kars\u2019ta!\",\"datePublished\":\"2022-07-25T06:37:13+00:00\",\"mainEntityOfPage\":{\"@id\":\"https:\\\/\\\/akunq.net\\\/tr\\\/?p=69396\"},\"wordCount\":116,\"commentCount\":0,\"image\":{\"@id\":\"https:\\\/\\\/akunq.net\\\/tr\\\/?p=69396#primaryimage\"},\"thumbnailUrl\":\"https:\\\/\\\/akunq.net\\\/tr\\\/wp-content\\\/uploads\\\/sites\\\/6\\\/2022\\\/07\\\/Serdar-Kilic.jpg\",\"articleSection\":[\"Haberler\"],\"inLanguage\":\"en-US\",\"potentialAction\":[{\"@type\":\"CommentAction\",\"name\":\"Comment\",\"target\":[\"https:\\\/\\\/akunq.net\\\/tr\\\/?p=69396#respond\"]}]},{\"@type\":\"WebPage\",\"@id\":\"https:\\\/\\\/akunq.net\\\/tr\\\/?p=69396\",\"url\":\"https:\\\/\\\/akunq.net\\\/tr\\\/?p=69396\",\"name\":\"T\u00fcrkiye-Ermenistan Temsilcisi Kars\u2019ta! - Bati Ermenistan Ve Bati Ermenileri Sorunlari Ara\u015ftirmalar Merkezi\",\"isPartOf\":{\"@id\":\"https:\\\/\\\/akunq.net\\\/tr\\\/#website\"},\"primaryImageOfPage\":{\"@id\":\"https:\\\/\\\/akunq.net\\\/tr\\\/?p=69396#primaryimage\"},\"image\":{\"@id\":\"https:\\\/\\\/akunq.net\\\/tr\\\/?p=69396#primaryimage\"},\"thumbnailUrl\":\"https:\\\/\\\/akunq.net\\\/tr\\\/wp-content\\\/uploads\\\/sites\\\/6\\\/2022\\\/07\\\/Serdar-Kilic.jpg\",\"datePublished\":\"2022-07-25T06:37:13+00:00\",\"author\":{\"@id\":\"https:\\\/\\\/akunq.net\\\/tr\\\/#\\\/schema\\\/person\\\/096f1d38a12cce57fb855b485ed24c9e\"},\"breadcrumb\":{\"@id\":\"https:\\\/\\\/akunq.net\\\/tr\\\/?p=69396#breadcrumb\"},\"inLanguage\":\"en-US\",\"potentialAction\":[{\"@type\":\"ReadAction\",\"target\":[\"https:\\\/\\\/akunq.net\\\/tr\\\/?p=69396\"]}]},{\"@type\":\"ImageObject\",\"inLanguage\":\"en-US\",\"@id\":\"https:\\\/\\\/akunq.net\\\/tr\\\/?p=69396#primaryimage\",\"url\":\"https:\\\/\\\/akunq.net\\\/tr\\\/wp-content\\\/uploads\\\/sites\\\/6\\\/2022\\\/07\\\/Serdar-Kilic.jpg\",\"contentUrl\":\"https:\\\/\\\/akunq.net\\\/tr\\\/wp-content\\\/uploads\\\/sites\\\/6\\\/2022\\\/07\\\/Serdar-Kilic.jpg\",\"width\":880,\"height\":440},{\"@type\":\"BreadcrumbList\",\"@id\":\"https:\\\/\\\/akunq.net\\\/tr\\\/?p=69396#breadcrumb\",\"itemListElement\":[{\"@type\":\"ListItem\",\"position\":1,\"name\":\"Home\",\"item\":\"https:\\\/\\\/akunq.net\\\/tr\"},{\"@type\":\"ListItem\",\"position\":2,\"name\":\"T\u00fcrkiye-Ermenistan Temsilcisi Kars\u2019ta!\"}]},{\"@type\":\"WebSite\",\"@id\":\"https:\\\/\\\/akunq.net\\\/tr\\\/#website\",\"url\":\"https:\\\/\\\/akunq.net\\\/tr\\\/\",\"name\":\"Bati Ermenistan Ve Bati Ermenileri Sorunlari Ara\u015ftirmalar Merkezi\",\"description\":\"\",\"potentialAction\":[{\"@type\":\"SearchAction\",\"target\":{\"@type\":\"EntryPoint\",\"urlTemplate\":\"https:\\\/\\\/akunq.net\\\/tr\\\/?s={search_term_string}\"},\"query-input\":{\"@type\":\"PropertyValueSpecification\",\"valueRequired\":true,\"valueName\":\"search_term_string\"}}],\"inLanguage\":\"en-US\"},{\"@type\":\"Person\",\"@id\":\"https:\\\/\\\/akunq.net\\\/tr\\\/#\\\/schema\\\/person\\\/096f1d38a12cce57fb855b485ed24c9e\",\"name\":\"admin\",\"url\":\"https:\\\/\\\/akunq.net\\\/tr\\\/?author=7\"}]}<\/script>\n<!-- \/ Yoast SEO plugin. -->","yoast_head_json":{"title":"T\u00fcrkiye-Ermenistan Temsilcisi Kars\u2019ta! - Bati Ermenistan Ve Bati Ermenileri Sorunlari Ara\u015ftirmalar Merkezi","robots":{"index":"index","follow":"follow","max-snippet":"max-snippet:-1","max-image-preview":"max-image-preview:large","max-video-preview":"max-video-preview:-1"},"canonical":"https:\/\/akunq.net\/tr\/?p=69396","og_locale":"en_US","og_type":"article","og_title":"T\u00fcrkiye-Ermenistan Temsilcisi Kars\u2019ta! - Bati Ermenistan Ve Bati Ermenileri Sorunlari Ara\u015ftirmalar Merkezi","og_description":"T\u00fcrkiye Ermenistan ili\u015fkileri \u00f6zel temsilcisi B\u00fcy\u00fckel\u00e7i Serdar K\u0131l\u0131\u00e7 Kars\u2019ta. Volkan KARABA\u011e T\u00fcrkiye Ermenistan ili\u015fkilerinin normalle\u015fmemesine ba\u015flamas\u0131n\u0131n ard\u0131ndan \u00f6zel temsilcisi B\u00fcy\u00fckel\u00e7i Serdar K\u0131l\u0131\u00e7 ve ekibi Kars\u2019a geldi. Kars\u2019ta Ani \u00d6ren Yeri, Peynir M\u00fczesi, Harp Tarihi M\u00fczesi ve Akyaka Do\u011fu Kap\u0131 S\u0131n\u0131r Kap\u0131s\u0131n\u0131 ziyaret eden B\u00fcy\u00fckel\u00e7i K\u0131l\u0131\u00e7, bas\u0131na kapal\u0131 ziyaretlerini ger\u00e7ekle\u015ftirdi. Kent merkezinde bir dizi ziyaretlerde bulunan [&hellip;]","og_url":"https:\/\/akunq.net\/tr\/?p=69396","og_site_name":"Bati Ermenistan Ve Bati Ermenileri Sorunlari Ara\u015ftirmalar Merkezi","article_published_time":"2022-07-25T06:37:13+00:00","og_image":[{"width":880,"height":440,"url":"https:\/\/akunq.net\/tr\/wp-content\/uploads\/sites\/6\/2022\/07\/Serdar-Kilic.jpg","type":"image\/jpeg"}],"author":"admin","twitter_card":"summary_large_image","twitter_misc":{"Written by":"admin","Est. reading time":"1 minute"},"schema":{"@context":"https:\/\/schema.org","@graph":[{"@type":"Article","@id":"https:\/\/akunq.net\/tr\/?p=69396#article","isPartOf":{"@id":"https:\/\/akunq.net\/tr\/?p=69396"},"author":{"name":"admin","@id":"https:\/\/akunq.net\/tr\/#\/schema\/person\/096f1d38a12cce57fb855b485ed24c9e"},"headline":"T\u00fcrkiye-Ermenistan Temsilcisi Kars\u2019ta!","datePublished":"2022-07-25T06:37:13+00:00","mainEntityOfPage":{"@id":"https:\/\/akunq.net\/tr\/?p=69396"},"wordCount":116,"commentCount":0,"image":{"@id":"https:\/\/akunq.net\/tr\/?p=69396#primaryimage"},"thumbnailUrl":"https:\/\/akunq.net\/tr\/wp-content\/uploads\/sites\/6\/2022\/07\/Serdar-Kilic.jpg","articleSection":["Haberler"],"inLanguage":"en-US","potentialAction":[{"@type":"CommentAction","name":"Comment","target":["https:\/\/akunq.net\/tr\/?p=69396#respond"]}]},{"@type":"WebPage","@id":"https:\/\/akunq.net\/tr\/?p=69396","url":"https:\/\/akunq.net\/tr\/?p=69396","name":"T\u00fcrkiye-Ermenistan Temsilcisi Kars\u2019ta! - Bati Ermenistan Ve Bati Ermenileri Sorunlari Ara\u015ftirmalar Merkezi","isPartOf":{"@id":"https:\/\/akunq.net\/tr\/#website"},"primaryImageOfPage":{"@id":"https:\/\/akunq.net\/tr\/?p=69396#primaryimage"},"image":{"@id":"https:\/\/akunq.net\/tr\/?p=69396#primaryimage"},"thumbnailUrl":"https:\/\/akunq.net\/tr\/wp-content\/uploads\/sites\/6\/2022\/07\/Serdar-Kilic.jpg","datePublished":"2022-07-25T06:37:13+00:00","author":{"@id":"https:\/\/akunq.net\/tr\/#\/schema\/person\/096f1d38a12cce57fb855b485ed24c9e"},"breadcrumb":{"@id":"https:\/\/akunq.net\/tr\/?p=69396#breadcrumb"},"inLanguage":"en-US","potentialAction":[{"@type":"ReadAction","target":["https:\/\/akunq.net\/tr\/?p=69396"]}]},{"@type":"ImageObject","inLanguage":"en-US","@id":"https:\/\/akunq.net\/tr\/?p=69396#primaryimage","url":"https:\/\/akunq.net\/tr\/wp-content\/uploads\/sites\/6\/2022\/07\/Serdar-Kilic.jpg","contentUrl":"https:\/\/akunq.net\/tr\/wp-content\/uploads\/sites\/6\/2022\/07\/Serdar-Kilic.jpg","width":880,"height":440},{"@type":"BreadcrumbList","@id":"https:\/\/akunq.net\/tr\/?p=69396#breadcrumb","itemListElement":[{"@type":"ListItem","position":1,"name":"Home","item":"https:\/\/akunq.net\/tr"},{"@type":"ListItem","position":2,"name":"T\u00fcrkiye-Ermenistan Temsilcisi Kars\u2019ta!"}]},{"@type":"WebSite","@id":"https:\/\/akunq.net\/tr\/#website","url":"https:\/\/akunq.net\/tr\/","name":"Bati Ermenistan Ve Bati Ermenileri Sorunlari Ara\u015ftirmalar Merkezi","description":"","potentialAction":[{"@type":"SearchAction","target":{"@type":"EntryPoint","urlTemplate":"https:\/\/akunq.net\/tr\/?s={search_term_string}"},"query-input":{"@type":"PropertyValueSpecification","valueRequired":true,"valueName":"search_term_string"}}],"inLanguage":"en-US"},{"@type":"Person","@id":"https:\/\/akunq.net\/tr\/#\/schema\/person\/096f1d38a12cce57fb855b485ed24c9e","name":"admin","url":"https:\/\/akunq.net\/tr\/?author=7"}]}},"_links":{"self":[{"href":"https:\/\/akunq.net\/tr\/index.php?rest_route=\/wp\/v2\/posts\/69396","targetHints":{"allow":["GET"]}}],"collection":[{"href":"https:\/\/akunq.net\/tr\/index.php?rest_route=\/wp\/v2\/posts"}],"about":[{"href":"https:\/\/akunq.net\/tr\/index.php?rest_route=\/wp\/v2\/types\/post"}],"author":[{"embeddable":true,"href":"https:\/\/akunq.net\/tr\/index.php?rest_route=\/wp\/v2\/users\/7"}],"replies":[{"embeddable":true,"href":"https:\/\/akunq.net\/tr\/index.php?rest_route=%2Fwp%2Fv2%2Fcomments&post=69396"}],"version-history":[{"count":1,"href":"https:\/\/akunq.net\/tr\/index.php?rest_route=\/wp\/v2\/posts\/69396\/revisions"}],"predecessor-version":[{"id":69398,"href":"https:\/\/akunq.net\/tr\/index.php?rest_route=\/wp\/v2\/posts\/69396\/revisions\/69398"}],"wp:featuredmedia":[{"embeddable":true,"href":"https:\/\/akunq.net\/tr\/index.php?rest_route=\/wp\/v2\/media\/69397"}],"wp:attachment":[{"href":"https:\/\/akunq.net\/tr\/index.php?rest_route=%2Fwp%2Fv2%2Fmedia&parent=69396"}],"wp:term":[{"taxonomy":"category","embeddable":true,"href":"https:\/\/akunq.net\/tr\/index.php?rest_route=%2Fwp%2Fv2%2Fcategories&post=69396"},{"taxonomy":"post_tag","embeddable":true,"href":"https:\/\/akunq.net\/tr\/index.php?rest_route=%2Fwp%2Fv2%2Ftags&post=69396"}],"curies":[{"name":"wp","href":"https:\/\/api.w.org\/{rel}","templated":true}]}}