{"id":69390,"date":"2022-07-25T01:13:42","date_gmt":"2022-07-25T06:13:42","guid":{"rendered":"https:\/\/akunq.net\/tr\/?p=69390"},"modified":"2022-07-25T01:13:42","modified_gmt":"2022-07-25T06:13:42","slug":"patrikhane-iki-yeni-ruhani-kazaniyor","status":"publish","type":"post","link":"https:\/\/akunq.net\/tr\/?p=69390","title":{"rendered":"Patrikhane iki yeni ruhani kazan\u0131yor"},"content":{"rendered":"<p><img loading=\"lazy\" decoding=\"async\" class=\"aligncenter size-medium wp-image-69391\" src=\"https:\/\/akunq.net\/tr\/wp-content\/uploads\/2022\/07\/Patrikhane-iki-yeni-ruhani-360x240.jpg\" alt=\"\" width=\"360\" height=\"240\" srcset=\"https:\/\/akunq.net\/tr\/wp-content\/uploads\/sites\/6\/2022\/07\/Patrikhane-iki-yeni-ruhani-360x240.jpg 360w, https:\/\/akunq.net\/tr\/wp-content\/uploads\/sites\/6\/2022\/07\/Patrikhane-iki-yeni-ruhani-768x512.jpg 768w, https:\/\/akunq.net\/tr\/wp-content\/uploads\/sites\/6\/2022\/07\/Patrikhane-iki-yeni-ruhani-1536x1024.jpg 1536w, https:\/\/akunq.net\/tr\/wp-content\/uploads\/sites\/6\/2022\/07\/Patrikhane-iki-yeni-ruhani-560x373.jpg 560w, https:\/\/akunq.net\/tr\/wp-content\/uploads\/sites\/6\/2022\/07\/Patrikhane-iki-yeni-ruhani-260x173.jpg 260w, https:\/\/akunq.net\/tr\/wp-content\/uploads\/sites\/6\/2022\/07\/Patrikhane-iki-yeni-ruhani-160x107.jpg 160w, https:\/\/akunq.net\/tr\/wp-content\/uploads\/sites\/6\/2022\/07\/Patrikhane-iki-yeni-ruhani.jpg 2048w\" sizes=\"auto, (max-width: 360px) 100vw, 360px\" \/><\/p>\n<p><em><strong>T\u00fcrkiye Ermenileri Patri\u011fi Sahak Ma\u015falyan, Patriklik Makam\u0131\u2019n\u0131n ruhban adaylar\u0131 Diyakos Arda P\u0131narc\u0131 ve Diyakos Krikor Garabedyan\u2019\u0131 Patrikhane\u2019de kabul etti. \u0130ki aday i\u00e7in 22-23 Temmuz tarihlerinde \u00e7a\u011fr\u0131 ve takdis t\u00f6reni yap\u0131lacak.<\/strong><\/em><\/p>\n<p>21\u00a0 Temmuz Per\u015fembe g\u00fcnk\u00fc kabulde diyakoslar, Patrik Ma\u015falyan&#8217;\u0131n \u00f6\u011f\u00fctlerini ve hay\u0131r duas\u0131n\u0131 almak i\u00e7in Kumkap\u0131&#8217;ya gittiler.<\/p>\n<p>Patrik Ma\u015falyan\u00a0 yak\u0131nda din adam\u0131 olarak ruhban s\u0131n\u0131f\u0131n\u0131n bir par\u00e7as\u0131 olacak olan iki gen\u00e7 i\u00e7in mutlulu\u011funu dile getirdi. Diyakos Krikor \u201cbekaret yemini\u201d ederek, rahip takdis edilecek. Patrik Hazretleri iki ruhban aday\u0131na pederane takdislerini iletti, her zaman Tanr\u0131 s\u00f6z\u00fcnden uzakla\u015fmamalar\u0131n\u0131 \u00f6\u011f\u00fctledi ve iki diyakosu kutsayarak se\u00e7tikleri bu kutsal yolda kendilerine iyi yolculuklar diledi.<\/p>\n<p>22 Temmuz Cuma, saat 16:00&#8217;da Surp Asdvadzadzin (Meryem Ana) Patriklik Kilisesi\u2019nde Patrik\u00a0 Ma\u015falyan riyasetinde \u00c7a\u011fr\u0131 T\u00f6reni yap\u0131lacak, ertesi sabah, yine Patrik\u00a0 Ma\u015falyan riyasetinde Samatya S. Kevork Kilisesi\u2019nde, diyakoslar Arda ve Krikor\u2019un Kahinlik takdisi ger\u00e7ekle\u015fecek ve ard\u0131ndan Diyakos Krikor rahip takdis edilecek.<\/p>\n<p><strong><em>https:\/\/www.agos.com.tr\/tr\/yazi\/27319\/patrikhane-iki-yeni-ruhani-kazaniyor\u00a0<\/em><\/strong><\/p>\n","protected":false},"excerpt":{"rendered":"<p>T\u00fcrkiye Ermenileri Patri\u011fi Sahak Ma\u015falyan, Patriklik Makam\u0131\u2019n\u0131n ruhban adaylar\u0131 Diyakos Arda P\u0131narc\u0131 ve Diyakos Krikor Garabedyan\u2019\u0131 Patrikhane\u2019de kabul etti. \u0130ki aday i\u00e7in 22-23 Temmuz tarihlerinde \u00e7a\u011fr\u0131 ve takdis t\u00f6reni yap\u0131lacak. 21\u00a0 Temmuz Per\u015fembe g\u00fcnk\u00fc kabulde diyakoslar, Patrik Ma\u015falyan&#8217;\u0131n \u00f6\u011f\u00fctlerini ve hay\u0131r duas\u0131n\u0131 almak i\u00e7in Kumkap\u0131&#8217;ya gittiler. Patrik Ma\u015falyan\u00a0 yak\u0131nda din adam\u0131 olarak ruhban s\u0131n\u0131f\u0131n\u0131n bir [&hellip;]<\/p>\n","protected":false},"author":7,"featured_media":69391,"comment_status":"open","ping_status":"open","sticky":false,"template":"","format":"standard","meta":{"footnotes":""},"categories":[1],"tags":[],"class_list":["post-69390","post","type-post","status-publish","format-standard","has-post-thumbnail","hentry","category-haberler"],"yoast_head":"<!-- This site is optimized with the Yoast SEO plugin v27.4 - https:\/\/yoast.com\/product\/yoast-seo-wordpress\/ -->\n<title>Patrikhane iki yeni ruhani kazan\u0131yor - Bati Ermenistan Ve Bati Ermenileri Sorunlari Ara\u015ftirmalar Merkezi<\/title>\n<meta name=\"robots\" content=\"index, follow, max-snippet:-1, max-image-preview:large, max-video-preview:-1\" \/>\n<link rel=\"canonical\" href=\"https:\/\/akunq.net\/tr\/?p=69390\" \/>\n<meta property=\"og:locale\" content=\"en_US\" \/>\n<meta property=\"og:type\" content=\"article\" \/>\n<meta property=\"og:title\" content=\"Patrikhane iki yeni ruhani kazan\u0131yor - Bati Ermenistan Ve Bati Ermenileri Sorunlari Ara\u015ftirmalar Merkezi\" \/>\n<meta property=\"og:description\" content=\"T\u00fcrkiye Ermenileri Patri\u011fi Sahak Ma\u015falyan, Patriklik Makam\u0131\u2019n\u0131n ruhban adaylar\u0131 Diyakos Arda P\u0131narc\u0131 ve Diyakos Krikor Garabedyan\u2019\u0131 Patrikhane\u2019de kabul etti. \u0130ki aday i\u00e7in 22-23 Temmuz tarihlerinde \u00e7a\u011fr\u0131 ve takdis t\u00f6reni yap\u0131lacak. 21\u00a0 Temmuz Per\u015fembe g\u00fcnk\u00fc kabulde diyakoslar, Patrik Ma\u015falyan&#8217;\u0131n \u00f6\u011f\u00fctlerini ve hay\u0131r duas\u0131n\u0131 almak i\u00e7in Kumkap\u0131&#8217;ya gittiler. Patrik Ma\u015falyan\u00a0 yak\u0131nda din adam\u0131 olarak ruhban s\u0131n\u0131f\u0131n\u0131n bir [&hellip;]\" \/>\n<meta property=\"og:url\" content=\"https:\/\/akunq.net\/tr\/?p=69390\" \/>\n<meta property=\"og:site_name\" content=\"Bati Ermenistan Ve Bati Ermenileri Sorunlari Ara\u015ftirmalar Merkezi\" \/>\n<meta property=\"article:published_time\" content=\"2022-07-25T06:13:42+00:00\" \/>\n<meta property=\"og:image\" content=\"https:\/\/akunq.net\/tr\/wp-content\/uploads\/sites\/6\/2022\/07\/Patrikhane-iki-yeni-ruhani.jpg\" \/>\n\t<meta property=\"og:image:width\" content=\"2048\" \/>\n\t<meta property=\"og:image:height\" content=\"1365\" \/>\n\t<meta property=\"og:image:type\" content=\"image\/jpeg\" \/>\n<meta name=\"author\" content=\"admin\" \/>\n<meta name=\"twitter:card\" content=\"summary_large_image\" \/>\n<meta name=\"twitter:label1\" content=\"Written by\" \/>\n\t<meta name=\"twitter:data1\" content=\"admin\" \/>\n\t<meta name=\"twitter:label2\" content=\"Est. reading time\" \/>\n\t<meta name=\"twitter:data2\" content=\"1 minute\" \/>\n<script type=\"application\/ld+json\" class=\"yoast-schema-graph\">{\"@context\":\"https:\\\/\\\/schema.org\",\"@graph\":[{\"@type\":\"Article\",\"@id\":\"https:\\\/\\\/akunq.net\\\/tr\\\/?p=69390#article\",\"isPartOf\":{\"@id\":\"https:\\\/\\\/akunq.net\\\/tr\\\/?p=69390\"},\"author\":{\"name\":\"admin\",\"@id\":\"https:\\\/\\\/akunq.net\\\/tr\\\/#\\\/schema\\\/person\\\/096f1d38a12cce57fb855b485ed24c9e\"},\"headline\":\"Patrikhane iki yeni ruhani kazan\u0131yor\",\"datePublished\":\"2022-07-25T06:13:42+00:00\",\"mainEntityOfPage\":{\"@id\":\"https:\\\/\\\/akunq.net\\\/tr\\\/?p=69390\"},\"wordCount\":196,\"commentCount\":0,\"image\":{\"@id\":\"https:\\\/\\\/akunq.net\\\/tr\\\/?p=69390#primaryimage\"},\"thumbnailUrl\":\"https:\\\/\\\/akunq.net\\\/tr\\\/wp-content\\\/uploads\\\/sites\\\/6\\\/2022\\\/07\\\/Patrikhane-iki-yeni-ruhani.jpg\",\"articleSection\":[\"Haberler\"],\"inLanguage\":\"en-US\",\"potentialAction\":[{\"@type\":\"CommentAction\",\"name\":\"Comment\",\"target\":[\"https:\\\/\\\/akunq.net\\\/tr\\\/?p=69390#respond\"]}]},{\"@type\":\"WebPage\",\"@id\":\"https:\\\/\\\/akunq.net\\\/tr\\\/?p=69390\",\"url\":\"https:\\\/\\\/akunq.net\\\/tr\\\/?p=69390\",\"name\":\"Patrikhane iki yeni ruhani kazan\u0131yor - Bati Ermenistan Ve Bati Ermenileri Sorunlari Ara\u015ftirmalar Merkezi\",\"isPartOf\":{\"@id\":\"https:\\\/\\\/akunq.net\\\/tr\\\/#website\"},\"primaryImageOfPage\":{\"@id\":\"https:\\\/\\\/akunq.net\\\/tr\\\/?p=69390#primaryimage\"},\"image\":{\"@id\":\"https:\\\/\\\/akunq.net\\\/tr\\\/?p=69390#primaryimage\"},\"thumbnailUrl\":\"https:\\\/\\\/akunq.net\\\/tr\\\/wp-content\\\/uploads\\\/sites\\\/6\\\/2022\\\/07\\\/Patrikhane-iki-yeni-ruhani.jpg\",\"datePublished\":\"2022-07-25T06:13:42+00:00\",\"author\":{\"@id\":\"https:\\\/\\\/akunq.net\\\/tr\\\/#\\\/schema\\\/person\\\/096f1d38a12cce57fb855b485ed24c9e\"},\"breadcrumb\":{\"@id\":\"https:\\\/\\\/akunq.net\\\/tr\\\/?p=69390#breadcrumb\"},\"inLanguage\":\"en-US\",\"potentialAction\":[{\"@type\":\"ReadAction\",\"target\":[\"https:\\\/\\\/akunq.net\\\/tr\\\/?p=69390\"]}]},{\"@type\":\"ImageObject\",\"inLanguage\":\"en-US\",\"@id\":\"https:\\\/\\\/akunq.net\\\/tr\\\/?p=69390#primaryimage\",\"url\":\"https:\\\/\\\/akunq.net\\\/tr\\\/wp-content\\\/uploads\\\/sites\\\/6\\\/2022\\\/07\\\/Patrikhane-iki-yeni-ruhani.jpg\",\"contentUrl\":\"https:\\\/\\\/akunq.net\\\/tr\\\/wp-content\\\/uploads\\\/sites\\\/6\\\/2022\\\/07\\\/Patrikhane-iki-yeni-ruhani.jpg\",\"width\":2048,\"height\":1365},{\"@type\":\"BreadcrumbList\",\"@id\":\"https:\\\/\\\/akunq.net\\\/tr\\\/?p=69390#breadcrumb\",\"itemListElement\":[{\"@type\":\"ListItem\",\"position\":1,\"name\":\"Home\",\"item\":\"https:\\\/\\\/akunq.net\\\/tr\"},{\"@type\":\"ListItem\",\"position\":2,\"name\":\"Patrikhane iki yeni ruhani kazan\u0131yor\"}]},{\"@type\":\"WebSite\",\"@id\":\"https:\\\/\\\/akunq.net\\\/tr\\\/#website\",\"url\":\"https:\\\/\\\/akunq.net\\\/tr\\\/\",\"name\":\"Bati Ermenistan Ve Bati Ermenileri Sorunlari Ara\u015ftirmalar Merkezi\",\"description\":\"\",\"potentialAction\":[{\"@type\":\"SearchAction\",\"target\":{\"@type\":\"EntryPoint\",\"urlTemplate\":\"https:\\\/\\\/akunq.net\\\/tr\\\/?s={search_term_string}\"},\"query-input\":{\"@type\":\"PropertyValueSpecification\",\"valueRequired\":true,\"valueName\":\"search_term_string\"}}],\"inLanguage\":\"en-US\"},{\"@type\":\"Person\",\"@id\":\"https:\\\/\\\/akunq.net\\\/tr\\\/#\\\/schema\\\/person\\\/096f1d38a12cce57fb855b485ed24c9e\",\"name\":\"admin\",\"url\":\"https:\\\/\\\/akunq.net\\\/tr\\\/?author=7\"}]}<\/script>\n<!-- \/ Yoast SEO plugin. -->","yoast_head_json":{"title":"Patrikhane iki yeni ruhani kazan\u0131yor - Bati Ermenistan Ve Bati Ermenileri Sorunlari Ara\u015ftirmalar Merkezi","robots":{"index":"index","follow":"follow","max-snippet":"max-snippet:-1","max-image-preview":"max-image-preview:large","max-video-preview":"max-video-preview:-1"},"canonical":"https:\/\/akunq.net\/tr\/?p=69390","og_locale":"en_US","og_type":"article","og_title":"Patrikhane iki yeni ruhani kazan\u0131yor - Bati Ermenistan Ve Bati Ermenileri Sorunlari Ara\u015ftirmalar Merkezi","og_description":"T\u00fcrkiye Ermenileri Patri\u011fi Sahak Ma\u015falyan, Patriklik Makam\u0131\u2019n\u0131n ruhban adaylar\u0131 Diyakos Arda P\u0131narc\u0131 ve Diyakos Krikor Garabedyan\u2019\u0131 Patrikhane\u2019de kabul etti. \u0130ki aday i\u00e7in 22-23 Temmuz tarihlerinde \u00e7a\u011fr\u0131 ve takdis t\u00f6reni yap\u0131lacak. 21\u00a0 Temmuz Per\u015fembe g\u00fcnk\u00fc kabulde diyakoslar, Patrik Ma\u015falyan&#8217;\u0131n \u00f6\u011f\u00fctlerini ve hay\u0131r duas\u0131n\u0131 almak i\u00e7in Kumkap\u0131&#8217;ya gittiler. Patrik Ma\u015falyan\u00a0 yak\u0131nda din adam\u0131 olarak ruhban s\u0131n\u0131f\u0131n\u0131n bir [&hellip;]","og_url":"https:\/\/akunq.net\/tr\/?p=69390","og_site_name":"Bati Ermenistan Ve Bati Ermenileri Sorunlari Ara\u015ftirmalar Merkezi","article_published_time":"2022-07-25T06:13:42+00:00","og_image":[{"width":2048,"height":1365,"url":"https:\/\/akunq.net\/tr\/wp-content\/uploads\/sites\/6\/2022\/07\/Patrikhane-iki-yeni-ruhani.jpg","type":"image\/jpeg"}],"author":"admin","twitter_card":"summary_large_image","twitter_misc":{"Written by":"admin","Est. reading time":"1 minute"},"schema":{"@context":"https:\/\/schema.org","@graph":[{"@type":"Article","@id":"https:\/\/akunq.net\/tr\/?p=69390#article","isPartOf":{"@id":"https:\/\/akunq.net\/tr\/?p=69390"},"author":{"name":"admin","@id":"https:\/\/akunq.net\/tr\/#\/schema\/person\/096f1d38a12cce57fb855b485ed24c9e"},"headline":"Patrikhane iki yeni ruhani kazan\u0131yor","datePublished":"2022-07-25T06:13:42+00:00","mainEntityOfPage":{"@id":"https:\/\/akunq.net\/tr\/?p=69390"},"wordCount":196,"commentCount":0,"image":{"@id":"https:\/\/akunq.net\/tr\/?p=69390#primaryimage"},"thumbnailUrl":"https:\/\/akunq.net\/tr\/wp-content\/uploads\/sites\/6\/2022\/07\/Patrikhane-iki-yeni-ruhani.jpg","articleSection":["Haberler"],"inLanguage":"en-US","potentialAction":[{"@type":"CommentAction","name":"Comment","target":["https:\/\/akunq.net\/tr\/?p=69390#respond"]}]},{"@type":"WebPage","@id":"https:\/\/akunq.net\/tr\/?p=69390","url":"https:\/\/akunq.net\/tr\/?p=69390","name":"Patrikhane iki yeni ruhani kazan\u0131yor - Bati Ermenistan Ve Bati Ermenileri Sorunlari Ara\u015ftirmalar Merkezi","isPartOf":{"@id":"https:\/\/akunq.net\/tr\/#website"},"primaryImageOfPage":{"@id":"https:\/\/akunq.net\/tr\/?p=69390#primaryimage"},"image":{"@id":"https:\/\/akunq.net\/tr\/?p=69390#primaryimage"},"thumbnailUrl":"https:\/\/akunq.net\/tr\/wp-content\/uploads\/sites\/6\/2022\/07\/Patrikhane-iki-yeni-ruhani.jpg","datePublished":"2022-07-25T06:13:42+00:00","author":{"@id":"https:\/\/akunq.net\/tr\/#\/schema\/person\/096f1d38a12cce57fb855b485ed24c9e"},"breadcrumb":{"@id":"https:\/\/akunq.net\/tr\/?p=69390#breadcrumb"},"inLanguage":"en-US","potentialAction":[{"@type":"ReadAction","target":["https:\/\/akunq.net\/tr\/?p=69390"]}]},{"@type":"ImageObject","inLanguage":"en-US","@id":"https:\/\/akunq.net\/tr\/?p=69390#primaryimage","url":"https:\/\/akunq.net\/tr\/wp-content\/uploads\/sites\/6\/2022\/07\/Patrikhane-iki-yeni-ruhani.jpg","contentUrl":"https:\/\/akunq.net\/tr\/wp-content\/uploads\/sites\/6\/2022\/07\/Patrikhane-iki-yeni-ruhani.jpg","width":2048,"height":1365},{"@type":"BreadcrumbList","@id":"https:\/\/akunq.net\/tr\/?p=69390#breadcrumb","itemListElement":[{"@type":"ListItem","position":1,"name":"Home","item":"https:\/\/akunq.net\/tr"},{"@type":"ListItem","position":2,"name":"Patrikhane iki yeni ruhani kazan\u0131yor"}]},{"@type":"WebSite","@id":"https:\/\/akunq.net\/tr\/#website","url":"https:\/\/akunq.net\/tr\/","name":"Bati Ermenistan Ve Bati Ermenileri Sorunlari Ara\u015ftirmalar Merkezi","description":"","potentialAction":[{"@type":"SearchAction","target":{"@type":"EntryPoint","urlTemplate":"https:\/\/akunq.net\/tr\/?s={search_term_string}"},"query-input":{"@type":"PropertyValueSpecification","valueRequired":true,"valueName":"search_term_string"}}],"inLanguage":"en-US"},{"@type":"Person","@id":"https:\/\/akunq.net\/tr\/#\/schema\/person\/096f1d38a12cce57fb855b485ed24c9e","name":"admin","url":"https:\/\/akunq.net\/tr\/?author=7"}]}},"_links":{"self":[{"href":"https:\/\/akunq.net\/tr\/index.php?rest_route=\/wp\/v2\/posts\/69390","targetHints":{"allow":["GET"]}}],"collection":[{"href":"https:\/\/akunq.net\/tr\/index.php?rest_route=\/wp\/v2\/posts"}],"about":[{"href":"https:\/\/akunq.net\/tr\/index.php?rest_route=\/wp\/v2\/types\/post"}],"author":[{"embeddable":true,"href":"https:\/\/akunq.net\/tr\/index.php?rest_route=\/wp\/v2\/users\/7"}],"replies":[{"embeddable":true,"href":"https:\/\/akunq.net\/tr\/index.php?rest_route=%2Fwp%2Fv2%2Fcomments&post=69390"}],"version-history":[{"count":1,"href":"https:\/\/akunq.net\/tr\/index.php?rest_route=\/wp\/v2\/posts\/69390\/revisions"}],"predecessor-version":[{"id":69392,"href":"https:\/\/akunq.net\/tr\/index.php?rest_route=\/wp\/v2\/posts\/69390\/revisions\/69392"}],"wp:featuredmedia":[{"embeddable":true,"href":"https:\/\/akunq.net\/tr\/index.php?rest_route=\/wp\/v2\/media\/69391"}],"wp:attachment":[{"href":"https:\/\/akunq.net\/tr\/index.php?rest_route=%2Fwp%2Fv2%2Fmedia&parent=69390"}],"wp:term":[{"taxonomy":"category","embeddable":true,"href":"https:\/\/akunq.net\/tr\/index.php?rest_route=%2Fwp%2Fv2%2Fcategories&post=69390"},{"taxonomy":"post_tag","embeddable":true,"href":"https:\/\/akunq.net\/tr\/index.php?rest_route=%2Fwp%2Fv2%2Ftags&post=69390"}],"curies":[{"name":"wp","href":"https:\/\/api.w.org\/{rel}","templated":true}]}}