{"id":69382,"date":"2022-07-22T02:50:00","date_gmt":"2022-07-22T07:50:00","guid":{"rendered":"https:\/\/akunq.net\/tr\/?p=69382"},"modified":"2022-07-22T02:50:00","modified_gmt":"2022-07-22T07:50:00","slug":"erivan-yerevan-akunq-web-sitesi-radyosunun-yasayan-son-kadin-sesi-aslika-qadir-radyo-zamanin-karanlik-tunelinde-kurtler-icin-bir-isik-oldu","status":"publish","type":"post","link":"https:\/\/akunq.net\/tr\/?p=69382","title":{"rendered":"Erivan (Yerevan-&#8216;Akunq&#8217; web sitesi) Radyosu\u2019nun ya\u015fayan son kad\u0131n sesi Aslika Qadir: \u201cRadyo, zaman\u0131n karanl\u0131k t\u00fcnelinde K\u00fcrtler i\u00e7in bir \u0131\u015f\u0131k oldu\u201d"},"content":{"rendered":"<div class=\"td-post-header\">\n<header class=\"td-post-title\">\n<p class=\"td-post-sub-title\"><em><strong>Ermenistan\u2019\u0131n ba\u015fkenti Erivan\u2019da (Yerevan-&#8216;Akunq&#8217; web sitesi) 1926 y\u0131l\u0131nda faaliyete ba\u015flayan Erivan Radyosu, 1960-80 aras\u0131ndaki yay\u0131nlar\u0131yla T\u00fcrkiye\u2019de K\u00fcrtlere ve K\u00fcrt\u00e7eye kar\u015f\u0131 artan bask\u0131 ve yasaklar\u0131 delebilen tek radyo kanal\u0131 olmu\u015f ve K\u00fcrt isimlere kap\u0131lar\u0131n\u0131 a\u00e7m\u0131\u015ft\u0131. Yirminci y\u00fczy\u0131l\u0131n uzun ink\u00e2r y\u0131llar\u0131nda T\u00fcrkiyeli K\u00fcrtler \u2018elinde, yan\u0131nda, i\u015fyerinde, hatta \u00f6k\u00fcz\u00fcn\u00fcn boyunduru\u011funda\u2019 bulundurdu\u011fu radyodan hep Erivan Radyosu K\u00fcrt\u00e7e servisini izlerdi. Radyonun hayattaki tek kad\u0131n sesi Aslika Qadir, Erivan Radyosu\u2019ndaki maceras\u0131n\u0131 ve radyonun K\u00fcrtler ve K\u00fcrt sanat\u0131 i\u00e7in tarihi \u00f6nemini Serbestiyet\u2019e anlatt\u0131.<\/strong><\/em><\/p>\n<div class=\"td-module-meta-info\">\n<div class=\"td-post-author-name\">\n<div class=\"td-author-by\"><\/div>\n<p><strong><a href=\"https:\/\/serbestiyet.com\/author\/sevvvn\/\">\u015eenol Ball\u0131<\/a>\u00a0<\/strong><\/div>\n<p><time class=\"entry-date updated td-module-date\" datetime=\"2022-07-21T16:18:11+03:00\"><\/time><\/div>\n<\/header>\n<\/div>\n<div class=\"td-post-sharing-top\">\n<div id=\"td_social_sharing_article_top\" class=\"td-post-sharing td-ps-bg td-ps-notext td-post-sharing-style1 \">\n<div class=\"td-post-sharing-visible\">\n<div class=\"td-social-but-icon\"><\/div>\n<\/div>\n<\/div>\n<\/div>\n<div class=\"td-post-content tagdiv-type\">\n<div class=\"td-post-featured-image\"><a class=\"td-modal-image\" href=\"https:\/\/serbestiyet.com\/wp-content\/uploads\/2022\/07\/1-2.png\" data-caption=\"\"><img loading=\"lazy\" decoding=\"async\" class=\"entry-thumb lazyloaded td-animation-stack-type0-2\" title=\"1\" src=\"https:\/\/serbestiyet.com\/wp-content\/uploads\/2022\/07\/1-2.png\" sizes=\"auto, (max-width: 600px) 100vw, 600px\" srcset=\"https:\/\/serbestiyet.com\/wp-content\/uploads\/2022\/07\/1-2.png 600w, https:\/\/serbestiyet.com\/wp-content\/uploads\/2022\/07\/1-2-300x201.png 300w\" alt=\"\" width=\"600\" height=\"401\" data-ll-status=\"loaded\" \/><\/a><\/div>\n<p>Kamran Elend, \u0130leti\u015fim Yay\u0131nlar\u0131\u2019ndan \u00e7\u0131kan \u2018Kimli\u011fi Terenn\u00fcm Etmek: Erivan Radyosu K\u00fcrt\u00e7e Yay\u0131n\u0131\u2019 ba\u015fl\u0131kl\u0131 kitab\u0131n\u0131 AGOS\u2019tan Ferda Balancar\u2019a anlat\u0131rken \u015f\u00f6yle demi\u015fti:<\/p>\n<p>\u201cEn ufak hak taleplerinin reddedildi\u011fi, K\u00fcrtl\u00fc\u011fe ve K\u00fcrt\u00e7eye dair olan\u0131n ink\u00e2r edilip bast\u0131r\u0131lmaya \u00e7al\u0131\u015f\u0131ld\u0131\u011f\u0131 bir ortamda d\u00f6nemin en ileri teknolojisi olarak g\u00f6r\u00fclen radyodan insanlar\u0131n de\u011fersiz muamelesi g\u00f6r\u00fcnen dillerini duymas\u0131 dinleyiciler nezdinde hayrete \u015fayan bir durumdur. Bu ifadeye dair hayret ve \u015fa\u015fk\u0131nl\u0131\u011f\u0131 biraz da cesaret ve heyecan duygular\u0131 e\u015fli\u011finde d\u00fc\u015f\u00fcnmek laz\u0131m. K\u00fclt\u00fcr\u00fcne dair ne varsa ink\u00e2r ve reddedilen bireyin ileri teknoloji olan bir ayg\u0131ttan dilini duydu\u011fu andaki ho\u015fnutlu\u011funu heyecan, hayret ve biraz da cesaretvari hissiyat\u0131n dile geli\u015fi olarak d\u00fc\u015f\u00fcnmeliyiz. Bir de san\u0131r\u0131m psikolojik olarak da ink\u00e2r ve reddedile edile art\u0131k a\u015fa\u011f\u0131l\u0131k kompleksiyle kar\u0131\u015f\u0131k bir ruh haline b\u00fcr\u00fcnen bireyin ait oldu\u011fu k\u00fclt\u00fcr\u00fcn\u00fcn, \u2018Asl\u0131nda o kadar da de\u011fersiz de\u011filmi\u015f\u2019 d\u00fc\u015f\u00fcncesine kap\u0131ld\u0131\u011f\u0131 \u00e2n\u0131n s\u00f6zc\u00fcklere d\u00f6k\u00fclm\u00fc\u015f halidir bu ifade. M\u0131r\u0131ldan\u0131yorken konu\u015fmaya; sinmi\u015f iken silkinmeye ve \u00f6znele\u015fmeye dair bir hayret ve heyecan\u2026\u201d<\/p>\n<figure class=\"wp-block-image size-large\"><img loading=\"lazy\" decoding=\"async\" class=\"wp-image-98182 td-animation-stack-type0-2 lazyloaded\" src=\"https:\/\/serbestiyet.com\/wp-content\/uploads\/2022\/07\/image-171.png\" sizes=\"auto, (max-width: 945px) 100vw, 945px\" srcset=\"https:\/\/serbestiyet.com\/wp-content\/uploads\/2022\/07\/image-171.png 945w, https:\/\/serbestiyet.com\/wp-content\/uploads\/2022\/07\/image-171-300x143.png 300w, https:\/\/serbestiyet.com\/wp-content\/uploads\/2022\/07\/image-171-768x367.png 768w, https:\/\/serbestiyet.com\/wp-content\/uploads\/2022\/07\/image-171-696x333.png 696w, https:\/\/serbestiyet.com\/wp-content\/uploads\/2022\/07\/image-171-878x420.png 878w\" alt=\"\" width=\"945\" height=\"452\" data-ll-status=\"loaded\" \/><\/figure>\n<p>K\u00fcrt\u00e7ede \u201cdeng\u201d ses, \u201cb\u00eaj\u201d ise s\u00f6ylemek anlam\u0131na geliyor. Toplumsal belle\u011fin kendisi olan \u2018Dengb\u00eajlik\u2019 gelene\u011fi, uzun y\u0131llard\u0131r K\u00fcrt\u00e7enin ve K\u00fcrt s\u00f6zl\u00fc k\u00fclt\u00fcr\u00fcn\u00fcn korunmas\u0131nda \u00f6nemli bir rol oynuyor. Erivan Radyosu ise bu gelene\u011fin hayat buldu\u011fu en \u00f6nemli duraklardan biri.<\/p>\n<p>Ermenistan\u2019\u0131n ba\u015fkenti Erivan\u2019da, 1926 y\u0131l\u0131nda faaliyetlerine ba\u015flayan radyo, Sovyetler Birli\u011fi d\u00f6neminde Ortado\u011fu co\u011frafyas\u0131ndan \u00e7ok say\u0131da dengb\u00eajin farkl\u0131 nedenlerle gelip sesini duyurdu\u011fu bir kurum olmu\u015ftu.<\/p>\n<p>Ba\u015flang\u0131\u00e7ta, Ermenistan\u2019a g\u00f6\u00e7 eden farkl\u0131 dini inan\u0131\u015flardan K\u00fcrt dengb\u00eajlerin eserlerinin yay\u0131nland\u0131\u011f\u0131 bu radyo, bir s\u00fcre sonra di\u011fer co\u011frafyalarda ya\u015fayan erkek ve kad\u0131n dengb\u00eajlerin de kat\u0131l\u0131m\u0131yla b\u00fcy\u00fck bir organizasyon halini alm\u0131\u015ft\u0131. Radyo, dengb\u00eajlerin sesinin \u00e7e\u015fitli co\u011frafyalarda b\u00fcy\u00fck kitlelere ula\u015fmas\u0131nda kilit bir rol oynad\u0131.<\/p>\n<p>Radyoda: \u015eeroy\u00ea Biro, Karap\u00eat\u00ea Xa\u00e7o, Aram Tigran, Feyzoy\u00ea R\u0131za, Re\u015fid\u00ea Baso, Egid\u00ea C\u0131mo, Sil\u00eaman\u00ea Mec\u00eed, Hem\u00eed\u00ea Mec\u00eed,Efoy\u00ea Esed ve Tital\u00ea Efo gibi \u00f6nemli isimler yer alm\u0131\u015ft\u0131.<\/p>\n<p>Radyoda kad\u0131n dengb\u00eajlerin eme\u011fi de \u00e7oktu. Farkl\u0131 d\u00f6nemlerde radyoda \u00e7al\u0131\u015fan kad\u0131n dengb\u00eajler aras\u0131nda Belga Qado, S\u00fbsika Simo, Kubara Xudo, Naza Kokil, Zad\u00eena \u015eekir, Fatma \u00cesa, S\u00eesa Mecid, S\u00eema Semend, Aslika Qadir ve \u00cazniva Re\u015f\u00eed gibi isimler vard\u0131.<\/p>\n<p>Bu dengb\u00eajlerin \u00e7o\u011fu hayata veda etmi\u015f durumda. Radyonun ya\u015fayan son kad\u0131n sesi, 77 ya\u015f\u0131ndaki Aslika Qadir ise halen Almanya\u2019da ya\u015fam\u0131na ve K\u00fcrt\u00e7e m\u00fczik \u00e7al\u0131\u015fmalar\u0131na devam ediyor. Aslika Qadir ile Erivan Radyosu\u2019nu, K\u00fcrt\u00e7eyi, K\u00fcrt m\u00fczi\u011finin d\u00fcn\u00fcn\u00fc, bug\u00fcn\u00fcn\u00fc ve kendisinin birka\u00e7 \u00fclkeye yay\u0131lan hik\u00e2yesini konu\u015ftuk.<\/p>\n<p><strong>Sava\u015f \u00e7ocu\u011fu olarak<\/strong>\u00a0\u00a0<strong>Aslika Qadir<\/strong><\/p>\n<p>1945 y\u0131l\u0131nda Ermenistan\u2019a ba\u011fl\u0131 Elegez b\u00f6lgesinde, Ezidi K\u00fcrtlerin ya\u015fad\u0131\u011f\u0131 bir k\u00f6yde d\u00fcnyaya geldi Qadir. \u0130kinci D\u00fcnya Sava\u015f\u0131\u2019n\u0131n insanlar\u0131 b\u00fcy\u00fck bir yoksullu\u011fa ve sefalete s\u00fcr\u00fckledi\u011fi y\u0131llard\u0131. Qadir\u2019in do\u011fumundan sonra ailesi ba\u015fkent Erivan\u2019a g\u00f6\u00e7 etti.<\/p>\n<p>Qadir ilk\u00f6\u011frenimini burada tamamlad\u0131 ve daha sonra Erivan Devlet \u00dcniversitesi Do\u011fu Bilimleri Fak\u00fcltesi\u2019ne girdi.<\/p>\n<p>Ermenistan\u2019\u0131n ilk devlet ba\u015fkan\u0131 olan Levon Ter-Petrosyan ile ayn\u0131 d\u00f6nemde e\u011fitim alan Qadir, Fars Dili ve Edebiyat\u0131 b\u00f6l\u00fcm\u00fcnden mezun oldu. Fars\u00e7a dil uzman\u0131 oldu\u011fu i\u00e7in 1985 y\u0131l\u0131nda devlet taraf\u0131ndan terc\u00fcman olarak Afganistan\u2019a cepheye g\u00f6nderildi.<\/p>\n<p>1987\u2019ye kadar Afganistan\u2019da kald\u0131. \u0130leri d\u00fczeyde Ermenice bilen Qadir, ayr\u0131ca Erivan\u2019da 22 y\u0131l boyunca Ermeni Dili ve Edebiyat\u0131 dersleri verdi. Do\u011fdu\u011fu Elegez\u2019in do\u011fas\u0131n\u0131 anlat\u0131rken edebiyat\u00e7\u0131 kimli\u011fi su y\u00fcz\u00fcne \u00e7\u0131k\u0131yor:<\/p>\n<p>\u201cElegez s\u00fcslenmi\u015f bir gelin gibi oluyor. Karlar eriyor, reng\u00e2renk \u00e7i\u00e7ekler bitiveriyor. Meralarda biten sar\u0131 ve k\u0131rm\u0131z\u0131 \u00e7i\u00e7ekler topra\u011f\u0131 saran kocaman birer hal\u0131 gibi duruyordu. Do\u011fan\u0131n usta elleriyle nak\u015fedilmi\u015f bir hal\u0131.\u201d<\/p>\n<p>Qadir, ailesiyle Erivan\u2019a ta\u015f\u0131nmas\u0131n\u0131n ard\u0131ndan, e\u011fitim ald\u0131\u011f\u0131 \u00fcniversitenin Erivan Radyosu\u2019nun bulundu\u011fu bina ile kom\u015fu oldu\u011funu \u00f6\u011freniyor ve y\u0131llara yay\u0131lan ser\u00fcveninin de bu \u015fekilde ba\u015flad\u0131\u011f\u0131n\u0131 dile getiriyor:<\/p>\n<p>\u201cErivan\u2019a ge\u00e7tim, orada Erivan \u00dcniversitesi Do\u011fu Bilimleri Fak\u00fcltesi\u2019ne yerle\u015ftim. 1963 y\u0131l\u0131nda ba\u015flad\u0131m ve 1968 y\u0131l\u0131nda tamamlad\u0131m. \u00dcniversite ile Erivan Radyosu kom\u015fu idi. Aralar\u0131nda 150 metre vard\u0131. O y\u0131llarda Molla Mustafa Barzani\u2019nin Eyl\u00fcl devrimi ba\u015flam\u0131\u015ft\u0131. Ben de radyoya gidip haberler almak istiyordum bu s\u00fcrece dair. Birka\u00e7 g\u00fcn gidip geldim. Xelil\u00ea \u00c7a\u00e7an\u2019\u0131 tan\u0131d\u0131m o esnada, radyonun sorumlusuydu. \u015eair Ferik\u00ea Usiv, Mikal\u00eel\u00ea Re\u015fid, Wezi\u00ea E\u015fo, Mem\u00ea Eylaz gibi beni etkileyen \u00f6nemli isimler vard\u0131 ayn\u0131 zamanda. Bu ustalar\u0131n tamam\u0131 bana kucak a\u00e7t\u0131. S\u00fcrekli u\u011framam\u0131 istiyorlard\u0131.\u2019\u2019<\/p>\n<p><strong>\u0130lk ezginin gizli kayd\u0131 \u00a0<\/strong><\/p>\n<p>Evlenene kadar radyoya s\u0131k s\u0131k gitti\u011fini ancak evlendikten sonra daha az gitmeye ba\u015flad\u0131\u011f\u0131n\u0131 s\u00f6yleyen Qadir, bunu d\u00f6nemin ahlak anlay\u0131\u015f\u0131na ba\u011fl\u0131yor:<\/p>\n<p>\u201c\u00dcniversiteden sonra evlendim, iki \u00e7ocu\u011fum oldu. Radyoya gidi\u015f geli\u015flerim azald\u0131 haliyle. K\u00fcrt toplumunun kad\u0131nlara bak\u0131\u015f a\u00e7\u0131s\u0131 burada belirleyici oldu. Zaten radyoya gelen di\u011fer kad\u0131n dengb\u00eajler gizli gizli gelip gidiyorlard\u0131 radyoya. Oraya giden bir avu\u00e7 kad\u0131nd\u0131k ancak toplumda s\u00fcrekli olumsuz bir yakla\u015f\u0131m vard\u0131 radyoya gidiyor ve \u015fark\u0131lar s\u00f6yl\u00fcyoruz diye. Zadina \u015eakir, Susika Simo, Belga Qado gibi kad\u0131n dengb\u00eajler buna maruz kald\u0131 maalesef.\u201d<\/p>\n<p>1964\u2019te o d\u00f6nem Erivan Radyosu M\u00fczik B\u00f6l\u00fcm\u00fc \u015eefi olan T\u00eetal\u00ea Efo\u2019nun \u00f6nerisi ve bil\u00fbrvan (kavalc\u0131) Eg\u00eed\u00ea Cimo vas\u0131tas\u0131yla\u00a0<em>\u2018<\/em><a href=\"https:\/\/www.youtube.com\/watch?v=LBgkugYJehQ\"><em>\u2019Welat\u00ea Me Kurd\u00eestan e\u2019\u2019<\/em><\/a>\u00a0kilam\u0131n\u0131 (dengb\u00eajin dillendirdi\u011fi ezgi) okumak \u00fczere radyoya davet edildi.<\/p>\n<p>Uzun s\u00fcredir bekledi\u011fi f\u0131rsat aya\u011f\u0131na gelmi\u015fti, e\u015finin kar\u015f\u0131 \u00e7\u0131kmas\u0131na ra\u011fmen ne pahas\u0131na olursa olsun gidip sesini kaydetmek istedi.<\/p>\n<p>Bu gizli bir kay\u0131tt\u0131 ayn\u0131 zamanda. \u015eunlar\u0131 s\u00f6yl\u00fcyor Qadir:<\/p>\n<p>\u201cRadyoda m\u00fczisyenleri de tan\u0131d\u0131m. Egid\u00ea Cimo bunlardan biriydi. Ayn\u0131 zamanda bana e\u011fitmenlik yapan da oydu. Ermenice \u015fark\u0131larla ba\u015flad\u0131m. \u00dcnl\u00fc Ermeni ozan\u0131 Sayat Nova\u2019n\u0131n ezgileriyle ba\u015flad\u0131m.\u00a0 Nova\u2019n\u0131n K\u00fcrt\u00e7eye \u00e7evrilmi\u015f iki ezgisini dillendirdim devam\u0131nda. Daha sonra st\u00fcdyoya gidip bu ezgileri kaydettik ve insanlar taraf\u0131ndan \u00e7ok be\u011fenildi. E\u015fim bunlar\u0131 bilmiyordu tabii. Bu y\u00fczden gizli yapt\u0131k bunu. Eg\u00eed\u00ea Cimo ve T\u00eetal\u00ea Efo \u00e7ok istedi.\u201d<\/p>\n<p>Qadir, kayd\u0131n\u0131 gizli yapt\u0131\u011f\u0131 kilamlar\u0131n halk taraf\u0131ndan \u00e7ok be\u011fenildi\u011fini s\u00f6yl\u00fcyor ve sonras\u0131nda radyoya uzun s\u00fcre ara verdi\u011fini ekliyor.<\/p>\n<figure class=\"wp-block-image size-large\"><img loading=\"lazy\" decoding=\"async\" class=\"wp-image-98183 td-animation-stack-type0-2 lazyloaded\" src=\"https:\/\/serbestiyet.com\/wp-content\/uploads\/2022\/07\/image-172.png\" sizes=\"auto, (max-width: 229px) 100vw, 229px\" srcset=\"https:\/\/serbestiyet.com\/wp-content\/uploads\/2022\/07\/image-172.png 229w, https:\/\/serbestiyet.com\/wp-content\/uploads\/2022\/07\/image-172-169x300.png 169w\" alt=\"\" width=\"229\" height=\"407\" data-ll-status=\"loaded\" \/><\/figure>\n<p><em>Qadir\u2019in gen\u00e7lik y\u0131llar\u0131 \u2013 Erivan.<\/em><\/p>\n<p><em>\u201cErivan Radyosu bir me\u015fale oldu, zaman\u0131n kapkaranl\u0131k t\u00fcnelinde K\u00fcrt halk\u0131 i\u00e7in bir \u0131\u015f\u0131k oldu\u201d<\/em>\u00a0diye anlat\u0131yor o d\u00f6nemi:<\/p>\n<p>\u201cRadyonun derya gibi zengin bir yap\u0131s\u0131 vard\u0131. E\u015fsiz hizmetler sunuyordu. K\u00fcrdistan kelimesinin her yerde yasakland\u0131\u011f\u0131 y\u0131llarda, radyoda K\u00fcrt\u00e7e programlar yap\u0131l\u0131yordu ve t\u00fcm d\u00fcnyadaki K\u00fcrtlerin evine misafir oluyordu.\u201d<\/p>\n<p><strong>\u2018Edebiyat\u0131n, m\u00fczi\u011fin, tiyatronun oldu\u011fu bir okul gibiydi\u2019<\/strong><\/p>\n<p>Qadir, radyoda m\u00fczi\u011fin yan\u0131 s\u0131ra tiyatro ve edebiyatla da ilgilendi\u011fini belirtiyor:<\/p>\n<p>\u201cSadece kilam de\u011fil tiyatro ve edebiyat gibi bir\u00e7ok alanda \u00e7al\u0131\u015ft\u0131m. Oras\u0131 herkesin bir\u00e7ok alanla ilgilendi\u011fi bir okul gibiydi zaten. Bana da bir aile oldu. Bazen Ferik\u00ea Usiv ve Mikail\u00ea Re\u015fid \u015fiirlerini okuduklar\u0131nda bana da okutup analizlerini yapmam\u0131 rica ediyorlard\u0131. \u00c7ocuktum, elbette o zamanlarda ne diyece\u011fimi bilmiyordum. Daha sonra \u015fiirlerini okuyup yorumlad\u0131\u011f\u0131mda \u00e7ok mutlu oluyorlard\u0131.\u201d<\/p>\n<p>Sovyetlerin da\u011f\u0131lmas\u0131n\u0131n ard\u0131ndan ortaya \u00e7\u0131kan Ermeni milliyet\u00e7ili\u011fi Qadir\u2019in hayat\u0131n\u0131 \u00e7ok zorla\u015ft\u0131rd\u0131, Avrupa\u2019ya g\u00f6\u00e7 etme karar\u0131 ald\u0131.<\/p>\n<p>\u201cRadyo ba\u015far\u0131l\u0131 i\u015flere imza att\u0131, ta ki Sovyetler Birli\u011fi da\u011f\u0131lana kadar. Ermeni milliyet\u00e7iler, bu s\u00fcre\u00e7te Ermenistan\u2019da ya\u015fayan az\u0131nl\u0131klara zor kullanmaya ba\u015flad\u0131. Bunlar\u0131n aras\u0131nda K\u00fcrtler de vard\u0131. Ermenistan\u2019\u0131 terk etmeme bu durum sebep oldu. Ermenistan benim de \u00fclkem elbette ancak Sovyetlerin da\u011f\u0131lmas\u0131ndan sonra her \u015fey bir anda de\u011fi\u015fti ve \u015fu an radyo da kapanmak \u00fczere. Yine Riya Teze isimli gazete vard\u0131 maalesef o da kapanmak \u00fczere. Sovyetler d\u00f6neminde kayna\u015fm\u0131\u015ft\u0131 halklar ve bir karde\u015flik s\u00f6z konusuydu. Etnik aidiyetler \u00f6nemli de\u011fildi. Az\u0131nl\u0131klar\u0131n k\u00fclt\u00fcrlerinin korunmas\u0131na da \u00f6zel \u00f6nem veriliyordu.\u201d<\/p>\n<p>Gen\u00e7 ya\u015fta evlendi\u011fi kocas\u0131 Can\u00eek\u00ea T\u00eam\u00fbr\u2019un 36 ya\u015f\u0131ndayken \u00f6lmesi ve iki \u00e7ocu\u011fuyla yaln\u0131z kalmas\u0131 da Qadir\u2019i Ermenistan\u2019dan ayr\u0131lmaya iten bir ba\u015fka sebepti. M\u00fczi\u011fe Avrupa\u2019da devam etti\u011fini ifade eden Qadir, bundan sonras\u0131na dair planlar\u0131n\u0131 da \u015f\u00f6yle anlat\u0131yor:<\/p>\n<p>\u201c\u015eu an hayat devam ediyor. M\u00fczi\u011fe de devam ediyorum. K\u00fcrt m\u00fczi\u011fi kaybolmayacak. Yeni nesil k\u00fclt\u00fcr\u00fcn\u00fc sahipleniyor. Bizim \u00fclkemiz eksik sadece, bu oldu\u011funda hi\u00e7bir \u015feyimiz kaybolmayacak. Dilimiz ve k\u00fclt\u00fcr\u00fcm\u00fcz bizi bu g\u00fcnlere ula\u015ft\u0131rd\u0131. Diliyle tan\u0131n\u0131r uluslar. Bizim de dilimiz g\u00fczel ve b\u00fcy\u00fckt\u00fcr. K\u00fcrtlerin bu y\u00f6nl\u00fc komplekslerden kurtulmas\u0131 laz\u0131m. K\u00fcrt\u00e7enin edebiyat, tarih veya bilim dili olmad\u0131\u011f\u0131 teorileri K\u00fcrt d\u00fc\u015fmanlar\u0131n\u0131n \u00f6ne s\u00fcrd\u00fc\u011f\u00fc \u015feyler. Dillerin kayna\u011f\u0131d\u0131r dilimiz.\u201d<\/p>\n<figure class=\"wp-block-image size-large\"><img loading=\"lazy\" decoding=\"async\" class=\"wp-image-98184 td-animation-stack-type0-2 lazyloaded\" src=\"https:\/\/serbestiyet.com\/wp-content\/uploads\/2022\/07\/image-173.png\" sizes=\"auto, (max-width: 574px) 100vw, 574px\" srcset=\"https:\/\/serbestiyet.com\/wp-content\/uploads\/2022\/07\/image-173.png 574w, https:\/\/serbestiyet.com\/wp-content\/uploads\/2022\/07\/image-173-298x300.png 298w, https:\/\/serbestiyet.com\/wp-content\/uploads\/2022\/07\/image-173-150x150.png 150w, https:\/\/serbestiyet.com\/wp-content\/uploads\/2022\/07\/image-173-417x420.png 417w\" alt=\"\" width=\"574\" height=\"578\" data-ll-status=\"loaded\" \/><\/figure>\n<p><em>Qadir iki \u00e7ocu\u011fuyla birlikte Almanya\u2019da ya\u015f\u0131yor. \u00a0<\/em><\/p>\n<p>K\u00fcrt m\u00fczi\u011finin ayakta kalmas\u0131nda dengb\u00eajli\u011fin ve radyoda verilen emeklerin \u00f6nemli bir rol oynad\u0131\u011f\u0131na inanan Qadir, \u015fu s\u00f6zlerle tamaml\u0131yor konu\u015fmas\u0131n\u0131:<\/p>\n<p>\u201cYeni jenerasyon, k\u00fclt\u00fcr\u00fcm\u00fcze ve sanat\u0131m\u0131za sad\u0131k kalmal\u0131. \u015eark\u0131lar di\u011fer uluslar\u0131n etkisine sokulmamal\u0131. Yorumland\u0131klar\u0131nda dilin kayna\u011f\u0131ndan uzakla\u015fmamalar\u0131 laz\u0131m. Bir \u015fark\u0131 dinlendi\u011finde, bu K\u00fcrt\u00e7edir denilebilsin. O ruh korunmal\u0131. Elbette t\u00fcm m\u00fczik tarzlar\u0131 olmal\u0131 ancak K\u00fcrt\u00e7e \u00f6z\u00fc olmal\u0131. \u00c7o\u011fu ulus K\u00fcrt\u00e7e \u015fark\u0131lar\u0131 al\u0131p yorumlarken bizim de sanki ihtiyac\u0131m\u0131z varm\u0131\u015f gibi onlar\u0131n \u00f6zelliklerini kopya etmemiz kabul edilemez.\u201d<\/p>\n<p><em><strong>https:\/\/serbestiyet.com\/haberler\/roportaj-erivan-radyosunun-yasayan-son-kadin-sesi-aslika-qadir-radyo-zamanin-karanlik-tunelinde-kurtler-icin-bir-isik-oldu-98181\/\u00a0<\/strong><\/em><\/p>\n<\/div>\n","protected":false},"excerpt":{"rendered":"<p>Ermenistan\u2019\u0131n ba\u015fkenti Erivan\u2019da (Yerevan-&#8216;Akunq&#8217; web sitesi) 1926 y\u0131l\u0131nda faaliyete ba\u015flayan Erivan Radyosu, 1960-80 aras\u0131ndaki yay\u0131nlar\u0131yla T\u00fcrkiye\u2019de K\u00fcrtlere ve K\u00fcrt\u00e7eye kar\u015f\u0131 artan bask\u0131 ve yasaklar\u0131 delebilen tek radyo kanal\u0131 olmu\u015f ve K\u00fcrt isimlere kap\u0131lar\u0131n\u0131 a\u00e7m\u0131\u015ft\u0131. Yirminci y\u00fczy\u0131l\u0131n uzun ink\u00e2r y\u0131llar\u0131nda T\u00fcrkiyeli K\u00fcrtler \u2018elinde, yan\u0131nda, i\u015fyerinde, hatta \u00f6k\u00fcz\u00fcn\u00fcn boyunduru\u011funda\u2019 bulundurdu\u011fu radyodan hep Erivan Radyosu K\u00fcrt\u00e7e servisini izlerdi. [&hellip;]<\/p>\n","protected":false},"author":7,"featured_media":69383,"comment_status":"open","ping_status":"open","sticky":false,"template":"","format":"standard","meta":{"footnotes":""},"categories":[1,53],"tags":[],"class_list":["post-69382","post","type-post","status-publish","format-standard","has-post-thumbnail","hentry","category-haberler","category-turkiyede-azinliklar"],"yoast_head":"<!-- This site is optimized with the Yoast SEO plugin v27.4 - https:\/\/yoast.com\/product\/yoast-seo-wordpress\/ -->\n<title>Erivan (Yerevan-&#039;Akunq&#039; web sitesi) Radyosu\u2019nun ya\u015fayan son kad\u0131n sesi Aslika Qadir: \u201cRadyo, zaman\u0131n karanl\u0131k t\u00fcnelinde K\u00fcrtler i\u00e7in bir \u0131\u015f\u0131k oldu\u201d - Bati Ermenistan Ve Bati Ermenileri Sorunlari Ara\u015ftirmalar Merkezi<\/title>\n<meta name=\"robots\" content=\"index, follow, max-snippet:-1, max-image-preview:large, max-video-preview:-1\" \/>\n<link rel=\"canonical\" href=\"https:\/\/akunq.net\/tr\/?p=69382\" \/>\n<meta property=\"og:locale\" content=\"en_US\" \/>\n<meta property=\"og:type\" content=\"article\" \/>\n<meta property=\"og:title\" content=\"Erivan (Yerevan-&#039;Akunq&#039; web sitesi) Radyosu\u2019nun ya\u015fayan son kad\u0131n sesi Aslika Qadir: \u201cRadyo, zaman\u0131n karanl\u0131k t\u00fcnelinde K\u00fcrtler i\u00e7in bir \u0131\u015f\u0131k oldu\u201d - Bati Ermenistan Ve Bati Ermenileri Sorunlari Ara\u015ftirmalar Merkezi\" \/>\n<meta property=\"og:description\" content=\"Ermenistan\u2019\u0131n ba\u015fkenti Erivan\u2019da (Yerevan-&#8216;Akunq&#8217; web sitesi) 1926 y\u0131l\u0131nda faaliyete ba\u015flayan Erivan Radyosu, 1960-80 aras\u0131ndaki yay\u0131nlar\u0131yla T\u00fcrkiye\u2019de K\u00fcrtlere ve K\u00fcrt\u00e7eye kar\u015f\u0131 artan bask\u0131 ve yasaklar\u0131 delebilen tek radyo kanal\u0131 olmu\u015f ve K\u00fcrt isimlere kap\u0131lar\u0131n\u0131 a\u00e7m\u0131\u015ft\u0131. Yirminci y\u00fczy\u0131l\u0131n uzun ink\u00e2r y\u0131llar\u0131nda T\u00fcrkiyeli K\u00fcrtler \u2018elinde, yan\u0131nda, i\u015fyerinde, hatta \u00f6k\u00fcz\u00fcn\u00fcn boyunduru\u011funda\u2019 bulundurdu\u011fu radyodan hep Erivan Radyosu K\u00fcrt\u00e7e servisini izlerdi. [&hellip;]\" \/>\n<meta property=\"og:url\" content=\"https:\/\/akunq.net\/tr\/?p=69382\" \/>\n<meta property=\"og:site_name\" content=\"Bati Ermenistan Ve Bati Ermenileri Sorunlari Ara\u015ftirmalar Merkezi\" \/>\n<meta property=\"article:published_time\" content=\"2022-07-22T07:50:00+00:00\" \/>\n<meta property=\"og:image\" content=\"https:\/\/akunq.net\/tr\/wp-content\/uploads\/sites\/6\/2022\/07\/Aslika-Qadir.png\" \/>\n\t<meta property=\"og:image:width\" content=\"600\" \/>\n\t<meta property=\"og:image:height\" content=\"401\" \/>\n\t<meta property=\"og:image:type\" content=\"image\/png\" \/>\n<meta name=\"author\" content=\"admin\" \/>\n<meta name=\"twitter:card\" content=\"summary_large_image\" \/>\n<meta name=\"twitter:label1\" content=\"Written by\" \/>\n\t<meta name=\"twitter:data1\" content=\"admin\" \/>\n\t<meta name=\"twitter:label2\" content=\"Est. reading time\" \/>\n\t<meta name=\"twitter:data2\" content=\"10 minutes\" \/>\n<script type=\"application\/ld+json\" class=\"yoast-schema-graph\">{\"@context\":\"https:\\\/\\\/schema.org\",\"@graph\":[{\"@type\":\"Article\",\"@id\":\"https:\\\/\\\/akunq.net\\\/tr\\\/?p=69382#article\",\"isPartOf\":{\"@id\":\"https:\\\/\\\/akunq.net\\\/tr\\\/?p=69382\"},\"author\":{\"name\":\"admin\",\"@id\":\"https:\\\/\\\/akunq.net\\\/tr\\\/#\\\/schema\\\/person\\\/096f1d38a12cce57fb855b485ed24c9e\"},\"headline\":\"Erivan (Yerevan-&#8216;Akunq&#8217; web sitesi) Radyosu\u2019nun ya\u015fayan son kad\u0131n sesi Aslika Qadir: \u201cRadyo, zaman\u0131n karanl\u0131k t\u00fcnelinde K\u00fcrtler i\u00e7in bir \u0131\u015f\u0131k oldu\u201d\",\"datePublished\":\"2022-07-22T07:50:00+00:00\",\"mainEntityOfPage\":{\"@id\":\"https:\\\/\\\/akunq.net\\\/tr\\\/?p=69382\"},\"wordCount\":1946,\"commentCount\":0,\"image\":{\"@id\":\"https:\\\/\\\/akunq.net\\\/tr\\\/?p=69382#primaryimage\"},\"thumbnailUrl\":\"https:\\\/\\\/akunq.net\\\/tr\\\/wp-content\\\/uploads\\\/sites\\\/6\\\/2022\\\/07\\\/Aslika-Qadir.png\",\"articleSection\":[\"Haberler\",\"T\u00fcrkiye\u2019de Az\u0131nl\u0131klar\"],\"inLanguage\":\"en-US\",\"potentialAction\":[{\"@type\":\"CommentAction\",\"name\":\"Comment\",\"target\":[\"https:\\\/\\\/akunq.net\\\/tr\\\/?p=69382#respond\"]}]},{\"@type\":\"WebPage\",\"@id\":\"https:\\\/\\\/akunq.net\\\/tr\\\/?p=69382\",\"url\":\"https:\\\/\\\/akunq.net\\\/tr\\\/?p=69382\",\"name\":\"Erivan (Yerevan-'Akunq' web sitesi) Radyosu\u2019nun ya\u015fayan son kad\u0131n sesi Aslika Qadir: \u201cRadyo, zaman\u0131n karanl\u0131k t\u00fcnelinde K\u00fcrtler i\u00e7in bir \u0131\u015f\u0131k oldu\u201d - Bati Ermenistan Ve Bati Ermenileri Sorunlari Ara\u015ftirmalar Merkezi\",\"isPartOf\":{\"@id\":\"https:\\\/\\\/akunq.net\\\/tr\\\/#website\"},\"primaryImageOfPage\":{\"@id\":\"https:\\\/\\\/akunq.net\\\/tr\\\/?p=69382#primaryimage\"},\"image\":{\"@id\":\"https:\\\/\\\/akunq.net\\\/tr\\\/?p=69382#primaryimage\"},\"thumbnailUrl\":\"https:\\\/\\\/akunq.net\\\/tr\\\/wp-content\\\/uploads\\\/sites\\\/6\\\/2022\\\/07\\\/Aslika-Qadir.png\",\"datePublished\":\"2022-07-22T07:50:00+00:00\",\"author\":{\"@id\":\"https:\\\/\\\/akunq.net\\\/tr\\\/#\\\/schema\\\/person\\\/096f1d38a12cce57fb855b485ed24c9e\"},\"breadcrumb\":{\"@id\":\"https:\\\/\\\/akunq.net\\\/tr\\\/?p=69382#breadcrumb\"},\"inLanguage\":\"en-US\",\"potentialAction\":[{\"@type\":\"ReadAction\",\"target\":[\"https:\\\/\\\/akunq.net\\\/tr\\\/?p=69382\"]}]},{\"@type\":\"ImageObject\",\"inLanguage\":\"en-US\",\"@id\":\"https:\\\/\\\/akunq.net\\\/tr\\\/?p=69382#primaryimage\",\"url\":\"https:\\\/\\\/akunq.net\\\/tr\\\/wp-content\\\/uploads\\\/sites\\\/6\\\/2022\\\/07\\\/Aslika-Qadir.png\",\"contentUrl\":\"https:\\\/\\\/akunq.net\\\/tr\\\/wp-content\\\/uploads\\\/sites\\\/6\\\/2022\\\/07\\\/Aslika-Qadir.png\",\"width\":600,\"height\":401},{\"@type\":\"BreadcrumbList\",\"@id\":\"https:\\\/\\\/akunq.net\\\/tr\\\/?p=69382#breadcrumb\",\"itemListElement\":[{\"@type\":\"ListItem\",\"position\":1,\"name\":\"Home\",\"item\":\"https:\\\/\\\/akunq.net\\\/tr\"},{\"@type\":\"ListItem\",\"position\":2,\"name\":\"Erivan (Yerevan-&#8216;Akunq&#8217; web sitesi) Radyosu\u2019nun ya\u015fayan son kad\u0131n sesi Aslika Qadir: \u201cRadyo, zaman\u0131n karanl\u0131k t\u00fcnelinde K\u00fcrtler i\u00e7in bir \u0131\u015f\u0131k oldu\u201d\"}]},{\"@type\":\"WebSite\",\"@id\":\"https:\\\/\\\/akunq.net\\\/tr\\\/#website\",\"url\":\"https:\\\/\\\/akunq.net\\\/tr\\\/\",\"name\":\"Bati Ermenistan Ve Bati Ermenileri Sorunlari Ara\u015ftirmalar Merkezi\",\"description\":\"\",\"potentialAction\":[{\"@type\":\"SearchAction\",\"target\":{\"@type\":\"EntryPoint\",\"urlTemplate\":\"https:\\\/\\\/akunq.net\\\/tr\\\/?s={search_term_string}\"},\"query-input\":{\"@type\":\"PropertyValueSpecification\",\"valueRequired\":true,\"valueName\":\"search_term_string\"}}],\"inLanguage\":\"en-US\"},{\"@type\":\"Person\",\"@id\":\"https:\\\/\\\/akunq.net\\\/tr\\\/#\\\/schema\\\/person\\\/096f1d38a12cce57fb855b485ed24c9e\",\"name\":\"admin\",\"url\":\"https:\\\/\\\/akunq.net\\\/tr\\\/?author=7\"}]}<\/script>\n<!-- \/ Yoast SEO plugin. -->","yoast_head_json":{"title":"Erivan (Yerevan-'Akunq' web sitesi) Radyosu\u2019nun ya\u015fayan son kad\u0131n sesi Aslika Qadir: \u201cRadyo, zaman\u0131n karanl\u0131k t\u00fcnelinde K\u00fcrtler i\u00e7in bir \u0131\u015f\u0131k oldu\u201d - Bati Ermenistan Ve Bati Ermenileri Sorunlari Ara\u015ftirmalar Merkezi","robots":{"index":"index","follow":"follow","max-snippet":"max-snippet:-1","max-image-preview":"max-image-preview:large","max-video-preview":"max-video-preview:-1"},"canonical":"https:\/\/akunq.net\/tr\/?p=69382","og_locale":"en_US","og_type":"article","og_title":"Erivan (Yerevan-'Akunq' web sitesi) Radyosu\u2019nun ya\u015fayan son kad\u0131n sesi Aslika Qadir: \u201cRadyo, zaman\u0131n karanl\u0131k t\u00fcnelinde K\u00fcrtler i\u00e7in bir \u0131\u015f\u0131k oldu\u201d - Bati Ermenistan Ve Bati Ermenileri Sorunlari Ara\u015ftirmalar Merkezi","og_description":"Ermenistan\u2019\u0131n ba\u015fkenti Erivan\u2019da (Yerevan-&#8216;Akunq&#8217; web sitesi) 1926 y\u0131l\u0131nda faaliyete ba\u015flayan Erivan Radyosu, 1960-80 aras\u0131ndaki yay\u0131nlar\u0131yla T\u00fcrkiye\u2019de K\u00fcrtlere ve K\u00fcrt\u00e7eye kar\u015f\u0131 artan bask\u0131 ve yasaklar\u0131 delebilen tek radyo kanal\u0131 olmu\u015f ve K\u00fcrt isimlere kap\u0131lar\u0131n\u0131 a\u00e7m\u0131\u015ft\u0131. Yirminci y\u00fczy\u0131l\u0131n uzun ink\u00e2r y\u0131llar\u0131nda T\u00fcrkiyeli K\u00fcrtler \u2018elinde, yan\u0131nda, i\u015fyerinde, hatta \u00f6k\u00fcz\u00fcn\u00fcn boyunduru\u011funda\u2019 bulundurdu\u011fu radyodan hep Erivan Radyosu K\u00fcrt\u00e7e servisini izlerdi. [&hellip;]","og_url":"https:\/\/akunq.net\/tr\/?p=69382","og_site_name":"Bati Ermenistan Ve Bati Ermenileri Sorunlari Ara\u015ftirmalar Merkezi","article_published_time":"2022-07-22T07:50:00+00:00","og_image":[{"width":600,"height":401,"url":"https:\/\/akunq.net\/tr\/wp-content\/uploads\/sites\/6\/2022\/07\/Aslika-Qadir.png","type":"image\/png"}],"author":"admin","twitter_card":"summary_large_image","twitter_misc":{"Written by":"admin","Est. reading time":"10 minutes"},"schema":{"@context":"https:\/\/schema.org","@graph":[{"@type":"Article","@id":"https:\/\/akunq.net\/tr\/?p=69382#article","isPartOf":{"@id":"https:\/\/akunq.net\/tr\/?p=69382"},"author":{"name":"admin","@id":"https:\/\/akunq.net\/tr\/#\/schema\/person\/096f1d38a12cce57fb855b485ed24c9e"},"headline":"Erivan (Yerevan-&#8216;Akunq&#8217; web sitesi) Radyosu\u2019nun ya\u015fayan son kad\u0131n sesi Aslika Qadir: \u201cRadyo, zaman\u0131n karanl\u0131k t\u00fcnelinde K\u00fcrtler i\u00e7in bir \u0131\u015f\u0131k oldu\u201d","datePublished":"2022-07-22T07:50:00+00:00","mainEntityOfPage":{"@id":"https:\/\/akunq.net\/tr\/?p=69382"},"wordCount":1946,"commentCount":0,"image":{"@id":"https:\/\/akunq.net\/tr\/?p=69382#primaryimage"},"thumbnailUrl":"https:\/\/akunq.net\/tr\/wp-content\/uploads\/sites\/6\/2022\/07\/Aslika-Qadir.png","articleSection":["Haberler","T\u00fcrkiye\u2019de Az\u0131nl\u0131klar"],"inLanguage":"en-US","potentialAction":[{"@type":"CommentAction","name":"Comment","target":["https:\/\/akunq.net\/tr\/?p=69382#respond"]}]},{"@type":"WebPage","@id":"https:\/\/akunq.net\/tr\/?p=69382","url":"https:\/\/akunq.net\/tr\/?p=69382","name":"Erivan (Yerevan-'Akunq' web sitesi) Radyosu\u2019nun ya\u015fayan son kad\u0131n sesi Aslika Qadir: \u201cRadyo, zaman\u0131n karanl\u0131k t\u00fcnelinde K\u00fcrtler i\u00e7in bir \u0131\u015f\u0131k oldu\u201d - Bati Ermenistan Ve Bati Ermenileri Sorunlari Ara\u015ftirmalar Merkezi","isPartOf":{"@id":"https:\/\/akunq.net\/tr\/#website"},"primaryImageOfPage":{"@id":"https:\/\/akunq.net\/tr\/?p=69382#primaryimage"},"image":{"@id":"https:\/\/akunq.net\/tr\/?p=69382#primaryimage"},"thumbnailUrl":"https:\/\/akunq.net\/tr\/wp-content\/uploads\/sites\/6\/2022\/07\/Aslika-Qadir.png","datePublished":"2022-07-22T07:50:00+00:00","author":{"@id":"https:\/\/akunq.net\/tr\/#\/schema\/person\/096f1d38a12cce57fb855b485ed24c9e"},"breadcrumb":{"@id":"https:\/\/akunq.net\/tr\/?p=69382#breadcrumb"},"inLanguage":"en-US","potentialAction":[{"@type":"ReadAction","target":["https:\/\/akunq.net\/tr\/?p=69382"]}]},{"@type":"ImageObject","inLanguage":"en-US","@id":"https:\/\/akunq.net\/tr\/?p=69382#primaryimage","url":"https:\/\/akunq.net\/tr\/wp-content\/uploads\/sites\/6\/2022\/07\/Aslika-Qadir.png","contentUrl":"https:\/\/akunq.net\/tr\/wp-content\/uploads\/sites\/6\/2022\/07\/Aslika-Qadir.png","width":600,"height":401},{"@type":"BreadcrumbList","@id":"https:\/\/akunq.net\/tr\/?p=69382#breadcrumb","itemListElement":[{"@type":"ListItem","position":1,"name":"Home","item":"https:\/\/akunq.net\/tr"},{"@type":"ListItem","position":2,"name":"Erivan (Yerevan-&#8216;Akunq&#8217; web sitesi) Radyosu\u2019nun ya\u015fayan son kad\u0131n sesi Aslika Qadir: \u201cRadyo, zaman\u0131n karanl\u0131k t\u00fcnelinde K\u00fcrtler i\u00e7in bir \u0131\u015f\u0131k oldu\u201d"}]},{"@type":"WebSite","@id":"https:\/\/akunq.net\/tr\/#website","url":"https:\/\/akunq.net\/tr\/","name":"Bati Ermenistan Ve Bati Ermenileri Sorunlari Ara\u015ftirmalar Merkezi","description":"","potentialAction":[{"@type":"SearchAction","target":{"@type":"EntryPoint","urlTemplate":"https:\/\/akunq.net\/tr\/?s={search_term_string}"},"query-input":{"@type":"PropertyValueSpecification","valueRequired":true,"valueName":"search_term_string"}}],"inLanguage":"en-US"},{"@type":"Person","@id":"https:\/\/akunq.net\/tr\/#\/schema\/person\/096f1d38a12cce57fb855b485ed24c9e","name":"admin","url":"https:\/\/akunq.net\/tr\/?author=7"}]}},"_links":{"self":[{"href":"https:\/\/akunq.net\/tr\/index.php?rest_route=\/wp\/v2\/posts\/69382","targetHints":{"allow":["GET"]}}],"collection":[{"href":"https:\/\/akunq.net\/tr\/index.php?rest_route=\/wp\/v2\/posts"}],"about":[{"href":"https:\/\/akunq.net\/tr\/index.php?rest_route=\/wp\/v2\/types\/post"}],"author":[{"embeddable":true,"href":"https:\/\/akunq.net\/tr\/index.php?rest_route=\/wp\/v2\/users\/7"}],"replies":[{"embeddable":true,"href":"https:\/\/akunq.net\/tr\/index.php?rest_route=%2Fwp%2Fv2%2Fcomments&post=69382"}],"version-history":[{"count":1,"href":"https:\/\/akunq.net\/tr\/index.php?rest_route=\/wp\/v2\/posts\/69382\/revisions"}],"predecessor-version":[{"id":69384,"href":"https:\/\/akunq.net\/tr\/index.php?rest_route=\/wp\/v2\/posts\/69382\/revisions\/69384"}],"wp:featuredmedia":[{"embeddable":true,"href":"https:\/\/akunq.net\/tr\/index.php?rest_route=\/wp\/v2\/media\/69383"}],"wp:attachment":[{"href":"https:\/\/akunq.net\/tr\/index.php?rest_route=%2Fwp%2Fv2%2Fmedia&parent=69382"}],"wp:term":[{"taxonomy":"category","embeddable":true,"href":"https:\/\/akunq.net\/tr\/index.php?rest_route=%2Fwp%2Fv2%2Fcategories&post=69382"},{"taxonomy":"post_tag","embeddable":true,"href":"https:\/\/akunq.net\/tr\/index.php?rest_route=%2Fwp%2Fv2%2Ftags&post=69382"}],"curies":[{"name":"wp","href":"https:\/\/api.w.org\/{rel}","templated":true}]}}