{"id":69380,"date":"2022-07-22T02:43:57","date_gmt":"2022-07-22T07:43:57","guid":{"rendered":"https:\/\/akunq.net\/tr\/?p=69380"},"modified":"2022-07-22T02:43:57","modified_gmt":"2022-07-22T07:43:57","slug":"besin-azligi-ve-asiri-sicaklar-nedeniyle-van-golu-havzasinda-marti-olumleri-artti","status":"publish","type":"post","link":"https:\/\/akunq.net\/tr\/?p=69380","title":{"rendered":"Besin azl\u0131\u011f\u0131 ve a\u015f\u0131r\u0131 s\u0131caklar nedeniyle Van G\u00f6l\u00fc havzas\u0131nda mart\u0131 \u00f6l\u00fcmleri artt\u0131"},"content":{"rendered":"<p><img loading=\"lazy\" decoding=\"async\" class=\"aligncenter size-medium wp-image-69377\" src=\"https:\/\/akunq.net\/tr\/wp-content\/uploads\/2022\/07\/marti-olumleri-360x203.jpg\" alt=\"\" width=\"360\" height=\"203\" srcset=\"https:\/\/akunq.net\/tr\/wp-content\/uploads\/sites\/6\/2022\/07\/marti-olumleri-360x203.jpg 360w, https:\/\/akunq.net\/tr\/wp-content\/uploads\/sites\/6\/2022\/07\/marti-olumleri-768x432.jpg 768w, https:\/\/akunq.net\/tr\/wp-content\/uploads\/sites\/6\/2022\/07\/marti-olumleri-560x315.jpg 560w, https:\/\/akunq.net\/tr\/wp-content\/uploads\/sites\/6\/2022\/07\/marti-olumleri-260x146.jpg 260w, https:\/\/akunq.net\/tr\/wp-content\/uploads\/sites\/6\/2022\/07\/marti-olumleri-160x90.jpg 160w, https:\/\/akunq.net\/tr\/wp-content\/uploads\/sites\/6\/2022\/07\/marti-olumleri.jpg 864w\" sizes=\"auto, (max-width: 360px) 100vw, 360px\" \/><\/p>\n<p><em><strong>Van\u2019da g\u00f6ldeki adalar ile k\u0131y\u0131larda, bal\u0131k g\u00f6\u00e7\u00fcn\u00fcn bitmesiyle ortaya \u00e7\u0131kan besin azl\u0131\u011f\u0131 ve a\u015f\u0131r\u0131 s\u0131caklar nedeniyle mart\u0131 \u00f6l\u00fcmlerinde art\u0131\u015f ya\u015fand\u0131\u011f\u0131 belirlendi.<\/strong><\/em><\/p>\n<p><strong>Mesut Varol<\/strong><\/p>\n<p>Bir\u00e7ok ku\u015f t\u00fcr\u00fcne ev sahipli\u011fi yapan Van G\u00f6l\u00fc havzas\u0131nda, Ad\u0131r, \u00c7arpanak, Akdamar ve Kuzu adalar\u0131n\u0131 ya\u015fam alan\u0131 olarak belirleyen mart\u0131lar\u0131n bir k\u0131sm\u0131 telef oldu.<\/p>\n<p>S\u00f6z konusu b\u00f6lgelerde ara\u015ft\u0131rma yapan ve ku\u015flardan numuneler alarak laboratuvara g\u00f6nderen Do\u011fa Koruma ve Milli Parklar 14. B\u00f6lge M\u00fcd\u00fcrl\u00fc\u011f\u00fc g\u00f6revlileri, Van G\u00f6l\u00fc k\u0131y\u0131lar\u0131ndaki incelemelerini s\u00fcrd\u00fcr\u00fcyor.<\/p>\n<p>Mart\u0131lar\u0131n, 15 Nisan-15 Temmuz d\u00f6nemlerindeki inci kefali g\u00f6\u00e7\u00fcn\u00fcn sona ermesi nedeniyle ortaya \u00e7\u0131kan besin azl\u0131\u011f\u0131 ve a\u015f\u0131r\u0131 s\u0131caklar\u0131n etkisiyle \u00f6ld\u00fckleri de\u011ferlendiriliyor.Do\u011fa Koruma ve Milli Parklar 14. B\u00f6lge M\u00fcd\u00fcr\u00fc Mustafa \u015eent\u00fcrk, AA muhabirine, Van G\u00f6l\u00fc havzas\u0131n\u0131n ku\u015f t\u00fcr\u00fc bak\u0131m\u0131ndan zengin oldu\u011funu s\u00f6yledi.<\/p>\n<p>T\u00fcrkiye\u2019deki 475 ku\u015f t\u00fcr\u00fcnden 232\u2019sinin havzada ya\u015fad\u0131\u011f\u0131n\u0131 belirten \u015eent\u00fcrk, \u201cBu t\u00fcrlerinden biri Van Mart\u0131s\u0131. Van G\u00f6l\u00fc etraf\u0131ndan bulunan sulak alanlarda ya\u015fam\u0131n\u0131 s\u00fcrd\u00fcr\u00fcyor. \u00dcremek i\u00e7in insan ya\u015fam\u0131n\u0131n az oldu\u011fu sessiz yerleri tercih ediyor. Ad\u0131r, \u00c7arpanak adalar\u0131 en \u00f6nemli \u00fcreme alanlar\u0131d\u0131r.\u201d dedi.<\/p>\n<p><strong>\u201cVir\u00fcse ba\u011fl\u0131 olmayaca\u011f\u0131n\u0131 d\u00fc\u015f\u00fcn\u00fcyoruz\u201d<\/strong><br \/>\nHer y\u0131l yaz aylar\u0131nda toplu mart\u0131 \u00f6l\u00fcmleriyle kar\u015f\u0131la\u015f\u0131ld\u0131\u011f\u0131n\u0131 hat\u0131rlatan \u015eent\u00fcrk, \u015funlar\u0131 kaydetti:<\/p>\n<p>\u201cMart\u0131lar, inci kefalinin g\u00f6\u00e7 etti\u011fi d\u00f6nemde bal\u0131kla besleniyor ve yo\u011fun bir \u015fekilde protein al\u0131yor. Bal\u0131k g\u00f6\u00e7\u00fcn\u00fcn bitimiyle besin a\u00e7\u0131s\u0131ndan ciddi anlamda s\u0131k\u0131nt\u0131 ya\u015fayan mart\u0131lar strese giriyorlar. Son y\u0131llarda kurakl\u0131k, a\u015f\u0131r\u0131 s\u0131caklar ve \u00e7evresel fakt\u00f6rlerin de etkisiyle sa\u011fl\u0131kl\u0131 olmayan, zay\u0131f d\u00fc\u015fen mart\u0131larda toplu \u00f6l\u00fcmler g\u00f6r\u00fcl\u00fcyor. Her y\u0131l bu mevsimlerde kar\u015f\u0131la\u015ft\u0131\u011f\u0131m\u0131z bir olay. Yak\u0131ndan takip ediyoruz. Arkada\u015flar\u0131m\u0131z s\u00fcrekli sahada. Bundan \u00f6nceki y\u0131llarda yapt\u0131\u011f\u0131m\u0131z \u00e7al\u0131\u015fmalarda mart\u0131 \u00f6l\u00fcmlerinde mikrobik ve vir\u00fcse ba\u011fl\u0131 bir \u00f6l\u00fcmle kar\u015f\u0131la\u015fmad\u0131k. Arkada\u015flar\u0131m\u0131z numuneleri ald\u0131, laboratuvara g\u00f6nderdik. Gelecek sonu\u00e7larda, \u00f6l\u00fcmlerin vir\u00fcse ba\u011fl\u0131 olmayaca\u011f\u0131n\u0131 d\u00fc\u015f\u00fcn\u00fcyoruz. Panik gerektirecek bir durum yok.\u201d<\/p>\n<p><strong>\u201cYeterli besin bulamayan yavrular \u00f6lebiliyor\u201d<\/strong><br \/>\nY\u00fcz\u00fcnc\u00fc Y\u0131l \u00dcniversitesi (YY\u00dc) Fen Fak\u00fcltesi Zooloji Ana Bilim Dal\u0131 \u00d6\u011fretim \u00dcyesi Prof. Dr. Atilla Durmu\u015f ise Van G\u00f6l\u00fc havzas\u0131nda mart\u0131 pop\u00fclasyonunun y\u00fcksek oldu\u011funu aktard\u0131.<\/p>\n<p>Yaz aylar\u0131nda \u00f6zellikle yavru mart\u0131lar\u0131n \u00f6ld\u00fc\u011f\u00fcn\u00fc belirten Durmu\u015f, \u201cHavzada yapt\u0131\u011f\u0131m\u0131z \u00e7al\u0131\u015fmalarda 50 bine yak\u0131n bir pop\u00fclasyon yo\u011funlu\u011funu tespit ettik. Adalarda \u00fcremelerini ger\u00e7ekle\u015ftiriyorlar. \u0130kinci \u00fcreme d\u00f6neminde yeteri besin bulamayan yavrular \u00f6lebiliyor. \u0130nsanlar ve hayvan a\u00e7\u0131s\u0131ndan tehlike yaratacak bir salg\u0131n de\u011fil. Do\u011fal bir fakt\u00f6r. A\u015f\u0131r\u0131 s\u0131cakl\u0131ktan da etkileniyor. \u00d6nceki y\u0131llarda kitlesel \u00f6l\u00fcmlerde insanlar\u0131 etkileyecek bir durum g\u00f6remedik, bu sene de b\u00f6yle bir olumsuzluk beklemiyoruz. Yo\u011fun pop\u00fclasyonlar i\u00e7erisindeki bu \u00f6l\u00fcmler ekolojik olarak normal kar\u015f\u0131lanmal\u0131.\u201d diye konu\u015ftu.<\/p>\n<hr \/>\n<p><em><strong><a href=\"https:\/\/www.aa.com.tr\/tr\/yasam\/besin-azligi-ve-asiri-sicaklar-nedeniyle-van-golu-havzasinda-marti-olumleri-artti\/2642241\" target=\"_blank\" rel=\"noopener\">AA<\/a>\u00a0<\/strong><\/em><\/p>\n","protected":false},"excerpt":{"rendered":"<p>Van\u2019da g\u00f6ldeki adalar ile k\u0131y\u0131larda, bal\u0131k g\u00f6\u00e7\u00fcn\u00fcn bitmesiyle ortaya \u00e7\u0131kan besin azl\u0131\u011f\u0131 ve a\u015f\u0131r\u0131 s\u0131caklar nedeniyle mart\u0131 \u00f6l\u00fcmlerinde art\u0131\u015f ya\u015fand\u0131\u011f\u0131 belirlendi. Mesut Varol Bir\u00e7ok ku\u015f t\u00fcr\u00fcne ev sahipli\u011fi yapan Van G\u00f6l\u00fc havzas\u0131nda, Ad\u0131r, \u00c7arpanak, Akdamar ve Kuzu adalar\u0131n\u0131 ya\u015fam alan\u0131 olarak belirleyen mart\u0131lar\u0131n bir k\u0131sm\u0131 telef oldu. S\u00f6z konusu b\u00f6lgelerde ara\u015ft\u0131rma yapan ve ku\u015flardan numuneler [&hellip;]<\/p>\n","protected":false},"author":7,"featured_media":69377,"comment_status":"open","ping_status":"open","sticky":false,"template":"","format":"standard","meta":{"footnotes":""},"categories":[22,1],"tags":[],"class_list":["post-69380","post","type-post","status-publish","format-standard","has-post-thumbnail","hentry","category-gunumuzde-bati-ermenistan","category-haberler"],"yoast_head":"<!-- This site is optimized with the Yoast SEO plugin v27.4 - https:\/\/yoast.com\/product\/yoast-seo-wordpress\/ -->\n<title>Besin azl\u0131\u011f\u0131 ve a\u015f\u0131r\u0131 s\u0131caklar nedeniyle Van G\u00f6l\u00fc havzas\u0131nda mart\u0131 \u00f6l\u00fcmleri artt\u0131 - Bati Ermenistan Ve Bati Ermenileri Sorunlari Ara\u015ftirmalar Merkezi<\/title>\n<meta name=\"robots\" content=\"index, follow, max-snippet:-1, max-image-preview:large, max-video-preview:-1\" \/>\n<link rel=\"canonical\" href=\"https:\/\/akunq.net\/tr\/?p=69380\" \/>\n<meta property=\"og:locale\" content=\"en_US\" \/>\n<meta property=\"og:type\" content=\"article\" \/>\n<meta property=\"og:title\" content=\"Besin azl\u0131\u011f\u0131 ve a\u015f\u0131r\u0131 s\u0131caklar nedeniyle Van G\u00f6l\u00fc havzas\u0131nda mart\u0131 \u00f6l\u00fcmleri artt\u0131 - Bati Ermenistan Ve Bati Ermenileri Sorunlari Ara\u015ftirmalar Merkezi\" \/>\n<meta property=\"og:description\" content=\"Van\u2019da g\u00f6ldeki adalar ile k\u0131y\u0131larda, bal\u0131k g\u00f6\u00e7\u00fcn\u00fcn bitmesiyle ortaya \u00e7\u0131kan besin azl\u0131\u011f\u0131 ve a\u015f\u0131r\u0131 s\u0131caklar nedeniyle mart\u0131 \u00f6l\u00fcmlerinde art\u0131\u015f ya\u015fand\u0131\u011f\u0131 belirlendi. Mesut Varol Bir\u00e7ok ku\u015f t\u00fcr\u00fcne ev sahipli\u011fi yapan Van G\u00f6l\u00fc havzas\u0131nda, Ad\u0131r, \u00c7arpanak, Akdamar ve Kuzu adalar\u0131n\u0131 ya\u015fam alan\u0131 olarak belirleyen mart\u0131lar\u0131n bir k\u0131sm\u0131 telef oldu. S\u00f6z konusu b\u00f6lgelerde ara\u015ft\u0131rma yapan ve ku\u015flardan numuneler [&hellip;]\" \/>\n<meta property=\"og:url\" content=\"https:\/\/akunq.net\/tr\/?p=69380\" \/>\n<meta property=\"og:site_name\" content=\"Bati Ermenistan Ve Bati Ermenileri Sorunlari Ara\u015ftirmalar Merkezi\" \/>\n<meta property=\"article:published_time\" content=\"2022-07-22T07:43:57+00:00\" \/>\n<meta property=\"og:image\" content=\"https:\/\/akunq.net\/tr\/wp-content\/uploads\/sites\/6\/2022\/07\/marti-olumleri.jpg\" \/>\n\t<meta property=\"og:image:width\" content=\"864\" \/>\n\t<meta property=\"og:image:height\" content=\"486\" \/>\n\t<meta property=\"og:image:type\" content=\"image\/jpeg\" \/>\n<meta name=\"author\" content=\"admin\" \/>\n<meta name=\"twitter:card\" content=\"summary_large_image\" \/>\n<meta name=\"twitter:label1\" content=\"Written by\" \/>\n\t<meta name=\"twitter:data1\" content=\"admin\" \/>\n\t<meta name=\"twitter:label2\" content=\"Est. reading time\" \/>\n\t<meta name=\"twitter:data2\" content=\"3 minutes\" \/>\n<script type=\"application\/ld+json\" class=\"yoast-schema-graph\">{\"@context\":\"https:\\\/\\\/schema.org\",\"@graph\":[{\"@type\":\"Article\",\"@id\":\"https:\\\/\\\/akunq.net\\\/tr\\\/?p=69380#article\",\"isPartOf\":{\"@id\":\"https:\\\/\\\/akunq.net\\\/tr\\\/?p=69380\"},\"author\":{\"name\":\"admin\",\"@id\":\"https:\\\/\\\/akunq.net\\\/tr\\\/#\\\/schema\\\/person\\\/096f1d38a12cce57fb855b485ed24c9e\"},\"headline\":\"Besin azl\u0131\u011f\u0131 ve a\u015f\u0131r\u0131 s\u0131caklar nedeniyle Van G\u00f6l\u00fc havzas\u0131nda mart\u0131 \u00f6l\u00fcmleri artt\u0131\",\"datePublished\":\"2022-07-22T07:43:57+00:00\",\"mainEntityOfPage\":{\"@id\":\"https:\\\/\\\/akunq.net\\\/tr\\\/?p=69380\"},\"wordCount\":578,\"commentCount\":0,\"image\":{\"@id\":\"https:\\\/\\\/akunq.net\\\/tr\\\/?p=69380#primaryimage\"},\"thumbnailUrl\":\"https:\\\/\\\/akunq.net\\\/tr\\\/wp-content\\\/uploads\\\/sites\\\/6\\\/2022\\\/07\\\/marti-olumleri.jpg\",\"articleSection\":[\"G\u00fcn\u00fcm\u00fczde Bat\u0131 Ermenistan\",\"Haberler\"],\"inLanguage\":\"en-US\",\"potentialAction\":[{\"@type\":\"CommentAction\",\"name\":\"Comment\",\"target\":[\"https:\\\/\\\/akunq.net\\\/tr\\\/?p=69380#respond\"]}]},{\"@type\":\"WebPage\",\"@id\":\"https:\\\/\\\/akunq.net\\\/tr\\\/?p=69380\",\"url\":\"https:\\\/\\\/akunq.net\\\/tr\\\/?p=69380\",\"name\":\"Besin azl\u0131\u011f\u0131 ve a\u015f\u0131r\u0131 s\u0131caklar nedeniyle Van G\u00f6l\u00fc havzas\u0131nda mart\u0131 \u00f6l\u00fcmleri artt\u0131 - Bati Ermenistan Ve Bati Ermenileri Sorunlari Ara\u015ftirmalar Merkezi\",\"isPartOf\":{\"@id\":\"https:\\\/\\\/akunq.net\\\/tr\\\/#website\"},\"primaryImageOfPage\":{\"@id\":\"https:\\\/\\\/akunq.net\\\/tr\\\/?p=69380#primaryimage\"},\"image\":{\"@id\":\"https:\\\/\\\/akunq.net\\\/tr\\\/?p=69380#primaryimage\"},\"thumbnailUrl\":\"https:\\\/\\\/akunq.net\\\/tr\\\/wp-content\\\/uploads\\\/sites\\\/6\\\/2022\\\/07\\\/marti-olumleri.jpg\",\"datePublished\":\"2022-07-22T07:43:57+00:00\",\"author\":{\"@id\":\"https:\\\/\\\/akunq.net\\\/tr\\\/#\\\/schema\\\/person\\\/096f1d38a12cce57fb855b485ed24c9e\"},\"breadcrumb\":{\"@id\":\"https:\\\/\\\/akunq.net\\\/tr\\\/?p=69380#breadcrumb\"},\"inLanguage\":\"en-US\",\"potentialAction\":[{\"@type\":\"ReadAction\",\"target\":[\"https:\\\/\\\/akunq.net\\\/tr\\\/?p=69380\"]}]},{\"@type\":\"ImageObject\",\"inLanguage\":\"en-US\",\"@id\":\"https:\\\/\\\/akunq.net\\\/tr\\\/?p=69380#primaryimage\",\"url\":\"https:\\\/\\\/akunq.net\\\/tr\\\/wp-content\\\/uploads\\\/sites\\\/6\\\/2022\\\/07\\\/marti-olumleri.jpg\",\"contentUrl\":\"https:\\\/\\\/akunq.net\\\/tr\\\/wp-content\\\/uploads\\\/sites\\\/6\\\/2022\\\/07\\\/marti-olumleri.jpg\",\"width\":864,\"height\":486},{\"@type\":\"BreadcrumbList\",\"@id\":\"https:\\\/\\\/akunq.net\\\/tr\\\/?p=69380#breadcrumb\",\"itemListElement\":[{\"@type\":\"ListItem\",\"position\":1,\"name\":\"Home\",\"item\":\"https:\\\/\\\/akunq.net\\\/tr\"},{\"@type\":\"ListItem\",\"position\":2,\"name\":\"Besin azl\u0131\u011f\u0131 ve a\u015f\u0131r\u0131 s\u0131caklar nedeniyle Van G\u00f6l\u00fc havzas\u0131nda mart\u0131 \u00f6l\u00fcmleri artt\u0131\"}]},{\"@type\":\"WebSite\",\"@id\":\"https:\\\/\\\/akunq.net\\\/tr\\\/#website\",\"url\":\"https:\\\/\\\/akunq.net\\\/tr\\\/\",\"name\":\"Bati Ermenistan Ve Bati Ermenileri Sorunlari Ara\u015ftirmalar Merkezi\",\"description\":\"\",\"potentialAction\":[{\"@type\":\"SearchAction\",\"target\":{\"@type\":\"EntryPoint\",\"urlTemplate\":\"https:\\\/\\\/akunq.net\\\/tr\\\/?s={search_term_string}\"},\"query-input\":{\"@type\":\"PropertyValueSpecification\",\"valueRequired\":true,\"valueName\":\"search_term_string\"}}],\"inLanguage\":\"en-US\"},{\"@type\":\"Person\",\"@id\":\"https:\\\/\\\/akunq.net\\\/tr\\\/#\\\/schema\\\/person\\\/096f1d38a12cce57fb855b485ed24c9e\",\"name\":\"admin\",\"url\":\"https:\\\/\\\/akunq.net\\\/tr\\\/?author=7\"}]}<\/script>\n<!-- \/ Yoast SEO plugin. -->","yoast_head_json":{"title":"Besin azl\u0131\u011f\u0131 ve a\u015f\u0131r\u0131 s\u0131caklar nedeniyle Van G\u00f6l\u00fc havzas\u0131nda mart\u0131 \u00f6l\u00fcmleri artt\u0131 - Bati Ermenistan Ve Bati Ermenileri Sorunlari Ara\u015ftirmalar Merkezi","robots":{"index":"index","follow":"follow","max-snippet":"max-snippet:-1","max-image-preview":"max-image-preview:large","max-video-preview":"max-video-preview:-1"},"canonical":"https:\/\/akunq.net\/tr\/?p=69380","og_locale":"en_US","og_type":"article","og_title":"Besin azl\u0131\u011f\u0131 ve a\u015f\u0131r\u0131 s\u0131caklar nedeniyle Van G\u00f6l\u00fc havzas\u0131nda mart\u0131 \u00f6l\u00fcmleri artt\u0131 - Bati Ermenistan Ve Bati Ermenileri Sorunlari Ara\u015ftirmalar Merkezi","og_description":"Van\u2019da g\u00f6ldeki adalar ile k\u0131y\u0131larda, bal\u0131k g\u00f6\u00e7\u00fcn\u00fcn bitmesiyle ortaya \u00e7\u0131kan besin azl\u0131\u011f\u0131 ve a\u015f\u0131r\u0131 s\u0131caklar nedeniyle mart\u0131 \u00f6l\u00fcmlerinde art\u0131\u015f ya\u015fand\u0131\u011f\u0131 belirlendi. Mesut Varol Bir\u00e7ok ku\u015f t\u00fcr\u00fcne ev sahipli\u011fi yapan Van G\u00f6l\u00fc havzas\u0131nda, Ad\u0131r, \u00c7arpanak, Akdamar ve Kuzu adalar\u0131n\u0131 ya\u015fam alan\u0131 olarak belirleyen mart\u0131lar\u0131n bir k\u0131sm\u0131 telef oldu. S\u00f6z konusu b\u00f6lgelerde ara\u015ft\u0131rma yapan ve ku\u015flardan numuneler [&hellip;]","og_url":"https:\/\/akunq.net\/tr\/?p=69380","og_site_name":"Bati Ermenistan Ve Bati Ermenileri Sorunlari Ara\u015ftirmalar Merkezi","article_published_time":"2022-07-22T07:43:57+00:00","og_image":[{"width":864,"height":486,"url":"https:\/\/akunq.net\/tr\/wp-content\/uploads\/sites\/6\/2022\/07\/marti-olumleri.jpg","type":"image\/jpeg"}],"author":"admin","twitter_card":"summary_large_image","twitter_misc":{"Written by":"admin","Est. reading time":"3 minutes"},"schema":{"@context":"https:\/\/schema.org","@graph":[{"@type":"Article","@id":"https:\/\/akunq.net\/tr\/?p=69380#article","isPartOf":{"@id":"https:\/\/akunq.net\/tr\/?p=69380"},"author":{"name":"admin","@id":"https:\/\/akunq.net\/tr\/#\/schema\/person\/096f1d38a12cce57fb855b485ed24c9e"},"headline":"Besin azl\u0131\u011f\u0131 ve a\u015f\u0131r\u0131 s\u0131caklar nedeniyle Van G\u00f6l\u00fc havzas\u0131nda mart\u0131 \u00f6l\u00fcmleri artt\u0131","datePublished":"2022-07-22T07:43:57+00:00","mainEntityOfPage":{"@id":"https:\/\/akunq.net\/tr\/?p=69380"},"wordCount":578,"commentCount":0,"image":{"@id":"https:\/\/akunq.net\/tr\/?p=69380#primaryimage"},"thumbnailUrl":"https:\/\/akunq.net\/tr\/wp-content\/uploads\/sites\/6\/2022\/07\/marti-olumleri.jpg","articleSection":["G\u00fcn\u00fcm\u00fczde Bat\u0131 Ermenistan","Haberler"],"inLanguage":"en-US","potentialAction":[{"@type":"CommentAction","name":"Comment","target":["https:\/\/akunq.net\/tr\/?p=69380#respond"]}]},{"@type":"WebPage","@id":"https:\/\/akunq.net\/tr\/?p=69380","url":"https:\/\/akunq.net\/tr\/?p=69380","name":"Besin azl\u0131\u011f\u0131 ve a\u015f\u0131r\u0131 s\u0131caklar nedeniyle Van G\u00f6l\u00fc havzas\u0131nda mart\u0131 \u00f6l\u00fcmleri artt\u0131 - Bati Ermenistan Ve Bati Ermenileri Sorunlari Ara\u015ftirmalar Merkezi","isPartOf":{"@id":"https:\/\/akunq.net\/tr\/#website"},"primaryImageOfPage":{"@id":"https:\/\/akunq.net\/tr\/?p=69380#primaryimage"},"image":{"@id":"https:\/\/akunq.net\/tr\/?p=69380#primaryimage"},"thumbnailUrl":"https:\/\/akunq.net\/tr\/wp-content\/uploads\/sites\/6\/2022\/07\/marti-olumleri.jpg","datePublished":"2022-07-22T07:43:57+00:00","author":{"@id":"https:\/\/akunq.net\/tr\/#\/schema\/person\/096f1d38a12cce57fb855b485ed24c9e"},"breadcrumb":{"@id":"https:\/\/akunq.net\/tr\/?p=69380#breadcrumb"},"inLanguage":"en-US","potentialAction":[{"@type":"ReadAction","target":["https:\/\/akunq.net\/tr\/?p=69380"]}]},{"@type":"ImageObject","inLanguage":"en-US","@id":"https:\/\/akunq.net\/tr\/?p=69380#primaryimage","url":"https:\/\/akunq.net\/tr\/wp-content\/uploads\/sites\/6\/2022\/07\/marti-olumleri.jpg","contentUrl":"https:\/\/akunq.net\/tr\/wp-content\/uploads\/sites\/6\/2022\/07\/marti-olumleri.jpg","width":864,"height":486},{"@type":"BreadcrumbList","@id":"https:\/\/akunq.net\/tr\/?p=69380#breadcrumb","itemListElement":[{"@type":"ListItem","position":1,"name":"Home","item":"https:\/\/akunq.net\/tr"},{"@type":"ListItem","position":2,"name":"Besin azl\u0131\u011f\u0131 ve a\u015f\u0131r\u0131 s\u0131caklar nedeniyle Van G\u00f6l\u00fc havzas\u0131nda mart\u0131 \u00f6l\u00fcmleri artt\u0131"}]},{"@type":"WebSite","@id":"https:\/\/akunq.net\/tr\/#website","url":"https:\/\/akunq.net\/tr\/","name":"Bati Ermenistan Ve Bati Ermenileri Sorunlari Ara\u015ftirmalar Merkezi","description":"","potentialAction":[{"@type":"SearchAction","target":{"@type":"EntryPoint","urlTemplate":"https:\/\/akunq.net\/tr\/?s={search_term_string}"},"query-input":{"@type":"PropertyValueSpecification","valueRequired":true,"valueName":"search_term_string"}}],"inLanguage":"en-US"},{"@type":"Person","@id":"https:\/\/akunq.net\/tr\/#\/schema\/person\/096f1d38a12cce57fb855b485ed24c9e","name":"admin","url":"https:\/\/akunq.net\/tr\/?author=7"}]}},"_links":{"self":[{"href":"https:\/\/akunq.net\/tr\/index.php?rest_route=\/wp\/v2\/posts\/69380","targetHints":{"allow":["GET"]}}],"collection":[{"href":"https:\/\/akunq.net\/tr\/index.php?rest_route=\/wp\/v2\/posts"}],"about":[{"href":"https:\/\/akunq.net\/tr\/index.php?rest_route=\/wp\/v2\/types\/post"}],"author":[{"embeddable":true,"href":"https:\/\/akunq.net\/tr\/index.php?rest_route=\/wp\/v2\/users\/7"}],"replies":[{"embeddable":true,"href":"https:\/\/akunq.net\/tr\/index.php?rest_route=%2Fwp%2Fv2%2Fcomments&post=69380"}],"version-history":[{"count":1,"href":"https:\/\/akunq.net\/tr\/index.php?rest_route=\/wp\/v2\/posts\/69380\/revisions"}],"predecessor-version":[{"id":69381,"href":"https:\/\/akunq.net\/tr\/index.php?rest_route=\/wp\/v2\/posts\/69380\/revisions\/69381"}],"wp:featuredmedia":[{"embeddable":true,"href":"https:\/\/akunq.net\/tr\/index.php?rest_route=\/wp\/v2\/media\/69377"}],"wp:attachment":[{"href":"https:\/\/akunq.net\/tr\/index.php?rest_route=%2Fwp%2Fv2%2Fmedia&parent=69380"}],"wp:term":[{"taxonomy":"category","embeddable":true,"href":"https:\/\/akunq.net\/tr\/index.php?rest_route=%2Fwp%2Fv2%2Fcategories&post=69380"},{"taxonomy":"post_tag","embeddable":true,"href":"https:\/\/akunq.net\/tr\/index.php?rest_route=%2Fwp%2Fv2%2Ftags&post=69380"}],"curies":[{"name":"wp","href":"https:\/\/api.w.org\/{rel}","templated":true}]}}