{"id":69367,"date":"2022-07-22T01:18:31","date_gmt":"2022-07-22T06:18:31","guid":{"rendered":"https:\/\/akunq.net\/tr\/?p=69367"},"modified":"2022-07-22T01:18:31","modified_gmt":"2022-07-22T06:18:31","slug":"keldaniler-bin-yillik-kiliselerini-yeniden-insa-etti","status":"publish","type":"post","link":"https:\/\/akunq.net\/tr\/?p=69367","title":{"rendered":"Keldaniler Bin Y\u0131ll\u0131k Kiliselerini Yeniden \u0130n\u015fa Etti"},"content":{"rendered":"<p><img loading=\"lazy\" decoding=\"async\" class=\"aligncenter size-medium wp-image-69368\" src=\"https:\/\/akunq.net\/tr\/wp-content\/uploads\/2022\/07\/Keldaniler-360x213.jpg\" alt=\"\" width=\"360\" height=\"213\" srcset=\"https:\/\/akunq.net\/tr\/wp-content\/uploads\/sites\/6\/2022\/07\/Keldaniler-360x213.jpg 360w, https:\/\/akunq.net\/tr\/wp-content\/uploads\/sites\/6\/2022\/07\/Keldaniler-768x454.jpg 768w, https:\/\/akunq.net\/tr\/wp-content\/uploads\/sites\/6\/2022\/07\/Keldaniler-560x331.jpg 560w, https:\/\/akunq.net\/tr\/wp-content\/uploads\/sites\/6\/2022\/07\/Keldaniler-260x154.jpg 260w, https:\/\/akunq.net\/tr\/wp-content\/uploads\/sites\/6\/2022\/07\/Keldaniler-160x94.jpg 160w, https:\/\/akunq.net\/tr\/wp-content\/uploads\/sites\/6\/2022\/07\/Keldaniler.jpg 1021w\" sizes=\"auto, (max-width: 360px) 100vw, 360px\" \/><\/p>\n<p><strong><em>Avrupa\u2019da ya\u015fayan Keldaniler politik nedenlerle g\u00f6\u00e7 etmek zorunda kald\u0131klar\u0131 k\u00f6ylerine yeniden d\u00f6nmeye ba\u015flad\u0131. Avrupa\u2019da ya\u015fayan bir k\u00f6y sakini \u015e\u0131rnak\u2019\u0131n Beyt\u00fc\u015f\u015febap il\u00e7esinde bulunan k\u00f6ylerindeki yakla\u015f\u0131k bin y\u0131ll\u0131k Mor Yuhanon kilisesini kendi imkanlar\u0131yla yeniden in\u015fa ederek ibadete a\u00e7t\u0131.<\/em><\/strong><\/p>\n<p>S\u00fcryaniler\u2019in Katolik k\u0131sm\u0131n\u0131 olu\u015fturan Kaldaniler, Geznex (Ceviza\u011fac\u0131) k\u00f6y\u00fcnden 1990\u2019l\u0131 y\u0131llarda Avrupa \u00fclkelerine g\u00f6\u00e7 ettikten y\u0131llar sonra k\u00f6ylerine d\u00f6nerek tahrip edilmi\u015f evlerini ve ibadet yerlerini yeniden in\u015fa ediyorlar.<\/p>\n<p>Avrupa\u2019ya ayn\u0131 k\u00f6yden g\u00f6\u00e7 etmi\u015f Keldani bir \u00e7iftin \u00e7ocuklar\u0131ndan \u00c7elebi Yarami\u015f k\u00f6yde bulunan ve yakla\u015f\u0131k bin y\u0131l \u00f6nce yap\u0131ld\u0131\u011f\u0131 tahmin edilen Mor Yuhanon Kilisesi\u2019ni yeniden in\u015fa ederek b\u00f6lge halk\u0131n\u0131n ibadetine a\u00e7t\u0131.<\/p>\n<p>VOA T\u00fcrk\u00e7e\u2019ye konu\u015fan k\u00f6y sakinleri ibadetlerini kendi k\u00f6ylerinde yapma f\u0131rsat\u0131 bulduklar\u0131 i\u00e7in mutlu olduklar\u0131n\u0131 ifade ederek, Avrupa\u2019da ya\u015fayan di\u011fer Keldaniler\u2019in de kendi topraklar\u0131na ve vatan\u0131na d\u00f6nmeleri gerekti\u011fini vurgulad\u0131.<\/p>\n<p><strong>\u201cK\u00f6y\u00fcm\u00fcz uzun y\u0131llar bo\u015f kal\u0131nca kilise tahrip oldu\u201d<\/strong><\/p>\n<p>Uzun y\u0131llar b\u00f6lgedeki Keldaniler\u2019in merkez k\u00f6ylerinden olan Geznex\u2019in (Ceviza\u011fac\u0131) b\u00fcy\u00fck g\u00f6\u00e7ten sonra y\u0131llarca bo\u015f kalarak tahrip oldu\u011funu ifade eden k\u00f6y sakinlerinden Refik Yarami\u015f, \u201c30 y\u0131ld\u0131r Avrupa\u2019da ya\u015f\u0131yoruz. Son y\u0131llarda tekrardan k\u00f6y\u00fcm\u00fcze d\u00f6nerek, k\u00f6y\u00fcm\u00fcz\u00fc yeniden in\u015fa etmeye karar verdik. \u0130lk olarak babam ve amcamlar kendi evlerini yapt\u0131lar, daha sonra di\u011fer akrabalar\u0131m\u0131z da ev yaparak k\u00f6ye yerle\u015fmeye ba\u015flad\u0131. Bir s\u00fcre \u00f6nce bizim Fransa\u2019da ya\u015fayan bir akrabam\u0131z bu eski kiliseyi yeniden onarmak istedi. \u0130lgili yerlerden gerekli izinleri ald\u0131ktan sonra kendi imkanlar\u0131yla bu kiliseyi yapt\u0131lar. Buras\u0131 yakla\u015f\u0131k 1000 y\u0131l \u00f6nce de kiliseydi, k\u00f6y bo\u015f kal\u0131nca tahrip oldu ve y\u0131k\u0131ld\u0131. Kullan\u0131lamaz duruma gelmi\u015fti. Ayn\u0131 mimari ile yap\u0131lan kilise yakla\u015f\u0131k 40 y\u0131l sonra yeniden ibadete a\u00e7\u0131ld\u0131. B\u00fcy\u00fcklerimizden dinledi\u011fimiz kadar\u0131yla bu b\u00f6lgede Keldaniler\u2019e ait 7 k\u00f6y vard\u0131 ve bu k\u00f6y son durak gibiydi. Di\u011fer k\u00f6ylerde ya\u015fanan sorunlar i\u00e7in bu k\u00f6ye s\u0131\u011f\u0131n\u0131l\u0131r ve bu kilisede o sorunlar\u0131n \u00e7\u00f6z\u00fcm\u00fc i\u00e7in toplant\u0131lar yap\u0131l\u0131rd\u0131\u2019\u2019 diye konu\u015ftu.<\/p>\n<p><strong>\u201cTam demokrasi gelirse b\u00fct\u00fcn gen\u00e7lerimiz d\u00f6nmek istiyor\u201d<\/strong><\/p>\n<p>Politik nedenlerden dolay\u0131 g\u00fcvenlikleri gere\u011fi k\u00f6y\u00fc terk ederek yurt d\u0131\u015f\u0131na s\u0131\u011f\u0131nmak zorunda kald\u0131klar\u0131n\u0131 ifade eden Refik Yarami\u015f, \u201cBiz \u00e7ok zor s\u00fcre\u00e7lerden ge\u00e7tik. Bir yandan parti (PKK) yemek istemek i\u00e7in geliyordu, di\u011fer yandan devlet \u2018neden onlara yemek veriyorsunuz \u2018 diyordu. Biz de arada kalm\u0131\u015ft\u0131k. Bask\u0131lara daha fazla dayanamayarak Avrupa\u2019ya g\u00f6\u00e7 ettik. Bizim b\u00fcy\u00fcklerimiz d\u00f6nmeye ba\u015flad\u0131, biz de gidi\u015f geli\u015f yap\u0131yoruz. \u00c7ocuklar\u0131m\u0131z\u0131 buraya getirerek gezdiriyor, tan\u0131\u015ft\u0131r\u0131yoruz. E\u011fer tam bir demokrasi gelirse bizim ya\u015f\u0131m\u0131zdaki insanlar da temelli olarak \u00fclkelerine d\u00f6nmek istiyorlar\u2019\u2019 ifadelerini kulland\u0131.<\/p>\n<p><strong>\u201cMemleket hasretine dayanamad\u0131k\u201d<\/strong><\/p>\n<p>1998 y\u0131l\u0131nda k\u00f6y\u00fc terk ederek g\u00f6\u00e7 etmek zorunda kald\u0131\u011f\u0131n\u0131 ifade eden 80 ya\u015f\u0131ndaki Xamo Yarami\u015f ise, daha fazla memleket hasretine dayanamayarak temelli d\u00f6n\u00fc\u015f yapt\u0131\u011f\u0131n\u0131 belirtti. Yarami\u015f, \u015fu ifadeleri kulland\u0131:<\/p>\n<p>\u201cUzun y\u0131llar Avrupa\u2019da kald\u0131ktan sonra daha fazla memleket hasretine dayanamay\u0131p k\u00f6y\u00fcm\u00fcze d\u00f6nd\u00fck. D\u00f6nd\u00fckten sonra da kokusunu bile \u00f6zledi\u011fimiz harap olmu\u015f k\u00f6y\u00fcm\u00fcz\u00fc yeniden kurduk. Buralardan g\u00f6\u00e7 etme nedenimiz de \u00f6rg\u00fct ve devlet aras\u0131nda kalarak ya\u015fad\u0131\u011f\u0131m\u0131z s\u0131k\u0131nt\u0131lard\u0131. Biz gittikten sonra k\u00f6y\u00fcm\u00fcz 20 y\u0131l\u0131 a\u015fk\u0131n s\u00fcre bo\u015f kald\u0131. \u00c7evredeki baz\u0131 insanlar da k\u00f6y\u00fcm\u00fcze zarar verdi ama biz yeniden k\u00f6y\u00fcm\u00fcz\u00fc kurduk ve kalk\u0131nd\u0131rd\u0131k. Fransa\u2019da ya\u015fayan bir k\u00f6yl\u00fcm\u00fcz\u00fcn anne ve babas\u0131 \u00f6ld\u00fckten sonra, o\u011flu da onlar\u0131n hayr\u0131na bu kiliseyi yeniden yapma karar\u0131 ald\u0131. 4 karde\u015f geldiler ve kendi imkanlar\u0131yla bu kiliseyi in\u015fa ettiler. Biz istiyoruz bizim Avrupa\u2019da ya\u015fayan di\u011fer ailelerimiz de memleketlerine d\u00f6ns\u00fcnler. \u00c7\u00fcnk\u00fc biz ya\u015fl\u0131lar hen\u00fcz ya\u015f\u0131yorken onlar da gelsinler bizimle \u00f6zde\u015fle\u015ferek kendi topraklar\u0131n\u0131, k\u00fclt\u00fcrlerini burada tan\u0131s\u0131nlar.\u2019\u2019<\/p>\n<p><strong>\u201cB\u00f6lge halk\u0131 \u00e7ok s\u0131cakkanl\u0131\u201d<\/strong><\/p>\n<p>Avrupa\u2019dan turist olarak T\u00fcrkiye\u2019ye gelen \u00c7i\u011fdem Cin, tarihi kiliseden \u00e7ok etkilendi\u011fini ifade ederek \u201cBuraya Almanya\u2019dan ziyaret ama\u00e7l\u0131 geldik. Aslen Karadenizli\u2019yim, burada bir Keldani k\u00f6y\u00fcn\u00fcn oldu\u011funu daha \u00f6nce bilmiyordum. Tesad\u00fcfen \u00f6\u011frendim ve e\u015fimle birlikte ziyaret etmek i\u00e7in geldik. Ger\u00e7ekten \u00e7ok g\u00fczel tarihi bir yer, bu insanlar da bizi \u00e7ok s\u0131cak kar\u015f\u0131lad\u0131. Bin y\u0131ll\u0131k oldu\u011funu \u00f6\u011frendi\u011fimiz eski kilisenin kal\u0131nt\u0131lar\u0131n\u0131 g\u00f6rmek, dokunmak beni \u00e7ok etkiledi. Yeniden in\u015fa edilen kilisenin mimarisi de \u00e7ok g\u00fczel. Avrupa\u2019dan gelen turistlerin mutlaka buralar\u0131 gelip g\u00f6rmeleri gerekiyor\u2019\u2019 diye konu\u015ftu.<\/p>\n<p>Politik nedenlerle yerlerinden g\u00f6\u00e7 etmek zorunda kalan Keldaniler\u2019in yeniden kendi topraklar\u0131na d\u00f6nmeleri gerekti\u011fine vurgu yapan turistlerden Ha\u015fim Cin ise, \u201cBuras\u0131 yakla\u015f\u0131k bin y\u0131ll\u0131k tarihi ile \u00e7ok etkileyici g\u00fczel bir kilise. Bu b\u00f6lgeden Avrupa\u2019ya g\u00f6\u00e7 etmek zorunda kalan Keldaniler\u2019in de tekrar kendi topraklar\u0131na d\u00f6nerek, k\u00fclt\u00fcrlerini ve dinlerini burada ya\u015fatmalar\u0131 gerek diye d\u00fc\u015f\u00fcn\u00fcyorum. T\u00fcrkiye\u2019ye turist olarak gelen di\u011fer insanlar\u0131n da buraya gelerek bu s\u0131cakkanl\u0131 insanlarla tan\u0131\u015f\u0131p onlar\u0131n hikayelerini onlardan dinlemelerini tavsiye ederim\u2019\u2019 ifadelerini kulland\u0131.<\/p>\n<hr \/>\n<p><em><strong><a href=\"https:\/\/www.amerikaninsesi.com\/a\/keldaniler-bin-yillik-kiliselerini-yeniden-insa-etti\/6668072.html\" target=\"_blank\" rel=\"noopener\">VOA<\/a>\u00a0<\/strong><\/em><\/p>\n","protected":false},"excerpt":{"rendered":"<p>Avrupa\u2019da ya\u015fayan Keldaniler politik nedenlerle g\u00f6\u00e7 etmek zorunda kald\u0131klar\u0131 k\u00f6ylerine yeniden d\u00f6nmeye ba\u015flad\u0131. Avrupa\u2019da ya\u015fayan bir k\u00f6y sakini \u015e\u0131rnak\u2019\u0131n Beyt\u00fc\u015f\u015febap il\u00e7esinde bulunan k\u00f6ylerindeki yakla\u015f\u0131k bin y\u0131ll\u0131k Mor Yuhanon kilisesini kendi imkanlar\u0131yla yeniden in\u015fa ederek ibadete a\u00e7t\u0131. S\u00fcryaniler\u2019in Katolik k\u0131sm\u0131n\u0131 olu\u015fturan Kaldaniler, Geznex (Ceviza\u011fac\u0131) k\u00f6y\u00fcnden 1990\u2019l\u0131 y\u0131llarda Avrupa \u00fclkelerine g\u00f6\u00e7 ettikten y\u0131llar sonra k\u00f6ylerine d\u00f6nerek tahrip [&hellip;]<\/p>\n","protected":false},"author":7,"featured_media":69368,"comment_status":"open","ping_status":"open","sticky":false,"template":"","format":"standard","meta":{"footnotes":""},"categories":[1,53],"tags":[],"class_list":["post-69367","post","type-post","status-publish","format-standard","has-post-thumbnail","hentry","category-haberler","category-turkiyede-azinliklar"],"yoast_head":"<!-- This site is optimized with the Yoast SEO plugin v27.4 - https:\/\/yoast.com\/product\/yoast-seo-wordpress\/ -->\n<title>Keldaniler Bin Y\u0131ll\u0131k Kiliselerini Yeniden \u0130n\u015fa Etti - Bati Ermenistan Ve Bati Ermenileri Sorunlari Ara\u015ftirmalar Merkezi<\/title>\n<meta name=\"robots\" content=\"index, follow, max-snippet:-1, max-image-preview:large, max-video-preview:-1\" \/>\n<link rel=\"canonical\" href=\"https:\/\/akunq.net\/tr\/?p=69367\" \/>\n<meta property=\"og:locale\" content=\"en_US\" \/>\n<meta property=\"og:type\" content=\"article\" \/>\n<meta property=\"og:title\" content=\"Keldaniler Bin Y\u0131ll\u0131k Kiliselerini Yeniden \u0130n\u015fa Etti - Bati Ermenistan Ve Bati Ermenileri Sorunlari Ara\u015ftirmalar Merkezi\" \/>\n<meta property=\"og:description\" content=\"Avrupa\u2019da ya\u015fayan Keldaniler politik nedenlerle g\u00f6\u00e7 etmek zorunda kald\u0131klar\u0131 k\u00f6ylerine yeniden d\u00f6nmeye ba\u015flad\u0131. Avrupa\u2019da ya\u015fayan bir k\u00f6y sakini \u015e\u0131rnak\u2019\u0131n Beyt\u00fc\u015f\u015febap il\u00e7esinde bulunan k\u00f6ylerindeki yakla\u015f\u0131k bin y\u0131ll\u0131k Mor Yuhanon kilisesini kendi imkanlar\u0131yla yeniden in\u015fa ederek ibadete a\u00e7t\u0131. S\u00fcryaniler\u2019in Katolik k\u0131sm\u0131n\u0131 olu\u015fturan Kaldaniler, Geznex (Ceviza\u011fac\u0131) k\u00f6y\u00fcnden 1990\u2019l\u0131 y\u0131llarda Avrupa \u00fclkelerine g\u00f6\u00e7 ettikten y\u0131llar sonra k\u00f6ylerine d\u00f6nerek tahrip [&hellip;]\" \/>\n<meta property=\"og:url\" content=\"https:\/\/akunq.net\/tr\/?p=69367\" \/>\n<meta property=\"og:site_name\" content=\"Bati Ermenistan Ve Bati Ermenileri Sorunlari Ara\u015ftirmalar Merkezi\" \/>\n<meta property=\"article:published_time\" content=\"2022-07-22T06:18:31+00:00\" \/>\n<meta property=\"og:image\" content=\"https:\/\/akunq.net\/tr\/wp-content\/uploads\/sites\/6\/2022\/07\/Keldaniler.jpg\" \/>\n\t<meta property=\"og:image:width\" content=\"1021\" \/>\n\t<meta property=\"og:image:height\" content=\"603\" \/>\n\t<meta property=\"og:image:type\" content=\"image\/jpeg\" \/>\n<meta name=\"author\" content=\"admin\" \/>\n<meta name=\"twitter:card\" content=\"summary_large_image\" \/>\n<meta name=\"twitter:label1\" content=\"Written by\" \/>\n\t<meta name=\"twitter:data1\" content=\"admin\" \/>\n\t<meta name=\"twitter:label2\" content=\"Est. reading time\" \/>\n\t<meta name=\"twitter:data2\" content=\"5 minutes\" \/>\n<script type=\"application\/ld+json\" class=\"yoast-schema-graph\">{\"@context\":\"https:\\\/\\\/schema.org\",\"@graph\":[{\"@type\":\"Article\",\"@id\":\"https:\\\/\\\/akunq.net\\\/tr\\\/?p=69367#article\",\"isPartOf\":{\"@id\":\"https:\\\/\\\/akunq.net\\\/tr\\\/?p=69367\"},\"author\":{\"name\":\"admin\",\"@id\":\"https:\\\/\\\/akunq.net\\\/tr\\\/#\\\/schema\\\/person\\\/096f1d38a12cce57fb855b485ed24c9e\"},\"headline\":\"Keldaniler Bin Y\u0131ll\u0131k Kiliselerini Yeniden \u0130n\u015fa Etti\",\"datePublished\":\"2022-07-22T06:18:31+00:00\",\"mainEntityOfPage\":{\"@id\":\"https:\\\/\\\/akunq.net\\\/tr\\\/?p=69367\"},\"wordCount\":975,\"commentCount\":0,\"image\":{\"@id\":\"https:\\\/\\\/akunq.net\\\/tr\\\/?p=69367#primaryimage\"},\"thumbnailUrl\":\"https:\\\/\\\/akunq.net\\\/tr\\\/wp-content\\\/uploads\\\/sites\\\/6\\\/2022\\\/07\\\/Keldaniler.jpg\",\"articleSection\":[\"Haberler\",\"T\u00fcrkiye\u2019de Az\u0131nl\u0131klar\"],\"inLanguage\":\"en-US\",\"potentialAction\":[{\"@type\":\"CommentAction\",\"name\":\"Comment\",\"target\":[\"https:\\\/\\\/akunq.net\\\/tr\\\/?p=69367#respond\"]}]},{\"@type\":\"WebPage\",\"@id\":\"https:\\\/\\\/akunq.net\\\/tr\\\/?p=69367\",\"url\":\"https:\\\/\\\/akunq.net\\\/tr\\\/?p=69367\",\"name\":\"Keldaniler Bin Y\u0131ll\u0131k Kiliselerini Yeniden \u0130n\u015fa Etti - Bati Ermenistan Ve Bati Ermenileri Sorunlari Ara\u015ftirmalar Merkezi\",\"isPartOf\":{\"@id\":\"https:\\\/\\\/akunq.net\\\/tr\\\/#website\"},\"primaryImageOfPage\":{\"@id\":\"https:\\\/\\\/akunq.net\\\/tr\\\/?p=69367#primaryimage\"},\"image\":{\"@id\":\"https:\\\/\\\/akunq.net\\\/tr\\\/?p=69367#primaryimage\"},\"thumbnailUrl\":\"https:\\\/\\\/akunq.net\\\/tr\\\/wp-content\\\/uploads\\\/sites\\\/6\\\/2022\\\/07\\\/Keldaniler.jpg\",\"datePublished\":\"2022-07-22T06:18:31+00:00\",\"author\":{\"@id\":\"https:\\\/\\\/akunq.net\\\/tr\\\/#\\\/schema\\\/person\\\/096f1d38a12cce57fb855b485ed24c9e\"},\"breadcrumb\":{\"@id\":\"https:\\\/\\\/akunq.net\\\/tr\\\/?p=69367#breadcrumb\"},\"inLanguage\":\"en-US\",\"potentialAction\":[{\"@type\":\"ReadAction\",\"target\":[\"https:\\\/\\\/akunq.net\\\/tr\\\/?p=69367\"]}]},{\"@type\":\"ImageObject\",\"inLanguage\":\"en-US\",\"@id\":\"https:\\\/\\\/akunq.net\\\/tr\\\/?p=69367#primaryimage\",\"url\":\"https:\\\/\\\/akunq.net\\\/tr\\\/wp-content\\\/uploads\\\/sites\\\/6\\\/2022\\\/07\\\/Keldaniler.jpg\",\"contentUrl\":\"https:\\\/\\\/akunq.net\\\/tr\\\/wp-content\\\/uploads\\\/sites\\\/6\\\/2022\\\/07\\\/Keldaniler.jpg\",\"width\":1021,\"height\":603},{\"@type\":\"BreadcrumbList\",\"@id\":\"https:\\\/\\\/akunq.net\\\/tr\\\/?p=69367#breadcrumb\",\"itemListElement\":[{\"@type\":\"ListItem\",\"position\":1,\"name\":\"Home\",\"item\":\"https:\\\/\\\/akunq.net\\\/tr\"},{\"@type\":\"ListItem\",\"position\":2,\"name\":\"Keldaniler Bin Y\u0131ll\u0131k Kiliselerini Yeniden \u0130n\u015fa Etti\"}]},{\"@type\":\"WebSite\",\"@id\":\"https:\\\/\\\/akunq.net\\\/tr\\\/#website\",\"url\":\"https:\\\/\\\/akunq.net\\\/tr\\\/\",\"name\":\"Bati Ermenistan Ve Bati Ermenileri Sorunlari Ara\u015ftirmalar Merkezi\",\"description\":\"\",\"potentialAction\":[{\"@type\":\"SearchAction\",\"target\":{\"@type\":\"EntryPoint\",\"urlTemplate\":\"https:\\\/\\\/akunq.net\\\/tr\\\/?s={search_term_string}\"},\"query-input\":{\"@type\":\"PropertyValueSpecification\",\"valueRequired\":true,\"valueName\":\"search_term_string\"}}],\"inLanguage\":\"en-US\"},{\"@type\":\"Person\",\"@id\":\"https:\\\/\\\/akunq.net\\\/tr\\\/#\\\/schema\\\/person\\\/096f1d38a12cce57fb855b485ed24c9e\",\"name\":\"admin\",\"url\":\"https:\\\/\\\/akunq.net\\\/tr\\\/?author=7\"}]}<\/script>\n<!-- \/ Yoast SEO plugin. -->","yoast_head_json":{"title":"Keldaniler Bin Y\u0131ll\u0131k Kiliselerini Yeniden \u0130n\u015fa Etti - Bati Ermenistan Ve Bati Ermenileri Sorunlari Ara\u015ftirmalar Merkezi","robots":{"index":"index","follow":"follow","max-snippet":"max-snippet:-1","max-image-preview":"max-image-preview:large","max-video-preview":"max-video-preview:-1"},"canonical":"https:\/\/akunq.net\/tr\/?p=69367","og_locale":"en_US","og_type":"article","og_title":"Keldaniler Bin Y\u0131ll\u0131k Kiliselerini Yeniden \u0130n\u015fa Etti - Bati Ermenistan Ve Bati Ermenileri Sorunlari Ara\u015ftirmalar Merkezi","og_description":"Avrupa\u2019da ya\u015fayan Keldaniler politik nedenlerle g\u00f6\u00e7 etmek zorunda kald\u0131klar\u0131 k\u00f6ylerine yeniden d\u00f6nmeye ba\u015flad\u0131. Avrupa\u2019da ya\u015fayan bir k\u00f6y sakini \u015e\u0131rnak\u2019\u0131n Beyt\u00fc\u015f\u015febap il\u00e7esinde bulunan k\u00f6ylerindeki yakla\u015f\u0131k bin y\u0131ll\u0131k Mor Yuhanon kilisesini kendi imkanlar\u0131yla yeniden in\u015fa ederek ibadete a\u00e7t\u0131. S\u00fcryaniler\u2019in Katolik k\u0131sm\u0131n\u0131 olu\u015fturan Kaldaniler, Geznex (Ceviza\u011fac\u0131) k\u00f6y\u00fcnden 1990\u2019l\u0131 y\u0131llarda Avrupa \u00fclkelerine g\u00f6\u00e7 ettikten y\u0131llar sonra k\u00f6ylerine d\u00f6nerek tahrip [&hellip;]","og_url":"https:\/\/akunq.net\/tr\/?p=69367","og_site_name":"Bati Ermenistan Ve Bati Ermenileri Sorunlari Ara\u015ftirmalar Merkezi","article_published_time":"2022-07-22T06:18:31+00:00","og_image":[{"width":1021,"height":603,"url":"https:\/\/akunq.net\/tr\/wp-content\/uploads\/sites\/6\/2022\/07\/Keldaniler.jpg","type":"image\/jpeg"}],"author":"admin","twitter_card":"summary_large_image","twitter_misc":{"Written by":"admin","Est. reading time":"5 minutes"},"schema":{"@context":"https:\/\/schema.org","@graph":[{"@type":"Article","@id":"https:\/\/akunq.net\/tr\/?p=69367#article","isPartOf":{"@id":"https:\/\/akunq.net\/tr\/?p=69367"},"author":{"name":"admin","@id":"https:\/\/akunq.net\/tr\/#\/schema\/person\/096f1d38a12cce57fb855b485ed24c9e"},"headline":"Keldaniler Bin Y\u0131ll\u0131k Kiliselerini Yeniden \u0130n\u015fa Etti","datePublished":"2022-07-22T06:18:31+00:00","mainEntityOfPage":{"@id":"https:\/\/akunq.net\/tr\/?p=69367"},"wordCount":975,"commentCount":0,"image":{"@id":"https:\/\/akunq.net\/tr\/?p=69367#primaryimage"},"thumbnailUrl":"https:\/\/akunq.net\/tr\/wp-content\/uploads\/sites\/6\/2022\/07\/Keldaniler.jpg","articleSection":["Haberler","T\u00fcrkiye\u2019de Az\u0131nl\u0131klar"],"inLanguage":"en-US","potentialAction":[{"@type":"CommentAction","name":"Comment","target":["https:\/\/akunq.net\/tr\/?p=69367#respond"]}]},{"@type":"WebPage","@id":"https:\/\/akunq.net\/tr\/?p=69367","url":"https:\/\/akunq.net\/tr\/?p=69367","name":"Keldaniler Bin Y\u0131ll\u0131k Kiliselerini Yeniden \u0130n\u015fa Etti - Bati Ermenistan Ve Bati Ermenileri Sorunlari Ara\u015ftirmalar Merkezi","isPartOf":{"@id":"https:\/\/akunq.net\/tr\/#website"},"primaryImageOfPage":{"@id":"https:\/\/akunq.net\/tr\/?p=69367#primaryimage"},"image":{"@id":"https:\/\/akunq.net\/tr\/?p=69367#primaryimage"},"thumbnailUrl":"https:\/\/akunq.net\/tr\/wp-content\/uploads\/sites\/6\/2022\/07\/Keldaniler.jpg","datePublished":"2022-07-22T06:18:31+00:00","author":{"@id":"https:\/\/akunq.net\/tr\/#\/schema\/person\/096f1d38a12cce57fb855b485ed24c9e"},"breadcrumb":{"@id":"https:\/\/akunq.net\/tr\/?p=69367#breadcrumb"},"inLanguage":"en-US","potentialAction":[{"@type":"ReadAction","target":["https:\/\/akunq.net\/tr\/?p=69367"]}]},{"@type":"ImageObject","inLanguage":"en-US","@id":"https:\/\/akunq.net\/tr\/?p=69367#primaryimage","url":"https:\/\/akunq.net\/tr\/wp-content\/uploads\/sites\/6\/2022\/07\/Keldaniler.jpg","contentUrl":"https:\/\/akunq.net\/tr\/wp-content\/uploads\/sites\/6\/2022\/07\/Keldaniler.jpg","width":1021,"height":603},{"@type":"BreadcrumbList","@id":"https:\/\/akunq.net\/tr\/?p=69367#breadcrumb","itemListElement":[{"@type":"ListItem","position":1,"name":"Home","item":"https:\/\/akunq.net\/tr"},{"@type":"ListItem","position":2,"name":"Keldaniler Bin Y\u0131ll\u0131k Kiliselerini Yeniden \u0130n\u015fa Etti"}]},{"@type":"WebSite","@id":"https:\/\/akunq.net\/tr\/#website","url":"https:\/\/akunq.net\/tr\/","name":"Bati Ermenistan Ve Bati Ermenileri Sorunlari Ara\u015ftirmalar Merkezi","description":"","potentialAction":[{"@type":"SearchAction","target":{"@type":"EntryPoint","urlTemplate":"https:\/\/akunq.net\/tr\/?s={search_term_string}"},"query-input":{"@type":"PropertyValueSpecification","valueRequired":true,"valueName":"search_term_string"}}],"inLanguage":"en-US"},{"@type":"Person","@id":"https:\/\/akunq.net\/tr\/#\/schema\/person\/096f1d38a12cce57fb855b485ed24c9e","name":"admin","url":"https:\/\/akunq.net\/tr\/?author=7"}]}},"_links":{"self":[{"href":"https:\/\/akunq.net\/tr\/index.php?rest_route=\/wp\/v2\/posts\/69367","targetHints":{"allow":["GET"]}}],"collection":[{"href":"https:\/\/akunq.net\/tr\/index.php?rest_route=\/wp\/v2\/posts"}],"about":[{"href":"https:\/\/akunq.net\/tr\/index.php?rest_route=\/wp\/v2\/types\/post"}],"author":[{"embeddable":true,"href":"https:\/\/akunq.net\/tr\/index.php?rest_route=\/wp\/v2\/users\/7"}],"replies":[{"embeddable":true,"href":"https:\/\/akunq.net\/tr\/index.php?rest_route=%2Fwp%2Fv2%2Fcomments&post=69367"}],"version-history":[{"count":1,"href":"https:\/\/akunq.net\/tr\/index.php?rest_route=\/wp\/v2\/posts\/69367\/revisions"}],"predecessor-version":[{"id":69369,"href":"https:\/\/akunq.net\/tr\/index.php?rest_route=\/wp\/v2\/posts\/69367\/revisions\/69369"}],"wp:featuredmedia":[{"embeddable":true,"href":"https:\/\/akunq.net\/tr\/index.php?rest_route=\/wp\/v2\/media\/69368"}],"wp:attachment":[{"href":"https:\/\/akunq.net\/tr\/index.php?rest_route=%2Fwp%2Fv2%2Fmedia&parent=69367"}],"wp:term":[{"taxonomy":"category","embeddable":true,"href":"https:\/\/akunq.net\/tr\/index.php?rest_route=%2Fwp%2Fv2%2Fcategories&post=69367"},{"taxonomy":"post_tag","embeddable":true,"href":"https:\/\/akunq.net\/tr\/index.php?rest_route=%2Fwp%2Fv2%2Ftags&post=69367"}],"curies":[{"name":"wp","href":"https:\/\/api.w.org\/{rel}","templated":true}]}}