{"id":69360,"date":"2022-07-21T02:55:25","date_gmt":"2022-07-21T07:55:25","guid":{"rendered":"https:\/\/akunq.net\/tr\/?p=69360"},"modified":"2022-07-21T02:55:25","modified_gmt":"2022-07-21T07:55:25","slug":"irakta-bir-gunluk-yas-ilan-edildi","status":"publish","type":"post","link":"https:\/\/akunq.net\/tr\/?p=69360","title":{"rendered":"Irak&#8217;ta bir g\u00fcnl\u00fck yas ilan edildi"},"content":{"rendered":"<p><img loading=\"lazy\" decoding=\"async\" class=\"aligncenter size-medium wp-image-69361\" src=\"https:\/\/akunq.net\/tr\/wp-content\/uploads\/2022\/07\/Irak-360x242.jpg\" alt=\"\" width=\"360\" height=\"242\" srcset=\"https:\/\/akunq.net\/tr\/wp-content\/uploads\/sites\/6\/2022\/07\/Irak-360x242.jpg 360w, https:\/\/akunq.net\/tr\/wp-content\/uploads\/sites\/6\/2022\/07\/Irak-560x376.jpg 560w, https:\/\/akunq.net\/tr\/wp-content\/uploads\/sites\/6\/2022\/07\/Irak-260x175.jpg 260w, https:\/\/akunq.net\/tr\/wp-content\/uploads\/sites\/6\/2022\/07\/Irak-160x107.jpg 160w, https:\/\/akunq.net\/tr\/wp-content\/uploads\/sites\/6\/2022\/07\/Irak.jpg 670w\" sizes=\"auto, (max-width: 360px) 100vw, 360px\" \/><\/p>\n<p><em><strong>T\u00fcrkiye&#8217;nin Zaho\u2019nun Bamern\u00ea beldesine ba\u011fl\u0131 Perex K\u00f6y\u00fc\u2019nde ger\u00e7ekle\u015ftirdi\u011fi katliamdan dolay\u0131 Irak\u2019ta bir g\u00fcnl\u00fck yas ilan edildi.<\/strong><\/em><\/p>\n<p>T\u00fcrkiye taraf\u0131ndan Perex K\u00f6y\u00fc\u2019nde bulunan turistlere y\u00f6nelik ger\u00e7ekle\u015ftirilen sald\u0131r\u0131da \u00e7o\u011funlu\u011fu \u00e7ocuk ve kad\u0131n olan 9 Arap turist hayat\u0131n\u0131 kaybederken 29\u2019u yaralanm\u0131\u015ft\u0131.<\/p>\n<p>Irak Ba\u015fbakan\u0131 Mustafa Kaz\u0131mi taraf\u0131ndan yap\u0131lan a\u00e7\u0131klamada Zaho Katliam\u0131 nedeniyle Irak genelinde bir g\u00fcnl\u00fck yas ilan edildi\u011fi belirtildi.<\/p>\n<p>T\u00fcrkiye taraf\u0131ndan ger\u00e7ekle\u015ftirilen sald\u0131r\u0131ya y\u00f6nelik tepkiler ve protestolar ise Irak genelinde yay\u0131larak devam ediyor.<\/p>\n<p>Irak Ba\u015fbakan\u0131 Mustafa el-Kaz\u0131mi, b\u00f6lgeye d\u0131\u015fi\u015fleri bakan\u0131 ve g\u00fcvenlik yetkililerinin g\u00f6nderildi\u011fini s\u00f6yledi.<\/p>\n<p>Kaz\u0131mi, Twitter\u2019dan yapt\u0131\u011f\u0131 payla\u015f\u0131mda, \u201cT\u00fcrk kuvvetleri bir kez daha Irak\u2019\u0131n egemenli\u011fini a\u00e7\u0131k\u00e7a ihlal etti\u201d dedi.<\/p>\n<p>T\u00fcrkiye D\u0131\u015fi\u015fleri Bakanl\u0131\u011f\u0131&#8217;n\u0131n a\u00e7\u0131klamas\u0131nda ise Irakl\u0131 yetkililere de \u00e7a\u011fr\u0131 yap\u0131larak, &#8220;Hain ter\u00f6r \u00f6rg\u00fct\u00fcn\u00fcn propagandas\u0131n\u0131n etkisi alt\u0131nda a\u00e7\u0131klama yap\u0131lmamas\u0131&#8221; talep edildi.<\/p>\n<p>Irak medyas\u0131, Ba\u011fdat&#8217;taki T\u00fcrkiye B\u00fcy\u00fckel\u00e7ili\u011fi \u00f6n\u00fcnde protesto g\u00f6sterileri d\u00fczenlendi\u011fini aktard\u0131.<\/p>\n<p>\u00dclkenin ba\u015fka \u015fehirlerinde de T\u00fcrkiye aleyhine protestolar\u0131n d\u00fczenlendi\u011fi, T\u00fcrkiye bayraklar\u0131n\u0131n yak\u0131ld\u0131\u011f\u0131 kaydedildi.<\/p>\n<p>K\u00fcrdistan B\u00f6lgesel Y\u00f6netimi\u2019nin a\u00e7\u0131klamas\u0131nda da PKK ve T\u00fcrkiye ordusu aras\u0131ndaki \u00e7at\u0131\u015fmalar\u0131n bu b\u00f6lgede ya\u015fayan halk\u0131n ya\u015fam\u0131n\u0131 s\u00fcrekli tehdit etti\u011fi vurgusu yer ald\u0131.<\/p>\n<p>Yap\u0131lan a\u00e7\u0131klamada, federal h\u00fck\u00fcmet ve uluslararas\u0131 toplulu\u011fun bu olaylar\u0131n ya\u015fanmas\u0131n\u0131 engellemek i\u00e7in daha etkin \u00e7al\u0131\u015fmas\u0131 gerekti\u011fi savunuldu.<\/p>\n<p><em><strong>https:\/\/armenpress.am\/tur\/news\/1088711.html\u00a0<\/strong><\/em><\/p>\n","protected":false},"excerpt":{"rendered":"<p>T\u00fcrkiye&#8217;nin Zaho\u2019nun Bamern\u00ea beldesine ba\u011fl\u0131 Perex K\u00f6y\u00fc\u2019nde ger\u00e7ekle\u015ftirdi\u011fi katliamdan dolay\u0131 Irak\u2019ta bir g\u00fcnl\u00fck yas ilan edildi. T\u00fcrkiye taraf\u0131ndan Perex K\u00f6y\u00fc\u2019nde bulunan turistlere y\u00f6nelik ger\u00e7ekle\u015ftirilen sald\u0131r\u0131da \u00e7o\u011funlu\u011fu \u00e7ocuk ve kad\u0131n olan 9 Arap turist hayat\u0131n\u0131 kaybederken 29\u2019u yaralanm\u0131\u015ft\u0131. Irak Ba\u015fbakan\u0131 Mustafa Kaz\u0131mi taraf\u0131ndan yap\u0131lan a\u00e7\u0131klamada Zaho Katliam\u0131 nedeniyle Irak genelinde bir g\u00fcnl\u00fck yas ilan edildi\u011fi belirtildi. [&hellip;]<\/p>\n","protected":false},"author":7,"featured_media":69361,"comment_status":"open","ping_status":"open","sticky":false,"template":"","format":"standard","meta":{"footnotes":""},"categories":[1],"tags":[],"class_list":["post-69360","post","type-post","status-publish","format-standard","has-post-thumbnail","hentry","category-haberler"],"yoast_head":"<!-- This site is optimized with the Yoast SEO plugin v27.4 - https:\/\/yoast.com\/product\/yoast-seo-wordpress\/ -->\n<title>Irak&#039;ta bir g\u00fcnl\u00fck yas ilan edildi - Bati Ermenistan Ve Bati Ermenileri Sorunlari Ara\u015ftirmalar Merkezi<\/title>\n<meta name=\"robots\" content=\"index, follow, max-snippet:-1, max-image-preview:large, max-video-preview:-1\" \/>\n<link rel=\"canonical\" href=\"https:\/\/akunq.net\/tr\/?p=69360\" \/>\n<meta property=\"og:locale\" content=\"en_US\" \/>\n<meta property=\"og:type\" content=\"article\" \/>\n<meta property=\"og:title\" content=\"Irak&#039;ta bir g\u00fcnl\u00fck yas ilan edildi - Bati Ermenistan Ve Bati Ermenileri Sorunlari Ara\u015ftirmalar Merkezi\" \/>\n<meta property=\"og:description\" content=\"T\u00fcrkiye&#8217;nin Zaho\u2019nun Bamern\u00ea beldesine ba\u011fl\u0131 Perex K\u00f6y\u00fc\u2019nde ger\u00e7ekle\u015ftirdi\u011fi katliamdan dolay\u0131 Irak\u2019ta bir g\u00fcnl\u00fck yas ilan edildi. T\u00fcrkiye taraf\u0131ndan Perex K\u00f6y\u00fc\u2019nde bulunan turistlere y\u00f6nelik ger\u00e7ekle\u015ftirilen sald\u0131r\u0131da \u00e7o\u011funlu\u011fu \u00e7ocuk ve kad\u0131n olan 9 Arap turist hayat\u0131n\u0131 kaybederken 29\u2019u yaralanm\u0131\u015ft\u0131. Irak Ba\u015fbakan\u0131 Mustafa Kaz\u0131mi taraf\u0131ndan yap\u0131lan a\u00e7\u0131klamada Zaho Katliam\u0131 nedeniyle Irak genelinde bir g\u00fcnl\u00fck yas ilan edildi\u011fi belirtildi. [&hellip;]\" \/>\n<meta property=\"og:url\" content=\"https:\/\/akunq.net\/tr\/?p=69360\" \/>\n<meta property=\"og:site_name\" content=\"Bati Ermenistan Ve Bati Ermenileri Sorunlari Ara\u015ftirmalar Merkezi\" \/>\n<meta property=\"article:published_time\" content=\"2022-07-21T07:55:25+00:00\" \/>\n<meta property=\"og:image\" content=\"https:\/\/akunq.net\/tr\/wp-content\/uploads\/sites\/6\/2022\/07\/Irak.jpg\" \/>\n\t<meta property=\"og:image:width\" content=\"670\" \/>\n\t<meta property=\"og:image:height\" content=\"450\" \/>\n\t<meta property=\"og:image:type\" content=\"image\/jpeg\" \/>\n<meta name=\"author\" content=\"admin\" \/>\n<meta name=\"twitter:card\" content=\"summary_large_image\" \/>\n<meta name=\"twitter:label1\" content=\"Written by\" \/>\n\t<meta name=\"twitter:data1\" content=\"admin\" \/>\n\t<meta name=\"twitter:label2\" content=\"Est. reading time\" \/>\n\t<meta name=\"twitter:data2\" content=\"2 minutes\" \/>\n<script type=\"application\/ld+json\" class=\"yoast-schema-graph\">{\"@context\":\"https:\\\/\\\/schema.org\",\"@graph\":[{\"@type\":\"Article\",\"@id\":\"https:\\\/\\\/akunq.net\\\/tr\\\/?p=69360#article\",\"isPartOf\":{\"@id\":\"https:\\\/\\\/akunq.net\\\/tr\\\/?p=69360\"},\"author\":{\"name\":\"admin\",\"@id\":\"https:\\\/\\\/akunq.net\\\/tr\\\/#\\\/schema\\\/person\\\/096f1d38a12cce57fb855b485ed24c9e\"},\"headline\":\"Irak&#8217;ta bir g\u00fcnl\u00fck yas ilan edildi\",\"datePublished\":\"2022-07-21T07:55:25+00:00\",\"mainEntityOfPage\":{\"@id\":\"https:\\\/\\\/akunq.net\\\/tr\\\/?p=69360\"},\"wordCount\":313,\"commentCount\":0,\"image\":{\"@id\":\"https:\\\/\\\/akunq.net\\\/tr\\\/?p=69360#primaryimage\"},\"thumbnailUrl\":\"https:\\\/\\\/akunq.net\\\/tr\\\/wp-content\\\/uploads\\\/sites\\\/6\\\/2022\\\/07\\\/Irak.jpg\",\"articleSection\":[\"Haberler\"],\"inLanguage\":\"en-US\",\"potentialAction\":[{\"@type\":\"CommentAction\",\"name\":\"Comment\",\"target\":[\"https:\\\/\\\/akunq.net\\\/tr\\\/?p=69360#respond\"]}]},{\"@type\":\"WebPage\",\"@id\":\"https:\\\/\\\/akunq.net\\\/tr\\\/?p=69360\",\"url\":\"https:\\\/\\\/akunq.net\\\/tr\\\/?p=69360\",\"name\":\"Irak'ta bir g\u00fcnl\u00fck yas ilan edildi - Bati Ermenistan Ve Bati Ermenileri Sorunlari Ara\u015ftirmalar Merkezi\",\"isPartOf\":{\"@id\":\"https:\\\/\\\/akunq.net\\\/tr\\\/#website\"},\"primaryImageOfPage\":{\"@id\":\"https:\\\/\\\/akunq.net\\\/tr\\\/?p=69360#primaryimage\"},\"image\":{\"@id\":\"https:\\\/\\\/akunq.net\\\/tr\\\/?p=69360#primaryimage\"},\"thumbnailUrl\":\"https:\\\/\\\/akunq.net\\\/tr\\\/wp-content\\\/uploads\\\/sites\\\/6\\\/2022\\\/07\\\/Irak.jpg\",\"datePublished\":\"2022-07-21T07:55:25+00:00\",\"author\":{\"@id\":\"https:\\\/\\\/akunq.net\\\/tr\\\/#\\\/schema\\\/person\\\/096f1d38a12cce57fb855b485ed24c9e\"},\"breadcrumb\":{\"@id\":\"https:\\\/\\\/akunq.net\\\/tr\\\/?p=69360#breadcrumb\"},\"inLanguage\":\"en-US\",\"potentialAction\":[{\"@type\":\"ReadAction\",\"target\":[\"https:\\\/\\\/akunq.net\\\/tr\\\/?p=69360\"]}]},{\"@type\":\"ImageObject\",\"inLanguage\":\"en-US\",\"@id\":\"https:\\\/\\\/akunq.net\\\/tr\\\/?p=69360#primaryimage\",\"url\":\"https:\\\/\\\/akunq.net\\\/tr\\\/wp-content\\\/uploads\\\/sites\\\/6\\\/2022\\\/07\\\/Irak.jpg\",\"contentUrl\":\"https:\\\/\\\/akunq.net\\\/tr\\\/wp-content\\\/uploads\\\/sites\\\/6\\\/2022\\\/07\\\/Irak.jpg\",\"width\":670,\"height\":450},{\"@type\":\"BreadcrumbList\",\"@id\":\"https:\\\/\\\/akunq.net\\\/tr\\\/?p=69360#breadcrumb\",\"itemListElement\":[{\"@type\":\"ListItem\",\"position\":1,\"name\":\"Home\",\"item\":\"https:\\\/\\\/akunq.net\\\/tr\"},{\"@type\":\"ListItem\",\"position\":2,\"name\":\"Irak&#8217;ta bir g\u00fcnl\u00fck yas ilan edildi\"}]},{\"@type\":\"WebSite\",\"@id\":\"https:\\\/\\\/akunq.net\\\/tr\\\/#website\",\"url\":\"https:\\\/\\\/akunq.net\\\/tr\\\/\",\"name\":\"Bati Ermenistan Ve Bati Ermenileri Sorunlari Ara\u015ftirmalar Merkezi\",\"description\":\"\",\"potentialAction\":[{\"@type\":\"SearchAction\",\"target\":{\"@type\":\"EntryPoint\",\"urlTemplate\":\"https:\\\/\\\/akunq.net\\\/tr\\\/?s={search_term_string}\"},\"query-input\":{\"@type\":\"PropertyValueSpecification\",\"valueRequired\":true,\"valueName\":\"search_term_string\"}}],\"inLanguage\":\"en-US\"},{\"@type\":\"Person\",\"@id\":\"https:\\\/\\\/akunq.net\\\/tr\\\/#\\\/schema\\\/person\\\/096f1d38a12cce57fb855b485ed24c9e\",\"name\":\"admin\",\"url\":\"https:\\\/\\\/akunq.net\\\/tr\\\/?author=7\"}]}<\/script>\n<!-- \/ Yoast SEO plugin. -->","yoast_head_json":{"title":"Irak'ta bir g\u00fcnl\u00fck yas ilan edildi - Bati Ermenistan Ve Bati Ermenileri Sorunlari Ara\u015ftirmalar Merkezi","robots":{"index":"index","follow":"follow","max-snippet":"max-snippet:-1","max-image-preview":"max-image-preview:large","max-video-preview":"max-video-preview:-1"},"canonical":"https:\/\/akunq.net\/tr\/?p=69360","og_locale":"en_US","og_type":"article","og_title":"Irak'ta bir g\u00fcnl\u00fck yas ilan edildi - Bati Ermenistan Ve Bati Ermenileri Sorunlari Ara\u015ftirmalar Merkezi","og_description":"T\u00fcrkiye&#8217;nin Zaho\u2019nun Bamern\u00ea beldesine ba\u011fl\u0131 Perex K\u00f6y\u00fc\u2019nde ger\u00e7ekle\u015ftirdi\u011fi katliamdan dolay\u0131 Irak\u2019ta bir g\u00fcnl\u00fck yas ilan edildi. T\u00fcrkiye taraf\u0131ndan Perex K\u00f6y\u00fc\u2019nde bulunan turistlere y\u00f6nelik ger\u00e7ekle\u015ftirilen sald\u0131r\u0131da \u00e7o\u011funlu\u011fu \u00e7ocuk ve kad\u0131n olan 9 Arap turist hayat\u0131n\u0131 kaybederken 29\u2019u yaralanm\u0131\u015ft\u0131. Irak Ba\u015fbakan\u0131 Mustafa Kaz\u0131mi taraf\u0131ndan yap\u0131lan a\u00e7\u0131klamada Zaho Katliam\u0131 nedeniyle Irak genelinde bir g\u00fcnl\u00fck yas ilan edildi\u011fi belirtildi. [&hellip;]","og_url":"https:\/\/akunq.net\/tr\/?p=69360","og_site_name":"Bati Ermenistan Ve Bati Ermenileri Sorunlari Ara\u015ftirmalar Merkezi","article_published_time":"2022-07-21T07:55:25+00:00","og_image":[{"width":670,"height":450,"url":"https:\/\/akunq.net\/tr\/wp-content\/uploads\/sites\/6\/2022\/07\/Irak.jpg","type":"image\/jpeg"}],"author":"admin","twitter_card":"summary_large_image","twitter_misc":{"Written by":"admin","Est. reading time":"2 minutes"},"schema":{"@context":"https:\/\/schema.org","@graph":[{"@type":"Article","@id":"https:\/\/akunq.net\/tr\/?p=69360#article","isPartOf":{"@id":"https:\/\/akunq.net\/tr\/?p=69360"},"author":{"name":"admin","@id":"https:\/\/akunq.net\/tr\/#\/schema\/person\/096f1d38a12cce57fb855b485ed24c9e"},"headline":"Irak&#8217;ta bir g\u00fcnl\u00fck yas ilan edildi","datePublished":"2022-07-21T07:55:25+00:00","mainEntityOfPage":{"@id":"https:\/\/akunq.net\/tr\/?p=69360"},"wordCount":313,"commentCount":0,"image":{"@id":"https:\/\/akunq.net\/tr\/?p=69360#primaryimage"},"thumbnailUrl":"https:\/\/akunq.net\/tr\/wp-content\/uploads\/sites\/6\/2022\/07\/Irak.jpg","articleSection":["Haberler"],"inLanguage":"en-US","potentialAction":[{"@type":"CommentAction","name":"Comment","target":["https:\/\/akunq.net\/tr\/?p=69360#respond"]}]},{"@type":"WebPage","@id":"https:\/\/akunq.net\/tr\/?p=69360","url":"https:\/\/akunq.net\/tr\/?p=69360","name":"Irak'ta bir g\u00fcnl\u00fck yas ilan edildi - Bati Ermenistan Ve Bati Ermenileri Sorunlari Ara\u015ftirmalar Merkezi","isPartOf":{"@id":"https:\/\/akunq.net\/tr\/#website"},"primaryImageOfPage":{"@id":"https:\/\/akunq.net\/tr\/?p=69360#primaryimage"},"image":{"@id":"https:\/\/akunq.net\/tr\/?p=69360#primaryimage"},"thumbnailUrl":"https:\/\/akunq.net\/tr\/wp-content\/uploads\/sites\/6\/2022\/07\/Irak.jpg","datePublished":"2022-07-21T07:55:25+00:00","author":{"@id":"https:\/\/akunq.net\/tr\/#\/schema\/person\/096f1d38a12cce57fb855b485ed24c9e"},"breadcrumb":{"@id":"https:\/\/akunq.net\/tr\/?p=69360#breadcrumb"},"inLanguage":"en-US","potentialAction":[{"@type":"ReadAction","target":["https:\/\/akunq.net\/tr\/?p=69360"]}]},{"@type":"ImageObject","inLanguage":"en-US","@id":"https:\/\/akunq.net\/tr\/?p=69360#primaryimage","url":"https:\/\/akunq.net\/tr\/wp-content\/uploads\/sites\/6\/2022\/07\/Irak.jpg","contentUrl":"https:\/\/akunq.net\/tr\/wp-content\/uploads\/sites\/6\/2022\/07\/Irak.jpg","width":670,"height":450},{"@type":"BreadcrumbList","@id":"https:\/\/akunq.net\/tr\/?p=69360#breadcrumb","itemListElement":[{"@type":"ListItem","position":1,"name":"Home","item":"https:\/\/akunq.net\/tr"},{"@type":"ListItem","position":2,"name":"Irak&#8217;ta bir g\u00fcnl\u00fck yas ilan edildi"}]},{"@type":"WebSite","@id":"https:\/\/akunq.net\/tr\/#website","url":"https:\/\/akunq.net\/tr\/","name":"Bati Ermenistan Ve Bati Ermenileri Sorunlari Ara\u015ftirmalar Merkezi","description":"","potentialAction":[{"@type":"SearchAction","target":{"@type":"EntryPoint","urlTemplate":"https:\/\/akunq.net\/tr\/?s={search_term_string}"},"query-input":{"@type":"PropertyValueSpecification","valueRequired":true,"valueName":"search_term_string"}}],"inLanguage":"en-US"},{"@type":"Person","@id":"https:\/\/akunq.net\/tr\/#\/schema\/person\/096f1d38a12cce57fb855b485ed24c9e","name":"admin","url":"https:\/\/akunq.net\/tr\/?author=7"}]}},"_links":{"self":[{"href":"https:\/\/akunq.net\/tr\/index.php?rest_route=\/wp\/v2\/posts\/69360","targetHints":{"allow":["GET"]}}],"collection":[{"href":"https:\/\/akunq.net\/tr\/index.php?rest_route=\/wp\/v2\/posts"}],"about":[{"href":"https:\/\/akunq.net\/tr\/index.php?rest_route=\/wp\/v2\/types\/post"}],"author":[{"embeddable":true,"href":"https:\/\/akunq.net\/tr\/index.php?rest_route=\/wp\/v2\/users\/7"}],"replies":[{"embeddable":true,"href":"https:\/\/akunq.net\/tr\/index.php?rest_route=%2Fwp%2Fv2%2Fcomments&post=69360"}],"version-history":[{"count":1,"href":"https:\/\/akunq.net\/tr\/index.php?rest_route=\/wp\/v2\/posts\/69360\/revisions"}],"predecessor-version":[{"id":69362,"href":"https:\/\/akunq.net\/tr\/index.php?rest_route=\/wp\/v2\/posts\/69360\/revisions\/69362"}],"wp:featuredmedia":[{"embeddable":true,"href":"https:\/\/akunq.net\/tr\/index.php?rest_route=\/wp\/v2\/media\/69361"}],"wp:attachment":[{"href":"https:\/\/akunq.net\/tr\/index.php?rest_route=%2Fwp%2Fv2%2Fmedia&parent=69360"}],"wp:term":[{"taxonomy":"category","embeddable":true,"href":"https:\/\/akunq.net\/tr\/index.php?rest_route=%2Fwp%2Fv2%2Fcategories&post=69360"},{"taxonomy":"post_tag","embeddable":true,"href":"https:\/\/akunq.net\/tr\/index.php?rest_route=%2Fwp%2Fv2%2Ftags&post=69360"}],"curies":[{"name":"wp","href":"https:\/\/api.w.org\/{rel}","templated":true}]}}