{"id":69351,"date":"2022-07-21T02:05:25","date_gmt":"2022-07-21T07:05:25","guid":{"rendered":"https:\/\/akunq.net\/tr\/?p=69351"},"modified":"2022-07-21T02:05:25","modified_gmt":"2022-07-21T07:05:25","slug":"canakkalede-200-yillik-kilise-cani-ele-gecirildi","status":"publish","type":"post","link":"https:\/\/akunq.net\/tr\/?p=69351","title":{"rendered":"\u00c7anakkale\u2019de 200 y\u0131ll\u0131k kilise \u00e7an\u0131 ele ge\u00e7irildi"},"content":{"rendered":"<p><img loading=\"lazy\" decoding=\"async\" class=\"aligncenter size-medium wp-image-69352\" src=\"https:\/\/akunq.net\/tr\/wp-content\/uploads\/2022\/07\/200-yillik-kilise-cani-360x203.webp\" alt=\"\" width=\"360\" height=\"203\" srcset=\"https:\/\/akunq.net\/tr\/wp-content\/uploads\/sites\/6\/2022\/07\/200-yillik-kilise-cani-360x203.webp 360w, https:\/\/akunq.net\/tr\/wp-content\/uploads\/sites\/6\/2022\/07\/200-yillik-kilise-cani-768x433.webp 768w, https:\/\/akunq.net\/tr\/wp-content\/uploads\/sites\/6\/2022\/07\/200-yillik-kilise-cani-560x316.webp 560w, https:\/\/akunq.net\/tr\/wp-content\/uploads\/sites\/6\/2022\/07\/200-yillik-kilise-cani-260x147.webp 260w, https:\/\/akunq.net\/tr\/wp-content\/uploads\/sites\/6\/2022\/07\/200-yillik-kilise-cani-160x90.webp 160w, https:\/\/akunq.net\/tr\/wp-content\/uploads\/sites\/6\/2022\/07\/200-yillik-kilise-cani.webp 850w\" sizes=\"auto, (max-width: 360px) 100vw, 360px\" \/><\/p>\n<p><em><strong>\u00c7anakkale\u2019de d\u00fczenlenen operasyonda \u00fczerinde 1817 yaz\u0131s\u0131 ve ha\u00e7 i\u015fareti bulunan ve tarihi eser niteli\u011fi ta\u015f\u0131d\u0131\u011f\u0131 belirlenen yakla\u015f\u0131k 200 y\u0131ll\u0131k kilise \u00e7an\u0131 ele ge\u00e7irildi.<\/strong><\/em><\/p>\n<p><strong>DUVAR \u2013<\/strong>\u00c7anakkale\u2019deki operasyonda 200 y\u0131ll\u0131k oldu\u011fu de\u011ferlendirilen bir kilise \u00e7an\u0131na el konuldu.<\/p>\n<p>AA\u2019n\u0131n haberine g\u00f6re, \u0130l Emniyet M\u00fcd\u00fcrl\u00fc\u011f\u00fc Ka\u00e7ak\u00e7\u0131l\u0131k ve Organize Su\u00e7larla M\u00fccadele \u015eubesi ekipleri, kentte tarihi eser ka\u00e7ak\u00e7\u0131l\u0131\u011f\u0131n\u0131n \u00f6nlenmesine y\u00f6nelik \u00e7al\u0131\u015fmalar kapsam\u0131nda \u015f\u00fcpheli S.E\u2019ye ait ikamete operasyon d\u00fczenledi.<\/p>\n<p>Operasyonda, \u00fczerinde 1817 yaz\u0131s\u0131 ve ha\u00e7 i\u015fareti bulunan ve tarihi eser niteli\u011fi ta\u015f\u0131d\u0131\u011f\u0131 belirlenen yakla\u015f\u0131k 200 y\u0131ll\u0131k kilise \u00e7an\u0131 ele ge\u00e7irildi.<\/p>\n<p>\u015e\u00fcpheli, ifadesinin al\u0131nmas\u0131n\u0131n ard\u0131ndan cumhuriyet savc\u0131s\u0131n\u0131n talimat\u0131yla serbest b\u0131rak\u0131ld\u0131, operasyonda bulunan malzemeye el konuldu. (HABER MERKEZ\u0130)<\/p>\n<p><em><strong><a href=\"https:\/\/www.gazeteduvar.com.tr\/canakkalede-200-yillik-kilise-cani-ele-gecirildi-haber-1573964\">https:\/\/www.gazeteduvar.com.tr\/canakkalede-200-yillik-kilise-cani-ele-gecirildi-haber-1573964<\/a>\u00a0<\/strong><\/em><\/p>\n","protected":false},"excerpt":{"rendered":"<p>\u00c7anakkale\u2019de d\u00fczenlenen operasyonda \u00fczerinde 1817 yaz\u0131s\u0131 ve ha\u00e7 i\u015fareti bulunan ve tarihi eser niteli\u011fi ta\u015f\u0131d\u0131\u011f\u0131 belirlenen yakla\u015f\u0131k 200 y\u0131ll\u0131k kilise \u00e7an\u0131 ele ge\u00e7irildi. DUVAR \u2013\u00c7anakkale\u2019deki operasyonda 200 y\u0131ll\u0131k oldu\u011fu de\u011ferlendirilen bir kilise \u00e7an\u0131na el konuldu. AA\u2019n\u0131n haberine g\u00f6re, \u0130l Emniyet M\u00fcd\u00fcrl\u00fc\u011f\u00fc Ka\u00e7ak\u00e7\u0131l\u0131k ve Organize Su\u00e7larla M\u00fccadele \u015eubesi ekipleri, kentte tarihi eser ka\u00e7ak\u00e7\u0131l\u0131\u011f\u0131n\u0131n \u00f6nlenmesine y\u00f6nelik \u00e7al\u0131\u015fmalar [&hellip;]<\/p>\n","protected":false},"author":7,"featured_media":69352,"comment_status":"open","ping_status":"open","sticky":false,"template":"","format":"standard","meta":{"footnotes":""},"categories":[1],"tags":[],"class_list":["post-69351","post","type-post","status-publish","format-standard","has-post-thumbnail","hentry","category-haberler"],"yoast_head":"<!-- This site is optimized with the Yoast SEO plugin v27.4 - https:\/\/yoast.com\/product\/yoast-seo-wordpress\/ -->\n<title>\u00c7anakkale\u2019de 200 y\u0131ll\u0131k kilise \u00e7an\u0131 ele ge\u00e7irildi - Bati Ermenistan Ve Bati Ermenileri Sorunlari Ara\u015ftirmalar Merkezi<\/title>\n<meta name=\"robots\" content=\"index, follow, max-snippet:-1, max-image-preview:large, max-video-preview:-1\" \/>\n<link rel=\"canonical\" href=\"https:\/\/akunq.net\/tr\/?p=69351\" \/>\n<meta property=\"og:locale\" content=\"en_US\" \/>\n<meta property=\"og:type\" content=\"article\" \/>\n<meta property=\"og:title\" content=\"\u00c7anakkale\u2019de 200 y\u0131ll\u0131k kilise \u00e7an\u0131 ele ge\u00e7irildi - Bati Ermenistan Ve Bati Ermenileri Sorunlari Ara\u015ftirmalar Merkezi\" \/>\n<meta property=\"og:description\" content=\"\u00c7anakkale\u2019de d\u00fczenlenen operasyonda \u00fczerinde 1817 yaz\u0131s\u0131 ve ha\u00e7 i\u015fareti bulunan ve tarihi eser niteli\u011fi ta\u015f\u0131d\u0131\u011f\u0131 belirlenen yakla\u015f\u0131k 200 y\u0131ll\u0131k kilise \u00e7an\u0131 ele ge\u00e7irildi. DUVAR \u2013\u00c7anakkale\u2019deki operasyonda 200 y\u0131ll\u0131k oldu\u011fu de\u011ferlendirilen bir kilise \u00e7an\u0131na el konuldu. AA\u2019n\u0131n haberine g\u00f6re, \u0130l Emniyet M\u00fcd\u00fcrl\u00fc\u011f\u00fc Ka\u00e7ak\u00e7\u0131l\u0131k ve Organize Su\u00e7larla M\u00fccadele \u015eubesi ekipleri, kentte tarihi eser ka\u00e7ak\u00e7\u0131l\u0131\u011f\u0131n\u0131n \u00f6nlenmesine y\u00f6nelik \u00e7al\u0131\u015fmalar [&hellip;]\" \/>\n<meta property=\"og:url\" content=\"https:\/\/akunq.net\/tr\/?p=69351\" \/>\n<meta property=\"og:site_name\" content=\"Bati Ermenistan Ve Bati Ermenileri Sorunlari Ara\u015ftirmalar Merkezi\" \/>\n<meta property=\"article:published_time\" content=\"2022-07-21T07:05:25+00:00\" \/>\n<meta property=\"og:image\" content=\"https:\/\/akunq.net\/tr\/wp-content\/uploads\/sites\/6\/2022\/07\/200-yillik-kilise-cani.webp\" \/>\n\t<meta property=\"og:image:width\" content=\"850\" \/>\n\t<meta property=\"og:image:height\" content=\"479\" \/>\n\t<meta property=\"og:image:type\" content=\"image\/webp\" \/>\n<meta name=\"author\" content=\"admin\" \/>\n<meta name=\"twitter:card\" content=\"summary_large_image\" \/>\n<meta name=\"twitter:label1\" content=\"Written by\" \/>\n\t<meta name=\"twitter:data1\" content=\"admin\" \/>\n\t<meta name=\"twitter:label2\" content=\"Est. reading time\" \/>\n\t<meta name=\"twitter:data2\" content=\"1 minute\" \/>\n<script type=\"application\/ld+json\" class=\"yoast-schema-graph\">{\"@context\":\"https:\\\/\\\/schema.org\",\"@graph\":[{\"@type\":\"Article\",\"@id\":\"https:\\\/\\\/akunq.net\\\/tr\\\/?p=69351#article\",\"isPartOf\":{\"@id\":\"https:\\\/\\\/akunq.net\\\/tr\\\/?p=69351\"},\"author\":{\"name\":\"admin\",\"@id\":\"https:\\\/\\\/akunq.net\\\/tr\\\/#\\\/schema\\\/person\\\/096f1d38a12cce57fb855b485ed24c9e\"},\"headline\":\"\u00c7anakkale\u2019de 200 y\u0131ll\u0131k kilise \u00e7an\u0131 ele ge\u00e7irildi\",\"datePublished\":\"2022-07-21T07:05:25+00:00\",\"mainEntityOfPage\":{\"@id\":\"https:\\\/\\\/akunq.net\\\/tr\\\/?p=69351\"},\"wordCount\":165,\"commentCount\":0,\"image\":{\"@id\":\"https:\\\/\\\/akunq.net\\\/tr\\\/?p=69351#primaryimage\"},\"thumbnailUrl\":\"https:\\\/\\\/akunq.net\\\/tr\\\/wp-content\\\/uploads\\\/sites\\\/6\\\/2022\\\/07\\\/200-yillik-kilise-cani.webp\",\"articleSection\":[\"Haberler\"],\"inLanguage\":\"en-US\",\"potentialAction\":[{\"@type\":\"CommentAction\",\"name\":\"Comment\",\"target\":[\"https:\\\/\\\/akunq.net\\\/tr\\\/?p=69351#respond\"]}]},{\"@type\":\"WebPage\",\"@id\":\"https:\\\/\\\/akunq.net\\\/tr\\\/?p=69351\",\"url\":\"https:\\\/\\\/akunq.net\\\/tr\\\/?p=69351\",\"name\":\"\u00c7anakkale\u2019de 200 y\u0131ll\u0131k kilise \u00e7an\u0131 ele ge\u00e7irildi - Bati Ermenistan Ve Bati Ermenileri Sorunlari Ara\u015ftirmalar Merkezi\",\"isPartOf\":{\"@id\":\"https:\\\/\\\/akunq.net\\\/tr\\\/#website\"},\"primaryImageOfPage\":{\"@id\":\"https:\\\/\\\/akunq.net\\\/tr\\\/?p=69351#primaryimage\"},\"image\":{\"@id\":\"https:\\\/\\\/akunq.net\\\/tr\\\/?p=69351#primaryimage\"},\"thumbnailUrl\":\"https:\\\/\\\/akunq.net\\\/tr\\\/wp-content\\\/uploads\\\/sites\\\/6\\\/2022\\\/07\\\/200-yillik-kilise-cani.webp\",\"datePublished\":\"2022-07-21T07:05:25+00:00\",\"author\":{\"@id\":\"https:\\\/\\\/akunq.net\\\/tr\\\/#\\\/schema\\\/person\\\/096f1d38a12cce57fb855b485ed24c9e\"},\"breadcrumb\":{\"@id\":\"https:\\\/\\\/akunq.net\\\/tr\\\/?p=69351#breadcrumb\"},\"inLanguage\":\"en-US\",\"potentialAction\":[{\"@type\":\"ReadAction\",\"target\":[\"https:\\\/\\\/akunq.net\\\/tr\\\/?p=69351\"]}]},{\"@type\":\"ImageObject\",\"inLanguage\":\"en-US\",\"@id\":\"https:\\\/\\\/akunq.net\\\/tr\\\/?p=69351#primaryimage\",\"url\":\"https:\\\/\\\/akunq.net\\\/tr\\\/wp-content\\\/uploads\\\/sites\\\/6\\\/2022\\\/07\\\/200-yillik-kilise-cani.webp\",\"contentUrl\":\"https:\\\/\\\/akunq.net\\\/tr\\\/wp-content\\\/uploads\\\/sites\\\/6\\\/2022\\\/07\\\/200-yillik-kilise-cani.webp\",\"width\":850,\"height\":479},{\"@type\":\"BreadcrumbList\",\"@id\":\"https:\\\/\\\/akunq.net\\\/tr\\\/?p=69351#breadcrumb\",\"itemListElement\":[{\"@type\":\"ListItem\",\"position\":1,\"name\":\"Home\",\"item\":\"https:\\\/\\\/akunq.net\\\/tr\"},{\"@type\":\"ListItem\",\"position\":2,\"name\":\"\u00c7anakkale\u2019de 200 y\u0131ll\u0131k kilise \u00e7an\u0131 ele ge\u00e7irildi\"}]},{\"@type\":\"WebSite\",\"@id\":\"https:\\\/\\\/akunq.net\\\/tr\\\/#website\",\"url\":\"https:\\\/\\\/akunq.net\\\/tr\\\/\",\"name\":\"Bati Ermenistan Ve Bati Ermenileri Sorunlari Ara\u015ftirmalar Merkezi\",\"description\":\"\",\"potentialAction\":[{\"@type\":\"SearchAction\",\"target\":{\"@type\":\"EntryPoint\",\"urlTemplate\":\"https:\\\/\\\/akunq.net\\\/tr\\\/?s={search_term_string}\"},\"query-input\":{\"@type\":\"PropertyValueSpecification\",\"valueRequired\":true,\"valueName\":\"search_term_string\"}}],\"inLanguage\":\"en-US\"},{\"@type\":\"Person\",\"@id\":\"https:\\\/\\\/akunq.net\\\/tr\\\/#\\\/schema\\\/person\\\/096f1d38a12cce57fb855b485ed24c9e\",\"name\":\"admin\",\"url\":\"https:\\\/\\\/akunq.net\\\/tr\\\/?author=7\"}]}<\/script>\n<!-- \/ Yoast SEO plugin. -->","yoast_head_json":{"title":"\u00c7anakkale\u2019de 200 y\u0131ll\u0131k kilise \u00e7an\u0131 ele ge\u00e7irildi - Bati Ermenistan Ve Bati Ermenileri Sorunlari Ara\u015ftirmalar Merkezi","robots":{"index":"index","follow":"follow","max-snippet":"max-snippet:-1","max-image-preview":"max-image-preview:large","max-video-preview":"max-video-preview:-1"},"canonical":"https:\/\/akunq.net\/tr\/?p=69351","og_locale":"en_US","og_type":"article","og_title":"\u00c7anakkale\u2019de 200 y\u0131ll\u0131k kilise \u00e7an\u0131 ele ge\u00e7irildi - Bati Ermenistan Ve Bati Ermenileri Sorunlari Ara\u015ftirmalar Merkezi","og_description":"\u00c7anakkale\u2019de d\u00fczenlenen operasyonda \u00fczerinde 1817 yaz\u0131s\u0131 ve ha\u00e7 i\u015fareti bulunan ve tarihi eser niteli\u011fi ta\u015f\u0131d\u0131\u011f\u0131 belirlenen yakla\u015f\u0131k 200 y\u0131ll\u0131k kilise \u00e7an\u0131 ele ge\u00e7irildi. DUVAR \u2013\u00c7anakkale\u2019deki operasyonda 200 y\u0131ll\u0131k oldu\u011fu de\u011ferlendirilen bir kilise \u00e7an\u0131na el konuldu. AA\u2019n\u0131n haberine g\u00f6re, \u0130l Emniyet M\u00fcd\u00fcrl\u00fc\u011f\u00fc Ka\u00e7ak\u00e7\u0131l\u0131k ve Organize Su\u00e7larla M\u00fccadele \u015eubesi ekipleri, kentte tarihi eser ka\u00e7ak\u00e7\u0131l\u0131\u011f\u0131n\u0131n \u00f6nlenmesine y\u00f6nelik \u00e7al\u0131\u015fmalar [&hellip;]","og_url":"https:\/\/akunq.net\/tr\/?p=69351","og_site_name":"Bati Ermenistan Ve Bati Ermenileri Sorunlari Ara\u015ftirmalar Merkezi","article_published_time":"2022-07-21T07:05:25+00:00","og_image":[{"width":850,"height":479,"url":"https:\/\/akunq.net\/tr\/wp-content\/uploads\/sites\/6\/2022\/07\/200-yillik-kilise-cani.webp","type":"image\/webp"}],"author":"admin","twitter_card":"summary_large_image","twitter_misc":{"Written by":"admin","Est. reading time":"1 minute"},"schema":{"@context":"https:\/\/schema.org","@graph":[{"@type":"Article","@id":"https:\/\/akunq.net\/tr\/?p=69351#article","isPartOf":{"@id":"https:\/\/akunq.net\/tr\/?p=69351"},"author":{"name":"admin","@id":"https:\/\/akunq.net\/tr\/#\/schema\/person\/096f1d38a12cce57fb855b485ed24c9e"},"headline":"\u00c7anakkale\u2019de 200 y\u0131ll\u0131k kilise \u00e7an\u0131 ele ge\u00e7irildi","datePublished":"2022-07-21T07:05:25+00:00","mainEntityOfPage":{"@id":"https:\/\/akunq.net\/tr\/?p=69351"},"wordCount":165,"commentCount":0,"image":{"@id":"https:\/\/akunq.net\/tr\/?p=69351#primaryimage"},"thumbnailUrl":"https:\/\/akunq.net\/tr\/wp-content\/uploads\/sites\/6\/2022\/07\/200-yillik-kilise-cani.webp","articleSection":["Haberler"],"inLanguage":"en-US","potentialAction":[{"@type":"CommentAction","name":"Comment","target":["https:\/\/akunq.net\/tr\/?p=69351#respond"]}]},{"@type":"WebPage","@id":"https:\/\/akunq.net\/tr\/?p=69351","url":"https:\/\/akunq.net\/tr\/?p=69351","name":"\u00c7anakkale\u2019de 200 y\u0131ll\u0131k kilise \u00e7an\u0131 ele ge\u00e7irildi - Bati Ermenistan Ve Bati Ermenileri Sorunlari Ara\u015ftirmalar Merkezi","isPartOf":{"@id":"https:\/\/akunq.net\/tr\/#website"},"primaryImageOfPage":{"@id":"https:\/\/akunq.net\/tr\/?p=69351#primaryimage"},"image":{"@id":"https:\/\/akunq.net\/tr\/?p=69351#primaryimage"},"thumbnailUrl":"https:\/\/akunq.net\/tr\/wp-content\/uploads\/sites\/6\/2022\/07\/200-yillik-kilise-cani.webp","datePublished":"2022-07-21T07:05:25+00:00","author":{"@id":"https:\/\/akunq.net\/tr\/#\/schema\/person\/096f1d38a12cce57fb855b485ed24c9e"},"breadcrumb":{"@id":"https:\/\/akunq.net\/tr\/?p=69351#breadcrumb"},"inLanguage":"en-US","potentialAction":[{"@type":"ReadAction","target":["https:\/\/akunq.net\/tr\/?p=69351"]}]},{"@type":"ImageObject","inLanguage":"en-US","@id":"https:\/\/akunq.net\/tr\/?p=69351#primaryimage","url":"https:\/\/akunq.net\/tr\/wp-content\/uploads\/sites\/6\/2022\/07\/200-yillik-kilise-cani.webp","contentUrl":"https:\/\/akunq.net\/tr\/wp-content\/uploads\/sites\/6\/2022\/07\/200-yillik-kilise-cani.webp","width":850,"height":479},{"@type":"BreadcrumbList","@id":"https:\/\/akunq.net\/tr\/?p=69351#breadcrumb","itemListElement":[{"@type":"ListItem","position":1,"name":"Home","item":"https:\/\/akunq.net\/tr"},{"@type":"ListItem","position":2,"name":"\u00c7anakkale\u2019de 200 y\u0131ll\u0131k kilise \u00e7an\u0131 ele ge\u00e7irildi"}]},{"@type":"WebSite","@id":"https:\/\/akunq.net\/tr\/#website","url":"https:\/\/akunq.net\/tr\/","name":"Bati Ermenistan Ve Bati Ermenileri Sorunlari Ara\u015ftirmalar Merkezi","description":"","potentialAction":[{"@type":"SearchAction","target":{"@type":"EntryPoint","urlTemplate":"https:\/\/akunq.net\/tr\/?s={search_term_string}"},"query-input":{"@type":"PropertyValueSpecification","valueRequired":true,"valueName":"search_term_string"}}],"inLanguage":"en-US"},{"@type":"Person","@id":"https:\/\/akunq.net\/tr\/#\/schema\/person\/096f1d38a12cce57fb855b485ed24c9e","name":"admin","url":"https:\/\/akunq.net\/tr\/?author=7"}]}},"_links":{"self":[{"href":"https:\/\/akunq.net\/tr\/index.php?rest_route=\/wp\/v2\/posts\/69351","targetHints":{"allow":["GET"]}}],"collection":[{"href":"https:\/\/akunq.net\/tr\/index.php?rest_route=\/wp\/v2\/posts"}],"about":[{"href":"https:\/\/akunq.net\/tr\/index.php?rest_route=\/wp\/v2\/types\/post"}],"author":[{"embeddable":true,"href":"https:\/\/akunq.net\/tr\/index.php?rest_route=\/wp\/v2\/users\/7"}],"replies":[{"embeddable":true,"href":"https:\/\/akunq.net\/tr\/index.php?rest_route=%2Fwp%2Fv2%2Fcomments&post=69351"}],"version-history":[{"count":1,"href":"https:\/\/akunq.net\/tr\/index.php?rest_route=\/wp\/v2\/posts\/69351\/revisions"}],"predecessor-version":[{"id":69353,"href":"https:\/\/akunq.net\/tr\/index.php?rest_route=\/wp\/v2\/posts\/69351\/revisions\/69353"}],"wp:featuredmedia":[{"embeddable":true,"href":"https:\/\/akunq.net\/tr\/index.php?rest_route=\/wp\/v2\/media\/69352"}],"wp:attachment":[{"href":"https:\/\/akunq.net\/tr\/index.php?rest_route=%2Fwp%2Fv2%2Fmedia&parent=69351"}],"wp:term":[{"taxonomy":"category","embeddable":true,"href":"https:\/\/akunq.net\/tr\/index.php?rest_route=%2Fwp%2Fv2%2Fcategories&post=69351"},{"taxonomy":"post_tag","embeddable":true,"href":"https:\/\/akunq.net\/tr\/index.php?rest_route=%2Fwp%2Fv2%2Ftags&post=69351"}],"curies":[{"name":"wp","href":"https:\/\/api.w.org\/{rel}","templated":true}]}}