{"id":69348,"date":"2022-07-21T01:21:56","date_gmt":"2022-07-21T06:21:56","guid":{"rendered":"https:\/\/akunq.net\/tr\/?p=69348"},"modified":"2022-07-21T01:21:56","modified_gmt":"2022-07-21T06:21:56","slug":"suruc-katliami-anmasina-polis-mudahalesi","status":"publish","type":"post","link":"https:\/\/akunq.net\/tr\/?p=69348","title":{"rendered":"Suru\u00e7 Katliam\u0131 anmas\u0131na polis m\u00fcdahalesi"},"content":{"rendered":"<p><img loading=\"lazy\" decoding=\"async\" class=\"aligncenter size-medium wp-image-69349\" src=\"https:\/\/akunq.net\/tr\/wp-content\/uploads\/2022\/07\/Suruc-Katliami-anmasi-360x208.jpeg\" alt=\"\" width=\"360\" height=\"208\" srcset=\"https:\/\/akunq.net\/tr\/wp-content\/uploads\/sites\/6\/2022\/07\/Suruc-Katliami-anmasi-360x208.jpeg 360w, https:\/\/akunq.net\/tr\/wp-content\/uploads\/sites\/6\/2022\/07\/Suruc-Katliami-anmasi-768x444.jpeg 768w, https:\/\/akunq.net\/tr\/wp-content\/uploads\/sites\/6\/2022\/07\/Suruc-Katliami-anmasi-560x324.jpeg 560w, https:\/\/akunq.net\/tr\/wp-content\/uploads\/sites\/6\/2022\/07\/Suruc-Katliami-anmasi-260x150.jpeg 260w, https:\/\/akunq.net\/tr\/wp-content\/uploads\/sites\/6\/2022\/07\/Suruc-Katliami-anmasi-160x93.jpeg 160w, https:\/\/akunq.net\/tr\/wp-content\/uploads\/sites\/6\/2022\/07\/Suruc-Katliami-anmasi.jpeg 800w\" sizes=\"auto, (max-width: 360px) 100vw, 360px\" \/><\/p>\n<p><em><strong>2015 y\u0131l\u0131nda Suru\u00e7\u2019ta katledilen 33 ki\u015fiyi anmak i\u00e7in bir Ankara ve \u0130zmir&#8217;de bir araya gelen gen\u00e7lik \u00f6rg\u00fctlerine polis m\u00fcdahale etti. M\u00fcdahalede \u00e7ok say\u0131da gen\u00e7 g\u00f6zalt\u0131na al\u0131nd\u0131.<\/strong><\/em><\/p>\n<p>2015 y\u0131l\u0131nda Koban\u00ea\u2019ye y\u00f6nelik I\u015e\u0130D&#8217;\u2019in ger\u00e7ekle\u015ftirdi\u011fi sald\u0131r\u0131lara kar\u015f\u0131 g\u00f6sterilen direni\u015fe destek olmak ve \u00e7ocuklara oyuncak g\u00f6t\u00fcrmek \u00fczere geldikleri Urfa\u2019n\u0131n Suru\u00e7 il\u00e7esinde I\u015e\u0130D taraf\u0131ndan ger\u00e7ekle\u015ftirilen canl\u0131 bomba sald\u0131r\u0131s\u0131na maruz kalan ve hayat\u0131n\u0131 kaybeden\u00a0\u00a0 33 gen\u00e7 i\u00e7in Ankara\u2019da anma yap\u0131lmak istendi. Gen\u00e7lik \u00f6rg\u00fctlerinin G\u00fcvenpark\u2019ta yapmak istedikleri anma \u00f6ncesi K\u0131z\u0131lay ablukaya al\u0131nd\u0131.<\/p>\n<p>Anmaya izin vermeyen polis \u00e7ok say\u0131da ki\u015fiyi g\u00f6zalt\u0131na ald\u0131.<\/p>\n<p>\u0130zmir&#8217;de bulunan sosyalist gen\u00e7lik \u00f6rg\u00fctleri, Suru\u00e7 katliam\u0131n\u0131n 7&#8217;inci y\u0131l d\u00f6n\u00fcm\u00fcne ili\u015fkin Alsancak T\u00fcrkan Saylan K\u00fclt\u00fcr Merkezi \u00f6n\u00fcnde bas\u0131n a\u00e7\u0131klamas\u0131 d\u00fczenledi. A\u00e7\u0131klamada Suru\u00e7&#8217;ta katledilenlerin foto\u011fraflar\u0131 ta\u015f\u0131nd\u0131. A\u00e7\u0131klamaya Halklar\u0131n Demokratik Partisi milletvekilleri Musa Piroglu, Murat \u00c7epni ve G\u00fclistan K\u0131l\u0131\u00e7 Ko\u00e7yi\u011fit, T\u00fcrkiye \u0130nsan Haklar\u0131 Vakf\u0131 Genel Sekreteri Co\u015fkun \u00dcsterci&#8217;nin yan\u0131 s\u0131ra \u00e7ok say\u0131da yurtta\u015f destek verdi.<\/p>\n<p>A\u00e7\u0131klama sonras\u0131 G\u00fcndo\u011fdu Meydan\u0131\u2019na y\u00fcr\u00fcmek isteyen kitleye polis m\u00fcdahale etti. Kitleye biber gaz\u0131 ve plastik mermilerle m\u00fcdahale eden polis i\u00e7inde HDP \u0130zmir \u0130l E\u015f Ba\u015fkan\u0131 \u00c7\u0131nar Altan ve \u00c7a\u011fda\u015f Hukuk\u00e7ular Derne\u011fi \u00fcyesi 2 avukat\u0131nda bulundu\u011fu \u00e7ok say\u0131da ki\u015fiyi darp ederek g\u00f6zalt\u0131na ald\u0131.<\/p>\n<p>Bombal\u0131 sald\u0131r\u0131da \u00f6ld\u00fcr\u00fclen gen\u00e7ler katliam\u0131n 7\u2019inci y\u0131l\u0131nda, katledildikleri Suru\u00e7 Amara K\u00fclt\u00fcr Merkezi&#8217;nin bah\u00e7esinde de an\u0131ld\u0131.<\/p>\n<p>Suru\u00e7 \u0130\u00e7in Adalet Platformu \u00f6nc\u00fcl\u00fc\u011f\u00fcnde ger\u00e7ekle\u015fen anmaya kat\u0131l\u0131m yo\u011fundu. Anmaya katliamda \u00f6ld\u00fcr\u00fclen gen\u00e7lerin aileleri, HDP Urfa milletvekilleri Ay\u015fe S\u00fcr\u00fcc\u00fc ve \u00d6mer \u00d6calan yan\u0131 s\u0131ra, DBP, \u00d6HD, \u0130HD, KESK, Urfa 78&#8217;liler Giri\u015fimi, Sosyalist Gen\u00e7lik Dernekleri Federasyonu (SGDF), Ezilenlerin Sosyalist Partisi (ESP), Ya\u015fam Evi Kad\u0131n Dayan\u0131\u015fma Derne\u011fi&#8217;nin \u00fcye ve y\u00f6neticileri kat\u0131ld\u0131.<\/p>\n<p><em><strong>(Meazopotamya Ajans\u0131, Art\u0131Ger\u00e7ek)<\/strong><\/em><\/p>\n<p><strong><em>https:\/\/www.agos.com.tr\/tr\/yazi\/27307\/suruc-katliami-anmasina-polis-mudahalesi\u00a0<\/em><\/strong><\/p>\n","protected":false},"excerpt":{"rendered":"<p>2015 y\u0131l\u0131nda Suru\u00e7\u2019ta katledilen 33 ki\u015fiyi anmak i\u00e7in bir Ankara ve \u0130zmir&#8217;de bir araya gelen gen\u00e7lik \u00f6rg\u00fctlerine polis m\u00fcdahale etti. M\u00fcdahalede \u00e7ok say\u0131da gen\u00e7 g\u00f6zalt\u0131na al\u0131nd\u0131. 2015 y\u0131l\u0131nda Koban\u00ea\u2019ye y\u00f6nelik I\u015e\u0130D&#8217;\u2019in ger\u00e7ekle\u015ftirdi\u011fi sald\u0131r\u0131lara kar\u015f\u0131 g\u00f6sterilen direni\u015fe destek olmak ve \u00e7ocuklara oyuncak g\u00f6t\u00fcrmek \u00fczere geldikleri Urfa\u2019n\u0131n Suru\u00e7 il\u00e7esinde I\u015e\u0130D taraf\u0131ndan ger\u00e7ekle\u015ftirilen canl\u0131 bomba sald\u0131r\u0131s\u0131na maruz kalan [&hellip;]<\/p>\n","protected":false},"author":7,"featured_media":69349,"comment_status":"open","ping_status":"open","sticky":false,"template":"","format":"standard","meta":{"footnotes":""},"categories":[1],"tags":[],"class_list":["post-69348","post","type-post","status-publish","format-standard","has-post-thumbnail","hentry","category-haberler"],"yoast_head":"<!-- This site is optimized with the Yoast SEO plugin v27.4 - https:\/\/yoast.com\/product\/yoast-seo-wordpress\/ -->\n<title>Suru\u00e7 Katliam\u0131 anmas\u0131na polis m\u00fcdahalesi - Bati Ermenistan Ve Bati Ermenileri Sorunlari Ara\u015ftirmalar Merkezi<\/title>\n<meta name=\"robots\" content=\"index, follow, max-snippet:-1, max-image-preview:large, max-video-preview:-1\" \/>\n<link rel=\"canonical\" href=\"https:\/\/akunq.net\/tr\/?p=69348\" \/>\n<meta property=\"og:locale\" content=\"en_US\" \/>\n<meta property=\"og:type\" content=\"article\" \/>\n<meta property=\"og:title\" content=\"Suru\u00e7 Katliam\u0131 anmas\u0131na polis m\u00fcdahalesi - Bati Ermenistan Ve Bati Ermenileri Sorunlari Ara\u015ftirmalar Merkezi\" \/>\n<meta property=\"og:description\" content=\"2015 y\u0131l\u0131nda Suru\u00e7\u2019ta katledilen 33 ki\u015fiyi anmak i\u00e7in bir Ankara ve \u0130zmir&#8217;de bir araya gelen gen\u00e7lik \u00f6rg\u00fctlerine polis m\u00fcdahale etti. M\u00fcdahalede \u00e7ok say\u0131da gen\u00e7 g\u00f6zalt\u0131na al\u0131nd\u0131. 2015 y\u0131l\u0131nda Koban\u00ea\u2019ye y\u00f6nelik I\u015e\u0130D&#8217;\u2019in ger\u00e7ekle\u015ftirdi\u011fi sald\u0131r\u0131lara kar\u015f\u0131 g\u00f6sterilen direni\u015fe destek olmak ve \u00e7ocuklara oyuncak g\u00f6t\u00fcrmek \u00fczere geldikleri Urfa\u2019n\u0131n Suru\u00e7 il\u00e7esinde I\u015e\u0130D taraf\u0131ndan ger\u00e7ekle\u015ftirilen canl\u0131 bomba sald\u0131r\u0131s\u0131na maruz kalan [&hellip;]\" \/>\n<meta property=\"og:url\" content=\"https:\/\/akunq.net\/tr\/?p=69348\" \/>\n<meta property=\"og:site_name\" content=\"Bati Ermenistan Ve Bati Ermenileri Sorunlari Ara\u015ftirmalar Merkezi\" \/>\n<meta property=\"article:published_time\" content=\"2022-07-21T06:21:56+00:00\" \/>\n<meta property=\"og:image\" content=\"https:\/\/akunq.net\/tr\/wp-content\/uploads\/sites\/6\/2022\/07\/Suruc-Katliami-anmasi.jpeg\" \/>\n\t<meta property=\"og:image:width\" content=\"800\" \/>\n\t<meta property=\"og:image:height\" content=\"463\" \/>\n\t<meta property=\"og:image:type\" content=\"image\/jpeg\" \/>\n<meta name=\"author\" content=\"admin\" \/>\n<meta name=\"twitter:card\" content=\"summary_large_image\" \/>\n<meta name=\"twitter:label1\" content=\"Written by\" \/>\n\t<meta name=\"twitter:data1\" content=\"admin\" \/>\n\t<meta name=\"twitter:label2\" content=\"Est. reading time\" \/>\n\t<meta name=\"twitter:data2\" content=\"2 minutes\" \/>\n<script type=\"application\/ld+json\" class=\"yoast-schema-graph\">{\"@context\":\"https:\\\/\\\/schema.org\",\"@graph\":[{\"@type\":\"Article\",\"@id\":\"https:\\\/\\\/akunq.net\\\/tr\\\/?p=69348#article\",\"isPartOf\":{\"@id\":\"https:\\\/\\\/akunq.net\\\/tr\\\/?p=69348\"},\"author\":{\"name\":\"admin\",\"@id\":\"https:\\\/\\\/akunq.net\\\/tr\\\/#\\\/schema\\\/person\\\/096f1d38a12cce57fb855b485ed24c9e\"},\"headline\":\"Suru\u00e7 Katliam\u0131 anmas\u0131na polis m\u00fcdahalesi\",\"datePublished\":\"2022-07-21T06:21:56+00:00\",\"mainEntityOfPage\":{\"@id\":\"https:\\\/\\\/akunq.net\\\/tr\\\/?p=69348\"},\"wordCount\":394,\"commentCount\":0,\"image\":{\"@id\":\"https:\\\/\\\/akunq.net\\\/tr\\\/?p=69348#primaryimage\"},\"thumbnailUrl\":\"https:\\\/\\\/akunq.net\\\/tr\\\/wp-content\\\/uploads\\\/sites\\\/6\\\/2022\\\/07\\\/Suruc-Katliami-anmasi.jpeg\",\"articleSection\":[\"Haberler\"],\"inLanguage\":\"en-US\",\"potentialAction\":[{\"@type\":\"CommentAction\",\"name\":\"Comment\",\"target\":[\"https:\\\/\\\/akunq.net\\\/tr\\\/?p=69348#respond\"]}]},{\"@type\":\"WebPage\",\"@id\":\"https:\\\/\\\/akunq.net\\\/tr\\\/?p=69348\",\"url\":\"https:\\\/\\\/akunq.net\\\/tr\\\/?p=69348\",\"name\":\"Suru\u00e7 Katliam\u0131 anmas\u0131na polis m\u00fcdahalesi - Bati Ermenistan Ve Bati Ermenileri Sorunlari Ara\u015ftirmalar Merkezi\",\"isPartOf\":{\"@id\":\"https:\\\/\\\/akunq.net\\\/tr\\\/#website\"},\"primaryImageOfPage\":{\"@id\":\"https:\\\/\\\/akunq.net\\\/tr\\\/?p=69348#primaryimage\"},\"image\":{\"@id\":\"https:\\\/\\\/akunq.net\\\/tr\\\/?p=69348#primaryimage\"},\"thumbnailUrl\":\"https:\\\/\\\/akunq.net\\\/tr\\\/wp-content\\\/uploads\\\/sites\\\/6\\\/2022\\\/07\\\/Suruc-Katliami-anmasi.jpeg\",\"datePublished\":\"2022-07-21T06:21:56+00:00\",\"author\":{\"@id\":\"https:\\\/\\\/akunq.net\\\/tr\\\/#\\\/schema\\\/person\\\/096f1d38a12cce57fb855b485ed24c9e\"},\"breadcrumb\":{\"@id\":\"https:\\\/\\\/akunq.net\\\/tr\\\/?p=69348#breadcrumb\"},\"inLanguage\":\"en-US\",\"potentialAction\":[{\"@type\":\"ReadAction\",\"target\":[\"https:\\\/\\\/akunq.net\\\/tr\\\/?p=69348\"]}]},{\"@type\":\"ImageObject\",\"inLanguage\":\"en-US\",\"@id\":\"https:\\\/\\\/akunq.net\\\/tr\\\/?p=69348#primaryimage\",\"url\":\"https:\\\/\\\/akunq.net\\\/tr\\\/wp-content\\\/uploads\\\/sites\\\/6\\\/2022\\\/07\\\/Suruc-Katliami-anmasi.jpeg\",\"contentUrl\":\"https:\\\/\\\/akunq.net\\\/tr\\\/wp-content\\\/uploads\\\/sites\\\/6\\\/2022\\\/07\\\/Suruc-Katliami-anmasi.jpeg\",\"width\":800,\"height\":463},{\"@type\":\"BreadcrumbList\",\"@id\":\"https:\\\/\\\/akunq.net\\\/tr\\\/?p=69348#breadcrumb\",\"itemListElement\":[{\"@type\":\"ListItem\",\"position\":1,\"name\":\"Home\",\"item\":\"https:\\\/\\\/akunq.net\\\/tr\"},{\"@type\":\"ListItem\",\"position\":2,\"name\":\"Suru\u00e7 Katliam\u0131 anmas\u0131na polis m\u00fcdahalesi\"}]},{\"@type\":\"WebSite\",\"@id\":\"https:\\\/\\\/akunq.net\\\/tr\\\/#website\",\"url\":\"https:\\\/\\\/akunq.net\\\/tr\\\/\",\"name\":\"Bati Ermenistan Ve Bati Ermenileri Sorunlari Ara\u015ftirmalar Merkezi\",\"description\":\"\",\"potentialAction\":[{\"@type\":\"SearchAction\",\"target\":{\"@type\":\"EntryPoint\",\"urlTemplate\":\"https:\\\/\\\/akunq.net\\\/tr\\\/?s={search_term_string}\"},\"query-input\":{\"@type\":\"PropertyValueSpecification\",\"valueRequired\":true,\"valueName\":\"search_term_string\"}}],\"inLanguage\":\"en-US\"},{\"@type\":\"Person\",\"@id\":\"https:\\\/\\\/akunq.net\\\/tr\\\/#\\\/schema\\\/person\\\/096f1d38a12cce57fb855b485ed24c9e\",\"name\":\"admin\",\"url\":\"https:\\\/\\\/akunq.net\\\/tr\\\/?author=7\"}]}<\/script>\n<!-- \/ Yoast SEO plugin. -->","yoast_head_json":{"title":"Suru\u00e7 Katliam\u0131 anmas\u0131na polis m\u00fcdahalesi - Bati Ermenistan Ve Bati Ermenileri Sorunlari Ara\u015ftirmalar Merkezi","robots":{"index":"index","follow":"follow","max-snippet":"max-snippet:-1","max-image-preview":"max-image-preview:large","max-video-preview":"max-video-preview:-1"},"canonical":"https:\/\/akunq.net\/tr\/?p=69348","og_locale":"en_US","og_type":"article","og_title":"Suru\u00e7 Katliam\u0131 anmas\u0131na polis m\u00fcdahalesi - Bati Ermenistan Ve Bati Ermenileri Sorunlari Ara\u015ftirmalar Merkezi","og_description":"2015 y\u0131l\u0131nda Suru\u00e7\u2019ta katledilen 33 ki\u015fiyi anmak i\u00e7in bir Ankara ve \u0130zmir&#8217;de bir araya gelen gen\u00e7lik \u00f6rg\u00fctlerine polis m\u00fcdahale etti. M\u00fcdahalede \u00e7ok say\u0131da gen\u00e7 g\u00f6zalt\u0131na al\u0131nd\u0131. 2015 y\u0131l\u0131nda Koban\u00ea\u2019ye y\u00f6nelik I\u015e\u0130D&#8217;\u2019in ger\u00e7ekle\u015ftirdi\u011fi sald\u0131r\u0131lara kar\u015f\u0131 g\u00f6sterilen direni\u015fe destek olmak ve \u00e7ocuklara oyuncak g\u00f6t\u00fcrmek \u00fczere geldikleri Urfa\u2019n\u0131n Suru\u00e7 il\u00e7esinde I\u015e\u0130D taraf\u0131ndan ger\u00e7ekle\u015ftirilen canl\u0131 bomba sald\u0131r\u0131s\u0131na maruz kalan [&hellip;]","og_url":"https:\/\/akunq.net\/tr\/?p=69348","og_site_name":"Bati Ermenistan Ve Bati Ermenileri Sorunlari Ara\u015ftirmalar Merkezi","article_published_time":"2022-07-21T06:21:56+00:00","og_image":[{"width":800,"height":463,"url":"https:\/\/akunq.net\/tr\/wp-content\/uploads\/sites\/6\/2022\/07\/Suruc-Katliami-anmasi.jpeg","type":"image\/jpeg"}],"author":"admin","twitter_card":"summary_large_image","twitter_misc":{"Written by":"admin","Est. reading time":"2 minutes"},"schema":{"@context":"https:\/\/schema.org","@graph":[{"@type":"Article","@id":"https:\/\/akunq.net\/tr\/?p=69348#article","isPartOf":{"@id":"https:\/\/akunq.net\/tr\/?p=69348"},"author":{"name":"admin","@id":"https:\/\/akunq.net\/tr\/#\/schema\/person\/096f1d38a12cce57fb855b485ed24c9e"},"headline":"Suru\u00e7 Katliam\u0131 anmas\u0131na polis m\u00fcdahalesi","datePublished":"2022-07-21T06:21:56+00:00","mainEntityOfPage":{"@id":"https:\/\/akunq.net\/tr\/?p=69348"},"wordCount":394,"commentCount":0,"image":{"@id":"https:\/\/akunq.net\/tr\/?p=69348#primaryimage"},"thumbnailUrl":"https:\/\/akunq.net\/tr\/wp-content\/uploads\/sites\/6\/2022\/07\/Suruc-Katliami-anmasi.jpeg","articleSection":["Haberler"],"inLanguage":"en-US","potentialAction":[{"@type":"CommentAction","name":"Comment","target":["https:\/\/akunq.net\/tr\/?p=69348#respond"]}]},{"@type":"WebPage","@id":"https:\/\/akunq.net\/tr\/?p=69348","url":"https:\/\/akunq.net\/tr\/?p=69348","name":"Suru\u00e7 Katliam\u0131 anmas\u0131na polis m\u00fcdahalesi - Bati Ermenistan Ve Bati Ermenileri Sorunlari Ara\u015ftirmalar Merkezi","isPartOf":{"@id":"https:\/\/akunq.net\/tr\/#website"},"primaryImageOfPage":{"@id":"https:\/\/akunq.net\/tr\/?p=69348#primaryimage"},"image":{"@id":"https:\/\/akunq.net\/tr\/?p=69348#primaryimage"},"thumbnailUrl":"https:\/\/akunq.net\/tr\/wp-content\/uploads\/sites\/6\/2022\/07\/Suruc-Katliami-anmasi.jpeg","datePublished":"2022-07-21T06:21:56+00:00","author":{"@id":"https:\/\/akunq.net\/tr\/#\/schema\/person\/096f1d38a12cce57fb855b485ed24c9e"},"breadcrumb":{"@id":"https:\/\/akunq.net\/tr\/?p=69348#breadcrumb"},"inLanguage":"en-US","potentialAction":[{"@type":"ReadAction","target":["https:\/\/akunq.net\/tr\/?p=69348"]}]},{"@type":"ImageObject","inLanguage":"en-US","@id":"https:\/\/akunq.net\/tr\/?p=69348#primaryimage","url":"https:\/\/akunq.net\/tr\/wp-content\/uploads\/sites\/6\/2022\/07\/Suruc-Katliami-anmasi.jpeg","contentUrl":"https:\/\/akunq.net\/tr\/wp-content\/uploads\/sites\/6\/2022\/07\/Suruc-Katliami-anmasi.jpeg","width":800,"height":463},{"@type":"BreadcrumbList","@id":"https:\/\/akunq.net\/tr\/?p=69348#breadcrumb","itemListElement":[{"@type":"ListItem","position":1,"name":"Home","item":"https:\/\/akunq.net\/tr"},{"@type":"ListItem","position":2,"name":"Suru\u00e7 Katliam\u0131 anmas\u0131na polis m\u00fcdahalesi"}]},{"@type":"WebSite","@id":"https:\/\/akunq.net\/tr\/#website","url":"https:\/\/akunq.net\/tr\/","name":"Bati Ermenistan Ve Bati Ermenileri Sorunlari Ara\u015ftirmalar Merkezi","description":"","potentialAction":[{"@type":"SearchAction","target":{"@type":"EntryPoint","urlTemplate":"https:\/\/akunq.net\/tr\/?s={search_term_string}"},"query-input":{"@type":"PropertyValueSpecification","valueRequired":true,"valueName":"search_term_string"}}],"inLanguage":"en-US"},{"@type":"Person","@id":"https:\/\/akunq.net\/tr\/#\/schema\/person\/096f1d38a12cce57fb855b485ed24c9e","name":"admin","url":"https:\/\/akunq.net\/tr\/?author=7"}]}},"_links":{"self":[{"href":"https:\/\/akunq.net\/tr\/index.php?rest_route=\/wp\/v2\/posts\/69348","targetHints":{"allow":["GET"]}}],"collection":[{"href":"https:\/\/akunq.net\/tr\/index.php?rest_route=\/wp\/v2\/posts"}],"about":[{"href":"https:\/\/akunq.net\/tr\/index.php?rest_route=\/wp\/v2\/types\/post"}],"author":[{"embeddable":true,"href":"https:\/\/akunq.net\/tr\/index.php?rest_route=\/wp\/v2\/users\/7"}],"replies":[{"embeddable":true,"href":"https:\/\/akunq.net\/tr\/index.php?rest_route=%2Fwp%2Fv2%2Fcomments&post=69348"}],"version-history":[{"count":1,"href":"https:\/\/akunq.net\/tr\/index.php?rest_route=\/wp\/v2\/posts\/69348\/revisions"}],"predecessor-version":[{"id":69350,"href":"https:\/\/akunq.net\/tr\/index.php?rest_route=\/wp\/v2\/posts\/69348\/revisions\/69350"}],"wp:featuredmedia":[{"embeddable":true,"href":"https:\/\/akunq.net\/tr\/index.php?rest_route=\/wp\/v2\/media\/69349"}],"wp:attachment":[{"href":"https:\/\/akunq.net\/tr\/index.php?rest_route=%2Fwp%2Fv2%2Fmedia&parent=69348"}],"wp:term":[{"taxonomy":"category","embeddable":true,"href":"https:\/\/akunq.net\/tr\/index.php?rest_route=%2Fwp%2Fv2%2Fcategories&post=69348"},{"taxonomy":"post_tag","embeddable":true,"href":"https:\/\/akunq.net\/tr\/index.php?rest_route=%2Fwp%2Fv2%2Ftags&post=69348"}],"curies":[{"name":"wp","href":"https:\/\/api.w.org\/{rel}","templated":true}]}}