{"id":69325,"date":"2022-07-20T02:24:43","date_gmt":"2022-07-20T07:24:43","guid":{"rendered":"https:\/\/akunq.net\/tr\/?p=69325"},"modified":"2022-07-20T02:24:43","modified_gmt":"2022-07-20T07:24:43","slug":"prof-bektas-sumelada-kaya-dusmesini-onlemek-mumkun-degil","status":"publish","type":"post","link":"https:\/\/akunq.net\/tr\/?p=69325","title":{"rendered":"Prof. Bekta\u015f: S\u00fcmela\u2019da kaya d\u00fc\u015fmesini \u00f6nlemek m\u00fcmk\u00fcn de\u011fil"},"content":{"rendered":"<p><img loading=\"lazy\" decoding=\"async\" class=\"aligncenter size-medium wp-image-69326\" src=\"https:\/\/akunq.net\/tr\/wp-content\/uploads\/2022\/07\/Sumela-360x203.jpg\" alt=\"\" width=\"360\" height=\"203\" srcset=\"https:\/\/akunq.net\/tr\/wp-content\/uploads\/sites\/6\/2022\/07\/Sumela-360x203.jpg 360w, https:\/\/akunq.net\/tr\/wp-content\/uploads\/sites\/6\/2022\/07\/Sumela-768x432.jpg 768w, https:\/\/akunq.net\/tr\/wp-content\/uploads\/sites\/6\/2022\/07\/Sumela-560x315.jpg 560w, https:\/\/akunq.net\/tr\/wp-content\/uploads\/sites\/6\/2022\/07\/Sumela-260x146.jpg 260w, https:\/\/akunq.net\/tr\/wp-content\/uploads\/sites\/6\/2022\/07\/Sumela-160x90.jpg 160w, https:\/\/akunq.net\/tr\/wp-content\/uploads\/sites\/6\/2022\/07\/Sumela.jpg 1280w\" sizes=\"auto, (max-width: 360px) 100vw, 360px\" \/><\/p>\n<p><em><strong>Prof. Osman Bekta\u015f, S\u00fcmela Manast\u0131r\u0131\u2019nda kaya d\u00fc\u015fmesini \u00f6nleme \u00e7al\u0131\u015fmalar\u0131nda yanl\u0131\u015f strateji izlendi\u011fini s\u00f6yledi.<\/strong><\/em><\/p>\n<p>DUVAR \u2013 Trabzon\u2019un Ma\u00e7ka il\u00e7esi Karada\u011f eteklerindeki S\u00fcmela Manast\u0131r\u0131\u2019nda ta\u015f d\u00fc\u015fmesi sonucu 2 turist yaraland\u0131. Olay\u0131n ard\u0131ndan 6 y\u0131l s\u00fcren \u2018kayal\u0131klar\u0131n jeolojik ve jeoteknik bak\u0131mdan ara\u015ft\u0131r\u0131lmas\u0131 ve g\u00fc\u00e7lendirilmesi projesi\u2019 yeniden g\u00fcndeme geldi.<\/p>\n<p>Kaya d\u00fc\u015fmesini \u00f6nleme \u00e7al\u0131\u015fmalar\u0131nda yanl\u0131\u015f strateji izlendi\u011fini \u00f6ne s\u00fcren eski Karadeniz Teknik \u00dcniversitesi (KT\u00dc) \u00f6\u011fretim \u00fcyesi Prof. Dr. Osman Bekta\u015f, \u201cRestorasyon \u00e7al\u0131\u015fmalar\u0131 yap\u0131lmadan \u00f6nce manast\u0131rda herhangi bir kaza, ta\u015f d\u00fc\u015fmesi veya birisinin yaralanmas\u0131 s\u00f6z konusu de\u011fildi. Patlatma ve kaya d\u00fc\u015f\u00fcrmeleri olmasayd\u0131 \u015fimdi bu kadar tehlikeli olmayacakt\u0131\u201d dedi.<\/p>\n<p><strong>360 TONLUK KAYA K\u00dcTLES\u0130 TEHL\u0130KES\u0130<\/strong><\/p>\n<p>DHA\u2019dan aktar\u0131lana g\u00f6re, ziyarete 1 Kas\u0131m\u2019da 4\u2019\u00fcnc\u00fc kez kapat\u0131lan manast\u0131r giri\u015finde tehlike olu\u015fturan 360 tonluk kaya k\u00fctlesi, \u00e7elik a\u011f ile boh\u00e7alama y\u00f6ntemiyle yerine sabitlendi ancak kaya blokunda s\u00fcren risk nedeniyle yeni bir tedbirin al\u0131nmas\u0131 kararla\u015ft\u0131r\u0131ld\u0131. Bunun \u00fczerine manast\u0131r\u0131n giri\u015f kap\u0131s\u0131n\u0131n \u00fcst\u00fcnde yer alan kaya bloku, 16 metrelik \u00e7elik kaz\u0131klarla yamaca sabitlendi.<\/p>\n<p><strong>YANLI\u015e STRATEJ\u0130 \u0130ZLEND\u0130\u2019<\/strong><\/p>\n<p>Kaya d\u00fc\u015fmesini \u00f6nleme \u00e7al\u0131\u015fmalar\u0131nda yanl\u0131\u015f strateji izlendi\u011fini \u00f6ne s\u00fcren Bekta\u015f, \u201cManast\u0131r\u0131 daha g\u00fcvenli hale getirmek i\u00e7in yap\u0131lan \u00e7al\u0131\u015fmalarda yanl\u0131\u015f strateji izlendi. Restorasyon \u00e7al\u0131\u015fmalar\u0131 yap\u0131lmadan \u00f6nce manast\u0131rda herhangi bir kaza, ta\u015f d\u00fc\u015fmesi veya birisinin yaralanmas\u0131 s\u00f6z konusu de\u011fildi.<\/p>\n<p>B\u00f6lgede \u2018tektonik k\u0131r\u0131k\u2019 dedi\u011fimiz; jeolojik yap\u0131da 3 farkl\u0131 do\u011frultuda \u00e7ok derin k\u0131r\u0131klar var. Bunlar kuzeybat\u0131, kuzeydo\u011fu ve do\u011fu-bat\u0131 do\u011frultulu tektonik k\u0131r\u0131klar. Bunlar \u00e7ok derin kayalar\u0131, kesen k\u0131r\u0131klard\u0131r. Bu k\u0131r\u0131klar, S\u00fcmela yamac\u0131n\u0131n blok \u015feklinde olu\u015fmas\u0131n\u0131 sa\u011fl\u0131yor. Bir de yamac\u0131n e\u011fimi var, grative etkisiyle bu bloklar zaman zaman d\u00fc\u015f\u00fcyor.<\/p>\n<p>Bunu \u00f6nlemek i\u00e7in ask\u0131daki kayalar\u0131 d\u00fc\u015f\u00fcr\u00fcp, patlatt\u0131lar. Bu \u00e7al\u0131\u015fma sonu\u00e7 almad\u0131 \u00e7\u00fcnk\u00fc arkadan yine kayalar d\u00fc\u015fmeye ba\u015flad\u0131\u201d dedi.<\/p>\n<p>Giri\u015f kap\u0131s\u0131n\u0131n \u00fczerindeki blo\u011fun d\u00fc\u015febilece\u011fini belirten Prof. Dr. Bekta\u015f, \u201cPatlatmalar veya kaya d\u00fc\u015f\u00fcrmeleri zaman\u0131nda olmasayd\u0131 \u015fimdi bu kadar tehlikeli olmayacakt\u0131. \u015eimdi ister istemez sabitleme \u00e7al\u0131\u015fmalar\u0131 var, kayay\u0131 d\u00fc\u015f\u00fcremiyorlar. En do\u011fru sonu\u00e7, boh\u00e7alama y\u00f6ntemiydi.<\/p>\n<p>Ba\u015flang\u0131\u00e7tan bu yana boh\u00e7alama yap\u0131lsayd\u0131; bug\u00fcne kadar 4 kere kapatmaya da gerek olmayacak ve \u00e7ok daha sonu\u00e7 al\u0131c\u0131 bir \u00e7al\u0131\u015fma yap\u0131l\u0131rd\u0131\u201d diye konu\u015ftu.<\/p>\n<p><strong>\u2018KIRIKLAR \u00c7OK DER\u0130N\u2019<\/strong><\/p>\n<p>Yama\u00e7 \u0131slah\u0131 s\u0131ras\u0131nda yap\u0131lan patlatma ve kaya d\u00fc\u015f\u00fcrmelerin daha derin k\u0131r\u0131klar olu\u015fturabilece\u011fini belirten Bekta\u015f, \u015funlar\u0131 s\u00f6yledi:<\/p>\n<p>\u201cPatlatman\u0131n ba\u015flang\u0131\u00e7ta yap\u0131lmamas\u0131 gerekirdi. \u2018Patlatma yapmad\u0131k\u2019 dediler ama bizzat \u015fahit oldum. Bu patlatmalar yama\u00e7taki bloklar\u0131n hareketlenmesine neden oldu.<\/p>\n<p>D\u00fc\u015fen ve arkadan yeniden sabit olmayan bloklar\u0131n yeniden hareketlenmesi s\u00f6z konusu. Orada kaya d\u00fc\u015fmesini kesinlikle \u00f6nlemek m\u00fcmk\u00fcn de\u011fil. Y\u00fczeydeki kayalar\u0131 d\u00fc\u015f\u00fcrmek ile \u2018Kaya d\u00fc\u015fmesini \u00f6nledik, buray\u0131 ebediyen g\u00fcvenli hale getirdik\u2019 demek; s\u00f6z konusu olamaz.<\/p>\n<p>K\u0131r\u0131klar \u00e7ok derin. Ayr\u0131ca \u0131s\u0131 fark\u0131 ve ya\u011f\u0131\u015flar oldu\u011fu ve karlar eridi\u011fi s\u00fcrece k\u0131r\u0131klar zamanla geni\u015fleyecek ve yeni kaya bloklar\u0131 d\u00fc\u015fmeye ba\u015flayacak. Kaya d\u00fc\u015f\u00fcrmek ve patlatmak yerine demir halat ve \u00e7elikler ile beraber boh\u00e7alama dedi\u011fimiz, kaplama y\u00f6ntemine gidilseydi; bu sorun \u00e7\u00f6z\u00fclm\u00fc\u015f olurdu.<\/p>\n<p>K\u0131sa zamanda \u00e7ok daha az parayla ve g\u00fcvenli \u015fekilde \u00e7\u00f6z\u00fcl\u00fcrd\u00fc. Bir restorasyonun bu kadar s\u00fcrmesi teknik a\u00e7\u0131dan sorgulanabilecek bir meseledir.\u201d (HABER MERKEZ\u0130)<\/p>\n<hr \/>\n<p><em><strong><a href=\"https:\/\/www.gazeteduvar.com.tr\/prof-bektas-sumelada-kaya-dusmesini-onlemek-mumkun-degil-galeri-1573741\" target=\"_blank\" rel=\"noopener\">Gazete Duvar<\/a>\u00a0<\/strong><\/em><\/p>\n","protected":false},"excerpt":{"rendered":"<p>Prof. Osman Bekta\u015f, S\u00fcmela Manast\u0131r\u0131\u2019nda kaya d\u00fc\u015fmesini \u00f6nleme \u00e7al\u0131\u015fmalar\u0131nda yanl\u0131\u015f strateji izlendi\u011fini s\u00f6yledi. DUVAR \u2013 Trabzon\u2019un Ma\u00e7ka il\u00e7esi Karada\u011f eteklerindeki S\u00fcmela Manast\u0131r\u0131\u2019nda ta\u015f d\u00fc\u015fmesi sonucu 2 turist yaraland\u0131. Olay\u0131n ard\u0131ndan 6 y\u0131l s\u00fcren \u2018kayal\u0131klar\u0131n jeolojik ve jeoteknik bak\u0131mdan ara\u015ft\u0131r\u0131lmas\u0131 ve g\u00fc\u00e7lendirilmesi projesi\u2019 yeniden g\u00fcndeme geldi. Kaya d\u00fc\u015fmesini \u00f6nleme \u00e7al\u0131\u015fmalar\u0131nda yanl\u0131\u015f strateji izlendi\u011fini \u00f6ne s\u00fcren eski [&hellip;]<\/p>\n","protected":false},"author":7,"featured_media":69326,"comment_status":"open","ping_status":"open","sticky":false,"template":"","format":"standard","meta":{"footnotes":""},"categories":[1],"tags":[],"class_list":["post-69325","post","type-post","status-publish","format-standard","has-post-thumbnail","hentry","category-haberler"],"yoast_head":"<!-- This site is optimized with the Yoast SEO plugin v27.4 - https:\/\/yoast.com\/product\/yoast-seo-wordpress\/ -->\n<title>Prof. Bekta\u015f: S\u00fcmela\u2019da kaya d\u00fc\u015fmesini \u00f6nlemek m\u00fcmk\u00fcn de\u011fil - Bati Ermenistan Ve Bati Ermenileri Sorunlari Ara\u015ftirmalar Merkezi<\/title>\n<meta name=\"robots\" content=\"index, follow, max-snippet:-1, max-image-preview:large, max-video-preview:-1\" \/>\n<link rel=\"canonical\" href=\"https:\/\/akunq.net\/tr\/?p=69325\" \/>\n<meta property=\"og:locale\" content=\"en_US\" \/>\n<meta property=\"og:type\" content=\"article\" \/>\n<meta property=\"og:title\" content=\"Prof. Bekta\u015f: S\u00fcmela\u2019da kaya d\u00fc\u015fmesini \u00f6nlemek m\u00fcmk\u00fcn de\u011fil - Bati Ermenistan Ve Bati Ermenileri Sorunlari Ara\u015ftirmalar Merkezi\" \/>\n<meta property=\"og:description\" content=\"Prof. Osman Bekta\u015f, S\u00fcmela Manast\u0131r\u0131\u2019nda kaya d\u00fc\u015fmesini \u00f6nleme \u00e7al\u0131\u015fmalar\u0131nda yanl\u0131\u015f strateji izlendi\u011fini s\u00f6yledi. DUVAR \u2013 Trabzon\u2019un Ma\u00e7ka il\u00e7esi Karada\u011f eteklerindeki S\u00fcmela Manast\u0131r\u0131\u2019nda ta\u015f d\u00fc\u015fmesi sonucu 2 turist yaraland\u0131. Olay\u0131n ard\u0131ndan 6 y\u0131l s\u00fcren \u2018kayal\u0131klar\u0131n jeolojik ve jeoteknik bak\u0131mdan ara\u015ft\u0131r\u0131lmas\u0131 ve g\u00fc\u00e7lendirilmesi projesi\u2019 yeniden g\u00fcndeme geldi. Kaya d\u00fc\u015fmesini \u00f6nleme \u00e7al\u0131\u015fmalar\u0131nda yanl\u0131\u015f strateji izlendi\u011fini \u00f6ne s\u00fcren eski [&hellip;]\" \/>\n<meta property=\"og:url\" content=\"https:\/\/akunq.net\/tr\/?p=69325\" \/>\n<meta property=\"og:site_name\" content=\"Bati Ermenistan Ve Bati Ermenileri Sorunlari Ara\u015ftirmalar Merkezi\" \/>\n<meta property=\"article:published_time\" content=\"2022-07-20T07:24:43+00:00\" \/>\n<meta property=\"og:image\" content=\"https:\/\/akunq.net\/tr\/wp-content\/uploads\/sites\/6\/2022\/07\/Sumela.jpg\" \/>\n\t<meta property=\"og:image:width\" content=\"1280\" \/>\n\t<meta property=\"og:image:height\" content=\"720\" \/>\n\t<meta property=\"og:image:type\" content=\"image\/jpeg\" \/>\n<meta name=\"author\" content=\"admin\" \/>\n<meta name=\"twitter:card\" content=\"summary_large_image\" \/>\n<meta name=\"twitter:label1\" content=\"Written by\" \/>\n\t<meta name=\"twitter:data1\" content=\"admin\" \/>\n\t<meta name=\"twitter:label2\" content=\"Est. reading time\" \/>\n\t<meta name=\"twitter:data2\" content=\"3 minutes\" \/>\n<script type=\"application\/ld+json\" class=\"yoast-schema-graph\">{\"@context\":\"https:\\\/\\\/schema.org\",\"@graph\":[{\"@type\":\"Article\",\"@id\":\"https:\\\/\\\/akunq.net\\\/tr\\\/?p=69325#article\",\"isPartOf\":{\"@id\":\"https:\\\/\\\/akunq.net\\\/tr\\\/?p=69325\"},\"author\":{\"name\":\"admin\",\"@id\":\"https:\\\/\\\/akunq.net\\\/tr\\\/#\\\/schema\\\/person\\\/096f1d38a12cce57fb855b485ed24c9e\"},\"headline\":\"Prof. Bekta\u015f: S\u00fcmela\u2019da kaya d\u00fc\u015fmesini \u00f6nlemek m\u00fcmk\u00fcn de\u011fil\",\"datePublished\":\"2022-07-20T07:24:43+00:00\",\"mainEntityOfPage\":{\"@id\":\"https:\\\/\\\/akunq.net\\\/tr\\\/?p=69325\"},\"wordCount\":643,\"commentCount\":0,\"image\":{\"@id\":\"https:\\\/\\\/akunq.net\\\/tr\\\/?p=69325#primaryimage\"},\"thumbnailUrl\":\"https:\\\/\\\/akunq.net\\\/tr\\\/wp-content\\\/uploads\\\/sites\\\/6\\\/2022\\\/07\\\/Sumela.jpg\",\"articleSection\":[\"Haberler\"],\"inLanguage\":\"en-US\",\"potentialAction\":[{\"@type\":\"CommentAction\",\"name\":\"Comment\",\"target\":[\"https:\\\/\\\/akunq.net\\\/tr\\\/?p=69325#respond\"]}]},{\"@type\":\"WebPage\",\"@id\":\"https:\\\/\\\/akunq.net\\\/tr\\\/?p=69325\",\"url\":\"https:\\\/\\\/akunq.net\\\/tr\\\/?p=69325\",\"name\":\"Prof. Bekta\u015f: S\u00fcmela\u2019da kaya d\u00fc\u015fmesini \u00f6nlemek m\u00fcmk\u00fcn de\u011fil - Bati Ermenistan Ve Bati Ermenileri Sorunlari Ara\u015ftirmalar Merkezi\",\"isPartOf\":{\"@id\":\"https:\\\/\\\/akunq.net\\\/tr\\\/#website\"},\"primaryImageOfPage\":{\"@id\":\"https:\\\/\\\/akunq.net\\\/tr\\\/?p=69325#primaryimage\"},\"image\":{\"@id\":\"https:\\\/\\\/akunq.net\\\/tr\\\/?p=69325#primaryimage\"},\"thumbnailUrl\":\"https:\\\/\\\/akunq.net\\\/tr\\\/wp-content\\\/uploads\\\/sites\\\/6\\\/2022\\\/07\\\/Sumela.jpg\",\"datePublished\":\"2022-07-20T07:24:43+00:00\",\"author\":{\"@id\":\"https:\\\/\\\/akunq.net\\\/tr\\\/#\\\/schema\\\/person\\\/096f1d38a12cce57fb855b485ed24c9e\"},\"breadcrumb\":{\"@id\":\"https:\\\/\\\/akunq.net\\\/tr\\\/?p=69325#breadcrumb\"},\"inLanguage\":\"en-US\",\"potentialAction\":[{\"@type\":\"ReadAction\",\"target\":[\"https:\\\/\\\/akunq.net\\\/tr\\\/?p=69325\"]}]},{\"@type\":\"ImageObject\",\"inLanguage\":\"en-US\",\"@id\":\"https:\\\/\\\/akunq.net\\\/tr\\\/?p=69325#primaryimage\",\"url\":\"https:\\\/\\\/akunq.net\\\/tr\\\/wp-content\\\/uploads\\\/sites\\\/6\\\/2022\\\/07\\\/Sumela.jpg\",\"contentUrl\":\"https:\\\/\\\/akunq.net\\\/tr\\\/wp-content\\\/uploads\\\/sites\\\/6\\\/2022\\\/07\\\/Sumela.jpg\",\"width\":1280,\"height\":720},{\"@type\":\"BreadcrumbList\",\"@id\":\"https:\\\/\\\/akunq.net\\\/tr\\\/?p=69325#breadcrumb\",\"itemListElement\":[{\"@type\":\"ListItem\",\"position\":1,\"name\":\"Home\",\"item\":\"https:\\\/\\\/akunq.net\\\/tr\"},{\"@type\":\"ListItem\",\"position\":2,\"name\":\"Prof. Bekta\u015f: S\u00fcmela\u2019da kaya d\u00fc\u015fmesini \u00f6nlemek m\u00fcmk\u00fcn de\u011fil\"}]},{\"@type\":\"WebSite\",\"@id\":\"https:\\\/\\\/akunq.net\\\/tr\\\/#website\",\"url\":\"https:\\\/\\\/akunq.net\\\/tr\\\/\",\"name\":\"Bati Ermenistan Ve Bati Ermenileri Sorunlari Ara\u015ftirmalar Merkezi\",\"description\":\"\",\"potentialAction\":[{\"@type\":\"SearchAction\",\"target\":{\"@type\":\"EntryPoint\",\"urlTemplate\":\"https:\\\/\\\/akunq.net\\\/tr\\\/?s={search_term_string}\"},\"query-input\":{\"@type\":\"PropertyValueSpecification\",\"valueRequired\":true,\"valueName\":\"search_term_string\"}}],\"inLanguage\":\"en-US\"},{\"@type\":\"Person\",\"@id\":\"https:\\\/\\\/akunq.net\\\/tr\\\/#\\\/schema\\\/person\\\/096f1d38a12cce57fb855b485ed24c9e\",\"name\":\"admin\",\"url\":\"https:\\\/\\\/akunq.net\\\/tr\\\/?author=7\"}]}<\/script>\n<!-- \/ Yoast SEO plugin. -->","yoast_head_json":{"title":"Prof. Bekta\u015f: S\u00fcmela\u2019da kaya d\u00fc\u015fmesini \u00f6nlemek m\u00fcmk\u00fcn de\u011fil - Bati Ermenistan Ve Bati Ermenileri Sorunlari Ara\u015ftirmalar Merkezi","robots":{"index":"index","follow":"follow","max-snippet":"max-snippet:-1","max-image-preview":"max-image-preview:large","max-video-preview":"max-video-preview:-1"},"canonical":"https:\/\/akunq.net\/tr\/?p=69325","og_locale":"en_US","og_type":"article","og_title":"Prof. Bekta\u015f: S\u00fcmela\u2019da kaya d\u00fc\u015fmesini \u00f6nlemek m\u00fcmk\u00fcn de\u011fil - Bati Ermenistan Ve Bati Ermenileri Sorunlari Ara\u015ftirmalar Merkezi","og_description":"Prof. Osman Bekta\u015f, S\u00fcmela Manast\u0131r\u0131\u2019nda kaya d\u00fc\u015fmesini \u00f6nleme \u00e7al\u0131\u015fmalar\u0131nda yanl\u0131\u015f strateji izlendi\u011fini s\u00f6yledi. DUVAR \u2013 Trabzon\u2019un Ma\u00e7ka il\u00e7esi Karada\u011f eteklerindeki S\u00fcmela Manast\u0131r\u0131\u2019nda ta\u015f d\u00fc\u015fmesi sonucu 2 turist yaraland\u0131. Olay\u0131n ard\u0131ndan 6 y\u0131l s\u00fcren \u2018kayal\u0131klar\u0131n jeolojik ve jeoteknik bak\u0131mdan ara\u015ft\u0131r\u0131lmas\u0131 ve g\u00fc\u00e7lendirilmesi projesi\u2019 yeniden g\u00fcndeme geldi. Kaya d\u00fc\u015fmesini \u00f6nleme \u00e7al\u0131\u015fmalar\u0131nda yanl\u0131\u015f strateji izlendi\u011fini \u00f6ne s\u00fcren eski [&hellip;]","og_url":"https:\/\/akunq.net\/tr\/?p=69325","og_site_name":"Bati Ermenistan Ve Bati Ermenileri Sorunlari Ara\u015ftirmalar Merkezi","article_published_time":"2022-07-20T07:24:43+00:00","og_image":[{"width":1280,"height":720,"url":"https:\/\/akunq.net\/tr\/wp-content\/uploads\/sites\/6\/2022\/07\/Sumela.jpg","type":"image\/jpeg"}],"author":"admin","twitter_card":"summary_large_image","twitter_misc":{"Written by":"admin","Est. reading time":"3 minutes"},"schema":{"@context":"https:\/\/schema.org","@graph":[{"@type":"Article","@id":"https:\/\/akunq.net\/tr\/?p=69325#article","isPartOf":{"@id":"https:\/\/akunq.net\/tr\/?p=69325"},"author":{"name":"admin","@id":"https:\/\/akunq.net\/tr\/#\/schema\/person\/096f1d38a12cce57fb855b485ed24c9e"},"headline":"Prof. Bekta\u015f: S\u00fcmela\u2019da kaya d\u00fc\u015fmesini \u00f6nlemek m\u00fcmk\u00fcn de\u011fil","datePublished":"2022-07-20T07:24:43+00:00","mainEntityOfPage":{"@id":"https:\/\/akunq.net\/tr\/?p=69325"},"wordCount":643,"commentCount":0,"image":{"@id":"https:\/\/akunq.net\/tr\/?p=69325#primaryimage"},"thumbnailUrl":"https:\/\/akunq.net\/tr\/wp-content\/uploads\/sites\/6\/2022\/07\/Sumela.jpg","articleSection":["Haberler"],"inLanguage":"en-US","potentialAction":[{"@type":"CommentAction","name":"Comment","target":["https:\/\/akunq.net\/tr\/?p=69325#respond"]}]},{"@type":"WebPage","@id":"https:\/\/akunq.net\/tr\/?p=69325","url":"https:\/\/akunq.net\/tr\/?p=69325","name":"Prof. Bekta\u015f: S\u00fcmela\u2019da kaya d\u00fc\u015fmesini \u00f6nlemek m\u00fcmk\u00fcn de\u011fil - Bati Ermenistan Ve Bati Ermenileri Sorunlari Ara\u015ftirmalar Merkezi","isPartOf":{"@id":"https:\/\/akunq.net\/tr\/#website"},"primaryImageOfPage":{"@id":"https:\/\/akunq.net\/tr\/?p=69325#primaryimage"},"image":{"@id":"https:\/\/akunq.net\/tr\/?p=69325#primaryimage"},"thumbnailUrl":"https:\/\/akunq.net\/tr\/wp-content\/uploads\/sites\/6\/2022\/07\/Sumela.jpg","datePublished":"2022-07-20T07:24:43+00:00","author":{"@id":"https:\/\/akunq.net\/tr\/#\/schema\/person\/096f1d38a12cce57fb855b485ed24c9e"},"breadcrumb":{"@id":"https:\/\/akunq.net\/tr\/?p=69325#breadcrumb"},"inLanguage":"en-US","potentialAction":[{"@type":"ReadAction","target":["https:\/\/akunq.net\/tr\/?p=69325"]}]},{"@type":"ImageObject","inLanguage":"en-US","@id":"https:\/\/akunq.net\/tr\/?p=69325#primaryimage","url":"https:\/\/akunq.net\/tr\/wp-content\/uploads\/sites\/6\/2022\/07\/Sumela.jpg","contentUrl":"https:\/\/akunq.net\/tr\/wp-content\/uploads\/sites\/6\/2022\/07\/Sumela.jpg","width":1280,"height":720},{"@type":"BreadcrumbList","@id":"https:\/\/akunq.net\/tr\/?p=69325#breadcrumb","itemListElement":[{"@type":"ListItem","position":1,"name":"Home","item":"https:\/\/akunq.net\/tr"},{"@type":"ListItem","position":2,"name":"Prof. Bekta\u015f: S\u00fcmela\u2019da kaya d\u00fc\u015fmesini \u00f6nlemek m\u00fcmk\u00fcn de\u011fil"}]},{"@type":"WebSite","@id":"https:\/\/akunq.net\/tr\/#website","url":"https:\/\/akunq.net\/tr\/","name":"Bati Ermenistan Ve Bati Ermenileri Sorunlari Ara\u015ftirmalar Merkezi","description":"","potentialAction":[{"@type":"SearchAction","target":{"@type":"EntryPoint","urlTemplate":"https:\/\/akunq.net\/tr\/?s={search_term_string}"},"query-input":{"@type":"PropertyValueSpecification","valueRequired":true,"valueName":"search_term_string"}}],"inLanguage":"en-US"},{"@type":"Person","@id":"https:\/\/akunq.net\/tr\/#\/schema\/person\/096f1d38a12cce57fb855b485ed24c9e","name":"admin","url":"https:\/\/akunq.net\/tr\/?author=7"}]}},"_links":{"self":[{"href":"https:\/\/akunq.net\/tr\/index.php?rest_route=\/wp\/v2\/posts\/69325","targetHints":{"allow":["GET"]}}],"collection":[{"href":"https:\/\/akunq.net\/tr\/index.php?rest_route=\/wp\/v2\/posts"}],"about":[{"href":"https:\/\/akunq.net\/tr\/index.php?rest_route=\/wp\/v2\/types\/post"}],"author":[{"embeddable":true,"href":"https:\/\/akunq.net\/tr\/index.php?rest_route=\/wp\/v2\/users\/7"}],"replies":[{"embeddable":true,"href":"https:\/\/akunq.net\/tr\/index.php?rest_route=%2Fwp%2Fv2%2Fcomments&post=69325"}],"version-history":[{"count":1,"href":"https:\/\/akunq.net\/tr\/index.php?rest_route=\/wp\/v2\/posts\/69325\/revisions"}],"predecessor-version":[{"id":69327,"href":"https:\/\/akunq.net\/tr\/index.php?rest_route=\/wp\/v2\/posts\/69325\/revisions\/69327"}],"wp:featuredmedia":[{"embeddable":true,"href":"https:\/\/akunq.net\/tr\/index.php?rest_route=\/wp\/v2\/media\/69326"}],"wp:attachment":[{"href":"https:\/\/akunq.net\/tr\/index.php?rest_route=%2Fwp%2Fv2%2Fmedia&parent=69325"}],"wp:term":[{"taxonomy":"category","embeddable":true,"href":"https:\/\/akunq.net\/tr\/index.php?rest_route=%2Fwp%2Fv2%2Fcategories&post=69325"},{"taxonomy":"post_tag","embeddable":true,"href":"https:\/\/akunq.net\/tr\/index.php?rest_route=%2Fwp%2Fv2%2Ftags&post=69325"}],"curies":[{"name":"wp","href":"https:\/\/api.w.org\/{rel}","templated":true}]}}