{"id":69322,"date":"2022-07-20T02:15:45","date_gmt":"2022-07-20T07:15:45","guid":{"rendered":"https:\/\/akunq.net\/tr\/?p=69322"},"modified":"2022-07-20T02:15:45","modified_gmt":"2022-07-20T07:15:45","slug":"iskenderunda-hristiyan-gencligi-bulusmasi","status":"publish","type":"post","link":"https:\/\/akunq.net\/tr\/?p=69322","title":{"rendered":"\u0130skenderun\u2019da Hristiyan Gen\u00e7li\u011fi Bulu\u015fmas\u0131"},"content":{"rendered":"<p><em><strong>\u0130lki\u00a0\u201cKalk, seni \u00e7a\u011f\u0131r\u0131yor!\u201d\u00a0temas\u0131yla Mart ay\u0131nda Hatay\/\u0130skenderun\u2019da ger\u00e7ekle\u015ftirilen Hristiyan Gen\u00e7li\u011fi Bulu\u015fmalar\u0131n\u0131n ikincisi de ge\u00e7ti\u011fimiz g\u00fcnlerde yine \u0130skenderun\u2019da ger\u00e7ekle\u015ftirildi. \u0130skenderun M\u00fcjdeleme Latin Katolik Kilisesi\u2019nde ger\u00e7ekle\u015ftirilen bulu\u015fma, 5 g\u00fcnl\u00fck kampla son buldu.<\/strong><\/em><\/p>\n<figure class=\"wp-block-image\"><img decoding=\"async\" class=\"wp-image-66331\" src=\"https:\/\/i0.wp.com\/haber.sat7turk.com\/wp-content\/uploads\/2022\/07\/genclik-kampi8-1024x648.jpg?resize=1024%2C648&amp;ssl=1\" alt=\"\" data-recalc-dims=\"1\" \/><\/figure>\n<p>Aziz Petrus ve Aziz Pavlus Bayram\u0131 vesilesiyle \u0130skenderun\u2019da ger\u00e7ekle\u015ftirilen bulu\u015fman\u0131n ana temas\u0131, Hristiyanl\u0131\u011f\u0131n \u00f6nemli mihenk ta\u015flar\u0131ndan Aziz Petrus oldu. Yap\u0131lan aktivitelerde \u0130sa Mesih\u2019in Aziz Petrus\u2019a ve di\u011fer havarilere y\u00f6neltti\u011fi<em>\u00a0\u201cArd\u0131mdan Gel!\u201d<\/em>\u00a0\u00e7a\u011fr\u0131s\u0131 gen\u00e7lere rehberlik etti.<\/p>\n<figure class=\"wp-block-image\"><img decoding=\"async\" class=\"wp-image-66333\" src=\"https:\/\/i0.wp.com\/haber.sat7turk.com\/wp-content\/uploads\/2022\/07\/genclik-kampi10-1-1024x617.jpg?resize=1024%2C617&amp;ssl=1\" alt=\"\" data-recalc-dims=\"1\" \/><\/figure>\n<p>Gen\u00e7lik bulu\u015fmas\u0131na, Hatay\u2019dan \u0130skenderun ve Antakya\u2019n\u0131n yan\u0131 s\u0131ra Mersin, Adana, Trabzon, Samsun, K\u0131r\u015fehir, Yozgat ve Ankara\u2019dan kat\u0131l\u0131m olurken, gen\u00e7lerin aras\u0131nda ayr\u0131ca T\u00fcrkiye\u2019de y\u00fcksek\u00f6\u011frenim g\u00f6ren Afrikal\u0131 \u00f6\u011frenciler ile \u0130ran, Irak, Suriye gibi \u00fclkelerden buralarda ya\u015fayan s\u0131\u011f\u0131nmac\u0131 Hristiyan gen\u00e7ler de yer ald\u0131.<\/p>\n<figure class=\"wp-block-image\"><img decoding=\"async\" class=\"wp-image-66334\" src=\"https:\/\/i0.wp.com\/haber.sat7turk.com\/wp-content\/uploads\/2022\/07\/genclik-kampi13-1024x573.jpg?resize=1024%2C573&amp;ssl=1\" alt=\"\" data-recalc-dims=\"1\" \/><\/figure>\n<h3><strong>\u201dGen\u00e7lerimiz Kilisemizin Gelece\u011fi\u201d<\/strong><\/h3>\n<p>Gen\u00e7lik bulu\u015fmalar\u0131na b\u00fcy\u00fck \u00f6nem verdiklerini aktaran Anadolu Havarisel Vekilli\u011fi \u015eans\u00f6lyesi ve Gen\u00e7lik Sorumlusu Peder Antuan Ilg\u0131t;\u00a0<strong><em>\u201cAnadolu Havarisel Vekilli\u011fi olarak T\u00fcrkiye sath\u0131nda olduk\u00e7a b\u00fcy\u00fck bir alan sorumlulu\u011fumuz alt\u0131nda. B\u00fct\u00fcn bu co\u011frafi alan i\u00e7erisinde, birbirlerinden uzak \u015fehirlerde ya\u015fayan cemaatimiz gen\u00e7leri ile ilgilenmek \u00f6nem verdi\u011fimiz bir konu. Nitekim ben gen\u00e7lerimizi Kilisemizin gelece\u011fi ve teminat\u0131 olarak g\u00f6r\u00fcyorum. Onlar\u0131 odak noktas\u0131na almayan hi\u00e7bir faaliyetin ya da gelece\u011fe dair projenin, verimli sonu\u00e7lar ta\u015f\u0131mayaca\u011f\u0131na inan\u0131yorum. Bu itibarla Episkoposumuz Paolo Bizzeti\u2019nin de arzusu \u00fczerine, Anadolu Havarisel Vekilli\u011fi gen\u00e7lerinin sorumlusu olarak her sene 2 ya da 3 b\u00fcy\u00fck \u00f6l\u00e7ekli Gen\u00e7lik Bulu\u015fmas\u0131 ger\u00e7ekle\u015ftirmeyi arzu ediyorum.<\/em><\/strong><\/p>\n<p><strong><em>Bu y\u0131l bu bulu\u015fmalar\u0131n ilkini Mart ay\u0131nda \u0130skenderun\u2019da ger\u00e7ekle\u015ftirmi\u015ftik. \u0130ncil\u2019de bahsi ge\u00e7en Bartimeos\u2019tan hareketle \u201cKalk, seni \u00e7a\u011f\u0131r\u0131yor!\u201d temas\u0131yla d\u00fczenledi\u011fimiz bu ilk bulu\u015fmaya kat\u0131l\u0131m ve ilgi olduk\u00e7a b\u00fcy\u00fck olmu\u015f, bulu\u015fma s\u0131ras\u0131nda Tarsus Aziz Pavlus Kilisesinde kutlad\u0131\u011f\u0131m\u0131z Kutsal Ayinle de bu bulu\u015fmay\u0131 ta\u00e7land\u0131rm\u0131\u015ft\u0131k.<\/em><\/strong><\/p>\n<p><em><strong>Bu sefer ise Aziz Petrus ve Aziz Pavlus Bayram\u0131 vesilesiyle yine \u0130skenderun\u2019da bir bulu\u015fma ger\u00e7ekle\u015ftirdik. Bu bulu\u015fman\u0131n ana temas\u0131 ise elbette Aziz Petrus oldu. Yapt\u0131\u011f\u0131m\u0131z aktivitelerde \u0130sa Mesih\u2019in Petrus\u2019a ve di\u011fer havarilere y\u00f6neltti\u011fi \u201cArd\u0131mdan gel!\u201d \u00e7a\u011fr\u0131s\u0131 bize rehberlik etti\u201d<\/strong>\u00a0<\/em>dedi.<\/p>\n<h3><strong>\u201dAyr\u0131m G\u00f6zetmeksizin G\u00fczel Anlar Ya\u015fad\u0131k\u201d<\/strong><\/h3>\n<p>Kamp s\u00fcrecinde 29 Haziran\u2019da Antakya\u2019ya giderek Sen Piyer Kilisesi\u2019nde Ek\u00fcmenik Kutlama ve Dua\u2019ya i\u015ftirak ettiklerini de ifade eden Ilg\u0131t;<strong>\u00a0<em>\u201cBurada gen\u00e7lerimiz kutlamay\u0131, ilahileriyle bir co\u015fkuya d\u00f6n\u00fc\u015ft\u00fcrd\u00fcler. Ard\u0131ndan da Vatikan T\u00fcrkiye B\u00fcy\u00fckel\u00e7isi Ekselanslar\u0131 Monseny\u00f6r Marek Solczynski ve Anadolu Havarisel Vekili Episkoposumuz Ekselanslar\u0131 Monseny\u00f6r Paolo Bizzeti\u2019nin y\u00f6netiminde Antakya Katolik Kilisesinde Kutsal Ayin kutlad\u0131k.<\/em><\/strong><\/p>\n<p><strong><em>Gen\u00e7lik bulu\u015fmam\u0131za Mersin, Adana, Antakya, \u0130skenderun, Trabzon, Samsun, K\u0131r\u015fehir, Yozgat ve Ankara\u2019dan kat\u0131l\u0131m oldu. Bu gen\u00e7lerin aras\u0131nda ayr\u0131ca T\u00fcrkiye\u2019de y\u00fcksek\u00f6\u011frenim g\u00f6ren Afrikal\u0131 \u00f6\u011frenciler ile \u0130ran, Irak, Suriye gibi \u00fclkelerden buralarda ya\u015fayan s\u0131\u011f\u0131nmac\u0131 Hristiyan gen\u00e7ler de vard\u0131.<\/em><\/strong><\/p>\n<p><strong><em>Onlarla birlikte, aram\u0131zda hi\u00e7bir ayr\u0131m g\u00f6zetmeksizin karde\u015flik, dostluk, sevgi ve imanla g\u00fczel anlar ya\u015fad\u0131k. Gen\u00e7ler bar\u0131\u015f, dostluk, huzur ve karde\u015flik istiyorlar; birbirlerine ihtiya\u00e7lar\u0131 var, bir olmak, b\u00fct\u00fcn olmak, diri olmak istiyorlar. Farkl\u0131l\u0131klar\u0131n\u0131 ise bizler gibi onlar da birer arma\u011fan ve zenginlik olarak g\u00f6r\u00fcyorlar.<\/em><\/strong><\/p>\n<p><strong><em>Bu bulu\u015fma ayn\u0131 zamanda biz din adamlar\u0131 i\u00e7in de g\u00fczel bir f\u0131rsat. \u00dclkemizde m\u00fctevaz\u0131 bir y\u00fcrekle cemaatimize hizmet eden rahip, rahibe ve di\u011fer adanm\u0131\u015flar, gen\u00e7lere birlikte e\u015flik ederek bir araya geliyor, zorluklar\u0131m\u0131z\u0131 ve sevin\u00e7lerimizi payla\u015f\u0131yoruz. Bu anlamda toplant\u0131m\u0131za kat\u0131lan ve bana yard\u0131m eden Mersin cemaatimiz gen\u00e7leri sorumlusu peder Mariusz Dunaj\u2019a, Trabzon Cemaatimizden peder Carmine Donnici, rahibeler Maria Divina Jesus ve Maria Leonie ile \u0130skenderun cemaatimizden fokolarina Agi Dlabig\u2019e te\u015fekk\u00fcrlerimi ifade etmek isterim\u201d<\/em><\/strong>\u00a0\u015feklinde konu\u015ftu.<\/p>\n<p>Gen\u00e7lik Bulu\u015fmas\u0131n\u0131n finali de harika oldu. Kat\u0131l\u0131mc\u0131 gen\u00e7ler\u00a0<em>\u2018Ard\u0131mdan Gelin\u2019<\/em>\u00a0temas\u0131 hakk\u0131nda gruplar halinde yapt\u0131klar\u0131 ske\u00e7lerle e\u011flenceli dakikalar ge\u00e7irdiler. \u0130lahiler ve dans g\u00f6sterileri de bu kutsal bulu\u015fmaya apayr\u0131 renk katt\u0131.<em>\u00a0(SAT-7 T\u00fcrk\/\u0130lyas Edip TERB\u0130YEL\u0130-\u0130skenderun)<\/em><\/p>\n<p><em><strong><a href=\"https:\/\/haber.sat7turk.com\/iskenderunda-hristiyan-gencligi-bulusmasi\/\">https:\/\/haber.sat7turk.com\/iskenderunda-hristiyan-gencligi-bulusmasi\/<\/a>\u00a0<\/strong><\/em><\/p>\n","protected":false},"excerpt":{"rendered":"<p>\u0130lki\u00a0\u201cKalk, seni \u00e7a\u011f\u0131r\u0131yor!\u201d\u00a0temas\u0131yla Mart ay\u0131nda Hatay\/\u0130skenderun\u2019da ger\u00e7ekle\u015ftirilen Hristiyan Gen\u00e7li\u011fi Bulu\u015fmalar\u0131n\u0131n ikincisi de ge\u00e7ti\u011fimiz g\u00fcnlerde yine \u0130skenderun\u2019da ger\u00e7ekle\u015ftirildi. \u0130skenderun M\u00fcjdeleme Latin Katolik Kilisesi\u2019nde ger\u00e7ekle\u015ftirilen bulu\u015fma, 5 g\u00fcnl\u00fck kampla son buldu. Aziz Petrus ve Aziz Pavlus Bayram\u0131 vesilesiyle \u0130skenderun\u2019da ger\u00e7ekle\u015ftirilen bulu\u015fman\u0131n ana temas\u0131, Hristiyanl\u0131\u011f\u0131n \u00f6nemli mihenk ta\u015flar\u0131ndan Aziz Petrus oldu. Yap\u0131lan aktivitelerde \u0130sa Mesih\u2019in Aziz Petrus\u2019a ve [&hellip;]<\/p>\n","protected":false},"author":7,"featured_media":69323,"comment_status":"open","ping_status":"open","sticky":false,"template":"","format":"standard","meta":{"footnotes":""},"categories":[1],"tags":[],"class_list":["post-69322","post","type-post","status-publish","format-standard","has-post-thumbnail","hentry","category-haberler"],"yoast_head":"<!-- This site is optimized with the Yoast SEO plugin v27.4 - https:\/\/yoast.com\/product\/yoast-seo-wordpress\/ -->\n<title>\u0130skenderun\u2019da Hristiyan Gen\u00e7li\u011fi Bulu\u015fmas\u0131 - Bati Ermenistan Ve Bati Ermenileri Sorunlari Ara\u015ftirmalar Merkezi<\/title>\n<meta name=\"robots\" content=\"index, follow, max-snippet:-1, max-image-preview:large, max-video-preview:-1\" \/>\n<link rel=\"canonical\" href=\"https:\/\/akunq.net\/tr\/?p=69322\" \/>\n<meta property=\"og:locale\" content=\"en_US\" \/>\n<meta property=\"og:type\" content=\"article\" \/>\n<meta property=\"og:title\" content=\"\u0130skenderun\u2019da Hristiyan Gen\u00e7li\u011fi Bulu\u015fmas\u0131 - Bati Ermenistan Ve Bati Ermenileri Sorunlari Ara\u015ftirmalar Merkezi\" \/>\n<meta property=\"og:description\" content=\"\u0130lki\u00a0\u201cKalk, seni \u00e7a\u011f\u0131r\u0131yor!\u201d\u00a0temas\u0131yla Mart ay\u0131nda Hatay\/\u0130skenderun\u2019da ger\u00e7ekle\u015ftirilen Hristiyan Gen\u00e7li\u011fi Bulu\u015fmalar\u0131n\u0131n ikincisi de ge\u00e7ti\u011fimiz g\u00fcnlerde yine \u0130skenderun\u2019da ger\u00e7ekle\u015ftirildi. \u0130skenderun M\u00fcjdeleme Latin Katolik Kilisesi\u2019nde ger\u00e7ekle\u015ftirilen bulu\u015fma, 5 g\u00fcnl\u00fck kampla son buldu. Aziz Petrus ve Aziz Pavlus Bayram\u0131 vesilesiyle \u0130skenderun\u2019da ger\u00e7ekle\u015ftirilen bulu\u015fman\u0131n ana temas\u0131, Hristiyanl\u0131\u011f\u0131n \u00f6nemli mihenk ta\u015flar\u0131ndan Aziz Petrus oldu. Yap\u0131lan aktivitelerde \u0130sa Mesih\u2019in Aziz Petrus\u2019a ve [&hellip;]\" \/>\n<meta property=\"og:url\" content=\"https:\/\/akunq.net\/tr\/?p=69322\" \/>\n<meta property=\"og:site_name\" content=\"Bati Ermenistan Ve Bati Ermenileri Sorunlari Ara\u015ftirmalar Merkezi\" \/>\n<meta property=\"article:published_time\" content=\"2022-07-20T07:15:45+00:00\" \/>\n<meta property=\"og:image\" content=\"https:\/\/akunq.net\/tr\/wp-content\/uploads\/sites\/6\/2022\/07\/Iskenderunda-Hristiyan-Gencligi-Bulusmasi.jpg\" \/>\n\t<meta property=\"og:image:width\" content=\"1024\" \/>\n\t<meta property=\"og:image:height\" content=\"648\" \/>\n\t<meta property=\"og:image:type\" content=\"image\/jpeg\" \/>\n<meta name=\"author\" content=\"admin\" \/>\n<meta name=\"twitter:card\" content=\"summary_large_image\" \/>\n<meta name=\"twitter:label1\" content=\"Written by\" \/>\n\t<meta name=\"twitter:data1\" content=\"admin\" \/>\n\t<meta name=\"twitter:label2\" content=\"Est. reading time\" \/>\n\t<meta name=\"twitter:data2\" content=\"4 minutes\" \/>\n<script type=\"application\/ld+json\" class=\"yoast-schema-graph\">{\"@context\":\"https:\\\/\\\/schema.org\",\"@graph\":[{\"@type\":\"Article\",\"@id\":\"https:\\\/\\\/akunq.net\\\/tr\\\/?p=69322#article\",\"isPartOf\":{\"@id\":\"https:\\\/\\\/akunq.net\\\/tr\\\/?p=69322\"},\"author\":{\"name\":\"admin\",\"@id\":\"https:\\\/\\\/akunq.net\\\/tr\\\/#\\\/schema\\\/person\\\/096f1d38a12cce57fb855b485ed24c9e\"},\"headline\":\"\u0130skenderun\u2019da Hristiyan Gen\u00e7li\u011fi Bulu\u015fmas\u0131\",\"datePublished\":\"2022-07-20T07:15:45+00:00\",\"mainEntityOfPage\":{\"@id\":\"https:\\\/\\\/akunq.net\\\/tr\\\/?p=69322\"},\"wordCount\":812,\"commentCount\":0,\"image\":{\"@id\":\"https:\\\/\\\/akunq.net\\\/tr\\\/?p=69322#primaryimage\"},\"thumbnailUrl\":\"https:\\\/\\\/akunq.net\\\/tr\\\/wp-content\\\/uploads\\\/sites\\\/6\\\/2022\\\/07\\\/Iskenderunda-Hristiyan-Gencligi-Bulusmasi.jpg\",\"articleSection\":[\"Haberler\"],\"inLanguage\":\"en-US\",\"potentialAction\":[{\"@type\":\"CommentAction\",\"name\":\"Comment\",\"target\":[\"https:\\\/\\\/akunq.net\\\/tr\\\/?p=69322#respond\"]}]},{\"@type\":\"WebPage\",\"@id\":\"https:\\\/\\\/akunq.net\\\/tr\\\/?p=69322\",\"url\":\"https:\\\/\\\/akunq.net\\\/tr\\\/?p=69322\",\"name\":\"\u0130skenderun\u2019da Hristiyan Gen\u00e7li\u011fi Bulu\u015fmas\u0131 - Bati Ermenistan Ve Bati Ermenileri Sorunlari Ara\u015ftirmalar Merkezi\",\"isPartOf\":{\"@id\":\"https:\\\/\\\/akunq.net\\\/tr\\\/#website\"},\"primaryImageOfPage\":{\"@id\":\"https:\\\/\\\/akunq.net\\\/tr\\\/?p=69322#primaryimage\"},\"image\":{\"@id\":\"https:\\\/\\\/akunq.net\\\/tr\\\/?p=69322#primaryimage\"},\"thumbnailUrl\":\"https:\\\/\\\/akunq.net\\\/tr\\\/wp-content\\\/uploads\\\/sites\\\/6\\\/2022\\\/07\\\/Iskenderunda-Hristiyan-Gencligi-Bulusmasi.jpg\",\"datePublished\":\"2022-07-20T07:15:45+00:00\",\"author\":{\"@id\":\"https:\\\/\\\/akunq.net\\\/tr\\\/#\\\/schema\\\/person\\\/096f1d38a12cce57fb855b485ed24c9e\"},\"breadcrumb\":{\"@id\":\"https:\\\/\\\/akunq.net\\\/tr\\\/?p=69322#breadcrumb\"},\"inLanguage\":\"en-US\",\"potentialAction\":[{\"@type\":\"ReadAction\",\"target\":[\"https:\\\/\\\/akunq.net\\\/tr\\\/?p=69322\"]}]},{\"@type\":\"ImageObject\",\"inLanguage\":\"en-US\",\"@id\":\"https:\\\/\\\/akunq.net\\\/tr\\\/?p=69322#primaryimage\",\"url\":\"https:\\\/\\\/akunq.net\\\/tr\\\/wp-content\\\/uploads\\\/sites\\\/6\\\/2022\\\/07\\\/Iskenderunda-Hristiyan-Gencligi-Bulusmasi.jpg\",\"contentUrl\":\"https:\\\/\\\/akunq.net\\\/tr\\\/wp-content\\\/uploads\\\/sites\\\/6\\\/2022\\\/07\\\/Iskenderunda-Hristiyan-Gencligi-Bulusmasi.jpg\",\"width\":1024,\"height\":648},{\"@type\":\"BreadcrumbList\",\"@id\":\"https:\\\/\\\/akunq.net\\\/tr\\\/?p=69322#breadcrumb\",\"itemListElement\":[{\"@type\":\"ListItem\",\"position\":1,\"name\":\"Home\",\"item\":\"https:\\\/\\\/akunq.net\\\/tr\"},{\"@type\":\"ListItem\",\"position\":2,\"name\":\"\u0130skenderun\u2019da Hristiyan Gen\u00e7li\u011fi Bulu\u015fmas\u0131\"}]},{\"@type\":\"WebSite\",\"@id\":\"https:\\\/\\\/akunq.net\\\/tr\\\/#website\",\"url\":\"https:\\\/\\\/akunq.net\\\/tr\\\/\",\"name\":\"Bati Ermenistan Ve Bati Ermenileri Sorunlari Ara\u015ftirmalar Merkezi\",\"description\":\"\",\"potentialAction\":[{\"@type\":\"SearchAction\",\"target\":{\"@type\":\"EntryPoint\",\"urlTemplate\":\"https:\\\/\\\/akunq.net\\\/tr\\\/?s={search_term_string}\"},\"query-input\":{\"@type\":\"PropertyValueSpecification\",\"valueRequired\":true,\"valueName\":\"search_term_string\"}}],\"inLanguage\":\"en-US\"},{\"@type\":\"Person\",\"@id\":\"https:\\\/\\\/akunq.net\\\/tr\\\/#\\\/schema\\\/person\\\/096f1d38a12cce57fb855b485ed24c9e\",\"name\":\"admin\",\"url\":\"https:\\\/\\\/akunq.net\\\/tr\\\/?author=7\"}]}<\/script>\n<!-- \/ Yoast SEO plugin. -->","yoast_head_json":{"title":"\u0130skenderun\u2019da Hristiyan Gen\u00e7li\u011fi Bulu\u015fmas\u0131 - Bati Ermenistan Ve Bati Ermenileri Sorunlari Ara\u015ftirmalar Merkezi","robots":{"index":"index","follow":"follow","max-snippet":"max-snippet:-1","max-image-preview":"max-image-preview:large","max-video-preview":"max-video-preview:-1"},"canonical":"https:\/\/akunq.net\/tr\/?p=69322","og_locale":"en_US","og_type":"article","og_title":"\u0130skenderun\u2019da Hristiyan Gen\u00e7li\u011fi Bulu\u015fmas\u0131 - Bati Ermenistan Ve Bati Ermenileri Sorunlari Ara\u015ftirmalar Merkezi","og_description":"\u0130lki\u00a0\u201cKalk, seni \u00e7a\u011f\u0131r\u0131yor!\u201d\u00a0temas\u0131yla Mart ay\u0131nda Hatay\/\u0130skenderun\u2019da ger\u00e7ekle\u015ftirilen Hristiyan Gen\u00e7li\u011fi Bulu\u015fmalar\u0131n\u0131n ikincisi de ge\u00e7ti\u011fimiz g\u00fcnlerde yine \u0130skenderun\u2019da ger\u00e7ekle\u015ftirildi. \u0130skenderun M\u00fcjdeleme Latin Katolik Kilisesi\u2019nde ger\u00e7ekle\u015ftirilen bulu\u015fma, 5 g\u00fcnl\u00fck kampla son buldu. Aziz Petrus ve Aziz Pavlus Bayram\u0131 vesilesiyle \u0130skenderun\u2019da ger\u00e7ekle\u015ftirilen bulu\u015fman\u0131n ana temas\u0131, Hristiyanl\u0131\u011f\u0131n \u00f6nemli mihenk ta\u015flar\u0131ndan Aziz Petrus oldu. Yap\u0131lan aktivitelerde \u0130sa Mesih\u2019in Aziz Petrus\u2019a ve [&hellip;]","og_url":"https:\/\/akunq.net\/tr\/?p=69322","og_site_name":"Bati Ermenistan Ve Bati Ermenileri Sorunlari Ara\u015ftirmalar Merkezi","article_published_time":"2022-07-20T07:15:45+00:00","og_image":[{"width":1024,"height":648,"url":"https:\/\/akunq.net\/tr\/wp-content\/uploads\/sites\/6\/2022\/07\/Iskenderunda-Hristiyan-Gencligi-Bulusmasi.jpg","type":"image\/jpeg"}],"author":"admin","twitter_card":"summary_large_image","twitter_misc":{"Written by":"admin","Est. reading time":"4 minutes"},"schema":{"@context":"https:\/\/schema.org","@graph":[{"@type":"Article","@id":"https:\/\/akunq.net\/tr\/?p=69322#article","isPartOf":{"@id":"https:\/\/akunq.net\/tr\/?p=69322"},"author":{"name":"admin","@id":"https:\/\/akunq.net\/tr\/#\/schema\/person\/096f1d38a12cce57fb855b485ed24c9e"},"headline":"\u0130skenderun\u2019da Hristiyan Gen\u00e7li\u011fi Bulu\u015fmas\u0131","datePublished":"2022-07-20T07:15:45+00:00","mainEntityOfPage":{"@id":"https:\/\/akunq.net\/tr\/?p=69322"},"wordCount":812,"commentCount":0,"image":{"@id":"https:\/\/akunq.net\/tr\/?p=69322#primaryimage"},"thumbnailUrl":"https:\/\/akunq.net\/tr\/wp-content\/uploads\/sites\/6\/2022\/07\/Iskenderunda-Hristiyan-Gencligi-Bulusmasi.jpg","articleSection":["Haberler"],"inLanguage":"en-US","potentialAction":[{"@type":"CommentAction","name":"Comment","target":["https:\/\/akunq.net\/tr\/?p=69322#respond"]}]},{"@type":"WebPage","@id":"https:\/\/akunq.net\/tr\/?p=69322","url":"https:\/\/akunq.net\/tr\/?p=69322","name":"\u0130skenderun\u2019da Hristiyan Gen\u00e7li\u011fi Bulu\u015fmas\u0131 - Bati Ermenistan Ve Bati Ermenileri Sorunlari Ara\u015ftirmalar Merkezi","isPartOf":{"@id":"https:\/\/akunq.net\/tr\/#website"},"primaryImageOfPage":{"@id":"https:\/\/akunq.net\/tr\/?p=69322#primaryimage"},"image":{"@id":"https:\/\/akunq.net\/tr\/?p=69322#primaryimage"},"thumbnailUrl":"https:\/\/akunq.net\/tr\/wp-content\/uploads\/sites\/6\/2022\/07\/Iskenderunda-Hristiyan-Gencligi-Bulusmasi.jpg","datePublished":"2022-07-20T07:15:45+00:00","author":{"@id":"https:\/\/akunq.net\/tr\/#\/schema\/person\/096f1d38a12cce57fb855b485ed24c9e"},"breadcrumb":{"@id":"https:\/\/akunq.net\/tr\/?p=69322#breadcrumb"},"inLanguage":"en-US","potentialAction":[{"@type":"ReadAction","target":["https:\/\/akunq.net\/tr\/?p=69322"]}]},{"@type":"ImageObject","inLanguage":"en-US","@id":"https:\/\/akunq.net\/tr\/?p=69322#primaryimage","url":"https:\/\/akunq.net\/tr\/wp-content\/uploads\/sites\/6\/2022\/07\/Iskenderunda-Hristiyan-Gencligi-Bulusmasi.jpg","contentUrl":"https:\/\/akunq.net\/tr\/wp-content\/uploads\/sites\/6\/2022\/07\/Iskenderunda-Hristiyan-Gencligi-Bulusmasi.jpg","width":1024,"height":648},{"@type":"BreadcrumbList","@id":"https:\/\/akunq.net\/tr\/?p=69322#breadcrumb","itemListElement":[{"@type":"ListItem","position":1,"name":"Home","item":"https:\/\/akunq.net\/tr"},{"@type":"ListItem","position":2,"name":"\u0130skenderun\u2019da Hristiyan Gen\u00e7li\u011fi Bulu\u015fmas\u0131"}]},{"@type":"WebSite","@id":"https:\/\/akunq.net\/tr\/#website","url":"https:\/\/akunq.net\/tr\/","name":"Bati Ermenistan Ve Bati Ermenileri Sorunlari Ara\u015ftirmalar Merkezi","description":"","potentialAction":[{"@type":"SearchAction","target":{"@type":"EntryPoint","urlTemplate":"https:\/\/akunq.net\/tr\/?s={search_term_string}"},"query-input":{"@type":"PropertyValueSpecification","valueRequired":true,"valueName":"search_term_string"}}],"inLanguage":"en-US"},{"@type":"Person","@id":"https:\/\/akunq.net\/tr\/#\/schema\/person\/096f1d38a12cce57fb855b485ed24c9e","name":"admin","url":"https:\/\/akunq.net\/tr\/?author=7"}]}},"_links":{"self":[{"href":"https:\/\/akunq.net\/tr\/index.php?rest_route=\/wp\/v2\/posts\/69322","targetHints":{"allow":["GET"]}}],"collection":[{"href":"https:\/\/akunq.net\/tr\/index.php?rest_route=\/wp\/v2\/posts"}],"about":[{"href":"https:\/\/akunq.net\/tr\/index.php?rest_route=\/wp\/v2\/types\/post"}],"author":[{"embeddable":true,"href":"https:\/\/akunq.net\/tr\/index.php?rest_route=\/wp\/v2\/users\/7"}],"replies":[{"embeddable":true,"href":"https:\/\/akunq.net\/tr\/index.php?rest_route=%2Fwp%2Fv2%2Fcomments&post=69322"}],"version-history":[{"count":1,"href":"https:\/\/akunq.net\/tr\/index.php?rest_route=\/wp\/v2\/posts\/69322\/revisions"}],"predecessor-version":[{"id":69324,"href":"https:\/\/akunq.net\/tr\/index.php?rest_route=\/wp\/v2\/posts\/69322\/revisions\/69324"}],"wp:featuredmedia":[{"embeddable":true,"href":"https:\/\/akunq.net\/tr\/index.php?rest_route=\/wp\/v2\/media\/69323"}],"wp:attachment":[{"href":"https:\/\/akunq.net\/tr\/index.php?rest_route=%2Fwp%2Fv2%2Fmedia&parent=69322"}],"wp:term":[{"taxonomy":"category","embeddable":true,"href":"https:\/\/akunq.net\/tr\/index.php?rest_route=%2Fwp%2Fv2%2Fcategories&post=69322"},{"taxonomy":"post_tag","embeddable":true,"href":"https:\/\/akunq.net\/tr\/index.php?rest_route=%2Fwp%2Fv2%2Ftags&post=69322"}],"curies":[{"name":"wp","href":"https:\/\/api.w.org\/{rel}","templated":true}]}}