{"id":69319,"date":"2022-07-20T01:54:26","date_gmt":"2022-07-20T06:54:26","guid":{"rendered":"https:\/\/akunq.net\/tr\/?p=69319"},"modified":"2022-07-20T01:54:26","modified_gmt":"2022-07-20T06:54:26","slug":"iran-ermenistan-ile-kendi-sinirini-ablukaya-alma-politikasina-karsi-cikacaktir","status":"publish","type":"post","link":"https:\/\/akunq.net\/tr\/?p=69319","title":{"rendered":"\u0130ran, Ermenistan ile kendi s\u0131n\u0131r\u0131n\u0131 ablukaya alma politikas\u0131na kar\u015f\u0131 \u00e7\u0131kacakt\u0131r"},"content":{"rendered":"<p><img loading=\"lazy\" decoding=\"async\" class=\"aligncenter size-medium wp-image-69320\" src=\"https:\/\/akunq.net\/tr\/wp-content\/uploads\/2022\/07\/Ayetullah-Ali-Hamanei-360x242.jpg\" alt=\"\" width=\"360\" height=\"242\" srcset=\"https:\/\/akunq.net\/tr\/wp-content\/uploads\/sites\/6\/2022\/07\/Ayetullah-Ali-Hamanei-360x242.jpg 360w, https:\/\/akunq.net\/tr\/wp-content\/uploads\/sites\/6\/2022\/07\/Ayetullah-Ali-Hamanei-560x376.jpg 560w, https:\/\/akunq.net\/tr\/wp-content\/uploads\/sites\/6\/2022\/07\/Ayetullah-Ali-Hamanei-260x175.jpg 260w, https:\/\/akunq.net\/tr\/wp-content\/uploads\/sites\/6\/2022\/07\/Ayetullah-Ali-Hamanei-160x107.jpg 160w, https:\/\/akunq.net\/tr\/wp-content\/uploads\/sites\/6\/2022\/07\/Ayetullah-Ali-Hamanei.jpg 670w\" sizes=\"auto, (max-width: 360px) 100vw, 360px\" \/><\/p>\n<p><em><strong>\u0130ran \u0130slam Cumhuriyeti&#8217;nin ruhani lideri Ayetullah Ali Hamanei, T\u00fcrkiye Cumhurba\u015fkan\u0131 Recep Tayyip Erdo\u011fan ile Tahran&#8217;da yapt\u0131\u011f\u0131 g\u00f6r\u00fc\u015fmede, \u0130ran \u0130slam Cumhuriyeti&#8217;nin \u0130ran-Ermenistan s\u0131n\u0131r\u0131n\u0131n ablukaya al\u0131nmas\u0131na y\u00f6nelik politikaya kar\u015f\u0131 \u00e7\u0131kaca\u011f\u0131n\u0131 s\u00f6yledi.<\/strong><\/em><\/p>\n<p>Armenpress\u2019in, IRNA&#8217;ya at\u0131fta bulunarak sundu\u011fu habere g\u00f6re \u0130ran ruhani lideri Erdo\u011fan\u2019a \u201c\u0130ran-Ermenistan s\u0131n\u0131r\u0131n\u0131 kapatma politikas\u0131 varsa \u0130slam Cumhuriyeti b\u00f6yle bir karara kar\u015f\u0131 \u00e7\u0131kacakt\u0131r, \u00e7\u00fcnk\u00fc bu s\u0131n\u0131r binlerce y\u0131ll\u0131k bir ileti\u015fim yolu&#8221; dedi.<\/p>\n<p><em><strong>https:\/\/armenpress.am\/tur\/news\/1088577.html\u00a0<\/strong><\/em><\/p>\n","protected":false},"excerpt":{"rendered":"<p>\u0130ran \u0130slam Cumhuriyeti&#8217;nin ruhani lideri Ayetullah Ali Hamanei, T\u00fcrkiye Cumhurba\u015fkan\u0131 Recep Tayyip Erdo\u011fan ile Tahran&#8217;da yapt\u0131\u011f\u0131 g\u00f6r\u00fc\u015fmede, \u0130ran \u0130slam Cumhuriyeti&#8217;nin \u0130ran-Ermenistan s\u0131n\u0131r\u0131n\u0131n ablukaya al\u0131nmas\u0131na y\u00f6nelik politikaya kar\u015f\u0131 \u00e7\u0131kaca\u011f\u0131n\u0131 s\u00f6yledi. Armenpress\u2019in, IRNA&#8217;ya at\u0131fta bulunarak sundu\u011fu habere g\u00f6re \u0130ran ruhani lideri Erdo\u011fan\u2019a \u201c\u0130ran-Ermenistan s\u0131n\u0131r\u0131n\u0131 kapatma politikas\u0131 varsa \u0130slam Cumhuriyeti b\u00f6yle bir karara kar\u015f\u0131 \u00e7\u0131kacakt\u0131r, \u00e7\u00fcnk\u00fc bu s\u0131n\u0131r [&hellip;]<\/p>\n","protected":false},"author":7,"featured_media":69320,"comment_status":"open","ping_status":"open","sticky":false,"template":"","format":"standard","meta":{"footnotes":""},"categories":[1],"tags":[],"class_list":["post-69319","post","type-post","status-publish","format-standard","has-post-thumbnail","hentry","category-haberler"],"yoast_head":"<!-- This site is optimized with the Yoast SEO plugin v27.4 - https:\/\/yoast.com\/product\/yoast-seo-wordpress\/ -->\n<title>\u0130ran, Ermenistan ile kendi s\u0131n\u0131r\u0131n\u0131 ablukaya alma politikas\u0131na kar\u015f\u0131 \u00e7\u0131kacakt\u0131r - Bati Ermenistan Ve Bati Ermenileri Sorunlari Ara\u015ftirmalar Merkezi<\/title>\n<meta name=\"robots\" content=\"index, follow, max-snippet:-1, max-image-preview:large, max-video-preview:-1\" \/>\n<link rel=\"canonical\" href=\"https:\/\/akunq.net\/tr\/?p=69319\" \/>\n<meta property=\"og:locale\" content=\"en_US\" \/>\n<meta property=\"og:type\" content=\"article\" \/>\n<meta property=\"og:title\" content=\"\u0130ran, Ermenistan ile kendi s\u0131n\u0131r\u0131n\u0131 ablukaya alma politikas\u0131na kar\u015f\u0131 \u00e7\u0131kacakt\u0131r - Bati Ermenistan Ve Bati Ermenileri Sorunlari Ara\u015ftirmalar Merkezi\" \/>\n<meta property=\"og:description\" content=\"\u0130ran \u0130slam Cumhuriyeti&#8217;nin ruhani lideri Ayetullah Ali Hamanei, T\u00fcrkiye Cumhurba\u015fkan\u0131 Recep Tayyip Erdo\u011fan ile Tahran&#8217;da yapt\u0131\u011f\u0131 g\u00f6r\u00fc\u015fmede, \u0130ran \u0130slam Cumhuriyeti&#8217;nin \u0130ran-Ermenistan s\u0131n\u0131r\u0131n\u0131n ablukaya al\u0131nmas\u0131na y\u00f6nelik politikaya kar\u015f\u0131 \u00e7\u0131kaca\u011f\u0131n\u0131 s\u00f6yledi. Armenpress\u2019in, IRNA&#8217;ya at\u0131fta bulunarak sundu\u011fu habere g\u00f6re \u0130ran ruhani lideri Erdo\u011fan\u2019a \u201c\u0130ran-Ermenistan s\u0131n\u0131r\u0131n\u0131 kapatma politikas\u0131 varsa \u0130slam Cumhuriyeti b\u00f6yle bir karara kar\u015f\u0131 \u00e7\u0131kacakt\u0131r, \u00e7\u00fcnk\u00fc bu s\u0131n\u0131r [&hellip;]\" \/>\n<meta property=\"og:url\" content=\"https:\/\/akunq.net\/tr\/?p=69319\" \/>\n<meta property=\"og:site_name\" content=\"Bati Ermenistan Ve Bati Ermenileri Sorunlari Ara\u015ftirmalar Merkezi\" \/>\n<meta property=\"article:published_time\" content=\"2022-07-20T06:54:26+00:00\" \/>\n<meta property=\"og:image\" content=\"https:\/\/akunq.net\/tr\/wp-content\/uploads\/sites\/6\/2022\/07\/Ayetullah-Ali-Hamanei.jpg\" \/>\n\t<meta property=\"og:image:width\" content=\"670\" \/>\n\t<meta property=\"og:image:height\" content=\"450\" \/>\n\t<meta property=\"og:image:type\" content=\"image\/jpeg\" \/>\n<meta name=\"author\" content=\"admin\" \/>\n<meta name=\"twitter:card\" content=\"summary_large_image\" \/>\n<meta name=\"twitter:label1\" content=\"Written by\" \/>\n\t<meta name=\"twitter:data1\" content=\"admin\" \/>\n<script type=\"application\/ld+json\" class=\"yoast-schema-graph\">{\"@context\":\"https:\\\/\\\/schema.org\",\"@graph\":[{\"@type\":\"Article\",\"@id\":\"https:\\\/\\\/akunq.net\\\/tr\\\/?p=69319#article\",\"isPartOf\":{\"@id\":\"https:\\\/\\\/akunq.net\\\/tr\\\/?p=69319\"},\"author\":{\"name\":\"admin\",\"@id\":\"https:\\\/\\\/akunq.net\\\/tr\\\/#\\\/schema\\\/person\\\/096f1d38a12cce57fb855b485ed24c9e\"},\"headline\":\"\u0130ran, Ermenistan ile kendi s\u0131n\u0131r\u0131n\u0131 ablukaya alma politikas\u0131na kar\u015f\u0131 \u00e7\u0131kacakt\u0131r\",\"datePublished\":\"2022-07-20T06:54:26+00:00\",\"mainEntityOfPage\":{\"@id\":\"https:\\\/\\\/akunq.net\\\/tr\\\/?p=69319\"},\"wordCount\":112,\"commentCount\":0,\"image\":{\"@id\":\"https:\\\/\\\/akunq.net\\\/tr\\\/?p=69319#primaryimage\"},\"thumbnailUrl\":\"https:\\\/\\\/akunq.net\\\/tr\\\/wp-content\\\/uploads\\\/sites\\\/6\\\/2022\\\/07\\\/Ayetullah-Ali-Hamanei.jpg\",\"articleSection\":[\"Haberler\"],\"inLanguage\":\"en-US\",\"potentialAction\":[{\"@type\":\"CommentAction\",\"name\":\"Comment\",\"target\":[\"https:\\\/\\\/akunq.net\\\/tr\\\/?p=69319#respond\"]}]},{\"@type\":\"WebPage\",\"@id\":\"https:\\\/\\\/akunq.net\\\/tr\\\/?p=69319\",\"url\":\"https:\\\/\\\/akunq.net\\\/tr\\\/?p=69319\",\"name\":\"\u0130ran, Ermenistan ile kendi s\u0131n\u0131r\u0131n\u0131 ablukaya alma politikas\u0131na kar\u015f\u0131 \u00e7\u0131kacakt\u0131r - Bati Ermenistan Ve Bati Ermenileri Sorunlari Ara\u015ftirmalar Merkezi\",\"isPartOf\":{\"@id\":\"https:\\\/\\\/akunq.net\\\/tr\\\/#website\"},\"primaryImageOfPage\":{\"@id\":\"https:\\\/\\\/akunq.net\\\/tr\\\/?p=69319#primaryimage\"},\"image\":{\"@id\":\"https:\\\/\\\/akunq.net\\\/tr\\\/?p=69319#primaryimage\"},\"thumbnailUrl\":\"https:\\\/\\\/akunq.net\\\/tr\\\/wp-content\\\/uploads\\\/sites\\\/6\\\/2022\\\/07\\\/Ayetullah-Ali-Hamanei.jpg\",\"datePublished\":\"2022-07-20T06:54:26+00:00\",\"author\":{\"@id\":\"https:\\\/\\\/akunq.net\\\/tr\\\/#\\\/schema\\\/person\\\/096f1d38a12cce57fb855b485ed24c9e\"},\"breadcrumb\":{\"@id\":\"https:\\\/\\\/akunq.net\\\/tr\\\/?p=69319#breadcrumb\"},\"inLanguage\":\"en-US\",\"potentialAction\":[{\"@type\":\"ReadAction\",\"target\":[\"https:\\\/\\\/akunq.net\\\/tr\\\/?p=69319\"]}]},{\"@type\":\"ImageObject\",\"inLanguage\":\"en-US\",\"@id\":\"https:\\\/\\\/akunq.net\\\/tr\\\/?p=69319#primaryimage\",\"url\":\"https:\\\/\\\/akunq.net\\\/tr\\\/wp-content\\\/uploads\\\/sites\\\/6\\\/2022\\\/07\\\/Ayetullah-Ali-Hamanei.jpg\",\"contentUrl\":\"https:\\\/\\\/akunq.net\\\/tr\\\/wp-content\\\/uploads\\\/sites\\\/6\\\/2022\\\/07\\\/Ayetullah-Ali-Hamanei.jpg\",\"width\":670,\"height\":450},{\"@type\":\"BreadcrumbList\",\"@id\":\"https:\\\/\\\/akunq.net\\\/tr\\\/?p=69319#breadcrumb\",\"itemListElement\":[{\"@type\":\"ListItem\",\"position\":1,\"name\":\"Home\",\"item\":\"https:\\\/\\\/akunq.net\\\/tr\"},{\"@type\":\"ListItem\",\"position\":2,\"name\":\"\u0130ran, Ermenistan ile kendi s\u0131n\u0131r\u0131n\u0131 ablukaya alma politikas\u0131na kar\u015f\u0131 \u00e7\u0131kacakt\u0131r\"}]},{\"@type\":\"WebSite\",\"@id\":\"https:\\\/\\\/akunq.net\\\/tr\\\/#website\",\"url\":\"https:\\\/\\\/akunq.net\\\/tr\\\/\",\"name\":\"Bati Ermenistan Ve Bati Ermenileri Sorunlari Ara\u015ftirmalar Merkezi\",\"description\":\"\",\"potentialAction\":[{\"@type\":\"SearchAction\",\"target\":{\"@type\":\"EntryPoint\",\"urlTemplate\":\"https:\\\/\\\/akunq.net\\\/tr\\\/?s={search_term_string}\"},\"query-input\":{\"@type\":\"PropertyValueSpecification\",\"valueRequired\":true,\"valueName\":\"search_term_string\"}}],\"inLanguage\":\"en-US\"},{\"@type\":\"Person\",\"@id\":\"https:\\\/\\\/akunq.net\\\/tr\\\/#\\\/schema\\\/person\\\/096f1d38a12cce57fb855b485ed24c9e\",\"name\":\"admin\",\"url\":\"https:\\\/\\\/akunq.net\\\/tr\\\/?author=7\"}]}<\/script>\n<!-- \/ Yoast SEO plugin. -->","yoast_head_json":{"title":"\u0130ran, Ermenistan ile kendi s\u0131n\u0131r\u0131n\u0131 ablukaya alma politikas\u0131na kar\u015f\u0131 \u00e7\u0131kacakt\u0131r - Bati Ermenistan Ve Bati Ermenileri Sorunlari Ara\u015ftirmalar Merkezi","robots":{"index":"index","follow":"follow","max-snippet":"max-snippet:-1","max-image-preview":"max-image-preview:large","max-video-preview":"max-video-preview:-1"},"canonical":"https:\/\/akunq.net\/tr\/?p=69319","og_locale":"en_US","og_type":"article","og_title":"\u0130ran, Ermenistan ile kendi s\u0131n\u0131r\u0131n\u0131 ablukaya alma politikas\u0131na kar\u015f\u0131 \u00e7\u0131kacakt\u0131r - Bati Ermenistan Ve Bati Ermenileri Sorunlari Ara\u015ftirmalar Merkezi","og_description":"\u0130ran \u0130slam Cumhuriyeti&#8217;nin ruhani lideri Ayetullah Ali Hamanei, T\u00fcrkiye Cumhurba\u015fkan\u0131 Recep Tayyip Erdo\u011fan ile Tahran&#8217;da yapt\u0131\u011f\u0131 g\u00f6r\u00fc\u015fmede, \u0130ran \u0130slam Cumhuriyeti&#8217;nin \u0130ran-Ermenistan s\u0131n\u0131r\u0131n\u0131n ablukaya al\u0131nmas\u0131na y\u00f6nelik politikaya kar\u015f\u0131 \u00e7\u0131kaca\u011f\u0131n\u0131 s\u00f6yledi. Armenpress\u2019in, IRNA&#8217;ya at\u0131fta bulunarak sundu\u011fu habere g\u00f6re \u0130ran ruhani lideri Erdo\u011fan\u2019a \u201c\u0130ran-Ermenistan s\u0131n\u0131r\u0131n\u0131 kapatma politikas\u0131 varsa \u0130slam Cumhuriyeti b\u00f6yle bir karara kar\u015f\u0131 \u00e7\u0131kacakt\u0131r, \u00e7\u00fcnk\u00fc bu s\u0131n\u0131r [&hellip;]","og_url":"https:\/\/akunq.net\/tr\/?p=69319","og_site_name":"Bati Ermenistan Ve Bati Ermenileri Sorunlari Ara\u015ftirmalar Merkezi","article_published_time":"2022-07-20T06:54:26+00:00","og_image":[{"width":670,"height":450,"url":"https:\/\/akunq.net\/tr\/wp-content\/uploads\/sites\/6\/2022\/07\/Ayetullah-Ali-Hamanei.jpg","type":"image\/jpeg"}],"author":"admin","twitter_card":"summary_large_image","twitter_misc":{"Written by":"admin"},"schema":{"@context":"https:\/\/schema.org","@graph":[{"@type":"Article","@id":"https:\/\/akunq.net\/tr\/?p=69319#article","isPartOf":{"@id":"https:\/\/akunq.net\/tr\/?p=69319"},"author":{"name":"admin","@id":"https:\/\/akunq.net\/tr\/#\/schema\/person\/096f1d38a12cce57fb855b485ed24c9e"},"headline":"\u0130ran, Ermenistan ile kendi s\u0131n\u0131r\u0131n\u0131 ablukaya alma politikas\u0131na kar\u015f\u0131 \u00e7\u0131kacakt\u0131r","datePublished":"2022-07-20T06:54:26+00:00","mainEntityOfPage":{"@id":"https:\/\/akunq.net\/tr\/?p=69319"},"wordCount":112,"commentCount":0,"image":{"@id":"https:\/\/akunq.net\/tr\/?p=69319#primaryimage"},"thumbnailUrl":"https:\/\/akunq.net\/tr\/wp-content\/uploads\/sites\/6\/2022\/07\/Ayetullah-Ali-Hamanei.jpg","articleSection":["Haberler"],"inLanguage":"en-US","potentialAction":[{"@type":"CommentAction","name":"Comment","target":["https:\/\/akunq.net\/tr\/?p=69319#respond"]}]},{"@type":"WebPage","@id":"https:\/\/akunq.net\/tr\/?p=69319","url":"https:\/\/akunq.net\/tr\/?p=69319","name":"\u0130ran, Ermenistan ile kendi s\u0131n\u0131r\u0131n\u0131 ablukaya alma politikas\u0131na kar\u015f\u0131 \u00e7\u0131kacakt\u0131r - Bati Ermenistan Ve Bati Ermenileri Sorunlari Ara\u015ftirmalar Merkezi","isPartOf":{"@id":"https:\/\/akunq.net\/tr\/#website"},"primaryImageOfPage":{"@id":"https:\/\/akunq.net\/tr\/?p=69319#primaryimage"},"image":{"@id":"https:\/\/akunq.net\/tr\/?p=69319#primaryimage"},"thumbnailUrl":"https:\/\/akunq.net\/tr\/wp-content\/uploads\/sites\/6\/2022\/07\/Ayetullah-Ali-Hamanei.jpg","datePublished":"2022-07-20T06:54:26+00:00","author":{"@id":"https:\/\/akunq.net\/tr\/#\/schema\/person\/096f1d38a12cce57fb855b485ed24c9e"},"breadcrumb":{"@id":"https:\/\/akunq.net\/tr\/?p=69319#breadcrumb"},"inLanguage":"en-US","potentialAction":[{"@type":"ReadAction","target":["https:\/\/akunq.net\/tr\/?p=69319"]}]},{"@type":"ImageObject","inLanguage":"en-US","@id":"https:\/\/akunq.net\/tr\/?p=69319#primaryimage","url":"https:\/\/akunq.net\/tr\/wp-content\/uploads\/sites\/6\/2022\/07\/Ayetullah-Ali-Hamanei.jpg","contentUrl":"https:\/\/akunq.net\/tr\/wp-content\/uploads\/sites\/6\/2022\/07\/Ayetullah-Ali-Hamanei.jpg","width":670,"height":450},{"@type":"BreadcrumbList","@id":"https:\/\/akunq.net\/tr\/?p=69319#breadcrumb","itemListElement":[{"@type":"ListItem","position":1,"name":"Home","item":"https:\/\/akunq.net\/tr"},{"@type":"ListItem","position":2,"name":"\u0130ran, Ermenistan ile kendi s\u0131n\u0131r\u0131n\u0131 ablukaya alma politikas\u0131na kar\u015f\u0131 \u00e7\u0131kacakt\u0131r"}]},{"@type":"WebSite","@id":"https:\/\/akunq.net\/tr\/#website","url":"https:\/\/akunq.net\/tr\/","name":"Bati Ermenistan Ve Bati Ermenileri Sorunlari Ara\u015ftirmalar Merkezi","description":"","potentialAction":[{"@type":"SearchAction","target":{"@type":"EntryPoint","urlTemplate":"https:\/\/akunq.net\/tr\/?s={search_term_string}"},"query-input":{"@type":"PropertyValueSpecification","valueRequired":true,"valueName":"search_term_string"}}],"inLanguage":"en-US"},{"@type":"Person","@id":"https:\/\/akunq.net\/tr\/#\/schema\/person\/096f1d38a12cce57fb855b485ed24c9e","name":"admin","url":"https:\/\/akunq.net\/tr\/?author=7"}]}},"_links":{"self":[{"href":"https:\/\/akunq.net\/tr\/index.php?rest_route=\/wp\/v2\/posts\/69319","targetHints":{"allow":["GET"]}}],"collection":[{"href":"https:\/\/akunq.net\/tr\/index.php?rest_route=\/wp\/v2\/posts"}],"about":[{"href":"https:\/\/akunq.net\/tr\/index.php?rest_route=\/wp\/v2\/types\/post"}],"author":[{"embeddable":true,"href":"https:\/\/akunq.net\/tr\/index.php?rest_route=\/wp\/v2\/users\/7"}],"replies":[{"embeddable":true,"href":"https:\/\/akunq.net\/tr\/index.php?rest_route=%2Fwp%2Fv2%2Fcomments&post=69319"}],"version-history":[{"count":1,"href":"https:\/\/akunq.net\/tr\/index.php?rest_route=\/wp\/v2\/posts\/69319\/revisions"}],"predecessor-version":[{"id":69321,"href":"https:\/\/akunq.net\/tr\/index.php?rest_route=\/wp\/v2\/posts\/69319\/revisions\/69321"}],"wp:featuredmedia":[{"embeddable":true,"href":"https:\/\/akunq.net\/tr\/index.php?rest_route=\/wp\/v2\/media\/69320"}],"wp:attachment":[{"href":"https:\/\/akunq.net\/tr\/index.php?rest_route=%2Fwp%2Fv2%2Fmedia&parent=69319"}],"wp:term":[{"taxonomy":"category","embeddable":true,"href":"https:\/\/akunq.net\/tr\/index.php?rest_route=%2Fwp%2Fv2%2Fcategories&post=69319"},{"taxonomy":"post_tag","embeddable":true,"href":"https:\/\/akunq.net\/tr\/index.php?rest_route=%2Fwp%2Fv2%2Ftags&post=69319"}],"curies":[{"name":"wp","href":"https:\/\/api.w.org\/{rel}","templated":true}]}}