{"id":69291,"date":"2022-07-15T03:23:45","date_gmt":"2022-07-15T08:23:45","guid":{"rendered":"https:\/\/akunq.net\/tr\/?p=69291"},"modified":"2022-07-15T03:23:45","modified_gmt":"2022-07-15T08:23:45","slug":"abd-senatosundan-turkiyeye-f-16-satisina-kisitlama","status":"publish","type":"post","link":"https:\/\/akunq.net\/tr\/?p=69291","title":{"rendered":"ABD Senatosu&#8217;ndan T\u00fcrkiye&#8217;ye F-16 sat\u0131\u015f\u0131na k\u0131s\u0131tlama"},"content":{"rendered":"<p><img loading=\"lazy\" decoding=\"async\" class=\"aligncenter size-medium wp-image-69292\" src=\"https:\/\/akunq.net\/tr\/wp-content\/uploads\/2022\/07\/F-16-360x242.jpg\" alt=\"\" width=\"360\" height=\"242\" srcset=\"https:\/\/akunq.net\/tr\/wp-content\/uploads\/sites\/6\/2022\/07\/F-16-360x242.jpg 360w, https:\/\/akunq.net\/tr\/wp-content\/uploads\/sites\/6\/2022\/07\/F-16-560x376.jpg 560w, https:\/\/akunq.net\/tr\/wp-content\/uploads\/sites\/6\/2022\/07\/F-16-260x175.jpg 260w, https:\/\/akunq.net\/tr\/wp-content\/uploads\/sites\/6\/2022\/07\/F-16-160x107.jpg 160w, https:\/\/akunq.net\/tr\/wp-content\/uploads\/sites\/6\/2022\/07\/F-16.jpg 670w\" sizes=\"auto, (max-width: 360px) 100vw, 360px\" \/><\/p>\n<p><em><strong>ABD Temsilciler Meclisi, T\u00fcrkiye&#8217;ye F-16 sat\u0131\u015f\u0131n\u0131 s\u0131n\u0131rland\u0131ran de\u011fi\u015fikli\u011fi kabul etti: ABD Ba\u015fkan\u0131 u\u00e7aklar\u0131n Yunanistan hava sahas\u0131n\u0131 ihlal etmeyece\u011fine dair belge sunmadan sat\u0131\u015f yap\u0131lmayacak.<\/strong><\/em><\/p>\n<p>ABD Temsilciler Meclisi, Pentagon&#8217;un 2023 savunma b\u00fct\u00e7esini i\u00e7eren yasa tasar\u0131s\u0131na T\u00fcrkiye&#8217;ye F-16 sava\u015f u\u00e7a\u011f\u0131 sat\u0131\u015f\u0131n\u0131 &#8216;s\u0131n\u0131rland\u0131ran&#8217; ekleme yapt\u0131.<\/p>\n<p>Meclis \u00fcyeleri Gus Bilirakis ve Chris Pappas&#8217;\u0131n \u00f6nc\u00fcl\u00fc\u011f\u00fcnde haz\u0131rlanan d\u00fczenleme de\u011fi\u015fikli\u011fini 179&#8217;a kar\u015f\u0131 244 oyla kabul etti.<\/p>\n<p>Euronews&#8217;in haberine g\u00f6re oylanarak tasar\u0131ya eklenen madde, T\u00fcrkiye\u2019ye F-16 sat\u0131\u015f\u0131n\u0131n ko\u015fulu olarak ABD Ba\u015fkan\u0131&#8217;n\u0131n bu sat\u0131\u015f\u0131n Amerikan menfaatlerine oldu\u011funu Kongre&#8217;ye beyan etmesi ve bu u\u00e7aklar\u0131n Yunan hava sahas\u0131na izinsiz giri\u015flerde kullan\u0131lmayaca\u011f\u0131n\u0131 taahh\u00fct etmesini \u00f6ng\u00f6r\u00fcyor.<\/p>\n<p>Buna g\u00f6re, Ba\u015fkan bu u\u00e7aklar\u0131n Yunanistan topraklar\u0131 \u00fczerinde yetkisiz u\u00e7u\u015flar yapmayaca\u011f\u0131 konusunda somut ad\u0131mlar\u0131n ayr\u0131nt\u0131lar\u0131n\u0131 da i\u00e7eren bir onay belgesi vermedi\u011fi s\u00fcrece T\u00fcrkiye&#8217;ye F-16 sava\u015f u\u00e7a\u011f\u0131, F-16 geli\u015ftirme teknolojisi veya modernizasyon kitleri sat\u0131lamayacak.<\/p>\n<p><strong><em>https:\/\/armenpress.am\/tur\/news\/1088315.html\u00a0<\/em><\/strong><\/p>\n","protected":false},"excerpt":{"rendered":"<p>ABD Temsilciler Meclisi, T\u00fcrkiye&#8217;ye F-16 sat\u0131\u015f\u0131n\u0131 s\u0131n\u0131rland\u0131ran de\u011fi\u015fikli\u011fi kabul etti: ABD Ba\u015fkan\u0131 u\u00e7aklar\u0131n Yunanistan hava sahas\u0131n\u0131 ihlal etmeyece\u011fine dair belge sunmadan sat\u0131\u015f yap\u0131lmayacak. ABD Temsilciler Meclisi, Pentagon&#8217;un 2023 savunma b\u00fct\u00e7esini i\u00e7eren yasa tasar\u0131s\u0131na T\u00fcrkiye&#8217;ye F-16 sava\u015f u\u00e7a\u011f\u0131 sat\u0131\u015f\u0131n\u0131 &#8216;s\u0131n\u0131rland\u0131ran&#8217; ekleme yapt\u0131. Meclis \u00fcyeleri Gus Bilirakis ve Chris Pappas&#8217;\u0131n \u00f6nc\u00fcl\u00fc\u011f\u00fcnde haz\u0131rlanan d\u00fczenleme de\u011fi\u015fikli\u011fini 179&#8217;a kar\u015f\u0131 244 [&hellip;]<\/p>\n","protected":false},"author":7,"featured_media":69292,"comment_status":"open","ping_status":"open","sticky":false,"template":"","format":"standard","meta":{"footnotes":""},"categories":[1],"tags":[],"class_list":["post-69291","post","type-post","status-publish","format-standard","has-post-thumbnail","hentry","category-haberler"],"yoast_head":"<!-- This site is optimized with the Yoast SEO plugin v27.4 - https:\/\/yoast.com\/product\/yoast-seo-wordpress\/ -->\n<title>ABD Senatosu&#039;ndan T\u00fcrkiye&#039;ye F-16 sat\u0131\u015f\u0131na k\u0131s\u0131tlama - Bati Ermenistan Ve Bati Ermenileri Sorunlari Ara\u015ftirmalar Merkezi<\/title>\n<meta name=\"robots\" content=\"index, follow, max-snippet:-1, max-image-preview:large, max-video-preview:-1\" \/>\n<link rel=\"canonical\" href=\"https:\/\/akunq.net\/tr\/?p=69291\" \/>\n<meta property=\"og:locale\" content=\"en_US\" \/>\n<meta property=\"og:type\" content=\"article\" \/>\n<meta property=\"og:title\" content=\"ABD Senatosu&#039;ndan T\u00fcrkiye&#039;ye F-16 sat\u0131\u015f\u0131na k\u0131s\u0131tlama - Bati Ermenistan Ve Bati Ermenileri Sorunlari Ara\u015ftirmalar Merkezi\" \/>\n<meta property=\"og:description\" content=\"ABD Temsilciler Meclisi, T\u00fcrkiye&#8217;ye F-16 sat\u0131\u015f\u0131n\u0131 s\u0131n\u0131rland\u0131ran de\u011fi\u015fikli\u011fi kabul etti: ABD Ba\u015fkan\u0131 u\u00e7aklar\u0131n Yunanistan hava sahas\u0131n\u0131 ihlal etmeyece\u011fine dair belge sunmadan sat\u0131\u015f yap\u0131lmayacak. ABD Temsilciler Meclisi, Pentagon&#8217;un 2023 savunma b\u00fct\u00e7esini i\u00e7eren yasa tasar\u0131s\u0131na T\u00fcrkiye&#8217;ye F-16 sava\u015f u\u00e7a\u011f\u0131 sat\u0131\u015f\u0131n\u0131 &#8216;s\u0131n\u0131rland\u0131ran&#8217; ekleme yapt\u0131. Meclis \u00fcyeleri Gus Bilirakis ve Chris Pappas&#8217;\u0131n \u00f6nc\u00fcl\u00fc\u011f\u00fcnde haz\u0131rlanan d\u00fczenleme de\u011fi\u015fikli\u011fini 179&#8217;a kar\u015f\u0131 244 [&hellip;]\" \/>\n<meta property=\"og:url\" content=\"https:\/\/akunq.net\/tr\/?p=69291\" \/>\n<meta property=\"og:site_name\" content=\"Bati Ermenistan Ve Bati Ermenileri Sorunlari Ara\u015ftirmalar Merkezi\" \/>\n<meta property=\"article:published_time\" content=\"2022-07-15T08:23:45+00:00\" \/>\n<meta property=\"og:image\" content=\"https:\/\/akunq.net\/tr\/wp-content\/uploads\/sites\/6\/2022\/07\/F-16.jpg\" \/>\n\t<meta property=\"og:image:width\" content=\"670\" \/>\n\t<meta property=\"og:image:height\" content=\"450\" \/>\n\t<meta property=\"og:image:type\" content=\"image\/jpeg\" \/>\n<meta name=\"author\" content=\"admin\" \/>\n<meta name=\"twitter:card\" content=\"summary_large_image\" \/>\n<meta name=\"twitter:label1\" content=\"Written by\" \/>\n\t<meta name=\"twitter:data1\" content=\"admin\" \/>\n\t<meta name=\"twitter:label2\" content=\"Est. reading time\" \/>\n\t<meta name=\"twitter:data2\" content=\"1 minute\" \/>\n<script type=\"application\/ld+json\" class=\"yoast-schema-graph\">{\"@context\":\"https:\\\/\\\/schema.org\",\"@graph\":[{\"@type\":\"Article\",\"@id\":\"https:\\\/\\\/akunq.net\\\/tr\\\/?p=69291#article\",\"isPartOf\":{\"@id\":\"https:\\\/\\\/akunq.net\\\/tr\\\/?p=69291\"},\"author\":{\"name\":\"admin\",\"@id\":\"https:\\\/\\\/akunq.net\\\/tr\\\/#\\\/schema\\\/person\\\/096f1d38a12cce57fb855b485ed24c9e\"},\"headline\":\"ABD Senatosu&#8217;ndan T\u00fcrkiye&#8217;ye F-16 sat\u0131\u015f\u0131na k\u0131s\u0131tlama\",\"datePublished\":\"2022-07-15T08:23:45+00:00\",\"mainEntityOfPage\":{\"@id\":\"https:\\\/\\\/akunq.net\\\/tr\\\/?p=69291\"},\"wordCount\":211,\"commentCount\":0,\"image\":{\"@id\":\"https:\\\/\\\/akunq.net\\\/tr\\\/?p=69291#primaryimage\"},\"thumbnailUrl\":\"https:\\\/\\\/akunq.net\\\/tr\\\/wp-content\\\/uploads\\\/sites\\\/6\\\/2022\\\/07\\\/F-16.jpg\",\"articleSection\":[\"Haberler\"],\"inLanguage\":\"en-US\",\"potentialAction\":[{\"@type\":\"CommentAction\",\"name\":\"Comment\",\"target\":[\"https:\\\/\\\/akunq.net\\\/tr\\\/?p=69291#respond\"]}]},{\"@type\":\"WebPage\",\"@id\":\"https:\\\/\\\/akunq.net\\\/tr\\\/?p=69291\",\"url\":\"https:\\\/\\\/akunq.net\\\/tr\\\/?p=69291\",\"name\":\"ABD Senatosu'ndan T\u00fcrkiye'ye F-16 sat\u0131\u015f\u0131na k\u0131s\u0131tlama - Bati Ermenistan Ve Bati Ermenileri Sorunlari Ara\u015ftirmalar Merkezi\",\"isPartOf\":{\"@id\":\"https:\\\/\\\/akunq.net\\\/tr\\\/#website\"},\"primaryImageOfPage\":{\"@id\":\"https:\\\/\\\/akunq.net\\\/tr\\\/?p=69291#primaryimage\"},\"image\":{\"@id\":\"https:\\\/\\\/akunq.net\\\/tr\\\/?p=69291#primaryimage\"},\"thumbnailUrl\":\"https:\\\/\\\/akunq.net\\\/tr\\\/wp-content\\\/uploads\\\/sites\\\/6\\\/2022\\\/07\\\/F-16.jpg\",\"datePublished\":\"2022-07-15T08:23:45+00:00\",\"author\":{\"@id\":\"https:\\\/\\\/akunq.net\\\/tr\\\/#\\\/schema\\\/person\\\/096f1d38a12cce57fb855b485ed24c9e\"},\"breadcrumb\":{\"@id\":\"https:\\\/\\\/akunq.net\\\/tr\\\/?p=69291#breadcrumb\"},\"inLanguage\":\"en-US\",\"potentialAction\":[{\"@type\":\"ReadAction\",\"target\":[\"https:\\\/\\\/akunq.net\\\/tr\\\/?p=69291\"]}]},{\"@type\":\"ImageObject\",\"inLanguage\":\"en-US\",\"@id\":\"https:\\\/\\\/akunq.net\\\/tr\\\/?p=69291#primaryimage\",\"url\":\"https:\\\/\\\/akunq.net\\\/tr\\\/wp-content\\\/uploads\\\/sites\\\/6\\\/2022\\\/07\\\/F-16.jpg\",\"contentUrl\":\"https:\\\/\\\/akunq.net\\\/tr\\\/wp-content\\\/uploads\\\/sites\\\/6\\\/2022\\\/07\\\/F-16.jpg\",\"width\":670,\"height\":450},{\"@type\":\"BreadcrumbList\",\"@id\":\"https:\\\/\\\/akunq.net\\\/tr\\\/?p=69291#breadcrumb\",\"itemListElement\":[{\"@type\":\"ListItem\",\"position\":1,\"name\":\"Home\",\"item\":\"https:\\\/\\\/akunq.net\\\/tr\"},{\"@type\":\"ListItem\",\"position\":2,\"name\":\"ABD Senatosu&#8217;ndan T\u00fcrkiye&#8217;ye F-16 sat\u0131\u015f\u0131na k\u0131s\u0131tlama\"}]},{\"@type\":\"WebSite\",\"@id\":\"https:\\\/\\\/akunq.net\\\/tr\\\/#website\",\"url\":\"https:\\\/\\\/akunq.net\\\/tr\\\/\",\"name\":\"Bati Ermenistan Ve Bati Ermenileri Sorunlari Ara\u015ftirmalar Merkezi\",\"description\":\"\",\"potentialAction\":[{\"@type\":\"SearchAction\",\"target\":{\"@type\":\"EntryPoint\",\"urlTemplate\":\"https:\\\/\\\/akunq.net\\\/tr\\\/?s={search_term_string}\"},\"query-input\":{\"@type\":\"PropertyValueSpecification\",\"valueRequired\":true,\"valueName\":\"search_term_string\"}}],\"inLanguage\":\"en-US\"},{\"@type\":\"Person\",\"@id\":\"https:\\\/\\\/akunq.net\\\/tr\\\/#\\\/schema\\\/person\\\/096f1d38a12cce57fb855b485ed24c9e\",\"name\":\"admin\",\"url\":\"https:\\\/\\\/akunq.net\\\/tr\\\/?author=7\"}]}<\/script>\n<!-- \/ Yoast SEO plugin. -->","yoast_head_json":{"title":"ABD Senatosu'ndan T\u00fcrkiye'ye F-16 sat\u0131\u015f\u0131na k\u0131s\u0131tlama - Bati Ermenistan Ve Bati Ermenileri Sorunlari Ara\u015ftirmalar Merkezi","robots":{"index":"index","follow":"follow","max-snippet":"max-snippet:-1","max-image-preview":"max-image-preview:large","max-video-preview":"max-video-preview:-1"},"canonical":"https:\/\/akunq.net\/tr\/?p=69291","og_locale":"en_US","og_type":"article","og_title":"ABD Senatosu'ndan T\u00fcrkiye'ye F-16 sat\u0131\u015f\u0131na k\u0131s\u0131tlama - Bati Ermenistan Ve Bati Ermenileri Sorunlari Ara\u015ftirmalar Merkezi","og_description":"ABD Temsilciler Meclisi, T\u00fcrkiye&#8217;ye F-16 sat\u0131\u015f\u0131n\u0131 s\u0131n\u0131rland\u0131ran de\u011fi\u015fikli\u011fi kabul etti: ABD Ba\u015fkan\u0131 u\u00e7aklar\u0131n Yunanistan hava sahas\u0131n\u0131 ihlal etmeyece\u011fine dair belge sunmadan sat\u0131\u015f yap\u0131lmayacak. ABD Temsilciler Meclisi, Pentagon&#8217;un 2023 savunma b\u00fct\u00e7esini i\u00e7eren yasa tasar\u0131s\u0131na T\u00fcrkiye&#8217;ye F-16 sava\u015f u\u00e7a\u011f\u0131 sat\u0131\u015f\u0131n\u0131 &#8216;s\u0131n\u0131rland\u0131ran&#8217; ekleme yapt\u0131. Meclis \u00fcyeleri Gus Bilirakis ve Chris Pappas&#8217;\u0131n \u00f6nc\u00fcl\u00fc\u011f\u00fcnde haz\u0131rlanan d\u00fczenleme de\u011fi\u015fikli\u011fini 179&#8217;a kar\u015f\u0131 244 [&hellip;]","og_url":"https:\/\/akunq.net\/tr\/?p=69291","og_site_name":"Bati Ermenistan Ve Bati Ermenileri Sorunlari Ara\u015ftirmalar Merkezi","article_published_time":"2022-07-15T08:23:45+00:00","og_image":[{"width":670,"height":450,"url":"https:\/\/akunq.net\/tr\/wp-content\/uploads\/sites\/6\/2022\/07\/F-16.jpg","type":"image\/jpeg"}],"author":"admin","twitter_card":"summary_large_image","twitter_misc":{"Written by":"admin","Est. reading time":"1 minute"},"schema":{"@context":"https:\/\/schema.org","@graph":[{"@type":"Article","@id":"https:\/\/akunq.net\/tr\/?p=69291#article","isPartOf":{"@id":"https:\/\/akunq.net\/tr\/?p=69291"},"author":{"name":"admin","@id":"https:\/\/akunq.net\/tr\/#\/schema\/person\/096f1d38a12cce57fb855b485ed24c9e"},"headline":"ABD Senatosu&#8217;ndan T\u00fcrkiye&#8217;ye F-16 sat\u0131\u015f\u0131na k\u0131s\u0131tlama","datePublished":"2022-07-15T08:23:45+00:00","mainEntityOfPage":{"@id":"https:\/\/akunq.net\/tr\/?p=69291"},"wordCount":211,"commentCount":0,"image":{"@id":"https:\/\/akunq.net\/tr\/?p=69291#primaryimage"},"thumbnailUrl":"https:\/\/akunq.net\/tr\/wp-content\/uploads\/sites\/6\/2022\/07\/F-16.jpg","articleSection":["Haberler"],"inLanguage":"en-US","potentialAction":[{"@type":"CommentAction","name":"Comment","target":["https:\/\/akunq.net\/tr\/?p=69291#respond"]}]},{"@type":"WebPage","@id":"https:\/\/akunq.net\/tr\/?p=69291","url":"https:\/\/akunq.net\/tr\/?p=69291","name":"ABD Senatosu'ndan T\u00fcrkiye'ye F-16 sat\u0131\u015f\u0131na k\u0131s\u0131tlama - Bati Ermenistan Ve Bati Ermenileri Sorunlari Ara\u015ftirmalar Merkezi","isPartOf":{"@id":"https:\/\/akunq.net\/tr\/#website"},"primaryImageOfPage":{"@id":"https:\/\/akunq.net\/tr\/?p=69291#primaryimage"},"image":{"@id":"https:\/\/akunq.net\/tr\/?p=69291#primaryimage"},"thumbnailUrl":"https:\/\/akunq.net\/tr\/wp-content\/uploads\/sites\/6\/2022\/07\/F-16.jpg","datePublished":"2022-07-15T08:23:45+00:00","author":{"@id":"https:\/\/akunq.net\/tr\/#\/schema\/person\/096f1d38a12cce57fb855b485ed24c9e"},"breadcrumb":{"@id":"https:\/\/akunq.net\/tr\/?p=69291#breadcrumb"},"inLanguage":"en-US","potentialAction":[{"@type":"ReadAction","target":["https:\/\/akunq.net\/tr\/?p=69291"]}]},{"@type":"ImageObject","inLanguage":"en-US","@id":"https:\/\/akunq.net\/tr\/?p=69291#primaryimage","url":"https:\/\/akunq.net\/tr\/wp-content\/uploads\/sites\/6\/2022\/07\/F-16.jpg","contentUrl":"https:\/\/akunq.net\/tr\/wp-content\/uploads\/sites\/6\/2022\/07\/F-16.jpg","width":670,"height":450},{"@type":"BreadcrumbList","@id":"https:\/\/akunq.net\/tr\/?p=69291#breadcrumb","itemListElement":[{"@type":"ListItem","position":1,"name":"Home","item":"https:\/\/akunq.net\/tr"},{"@type":"ListItem","position":2,"name":"ABD Senatosu&#8217;ndan T\u00fcrkiye&#8217;ye F-16 sat\u0131\u015f\u0131na k\u0131s\u0131tlama"}]},{"@type":"WebSite","@id":"https:\/\/akunq.net\/tr\/#website","url":"https:\/\/akunq.net\/tr\/","name":"Bati Ermenistan Ve Bati Ermenileri Sorunlari Ara\u015ftirmalar Merkezi","description":"","potentialAction":[{"@type":"SearchAction","target":{"@type":"EntryPoint","urlTemplate":"https:\/\/akunq.net\/tr\/?s={search_term_string}"},"query-input":{"@type":"PropertyValueSpecification","valueRequired":true,"valueName":"search_term_string"}}],"inLanguage":"en-US"},{"@type":"Person","@id":"https:\/\/akunq.net\/tr\/#\/schema\/person\/096f1d38a12cce57fb855b485ed24c9e","name":"admin","url":"https:\/\/akunq.net\/tr\/?author=7"}]}},"_links":{"self":[{"href":"https:\/\/akunq.net\/tr\/index.php?rest_route=\/wp\/v2\/posts\/69291","targetHints":{"allow":["GET"]}}],"collection":[{"href":"https:\/\/akunq.net\/tr\/index.php?rest_route=\/wp\/v2\/posts"}],"about":[{"href":"https:\/\/akunq.net\/tr\/index.php?rest_route=\/wp\/v2\/types\/post"}],"author":[{"embeddable":true,"href":"https:\/\/akunq.net\/tr\/index.php?rest_route=\/wp\/v2\/users\/7"}],"replies":[{"embeddable":true,"href":"https:\/\/akunq.net\/tr\/index.php?rest_route=%2Fwp%2Fv2%2Fcomments&post=69291"}],"version-history":[{"count":1,"href":"https:\/\/akunq.net\/tr\/index.php?rest_route=\/wp\/v2\/posts\/69291\/revisions"}],"predecessor-version":[{"id":69293,"href":"https:\/\/akunq.net\/tr\/index.php?rest_route=\/wp\/v2\/posts\/69291\/revisions\/69293"}],"wp:featuredmedia":[{"embeddable":true,"href":"https:\/\/akunq.net\/tr\/index.php?rest_route=\/wp\/v2\/media\/69292"}],"wp:attachment":[{"href":"https:\/\/akunq.net\/tr\/index.php?rest_route=%2Fwp%2Fv2%2Fmedia&parent=69291"}],"wp:term":[{"taxonomy":"category","embeddable":true,"href":"https:\/\/akunq.net\/tr\/index.php?rest_route=%2Fwp%2Fv2%2Fcategories&post=69291"},{"taxonomy":"post_tag","embeddable":true,"href":"https:\/\/akunq.net\/tr\/index.php?rest_route=%2Fwp%2Fv2%2Ftags&post=69291"}],"curies":[{"name":"wp","href":"https:\/\/api.w.org\/{rel}","templated":true}]}}