{"id":69277,"date":"2022-07-15T01:29:24","date_gmt":"2022-07-15T06:29:24","guid":{"rendered":"https:\/\/akunq.net\/tr\/?p=69277"},"modified":"2022-07-15T01:29:24","modified_gmt":"2022-07-15T06:29:24","slug":"defineciler-4-bin-58-metredeki-tarihi-mezarliga-dadandi","status":"publish","type":"post","link":"https:\/\/akunq.net\/tr\/?p=69277","title":{"rendered":"Defineciler 4 bin 58 metredeki tarihi mezarl\u0131\u011fa dadand\u0131"},"content":{"rendered":"<p><img loading=\"lazy\" decoding=\"async\" class=\"aligncenter size-medium wp-image-69278\" src=\"https:\/\/akunq.net\/tr\/wp-content\/uploads\/2022\/07\/defineciler-360x203.jpg\" alt=\"\" width=\"360\" height=\"203\" srcset=\"https:\/\/akunq.net\/tr\/wp-content\/uploads\/sites\/6\/2022\/07\/defineciler-360x203.jpg 360w, https:\/\/akunq.net\/tr\/wp-content\/uploads\/sites\/6\/2022\/07\/defineciler-768x432.jpg 768w, https:\/\/akunq.net\/tr\/wp-content\/uploads\/sites\/6\/2022\/07\/defineciler-560x315.jpg 560w, https:\/\/akunq.net\/tr\/wp-content\/uploads\/sites\/6\/2022\/07\/defineciler-260x146.jpg 260w, https:\/\/akunq.net\/tr\/wp-content\/uploads\/sites\/6\/2022\/07\/defineciler-160x90.jpg 160w, https:\/\/akunq.net\/tr\/wp-content\/uploads\/sites\/6\/2022\/07\/defineciler.jpg 1200w\" sizes=\"auto, (max-width: 360px) 100vw, 360px\" \/><\/p>\n<p><strong><em>Bitlis\u2019in Adilcevaz il\u00e7esi s\u0131n\u0131r\u0131nda bulunan 4 bin 58 metre y\u00fckseklikteki S\u00fcphan Da\u011f\u0131\u2019n\u0131n zirvesinde bulunan tarihi K\u0131rklar Mezarl\u0131\u011f\u0131 defineciler taraf\u0131ndan tahrip edildi.<\/em><\/strong><\/p>\n<p>Van G\u00f6l\u00fc\u2019n\u00fcn Kuzey taraf\u0131ndan Adilcevaz, Erci\u015f ve Patnos il\u00e7eleri aras\u0131nda yer alan ve T\u00fcrkiye\u2019nin en y\u00fcksek \u00fc\u00e7\u00fcnc\u00fc da\u011f\u0131 olan 4 bin 58 metre y\u00fcksekli\u011fe sahip S\u00fcphan Da\u011f\u0131, zirvesinde 40 \u015fehide ait \u2018K\u0131rklar Mezarl\u0131\u011f\u0131\u2019n\u0131n yan\u0131 s\u0131ra t\u0131rman\u0131\u015f i\u00e7in de s\u0131k\u00e7a tercih ediliyor.<\/p>\n<p>S\u00fcphan Da\u011f\u0131\u2019n\u0131n zirvesinde bulunan tarihi \u2018K\u0131rklar Mezarl\u0131\u011f\u0131\u2019, hem \u00e7evre \u015fartlar\u0131 hem de definecilerden dolay\u0131 b\u00fcy\u00fck tahribat g\u00f6rd\u00fc.<\/p>\n<p>S\u00fcphan Da\u011f\u0131\u2019na zirve t\u0131rman\u0131\u015f\u0131 yapan Van G\u00f6l\u00fc Aktivistleri Derne\u011fi Ba\u015fkan\u0131 Erdo\u011fan \u00d6zel, Arap\u00e7a yaz\u0131l\u0131 mezar ta\u015flar\u0131n\u0131 incelediklerini ifade ederek, \u201cZirvede tarihi bir mezarl\u0131k kal\u0131nt\u0131lar\u0131 bulunmaktad\u0131r. Ne yaz\u0131k ki define avc\u0131lar\u0131 buralara kadar gelip her taraf\u0131 tahrip ettiler. Mezarl\u0131klara sayg\u0131 duyulmal\u0131 ve yetkililerden bu konunun ara\u015ft\u0131r\u0131lmas\u0131n\u0131 istiyoruz\u201d dedi.<\/p>\n<hr \/>\n<p><em><strong><a href=\"https:\/\/www.milliyet.com.tr\/gundem\/defineciler-4-bin-58-metredeki-tarihi-mezarliga-dadandi-6789581\" target=\"_blank\" rel=\"noopener\">Milliyet Gazetesi<\/a>\u00a0<\/strong><\/em><\/p>\n","protected":false},"excerpt":{"rendered":"<p>Bitlis\u2019in Adilcevaz il\u00e7esi s\u0131n\u0131r\u0131nda bulunan 4 bin 58 metre y\u00fckseklikteki S\u00fcphan Da\u011f\u0131\u2019n\u0131n zirvesinde bulunan tarihi K\u0131rklar Mezarl\u0131\u011f\u0131 defineciler taraf\u0131ndan tahrip edildi. Van G\u00f6l\u00fc\u2019n\u00fcn Kuzey taraf\u0131ndan Adilcevaz, Erci\u015f ve Patnos il\u00e7eleri aras\u0131nda yer alan ve T\u00fcrkiye\u2019nin en y\u00fcksek \u00fc\u00e7\u00fcnc\u00fc da\u011f\u0131 olan 4 bin 58 metre y\u00fcksekli\u011fe sahip S\u00fcphan Da\u011f\u0131, zirvesinde 40 \u015fehide ait \u2018K\u0131rklar Mezarl\u0131\u011f\u0131\u2019n\u0131n yan\u0131 [&hellip;]<\/p>\n","protected":false},"author":7,"featured_media":69278,"comment_status":"open","ping_status":"open","sticky":false,"template":"","format":"standard","meta":{"footnotes":""},"categories":[1],"tags":[],"class_list":["post-69277","post","type-post","status-publish","format-standard","has-post-thumbnail","hentry","category-haberler"],"yoast_head":"<!-- This site is optimized with the Yoast SEO plugin v27.4 - https:\/\/yoast.com\/product\/yoast-seo-wordpress\/ -->\n<title>Defineciler 4 bin 58 metredeki tarihi mezarl\u0131\u011fa dadand\u0131 - Bati Ermenistan Ve Bati Ermenileri Sorunlari Ara\u015ftirmalar Merkezi<\/title>\n<meta name=\"robots\" content=\"index, follow, max-snippet:-1, max-image-preview:large, max-video-preview:-1\" \/>\n<link rel=\"canonical\" href=\"https:\/\/akunq.net\/tr\/?p=69277\" \/>\n<meta property=\"og:locale\" content=\"en_US\" \/>\n<meta property=\"og:type\" content=\"article\" \/>\n<meta property=\"og:title\" content=\"Defineciler 4 bin 58 metredeki tarihi mezarl\u0131\u011fa dadand\u0131 - Bati Ermenistan Ve Bati Ermenileri Sorunlari Ara\u015ftirmalar Merkezi\" \/>\n<meta property=\"og:description\" content=\"Bitlis\u2019in Adilcevaz il\u00e7esi s\u0131n\u0131r\u0131nda bulunan 4 bin 58 metre y\u00fckseklikteki S\u00fcphan Da\u011f\u0131\u2019n\u0131n zirvesinde bulunan tarihi K\u0131rklar Mezarl\u0131\u011f\u0131 defineciler taraf\u0131ndan tahrip edildi. Van G\u00f6l\u00fc\u2019n\u00fcn Kuzey taraf\u0131ndan Adilcevaz, Erci\u015f ve Patnos il\u00e7eleri aras\u0131nda yer alan ve T\u00fcrkiye\u2019nin en y\u00fcksek \u00fc\u00e7\u00fcnc\u00fc da\u011f\u0131 olan 4 bin 58 metre y\u00fcksekli\u011fe sahip S\u00fcphan Da\u011f\u0131, zirvesinde 40 \u015fehide ait \u2018K\u0131rklar Mezarl\u0131\u011f\u0131\u2019n\u0131n yan\u0131 [&hellip;]\" \/>\n<meta property=\"og:url\" content=\"https:\/\/akunq.net\/tr\/?p=69277\" \/>\n<meta property=\"og:site_name\" content=\"Bati Ermenistan Ve Bati Ermenileri Sorunlari Ara\u015ftirmalar Merkezi\" \/>\n<meta property=\"article:published_time\" content=\"2022-07-15T06:29:24+00:00\" \/>\n<meta property=\"og:image\" content=\"https:\/\/akunq.net\/tr\/wp-content\/uploads\/sites\/6\/2022\/07\/defineciler.jpg\" \/>\n\t<meta property=\"og:image:width\" content=\"1200\" \/>\n\t<meta property=\"og:image:height\" content=\"675\" \/>\n\t<meta property=\"og:image:type\" content=\"image\/jpeg\" \/>\n<meta name=\"author\" content=\"admin\" \/>\n<meta name=\"twitter:card\" content=\"summary_large_image\" \/>\n<meta name=\"twitter:label1\" content=\"Written by\" \/>\n\t<meta name=\"twitter:data1\" content=\"admin\" \/>\n\t<meta name=\"twitter:label2\" content=\"Est. reading time\" \/>\n\t<meta name=\"twitter:data2\" content=\"1 minute\" \/>\n<script type=\"application\/ld+json\" class=\"yoast-schema-graph\">{\"@context\":\"https:\\\/\\\/schema.org\",\"@graph\":[{\"@type\":\"Article\",\"@id\":\"https:\\\/\\\/akunq.net\\\/tr\\\/?p=69277#article\",\"isPartOf\":{\"@id\":\"https:\\\/\\\/akunq.net\\\/tr\\\/?p=69277\"},\"author\":{\"name\":\"admin\",\"@id\":\"https:\\\/\\\/akunq.net\\\/tr\\\/#\\\/schema\\\/person\\\/096f1d38a12cce57fb855b485ed24c9e\"},\"headline\":\"Defineciler 4 bin 58 metredeki tarihi mezarl\u0131\u011fa dadand\u0131\",\"datePublished\":\"2022-07-15T06:29:24+00:00\",\"mainEntityOfPage\":{\"@id\":\"https:\\\/\\\/akunq.net\\\/tr\\\/?p=69277\"},\"wordCount\":190,\"commentCount\":0,\"image\":{\"@id\":\"https:\\\/\\\/akunq.net\\\/tr\\\/?p=69277#primaryimage\"},\"thumbnailUrl\":\"https:\\\/\\\/akunq.net\\\/tr\\\/wp-content\\\/uploads\\\/sites\\\/6\\\/2022\\\/07\\\/defineciler.jpg\",\"articleSection\":[\"Haberler\"],\"inLanguage\":\"en-US\",\"potentialAction\":[{\"@type\":\"CommentAction\",\"name\":\"Comment\",\"target\":[\"https:\\\/\\\/akunq.net\\\/tr\\\/?p=69277#respond\"]}]},{\"@type\":\"WebPage\",\"@id\":\"https:\\\/\\\/akunq.net\\\/tr\\\/?p=69277\",\"url\":\"https:\\\/\\\/akunq.net\\\/tr\\\/?p=69277\",\"name\":\"Defineciler 4 bin 58 metredeki tarihi mezarl\u0131\u011fa dadand\u0131 - Bati Ermenistan Ve Bati Ermenileri Sorunlari Ara\u015ftirmalar Merkezi\",\"isPartOf\":{\"@id\":\"https:\\\/\\\/akunq.net\\\/tr\\\/#website\"},\"primaryImageOfPage\":{\"@id\":\"https:\\\/\\\/akunq.net\\\/tr\\\/?p=69277#primaryimage\"},\"image\":{\"@id\":\"https:\\\/\\\/akunq.net\\\/tr\\\/?p=69277#primaryimage\"},\"thumbnailUrl\":\"https:\\\/\\\/akunq.net\\\/tr\\\/wp-content\\\/uploads\\\/sites\\\/6\\\/2022\\\/07\\\/defineciler.jpg\",\"datePublished\":\"2022-07-15T06:29:24+00:00\",\"author\":{\"@id\":\"https:\\\/\\\/akunq.net\\\/tr\\\/#\\\/schema\\\/person\\\/096f1d38a12cce57fb855b485ed24c9e\"},\"breadcrumb\":{\"@id\":\"https:\\\/\\\/akunq.net\\\/tr\\\/?p=69277#breadcrumb\"},\"inLanguage\":\"en-US\",\"potentialAction\":[{\"@type\":\"ReadAction\",\"target\":[\"https:\\\/\\\/akunq.net\\\/tr\\\/?p=69277\"]}]},{\"@type\":\"ImageObject\",\"inLanguage\":\"en-US\",\"@id\":\"https:\\\/\\\/akunq.net\\\/tr\\\/?p=69277#primaryimage\",\"url\":\"https:\\\/\\\/akunq.net\\\/tr\\\/wp-content\\\/uploads\\\/sites\\\/6\\\/2022\\\/07\\\/defineciler.jpg\",\"contentUrl\":\"https:\\\/\\\/akunq.net\\\/tr\\\/wp-content\\\/uploads\\\/sites\\\/6\\\/2022\\\/07\\\/defineciler.jpg\",\"width\":1200,\"height\":675},{\"@type\":\"BreadcrumbList\",\"@id\":\"https:\\\/\\\/akunq.net\\\/tr\\\/?p=69277#breadcrumb\",\"itemListElement\":[{\"@type\":\"ListItem\",\"position\":1,\"name\":\"Home\",\"item\":\"https:\\\/\\\/akunq.net\\\/tr\"},{\"@type\":\"ListItem\",\"position\":2,\"name\":\"Defineciler 4 bin 58 metredeki tarihi mezarl\u0131\u011fa dadand\u0131\"}]},{\"@type\":\"WebSite\",\"@id\":\"https:\\\/\\\/akunq.net\\\/tr\\\/#website\",\"url\":\"https:\\\/\\\/akunq.net\\\/tr\\\/\",\"name\":\"Bati Ermenistan Ve Bati Ermenileri Sorunlari Ara\u015ftirmalar Merkezi\",\"description\":\"\",\"potentialAction\":[{\"@type\":\"SearchAction\",\"target\":{\"@type\":\"EntryPoint\",\"urlTemplate\":\"https:\\\/\\\/akunq.net\\\/tr\\\/?s={search_term_string}\"},\"query-input\":{\"@type\":\"PropertyValueSpecification\",\"valueRequired\":true,\"valueName\":\"search_term_string\"}}],\"inLanguage\":\"en-US\"},{\"@type\":\"Person\",\"@id\":\"https:\\\/\\\/akunq.net\\\/tr\\\/#\\\/schema\\\/person\\\/096f1d38a12cce57fb855b485ed24c9e\",\"name\":\"admin\",\"url\":\"https:\\\/\\\/akunq.net\\\/tr\\\/?author=7\"}]}<\/script>\n<!-- \/ Yoast SEO plugin. -->","yoast_head_json":{"title":"Defineciler 4 bin 58 metredeki tarihi mezarl\u0131\u011fa dadand\u0131 - Bati Ermenistan Ve Bati Ermenileri Sorunlari Ara\u015ftirmalar Merkezi","robots":{"index":"index","follow":"follow","max-snippet":"max-snippet:-1","max-image-preview":"max-image-preview:large","max-video-preview":"max-video-preview:-1"},"canonical":"https:\/\/akunq.net\/tr\/?p=69277","og_locale":"en_US","og_type":"article","og_title":"Defineciler 4 bin 58 metredeki tarihi mezarl\u0131\u011fa dadand\u0131 - Bati Ermenistan Ve Bati Ermenileri Sorunlari Ara\u015ftirmalar Merkezi","og_description":"Bitlis\u2019in Adilcevaz il\u00e7esi s\u0131n\u0131r\u0131nda bulunan 4 bin 58 metre y\u00fckseklikteki S\u00fcphan Da\u011f\u0131\u2019n\u0131n zirvesinde bulunan tarihi K\u0131rklar Mezarl\u0131\u011f\u0131 defineciler taraf\u0131ndan tahrip edildi. Van G\u00f6l\u00fc\u2019n\u00fcn Kuzey taraf\u0131ndan Adilcevaz, Erci\u015f ve Patnos il\u00e7eleri aras\u0131nda yer alan ve T\u00fcrkiye\u2019nin en y\u00fcksek \u00fc\u00e7\u00fcnc\u00fc da\u011f\u0131 olan 4 bin 58 metre y\u00fcksekli\u011fe sahip S\u00fcphan Da\u011f\u0131, zirvesinde 40 \u015fehide ait \u2018K\u0131rklar Mezarl\u0131\u011f\u0131\u2019n\u0131n yan\u0131 [&hellip;]","og_url":"https:\/\/akunq.net\/tr\/?p=69277","og_site_name":"Bati Ermenistan Ve Bati Ermenileri Sorunlari Ara\u015ftirmalar Merkezi","article_published_time":"2022-07-15T06:29:24+00:00","og_image":[{"width":1200,"height":675,"url":"https:\/\/akunq.net\/tr\/wp-content\/uploads\/sites\/6\/2022\/07\/defineciler.jpg","type":"image\/jpeg"}],"author":"admin","twitter_card":"summary_large_image","twitter_misc":{"Written by":"admin","Est. reading time":"1 minute"},"schema":{"@context":"https:\/\/schema.org","@graph":[{"@type":"Article","@id":"https:\/\/akunq.net\/tr\/?p=69277#article","isPartOf":{"@id":"https:\/\/akunq.net\/tr\/?p=69277"},"author":{"name":"admin","@id":"https:\/\/akunq.net\/tr\/#\/schema\/person\/096f1d38a12cce57fb855b485ed24c9e"},"headline":"Defineciler 4 bin 58 metredeki tarihi mezarl\u0131\u011fa dadand\u0131","datePublished":"2022-07-15T06:29:24+00:00","mainEntityOfPage":{"@id":"https:\/\/akunq.net\/tr\/?p=69277"},"wordCount":190,"commentCount":0,"image":{"@id":"https:\/\/akunq.net\/tr\/?p=69277#primaryimage"},"thumbnailUrl":"https:\/\/akunq.net\/tr\/wp-content\/uploads\/sites\/6\/2022\/07\/defineciler.jpg","articleSection":["Haberler"],"inLanguage":"en-US","potentialAction":[{"@type":"CommentAction","name":"Comment","target":["https:\/\/akunq.net\/tr\/?p=69277#respond"]}]},{"@type":"WebPage","@id":"https:\/\/akunq.net\/tr\/?p=69277","url":"https:\/\/akunq.net\/tr\/?p=69277","name":"Defineciler 4 bin 58 metredeki tarihi mezarl\u0131\u011fa dadand\u0131 - Bati Ermenistan Ve Bati Ermenileri Sorunlari Ara\u015ftirmalar Merkezi","isPartOf":{"@id":"https:\/\/akunq.net\/tr\/#website"},"primaryImageOfPage":{"@id":"https:\/\/akunq.net\/tr\/?p=69277#primaryimage"},"image":{"@id":"https:\/\/akunq.net\/tr\/?p=69277#primaryimage"},"thumbnailUrl":"https:\/\/akunq.net\/tr\/wp-content\/uploads\/sites\/6\/2022\/07\/defineciler.jpg","datePublished":"2022-07-15T06:29:24+00:00","author":{"@id":"https:\/\/akunq.net\/tr\/#\/schema\/person\/096f1d38a12cce57fb855b485ed24c9e"},"breadcrumb":{"@id":"https:\/\/akunq.net\/tr\/?p=69277#breadcrumb"},"inLanguage":"en-US","potentialAction":[{"@type":"ReadAction","target":["https:\/\/akunq.net\/tr\/?p=69277"]}]},{"@type":"ImageObject","inLanguage":"en-US","@id":"https:\/\/akunq.net\/tr\/?p=69277#primaryimage","url":"https:\/\/akunq.net\/tr\/wp-content\/uploads\/sites\/6\/2022\/07\/defineciler.jpg","contentUrl":"https:\/\/akunq.net\/tr\/wp-content\/uploads\/sites\/6\/2022\/07\/defineciler.jpg","width":1200,"height":675},{"@type":"BreadcrumbList","@id":"https:\/\/akunq.net\/tr\/?p=69277#breadcrumb","itemListElement":[{"@type":"ListItem","position":1,"name":"Home","item":"https:\/\/akunq.net\/tr"},{"@type":"ListItem","position":2,"name":"Defineciler 4 bin 58 metredeki tarihi mezarl\u0131\u011fa dadand\u0131"}]},{"@type":"WebSite","@id":"https:\/\/akunq.net\/tr\/#website","url":"https:\/\/akunq.net\/tr\/","name":"Bati Ermenistan Ve Bati Ermenileri Sorunlari Ara\u015ftirmalar Merkezi","description":"","potentialAction":[{"@type":"SearchAction","target":{"@type":"EntryPoint","urlTemplate":"https:\/\/akunq.net\/tr\/?s={search_term_string}"},"query-input":{"@type":"PropertyValueSpecification","valueRequired":true,"valueName":"search_term_string"}}],"inLanguage":"en-US"},{"@type":"Person","@id":"https:\/\/akunq.net\/tr\/#\/schema\/person\/096f1d38a12cce57fb855b485ed24c9e","name":"admin","url":"https:\/\/akunq.net\/tr\/?author=7"}]}},"_links":{"self":[{"href":"https:\/\/akunq.net\/tr\/index.php?rest_route=\/wp\/v2\/posts\/69277","targetHints":{"allow":["GET"]}}],"collection":[{"href":"https:\/\/akunq.net\/tr\/index.php?rest_route=\/wp\/v2\/posts"}],"about":[{"href":"https:\/\/akunq.net\/tr\/index.php?rest_route=\/wp\/v2\/types\/post"}],"author":[{"embeddable":true,"href":"https:\/\/akunq.net\/tr\/index.php?rest_route=\/wp\/v2\/users\/7"}],"replies":[{"embeddable":true,"href":"https:\/\/akunq.net\/tr\/index.php?rest_route=%2Fwp%2Fv2%2Fcomments&post=69277"}],"version-history":[{"count":1,"href":"https:\/\/akunq.net\/tr\/index.php?rest_route=\/wp\/v2\/posts\/69277\/revisions"}],"predecessor-version":[{"id":69279,"href":"https:\/\/akunq.net\/tr\/index.php?rest_route=\/wp\/v2\/posts\/69277\/revisions\/69279"}],"wp:featuredmedia":[{"embeddable":true,"href":"https:\/\/akunq.net\/tr\/index.php?rest_route=\/wp\/v2\/media\/69278"}],"wp:attachment":[{"href":"https:\/\/akunq.net\/tr\/index.php?rest_route=%2Fwp%2Fv2%2Fmedia&parent=69277"}],"wp:term":[{"taxonomy":"category","embeddable":true,"href":"https:\/\/akunq.net\/tr\/index.php?rest_route=%2Fwp%2Fv2%2Fcategories&post=69277"},{"taxonomy":"post_tag","embeddable":true,"href":"https:\/\/akunq.net\/tr\/index.php?rest_route=%2Fwp%2Fv2%2Ftags&post=69277"}],"curies":[{"name":"wp","href":"https:\/\/api.w.org\/{rel}","templated":true}]}}