{"id":69270,"date":"2022-07-14T02:50:14","date_gmt":"2022-07-14T07:50:14","guid":{"rendered":"https:\/\/akunq.net\/tr\/?p=69270"},"modified":"2022-07-14T02:50:14","modified_gmt":"2022-07-14T07:50:14","slug":"ermeni-sinemasinin-100-yili-vesilesiyle-jubile-komitesi-kuruldu-ermenistanda-ve-yurtdisinda-etkinlikler-duzenlenecek","status":"publish","type":"post","link":"https:\/\/akunq.net\/tr\/?p=69270","title":{"rendered":"Ermeni sinemas\u0131n\u0131n 100. y\u0131l\u0131 vesilesiyle j\u00fcbile komitesi kuruldu. Ermenistan&#8217;da ve yurtd\u0131\u015f\u0131nda etkinlikler d\u00fczenlenecek"},"content":{"rendered":"<p><img loading=\"lazy\" decoding=\"async\" class=\"aligncenter size-medium wp-image-69271\" src=\"https:\/\/akunq.net\/tr\/wp-content\/uploads\/2022\/07\/Ermeni-sinemasi-360x242.jpg\" alt=\"\" width=\"360\" height=\"242\" srcset=\"https:\/\/akunq.net\/tr\/wp-content\/uploads\/sites\/6\/2022\/07\/Ermeni-sinemasi-360x242.jpg 360w, https:\/\/akunq.net\/tr\/wp-content\/uploads\/sites\/6\/2022\/07\/Ermeni-sinemasi-560x376.jpg 560w, https:\/\/akunq.net\/tr\/wp-content\/uploads\/sites\/6\/2022\/07\/Ermeni-sinemasi-260x175.jpg 260w, https:\/\/akunq.net\/tr\/wp-content\/uploads\/sites\/6\/2022\/07\/Ermeni-sinemasi-160x107.jpg 160w, https:\/\/akunq.net\/tr\/wp-content\/uploads\/sites\/6\/2022\/07\/Ermeni-sinemasi.jpg 670w\" sizes=\"auto, (max-width: 360px) 100vw, 360px\" \/><\/p>\n<p><em><strong>2022&#8217;de Ermeni sinemas\u0131 100. y\u0131l\u0131n\u0131 kutluyor. Bu vesileyle Ermenistan Ba\u015fbakan\u0131&#8217;n\u0131n karar\u0131na uygun olarak Ermeni sinemas\u0131n\u0131n 100. kurulu\u015f y\u0131ld\u00f6n\u00fcm\u00fc i\u00e7in j\u00fcbile komisyonu olu\u015fturuldu.<\/strong><\/em><\/p>\n<p>Armenpress\u2019in aktard\u0131\u011f\u0131na g\u00f6re komisyonun ba\u015fkan\u0131 Ermenistan E\u011fitim, Bilim, K\u00fclt\u00fcr ve Spor Bakan\u0131 oluyor.<\/p>\n<p>Karara g\u00f6re, \u00fc\u00e7 ay i\u00e7inde Ermenistan&#8217;da ve yurtd\u0131\u015f\u0131nda ger\u00e7ekle\u015ftirmek \u00fczere j\u00fcbile etkinlikleri program\u0131 ele al\u0131nacak.<\/p>\n<p><em><strong>https:\/\/armenpress.am\/tur\/news\/1087865.html\u00a0<\/strong><\/em><\/p>\n","protected":false},"excerpt":{"rendered":"<p>2022&#8217;de Ermeni sinemas\u0131 100. y\u0131l\u0131n\u0131 kutluyor. Bu vesileyle Ermenistan Ba\u015fbakan\u0131&#8217;n\u0131n karar\u0131na uygun olarak Ermeni sinemas\u0131n\u0131n 100. kurulu\u015f y\u0131ld\u00f6n\u00fcm\u00fc i\u00e7in j\u00fcbile komisyonu olu\u015fturuldu. Armenpress\u2019in aktard\u0131\u011f\u0131na g\u00f6re komisyonun ba\u015fkan\u0131 Ermenistan E\u011fitim, Bilim, K\u00fclt\u00fcr ve Spor Bakan\u0131 oluyor. Karara g\u00f6re, \u00fc\u00e7 ay i\u00e7inde Ermenistan&#8217;da ve yurtd\u0131\u015f\u0131nda ger\u00e7ekle\u015ftirmek \u00fczere j\u00fcbile etkinlikleri program\u0131 ele al\u0131nacak. https:\/\/armenpress.am\/tur\/news\/1087865.html\u00a0<\/p>\n","protected":false},"author":7,"featured_media":69271,"comment_status":"open","ping_status":"open","sticky":false,"template":"","format":"standard","meta":{"footnotes":""},"categories":[1],"tags":[],"class_list":["post-69270","post","type-post","status-publish","format-standard","has-post-thumbnail","hentry","category-haberler"],"yoast_head":"<!-- This site is optimized with the Yoast SEO plugin v27.4 - https:\/\/yoast.com\/product\/yoast-seo-wordpress\/ -->\n<title>Ermeni sinemas\u0131n\u0131n 100. y\u0131l\u0131 vesilesiyle j\u00fcbile komitesi kuruldu. Ermenistan&#039;da ve yurtd\u0131\u015f\u0131nda etkinlikler d\u00fczenlenecek - Bati Ermenistan Ve Bati Ermenileri Sorunlari Ara\u015ftirmalar Merkezi<\/title>\n<meta name=\"robots\" content=\"index, follow, max-snippet:-1, max-image-preview:large, max-video-preview:-1\" \/>\n<link rel=\"canonical\" href=\"https:\/\/akunq.net\/tr\/?p=69270\" \/>\n<meta property=\"og:locale\" content=\"en_US\" \/>\n<meta property=\"og:type\" content=\"article\" \/>\n<meta property=\"og:title\" content=\"Ermeni sinemas\u0131n\u0131n 100. y\u0131l\u0131 vesilesiyle j\u00fcbile komitesi kuruldu. Ermenistan&#039;da ve yurtd\u0131\u015f\u0131nda etkinlikler d\u00fczenlenecek - Bati Ermenistan Ve Bati Ermenileri Sorunlari Ara\u015ftirmalar Merkezi\" \/>\n<meta property=\"og:description\" content=\"2022&#8217;de Ermeni sinemas\u0131 100. y\u0131l\u0131n\u0131 kutluyor. Bu vesileyle Ermenistan Ba\u015fbakan\u0131&#8217;n\u0131n karar\u0131na uygun olarak Ermeni sinemas\u0131n\u0131n 100. kurulu\u015f y\u0131ld\u00f6n\u00fcm\u00fc i\u00e7in j\u00fcbile komisyonu olu\u015fturuldu. Armenpress\u2019in aktard\u0131\u011f\u0131na g\u00f6re komisyonun ba\u015fkan\u0131 Ermenistan E\u011fitim, Bilim, K\u00fclt\u00fcr ve Spor Bakan\u0131 oluyor. Karara g\u00f6re, \u00fc\u00e7 ay i\u00e7inde Ermenistan&#8217;da ve yurtd\u0131\u015f\u0131nda ger\u00e7ekle\u015ftirmek \u00fczere j\u00fcbile etkinlikleri program\u0131 ele al\u0131nacak. https:\/\/armenpress.am\/tur\/news\/1087865.html\u00a0\" \/>\n<meta property=\"og:url\" content=\"https:\/\/akunq.net\/tr\/?p=69270\" \/>\n<meta property=\"og:site_name\" content=\"Bati Ermenistan Ve Bati Ermenileri Sorunlari Ara\u015ftirmalar Merkezi\" \/>\n<meta property=\"article:published_time\" content=\"2022-07-14T07:50:14+00:00\" \/>\n<meta property=\"og:image\" content=\"https:\/\/akunq.net\/tr\/wp-content\/uploads\/sites\/6\/2022\/07\/Ermeni-sinemasi.jpg\" \/>\n\t<meta property=\"og:image:width\" content=\"670\" \/>\n\t<meta property=\"og:image:height\" content=\"450\" \/>\n\t<meta property=\"og:image:type\" content=\"image\/jpeg\" \/>\n<meta name=\"author\" content=\"admin\" \/>\n<meta name=\"twitter:card\" content=\"summary_large_image\" \/>\n<meta name=\"twitter:label1\" content=\"Written by\" \/>\n\t<meta name=\"twitter:data1\" content=\"admin\" \/>\n<script type=\"application\/ld+json\" class=\"yoast-schema-graph\">{\"@context\":\"https:\\\/\\\/schema.org\",\"@graph\":[{\"@type\":\"Article\",\"@id\":\"https:\\\/\\\/akunq.net\\\/tr\\\/?p=69270#article\",\"isPartOf\":{\"@id\":\"https:\\\/\\\/akunq.net\\\/tr\\\/?p=69270\"},\"author\":{\"name\":\"admin\",\"@id\":\"https:\\\/\\\/akunq.net\\\/tr\\\/#\\\/schema\\\/person\\\/096f1d38a12cce57fb855b485ed24c9e\"},\"headline\":\"Ermeni sinemas\u0131n\u0131n 100. y\u0131l\u0131 vesilesiyle j\u00fcbile komitesi kuruldu. Ermenistan&#8217;da ve yurtd\u0131\u015f\u0131nda etkinlikler d\u00fczenlenecek\",\"datePublished\":\"2022-07-14T07:50:14+00:00\",\"mainEntityOfPage\":{\"@id\":\"https:\\\/\\\/akunq.net\\\/tr\\\/?p=69270\"},\"wordCount\":99,\"commentCount\":0,\"image\":{\"@id\":\"https:\\\/\\\/akunq.net\\\/tr\\\/?p=69270#primaryimage\"},\"thumbnailUrl\":\"https:\\\/\\\/akunq.net\\\/tr\\\/wp-content\\\/uploads\\\/sites\\\/6\\\/2022\\\/07\\\/Ermeni-sinemasi.jpg\",\"articleSection\":[\"Haberler\"],\"inLanguage\":\"en-US\",\"potentialAction\":[{\"@type\":\"CommentAction\",\"name\":\"Comment\",\"target\":[\"https:\\\/\\\/akunq.net\\\/tr\\\/?p=69270#respond\"]}]},{\"@type\":\"WebPage\",\"@id\":\"https:\\\/\\\/akunq.net\\\/tr\\\/?p=69270\",\"url\":\"https:\\\/\\\/akunq.net\\\/tr\\\/?p=69270\",\"name\":\"Ermeni sinemas\u0131n\u0131n 100. y\u0131l\u0131 vesilesiyle j\u00fcbile komitesi kuruldu. Ermenistan'da ve yurtd\u0131\u015f\u0131nda etkinlikler d\u00fczenlenecek - Bati Ermenistan Ve Bati Ermenileri Sorunlari Ara\u015ftirmalar Merkezi\",\"isPartOf\":{\"@id\":\"https:\\\/\\\/akunq.net\\\/tr\\\/#website\"},\"primaryImageOfPage\":{\"@id\":\"https:\\\/\\\/akunq.net\\\/tr\\\/?p=69270#primaryimage\"},\"image\":{\"@id\":\"https:\\\/\\\/akunq.net\\\/tr\\\/?p=69270#primaryimage\"},\"thumbnailUrl\":\"https:\\\/\\\/akunq.net\\\/tr\\\/wp-content\\\/uploads\\\/sites\\\/6\\\/2022\\\/07\\\/Ermeni-sinemasi.jpg\",\"datePublished\":\"2022-07-14T07:50:14+00:00\",\"author\":{\"@id\":\"https:\\\/\\\/akunq.net\\\/tr\\\/#\\\/schema\\\/person\\\/096f1d38a12cce57fb855b485ed24c9e\"},\"breadcrumb\":{\"@id\":\"https:\\\/\\\/akunq.net\\\/tr\\\/?p=69270#breadcrumb\"},\"inLanguage\":\"en-US\",\"potentialAction\":[{\"@type\":\"ReadAction\",\"target\":[\"https:\\\/\\\/akunq.net\\\/tr\\\/?p=69270\"]}]},{\"@type\":\"ImageObject\",\"inLanguage\":\"en-US\",\"@id\":\"https:\\\/\\\/akunq.net\\\/tr\\\/?p=69270#primaryimage\",\"url\":\"https:\\\/\\\/akunq.net\\\/tr\\\/wp-content\\\/uploads\\\/sites\\\/6\\\/2022\\\/07\\\/Ermeni-sinemasi.jpg\",\"contentUrl\":\"https:\\\/\\\/akunq.net\\\/tr\\\/wp-content\\\/uploads\\\/sites\\\/6\\\/2022\\\/07\\\/Ermeni-sinemasi.jpg\",\"width\":670,\"height\":450},{\"@type\":\"BreadcrumbList\",\"@id\":\"https:\\\/\\\/akunq.net\\\/tr\\\/?p=69270#breadcrumb\",\"itemListElement\":[{\"@type\":\"ListItem\",\"position\":1,\"name\":\"Home\",\"item\":\"https:\\\/\\\/akunq.net\\\/tr\"},{\"@type\":\"ListItem\",\"position\":2,\"name\":\"Ermeni sinemas\u0131n\u0131n 100. y\u0131l\u0131 vesilesiyle j\u00fcbile komitesi kuruldu. Ermenistan&#8217;da ve yurtd\u0131\u015f\u0131nda etkinlikler d\u00fczenlenecek\"}]},{\"@type\":\"WebSite\",\"@id\":\"https:\\\/\\\/akunq.net\\\/tr\\\/#website\",\"url\":\"https:\\\/\\\/akunq.net\\\/tr\\\/\",\"name\":\"Bati Ermenistan Ve Bati Ermenileri Sorunlari Ara\u015ftirmalar Merkezi\",\"description\":\"\",\"potentialAction\":[{\"@type\":\"SearchAction\",\"target\":{\"@type\":\"EntryPoint\",\"urlTemplate\":\"https:\\\/\\\/akunq.net\\\/tr\\\/?s={search_term_string}\"},\"query-input\":{\"@type\":\"PropertyValueSpecification\",\"valueRequired\":true,\"valueName\":\"search_term_string\"}}],\"inLanguage\":\"en-US\"},{\"@type\":\"Person\",\"@id\":\"https:\\\/\\\/akunq.net\\\/tr\\\/#\\\/schema\\\/person\\\/096f1d38a12cce57fb855b485ed24c9e\",\"name\":\"admin\",\"url\":\"https:\\\/\\\/akunq.net\\\/tr\\\/?author=7\"}]}<\/script>\n<!-- \/ Yoast SEO plugin. -->","yoast_head_json":{"title":"Ermeni sinemas\u0131n\u0131n 100. y\u0131l\u0131 vesilesiyle j\u00fcbile komitesi kuruldu. Ermenistan'da ve yurtd\u0131\u015f\u0131nda etkinlikler d\u00fczenlenecek - Bati Ermenistan Ve Bati Ermenileri Sorunlari Ara\u015ftirmalar Merkezi","robots":{"index":"index","follow":"follow","max-snippet":"max-snippet:-1","max-image-preview":"max-image-preview:large","max-video-preview":"max-video-preview:-1"},"canonical":"https:\/\/akunq.net\/tr\/?p=69270","og_locale":"en_US","og_type":"article","og_title":"Ermeni sinemas\u0131n\u0131n 100. y\u0131l\u0131 vesilesiyle j\u00fcbile komitesi kuruldu. Ermenistan'da ve yurtd\u0131\u015f\u0131nda etkinlikler d\u00fczenlenecek - Bati Ermenistan Ve Bati Ermenileri Sorunlari Ara\u015ftirmalar Merkezi","og_description":"2022&#8217;de Ermeni sinemas\u0131 100. y\u0131l\u0131n\u0131 kutluyor. Bu vesileyle Ermenistan Ba\u015fbakan\u0131&#8217;n\u0131n karar\u0131na uygun olarak Ermeni sinemas\u0131n\u0131n 100. kurulu\u015f y\u0131ld\u00f6n\u00fcm\u00fc i\u00e7in j\u00fcbile komisyonu olu\u015fturuldu. Armenpress\u2019in aktard\u0131\u011f\u0131na g\u00f6re komisyonun ba\u015fkan\u0131 Ermenistan E\u011fitim, Bilim, K\u00fclt\u00fcr ve Spor Bakan\u0131 oluyor. Karara g\u00f6re, \u00fc\u00e7 ay i\u00e7inde Ermenistan&#8217;da ve yurtd\u0131\u015f\u0131nda ger\u00e7ekle\u015ftirmek \u00fczere j\u00fcbile etkinlikleri program\u0131 ele al\u0131nacak. https:\/\/armenpress.am\/tur\/news\/1087865.html\u00a0","og_url":"https:\/\/akunq.net\/tr\/?p=69270","og_site_name":"Bati Ermenistan Ve Bati Ermenileri Sorunlari Ara\u015ftirmalar Merkezi","article_published_time":"2022-07-14T07:50:14+00:00","og_image":[{"width":670,"height":450,"url":"https:\/\/akunq.net\/tr\/wp-content\/uploads\/sites\/6\/2022\/07\/Ermeni-sinemasi.jpg","type":"image\/jpeg"}],"author":"admin","twitter_card":"summary_large_image","twitter_misc":{"Written by":"admin"},"schema":{"@context":"https:\/\/schema.org","@graph":[{"@type":"Article","@id":"https:\/\/akunq.net\/tr\/?p=69270#article","isPartOf":{"@id":"https:\/\/akunq.net\/tr\/?p=69270"},"author":{"name":"admin","@id":"https:\/\/akunq.net\/tr\/#\/schema\/person\/096f1d38a12cce57fb855b485ed24c9e"},"headline":"Ermeni sinemas\u0131n\u0131n 100. y\u0131l\u0131 vesilesiyle j\u00fcbile komitesi kuruldu. Ermenistan&#8217;da ve yurtd\u0131\u015f\u0131nda etkinlikler d\u00fczenlenecek","datePublished":"2022-07-14T07:50:14+00:00","mainEntityOfPage":{"@id":"https:\/\/akunq.net\/tr\/?p=69270"},"wordCount":99,"commentCount":0,"image":{"@id":"https:\/\/akunq.net\/tr\/?p=69270#primaryimage"},"thumbnailUrl":"https:\/\/akunq.net\/tr\/wp-content\/uploads\/sites\/6\/2022\/07\/Ermeni-sinemasi.jpg","articleSection":["Haberler"],"inLanguage":"en-US","potentialAction":[{"@type":"CommentAction","name":"Comment","target":["https:\/\/akunq.net\/tr\/?p=69270#respond"]}]},{"@type":"WebPage","@id":"https:\/\/akunq.net\/tr\/?p=69270","url":"https:\/\/akunq.net\/tr\/?p=69270","name":"Ermeni sinemas\u0131n\u0131n 100. y\u0131l\u0131 vesilesiyle j\u00fcbile komitesi kuruldu. Ermenistan'da ve yurtd\u0131\u015f\u0131nda etkinlikler d\u00fczenlenecek - Bati Ermenistan Ve Bati Ermenileri Sorunlari Ara\u015ftirmalar Merkezi","isPartOf":{"@id":"https:\/\/akunq.net\/tr\/#website"},"primaryImageOfPage":{"@id":"https:\/\/akunq.net\/tr\/?p=69270#primaryimage"},"image":{"@id":"https:\/\/akunq.net\/tr\/?p=69270#primaryimage"},"thumbnailUrl":"https:\/\/akunq.net\/tr\/wp-content\/uploads\/sites\/6\/2022\/07\/Ermeni-sinemasi.jpg","datePublished":"2022-07-14T07:50:14+00:00","author":{"@id":"https:\/\/akunq.net\/tr\/#\/schema\/person\/096f1d38a12cce57fb855b485ed24c9e"},"breadcrumb":{"@id":"https:\/\/akunq.net\/tr\/?p=69270#breadcrumb"},"inLanguage":"en-US","potentialAction":[{"@type":"ReadAction","target":["https:\/\/akunq.net\/tr\/?p=69270"]}]},{"@type":"ImageObject","inLanguage":"en-US","@id":"https:\/\/akunq.net\/tr\/?p=69270#primaryimage","url":"https:\/\/akunq.net\/tr\/wp-content\/uploads\/sites\/6\/2022\/07\/Ermeni-sinemasi.jpg","contentUrl":"https:\/\/akunq.net\/tr\/wp-content\/uploads\/sites\/6\/2022\/07\/Ermeni-sinemasi.jpg","width":670,"height":450},{"@type":"BreadcrumbList","@id":"https:\/\/akunq.net\/tr\/?p=69270#breadcrumb","itemListElement":[{"@type":"ListItem","position":1,"name":"Home","item":"https:\/\/akunq.net\/tr"},{"@type":"ListItem","position":2,"name":"Ermeni sinemas\u0131n\u0131n 100. y\u0131l\u0131 vesilesiyle j\u00fcbile komitesi kuruldu. Ermenistan&#8217;da ve yurtd\u0131\u015f\u0131nda etkinlikler d\u00fczenlenecek"}]},{"@type":"WebSite","@id":"https:\/\/akunq.net\/tr\/#website","url":"https:\/\/akunq.net\/tr\/","name":"Bati Ermenistan Ve Bati Ermenileri Sorunlari Ara\u015ftirmalar Merkezi","description":"","potentialAction":[{"@type":"SearchAction","target":{"@type":"EntryPoint","urlTemplate":"https:\/\/akunq.net\/tr\/?s={search_term_string}"},"query-input":{"@type":"PropertyValueSpecification","valueRequired":true,"valueName":"search_term_string"}}],"inLanguage":"en-US"},{"@type":"Person","@id":"https:\/\/akunq.net\/tr\/#\/schema\/person\/096f1d38a12cce57fb855b485ed24c9e","name":"admin","url":"https:\/\/akunq.net\/tr\/?author=7"}]}},"_links":{"self":[{"href":"https:\/\/akunq.net\/tr\/index.php?rest_route=\/wp\/v2\/posts\/69270","targetHints":{"allow":["GET"]}}],"collection":[{"href":"https:\/\/akunq.net\/tr\/index.php?rest_route=\/wp\/v2\/posts"}],"about":[{"href":"https:\/\/akunq.net\/tr\/index.php?rest_route=\/wp\/v2\/types\/post"}],"author":[{"embeddable":true,"href":"https:\/\/akunq.net\/tr\/index.php?rest_route=\/wp\/v2\/users\/7"}],"replies":[{"embeddable":true,"href":"https:\/\/akunq.net\/tr\/index.php?rest_route=%2Fwp%2Fv2%2Fcomments&post=69270"}],"version-history":[{"count":1,"href":"https:\/\/akunq.net\/tr\/index.php?rest_route=\/wp\/v2\/posts\/69270\/revisions"}],"predecessor-version":[{"id":69272,"href":"https:\/\/akunq.net\/tr\/index.php?rest_route=\/wp\/v2\/posts\/69270\/revisions\/69272"}],"wp:featuredmedia":[{"embeddable":true,"href":"https:\/\/akunq.net\/tr\/index.php?rest_route=\/wp\/v2\/media\/69271"}],"wp:attachment":[{"href":"https:\/\/akunq.net\/tr\/index.php?rest_route=%2Fwp%2Fv2%2Fmedia&parent=69270"}],"wp:term":[{"taxonomy":"category","embeddable":true,"href":"https:\/\/akunq.net\/tr\/index.php?rest_route=%2Fwp%2Fv2%2Fcategories&post=69270"},{"taxonomy":"post_tag","embeddable":true,"href":"https:\/\/akunq.net\/tr\/index.php?rest_route=%2Fwp%2Fv2%2Ftags&post=69270"}],"curies":[{"name":"wp","href":"https:\/\/api.w.org\/{rel}","templated":true}]}}