{"id":69258,"date":"2022-07-14T02:06:23","date_gmt":"2022-07-14T07:06:23","guid":{"rendered":"https:\/\/akunq.net\/tr\/?p=69258"},"modified":"2022-07-14T02:06:23","modified_gmt":"2022-07-14T07:06:23","slug":"kacak-defineciler-altin-ugruna-vandaki-ermeni-tarihi-tapinagi-tahrip-ettiler","status":"publish","type":"post","link":"https:\/\/akunq.net\/tr\/?p=69258","title":{"rendered":"Ka\u00e7ak defineciler, alt\u0131n u\u011fruna Van&#8217;daki Ermeni tarihi tap\u0131na\u011f\u0131 tahrip ettiler"},"content":{"rendered":"<div class=\"html-content\">\n<p><img loading=\"lazy\" decoding=\"async\" class=\"aligncenter size-medium wp-image-69259\" src=\"https:\/\/akunq.net\/tr\/wp-content\/uploads\/2022\/07\/\u054e\u0561\u0576\u056b-\u0544\u0567\u057b-\u0533\u057f\u0576\u0578\u0582\u0578\u0572-\u0548\u0582\u0580\u0561\u0580\u057f\u0561\u056f\u0561\u0576-\u054d\u0565\u057a\u0561\u0563\u056b\u0580-\u0531\u0580\u0571\u0561\u0576\u0561\u0563\u0580\u0578\u0582\u0569\u056b\u0582\u0576-360x188.jpg\" alt=\"\" width=\"360\" height=\"188\" srcset=\"https:\/\/akunq.net\/tr\/wp-content\/uploads\/sites\/6\/2022\/07\/\u054e\u0561\u0576\u056b-\u0544\u0567\u057b-\u0533\u057f\u0576\u0578\u0582\u0578\u0572-\u0548\u0582\u0580\u0561\u0580\u057f\u0561\u056f\u0561\u0576-\u054d\u0565\u057a\u0561\u0563\u056b\u0580-\u0531\u0580\u0571\u0561\u0576\u0561\u0563\u0580\u0578\u0582\u0569\u056b\u0582\u0576-360x188.jpg 360w, https:\/\/akunq.net\/tr\/wp-content\/uploads\/sites\/6\/2022\/07\/\u054e\u0561\u0576\u056b-\u0544\u0567\u057b-\u0533\u057f\u0576\u0578\u0582\u0578\u0572-\u0548\u0582\u0580\u0561\u0580\u057f\u0561\u056f\u0561\u0576-\u054d\u0565\u057a\u0561\u0563\u056b\u0580-\u0531\u0580\u0571\u0561\u0576\u0561\u0563\u0580\u0578\u0582\u0569\u056b\u0582\u0576-560x292.jpg 560w, https:\/\/akunq.net\/tr\/wp-content\/uploads\/sites\/6\/2022\/07\/\u054e\u0561\u0576\u056b-\u0544\u0567\u057b-\u0533\u057f\u0576\u0578\u0582\u0578\u0572-\u0548\u0582\u0580\u0561\u0580\u057f\u0561\u056f\u0561\u0576-\u054d\u0565\u057a\u0561\u0563\u056b\u0580-\u0531\u0580\u0571\u0561\u0576\u0561\u0563\u0580\u0578\u0582\u0569\u056b\u0582\u0576-260x136.jpg 260w, https:\/\/akunq.net\/tr\/wp-content\/uploads\/sites\/6\/2022\/07\/\u054e\u0561\u0576\u056b-\u0544\u0567\u057b-\u0533\u057f\u0576\u0578\u0582\u0578\u0572-\u0548\u0582\u0580\u0561\u0580\u057f\u0561\u056f\u0561\u0576-\u054d\u0565\u057a\u0561\u0563\u056b\u0580-\u0531\u0580\u0571\u0561\u0576\u0561\u0563\u0580\u0578\u0582\u0569\u056b\u0582\u0576-160x83.jpg 160w, https:\/\/akunq.net\/tr\/wp-content\/uploads\/sites\/6\/2022\/07\/\u054e\u0561\u0576\u056b-\u0544\u0567\u057b-\u0533\u057f\u0576\u0578\u0582\u0578\u0572-\u0548\u0582\u0580\u0561\u0580\u057f\u0561\u056f\u0561\u0576-\u054d\u0565\u057a\u0561\u0563\u056b\u0580-\u0531\u0580\u0571\u0561\u0576\u0561\u0563\u0580\u0578\u0582\u0569\u056b\u0582\u0576.jpg 637w\" sizes=\"auto, (max-width: 360px) 100vw, 360px\" \/><\/p>\n<p><em><strong>Van\u2019\u0131n Saray il\u00e7esinde yer alan Urartular taraf\u0131ndan yap\u0131lan ta\u015f kap\u0131 ka\u00e7ak defineciler taraf\u0131ndan tahrip edildi.<\/strong><\/em><\/p>\n<p>Saray il\u00e7esinde yer alan, \u00e7evresinde 5 metre y\u00fcksekli\u011findeki an\u0131t kap\u0131 ile sarn\u0131\u00e7lar\u0131n yer ald\u0131\u011f\u0131 Urartu d\u00f6nemine ait Ye\u015filal\u0131\u00e7 Kalesi\u2019nde sakl\u0131 kalan Ermeni tarihi de\u011ferler, ke\u015ffedilmeyi bekliyor. Ka\u00e7ak defineciler, alt\u0131n u\u011fruna 5 metre y\u00fcksekli\u011finde \u00fczerinde Urartuca yaz\u0131n\u0131n bulundu\u011fu kaya kap\u0131s\u0131n\u0131 delmeye \u00e7al\u0131\u015ft\u0131lar.<\/p>\n<p>Saray il\u00e7esinde kale, 5 metre y\u00fcksekli\u011finde \u00fczerinde Urartuca yaz\u0131n\u0131n bulundu\u011fu kaya kap\u0131s\u0131, sarn\u0131\u00e7lar\u0131 ve kaya resimleri ile b\u00fcy\u00fck ilgi \u00e7eken Ye\u015filal\u0131\u00e7 Kalesi A\u00e7\u0131k Hava Tap\u0131na\u011f\u0131 turizme kazand\u0131r\u0131lmay\u0131 bekliyor.<\/p>\n<p>Ka\u00e7ak defineciler, alt\u0131n u\u011fruna 5 metre y\u00fcksekli\u011finde \u00fczerinde Urartuca yaz\u0131n\u0131n bulundu\u011fu kaya kap\u0131s\u0131n\u0131 delmeye \u00e7al\u0131\u015ft\u0131.Tap\u0131naktaki ta\u015f duvarlar zaman\u0131n yan\u0131 s\u0131ra ka\u00e7ak defineciler taraf\u0131ndan tahrip edildi.<\/p>\n<\/div>\n<div class=\"current-author fl cb\"><em><strong><a class=\"a-none\" href=\"https:\/\/www.ermenihaber.am\/tr\/news\/2022\/07\/13\/Ka%C3%A7ak-defineci-Van-Ermeni\/234033\">Ermenihaber.am<\/a><\/strong><\/em><\/div>\n<div class=\"current-socials\">\n<div id=\"st-1\" class=\"sharethis-inline-share-buttons st-left  st-inline-share-buttons st-animated\">\n<div class=\"st-btn\" data-network=\"email\"><\/div>\n<\/div>\n<\/div>\n","protected":false},"excerpt":{"rendered":"<p>Van\u2019\u0131n Saray il\u00e7esinde yer alan Urartular taraf\u0131ndan yap\u0131lan ta\u015f kap\u0131 ka\u00e7ak defineciler taraf\u0131ndan tahrip edildi. Saray il\u00e7esinde yer alan, \u00e7evresinde 5 metre y\u00fcksekli\u011findeki an\u0131t kap\u0131 ile sarn\u0131\u00e7lar\u0131n yer ald\u0131\u011f\u0131 Urartu d\u00f6nemine ait Ye\u015filal\u0131\u00e7 Kalesi\u2019nde sakl\u0131 kalan Ermeni tarihi de\u011ferler, ke\u015ffedilmeyi bekliyor. Ka\u00e7ak defineciler, alt\u0131n u\u011fruna 5 metre y\u00fcksekli\u011finde \u00fczerinde Urartuca yaz\u0131n\u0131n bulundu\u011fu kaya kap\u0131s\u0131n\u0131 delmeye [&hellip;]<\/p>\n","protected":false},"author":7,"featured_media":69259,"comment_status":"open","ping_status":"open","sticky":false,"template":"","format":"standard","meta":{"footnotes":""},"categories":[22,1],"tags":[],"class_list":["post-69258","post","type-post","status-publish","format-standard","has-post-thumbnail","hentry","category-gunumuzde-bati-ermenistan","category-haberler"],"yoast_head":"<!-- This site is optimized with the Yoast SEO plugin v27.4 - https:\/\/yoast.com\/product\/yoast-seo-wordpress\/ -->\n<title>Ka\u00e7ak defineciler, alt\u0131n u\u011fruna Van&#039;daki Ermeni tarihi tap\u0131na\u011f\u0131 tahrip ettiler - Bati Ermenistan Ve Bati Ermenileri Sorunlari Ara\u015ftirmalar Merkezi<\/title>\n<meta name=\"robots\" content=\"index, follow, max-snippet:-1, max-image-preview:large, max-video-preview:-1\" \/>\n<link rel=\"canonical\" href=\"https:\/\/akunq.net\/tr\/?p=69258\" \/>\n<meta property=\"og:locale\" content=\"en_US\" \/>\n<meta property=\"og:type\" content=\"article\" \/>\n<meta property=\"og:title\" content=\"Ka\u00e7ak defineciler, alt\u0131n u\u011fruna Van&#039;daki Ermeni tarihi tap\u0131na\u011f\u0131 tahrip ettiler - Bati Ermenistan Ve Bati Ermenileri Sorunlari Ara\u015ftirmalar Merkezi\" \/>\n<meta property=\"og:description\" content=\"Van\u2019\u0131n Saray il\u00e7esinde yer alan Urartular taraf\u0131ndan yap\u0131lan ta\u015f kap\u0131 ka\u00e7ak defineciler taraf\u0131ndan tahrip edildi. Saray il\u00e7esinde yer alan, \u00e7evresinde 5 metre y\u00fcksekli\u011findeki an\u0131t kap\u0131 ile sarn\u0131\u00e7lar\u0131n yer ald\u0131\u011f\u0131 Urartu d\u00f6nemine ait Ye\u015filal\u0131\u00e7 Kalesi\u2019nde sakl\u0131 kalan Ermeni tarihi de\u011ferler, ke\u015ffedilmeyi bekliyor. Ka\u00e7ak defineciler, alt\u0131n u\u011fruna 5 metre y\u00fcksekli\u011finde \u00fczerinde Urartuca yaz\u0131n\u0131n bulundu\u011fu kaya kap\u0131s\u0131n\u0131 delmeye [&hellip;]\" \/>\n<meta property=\"og:url\" content=\"https:\/\/akunq.net\/tr\/?p=69258\" \/>\n<meta property=\"og:site_name\" content=\"Bati Ermenistan Ve Bati Ermenileri Sorunlari Ara\u015ftirmalar Merkezi\" \/>\n<meta property=\"article:published_time\" content=\"2022-07-14T07:06:23+00:00\" \/>\n<meta property=\"og:image\" content=\"https:\/\/akunq.net\/tr\/wp-content\/uploads\/sites\/6\/2022\/07\/\u054e\u0561\u0576\u056b-\u0544\u0567\u057b-\u0533\u057f\u0576\u0578\u0582\u0578\u0572-\u0548\u0582\u0580\u0561\u0580\u057f\u0561\u056f\u0561\u0576-\u054d\u0565\u057a\u0561\u0563\u056b\u0580-\u0531\u0580\u0571\u0561\u0576\u0561\u0563\u0580\u0578\u0582\u0569\u056b\u0582\u0576.jpg\" \/>\n\t<meta property=\"og:image:width\" content=\"637\" \/>\n\t<meta property=\"og:image:height\" content=\"332\" \/>\n\t<meta property=\"og:image:type\" content=\"image\/jpeg\" \/>\n<meta name=\"author\" content=\"admin\" \/>\n<meta name=\"twitter:card\" content=\"summary_large_image\" \/>\n<meta name=\"twitter:label1\" content=\"Written by\" \/>\n\t<meta name=\"twitter:data1\" content=\"admin\" \/>\n\t<meta name=\"twitter:label2\" content=\"Est. reading time\" \/>\n\t<meta name=\"twitter:data2\" content=\"1 minute\" \/>\n<script type=\"application\/ld+json\" class=\"yoast-schema-graph\">{\"@context\":\"https:\\\/\\\/schema.org\",\"@graph\":[{\"@type\":\"Article\",\"@id\":\"https:\\\/\\\/akunq.net\\\/tr\\\/?p=69258#article\",\"isPartOf\":{\"@id\":\"https:\\\/\\\/akunq.net\\\/tr\\\/?p=69258\"},\"author\":{\"name\":\"admin\",\"@id\":\"https:\\\/\\\/akunq.net\\\/tr\\\/#\\\/schema\\\/person\\\/096f1d38a12cce57fb855b485ed24c9e\"},\"headline\":\"Ka\u00e7ak defineciler, alt\u0131n u\u011fruna Van&#8217;daki Ermeni tarihi tap\u0131na\u011f\u0131 tahrip ettiler\",\"datePublished\":\"2022-07-14T07:06:23+00:00\",\"mainEntityOfPage\":{\"@id\":\"https:\\\/\\\/akunq.net\\\/tr\\\/?p=69258\"},\"wordCount\":182,\"commentCount\":0,\"image\":{\"@id\":\"https:\\\/\\\/akunq.net\\\/tr\\\/?p=69258#primaryimage\"},\"thumbnailUrl\":\"https:\\\/\\\/akunq.net\\\/tr\\\/wp-content\\\/uploads\\\/sites\\\/6\\\/2022\\\/07\\\/\u054e\u0561\u0576\u056b-\u0544\u0567\u057b-\u0533\u057f\u0576\u0578\u0582\u0578\u0572-\u0548\u0582\u0580\u0561\u0580\u057f\u0561\u056f\u0561\u0576-\u054d\u0565\u057a\u0561\u0563\u056b\u0580-\u0531\u0580\u0571\u0561\u0576\u0561\u0563\u0580\u0578\u0582\u0569\u056b\u0582\u0576.jpg\",\"articleSection\":[\"G\u00fcn\u00fcm\u00fczde Bat\u0131 Ermenistan\",\"Haberler\"],\"inLanguage\":\"en-US\",\"potentialAction\":[{\"@type\":\"CommentAction\",\"name\":\"Comment\",\"target\":[\"https:\\\/\\\/akunq.net\\\/tr\\\/?p=69258#respond\"]}]},{\"@type\":\"WebPage\",\"@id\":\"https:\\\/\\\/akunq.net\\\/tr\\\/?p=69258\",\"url\":\"https:\\\/\\\/akunq.net\\\/tr\\\/?p=69258\",\"name\":\"Ka\u00e7ak defineciler, alt\u0131n u\u011fruna Van'daki Ermeni tarihi tap\u0131na\u011f\u0131 tahrip ettiler - Bati Ermenistan Ve Bati Ermenileri Sorunlari Ara\u015ftirmalar Merkezi\",\"isPartOf\":{\"@id\":\"https:\\\/\\\/akunq.net\\\/tr\\\/#website\"},\"primaryImageOfPage\":{\"@id\":\"https:\\\/\\\/akunq.net\\\/tr\\\/?p=69258#primaryimage\"},\"image\":{\"@id\":\"https:\\\/\\\/akunq.net\\\/tr\\\/?p=69258#primaryimage\"},\"thumbnailUrl\":\"https:\\\/\\\/akunq.net\\\/tr\\\/wp-content\\\/uploads\\\/sites\\\/6\\\/2022\\\/07\\\/\u054e\u0561\u0576\u056b-\u0544\u0567\u057b-\u0533\u057f\u0576\u0578\u0582\u0578\u0572-\u0548\u0582\u0580\u0561\u0580\u057f\u0561\u056f\u0561\u0576-\u054d\u0565\u057a\u0561\u0563\u056b\u0580-\u0531\u0580\u0571\u0561\u0576\u0561\u0563\u0580\u0578\u0582\u0569\u056b\u0582\u0576.jpg\",\"datePublished\":\"2022-07-14T07:06:23+00:00\",\"author\":{\"@id\":\"https:\\\/\\\/akunq.net\\\/tr\\\/#\\\/schema\\\/person\\\/096f1d38a12cce57fb855b485ed24c9e\"},\"breadcrumb\":{\"@id\":\"https:\\\/\\\/akunq.net\\\/tr\\\/?p=69258#breadcrumb\"},\"inLanguage\":\"en-US\",\"potentialAction\":[{\"@type\":\"ReadAction\",\"target\":[\"https:\\\/\\\/akunq.net\\\/tr\\\/?p=69258\"]}]},{\"@type\":\"ImageObject\",\"inLanguage\":\"en-US\",\"@id\":\"https:\\\/\\\/akunq.net\\\/tr\\\/?p=69258#primaryimage\",\"url\":\"https:\\\/\\\/akunq.net\\\/tr\\\/wp-content\\\/uploads\\\/sites\\\/6\\\/2022\\\/07\\\/\u054e\u0561\u0576\u056b-\u0544\u0567\u057b-\u0533\u057f\u0576\u0578\u0582\u0578\u0572-\u0548\u0582\u0580\u0561\u0580\u057f\u0561\u056f\u0561\u0576-\u054d\u0565\u057a\u0561\u0563\u056b\u0580-\u0531\u0580\u0571\u0561\u0576\u0561\u0563\u0580\u0578\u0582\u0569\u056b\u0582\u0576.jpg\",\"contentUrl\":\"https:\\\/\\\/akunq.net\\\/tr\\\/wp-content\\\/uploads\\\/sites\\\/6\\\/2022\\\/07\\\/\u054e\u0561\u0576\u056b-\u0544\u0567\u057b-\u0533\u057f\u0576\u0578\u0582\u0578\u0572-\u0548\u0582\u0580\u0561\u0580\u057f\u0561\u056f\u0561\u0576-\u054d\u0565\u057a\u0561\u0563\u056b\u0580-\u0531\u0580\u0571\u0561\u0576\u0561\u0563\u0580\u0578\u0582\u0569\u056b\u0582\u0576.jpg\",\"width\":637,\"height\":332},{\"@type\":\"BreadcrumbList\",\"@id\":\"https:\\\/\\\/akunq.net\\\/tr\\\/?p=69258#breadcrumb\",\"itemListElement\":[{\"@type\":\"ListItem\",\"position\":1,\"name\":\"Home\",\"item\":\"https:\\\/\\\/akunq.net\\\/tr\"},{\"@type\":\"ListItem\",\"position\":2,\"name\":\"Ka\u00e7ak defineciler, alt\u0131n u\u011fruna Van&#8217;daki Ermeni tarihi tap\u0131na\u011f\u0131 tahrip ettiler\"}]},{\"@type\":\"WebSite\",\"@id\":\"https:\\\/\\\/akunq.net\\\/tr\\\/#website\",\"url\":\"https:\\\/\\\/akunq.net\\\/tr\\\/\",\"name\":\"Bati Ermenistan Ve Bati Ermenileri Sorunlari Ara\u015ftirmalar Merkezi\",\"description\":\"\",\"potentialAction\":[{\"@type\":\"SearchAction\",\"target\":{\"@type\":\"EntryPoint\",\"urlTemplate\":\"https:\\\/\\\/akunq.net\\\/tr\\\/?s={search_term_string}\"},\"query-input\":{\"@type\":\"PropertyValueSpecification\",\"valueRequired\":true,\"valueName\":\"search_term_string\"}}],\"inLanguage\":\"en-US\"},{\"@type\":\"Person\",\"@id\":\"https:\\\/\\\/akunq.net\\\/tr\\\/#\\\/schema\\\/person\\\/096f1d38a12cce57fb855b485ed24c9e\",\"name\":\"admin\",\"url\":\"https:\\\/\\\/akunq.net\\\/tr\\\/?author=7\"}]}<\/script>\n<!-- \/ Yoast SEO plugin. -->","yoast_head_json":{"title":"Ka\u00e7ak defineciler, alt\u0131n u\u011fruna Van'daki Ermeni tarihi tap\u0131na\u011f\u0131 tahrip ettiler - Bati Ermenistan Ve Bati Ermenileri Sorunlari Ara\u015ftirmalar Merkezi","robots":{"index":"index","follow":"follow","max-snippet":"max-snippet:-1","max-image-preview":"max-image-preview:large","max-video-preview":"max-video-preview:-1"},"canonical":"https:\/\/akunq.net\/tr\/?p=69258","og_locale":"en_US","og_type":"article","og_title":"Ka\u00e7ak defineciler, alt\u0131n u\u011fruna Van'daki Ermeni tarihi tap\u0131na\u011f\u0131 tahrip ettiler - Bati Ermenistan Ve Bati Ermenileri Sorunlari Ara\u015ftirmalar Merkezi","og_description":"Van\u2019\u0131n Saray il\u00e7esinde yer alan Urartular taraf\u0131ndan yap\u0131lan ta\u015f kap\u0131 ka\u00e7ak defineciler taraf\u0131ndan tahrip edildi. Saray il\u00e7esinde yer alan, \u00e7evresinde 5 metre y\u00fcksekli\u011findeki an\u0131t kap\u0131 ile sarn\u0131\u00e7lar\u0131n yer ald\u0131\u011f\u0131 Urartu d\u00f6nemine ait Ye\u015filal\u0131\u00e7 Kalesi\u2019nde sakl\u0131 kalan Ermeni tarihi de\u011ferler, ke\u015ffedilmeyi bekliyor. Ka\u00e7ak defineciler, alt\u0131n u\u011fruna 5 metre y\u00fcksekli\u011finde \u00fczerinde Urartuca yaz\u0131n\u0131n bulundu\u011fu kaya kap\u0131s\u0131n\u0131 delmeye [&hellip;]","og_url":"https:\/\/akunq.net\/tr\/?p=69258","og_site_name":"Bati Ermenistan Ve Bati Ermenileri Sorunlari Ara\u015ftirmalar Merkezi","article_published_time":"2022-07-14T07:06:23+00:00","og_image":[{"width":637,"height":332,"url":"https:\/\/akunq.net\/tr\/wp-content\/uploads\/sites\/6\/2022\/07\/\u054e\u0561\u0576\u056b-\u0544\u0567\u057b-\u0533\u057f\u0576\u0578\u0582\u0578\u0572-\u0548\u0582\u0580\u0561\u0580\u057f\u0561\u056f\u0561\u0576-\u054d\u0565\u057a\u0561\u0563\u056b\u0580-\u0531\u0580\u0571\u0561\u0576\u0561\u0563\u0580\u0578\u0582\u0569\u056b\u0582\u0576.jpg","type":"image\/jpeg"}],"author":"admin","twitter_card":"summary_large_image","twitter_misc":{"Written by":"admin","Est. reading time":"1 minute"},"schema":{"@context":"https:\/\/schema.org","@graph":[{"@type":"Article","@id":"https:\/\/akunq.net\/tr\/?p=69258#article","isPartOf":{"@id":"https:\/\/akunq.net\/tr\/?p=69258"},"author":{"name":"admin","@id":"https:\/\/akunq.net\/tr\/#\/schema\/person\/096f1d38a12cce57fb855b485ed24c9e"},"headline":"Ka\u00e7ak defineciler, alt\u0131n u\u011fruna Van&#8217;daki Ermeni tarihi tap\u0131na\u011f\u0131 tahrip ettiler","datePublished":"2022-07-14T07:06:23+00:00","mainEntityOfPage":{"@id":"https:\/\/akunq.net\/tr\/?p=69258"},"wordCount":182,"commentCount":0,"image":{"@id":"https:\/\/akunq.net\/tr\/?p=69258#primaryimage"},"thumbnailUrl":"https:\/\/akunq.net\/tr\/wp-content\/uploads\/sites\/6\/2022\/07\/\u054e\u0561\u0576\u056b-\u0544\u0567\u057b-\u0533\u057f\u0576\u0578\u0582\u0578\u0572-\u0548\u0582\u0580\u0561\u0580\u057f\u0561\u056f\u0561\u0576-\u054d\u0565\u057a\u0561\u0563\u056b\u0580-\u0531\u0580\u0571\u0561\u0576\u0561\u0563\u0580\u0578\u0582\u0569\u056b\u0582\u0576.jpg","articleSection":["G\u00fcn\u00fcm\u00fczde Bat\u0131 Ermenistan","Haberler"],"inLanguage":"en-US","potentialAction":[{"@type":"CommentAction","name":"Comment","target":["https:\/\/akunq.net\/tr\/?p=69258#respond"]}]},{"@type":"WebPage","@id":"https:\/\/akunq.net\/tr\/?p=69258","url":"https:\/\/akunq.net\/tr\/?p=69258","name":"Ka\u00e7ak defineciler, alt\u0131n u\u011fruna Van'daki Ermeni tarihi tap\u0131na\u011f\u0131 tahrip ettiler - Bati Ermenistan Ve Bati Ermenileri Sorunlari Ara\u015ftirmalar Merkezi","isPartOf":{"@id":"https:\/\/akunq.net\/tr\/#website"},"primaryImageOfPage":{"@id":"https:\/\/akunq.net\/tr\/?p=69258#primaryimage"},"image":{"@id":"https:\/\/akunq.net\/tr\/?p=69258#primaryimage"},"thumbnailUrl":"https:\/\/akunq.net\/tr\/wp-content\/uploads\/sites\/6\/2022\/07\/\u054e\u0561\u0576\u056b-\u0544\u0567\u057b-\u0533\u057f\u0576\u0578\u0582\u0578\u0572-\u0548\u0582\u0580\u0561\u0580\u057f\u0561\u056f\u0561\u0576-\u054d\u0565\u057a\u0561\u0563\u056b\u0580-\u0531\u0580\u0571\u0561\u0576\u0561\u0563\u0580\u0578\u0582\u0569\u056b\u0582\u0576.jpg","datePublished":"2022-07-14T07:06:23+00:00","author":{"@id":"https:\/\/akunq.net\/tr\/#\/schema\/person\/096f1d38a12cce57fb855b485ed24c9e"},"breadcrumb":{"@id":"https:\/\/akunq.net\/tr\/?p=69258#breadcrumb"},"inLanguage":"en-US","potentialAction":[{"@type":"ReadAction","target":["https:\/\/akunq.net\/tr\/?p=69258"]}]},{"@type":"ImageObject","inLanguage":"en-US","@id":"https:\/\/akunq.net\/tr\/?p=69258#primaryimage","url":"https:\/\/akunq.net\/tr\/wp-content\/uploads\/sites\/6\/2022\/07\/\u054e\u0561\u0576\u056b-\u0544\u0567\u057b-\u0533\u057f\u0576\u0578\u0582\u0578\u0572-\u0548\u0582\u0580\u0561\u0580\u057f\u0561\u056f\u0561\u0576-\u054d\u0565\u057a\u0561\u0563\u056b\u0580-\u0531\u0580\u0571\u0561\u0576\u0561\u0563\u0580\u0578\u0582\u0569\u056b\u0582\u0576.jpg","contentUrl":"https:\/\/akunq.net\/tr\/wp-content\/uploads\/sites\/6\/2022\/07\/\u054e\u0561\u0576\u056b-\u0544\u0567\u057b-\u0533\u057f\u0576\u0578\u0582\u0578\u0572-\u0548\u0582\u0580\u0561\u0580\u057f\u0561\u056f\u0561\u0576-\u054d\u0565\u057a\u0561\u0563\u056b\u0580-\u0531\u0580\u0571\u0561\u0576\u0561\u0563\u0580\u0578\u0582\u0569\u056b\u0582\u0576.jpg","width":637,"height":332},{"@type":"BreadcrumbList","@id":"https:\/\/akunq.net\/tr\/?p=69258#breadcrumb","itemListElement":[{"@type":"ListItem","position":1,"name":"Home","item":"https:\/\/akunq.net\/tr"},{"@type":"ListItem","position":2,"name":"Ka\u00e7ak defineciler, alt\u0131n u\u011fruna Van&#8217;daki Ermeni tarihi tap\u0131na\u011f\u0131 tahrip ettiler"}]},{"@type":"WebSite","@id":"https:\/\/akunq.net\/tr\/#website","url":"https:\/\/akunq.net\/tr\/","name":"Bati Ermenistan Ve Bati Ermenileri Sorunlari Ara\u015ftirmalar Merkezi","description":"","potentialAction":[{"@type":"SearchAction","target":{"@type":"EntryPoint","urlTemplate":"https:\/\/akunq.net\/tr\/?s={search_term_string}"},"query-input":{"@type":"PropertyValueSpecification","valueRequired":true,"valueName":"search_term_string"}}],"inLanguage":"en-US"},{"@type":"Person","@id":"https:\/\/akunq.net\/tr\/#\/schema\/person\/096f1d38a12cce57fb855b485ed24c9e","name":"admin","url":"https:\/\/akunq.net\/tr\/?author=7"}]}},"_links":{"self":[{"href":"https:\/\/akunq.net\/tr\/index.php?rest_route=\/wp\/v2\/posts\/69258","targetHints":{"allow":["GET"]}}],"collection":[{"href":"https:\/\/akunq.net\/tr\/index.php?rest_route=\/wp\/v2\/posts"}],"about":[{"href":"https:\/\/akunq.net\/tr\/index.php?rest_route=\/wp\/v2\/types\/post"}],"author":[{"embeddable":true,"href":"https:\/\/akunq.net\/tr\/index.php?rest_route=\/wp\/v2\/users\/7"}],"replies":[{"embeddable":true,"href":"https:\/\/akunq.net\/tr\/index.php?rest_route=%2Fwp%2Fv2%2Fcomments&post=69258"}],"version-history":[{"count":1,"href":"https:\/\/akunq.net\/tr\/index.php?rest_route=\/wp\/v2\/posts\/69258\/revisions"}],"predecessor-version":[{"id":69260,"href":"https:\/\/akunq.net\/tr\/index.php?rest_route=\/wp\/v2\/posts\/69258\/revisions\/69260"}],"wp:featuredmedia":[{"embeddable":true,"href":"https:\/\/akunq.net\/tr\/index.php?rest_route=\/wp\/v2\/media\/69259"}],"wp:attachment":[{"href":"https:\/\/akunq.net\/tr\/index.php?rest_route=%2Fwp%2Fv2%2Fmedia&parent=69258"}],"wp:term":[{"taxonomy":"category","embeddable":true,"href":"https:\/\/akunq.net\/tr\/index.php?rest_route=%2Fwp%2Fv2%2Fcategories&post=69258"},{"taxonomy":"post_tag","embeddable":true,"href":"https:\/\/akunq.net\/tr\/index.php?rest_route=%2Fwp%2Fv2%2Ftags&post=69258"}],"curies":[{"name":"wp","href":"https:\/\/api.w.org\/{rel}","templated":true}]}}