{"id":69251,"date":"2022-07-13T01:32:36","date_gmt":"2022-07-13T06:32:36","guid":{"rendered":"https:\/\/akunq.net\/tr\/?p=69251"},"modified":"2022-07-13T01:32:36","modified_gmt":"2022-07-13T06:32:36","slug":"din-adamlari-mersin-sehir-mezarliginda-vatandaslarla-bayramlasti","status":"publish","type":"post","link":"https:\/\/akunq.net\/tr\/?p=69251","title":{"rendered":"Din adamlar\u0131 Mersin \u015eehir Mezarl\u0131\u011f\u0131\u2019nda vatanda\u015flarla bayramla\u015ft\u0131"},"content":{"rendered":"<p><img loading=\"lazy\" decoding=\"async\" class=\"aligncenter size-full wp-image-69252\" src=\"https:\/\/akunq.net\/tr\/wp-content\/uploads\/2022\/07\/Sehir-Mezarliginda-duzenlenen-Dinler-Bulusmasi.jpg\" alt=\"\" width=\"263\" height=\"192\" srcset=\"https:\/\/akunq.net\/tr\/wp-content\/uploads\/sites\/6\/2022\/07\/Sehir-Mezarliginda-duzenlenen-Dinler-Bulusmasi.jpg 263w, https:\/\/akunq.net\/tr\/wp-content\/uploads\/sites\/6\/2022\/07\/Sehir-Mezarliginda-duzenlenen-Dinler-Bulusmasi-260x190.jpg 260w, https:\/\/akunq.net\/tr\/wp-content\/uploads\/sites\/6\/2022\/07\/Sehir-Mezarliginda-duzenlenen-Dinler-Bulusmasi-160x117.jpg 160w\" sizes=\"auto, (max-width: 263px) 100vw, 263px\" \/><\/p>\n<p><strong><em>Mersin\u2019de Kurban Bayram\u0131n\u0131n \u00fc\u00e7\u00fcnc\u00fc g\u00fcn\u00fcnde \u015eehir Mezarl\u0131\u011f\u0131\u2019nda d\u00fczenlenen Dinler Bulu\u015fmas\u0131 etkinli\u011finde, M\u00fcsl\u00fcman, Hristiyan din adamlar\u0131 vatanda\u015flarla bayramla\u015ft\u0131.<\/em><\/strong><\/p>\n<p><strong>Soner AYDIN \/ DHA<\/strong><\/p>\n<p>Mersin\u2019de 1930\u2019lu y\u0131llar\u0131n sonunda kurulan \u015eehir Mezarl\u0131\u011f\u0131, M\u00fcsl\u00fcman, Hristiyan ve Yahudi inanc\u0131na mensup vatanda\u015flar\u0131n yan yana defnedilmesi nedeniyle birliktelik k\u00fclt\u00fcr\u00fcn\u00fcn \u00f6nemli sembol\u00fc haline geldi. D\u00f6nemin Belediye Ba\u015fkan\u0131 Mithat Toro\u011flu taraf\u0131ndan d\u00fcnyada \u0131rk ve inan\u00e7 ayr\u0131mc\u0131l\u0131\u011f\u0131n\u0131n zirve yapt\u0131\u011f\u0131 zamanlarda 1938 y\u0131l\u0131nda a\u00e7\u0131lan \u015eehir Mezarl\u0131\u011f\u0131, kentin birlikte ya\u015fama k\u00fclt\u00fcr\u00fcn\u00fcn sembol\u00fc haline geldi. Her y\u0131l bayramlarda ziyaret\u00e7i ak\u0131n\u0131na u\u011frayan mezarl\u0131k, M\u00fcsl\u00fcman, Hristiyan ve Yahudi vatanda\u015flar\u0131n kabrine ev sahipli\u011fi yap\u0131yor. Ho\u015fg\u00f6r\u00fc mezarl\u0131\u011f\u0131nda her y\u0131l Kurban Bayram\u0131n\u0131n ilk g\u00fcn\u00fc din adamlar\u0131n\u0131n kat\u0131l\u0131m\u0131yla dinlerin bulu\u015fmas\u0131 t\u00f6reni yap\u0131l\u0131yor.<\/p>\n<p>Bu y\u0131l 24\u2019\u00fcnc\u00fcs\u00fc d\u00fczenlenen t\u00f6ren ise bayram\u0131n 3\u2019\u00fcnc\u00fc g\u00fcn\u00fc ger\u00e7ekle\u015ftirildi. T\u00f6rene \u0130mam \u015eemsettin Bulgan, Mersin \u0130talyan Katolik Kilisesi Ruhani Lideri Roshan Cordeiro, Mersin Ortodoks Kilisesi Ruhani Lideri Co\u015fkun Teymur ve Mersin Cemevi \u0130nan\u00e7 Kurulu Ba\u015fkan\u0131 Erdo\u011fan Sevin kat\u0131ld\u0131.<\/p>\n<p>Bulu\u015fmada dualar edilip ilahiler okundu. T\u00f6renin ard\u0131ndan din adamlar\u0131 vatanda\u015flarla bayramla\u015ft\u0131.<\/p>\n<hr \/>\n<p><em><strong><a href=\"https:\/\/www.milliyet.com.tr\/gundem\/din-adamlari-mersin-sehir-mezarliginda-vatandaslarla-bayramlasti-6788595\" target=\"_blank\" rel=\"noopener\">Milliyet Gazetesi<\/a>\u00a0<\/strong><\/em><\/p>\n","protected":false},"excerpt":{"rendered":"<p>Mersin\u2019de Kurban Bayram\u0131n\u0131n \u00fc\u00e7\u00fcnc\u00fc g\u00fcn\u00fcnde \u015eehir Mezarl\u0131\u011f\u0131\u2019nda d\u00fczenlenen Dinler Bulu\u015fmas\u0131 etkinli\u011finde, M\u00fcsl\u00fcman, Hristiyan din adamlar\u0131 vatanda\u015flarla bayramla\u015ft\u0131. Soner AYDIN \/ DHA Mersin\u2019de 1930\u2019lu y\u0131llar\u0131n sonunda kurulan \u015eehir Mezarl\u0131\u011f\u0131, M\u00fcsl\u00fcman, Hristiyan ve Yahudi inanc\u0131na mensup vatanda\u015flar\u0131n yan yana defnedilmesi nedeniyle birliktelik k\u00fclt\u00fcr\u00fcn\u00fcn \u00f6nemli sembol\u00fc haline geldi. D\u00f6nemin Belediye Ba\u015fkan\u0131 Mithat Toro\u011flu taraf\u0131ndan d\u00fcnyada \u0131rk ve inan\u00e7 [&hellip;]<\/p>\n","protected":false},"author":7,"featured_media":69252,"comment_status":"open","ping_status":"open","sticky":false,"template":"","format":"standard","meta":{"footnotes":""},"categories":[1],"tags":[],"class_list":["post-69251","post","type-post","status-publish","format-standard","has-post-thumbnail","hentry","category-haberler"],"yoast_head":"<!-- This site is optimized with the Yoast SEO plugin v27.4 - https:\/\/yoast.com\/product\/yoast-seo-wordpress\/ -->\n<title>Din adamlar\u0131 Mersin \u015eehir Mezarl\u0131\u011f\u0131\u2019nda vatanda\u015flarla bayramla\u015ft\u0131 - Bati Ermenistan Ve Bati Ermenileri Sorunlari Ara\u015ftirmalar Merkezi<\/title>\n<meta name=\"robots\" content=\"index, follow, max-snippet:-1, max-image-preview:large, max-video-preview:-1\" \/>\n<link rel=\"canonical\" href=\"https:\/\/akunq.net\/tr\/?p=69251\" \/>\n<meta property=\"og:locale\" content=\"en_US\" \/>\n<meta property=\"og:type\" content=\"article\" \/>\n<meta property=\"og:title\" content=\"Din adamlar\u0131 Mersin \u015eehir Mezarl\u0131\u011f\u0131\u2019nda vatanda\u015flarla bayramla\u015ft\u0131 - Bati Ermenistan Ve Bati Ermenileri Sorunlari Ara\u015ftirmalar Merkezi\" \/>\n<meta property=\"og:description\" content=\"Mersin\u2019de Kurban Bayram\u0131n\u0131n \u00fc\u00e7\u00fcnc\u00fc g\u00fcn\u00fcnde \u015eehir Mezarl\u0131\u011f\u0131\u2019nda d\u00fczenlenen Dinler Bulu\u015fmas\u0131 etkinli\u011finde, M\u00fcsl\u00fcman, Hristiyan din adamlar\u0131 vatanda\u015flarla bayramla\u015ft\u0131. Soner AYDIN \/ DHA Mersin\u2019de 1930\u2019lu y\u0131llar\u0131n sonunda kurulan \u015eehir Mezarl\u0131\u011f\u0131, M\u00fcsl\u00fcman, Hristiyan ve Yahudi inanc\u0131na mensup vatanda\u015flar\u0131n yan yana defnedilmesi nedeniyle birliktelik k\u00fclt\u00fcr\u00fcn\u00fcn \u00f6nemli sembol\u00fc haline geldi. D\u00f6nemin Belediye Ba\u015fkan\u0131 Mithat Toro\u011flu taraf\u0131ndan d\u00fcnyada \u0131rk ve inan\u00e7 [&hellip;]\" \/>\n<meta property=\"og:url\" content=\"https:\/\/akunq.net\/tr\/?p=69251\" \/>\n<meta property=\"og:site_name\" content=\"Bati Ermenistan Ve Bati Ermenileri Sorunlari Ara\u015ftirmalar Merkezi\" \/>\n<meta property=\"article:published_time\" content=\"2022-07-13T06:32:36+00:00\" \/>\n<meta property=\"og:image\" content=\"https:\/\/akunq.net\/tr\/wp-content\/uploads\/sites\/6\/2022\/07\/Sehir-Mezarliginda-duzenlenen-Dinler-Bulusmasi.jpg\" \/>\n\t<meta property=\"og:image:width\" content=\"263\" \/>\n\t<meta property=\"og:image:height\" content=\"192\" \/>\n\t<meta property=\"og:image:type\" content=\"image\/jpeg\" \/>\n<meta name=\"author\" content=\"admin\" \/>\n<meta name=\"twitter:card\" content=\"summary_large_image\" \/>\n<meta name=\"twitter:label1\" content=\"Written by\" \/>\n\t<meta name=\"twitter:data1\" content=\"admin\" \/>\n\t<meta name=\"twitter:label2\" content=\"Est. reading time\" \/>\n\t<meta name=\"twitter:data2\" content=\"1 minute\" \/>\n<script type=\"application\/ld+json\" class=\"yoast-schema-graph\">{\"@context\":\"https:\\\/\\\/schema.org\",\"@graph\":[{\"@type\":\"Article\",\"@id\":\"https:\\\/\\\/akunq.net\\\/tr\\\/?p=69251#article\",\"isPartOf\":{\"@id\":\"https:\\\/\\\/akunq.net\\\/tr\\\/?p=69251\"},\"author\":{\"name\":\"admin\",\"@id\":\"https:\\\/\\\/akunq.net\\\/tr\\\/#\\\/schema\\\/person\\\/096f1d38a12cce57fb855b485ed24c9e\"},\"headline\":\"Din adamlar\u0131 Mersin \u015eehir Mezarl\u0131\u011f\u0131\u2019nda vatanda\u015flarla bayramla\u015ft\u0131\",\"datePublished\":\"2022-07-13T06:32:36+00:00\",\"mainEntityOfPage\":{\"@id\":\"https:\\\/\\\/akunq.net\\\/tr\\\/?p=69251\"},\"wordCount\":249,\"commentCount\":0,\"image\":{\"@id\":\"https:\\\/\\\/akunq.net\\\/tr\\\/?p=69251#primaryimage\"},\"thumbnailUrl\":\"https:\\\/\\\/akunq.net\\\/tr\\\/wp-content\\\/uploads\\\/sites\\\/6\\\/2022\\\/07\\\/Sehir-Mezarliginda-duzenlenen-Dinler-Bulusmasi.jpg\",\"articleSection\":[\"Haberler\"],\"inLanguage\":\"en-US\",\"potentialAction\":[{\"@type\":\"CommentAction\",\"name\":\"Comment\",\"target\":[\"https:\\\/\\\/akunq.net\\\/tr\\\/?p=69251#respond\"]}]},{\"@type\":\"WebPage\",\"@id\":\"https:\\\/\\\/akunq.net\\\/tr\\\/?p=69251\",\"url\":\"https:\\\/\\\/akunq.net\\\/tr\\\/?p=69251\",\"name\":\"Din adamlar\u0131 Mersin \u015eehir Mezarl\u0131\u011f\u0131\u2019nda vatanda\u015flarla bayramla\u015ft\u0131 - Bati Ermenistan Ve Bati Ermenileri Sorunlari Ara\u015ftirmalar Merkezi\",\"isPartOf\":{\"@id\":\"https:\\\/\\\/akunq.net\\\/tr\\\/#website\"},\"primaryImageOfPage\":{\"@id\":\"https:\\\/\\\/akunq.net\\\/tr\\\/?p=69251#primaryimage\"},\"image\":{\"@id\":\"https:\\\/\\\/akunq.net\\\/tr\\\/?p=69251#primaryimage\"},\"thumbnailUrl\":\"https:\\\/\\\/akunq.net\\\/tr\\\/wp-content\\\/uploads\\\/sites\\\/6\\\/2022\\\/07\\\/Sehir-Mezarliginda-duzenlenen-Dinler-Bulusmasi.jpg\",\"datePublished\":\"2022-07-13T06:32:36+00:00\",\"author\":{\"@id\":\"https:\\\/\\\/akunq.net\\\/tr\\\/#\\\/schema\\\/person\\\/096f1d38a12cce57fb855b485ed24c9e\"},\"breadcrumb\":{\"@id\":\"https:\\\/\\\/akunq.net\\\/tr\\\/?p=69251#breadcrumb\"},\"inLanguage\":\"en-US\",\"potentialAction\":[{\"@type\":\"ReadAction\",\"target\":[\"https:\\\/\\\/akunq.net\\\/tr\\\/?p=69251\"]}]},{\"@type\":\"ImageObject\",\"inLanguage\":\"en-US\",\"@id\":\"https:\\\/\\\/akunq.net\\\/tr\\\/?p=69251#primaryimage\",\"url\":\"https:\\\/\\\/akunq.net\\\/tr\\\/wp-content\\\/uploads\\\/sites\\\/6\\\/2022\\\/07\\\/Sehir-Mezarliginda-duzenlenen-Dinler-Bulusmasi.jpg\",\"contentUrl\":\"https:\\\/\\\/akunq.net\\\/tr\\\/wp-content\\\/uploads\\\/sites\\\/6\\\/2022\\\/07\\\/Sehir-Mezarliginda-duzenlenen-Dinler-Bulusmasi.jpg\",\"width\":263,\"height\":192},{\"@type\":\"BreadcrumbList\",\"@id\":\"https:\\\/\\\/akunq.net\\\/tr\\\/?p=69251#breadcrumb\",\"itemListElement\":[{\"@type\":\"ListItem\",\"position\":1,\"name\":\"Home\",\"item\":\"https:\\\/\\\/akunq.net\\\/tr\"},{\"@type\":\"ListItem\",\"position\":2,\"name\":\"Din adamlar\u0131 Mersin \u015eehir Mezarl\u0131\u011f\u0131\u2019nda vatanda\u015flarla bayramla\u015ft\u0131\"}]},{\"@type\":\"WebSite\",\"@id\":\"https:\\\/\\\/akunq.net\\\/tr\\\/#website\",\"url\":\"https:\\\/\\\/akunq.net\\\/tr\\\/\",\"name\":\"Bati Ermenistan Ve Bati Ermenileri Sorunlari Ara\u015ftirmalar Merkezi\",\"description\":\"\",\"potentialAction\":[{\"@type\":\"SearchAction\",\"target\":{\"@type\":\"EntryPoint\",\"urlTemplate\":\"https:\\\/\\\/akunq.net\\\/tr\\\/?s={search_term_string}\"},\"query-input\":{\"@type\":\"PropertyValueSpecification\",\"valueRequired\":true,\"valueName\":\"search_term_string\"}}],\"inLanguage\":\"en-US\"},{\"@type\":\"Person\",\"@id\":\"https:\\\/\\\/akunq.net\\\/tr\\\/#\\\/schema\\\/person\\\/096f1d38a12cce57fb855b485ed24c9e\",\"name\":\"admin\",\"url\":\"https:\\\/\\\/akunq.net\\\/tr\\\/?author=7\"}]}<\/script>\n<!-- \/ Yoast SEO plugin. -->","yoast_head_json":{"title":"Din adamlar\u0131 Mersin \u015eehir Mezarl\u0131\u011f\u0131\u2019nda vatanda\u015flarla bayramla\u015ft\u0131 - Bati Ermenistan Ve Bati Ermenileri Sorunlari Ara\u015ftirmalar Merkezi","robots":{"index":"index","follow":"follow","max-snippet":"max-snippet:-1","max-image-preview":"max-image-preview:large","max-video-preview":"max-video-preview:-1"},"canonical":"https:\/\/akunq.net\/tr\/?p=69251","og_locale":"en_US","og_type":"article","og_title":"Din adamlar\u0131 Mersin \u015eehir Mezarl\u0131\u011f\u0131\u2019nda vatanda\u015flarla bayramla\u015ft\u0131 - Bati Ermenistan Ve Bati Ermenileri Sorunlari Ara\u015ftirmalar Merkezi","og_description":"Mersin\u2019de Kurban Bayram\u0131n\u0131n \u00fc\u00e7\u00fcnc\u00fc g\u00fcn\u00fcnde \u015eehir Mezarl\u0131\u011f\u0131\u2019nda d\u00fczenlenen Dinler Bulu\u015fmas\u0131 etkinli\u011finde, M\u00fcsl\u00fcman, Hristiyan din adamlar\u0131 vatanda\u015flarla bayramla\u015ft\u0131. Soner AYDIN \/ DHA Mersin\u2019de 1930\u2019lu y\u0131llar\u0131n sonunda kurulan \u015eehir Mezarl\u0131\u011f\u0131, M\u00fcsl\u00fcman, Hristiyan ve Yahudi inanc\u0131na mensup vatanda\u015flar\u0131n yan yana defnedilmesi nedeniyle birliktelik k\u00fclt\u00fcr\u00fcn\u00fcn \u00f6nemli sembol\u00fc haline geldi. D\u00f6nemin Belediye Ba\u015fkan\u0131 Mithat Toro\u011flu taraf\u0131ndan d\u00fcnyada \u0131rk ve inan\u00e7 [&hellip;]","og_url":"https:\/\/akunq.net\/tr\/?p=69251","og_site_name":"Bati Ermenistan Ve Bati Ermenileri Sorunlari Ara\u015ftirmalar Merkezi","article_published_time":"2022-07-13T06:32:36+00:00","og_image":[{"width":263,"height":192,"url":"https:\/\/akunq.net\/tr\/wp-content\/uploads\/sites\/6\/2022\/07\/Sehir-Mezarliginda-duzenlenen-Dinler-Bulusmasi.jpg","type":"image\/jpeg"}],"author":"admin","twitter_card":"summary_large_image","twitter_misc":{"Written by":"admin","Est. reading time":"1 minute"},"schema":{"@context":"https:\/\/schema.org","@graph":[{"@type":"Article","@id":"https:\/\/akunq.net\/tr\/?p=69251#article","isPartOf":{"@id":"https:\/\/akunq.net\/tr\/?p=69251"},"author":{"name":"admin","@id":"https:\/\/akunq.net\/tr\/#\/schema\/person\/096f1d38a12cce57fb855b485ed24c9e"},"headline":"Din adamlar\u0131 Mersin \u015eehir Mezarl\u0131\u011f\u0131\u2019nda vatanda\u015flarla bayramla\u015ft\u0131","datePublished":"2022-07-13T06:32:36+00:00","mainEntityOfPage":{"@id":"https:\/\/akunq.net\/tr\/?p=69251"},"wordCount":249,"commentCount":0,"image":{"@id":"https:\/\/akunq.net\/tr\/?p=69251#primaryimage"},"thumbnailUrl":"https:\/\/akunq.net\/tr\/wp-content\/uploads\/sites\/6\/2022\/07\/Sehir-Mezarliginda-duzenlenen-Dinler-Bulusmasi.jpg","articleSection":["Haberler"],"inLanguage":"en-US","potentialAction":[{"@type":"CommentAction","name":"Comment","target":["https:\/\/akunq.net\/tr\/?p=69251#respond"]}]},{"@type":"WebPage","@id":"https:\/\/akunq.net\/tr\/?p=69251","url":"https:\/\/akunq.net\/tr\/?p=69251","name":"Din adamlar\u0131 Mersin \u015eehir Mezarl\u0131\u011f\u0131\u2019nda vatanda\u015flarla bayramla\u015ft\u0131 - Bati Ermenistan Ve Bati Ermenileri Sorunlari Ara\u015ftirmalar Merkezi","isPartOf":{"@id":"https:\/\/akunq.net\/tr\/#website"},"primaryImageOfPage":{"@id":"https:\/\/akunq.net\/tr\/?p=69251#primaryimage"},"image":{"@id":"https:\/\/akunq.net\/tr\/?p=69251#primaryimage"},"thumbnailUrl":"https:\/\/akunq.net\/tr\/wp-content\/uploads\/sites\/6\/2022\/07\/Sehir-Mezarliginda-duzenlenen-Dinler-Bulusmasi.jpg","datePublished":"2022-07-13T06:32:36+00:00","author":{"@id":"https:\/\/akunq.net\/tr\/#\/schema\/person\/096f1d38a12cce57fb855b485ed24c9e"},"breadcrumb":{"@id":"https:\/\/akunq.net\/tr\/?p=69251#breadcrumb"},"inLanguage":"en-US","potentialAction":[{"@type":"ReadAction","target":["https:\/\/akunq.net\/tr\/?p=69251"]}]},{"@type":"ImageObject","inLanguage":"en-US","@id":"https:\/\/akunq.net\/tr\/?p=69251#primaryimage","url":"https:\/\/akunq.net\/tr\/wp-content\/uploads\/sites\/6\/2022\/07\/Sehir-Mezarliginda-duzenlenen-Dinler-Bulusmasi.jpg","contentUrl":"https:\/\/akunq.net\/tr\/wp-content\/uploads\/sites\/6\/2022\/07\/Sehir-Mezarliginda-duzenlenen-Dinler-Bulusmasi.jpg","width":263,"height":192},{"@type":"BreadcrumbList","@id":"https:\/\/akunq.net\/tr\/?p=69251#breadcrumb","itemListElement":[{"@type":"ListItem","position":1,"name":"Home","item":"https:\/\/akunq.net\/tr"},{"@type":"ListItem","position":2,"name":"Din adamlar\u0131 Mersin \u015eehir Mezarl\u0131\u011f\u0131\u2019nda vatanda\u015flarla bayramla\u015ft\u0131"}]},{"@type":"WebSite","@id":"https:\/\/akunq.net\/tr\/#website","url":"https:\/\/akunq.net\/tr\/","name":"Bati Ermenistan Ve Bati Ermenileri Sorunlari Ara\u015ftirmalar Merkezi","description":"","potentialAction":[{"@type":"SearchAction","target":{"@type":"EntryPoint","urlTemplate":"https:\/\/akunq.net\/tr\/?s={search_term_string}"},"query-input":{"@type":"PropertyValueSpecification","valueRequired":true,"valueName":"search_term_string"}}],"inLanguage":"en-US"},{"@type":"Person","@id":"https:\/\/akunq.net\/tr\/#\/schema\/person\/096f1d38a12cce57fb855b485ed24c9e","name":"admin","url":"https:\/\/akunq.net\/tr\/?author=7"}]}},"_links":{"self":[{"href":"https:\/\/akunq.net\/tr\/index.php?rest_route=\/wp\/v2\/posts\/69251","targetHints":{"allow":["GET"]}}],"collection":[{"href":"https:\/\/akunq.net\/tr\/index.php?rest_route=\/wp\/v2\/posts"}],"about":[{"href":"https:\/\/akunq.net\/tr\/index.php?rest_route=\/wp\/v2\/types\/post"}],"author":[{"embeddable":true,"href":"https:\/\/akunq.net\/tr\/index.php?rest_route=\/wp\/v2\/users\/7"}],"replies":[{"embeddable":true,"href":"https:\/\/akunq.net\/tr\/index.php?rest_route=%2Fwp%2Fv2%2Fcomments&post=69251"}],"version-history":[{"count":1,"href":"https:\/\/akunq.net\/tr\/index.php?rest_route=\/wp\/v2\/posts\/69251\/revisions"}],"predecessor-version":[{"id":69253,"href":"https:\/\/akunq.net\/tr\/index.php?rest_route=\/wp\/v2\/posts\/69251\/revisions\/69253"}],"wp:featuredmedia":[{"embeddable":true,"href":"https:\/\/akunq.net\/tr\/index.php?rest_route=\/wp\/v2\/media\/69252"}],"wp:attachment":[{"href":"https:\/\/akunq.net\/tr\/index.php?rest_route=%2Fwp%2Fv2%2Fmedia&parent=69251"}],"wp:term":[{"taxonomy":"category","embeddable":true,"href":"https:\/\/akunq.net\/tr\/index.php?rest_route=%2Fwp%2Fv2%2Fcategories&post=69251"},{"taxonomy":"post_tag","embeddable":true,"href":"https:\/\/akunq.net\/tr\/index.php?rest_route=%2Fwp%2Fv2%2Ftags&post=69251"}],"curies":[{"name":"wp","href":"https:\/\/api.w.org\/{rel}","templated":true}]}}