{"id":69238,"date":"2022-07-12T02:56:34","date_gmt":"2022-07-12T07:56:34","guid":{"rendered":"https:\/\/akunq.net\/tr\/?p=69238"},"modified":"2022-07-12T03:25:35","modified_gmt":"2022-07-12T08:25:35","slug":"tarihi-yarimadada-yeni-kesifler-arkeloglar-osmanliya-ait-mahalle-ve-bizanslilara-ait-duvar-kalintilari-buldular","status":"publish","type":"post","link":"https:\/\/akunq.net\/tr\/?p=69238","title":{"rendered":"Tarihi yar\u0131madada yeni ke\u015fifler! Arkeloglar Osmanl\u0131ya ait mahalle ve Bizansl\u0131lara ait duvar kal\u0131nt\u0131lar\u0131 buldular"},"content":{"rendered":"<p><em><strong>\u0130stanbul Fatih\u2019te Sultanahmet meydan\u0131nda yap\u0131lan halka a\u00e7\u0131k \u015fekilde devam eden kaz\u0131larda Do\u011fu Roma \u0130mparatorlu\u011fu\u2019ndan kalan Ayasofya\u2019n\u0131n kar\u015f\u0131s\u0131nda Yerebatan Sarn\u0131c\u0131\u2019n\u0131n hemen yan\u0131nda yer alan ve d\u00fcnyan\u0131n s\u0131f\u0131r noktas\u0131 kabul edilen Milyon Ta\u015f\u0131 ve \u00e7evresinde yeni kal\u0131nt\u0131lar bulundu. Yap\u0131lan arkeolojik kaz\u0131lar s\u0131ras\u0131nda Osmanl\u0131\u2019da mahalle oldu\u011fu d\u00fc\u015f\u00fcn\u00fclen yap\u0131 kal\u0131nt\u0131lar\u0131 ve Bizans d\u00f6nemine ait duvarlar bulundu.<\/strong><\/em><\/p>\n<p><strong>MUSTAFA KAYA<\/strong><\/p>\n<p>Sultanahmet Meydan\u0131nda halka a\u00e7\u0131k olarak devam eden arkeolojik kaz\u0131lar s\u0131ras\u0131nda yeni tarihi kal\u0131nt\u0131lara rastland\u0131. Osmanl\u0131 Devleti d\u00f6neminde de korunan insanl\u0131k tarihinin en \u00f6nemli eserlerinden Milyon Ta\u015f\u0131 ve \u00e7evresindeki arkeolojik kaz\u0131lar \u0130BB Miras taraf\u0131ndan 2019 y\u0131l\u0131nda ba\u015flam\u0131\u015ft\u0131. O d\u00f6nemde Yerebatan Park\u0131 ve \u00e7evresinin d\u00fczenleme \u00e7al\u0131\u015fmalar\u0131 s\u0131ras\u0131nda arkeolojik kal\u0131nt\u0131lar \u00e7\u0131kmas\u0131yla geni\u015fletilen projede ilk olarak Su Terazisi\u2019ne Valens Kemeri taraf\u0131ndan gelen bir su kanal\u0131 ortaya \u00e7\u0131kar\u0131lm\u0131\u015ft\u0131.<\/p>\n<p><strong>KAZILARIN 1 YIL \u0130\u00c7ER\u0130S\u0130NDE TAMAMLANMASI HEDEFLEN\u0130YOR<\/strong><\/p>\n<p>\u015eehre su getirmek i\u00e7in Milyon Ta\u015f\u0131\u2019na ba\u011fl\u0131 yollar yap\u0131ld\u0131\u011f\u0131n\u0131 s\u00f6yleyen kaz\u0131 yetkilileri, \u201cSu kemeri ve terazisiyle \u015fehrin kuzeyinden su getiriliyor. Bu yollara ili\u015fkin de kal\u0131nt\u0131lar bulduk. Kazd\u0131k\u00e7a yeni yap\u0131 kal\u0131nt\u0131lar\u0131 bulmaya devam ediyoruz. Milyon Ta\u015f\u0131\u2019n\u0131n \u00e7evresindeki katmanda Bizans\u2019a ait kal\u0131nt\u0131lar bulduk ve etraf\u0131n\u0131 a\u00e7maya da devam ediyoruz.<\/p>\n<p>Ayr\u0131ca evlerin bah\u00e7elerindeki kuyular\u0131 da ortaya \u00e7\u0131kard\u0131k. Kal\u0131nt\u0131lara bakarsak mahallenin 15\u2019inci y\u00fczy\u0131ldan kald\u0131\u011f\u0131n\u0131 s\u00f6yleyebiliriz. Kazd\u0131k\u00e7a yap\u0131n\u0131n harc\u0131n niteli\u011finden, duvar \u00f6rg\u00fcs\u00fcnden Osmanl\u0131\u2019ya m\u0131 yoksa Bizans\u2019 a m\u0131 ait oldu\u011funu anl\u0131yoruz. Milyon Ta\u015f\u0131\u2019n\u0131n yak\u0131n\u0131nda bulunan tu\u011fla duvarlar\u0131 Bizans\u2019a ait. Ba\u015fka kaynaklarla da k\u0131yaslayabilelim diye ayn\u0131 zamanda yap\u0131lar\u0131n \u00e7izimlerini ve yaz\u0131lar\u0131n analitik \u00e7al\u0131\u015fmalar\u0131n\u0131 da yap\u0131yoruz. Buray\u0131 insanlar\u0131n da \u015fahitlik edebildi\u011fi \u015fekilde yap\u0131yoruz. O nedenle yava\u015f yava\u015f ilerlemeyi tercih ediyoruz. \u00c7al\u0131\u015fmalar\u0131n 1 sene i\u00e7inde bitece\u011fini planl\u0131yoruz tabi ki olu\u015fan yeni bulgular bunu de\u011fi\u015ftirebilir\u201d diye konu\u015ftu.<\/p>\n<hr \/>\n<p><em><strong><a href=\"https:\/\/www.sabah.com.tr\/yasam\/tarihi-yarimadada-yeni-kesifler-arkeloglar-osmanliya-ait-mahalle-ve-bizanslilara-ait-duvar-kalintilari-buldular-6071276\" target=\"_blank\" rel=\"noopener\">Sabah Gazetesi<\/a>\u00a0<\/strong><\/em><\/p>\n","protected":false},"excerpt":{"rendered":"<p>\u0130stanbul Fatih\u2019te Sultanahmet meydan\u0131nda yap\u0131lan halka a\u00e7\u0131k \u015fekilde devam eden kaz\u0131larda Do\u011fu Roma \u0130mparatorlu\u011fu\u2019ndan kalan Ayasofya\u2019n\u0131n kar\u015f\u0131s\u0131nda Yerebatan Sarn\u0131c\u0131\u2019n\u0131n hemen yan\u0131nda yer alan ve d\u00fcnyan\u0131n s\u0131f\u0131r noktas\u0131 kabul edilen Milyon Ta\u015f\u0131 ve \u00e7evresinde yeni kal\u0131nt\u0131lar bulundu. Yap\u0131lan arkeolojik kaz\u0131lar s\u0131ras\u0131nda Osmanl\u0131\u2019da mahalle oldu\u011fu d\u00fc\u015f\u00fcn\u00fclen yap\u0131 kal\u0131nt\u0131lar\u0131 ve Bizans d\u00f6nemine ait duvarlar bulundu. MUSTAFA KAYA Sultanahmet [&hellip;]<\/p>\n","protected":false},"author":7,"featured_media":0,"comment_status":"open","ping_status":"open","sticky":false,"template":"","format":"standard","meta":{"footnotes":""},"categories":[1],"tags":[],"class_list":["post-69238","post","type-post","status-publish","format-standard","hentry","category-haberler"],"yoast_head":"<!-- This site is optimized with the Yoast SEO plugin v27.4 - https:\/\/yoast.com\/product\/yoast-seo-wordpress\/ -->\n<title>Tarihi yar\u0131madada yeni ke\u015fifler! Arkeloglar Osmanl\u0131ya ait mahalle ve Bizansl\u0131lara ait duvar kal\u0131nt\u0131lar\u0131 buldular - Bati Ermenistan Ve Bati Ermenileri Sorunlari Ara\u015ftirmalar Merkezi<\/title>\n<meta name=\"robots\" content=\"index, follow, max-snippet:-1, max-image-preview:large, max-video-preview:-1\" \/>\n<link rel=\"canonical\" href=\"https:\/\/akunq.net\/tr\/?p=69238\" \/>\n<meta property=\"og:locale\" content=\"en_US\" \/>\n<meta property=\"og:type\" content=\"article\" \/>\n<meta property=\"og:title\" content=\"Tarihi yar\u0131madada yeni ke\u015fifler! Arkeloglar Osmanl\u0131ya ait mahalle ve Bizansl\u0131lara ait duvar kal\u0131nt\u0131lar\u0131 buldular - Bati Ermenistan Ve Bati Ermenileri Sorunlari Ara\u015ftirmalar Merkezi\" \/>\n<meta property=\"og:description\" content=\"\u0130stanbul Fatih\u2019te Sultanahmet meydan\u0131nda yap\u0131lan halka a\u00e7\u0131k \u015fekilde devam eden kaz\u0131larda Do\u011fu Roma \u0130mparatorlu\u011fu\u2019ndan kalan Ayasofya\u2019n\u0131n kar\u015f\u0131s\u0131nda Yerebatan Sarn\u0131c\u0131\u2019n\u0131n hemen yan\u0131nda yer alan ve d\u00fcnyan\u0131n s\u0131f\u0131r noktas\u0131 kabul edilen Milyon Ta\u015f\u0131 ve \u00e7evresinde yeni kal\u0131nt\u0131lar bulundu. Yap\u0131lan arkeolojik kaz\u0131lar s\u0131ras\u0131nda Osmanl\u0131\u2019da mahalle oldu\u011fu d\u00fc\u015f\u00fcn\u00fclen yap\u0131 kal\u0131nt\u0131lar\u0131 ve Bizans d\u00f6nemine ait duvarlar bulundu. MUSTAFA KAYA Sultanahmet [&hellip;]\" \/>\n<meta property=\"og:url\" content=\"https:\/\/akunq.net\/tr\/?p=69238\" \/>\n<meta property=\"og:site_name\" content=\"Bati Ermenistan Ve Bati Ermenileri Sorunlari Ara\u015ftirmalar Merkezi\" \/>\n<meta property=\"article:published_time\" content=\"2022-07-12T07:56:34+00:00\" \/>\n<meta property=\"article:modified_time\" content=\"2022-07-12T08:25:35+00:00\" \/>\n<meta name=\"author\" content=\"admin\" \/>\n<meta name=\"twitter:card\" content=\"summary_large_image\" \/>\n<meta name=\"twitter:label1\" content=\"Written by\" \/>\n\t<meta name=\"twitter:data1\" content=\"admin\" \/>\n\t<meta name=\"twitter:label2\" content=\"Est. reading time\" \/>\n\t<meta name=\"twitter:data2\" content=\"2 minutes\" \/>\n<script type=\"application\/ld+json\" class=\"yoast-schema-graph\">{\"@context\":\"https:\\\/\\\/schema.org\",\"@graph\":[{\"@type\":\"Article\",\"@id\":\"https:\\\/\\\/akunq.net\\\/tr\\\/?p=69238#article\",\"isPartOf\":{\"@id\":\"https:\\\/\\\/akunq.net\\\/tr\\\/?p=69238\"},\"author\":{\"name\":\"admin\",\"@id\":\"https:\\\/\\\/akunq.net\\\/tr\\\/#\\\/schema\\\/person\\\/096f1d38a12cce57fb855b485ed24c9e\"},\"headline\":\"Tarihi yar\u0131madada yeni ke\u015fifler! Arkeloglar Osmanl\u0131ya ait mahalle ve Bizansl\u0131lara ait duvar kal\u0131nt\u0131lar\u0131 buldular\",\"datePublished\":\"2022-07-12T07:56:34+00:00\",\"dateModified\":\"2022-07-12T08:25:35+00:00\",\"mainEntityOfPage\":{\"@id\":\"https:\\\/\\\/akunq.net\\\/tr\\\/?p=69238\"},\"wordCount\":401,\"commentCount\":0,\"articleSection\":[\"Haberler\"],\"inLanguage\":\"en-US\",\"potentialAction\":[{\"@type\":\"CommentAction\",\"name\":\"Comment\",\"target\":[\"https:\\\/\\\/akunq.net\\\/tr\\\/?p=69238#respond\"]}]},{\"@type\":\"WebPage\",\"@id\":\"https:\\\/\\\/akunq.net\\\/tr\\\/?p=69238\",\"url\":\"https:\\\/\\\/akunq.net\\\/tr\\\/?p=69238\",\"name\":\"Tarihi yar\u0131madada yeni ke\u015fifler! Arkeloglar Osmanl\u0131ya ait mahalle ve Bizansl\u0131lara ait duvar kal\u0131nt\u0131lar\u0131 buldular - Bati Ermenistan Ve Bati Ermenileri Sorunlari Ara\u015ftirmalar Merkezi\",\"isPartOf\":{\"@id\":\"https:\\\/\\\/akunq.net\\\/tr\\\/#website\"},\"datePublished\":\"2022-07-12T07:56:34+00:00\",\"dateModified\":\"2022-07-12T08:25:35+00:00\",\"author\":{\"@id\":\"https:\\\/\\\/akunq.net\\\/tr\\\/#\\\/schema\\\/person\\\/096f1d38a12cce57fb855b485ed24c9e\"},\"breadcrumb\":{\"@id\":\"https:\\\/\\\/akunq.net\\\/tr\\\/?p=69238#breadcrumb\"},\"inLanguage\":\"en-US\",\"potentialAction\":[{\"@type\":\"ReadAction\",\"target\":[\"https:\\\/\\\/akunq.net\\\/tr\\\/?p=69238\"]}]},{\"@type\":\"BreadcrumbList\",\"@id\":\"https:\\\/\\\/akunq.net\\\/tr\\\/?p=69238#breadcrumb\",\"itemListElement\":[{\"@type\":\"ListItem\",\"position\":1,\"name\":\"Home\",\"item\":\"https:\\\/\\\/akunq.net\\\/tr\"},{\"@type\":\"ListItem\",\"position\":2,\"name\":\"Tarihi yar\u0131madada yeni ke\u015fifler! Arkeloglar Osmanl\u0131ya ait mahalle ve Bizansl\u0131lara ait duvar kal\u0131nt\u0131lar\u0131 buldular\"}]},{\"@type\":\"WebSite\",\"@id\":\"https:\\\/\\\/akunq.net\\\/tr\\\/#website\",\"url\":\"https:\\\/\\\/akunq.net\\\/tr\\\/\",\"name\":\"Bati Ermenistan Ve Bati Ermenileri Sorunlari Ara\u015ftirmalar Merkezi\",\"description\":\"\",\"potentialAction\":[{\"@type\":\"SearchAction\",\"target\":{\"@type\":\"EntryPoint\",\"urlTemplate\":\"https:\\\/\\\/akunq.net\\\/tr\\\/?s={search_term_string}\"},\"query-input\":{\"@type\":\"PropertyValueSpecification\",\"valueRequired\":true,\"valueName\":\"search_term_string\"}}],\"inLanguage\":\"en-US\"},{\"@type\":\"Person\",\"@id\":\"https:\\\/\\\/akunq.net\\\/tr\\\/#\\\/schema\\\/person\\\/096f1d38a12cce57fb855b485ed24c9e\",\"name\":\"admin\",\"url\":\"https:\\\/\\\/akunq.net\\\/tr\\\/?author=7\"}]}<\/script>\n<!-- \/ Yoast SEO plugin. -->","yoast_head_json":{"title":"Tarihi yar\u0131madada yeni ke\u015fifler! Arkeloglar Osmanl\u0131ya ait mahalle ve Bizansl\u0131lara ait duvar kal\u0131nt\u0131lar\u0131 buldular - Bati Ermenistan Ve Bati Ermenileri Sorunlari Ara\u015ftirmalar Merkezi","robots":{"index":"index","follow":"follow","max-snippet":"max-snippet:-1","max-image-preview":"max-image-preview:large","max-video-preview":"max-video-preview:-1"},"canonical":"https:\/\/akunq.net\/tr\/?p=69238","og_locale":"en_US","og_type":"article","og_title":"Tarihi yar\u0131madada yeni ke\u015fifler! Arkeloglar Osmanl\u0131ya ait mahalle ve Bizansl\u0131lara ait duvar kal\u0131nt\u0131lar\u0131 buldular - Bati Ermenistan Ve Bati Ermenileri Sorunlari Ara\u015ftirmalar Merkezi","og_description":"\u0130stanbul Fatih\u2019te Sultanahmet meydan\u0131nda yap\u0131lan halka a\u00e7\u0131k \u015fekilde devam eden kaz\u0131larda Do\u011fu Roma \u0130mparatorlu\u011fu\u2019ndan kalan Ayasofya\u2019n\u0131n kar\u015f\u0131s\u0131nda Yerebatan Sarn\u0131c\u0131\u2019n\u0131n hemen yan\u0131nda yer alan ve d\u00fcnyan\u0131n s\u0131f\u0131r noktas\u0131 kabul edilen Milyon Ta\u015f\u0131 ve \u00e7evresinde yeni kal\u0131nt\u0131lar bulundu. Yap\u0131lan arkeolojik kaz\u0131lar s\u0131ras\u0131nda Osmanl\u0131\u2019da mahalle oldu\u011fu d\u00fc\u015f\u00fcn\u00fclen yap\u0131 kal\u0131nt\u0131lar\u0131 ve Bizans d\u00f6nemine ait duvarlar bulundu. MUSTAFA KAYA Sultanahmet [&hellip;]","og_url":"https:\/\/akunq.net\/tr\/?p=69238","og_site_name":"Bati Ermenistan Ve Bati Ermenileri Sorunlari Ara\u015ftirmalar Merkezi","article_published_time":"2022-07-12T07:56:34+00:00","article_modified_time":"2022-07-12T08:25:35+00:00","author":"admin","twitter_card":"summary_large_image","twitter_misc":{"Written by":"admin","Est. reading time":"2 minutes"},"schema":{"@context":"https:\/\/schema.org","@graph":[{"@type":"Article","@id":"https:\/\/akunq.net\/tr\/?p=69238#article","isPartOf":{"@id":"https:\/\/akunq.net\/tr\/?p=69238"},"author":{"name":"admin","@id":"https:\/\/akunq.net\/tr\/#\/schema\/person\/096f1d38a12cce57fb855b485ed24c9e"},"headline":"Tarihi yar\u0131madada yeni ke\u015fifler! Arkeloglar Osmanl\u0131ya ait mahalle ve Bizansl\u0131lara ait duvar kal\u0131nt\u0131lar\u0131 buldular","datePublished":"2022-07-12T07:56:34+00:00","dateModified":"2022-07-12T08:25:35+00:00","mainEntityOfPage":{"@id":"https:\/\/akunq.net\/tr\/?p=69238"},"wordCount":401,"commentCount":0,"articleSection":["Haberler"],"inLanguage":"en-US","potentialAction":[{"@type":"CommentAction","name":"Comment","target":["https:\/\/akunq.net\/tr\/?p=69238#respond"]}]},{"@type":"WebPage","@id":"https:\/\/akunq.net\/tr\/?p=69238","url":"https:\/\/akunq.net\/tr\/?p=69238","name":"Tarihi yar\u0131madada yeni ke\u015fifler! Arkeloglar Osmanl\u0131ya ait mahalle ve Bizansl\u0131lara ait duvar kal\u0131nt\u0131lar\u0131 buldular - Bati Ermenistan Ve Bati Ermenileri Sorunlari Ara\u015ftirmalar Merkezi","isPartOf":{"@id":"https:\/\/akunq.net\/tr\/#website"},"datePublished":"2022-07-12T07:56:34+00:00","dateModified":"2022-07-12T08:25:35+00:00","author":{"@id":"https:\/\/akunq.net\/tr\/#\/schema\/person\/096f1d38a12cce57fb855b485ed24c9e"},"breadcrumb":{"@id":"https:\/\/akunq.net\/tr\/?p=69238#breadcrumb"},"inLanguage":"en-US","potentialAction":[{"@type":"ReadAction","target":["https:\/\/akunq.net\/tr\/?p=69238"]}]},{"@type":"BreadcrumbList","@id":"https:\/\/akunq.net\/tr\/?p=69238#breadcrumb","itemListElement":[{"@type":"ListItem","position":1,"name":"Home","item":"https:\/\/akunq.net\/tr"},{"@type":"ListItem","position":2,"name":"Tarihi yar\u0131madada yeni ke\u015fifler! Arkeloglar Osmanl\u0131ya ait mahalle ve Bizansl\u0131lara ait duvar kal\u0131nt\u0131lar\u0131 buldular"}]},{"@type":"WebSite","@id":"https:\/\/akunq.net\/tr\/#website","url":"https:\/\/akunq.net\/tr\/","name":"Bati Ermenistan Ve Bati Ermenileri Sorunlari Ara\u015ftirmalar Merkezi","description":"","potentialAction":[{"@type":"SearchAction","target":{"@type":"EntryPoint","urlTemplate":"https:\/\/akunq.net\/tr\/?s={search_term_string}"},"query-input":{"@type":"PropertyValueSpecification","valueRequired":true,"valueName":"search_term_string"}}],"inLanguage":"en-US"},{"@type":"Person","@id":"https:\/\/akunq.net\/tr\/#\/schema\/person\/096f1d38a12cce57fb855b485ed24c9e","name":"admin","url":"https:\/\/akunq.net\/tr\/?author=7"}]}},"_links":{"self":[{"href":"https:\/\/akunq.net\/tr\/index.php?rest_route=\/wp\/v2\/posts\/69238","targetHints":{"allow":["GET"]}}],"collection":[{"href":"https:\/\/akunq.net\/tr\/index.php?rest_route=\/wp\/v2\/posts"}],"about":[{"href":"https:\/\/akunq.net\/tr\/index.php?rest_route=\/wp\/v2\/types\/post"}],"author":[{"embeddable":true,"href":"https:\/\/akunq.net\/tr\/index.php?rest_route=\/wp\/v2\/users\/7"}],"replies":[{"embeddable":true,"href":"https:\/\/akunq.net\/tr\/index.php?rest_route=%2Fwp%2Fv2%2Fcomments&post=69238"}],"version-history":[{"count":2,"href":"https:\/\/akunq.net\/tr\/index.php?rest_route=\/wp\/v2\/posts\/69238\/revisions"}],"predecessor-version":[{"id":69241,"href":"https:\/\/akunq.net\/tr\/index.php?rest_route=\/wp\/v2\/posts\/69238\/revisions\/69241"}],"wp:attachment":[{"href":"https:\/\/akunq.net\/tr\/index.php?rest_route=%2Fwp%2Fv2%2Fmedia&parent=69238"}],"wp:term":[{"taxonomy":"category","embeddable":true,"href":"https:\/\/akunq.net\/tr\/index.php?rest_route=%2Fwp%2Fv2%2Fcategories&post=69238"},{"taxonomy":"post_tag","embeddable":true,"href":"https:\/\/akunq.net\/tr\/index.php?rest_route=%2Fwp%2Fv2%2Ftags&post=69238"}],"curies":[{"name":"wp","href":"https:\/\/api.w.org\/{rel}","templated":true}]}}