{"id":69216,"date":"2022-07-08T04:47:28","date_gmt":"2022-07-08T09:47:28","guid":{"rendered":"https:\/\/akunq.net\/tr\/?p=69216"},"modified":"2022-07-08T04:47:28","modified_gmt":"2022-07-08T09:47:28","slug":"tarihi-su-kemerini-tahrip-edip-uzerine-kovan-koydular","status":"publish","type":"post","link":"https:\/\/akunq.net\/tr\/?p=69216","title":{"rendered":"Tarihi su kemerini tahrip edip, \u00fczerine \u2018kovan\u2019 koydular"},"content":{"rendered":"<p><img loading=\"lazy\" decoding=\"async\" class=\"aligncenter size-medium wp-image-69217\" src=\"https:\/\/akunq.net\/tr\/wp-content\/uploads\/2022\/07\/Tarihi-su-kemeri-360x270.jpg\" alt=\"\" width=\"360\" height=\"270\" srcset=\"https:\/\/akunq.net\/tr\/wp-content\/uploads\/sites\/6\/2022\/07\/Tarihi-su-kemeri-360x270.jpg 360w, https:\/\/akunq.net\/tr\/wp-content\/uploads\/sites\/6\/2022\/07\/Tarihi-su-kemeri-768x576.jpg 768w, https:\/\/akunq.net\/tr\/wp-content\/uploads\/sites\/6\/2022\/07\/Tarihi-su-kemeri-1536x1152.jpg 1536w, https:\/\/akunq.net\/tr\/wp-content\/uploads\/sites\/6\/2022\/07\/Tarihi-su-kemeri-2048x1536.jpg 2048w, https:\/\/akunq.net\/tr\/wp-content\/uploads\/sites\/6\/2022\/07\/Tarihi-su-kemeri-560x420.jpg 560w, https:\/\/akunq.net\/tr\/wp-content\/uploads\/sites\/6\/2022\/07\/Tarihi-su-kemeri-260x195.jpg 260w, https:\/\/akunq.net\/tr\/wp-content\/uploads\/sites\/6\/2022\/07\/Tarihi-su-kemeri-160x120.jpg 160w\" sizes=\"auto, (max-width: 360px) 100vw, 360px\" \/><\/p>\n<p><em><strong>Kocaeli\u2019nin \u0130zmit il\u00e7esinde, Roma d\u00f6neminde yap\u0131lan su kemerine 30 kovan dizen ar\u0131c\u0131lar, yap\u0131ya hasar verdi. Tarihi yap\u0131n\u0131n ta\u015flar\u0131n\u0131n s\u00f6k\u00fcl\u00fcp, kovanlar\u0131n da desteklemesi i\u00e7in kullan\u0131ld\u0131\u011f\u0131 g\u00f6r\u00fcld\u00fc.<\/strong><\/em><\/p>\n<p>\u0130zmit\u2019in \u00dc\u00e7tepeler mevkisine, milattan sonra 2\u2019nci y\u00fczy\u0131lda, Roma \u0130mparatoru Trajan d\u00f6neminde Nikomedya Valisi Plinius\u2019un yapt\u0131rd\u0131\u011f\u0131 su kemeri, Bizans ve Osmanl\u0131 d\u00f6neminde de kullan\u0131ld\u0131.<\/p>\n<p><strong>\u00dcST KISMINA KOVAN D\u0130ZD\u0130LER<\/strong><\/p>\n<p>Zamana ve mevsimsel \u015fartlara ba\u011fl\u0131 bir b\u00f6l\u00fcm\u00fc y\u0131k\u0131lan, 50 metre uzunlu\u011funda ve 15 metre y\u00fcksekli\u011findeki su kemerinin \u00fcst k\u0131sm\u0131na ar\u0131c\u0131lar, 30 kovan dizdi.<\/p>\n<p>Kovanlar\u0131n yerle\u015ftirilmesi s\u0131ras\u0131nda tarihi yap\u0131n\u0131n tahrip edildi\u011fi fark edildi. Yap\u0131n\u0131n ta\u015flar\u0131n\u0131n s\u00f6k\u00fcl\u00fcp, kovanlar\u0131n da desteklemesi i\u00e7in kullan\u0131ld\u0131\u011f\u0131 g\u00f6r\u00fcld\u00fc.<\/p>\n<p><strong>TA\u015eLARLA SA\u011eLAMLA\u015eTIRMI\u015eLAR<\/strong><\/p>\n<p>Hem alt\u0131na hem de \u00fczerine konulan tarihi ta\u015flar ile kovanlar\u0131n sa\u011flamla\u015ft\u0131r\u0131ld\u0131\u011f\u0131 g\u00f6zlendi. Yabani hayvanlar ile insanlardan kovanlar\u0131 korumak i\u00e7in tarihi yap\u0131n\u0131n kullan\u0131ld\u0131\u011f\u0131 d\u00fc\u015f\u00fcn\u00fcl\u00fcyor.<\/p>\n<hr \/>\n<p><em><strong><a href=\"https:\/\/www.cumhuriyet.com.tr\/turkiye\/tarihi-su-kemerini-tahrip-edip-uzerine-kovan-koydular-1954692\" target=\"_blank\" rel=\"noopener\">Cumhuriyet Gazetesi<\/a>\u00a0<\/strong><\/em><\/p>\n","protected":false},"excerpt":{"rendered":"<p>Kocaeli\u2019nin \u0130zmit il\u00e7esinde, Roma d\u00f6neminde yap\u0131lan su kemerine 30 kovan dizen ar\u0131c\u0131lar, yap\u0131ya hasar verdi. Tarihi yap\u0131n\u0131n ta\u015flar\u0131n\u0131n s\u00f6k\u00fcl\u00fcp, kovanlar\u0131n da desteklemesi i\u00e7in kullan\u0131ld\u0131\u011f\u0131 g\u00f6r\u00fcld\u00fc. \u0130zmit\u2019in \u00dc\u00e7tepeler mevkisine, milattan sonra 2\u2019nci y\u00fczy\u0131lda, Roma \u0130mparatoru Trajan d\u00f6neminde Nikomedya Valisi Plinius\u2019un yapt\u0131rd\u0131\u011f\u0131 su kemeri, Bizans ve Osmanl\u0131 d\u00f6neminde de kullan\u0131ld\u0131. \u00dcST KISMINA KOVAN D\u0130ZD\u0130LER Zamana ve mevsimsel [&hellip;]<\/p>\n","protected":false},"author":7,"featured_media":69217,"comment_status":"open","ping_status":"open","sticky":false,"template":"","format":"standard","meta":{"footnotes":""},"categories":[1],"tags":[],"class_list":["post-69216","post","type-post","status-publish","format-standard","has-post-thumbnail","hentry","category-haberler"],"yoast_head":"<!-- This site is optimized with the Yoast SEO plugin v27.4 - https:\/\/yoast.com\/product\/yoast-seo-wordpress\/ -->\n<title>Tarihi su kemerini tahrip edip, \u00fczerine \u2018kovan\u2019 koydular - Bati Ermenistan Ve Bati Ermenileri Sorunlari Ara\u015ftirmalar Merkezi<\/title>\n<meta name=\"robots\" content=\"index, follow, max-snippet:-1, max-image-preview:large, max-video-preview:-1\" \/>\n<link rel=\"canonical\" href=\"https:\/\/akunq.net\/tr\/?p=69216\" \/>\n<meta property=\"og:locale\" content=\"en_US\" \/>\n<meta property=\"og:type\" content=\"article\" \/>\n<meta property=\"og:title\" content=\"Tarihi su kemerini tahrip edip, \u00fczerine \u2018kovan\u2019 koydular - Bati Ermenistan Ve Bati Ermenileri Sorunlari Ara\u015ftirmalar Merkezi\" \/>\n<meta property=\"og:description\" content=\"Kocaeli\u2019nin \u0130zmit il\u00e7esinde, Roma d\u00f6neminde yap\u0131lan su kemerine 30 kovan dizen ar\u0131c\u0131lar, yap\u0131ya hasar verdi. Tarihi yap\u0131n\u0131n ta\u015flar\u0131n\u0131n s\u00f6k\u00fcl\u00fcp, kovanlar\u0131n da desteklemesi i\u00e7in kullan\u0131ld\u0131\u011f\u0131 g\u00f6r\u00fcld\u00fc. \u0130zmit\u2019in \u00dc\u00e7tepeler mevkisine, milattan sonra 2\u2019nci y\u00fczy\u0131lda, Roma \u0130mparatoru Trajan d\u00f6neminde Nikomedya Valisi Plinius\u2019un yapt\u0131rd\u0131\u011f\u0131 su kemeri, Bizans ve Osmanl\u0131 d\u00f6neminde de kullan\u0131ld\u0131. \u00dcST KISMINA KOVAN D\u0130ZD\u0130LER Zamana ve mevsimsel [&hellip;]\" \/>\n<meta property=\"og:url\" content=\"https:\/\/akunq.net\/tr\/?p=69216\" \/>\n<meta property=\"og:site_name\" content=\"Bati Ermenistan Ve Bati Ermenileri Sorunlari Ara\u015ftirmalar Merkezi\" \/>\n<meta property=\"article:published_time\" content=\"2022-07-08T09:47:28+00:00\" \/>\n<meta property=\"og:image\" content=\"https:\/\/akunq.net\/tr\/wp-content\/uploads\/sites\/6\/2022\/07\/Tarihi-su-kemeri-scaled.jpg\" \/>\n\t<meta property=\"og:image:width\" content=\"2560\" \/>\n\t<meta property=\"og:image:height\" content=\"1920\" \/>\n\t<meta property=\"og:image:type\" content=\"image\/jpeg\" \/>\n<meta name=\"author\" content=\"admin\" \/>\n<meta name=\"twitter:card\" content=\"summary_large_image\" \/>\n<meta name=\"twitter:label1\" content=\"Written by\" \/>\n\t<meta name=\"twitter:data1\" content=\"admin\" \/>\n\t<meta name=\"twitter:label2\" content=\"Est. reading time\" \/>\n\t<meta name=\"twitter:data2\" content=\"1 minute\" \/>\n<script type=\"application\/ld+json\" class=\"yoast-schema-graph\">{\"@context\":\"https:\\\/\\\/schema.org\",\"@graph\":[{\"@type\":\"Article\",\"@id\":\"https:\\\/\\\/akunq.net\\\/tr\\\/?p=69216#article\",\"isPartOf\":{\"@id\":\"https:\\\/\\\/akunq.net\\\/tr\\\/?p=69216\"},\"author\":{\"name\":\"admin\",\"@id\":\"https:\\\/\\\/akunq.net\\\/tr\\\/#\\\/schema\\\/person\\\/096f1d38a12cce57fb855b485ed24c9e\"},\"headline\":\"Tarihi su kemerini tahrip edip, \u00fczerine \u2018kovan\u2019 koydular\",\"datePublished\":\"2022-07-08T09:47:28+00:00\",\"mainEntityOfPage\":{\"@id\":\"https:\\\/\\\/akunq.net\\\/tr\\\/?p=69216\"},\"wordCount\":205,\"commentCount\":0,\"image\":{\"@id\":\"https:\\\/\\\/akunq.net\\\/tr\\\/?p=69216#primaryimage\"},\"thumbnailUrl\":\"https:\\\/\\\/akunq.net\\\/tr\\\/wp-content\\\/uploads\\\/sites\\\/6\\\/2022\\\/07\\\/Tarihi-su-kemeri-scaled.jpg\",\"articleSection\":[\"Haberler\"],\"inLanguage\":\"en-US\",\"potentialAction\":[{\"@type\":\"CommentAction\",\"name\":\"Comment\",\"target\":[\"https:\\\/\\\/akunq.net\\\/tr\\\/?p=69216#respond\"]}]},{\"@type\":\"WebPage\",\"@id\":\"https:\\\/\\\/akunq.net\\\/tr\\\/?p=69216\",\"url\":\"https:\\\/\\\/akunq.net\\\/tr\\\/?p=69216\",\"name\":\"Tarihi su kemerini tahrip edip, \u00fczerine \u2018kovan\u2019 koydular - Bati Ermenistan Ve Bati Ermenileri Sorunlari Ara\u015ftirmalar Merkezi\",\"isPartOf\":{\"@id\":\"https:\\\/\\\/akunq.net\\\/tr\\\/#website\"},\"primaryImageOfPage\":{\"@id\":\"https:\\\/\\\/akunq.net\\\/tr\\\/?p=69216#primaryimage\"},\"image\":{\"@id\":\"https:\\\/\\\/akunq.net\\\/tr\\\/?p=69216#primaryimage\"},\"thumbnailUrl\":\"https:\\\/\\\/akunq.net\\\/tr\\\/wp-content\\\/uploads\\\/sites\\\/6\\\/2022\\\/07\\\/Tarihi-su-kemeri-scaled.jpg\",\"datePublished\":\"2022-07-08T09:47:28+00:00\",\"author\":{\"@id\":\"https:\\\/\\\/akunq.net\\\/tr\\\/#\\\/schema\\\/person\\\/096f1d38a12cce57fb855b485ed24c9e\"},\"breadcrumb\":{\"@id\":\"https:\\\/\\\/akunq.net\\\/tr\\\/?p=69216#breadcrumb\"},\"inLanguage\":\"en-US\",\"potentialAction\":[{\"@type\":\"ReadAction\",\"target\":[\"https:\\\/\\\/akunq.net\\\/tr\\\/?p=69216\"]}]},{\"@type\":\"ImageObject\",\"inLanguage\":\"en-US\",\"@id\":\"https:\\\/\\\/akunq.net\\\/tr\\\/?p=69216#primaryimage\",\"url\":\"https:\\\/\\\/akunq.net\\\/tr\\\/wp-content\\\/uploads\\\/sites\\\/6\\\/2022\\\/07\\\/Tarihi-su-kemeri-scaled.jpg\",\"contentUrl\":\"https:\\\/\\\/akunq.net\\\/tr\\\/wp-content\\\/uploads\\\/sites\\\/6\\\/2022\\\/07\\\/Tarihi-su-kemeri-scaled.jpg\",\"width\":2560,\"height\":1920},{\"@type\":\"BreadcrumbList\",\"@id\":\"https:\\\/\\\/akunq.net\\\/tr\\\/?p=69216#breadcrumb\",\"itemListElement\":[{\"@type\":\"ListItem\",\"position\":1,\"name\":\"Home\",\"item\":\"https:\\\/\\\/akunq.net\\\/tr\"},{\"@type\":\"ListItem\",\"position\":2,\"name\":\"Tarihi su kemerini tahrip edip, \u00fczerine \u2018kovan\u2019 koydular\"}]},{\"@type\":\"WebSite\",\"@id\":\"https:\\\/\\\/akunq.net\\\/tr\\\/#website\",\"url\":\"https:\\\/\\\/akunq.net\\\/tr\\\/\",\"name\":\"Bati Ermenistan Ve Bati Ermenileri Sorunlari Ara\u015ftirmalar Merkezi\",\"description\":\"\",\"potentialAction\":[{\"@type\":\"SearchAction\",\"target\":{\"@type\":\"EntryPoint\",\"urlTemplate\":\"https:\\\/\\\/akunq.net\\\/tr\\\/?s={search_term_string}\"},\"query-input\":{\"@type\":\"PropertyValueSpecification\",\"valueRequired\":true,\"valueName\":\"search_term_string\"}}],\"inLanguage\":\"en-US\"},{\"@type\":\"Person\",\"@id\":\"https:\\\/\\\/akunq.net\\\/tr\\\/#\\\/schema\\\/person\\\/096f1d38a12cce57fb855b485ed24c9e\",\"name\":\"admin\",\"url\":\"https:\\\/\\\/akunq.net\\\/tr\\\/?author=7\"}]}<\/script>\n<!-- \/ Yoast SEO plugin. -->","yoast_head_json":{"title":"Tarihi su kemerini tahrip edip, \u00fczerine \u2018kovan\u2019 koydular - Bati Ermenistan Ve Bati Ermenileri Sorunlari Ara\u015ftirmalar Merkezi","robots":{"index":"index","follow":"follow","max-snippet":"max-snippet:-1","max-image-preview":"max-image-preview:large","max-video-preview":"max-video-preview:-1"},"canonical":"https:\/\/akunq.net\/tr\/?p=69216","og_locale":"en_US","og_type":"article","og_title":"Tarihi su kemerini tahrip edip, \u00fczerine \u2018kovan\u2019 koydular - Bati Ermenistan Ve Bati Ermenileri Sorunlari Ara\u015ftirmalar Merkezi","og_description":"Kocaeli\u2019nin \u0130zmit il\u00e7esinde, Roma d\u00f6neminde yap\u0131lan su kemerine 30 kovan dizen ar\u0131c\u0131lar, yap\u0131ya hasar verdi. Tarihi yap\u0131n\u0131n ta\u015flar\u0131n\u0131n s\u00f6k\u00fcl\u00fcp, kovanlar\u0131n da desteklemesi i\u00e7in kullan\u0131ld\u0131\u011f\u0131 g\u00f6r\u00fcld\u00fc. \u0130zmit\u2019in \u00dc\u00e7tepeler mevkisine, milattan sonra 2\u2019nci y\u00fczy\u0131lda, Roma \u0130mparatoru Trajan d\u00f6neminde Nikomedya Valisi Plinius\u2019un yapt\u0131rd\u0131\u011f\u0131 su kemeri, Bizans ve Osmanl\u0131 d\u00f6neminde de kullan\u0131ld\u0131. \u00dcST KISMINA KOVAN D\u0130ZD\u0130LER Zamana ve mevsimsel [&hellip;]","og_url":"https:\/\/akunq.net\/tr\/?p=69216","og_site_name":"Bati Ermenistan Ve Bati Ermenileri Sorunlari Ara\u015ftirmalar Merkezi","article_published_time":"2022-07-08T09:47:28+00:00","og_image":[{"width":2560,"height":1920,"url":"https:\/\/akunq.net\/tr\/wp-content\/uploads\/sites\/6\/2022\/07\/Tarihi-su-kemeri-scaled.jpg","type":"image\/jpeg"}],"author":"admin","twitter_card":"summary_large_image","twitter_misc":{"Written by":"admin","Est. reading time":"1 minute"},"schema":{"@context":"https:\/\/schema.org","@graph":[{"@type":"Article","@id":"https:\/\/akunq.net\/tr\/?p=69216#article","isPartOf":{"@id":"https:\/\/akunq.net\/tr\/?p=69216"},"author":{"name":"admin","@id":"https:\/\/akunq.net\/tr\/#\/schema\/person\/096f1d38a12cce57fb855b485ed24c9e"},"headline":"Tarihi su kemerini tahrip edip, \u00fczerine \u2018kovan\u2019 koydular","datePublished":"2022-07-08T09:47:28+00:00","mainEntityOfPage":{"@id":"https:\/\/akunq.net\/tr\/?p=69216"},"wordCount":205,"commentCount":0,"image":{"@id":"https:\/\/akunq.net\/tr\/?p=69216#primaryimage"},"thumbnailUrl":"https:\/\/akunq.net\/tr\/wp-content\/uploads\/sites\/6\/2022\/07\/Tarihi-su-kemeri-scaled.jpg","articleSection":["Haberler"],"inLanguage":"en-US","potentialAction":[{"@type":"CommentAction","name":"Comment","target":["https:\/\/akunq.net\/tr\/?p=69216#respond"]}]},{"@type":"WebPage","@id":"https:\/\/akunq.net\/tr\/?p=69216","url":"https:\/\/akunq.net\/tr\/?p=69216","name":"Tarihi su kemerini tahrip edip, \u00fczerine \u2018kovan\u2019 koydular - Bati Ermenistan Ve Bati Ermenileri Sorunlari Ara\u015ftirmalar Merkezi","isPartOf":{"@id":"https:\/\/akunq.net\/tr\/#website"},"primaryImageOfPage":{"@id":"https:\/\/akunq.net\/tr\/?p=69216#primaryimage"},"image":{"@id":"https:\/\/akunq.net\/tr\/?p=69216#primaryimage"},"thumbnailUrl":"https:\/\/akunq.net\/tr\/wp-content\/uploads\/sites\/6\/2022\/07\/Tarihi-su-kemeri-scaled.jpg","datePublished":"2022-07-08T09:47:28+00:00","author":{"@id":"https:\/\/akunq.net\/tr\/#\/schema\/person\/096f1d38a12cce57fb855b485ed24c9e"},"breadcrumb":{"@id":"https:\/\/akunq.net\/tr\/?p=69216#breadcrumb"},"inLanguage":"en-US","potentialAction":[{"@type":"ReadAction","target":["https:\/\/akunq.net\/tr\/?p=69216"]}]},{"@type":"ImageObject","inLanguage":"en-US","@id":"https:\/\/akunq.net\/tr\/?p=69216#primaryimage","url":"https:\/\/akunq.net\/tr\/wp-content\/uploads\/sites\/6\/2022\/07\/Tarihi-su-kemeri-scaled.jpg","contentUrl":"https:\/\/akunq.net\/tr\/wp-content\/uploads\/sites\/6\/2022\/07\/Tarihi-su-kemeri-scaled.jpg","width":2560,"height":1920},{"@type":"BreadcrumbList","@id":"https:\/\/akunq.net\/tr\/?p=69216#breadcrumb","itemListElement":[{"@type":"ListItem","position":1,"name":"Home","item":"https:\/\/akunq.net\/tr"},{"@type":"ListItem","position":2,"name":"Tarihi su kemerini tahrip edip, \u00fczerine \u2018kovan\u2019 koydular"}]},{"@type":"WebSite","@id":"https:\/\/akunq.net\/tr\/#website","url":"https:\/\/akunq.net\/tr\/","name":"Bati Ermenistan Ve Bati Ermenileri Sorunlari Ara\u015ftirmalar Merkezi","description":"","potentialAction":[{"@type":"SearchAction","target":{"@type":"EntryPoint","urlTemplate":"https:\/\/akunq.net\/tr\/?s={search_term_string}"},"query-input":{"@type":"PropertyValueSpecification","valueRequired":true,"valueName":"search_term_string"}}],"inLanguage":"en-US"},{"@type":"Person","@id":"https:\/\/akunq.net\/tr\/#\/schema\/person\/096f1d38a12cce57fb855b485ed24c9e","name":"admin","url":"https:\/\/akunq.net\/tr\/?author=7"}]}},"_links":{"self":[{"href":"https:\/\/akunq.net\/tr\/index.php?rest_route=\/wp\/v2\/posts\/69216","targetHints":{"allow":["GET"]}}],"collection":[{"href":"https:\/\/akunq.net\/tr\/index.php?rest_route=\/wp\/v2\/posts"}],"about":[{"href":"https:\/\/akunq.net\/tr\/index.php?rest_route=\/wp\/v2\/types\/post"}],"author":[{"embeddable":true,"href":"https:\/\/akunq.net\/tr\/index.php?rest_route=\/wp\/v2\/users\/7"}],"replies":[{"embeddable":true,"href":"https:\/\/akunq.net\/tr\/index.php?rest_route=%2Fwp%2Fv2%2Fcomments&post=69216"}],"version-history":[{"count":1,"href":"https:\/\/akunq.net\/tr\/index.php?rest_route=\/wp\/v2\/posts\/69216\/revisions"}],"predecessor-version":[{"id":69218,"href":"https:\/\/akunq.net\/tr\/index.php?rest_route=\/wp\/v2\/posts\/69216\/revisions\/69218"}],"wp:featuredmedia":[{"embeddable":true,"href":"https:\/\/akunq.net\/tr\/index.php?rest_route=\/wp\/v2\/media\/69217"}],"wp:attachment":[{"href":"https:\/\/akunq.net\/tr\/index.php?rest_route=%2Fwp%2Fv2%2Fmedia&parent=69216"}],"wp:term":[{"taxonomy":"category","embeddable":true,"href":"https:\/\/akunq.net\/tr\/index.php?rest_route=%2Fwp%2Fv2%2Fcategories&post=69216"},{"taxonomy":"post_tag","embeddable":true,"href":"https:\/\/akunq.net\/tr\/index.php?rest_route=%2Fwp%2Fv2%2Ftags&post=69216"}],"curies":[{"name":"wp","href":"https:\/\/api.w.org\/{rel}","templated":true}]}}