{"id":69212,"date":"2022-07-08T02:48:27","date_gmt":"2022-07-08T07:48:27","guid":{"rendered":"https:\/\/akunq.net\/tr\/?p=69212"},"modified":"2022-07-08T02:48:27","modified_gmt":"2022-07-08T07:48:27","slug":"hdpli-surucu-hanefis-kilisesinin-tarihten-silinmesine-adeta-goz-yumuluyor","status":"publish","type":"post","link":"https:\/\/akunq.net\/tr\/?p=69212","title":{"rendered":"HDP\u2019li S\u00fcr\u00fcc\u00fc: Hanefi\u015f Kilisesi\u2019nin tarihten silinmesine adeta g\u00f6z yumuluyor"},"content":{"rendered":"<p><img loading=\"lazy\" decoding=\"async\" class=\"aligncenter size-medium wp-image-69213\" src=\"https:\/\/akunq.net\/tr\/wp-content\/uploads\/2022\/07\/Hanefis-Kilisesi-360x203.jpg\" alt=\"\" width=\"360\" height=\"203\" srcset=\"https:\/\/akunq.net\/tr\/wp-content\/uploads\/sites\/6\/2022\/07\/Hanefis-Kilisesi-360x203.jpg 360w, https:\/\/akunq.net\/tr\/wp-content\/uploads\/sites\/6\/2022\/07\/Hanefis-Kilisesi-768x432.jpg 768w, https:\/\/akunq.net\/tr\/wp-content\/uploads\/sites\/6\/2022\/07\/Hanefis-Kilisesi-560x315.jpg 560w, https:\/\/akunq.net\/tr\/wp-content\/uploads\/sites\/6\/2022\/07\/Hanefis-Kilisesi-260x146.jpg 260w, https:\/\/akunq.net\/tr\/wp-content\/uploads\/sites\/6\/2022\/07\/Hanefis-Kilisesi-160x90.jpg 160w, https:\/\/akunq.net\/tr\/wp-content\/uploads\/sites\/6\/2022\/07\/Hanefis-Kilisesi.jpg 800w\" sizes=\"auto, (max-width: 360px) 100vw, 360px\" \/><\/p>\n<p><em><strong>HDP Milletvekili Ay\u015fe S\u00fcr\u00fcc\u00fc, Urfa\u2019n\u0131n Viran\u015fehir il\u00e7esindeki Hanefi\u015f Kilisesi\u2019nin tarihten silinmesine g\u00f6z yumuldu\u011funu s\u00f6yledi.<\/strong><\/em><\/p>\n<p>DUVAR \u2013 HDP Milletvekili Ay\u015fe S\u00fcr\u00fcc\u00fc, Meclis\u2019te d\u00fczenledi\u011fi bas\u0131n toplant\u0131s\u0131nda, se\u00e7im b\u00f6lgesi Urfa\u2019n\u0131n sahip oldu\u011fu tarihi yap\u0131lar\u0131yla turizm kenti oldu\u011funu ancak bu \u00f6zelli\u011finin yeterince yans\u0131t\u0131lamad\u0131\u011f\u0131n\u0131 s\u00f6yledi.<\/p>\n<p>K\u00fclt\u00fcr ve Turizm Bakanl\u0131\u011f\u0131\u2019n\u0131n, kentte bulunan baz\u0131 tarihi yap\u0131lar\u0131 kaderine terk etti\u011fini ileri s\u00fcren S\u00fcr\u00fcc\u00fc, bunlar\u0131n ba\u015f\u0131nda Viran\u015fehir\u2019deki Hanefi\u015f Kilisesi\u2019nin gedi\u011fini, \u2018d\u00fcnyan\u0131n ilk kilisesi\u2019 olarak bilinen yap\u0131n\u0131n bak\u0131ms\u0131zl\u0131ktan metruk durumda oldu\u011funu \u00f6ne s\u00fcrd\u00fc.<\/p>\n<p>AA\u2019daki habere g\u00f6re bakanl\u0131\u011f\u0131n turizme a\u00e7mad\u0131\u011f\u0131 alan\u0131n, tarihten silinmek \u00fczere oldu\u011funu s\u00f6yleyen S\u00fcr\u00fcc\u00fc, \u201cHanefi\u015f Kilisesi, g\u00fcne\u015fe tapan \u015eemsilere, Ezidilere, H\u0131ristiyanlara ve M\u00fcsl\u00fcmanlara ev sahipli\u011fi yapm\u0131\u015ft\u0131r. Dinler tarihine \u0131\u015f\u0131k tutabilecek niteli\u011fe sahip olan bu k\u0131ymetli alan\u0131n ara\u015ft\u0131rmac\u0131lara a\u00e7\u0131lmas\u0131 gerekmektedir. D\u00fcnya k\u00fclt\u00fcr miras\u0131na kazand\u0131r\u0131lmas\u0131 gereken Hanefi\u015f Kilisesi\u2019nin tarihten silinmesine adeta g\u00f6z yumuluyor. Viran\u015fehir\u2019de bulunan tarihi zenginli\u011fi hen\u00fcz \u00f6l\u00e7\u00fclememi\u015f Hanefi\u015f Kilisesi\u2019ne neden gereken \u00f6zen g\u00f6sterilmiyor? Yetkilileri sorumlulu\u011funu yerine getirmeye ve gerekli ad\u0131mlar\u0131 atmaya \u00e7a\u011f\u0131r\u0131yoruz\u201d dedi. (HABER MERKEZ\u0130)<\/p>\n<hr \/>\n<p><em><strong><a href=\"https:\/\/www.gazeteduvar.com.tr\/hdpli-surucu-hanefis-kilisesinin-tarihten-silinmesine-adeta-goz-yumuluyor-haber-1572183\" target=\"_blank\" rel=\"noopener\">Gazete Duvar<\/a>\u00a0<\/strong><\/em><\/p>\n","protected":false},"excerpt":{"rendered":"<p>HDP Milletvekili Ay\u015fe S\u00fcr\u00fcc\u00fc, Urfa\u2019n\u0131n Viran\u015fehir il\u00e7esindeki Hanefi\u015f Kilisesi\u2019nin tarihten silinmesine g\u00f6z yumuldu\u011funu s\u00f6yledi. DUVAR \u2013 HDP Milletvekili Ay\u015fe S\u00fcr\u00fcc\u00fc, Meclis\u2019te d\u00fczenledi\u011fi bas\u0131n toplant\u0131s\u0131nda, se\u00e7im b\u00f6lgesi Urfa\u2019n\u0131n sahip oldu\u011fu tarihi yap\u0131lar\u0131yla turizm kenti oldu\u011funu ancak bu \u00f6zelli\u011finin yeterince yans\u0131t\u0131lamad\u0131\u011f\u0131n\u0131 s\u00f6yledi. K\u00fclt\u00fcr ve Turizm Bakanl\u0131\u011f\u0131\u2019n\u0131n, kentte bulunan baz\u0131 tarihi yap\u0131lar\u0131 kaderine terk etti\u011fini ileri s\u00fcren S\u00fcr\u00fcc\u00fc, [&hellip;]<\/p>\n","protected":false},"author":7,"featured_media":69213,"comment_status":"open","ping_status":"open","sticky":false,"template":"","format":"standard","meta":{"footnotes":""},"categories":[1],"tags":[],"class_list":["post-69212","post","type-post","status-publish","format-standard","has-post-thumbnail","hentry","category-haberler"],"yoast_head":"<!-- This site is optimized with the Yoast SEO plugin v27.4 - https:\/\/yoast.com\/product\/yoast-seo-wordpress\/ -->\n<title>HDP\u2019li S\u00fcr\u00fcc\u00fc: Hanefi\u015f Kilisesi\u2019nin tarihten silinmesine adeta g\u00f6z yumuluyor - Bati Ermenistan Ve Bati Ermenileri Sorunlari Ara\u015ftirmalar Merkezi<\/title>\n<meta name=\"robots\" content=\"index, follow, max-snippet:-1, max-image-preview:large, max-video-preview:-1\" \/>\n<link rel=\"canonical\" href=\"https:\/\/akunq.net\/tr\/?p=69212\" \/>\n<meta property=\"og:locale\" content=\"en_US\" \/>\n<meta property=\"og:type\" content=\"article\" \/>\n<meta property=\"og:title\" content=\"HDP\u2019li S\u00fcr\u00fcc\u00fc: Hanefi\u015f Kilisesi\u2019nin tarihten silinmesine adeta g\u00f6z yumuluyor - Bati Ermenistan Ve Bati Ermenileri Sorunlari Ara\u015ftirmalar Merkezi\" \/>\n<meta property=\"og:description\" content=\"HDP Milletvekili Ay\u015fe S\u00fcr\u00fcc\u00fc, Urfa\u2019n\u0131n Viran\u015fehir il\u00e7esindeki Hanefi\u015f Kilisesi\u2019nin tarihten silinmesine g\u00f6z yumuldu\u011funu s\u00f6yledi. DUVAR \u2013 HDP Milletvekili Ay\u015fe S\u00fcr\u00fcc\u00fc, Meclis\u2019te d\u00fczenledi\u011fi bas\u0131n toplant\u0131s\u0131nda, se\u00e7im b\u00f6lgesi Urfa\u2019n\u0131n sahip oldu\u011fu tarihi yap\u0131lar\u0131yla turizm kenti oldu\u011funu ancak bu \u00f6zelli\u011finin yeterince yans\u0131t\u0131lamad\u0131\u011f\u0131n\u0131 s\u00f6yledi. K\u00fclt\u00fcr ve Turizm Bakanl\u0131\u011f\u0131\u2019n\u0131n, kentte bulunan baz\u0131 tarihi yap\u0131lar\u0131 kaderine terk etti\u011fini ileri s\u00fcren S\u00fcr\u00fcc\u00fc, [&hellip;]\" \/>\n<meta property=\"og:url\" content=\"https:\/\/akunq.net\/tr\/?p=69212\" \/>\n<meta property=\"og:site_name\" content=\"Bati Ermenistan Ve Bati Ermenileri Sorunlari Ara\u015ftirmalar Merkezi\" \/>\n<meta property=\"article:published_time\" content=\"2022-07-08T07:48:27+00:00\" \/>\n<meta property=\"og:image\" content=\"https:\/\/akunq.net\/tr\/wp-content\/uploads\/sites\/6\/2022\/07\/Hanefis-Kilisesi.jpg\" \/>\n\t<meta property=\"og:image:width\" content=\"800\" \/>\n\t<meta property=\"og:image:height\" content=\"450\" \/>\n\t<meta property=\"og:image:type\" content=\"image\/jpeg\" \/>\n<meta name=\"author\" content=\"admin\" \/>\n<meta name=\"twitter:card\" content=\"summary_large_image\" \/>\n<meta name=\"twitter:label1\" content=\"Written by\" \/>\n\t<meta name=\"twitter:data1\" content=\"admin\" \/>\n\t<meta name=\"twitter:label2\" content=\"Est. reading time\" \/>\n\t<meta name=\"twitter:data2\" content=\"1 minute\" \/>\n<script type=\"application\/ld+json\" class=\"yoast-schema-graph\">{\"@context\":\"https:\\\/\\\/schema.org\",\"@graph\":[{\"@type\":\"Article\",\"@id\":\"https:\\\/\\\/akunq.net\\\/tr\\\/?p=69212#article\",\"isPartOf\":{\"@id\":\"https:\\\/\\\/akunq.net\\\/tr\\\/?p=69212\"},\"author\":{\"name\":\"admin\",\"@id\":\"https:\\\/\\\/akunq.net\\\/tr\\\/#\\\/schema\\\/person\\\/096f1d38a12cce57fb855b485ed24c9e\"},\"headline\":\"HDP\u2019li S\u00fcr\u00fcc\u00fc: Hanefi\u015f Kilisesi\u2019nin tarihten silinmesine adeta g\u00f6z yumuluyor\",\"datePublished\":\"2022-07-08T07:48:27+00:00\",\"mainEntityOfPage\":{\"@id\":\"https:\\\/\\\/akunq.net\\\/tr\\\/?p=69212\"},\"wordCount\":262,\"commentCount\":0,\"image\":{\"@id\":\"https:\\\/\\\/akunq.net\\\/tr\\\/?p=69212#primaryimage\"},\"thumbnailUrl\":\"https:\\\/\\\/akunq.net\\\/tr\\\/wp-content\\\/uploads\\\/sites\\\/6\\\/2022\\\/07\\\/Hanefis-Kilisesi.jpg\",\"articleSection\":[\"Haberler\"],\"inLanguage\":\"en-US\",\"potentialAction\":[{\"@type\":\"CommentAction\",\"name\":\"Comment\",\"target\":[\"https:\\\/\\\/akunq.net\\\/tr\\\/?p=69212#respond\"]}]},{\"@type\":\"WebPage\",\"@id\":\"https:\\\/\\\/akunq.net\\\/tr\\\/?p=69212\",\"url\":\"https:\\\/\\\/akunq.net\\\/tr\\\/?p=69212\",\"name\":\"HDP\u2019li S\u00fcr\u00fcc\u00fc: Hanefi\u015f Kilisesi\u2019nin tarihten silinmesine adeta g\u00f6z yumuluyor - Bati Ermenistan Ve Bati Ermenileri Sorunlari Ara\u015ftirmalar Merkezi\",\"isPartOf\":{\"@id\":\"https:\\\/\\\/akunq.net\\\/tr\\\/#website\"},\"primaryImageOfPage\":{\"@id\":\"https:\\\/\\\/akunq.net\\\/tr\\\/?p=69212#primaryimage\"},\"image\":{\"@id\":\"https:\\\/\\\/akunq.net\\\/tr\\\/?p=69212#primaryimage\"},\"thumbnailUrl\":\"https:\\\/\\\/akunq.net\\\/tr\\\/wp-content\\\/uploads\\\/sites\\\/6\\\/2022\\\/07\\\/Hanefis-Kilisesi.jpg\",\"datePublished\":\"2022-07-08T07:48:27+00:00\",\"author\":{\"@id\":\"https:\\\/\\\/akunq.net\\\/tr\\\/#\\\/schema\\\/person\\\/096f1d38a12cce57fb855b485ed24c9e\"},\"breadcrumb\":{\"@id\":\"https:\\\/\\\/akunq.net\\\/tr\\\/?p=69212#breadcrumb\"},\"inLanguage\":\"en-US\",\"potentialAction\":[{\"@type\":\"ReadAction\",\"target\":[\"https:\\\/\\\/akunq.net\\\/tr\\\/?p=69212\"]}]},{\"@type\":\"ImageObject\",\"inLanguage\":\"en-US\",\"@id\":\"https:\\\/\\\/akunq.net\\\/tr\\\/?p=69212#primaryimage\",\"url\":\"https:\\\/\\\/akunq.net\\\/tr\\\/wp-content\\\/uploads\\\/sites\\\/6\\\/2022\\\/07\\\/Hanefis-Kilisesi.jpg\",\"contentUrl\":\"https:\\\/\\\/akunq.net\\\/tr\\\/wp-content\\\/uploads\\\/sites\\\/6\\\/2022\\\/07\\\/Hanefis-Kilisesi.jpg\",\"width\":800,\"height\":450},{\"@type\":\"BreadcrumbList\",\"@id\":\"https:\\\/\\\/akunq.net\\\/tr\\\/?p=69212#breadcrumb\",\"itemListElement\":[{\"@type\":\"ListItem\",\"position\":1,\"name\":\"Home\",\"item\":\"https:\\\/\\\/akunq.net\\\/tr\"},{\"@type\":\"ListItem\",\"position\":2,\"name\":\"HDP\u2019li S\u00fcr\u00fcc\u00fc: Hanefi\u015f Kilisesi\u2019nin tarihten silinmesine adeta g\u00f6z yumuluyor\"}]},{\"@type\":\"WebSite\",\"@id\":\"https:\\\/\\\/akunq.net\\\/tr\\\/#website\",\"url\":\"https:\\\/\\\/akunq.net\\\/tr\\\/\",\"name\":\"Bati Ermenistan Ve Bati Ermenileri Sorunlari Ara\u015ftirmalar Merkezi\",\"description\":\"\",\"potentialAction\":[{\"@type\":\"SearchAction\",\"target\":{\"@type\":\"EntryPoint\",\"urlTemplate\":\"https:\\\/\\\/akunq.net\\\/tr\\\/?s={search_term_string}\"},\"query-input\":{\"@type\":\"PropertyValueSpecification\",\"valueRequired\":true,\"valueName\":\"search_term_string\"}}],\"inLanguage\":\"en-US\"},{\"@type\":\"Person\",\"@id\":\"https:\\\/\\\/akunq.net\\\/tr\\\/#\\\/schema\\\/person\\\/096f1d38a12cce57fb855b485ed24c9e\",\"name\":\"admin\",\"url\":\"https:\\\/\\\/akunq.net\\\/tr\\\/?author=7\"}]}<\/script>\n<!-- \/ Yoast SEO plugin. -->","yoast_head_json":{"title":"HDP\u2019li S\u00fcr\u00fcc\u00fc: Hanefi\u015f Kilisesi\u2019nin tarihten silinmesine adeta g\u00f6z yumuluyor - Bati Ermenistan Ve Bati Ermenileri Sorunlari Ara\u015ftirmalar Merkezi","robots":{"index":"index","follow":"follow","max-snippet":"max-snippet:-1","max-image-preview":"max-image-preview:large","max-video-preview":"max-video-preview:-1"},"canonical":"https:\/\/akunq.net\/tr\/?p=69212","og_locale":"en_US","og_type":"article","og_title":"HDP\u2019li S\u00fcr\u00fcc\u00fc: Hanefi\u015f Kilisesi\u2019nin tarihten silinmesine adeta g\u00f6z yumuluyor - Bati Ermenistan Ve Bati Ermenileri Sorunlari Ara\u015ftirmalar Merkezi","og_description":"HDP Milletvekili Ay\u015fe S\u00fcr\u00fcc\u00fc, Urfa\u2019n\u0131n Viran\u015fehir il\u00e7esindeki Hanefi\u015f Kilisesi\u2019nin tarihten silinmesine g\u00f6z yumuldu\u011funu s\u00f6yledi. DUVAR \u2013 HDP Milletvekili Ay\u015fe S\u00fcr\u00fcc\u00fc, Meclis\u2019te d\u00fczenledi\u011fi bas\u0131n toplant\u0131s\u0131nda, se\u00e7im b\u00f6lgesi Urfa\u2019n\u0131n sahip oldu\u011fu tarihi yap\u0131lar\u0131yla turizm kenti oldu\u011funu ancak bu \u00f6zelli\u011finin yeterince yans\u0131t\u0131lamad\u0131\u011f\u0131n\u0131 s\u00f6yledi. K\u00fclt\u00fcr ve Turizm Bakanl\u0131\u011f\u0131\u2019n\u0131n, kentte bulunan baz\u0131 tarihi yap\u0131lar\u0131 kaderine terk etti\u011fini ileri s\u00fcren S\u00fcr\u00fcc\u00fc, [&hellip;]","og_url":"https:\/\/akunq.net\/tr\/?p=69212","og_site_name":"Bati Ermenistan Ve Bati Ermenileri Sorunlari Ara\u015ftirmalar Merkezi","article_published_time":"2022-07-08T07:48:27+00:00","og_image":[{"width":800,"height":450,"url":"https:\/\/akunq.net\/tr\/wp-content\/uploads\/sites\/6\/2022\/07\/Hanefis-Kilisesi.jpg","type":"image\/jpeg"}],"author":"admin","twitter_card":"summary_large_image","twitter_misc":{"Written by":"admin","Est. reading time":"1 minute"},"schema":{"@context":"https:\/\/schema.org","@graph":[{"@type":"Article","@id":"https:\/\/akunq.net\/tr\/?p=69212#article","isPartOf":{"@id":"https:\/\/akunq.net\/tr\/?p=69212"},"author":{"name":"admin","@id":"https:\/\/akunq.net\/tr\/#\/schema\/person\/096f1d38a12cce57fb855b485ed24c9e"},"headline":"HDP\u2019li S\u00fcr\u00fcc\u00fc: Hanefi\u015f Kilisesi\u2019nin tarihten silinmesine adeta g\u00f6z yumuluyor","datePublished":"2022-07-08T07:48:27+00:00","mainEntityOfPage":{"@id":"https:\/\/akunq.net\/tr\/?p=69212"},"wordCount":262,"commentCount":0,"image":{"@id":"https:\/\/akunq.net\/tr\/?p=69212#primaryimage"},"thumbnailUrl":"https:\/\/akunq.net\/tr\/wp-content\/uploads\/sites\/6\/2022\/07\/Hanefis-Kilisesi.jpg","articleSection":["Haberler"],"inLanguage":"en-US","potentialAction":[{"@type":"CommentAction","name":"Comment","target":["https:\/\/akunq.net\/tr\/?p=69212#respond"]}]},{"@type":"WebPage","@id":"https:\/\/akunq.net\/tr\/?p=69212","url":"https:\/\/akunq.net\/tr\/?p=69212","name":"HDP\u2019li S\u00fcr\u00fcc\u00fc: Hanefi\u015f Kilisesi\u2019nin tarihten silinmesine adeta g\u00f6z yumuluyor - Bati Ermenistan Ve Bati Ermenileri Sorunlari Ara\u015ftirmalar Merkezi","isPartOf":{"@id":"https:\/\/akunq.net\/tr\/#website"},"primaryImageOfPage":{"@id":"https:\/\/akunq.net\/tr\/?p=69212#primaryimage"},"image":{"@id":"https:\/\/akunq.net\/tr\/?p=69212#primaryimage"},"thumbnailUrl":"https:\/\/akunq.net\/tr\/wp-content\/uploads\/sites\/6\/2022\/07\/Hanefis-Kilisesi.jpg","datePublished":"2022-07-08T07:48:27+00:00","author":{"@id":"https:\/\/akunq.net\/tr\/#\/schema\/person\/096f1d38a12cce57fb855b485ed24c9e"},"breadcrumb":{"@id":"https:\/\/akunq.net\/tr\/?p=69212#breadcrumb"},"inLanguage":"en-US","potentialAction":[{"@type":"ReadAction","target":["https:\/\/akunq.net\/tr\/?p=69212"]}]},{"@type":"ImageObject","inLanguage":"en-US","@id":"https:\/\/akunq.net\/tr\/?p=69212#primaryimage","url":"https:\/\/akunq.net\/tr\/wp-content\/uploads\/sites\/6\/2022\/07\/Hanefis-Kilisesi.jpg","contentUrl":"https:\/\/akunq.net\/tr\/wp-content\/uploads\/sites\/6\/2022\/07\/Hanefis-Kilisesi.jpg","width":800,"height":450},{"@type":"BreadcrumbList","@id":"https:\/\/akunq.net\/tr\/?p=69212#breadcrumb","itemListElement":[{"@type":"ListItem","position":1,"name":"Home","item":"https:\/\/akunq.net\/tr"},{"@type":"ListItem","position":2,"name":"HDP\u2019li S\u00fcr\u00fcc\u00fc: Hanefi\u015f Kilisesi\u2019nin tarihten silinmesine adeta g\u00f6z yumuluyor"}]},{"@type":"WebSite","@id":"https:\/\/akunq.net\/tr\/#website","url":"https:\/\/akunq.net\/tr\/","name":"Bati Ermenistan Ve Bati Ermenileri Sorunlari Ara\u015ftirmalar Merkezi","description":"","potentialAction":[{"@type":"SearchAction","target":{"@type":"EntryPoint","urlTemplate":"https:\/\/akunq.net\/tr\/?s={search_term_string}"},"query-input":{"@type":"PropertyValueSpecification","valueRequired":true,"valueName":"search_term_string"}}],"inLanguage":"en-US"},{"@type":"Person","@id":"https:\/\/akunq.net\/tr\/#\/schema\/person\/096f1d38a12cce57fb855b485ed24c9e","name":"admin","url":"https:\/\/akunq.net\/tr\/?author=7"}]}},"_links":{"self":[{"href":"https:\/\/akunq.net\/tr\/index.php?rest_route=\/wp\/v2\/posts\/69212","targetHints":{"allow":["GET"]}}],"collection":[{"href":"https:\/\/akunq.net\/tr\/index.php?rest_route=\/wp\/v2\/posts"}],"about":[{"href":"https:\/\/akunq.net\/tr\/index.php?rest_route=\/wp\/v2\/types\/post"}],"author":[{"embeddable":true,"href":"https:\/\/akunq.net\/tr\/index.php?rest_route=\/wp\/v2\/users\/7"}],"replies":[{"embeddable":true,"href":"https:\/\/akunq.net\/tr\/index.php?rest_route=%2Fwp%2Fv2%2Fcomments&post=69212"}],"version-history":[{"count":2,"href":"https:\/\/akunq.net\/tr\/index.php?rest_route=\/wp\/v2\/posts\/69212\/revisions"}],"predecessor-version":[{"id":69215,"href":"https:\/\/akunq.net\/tr\/index.php?rest_route=\/wp\/v2\/posts\/69212\/revisions\/69215"}],"wp:featuredmedia":[{"embeddable":true,"href":"https:\/\/akunq.net\/tr\/index.php?rest_route=\/wp\/v2\/media\/69213"}],"wp:attachment":[{"href":"https:\/\/akunq.net\/tr\/index.php?rest_route=%2Fwp%2Fv2%2Fmedia&parent=69212"}],"wp:term":[{"taxonomy":"category","embeddable":true,"href":"https:\/\/akunq.net\/tr\/index.php?rest_route=%2Fwp%2Fv2%2Fcategories&post=69212"},{"taxonomy":"post_tag","embeddable":true,"href":"https:\/\/akunq.net\/tr\/index.php?rest_route=%2Fwp%2Fv2%2Ftags&post=69212"}],"curies":[{"name":"wp","href":"https:\/\/api.w.org\/{rel}","templated":true}]}}