{"id":69189,"date":"2022-07-01T04:52:07","date_gmt":"2022-07-01T09:52:07","guid":{"rendered":"https:\/\/akunq.net\/tr\/?p=69189"},"modified":"2022-07-01T04:52:07","modified_gmt":"2022-07-01T09:52:07","slug":"kent-merkezindeki-1800-yillik-yasam-alani-talan-edildi","status":"publish","type":"post","link":"https:\/\/akunq.net\/tr\/?p=69189","title":{"rendered":"Kent merkezindeki 1800 y\u0131ll\u0131k ya\u015fam alan\u0131, talan edildi"},"content":{"rendered":"<p><img loading=\"lazy\" decoding=\"async\" class=\"aligncenter size-medium wp-image-69190\" src=\"https:\/\/akunq.net\/tr\/wp-content\/uploads\/2022\/07\/Antalya-360x240.jpg\" alt=\"\" width=\"360\" height=\"240\" srcset=\"https:\/\/akunq.net\/tr\/wp-content\/uploads\/sites\/6\/2022\/07\/Antalya-360x240.jpg 360w, https:\/\/akunq.net\/tr\/wp-content\/uploads\/sites\/6\/2022\/07\/Antalya-768x512.jpg 768w, https:\/\/akunq.net\/tr\/wp-content\/uploads\/sites\/6\/2022\/07\/Antalya-560x374.jpg 560w, https:\/\/akunq.net\/tr\/wp-content\/uploads\/sites\/6\/2022\/07\/Antalya-260x173.jpg 260w, https:\/\/akunq.net\/tr\/wp-content\/uploads\/sites\/6\/2022\/07\/Antalya-160x107.jpg 160w, https:\/\/akunq.net\/tr\/wp-content\/uploads\/sites\/6\/2022\/07\/Antalya.jpg 1024w\" sizes=\"auto, (max-width: 360px) 100vw, 360px\" \/><\/p>\n<p><em><strong>Antalya\u2019n\u0131n Konyaalt\u0131 il\u00e7e merkezindeki 3\u2019\u00fcnc\u00fc y\u00fczy\u0131l Roma d\u00f6nemine tarihlenen ve 15 lahdin tespit edildi\u011fi Antalya M\u00fcze M\u00fcd\u00fcrl\u00fc\u011f\u00fc\u2019ne ba\u011fl\u0131 yerle\u015fim alan\u0131n\u0131n, uzun y\u0131llard\u0131r defineciler taraf\u0131ndan tahribata u\u011frad\u0131\u011f\u0131 ortaya \u00e7\u0131kt\u0131.<\/strong><\/em><\/p>\n<p><strong>Mehmet \u00c7INAR\/ANTALYA,(DHA)<\/strong><\/p>\n<p>Konyaalt\u0131 merkezindeki Hurma Mahallesi\u2019ne s\u0131n\u0131r \u00dcz\u00fcmcek Da\u011f\u0131\u2019n\u0131n arka taraf\u0131nda, Hac\u0131sekililer Mahallesi Domuza\u011f\u0131l\u0131 mevkinde, A\u00dc Arkeoloji B\u00f6l\u00fcm\u00fc\u2019nden Prof. Dr. Nevzat \u00c7evik taraf\u0131ndan 1993\u2019te tarihi bir yerle\u015fim alan\u0131 belirlendi. \u0130lk belgelemelerin o y\u0131llarda yap\u0131ld\u0131\u011f\u0131, 3\u2019\u00fcnc\u00fc y\u00fczy\u0131la tarihlenen k\u00f6y niteli\u011findeki yerle\u015fim alan\u0131na, uzun y\u0131llard\u0131r definecilerin b\u00fcy\u00fck zarar verdi\u011fi tespit edildi.<\/p>\n<p>B\u00f6lgede haziran ay\u0131 ba\u015flar\u0131nda A\u00dc Arkeoloji B\u00f6l\u00fcm\u00fc\u2019nden Prof. Dr. G\u00fcl I\u015f\u0131n ve \u00f6\u011frencilerinden olu\u015fan bir ekip, yeni bir belgeleme \u00e7al\u0131\u015fmas\u0131 ba\u015flatt\u0131. Daha \u00f6nceki y\u0131llarda tespit edilen d\u00f6rt ayr\u0131 \u00f6bekteki, \u00fczerlerinde \u00e7e\u015fitli betimlemelerin de oldu\u011fu 3\u2019\u00fcnc\u00fc y\u00fczy\u0131l Roma d\u00f6nemine tarihlenen 15 lahitte yeni belgeleme \u00e7al\u0131\u015fmalar\u0131 yap\u0131ld\u0131. M\u00fcze m\u00fcd\u00fcrl\u00fc\u011f\u00fc denetimindeki tarihi yerle\u015fim alan\u0131ndaki lahitlerin k\u0131r\u0131ld\u0131\u011f\u0131, par\u00e7aland\u0131\u011f\u0131 ve alan\u0131n uzun y\u0131llard\u0131r definecilerin talan\u0131 nedeniyle b\u00fcy\u00fck tahribata u\u011frad\u0131\u011f\u0131 tespit edildi. Gerekli \u00f6nlemler al\u0131nmad\u0131\u011f\u0131 i\u00e7in k\u00f6yl\u00fclerin, yerle\u015fim alan\u0131na giden yolu ta\u015flarla kapatarak, definecileri engellemeye \u00e7al\u0131\u015ft\u0131\u011f\u0131 g\u00f6r\u00fcld\u00fc.<\/p>\n<p><strong>\u2018G\u00d6ZDEN KA\u00c7MI\u015e HUSUSLARI DE\u011eERLEND\u0130RMEK \u0130STED\u0130K\u2019<\/strong><\/p>\n<p>K\u00fc\u00e7\u00fck bir k\u00f6ye benzer tarihi yerle\u015fim alan\u0131nda ilk \u00e7al\u0131\u015fmalar\u0131n 1993\u2019te Prof. Dr. Nevzat \u00c7evik taraf\u0131ndan ba\u015flat\u0131ld\u0131\u011f\u0131n\u0131 belirten I\u015f\u0131n, ard\u0131ndan 1998 ve 2011\u2019de tescil \u00e7al\u0131\u015fmalar\u0131 yap\u0131ld\u0131\u011f\u0131n\u0131 s\u00f6yledi. Alan\u0131n kurum ve kurulu\u015flar taraf\u0131ndan bilindi\u011fini, o y\u0131llarda bilim d\u00fcnyas\u0131na tan\u0131t\u0131ld\u0131\u011f\u0131n\u0131 da anlatan I\u015f\u0131n, \u201cBizim buraya gelmemizin sebebi belgelemeleri yeniden g\u00f6zden ge\u00e7irmek arzusuydu. Belgeme konusunda yeni teknolojiler geli\u015fti, \u00f6\u011frencilerimiz bu yeni belgeleme y\u00f6ntemlerinde uzmanla\u015fma arzusunda olduklar\u0131 i\u00e7in hem saha prati\u011fini art\u0131rmak, hem de bu alanla ilgili g\u00f6zden ka\u00e7m\u0131\u015f hususlar\u0131 de\u011ferlendirmek istedik\u201d diye konu\u015ftu.<\/p>\n<p><strong>\u2018AMACIMIZ KORUMA TEDB\u0130RLER\u0130YLE Z\u0130YARET\u00c7\u0130YLE BULU\u015eTURMAK\u2019<\/strong><\/p>\n<p>Lahitlerin ot temizli\u011fi yap\u0131larak g\u00f6r\u00fcn\u00fcr hale getirildi\u011fini belirten Prof. Dr. G\u00fcl I\u015f\u0131n, alanda definecilerin tahribat\u0131na ili\u015fkin \u015funlar\u0131 kaydetti:<\/p>\n<p>\u201cEski y\u0131llarda ve son d\u00f6nemlerde tahribat oldu\u011funu biz de g\u00f6zlemledi\u011fimiz i\u00e7in m\u00fczeyi haberdar ettik. M\u00fcze m\u00fcd\u00fcrl\u00fc\u011f\u00fc de jandarmay\u0131 haberdar etti. Bu tahribat\u0131 engelleyebilmek i\u00e7in uzun soluklu ve s\u00fcrekli tekrar eden kontrollerini art\u0131rd\u0131 jandarma. O noktada bir su\u00e7\u00fcst\u00fc de yap\u0131ld\u0131 a\u00e7\u0131k\u00e7as\u0131. Fakat biz \u00e7al\u0131\u015fmaya ba\u015flad\u0131\u011f\u0131m\u0131z haziran ba\u015f\u0131ndan beri kontrol alt\u0131nda. Umar\u0131z ki bundan sonra bir daha \u00f6yle \u015feyler ya\u015fanmaz. Zaten amac\u0131m\u0131z bizim bu do\u011fru ve nitelikli belgeleme sonras\u0131nda koruma tedbirlerini art\u0131rmak ve alan\u0131 belki ziyaret\u00e7iyle de bulu\u015fturma imkan\u0131 yaratmak. Nihayette merakl\u0131 \u00e7ok ki\u015fi var. Elbette bu b\u00f6lgede yan\u0131 ba\u015f\u0131nda ya\u015fayan, \u00f6rne\u011fin Hurmal\u0131lar belki g\u00f6rmek ister, ama \u00f6nce korunmas\u0131 gerekiyor alan\u0131n.\u201d<\/p>\n<p><strong>\u2018ROMA \u0130MPARATORLU\u011eU D\u00d6NEM\u0130YLE VER\u0130LER NET\u2019<\/strong><\/p>\n<p>B\u00f6lgede benzeri \u00e7ok fazla k\u00fc\u00e7\u00fck yerle\u015fim alan\u0131 oldu\u011fundan bahseden I\u015f\u0131n, \u201cBuras\u0131 sadece onlardan bir tanesi, g\u00f6zlemledi\u011fimiz kadar\u0131yla M.S. 3\u2019\u00fcnc\u00fc y\u00fczy\u0131l ba\u015flar\u0131na ait. Genellikle hemen t\u00fcm lahitlerin yap\u0131l\u0131\u015f tarihleri a\u015fa\u011f\u0131 yukar\u0131 bu s\u00fcreci g\u00f6steriyor. Hem yaz\u0131tlar hem de betimlemelerindeki \u00f6zellikler nedeniyle bu tarihi verebiliyoruz. Ayn\u0131 zamanda arkada k\u00fc\u00e7\u00fck bir yerle\u015fim alan\u0131 var. Orada da baz\u0131 mimari buluntular, bezemelerle ili\u015fkili yapt\u0131\u011f\u0131m\u0131z analizlere g\u00f6re Roma \u0130mparatorlu\u011fu d\u00f6nemiyle ili\u015fkili verilerin net oldu\u011funu s\u00f6yleyebiliriz. Lahit d\u0131\u015f\u0131nda \u00e7ok az, esas itibar\u0131yla nekropol alan\u0131, bu \u015fekilde 3-4 adet daha lahit \u00f6bekleri var. Toplamda 15 adet lahit var. Biraz daha yukar\u0131s\u0131nda bu lahit \u00f6beklerinin yap\u0131ld\u0131\u011f\u0131 ta\u015f ocaklar\u0131 var. Onlar\u0131n yap\u0131l\u0131\u015f a\u015famalar\u0131na dair fikir veren, yar\u0131m yap\u0131m kapaklar, lahitler gibi arkeologlar i\u00e7in ilgin\u00e7 veriler sunan bulgular var\u201d ifadelerini kulland\u0131.<\/p>\n<p><strong>\u2018TAR\u0130H\u0130 K\u00d6Y\u00dcN ADI B\u0130L\u0130NM\u0130YOR\u2019<\/strong><\/p>\n<p>K\u00f6y niteli\u011findeki bu yerle\u015fimin ad\u0131n\u0131 hen\u00fcz bilmediklerini a\u00e7\u0131klayan I\u015f\u0131n, s\u00f6zlerini \u015f\u00f6yle noktalad\u0131:<\/p>\n<p>\u201cYerle\u015fimin bir k\u00f6y niteli\u011fi ta\u015f\u0131d\u0131\u011f\u0131n\u0131 tahmin ediyoruz. \u00c7\u00fcnk\u00fc kamusal yap\u0131lara dair izleri hen\u00fcz yakalayamad\u0131k bu s\u00fcre\u00e7te. Ama bu yerle\u015fime at\u0131fta bulunabilecek baz\u0131 \u00e7evre illerden Attalia, Termessos, Phaselis gibi \u00e7evre kentlerin kullan\u0131m alan\u0131nda olabilen, olmas\u0131 gereken bir k\u00f6y niteli\u011finde ve baz\u0131 yaz\u0131tlarda farkl\u0131 \u00f6nermeler olabiliyor buradaki yerle\u015fmeyle ilgili. \u015eu anda onu ara\u015ft\u0131r\u0131yoruz. Biz de tam olarak bir \u015fey s\u00f6ylemekte zorlan\u0131yoruz. Ama bildi\u011fimiz kadar\u0131yla Attalia kasas\u0131na ceza \u00f6demelerinin yap\u0131ld\u0131\u011f\u0131, yani Attalia ile ba\u011flant\u0131l\u0131 bir k\u00f6y. \u015eu ana kadar ki bilgilerimiz bize bunu g\u00f6steriyor.\u201d<\/p>\n<hr \/>\n<p><em><strong><a href=\"https:\/\/www.milliyet.com.tr\/gundem\/kent-merkezindeki-1800-yillik-yasam-alani-talan-edildi-6781913\" target=\"_blank\" rel=\"noopener\">Milliyet Gazetesi<\/a>\u00a0<\/strong><\/em><\/p>\n","protected":false},"excerpt":{"rendered":"<p>Antalya\u2019n\u0131n Konyaalt\u0131 il\u00e7e merkezindeki 3\u2019\u00fcnc\u00fc y\u00fczy\u0131l Roma d\u00f6nemine tarihlenen ve 15 lahdin tespit edildi\u011fi Antalya M\u00fcze M\u00fcd\u00fcrl\u00fc\u011f\u00fc\u2019ne ba\u011fl\u0131 yerle\u015fim alan\u0131n\u0131n, uzun y\u0131llard\u0131r defineciler taraf\u0131ndan tahribata u\u011frad\u0131\u011f\u0131 ortaya \u00e7\u0131kt\u0131. Mehmet \u00c7INAR\/ANTALYA,(DHA) Konyaalt\u0131 merkezindeki Hurma Mahallesi\u2019ne s\u0131n\u0131r \u00dcz\u00fcmcek Da\u011f\u0131\u2019n\u0131n arka taraf\u0131nda, Hac\u0131sekililer Mahallesi Domuza\u011f\u0131l\u0131 mevkinde, A\u00dc Arkeoloji B\u00f6l\u00fcm\u00fc\u2019nden Prof. Dr. Nevzat \u00c7evik taraf\u0131ndan 1993\u2019te tarihi bir yerle\u015fim [&hellip;]<\/p>\n","protected":false},"author":7,"featured_media":69190,"comment_status":"open","ping_status":"open","sticky":false,"template":"","format":"standard","meta":{"footnotes":""},"categories":[1],"tags":[],"class_list":["post-69189","post","type-post","status-publish","format-standard","has-post-thumbnail","hentry","category-haberler"],"yoast_head":"<!-- This site is optimized with the Yoast SEO plugin v27.4 - https:\/\/yoast.com\/product\/yoast-seo-wordpress\/ -->\n<title>Kent merkezindeki 1800 y\u0131ll\u0131k ya\u015fam alan\u0131, talan edildi - Bati Ermenistan Ve Bati Ermenileri Sorunlari Ara\u015ftirmalar Merkezi<\/title>\n<meta name=\"robots\" content=\"index, follow, max-snippet:-1, max-image-preview:large, max-video-preview:-1\" \/>\n<link rel=\"canonical\" href=\"https:\/\/akunq.net\/tr\/?p=69189\" \/>\n<meta property=\"og:locale\" content=\"en_US\" \/>\n<meta property=\"og:type\" content=\"article\" \/>\n<meta property=\"og:title\" content=\"Kent merkezindeki 1800 y\u0131ll\u0131k ya\u015fam alan\u0131, talan edildi - Bati Ermenistan Ve Bati Ermenileri Sorunlari Ara\u015ftirmalar Merkezi\" \/>\n<meta property=\"og:description\" content=\"Antalya\u2019n\u0131n Konyaalt\u0131 il\u00e7e merkezindeki 3\u2019\u00fcnc\u00fc y\u00fczy\u0131l Roma d\u00f6nemine tarihlenen ve 15 lahdin tespit edildi\u011fi Antalya M\u00fcze M\u00fcd\u00fcrl\u00fc\u011f\u00fc\u2019ne ba\u011fl\u0131 yerle\u015fim alan\u0131n\u0131n, uzun y\u0131llard\u0131r defineciler taraf\u0131ndan tahribata u\u011frad\u0131\u011f\u0131 ortaya \u00e7\u0131kt\u0131. Mehmet \u00c7INAR\/ANTALYA,(DHA) Konyaalt\u0131 merkezindeki Hurma Mahallesi\u2019ne s\u0131n\u0131r \u00dcz\u00fcmcek Da\u011f\u0131\u2019n\u0131n arka taraf\u0131nda, Hac\u0131sekililer Mahallesi Domuza\u011f\u0131l\u0131 mevkinde, A\u00dc Arkeoloji B\u00f6l\u00fcm\u00fc\u2019nden Prof. Dr. Nevzat \u00c7evik taraf\u0131ndan 1993\u2019te tarihi bir yerle\u015fim [&hellip;]\" \/>\n<meta property=\"og:url\" content=\"https:\/\/akunq.net\/tr\/?p=69189\" \/>\n<meta property=\"og:site_name\" content=\"Bati Ermenistan Ve Bati Ermenileri Sorunlari Ara\u015ftirmalar Merkezi\" \/>\n<meta property=\"article:published_time\" content=\"2022-07-01T09:52:07+00:00\" \/>\n<meta property=\"og:image\" content=\"https:\/\/akunq.net\/tr\/wp-content\/uploads\/sites\/6\/2022\/07\/Antalya.jpg\" \/>\n\t<meta property=\"og:image:width\" content=\"1024\" \/>\n\t<meta property=\"og:image:height\" content=\"683\" \/>\n\t<meta property=\"og:image:type\" content=\"image\/jpeg\" \/>\n<meta name=\"author\" content=\"admin\" \/>\n<meta name=\"twitter:card\" content=\"summary_large_image\" \/>\n<meta name=\"twitter:label1\" content=\"Written by\" \/>\n\t<meta name=\"twitter:data1\" content=\"admin\" \/>\n\t<meta name=\"twitter:label2\" content=\"Est. reading time\" \/>\n\t<meta name=\"twitter:data2\" content=\"4 minutes\" \/>\n<script type=\"application\/ld+json\" class=\"yoast-schema-graph\">{\"@context\":\"https:\\\/\\\/schema.org\",\"@graph\":[{\"@type\":\"Article\",\"@id\":\"https:\\\/\\\/akunq.net\\\/tr\\\/?p=69189#article\",\"isPartOf\":{\"@id\":\"https:\\\/\\\/akunq.net\\\/tr\\\/?p=69189\"},\"author\":{\"name\":\"admin\",\"@id\":\"https:\\\/\\\/akunq.net\\\/tr\\\/#\\\/schema\\\/person\\\/096f1d38a12cce57fb855b485ed24c9e\"},\"headline\":\"Kent merkezindeki 1800 y\u0131ll\u0131k ya\u015fam alan\u0131, talan edildi\",\"datePublished\":\"2022-07-01T09:52:07+00:00\",\"mainEntityOfPage\":{\"@id\":\"https:\\\/\\\/akunq.net\\\/tr\\\/?p=69189\"},\"wordCount\":876,\"commentCount\":0,\"image\":{\"@id\":\"https:\\\/\\\/akunq.net\\\/tr\\\/?p=69189#primaryimage\"},\"thumbnailUrl\":\"https:\\\/\\\/akunq.net\\\/tr\\\/wp-content\\\/uploads\\\/sites\\\/6\\\/2022\\\/07\\\/Antalya.jpg\",\"articleSection\":[\"Haberler\"],\"inLanguage\":\"en-US\",\"potentialAction\":[{\"@type\":\"CommentAction\",\"name\":\"Comment\",\"target\":[\"https:\\\/\\\/akunq.net\\\/tr\\\/?p=69189#respond\"]}]},{\"@type\":\"WebPage\",\"@id\":\"https:\\\/\\\/akunq.net\\\/tr\\\/?p=69189\",\"url\":\"https:\\\/\\\/akunq.net\\\/tr\\\/?p=69189\",\"name\":\"Kent merkezindeki 1800 y\u0131ll\u0131k ya\u015fam alan\u0131, talan edildi - Bati Ermenistan Ve Bati Ermenileri Sorunlari Ara\u015ftirmalar Merkezi\",\"isPartOf\":{\"@id\":\"https:\\\/\\\/akunq.net\\\/tr\\\/#website\"},\"primaryImageOfPage\":{\"@id\":\"https:\\\/\\\/akunq.net\\\/tr\\\/?p=69189#primaryimage\"},\"image\":{\"@id\":\"https:\\\/\\\/akunq.net\\\/tr\\\/?p=69189#primaryimage\"},\"thumbnailUrl\":\"https:\\\/\\\/akunq.net\\\/tr\\\/wp-content\\\/uploads\\\/sites\\\/6\\\/2022\\\/07\\\/Antalya.jpg\",\"datePublished\":\"2022-07-01T09:52:07+00:00\",\"author\":{\"@id\":\"https:\\\/\\\/akunq.net\\\/tr\\\/#\\\/schema\\\/person\\\/096f1d38a12cce57fb855b485ed24c9e\"},\"breadcrumb\":{\"@id\":\"https:\\\/\\\/akunq.net\\\/tr\\\/?p=69189#breadcrumb\"},\"inLanguage\":\"en-US\",\"potentialAction\":[{\"@type\":\"ReadAction\",\"target\":[\"https:\\\/\\\/akunq.net\\\/tr\\\/?p=69189\"]}]},{\"@type\":\"ImageObject\",\"inLanguage\":\"en-US\",\"@id\":\"https:\\\/\\\/akunq.net\\\/tr\\\/?p=69189#primaryimage\",\"url\":\"https:\\\/\\\/akunq.net\\\/tr\\\/wp-content\\\/uploads\\\/sites\\\/6\\\/2022\\\/07\\\/Antalya.jpg\",\"contentUrl\":\"https:\\\/\\\/akunq.net\\\/tr\\\/wp-content\\\/uploads\\\/sites\\\/6\\\/2022\\\/07\\\/Antalya.jpg\",\"width\":1024,\"height\":683},{\"@type\":\"BreadcrumbList\",\"@id\":\"https:\\\/\\\/akunq.net\\\/tr\\\/?p=69189#breadcrumb\",\"itemListElement\":[{\"@type\":\"ListItem\",\"position\":1,\"name\":\"Home\",\"item\":\"https:\\\/\\\/akunq.net\\\/tr\"},{\"@type\":\"ListItem\",\"position\":2,\"name\":\"Kent merkezindeki 1800 y\u0131ll\u0131k ya\u015fam alan\u0131, talan edildi\"}]},{\"@type\":\"WebSite\",\"@id\":\"https:\\\/\\\/akunq.net\\\/tr\\\/#website\",\"url\":\"https:\\\/\\\/akunq.net\\\/tr\\\/\",\"name\":\"Bati Ermenistan Ve Bati Ermenileri Sorunlari Ara\u015ftirmalar Merkezi\",\"description\":\"\",\"potentialAction\":[{\"@type\":\"SearchAction\",\"target\":{\"@type\":\"EntryPoint\",\"urlTemplate\":\"https:\\\/\\\/akunq.net\\\/tr\\\/?s={search_term_string}\"},\"query-input\":{\"@type\":\"PropertyValueSpecification\",\"valueRequired\":true,\"valueName\":\"search_term_string\"}}],\"inLanguage\":\"en-US\"},{\"@type\":\"Person\",\"@id\":\"https:\\\/\\\/akunq.net\\\/tr\\\/#\\\/schema\\\/person\\\/096f1d38a12cce57fb855b485ed24c9e\",\"name\":\"admin\",\"url\":\"https:\\\/\\\/akunq.net\\\/tr\\\/?author=7\"}]}<\/script>\n<!-- \/ Yoast SEO plugin. -->","yoast_head_json":{"title":"Kent merkezindeki 1800 y\u0131ll\u0131k ya\u015fam alan\u0131, talan edildi - Bati Ermenistan Ve Bati Ermenileri Sorunlari Ara\u015ftirmalar Merkezi","robots":{"index":"index","follow":"follow","max-snippet":"max-snippet:-1","max-image-preview":"max-image-preview:large","max-video-preview":"max-video-preview:-1"},"canonical":"https:\/\/akunq.net\/tr\/?p=69189","og_locale":"en_US","og_type":"article","og_title":"Kent merkezindeki 1800 y\u0131ll\u0131k ya\u015fam alan\u0131, talan edildi - Bati Ermenistan Ve Bati Ermenileri Sorunlari Ara\u015ftirmalar Merkezi","og_description":"Antalya\u2019n\u0131n Konyaalt\u0131 il\u00e7e merkezindeki 3\u2019\u00fcnc\u00fc y\u00fczy\u0131l Roma d\u00f6nemine tarihlenen ve 15 lahdin tespit edildi\u011fi Antalya M\u00fcze M\u00fcd\u00fcrl\u00fc\u011f\u00fc\u2019ne ba\u011fl\u0131 yerle\u015fim alan\u0131n\u0131n, uzun y\u0131llard\u0131r defineciler taraf\u0131ndan tahribata u\u011frad\u0131\u011f\u0131 ortaya \u00e7\u0131kt\u0131. Mehmet \u00c7INAR\/ANTALYA,(DHA) Konyaalt\u0131 merkezindeki Hurma Mahallesi\u2019ne s\u0131n\u0131r \u00dcz\u00fcmcek Da\u011f\u0131\u2019n\u0131n arka taraf\u0131nda, Hac\u0131sekililer Mahallesi Domuza\u011f\u0131l\u0131 mevkinde, A\u00dc Arkeoloji B\u00f6l\u00fcm\u00fc\u2019nden Prof. Dr. Nevzat \u00c7evik taraf\u0131ndan 1993\u2019te tarihi bir yerle\u015fim [&hellip;]","og_url":"https:\/\/akunq.net\/tr\/?p=69189","og_site_name":"Bati Ermenistan Ve Bati Ermenileri Sorunlari Ara\u015ftirmalar Merkezi","article_published_time":"2022-07-01T09:52:07+00:00","og_image":[{"width":1024,"height":683,"url":"https:\/\/akunq.net\/tr\/wp-content\/uploads\/sites\/6\/2022\/07\/Antalya.jpg","type":"image\/jpeg"}],"author":"admin","twitter_card":"summary_large_image","twitter_misc":{"Written by":"admin","Est. reading time":"4 minutes"},"schema":{"@context":"https:\/\/schema.org","@graph":[{"@type":"Article","@id":"https:\/\/akunq.net\/tr\/?p=69189#article","isPartOf":{"@id":"https:\/\/akunq.net\/tr\/?p=69189"},"author":{"name":"admin","@id":"https:\/\/akunq.net\/tr\/#\/schema\/person\/096f1d38a12cce57fb855b485ed24c9e"},"headline":"Kent merkezindeki 1800 y\u0131ll\u0131k ya\u015fam alan\u0131, talan edildi","datePublished":"2022-07-01T09:52:07+00:00","mainEntityOfPage":{"@id":"https:\/\/akunq.net\/tr\/?p=69189"},"wordCount":876,"commentCount":0,"image":{"@id":"https:\/\/akunq.net\/tr\/?p=69189#primaryimage"},"thumbnailUrl":"https:\/\/akunq.net\/tr\/wp-content\/uploads\/sites\/6\/2022\/07\/Antalya.jpg","articleSection":["Haberler"],"inLanguage":"en-US","potentialAction":[{"@type":"CommentAction","name":"Comment","target":["https:\/\/akunq.net\/tr\/?p=69189#respond"]}]},{"@type":"WebPage","@id":"https:\/\/akunq.net\/tr\/?p=69189","url":"https:\/\/akunq.net\/tr\/?p=69189","name":"Kent merkezindeki 1800 y\u0131ll\u0131k ya\u015fam alan\u0131, talan edildi - Bati Ermenistan Ve Bati Ermenileri Sorunlari Ara\u015ftirmalar Merkezi","isPartOf":{"@id":"https:\/\/akunq.net\/tr\/#website"},"primaryImageOfPage":{"@id":"https:\/\/akunq.net\/tr\/?p=69189#primaryimage"},"image":{"@id":"https:\/\/akunq.net\/tr\/?p=69189#primaryimage"},"thumbnailUrl":"https:\/\/akunq.net\/tr\/wp-content\/uploads\/sites\/6\/2022\/07\/Antalya.jpg","datePublished":"2022-07-01T09:52:07+00:00","author":{"@id":"https:\/\/akunq.net\/tr\/#\/schema\/person\/096f1d38a12cce57fb855b485ed24c9e"},"breadcrumb":{"@id":"https:\/\/akunq.net\/tr\/?p=69189#breadcrumb"},"inLanguage":"en-US","potentialAction":[{"@type":"ReadAction","target":["https:\/\/akunq.net\/tr\/?p=69189"]}]},{"@type":"ImageObject","inLanguage":"en-US","@id":"https:\/\/akunq.net\/tr\/?p=69189#primaryimage","url":"https:\/\/akunq.net\/tr\/wp-content\/uploads\/sites\/6\/2022\/07\/Antalya.jpg","contentUrl":"https:\/\/akunq.net\/tr\/wp-content\/uploads\/sites\/6\/2022\/07\/Antalya.jpg","width":1024,"height":683},{"@type":"BreadcrumbList","@id":"https:\/\/akunq.net\/tr\/?p=69189#breadcrumb","itemListElement":[{"@type":"ListItem","position":1,"name":"Home","item":"https:\/\/akunq.net\/tr"},{"@type":"ListItem","position":2,"name":"Kent merkezindeki 1800 y\u0131ll\u0131k ya\u015fam alan\u0131, talan edildi"}]},{"@type":"WebSite","@id":"https:\/\/akunq.net\/tr\/#website","url":"https:\/\/akunq.net\/tr\/","name":"Bati Ermenistan Ve Bati Ermenileri Sorunlari Ara\u015ftirmalar Merkezi","description":"","potentialAction":[{"@type":"SearchAction","target":{"@type":"EntryPoint","urlTemplate":"https:\/\/akunq.net\/tr\/?s={search_term_string}"},"query-input":{"@type":"PropertyValueSpecification","valueRequired":true,"valueName":"search_term_string"}}],"inLanguage":"en-US"},{"@type":"Person","@id":"https:\/\/akunq.net\/tr\/#\/schema\/person\/096f1d38a12cce57fb855b485ed24c9e","name":"admin","url":"https:\/\/akunq.net\/tr\/?author=7"}]}},"_links":{"self":[{"href":"https:\/\/akunq.net\/tr\/index.php?rest_route=\/wp\/v2\/posts\/69189","targetHints":{"allow":["GET"]}}],"collection":[{"href":"https:\/\/akunq.net\/tr\/index.php?rest_route=\/wp\/v2\/posts"}],"about":[{"href":"https:\/\/akunq.net\/tr\/index.php?rest_route=\/wp\/v2\/types\/post"}],"author":[{"embeddable":true,"href":"https:\/\/akunq.net\/tr\/index.php?rest_route=\/wp\/v2\/users\/7"}],"replies":[{"embeddable":true,"href":"https:\/\/akunq.net\/tr\/index.php?rest_route=%2Fwp%2Fv2%2Fcomments&post=69189"}],"version-history":[{"count":1,"href":"https:\/\/akunq.net\/tr\/index.php?rest_route=\/wp\/v2\/posts\/69189\/revisions"}],"predecessor-version":[{"id":69191,"href":"https:\/\/akunq.net\/tr\/index.php?rest_route=\/wp\/v2\/posts\/69189\/revisions\/69191"}],"wp:featuredmedia":[{"embeddable":true,"href":"https:\/\/akunq.net\/tr\/index.php?rest_route=\/wp\/v2\/media\/69190"}],"wp:attachment":[{"href":"https:\/\/akunq.net\/tr\/index.php?rest_route=%2Fwp%2Fv2%2Fmedia&parent=69189"}],"wp:term":[{"taxonomy":"category","embeddable":true,"href":"https:\/\/akunq.net\/tr\/index.php?rest_route=%2Fwp%2Fv2%2Fcategories&post=69189"},{"taxonomy":"post_tag","embeddable":true,"href":"https:\/\/akunq.net\/tr\/index.php?rest_route=%2Fwp%2Fv2%2Ftags&post=69189"}],"curies":[{"name":"wp","href":"https:\/\/api.w.org\/{rel}","templated":true}]}}