{"id":69186,"date":"2022-07-01T04:48:35","date_gmt":"2022-07-01T09:48:35","guid":{"rendered":"https:\/\/akunq.net\/tr\/?p=69186"},"modified":"2022-07-01T04:48:35","modified_gmt":"2022-07-01T09:48:35","slug":"midyattaki-suryani-aziz-mezarlari-tahrip-edildi","status":"publish","type":"post","link":"https:\/\/akunq.net\/tr\/?p=69186","title":{"rendered":"Midyat\u2019taki S\u00fcryani aziz mezarlar\u0131 tahrip edildi"},"content":{"rendered":"<p><img loading=\"lazy\" decoding=\"async\" class=\"aligncenter size-medium wp-image-69187\" src=\"https:\/\/akunq.net\/tr\/wp-content\/uploads\/2022\/07\/Midyat-360x239.jpg\" alt=\"\" width=\"360\" height=\"239\" srcset=\"https:\/\/akunq.net\/tr\/wp-content\/uploads\/sites\/6\/2022\/07\/Midyat-360x239.jpg 360w, https:\/\/akunq.net\/tr\/wp-content\/uploads\/sites\/6\/2022\/07\/Midyat-260x172.jpg 260w, https:\/\/akunq.net\/tr\/wp-content\/uploads\/sites\/6\/2022\/07\/Midyat-160x106.jpg 160w, https:\/\/akunq.net\/tr\/wp-content\/uploads\/sites\/6\/2022\/07\/Midyat.jpg 490w\" sizes=\"auto, (max-width: 360px) 100vw, 360px\" \/><\/p>\n<p><em><strong>Midyat\u2018\u0131n Enhil k\u00f6y\u00fcndeki S\u00fcryani azizlerin tarihi mezarlar\u0131 tahrip edildi. Yemi\u015fli Kalk\u0131nd\u0131rma ve Dayan\u0131\u015fma Derne\u011fi Ba\u015fkan\u0131 Demirta\u015f, mezarlar\u0131 tahrip edenlerin bulunmas\u0131n\u0131 istedi.<\/strong><\/em><\/p>\n<p><strong>Vecdi Erbay<\/strong><\/p>\n<p>D\u0130YARBAKIR \u2013 S\u00fcryani kilise takvimine g\u00f6re Mor Favlus ve Mor Fetrus anma g\u00fcn\u00fc i\u00e7in Mardin Midyat\u2019\u0131n Enhil (Yemi\u015fli) k\u00f6y\u00fcndeki \u015fapele giden S\u00fcryani halk\u0131, \u015fapelde bulunan mezarlar\u0131n tahrip edildi\u011fini g\u00f6rd\u00fc. Jandarmaya haber veren S\u00fcryaniler, en az bin y\u0131ll\u0131k mezarlar\u0131 tahrip edenlerin bulunup yarg\u0131lanmas\u0131n\u0131 istedi.<\/p>\n<p>Yemi\u015fli Kalk\u0131nd\u0131rma ve Dayan\u0131\u015fma Derne\u011fi Ba\u015fkan\u0131 Ferhan Demirta\u015f, 28 Haziran\u2019da Mor Fetrus ve Mor Favlus anma g\u00fcn\u00fc i\u00e7in gittikleri Enhil\u2019de mezarlar\u0131n tahrip edildi\u011fine tan\u0131kl\u0131k ettiklerini s\u00f6yledi.<\/p>\n<p>Demirta\u015f, \u201cMor Fetrus ve Mor Favlus anma g\u00fcn\u00fcnde yapt\u0131\u011f\u0131m\u0131z duan\u0131n ard\u0131ndan kadislerin (azizlerin) mezarlar\u0131na mum yakmak ve dualar okumak i\u00e7in mezarl\u0131\u011fa gittik. Mezarlar\u0131n barbarca tahrip edildi\u011fini g\u00f6rd\u00fck. Mezarlar bozulmu\u015f ve Azizlerin kemikleri d\u0131\u015far\u0131 at\u0131lm\u0131\u015ft\u0131. Onlar\u0131 Tuh-Buh (S\u00fcryanice tarumar) getirdiklerini g\u00f6r\u00fcnce \u00e7ok \u00fcz\u00fcld\u00fck\u201d \u015feklinde konu\u015ftu.<\/p>\n<p><strong>\u2018KAB\u0130RDE B\u0130LE RAHAT BIRAKMIYORLAR\u2019<\/strong><\/p>\n<p>\u201c\u00d6l\u00fclerimizi kabirlerinde bile rahat b\u0131rakm\u0131yorlar\u201d diyen Demirta\u015f, \u201cYap\u0131lan bu vah\u015fi davran\u0131\u015f, dinimize ve k\u00fclt\u00fcr\u00fcm\u00fcze b\u00fcy\u00fck bir hakarettir. Barbarca yap\u0131lan bu hakareti k\u0131n\u0131yoruz\u201d ifadesini kulland\u0131.<\/p>\n<p>Yemi\u015fli k\u00f6y\u00fc karakoluna giderek jandarmaya haber verdiklerini aktaran Demirta\u015f, \u201cBa\u015f\u00e7avu\u015f hemen olay yerine geldi ve zapt\u0131n\u0131 tuttu. Bu olay\u0131n soru\u015fturulmas\u0131n\u0131, faillerin bulunmas\u0131n\u0131 ve cezaland\u0131r\u0131lmalar\u0131n\u0131 temenni ediyoruz. H\u00fck\u00fcmetin bu olay\u0131n takip\u00e7isi olmas\u0131n\u0131 istiyoruz.<\/p>\n<p><strong>MEZARLAR B\u0130N YILLIK<\/strong><\/p>\n<p>Tahrip edilen mezarlarla ilgili bilgi veren Demirta\u015f, \u201cBu Azizlerin kabirleri \u00e7ok eskidir. Bu azizlerin ne zaman defnedildi\u011fi tam olarak bilinmiyor ancak bin y\u0131l \u00f6nce buraya defnedildikleri tahmin ediliyor. Bu azizlerin mezarlar\u0131n\u0131n korunmas\u0131 i\u00e7in 1967 y\u0131l\u0131nda k\u00fc\u00e7\u00fck bir \u015fapel in\u015fa edildi\u201d dedi.<\/p>\n<p><strong>\u2018S\u00dcRYAN\u0130 MEZARLARINDA ALTIN OLMAZ\u2019<\/strong><\/p>\n<p>Mezarlar\u0131n tahrip edilesi hakk\u0131nda konu\u015ftu\u011fumuz Turabdin S\u00fcryani K\u00fclt\u00fcr ve Sanat Derne\u011fi Y\u00f6neticilerinden Ey\u00fcp Erg\u00fcn ise mezarlar\u0131n ne zaman ve kimler taraf\u0131ndan tahrip edildi\u011fini bilmediklerini s\u00f6yledi.<\/p>\n<p>Erg\u00fcn, \u201cE\u011fer define aramak i\u00e7in mezarlar\u0131 tahrip ettilerse, bilsinler ki S\u00fcryaniler ile M\u00fcsl\u00fcmanlar \u00f6l\u00fclerini ayn\u0131 bi\u00e7imde defnederler ve S\u00fcryani mezarlar\u0131nda alt\u0131n olmaz. S\u00fcryaniler \u00f6l\u00fclerini sadece kefenle g\u00f6merler. Ba\u015fka bir\u015fey aramamak laz\u0131m. Asl\u0131nda bunu herkesin bilmesi gerekiyor \u00e7\u00fcnk\u00fc bug\u00fcne kadar binlerce S\u00fcryani mezar\u0131 ayn\u0131 \u015fekilde sald\u0131r\u0131ya u\u011frad\u0131\u201d dedi.<\/p>\n<p>Ey\u00fcp Erg\u00fcn, S\u00fcryani mezarlar\u0131na y\u00f6nelik sald\u0131r\u0131n\u0131n S\u00fcryani varl\u0131klar\u0131na tahamm\u00fcl edemeyen ki\u015filer taraf\u0131ndan da yap\u0131lm\u0131\u015f olabilece\u011fini belirtti. Erg\u00fcn, \u201cTurizm sezonunday\u0131z ve insanlar S\u00fcryanilere ait tarihi varl\u0131klar\u0131 g\u00f6rmeye geliyorlar. Turizmden Mardin\u2019de ya\u015fayan herkes yararlan\u0131yor. Tarihi varl\u0131klar\u0131n tahrip edilmesi turizme de turizm sayesinde kalk\u0131nan Mardin\u2019e de zarar verir\u201d ifadesini kulland\u0131.<\/p>\n<p>Ge\u00e7ti\u011fimiz aylarda h\u0131rs\u0131z oldu\u011fu d\u00fc\u015f\u00fcn\u00fclen ki\u015filer taraf\u0131ndan Midyat\u2019taki Meryem Ana Kilisesi\u2019nin \u00e7an\u0131 \u00e7al\u0131nmak istenmi\u015fti. 800 y\u0131ll\u0131k kilisenin \u00e7an\u0131n\u0131 \u00e7almak isteyen \u015fah\u0131slar, \u00e7\u0131kan \u00e7an sesi \u00fczerine ka\u00e7m\u0131\u015ft\u0131.<\/p>\n<hr \/>\n<p><em><strong><a href=\"https:\/\/www.gazeteduvar.com.tr\/midyattaki-suryani-aziz-mezarlari-tahrip-edildi-haber-1571640\" target=\"_blank\" rel=\"noopener\">Gazete Duvar<\/a>\u00a0<\/strong><\/em><\/p>\n","protected":false},"excerpt":{"rendered":"<p>Midyat\u2018\u0131n Enhil k\u00f6y\u00fcndeki S\u00fcryani azizlerin tarihi mezarlar\u0131 tahrip edildi. Yemi\u015fli Kalk\u0131nd\u0131rma ve Dayan\u0131\u015fma Derne\u011fi Ba\u015fkan\u0131 Demirta\u015f, mezarlar\u0131 tahrip edenlerin bulunmas\u0131n\u0131 istedi. Vecdi Erbay D\u0130YARBAKIR \u2013 S\u00fcryani kilise takvimine g\u00f6re Mor Favlus ve Mor Fetrus anma g\u00fcn\u00fc i\u00e7in Mardin Midyat\u2019\u0131n Enhil (Yemi\u015fli) k\u00f6y\u00fcndeki \u015fapele giden S\u00fcryani halk\u0131, \u015fapelde bulunan mezarlar\u0131n tahrip edildi\u011fini g\u00f6rd\u00fc. Jandarmaya haber veren [&hellip;]<\/p>\n","protected":false},"author":7,"featured_media":69187,"comment_status":"open","ping_status":"open","sticky":false,"template":"","format":"standard","meta":{"footnotes":""},"categories":[1,53],"tags":[],"class_list":["post-69186","post","type-post","status-publish","format-standard","has-post-thumbnail","hentry","category-haberler","category-turkiyede-azinliklar"],"yoast_head":"<!-- This site is optimized with the Yoast SEO plugin v27.4 - https:\/\/yoast.com\/product\/yoast-seo-wordpress\/ -->\n<title>Midyat\u2019taki S\u00fcryani aziz mezarlar\u0131 tahrip edildi - Bati Ermenistan Ve Bati Ermenileri Sorunlari Ara\u015ftirmalar Merkezi<\/title>\n<meta name=\"robots\" content=\"index, follow, max-snippet:-1, max-image-preview:large, max-video-preview:-1\" \/>\n<link rel=\"canonical\" href=\"https:\/\/akunq.net\/tr\/?p=69186\" \/>\n<meta property=\"og:locale\" content=\"en_US\" \/>\n<meta property=\"og:type\" content=\"article\" \/>\n<meta property=\"og:title\" content=\"Midyat\u2019taki S\u00fcryani aziz mezarlar\u0131 tahrip edildi - Bati Ermenistan Ve Bati Ermenileri Sorunlari Ara\u015ftirmalar Merkezi\" \/>\n<meta property=\"og:description\" content=\"Midyat\u2018\u0131n Enhil k\u00f6y\u00fcndeki S\u00fcryani azizlerin tarihi mezarlar\u0131 tahrip edildi. Yemi\u015fli Kalk\u0131nd\u0131rma ve Dayan\u0131\u015fma Derne\u011fi Ba\u015fkan\u0131 Demirta\u015f, mezarlar\u0131 tahrip edenlerin bulunmas\u0131n\u0131 istedi. Vecdi Erbay D\u0130YARBAKIR \u2013 S\u00fcryani kilise takvimine g\u00f6re Mor Favlus ve Mor Fetrus anma g\u00fcn\u00fc i\u00e7in Mardin Midyat\u2019\u0131n Enhil (Yemi\u015fli) k\u00f6y\u00fcndeki \u015fapele giden S\u00fcryani halk\u0131, \u015fapelde bulunan mezarlar\u0131n tahrip edildi\u011fini g\u00f6rd\u00fc. Jandarmaya haber veren [&hellip;]\" \/>\n<meta property=\"og:url\" content=\"https:\/\/akunq.net\/tr\/?p=69186\" \/>\n<meta property=\"og:site_name\" content=\"Bati Ermenistan Ve Bati Ermenileri Sorunlari Ara\u015ftirmalar Merkezi\" \/>\n<meta property=\"article:published_time\" content=\"2022-07-01T09:48:35+00:00\" \/>\n<meta property=\"og:image\" content=\"https:\/\/akunq.net\/tr\/wp-content\/uploads\/sites\/6\/2022\/07\/Midyat.jpg\" \/>\n\t<meta property=\"og:image:width\" content=\"490\" \/>\n\t<meta property=\"og:image:height\" content=\"325\" \/>\n\t<meta property=\"og:image:type\" content=\"image\/jpeg\" \/>\n<meta name=\"author\" content=\"admin\" \/>\n<meta name=\"twitter:card\" content=\"summary_large_image\" \/>\n<meta name=\"twitter:label1\" content=\"Written by\" \/>\n\t<meta name=\"twitter:data1\" content=\"admin\" \/>\n\t<meta name=\"twitter:label2\" content=\"Est. reading time\" \/>\n\t<meta name=\"twitter:data2\" content=\"3 minutes\" \/>\n<script type=\"application\/ld+json\" class=\"yoast-schema-graph\">{\"@context\":\"https:\\\/\\\/schema.org\",\"@graph\":[{\"@type\":\"Article\",\"@id\":\"https:\\\/\\\/akunq.net\\\/tr\\\/?p=69186#article\",\"isPartOf\":{\"@id\":\"https:\\\/\\\/akunq.net\\\/tr\\\/?p=69186\"},\"author\":{\"name\":\"admin\",\"@id\":\"https:\\\/\\\/akunq.net\\\/tr\\\/#\\\/schema\\\/person\\\/096f1d38a12cce57fb855b485ed24c9e\"},\"headline\":\"Midyat\u2019taki S\u00fcryani aziz mezarlar\u0131 tahrip edildi\",\"datePublished\":\"2022-07-01T09:48:35+00:00\",\"mainEntityOfPage\":{\"@id\":\"https:\\\/\\\/akunq.net\\\/tr\\\/?p=69186\"},\"wordCount\":589,\"commentCount\":0,\"image\":{\"@id\":\"https:\\\/\\\/akunq.net\\\/tr\\\/?p=69186#primaryimage\"},\"thumbnailUrl\":\"https:\\\/\\\/akunq.net\\\/tr\\\/wp-content\\\/uploads\\\/sites\\\/6\\\/2022\\\/07\\\/Midyat.jpg\",\"articleSection\":[\"Haberler\",\"T\u00fcrkiye\u2019de Az\u0131nl\u0131klar\"],\"inLanguage\":\"en-US\",\"potentialAction\":[{\"@type\":\"CommentAction\",\"name\":\"Comment\",\"target\":[\"https:\\\/\\\/akunq.net\\\/tr\\\/?p=69186#respond\"]}]},{\"@type\":\"WebPage\",\"@id\":\"https:\\\/\\\/akunq.net\\\/tr\\\/?p=69186\",\"url\":\"https:\\\/\\\/akunq.net\\\/tr\\\/?p=69186\",\"name\":\"Midyat\u2019taki S\u00fcryani aziz mezarlar\u0131 tahrip edildi - Bati Ermenistan Ve Bati Ermenileri Sorunlari Ara\u015ftirmalar Merkezi\",\"isPartOf\":{\"@id\":\"https:\\\/\\\/akunq.net\\\/tr\\\/#website\"},\"primaryImageOfPage\":{\"@id\":\"https:\\\/\\\/akunq.net\\\/tr\\\/?p=69186#primaryimage\"},\"image\":{\"@id\":\"https:\\\/\\\/akunq.net\\\/tr\\\/?p=69186#primaryimage\"},\"thumbnailUrl\":\"https:\\\/\\\/akunq.net\\\/tr\\\/wp-content\\\/uploads\\\/sites\\\/6\\\/2022\\\/07\\\/Midyat.jpg\",\"datePublished\":\"2022-07-01T09:48:35+00:00\",\"author\":{\"@id\":\"https:\\\/\\\/akunq.net\\\/tr\\\/#\\\/schema\\\/person\\\/096f1d38a12cce57fb855b485ed24c9e\"},\"breadcrumb\":{\"@id\":\"https:\\\/\\\/akunq.net\\\/tr\\\/?p=69186#breadcrumb\"},\"inLanguage\":\"en-US\",\"potentialAction\":[{\"@type\":\"ReadAction\",\"target\":[\"https:\\\/\\\/akunq.net\\\/tr\\\/?p=69186\"]}]},{\"@type\":\"ImageObject\",\"inLanguage\":\"en-US\",\"@id\":\"https:\\\/\\\/akunq.net\\\/tr\\\/?p=69186#primaryimage\",\"url\":\"https:\\\/\\\/akunq.net\\\/tr\\\/wp-content\\\/uploads\\\/sites\\\/6\\\/2022\\\/07\\\/Midyat.jpg\",\"contentUrl\":\"https:\\\/\\\/akunq.net\\\/tr\\\/wp-content\\\/uploads\\\/sites\\\/6\\\/2022\\\/07\\\/Midyat.jpg\",\"width\":490,\"height\":325},{\"@type\":\"BreadcrumbList\",\"@id\":\"https:\\\/\\\/akunq.net\\\/tr\\\/?p=69186#breadcrumb\",\"itemListElement\":[{\"@type\":\"ListItem\",\"position\":1,\"name\":\"Home\",\"item\":\"https:\\\/\\\/akunq.net\\\/tr\"},{\"@type\":\"ListItem\",\"position\":2,\"name\":\"Midyat\u2019taki S\u00fcryani aziz mezarlar\u0131 tahrip edildi\"}]},{\"@type\":\"WebSite\",\"@id\":\"https:\\\/\\\/akunq.net\\\/tr\\\/#website\",\"url\":\"https:\\\/\\\/akunq.net\\\/tr\\\/\",\"name\":\"Bati Ermenistan Ve Bati Ermenileri Sorunlari Ara\u015ftirmalar Merkezi\",\"description\":\"\",\"potentialAction\":[{\"@type\":\"SearchAction\",\"target\":{\"@type\":\"EntryPoint\",\"urlTemplate\":\"https:\\\/\\\/akunq.net\\\/tr\\\/?s={search_term_string}\"},\"query-input\":{\"@type\":\"PropertyValueSpecification\",\"valueRequired\":true,\"valueName\":\"search_term_string\"}}],\"inLanguage\":\"en-US\"},{\"@type\":\"Person\",\"@id\":\"https:\\\/\\\/akunq.net\\\/tr\\\/#\\\/schema\\\/person\\\/096f1d38a12cce57fb855b485ed24c9e\",\"name\":\"admin\",\"url\":\"https:\\\/\\\/akunq.net\\\/tr\\\/?author=7\"}]}<\/script>\n<!-- \/ Yoast SEO plugin. -->","yoast_head_json":{"title":"Midyat\u2019taki S\u00fcryani aziz mezarlar\u0131 tahrip edildi - Bati Ermenistan Ve Bati Ermenileri Sorunlari Ara\u015ftirmalar Merkezi","robots":{"index":"index","follow":"follow","max-snippet":"max-snippet:-1","max-image-preview":"max-image-preview:large","max-video-preview":"max-video-preview:-1"},"canonical":"https:\/\/akunq.net\/tr\/?p=69186","og_locale":"en_US","og_type":"article","og_title":"Midyat\u2019taki S\u00fcryani aziz mezarlar\u0131 tahrip edildi - Bati Ermenistan Ve Bati Ermenileri Sorunlari Ara\u015ftirmalar Merkezi","og_description":"Midyat\u2018\u0131n Enhil k\u00f6y\u00fcndeki S\u00fcryani azizlerin tarihi mezarlar\u0131 tahrip edildi. Yemi\u015fli Kalk\u0131nd\u0131rma ve Dayan\u0131\u015fma Derne\u011fi Ba\u015fkan\u0131 Demirta\u015f, mezarlar\u0131 tahrip edenlerin bulunmas\u0131n\u0131 istedi. Vecdi Erbay D\u0130YARBAKIR \u2013 S\u00fcryani kilise takvimine g\u00f6re Mor Favlus ve Mor Fetrus anma g\u00fcn\u00fc i\u00e7in Mardin Midyat\u2019\u0131n Enhil (Yemi\u015fli) k\u00f6y\u00fcndeki \u015fapele giden S\u00fcryani halk\u0131, \u015fapelde bulunan mezarlar\u0131n tahrip edildi\u011fini g\u00f6rd\u00fc. Jandarmaya haber veren [&hellip;]","og_url":"https:\/\/akunq.net\/tr\/?p=69186","og_site_name":"Bati Ermenistan Ve Bati Ermenileri Sorunlari Ara\u015ftirmalar Merkezi","article_published_time":"2022-07-01T09:48:35+00:00","og_image":[{"width":490,"height":325,"url":"https:\/\/akunq.net\/tr\/wp-content\/uploads\/sites\/6\/2022\/07\/Midyat.jpg","type":"image\/jpeg"}],"author":"admin","twitter_card":"summary_large_image","twitter_misc":{"Written by":"admin","Est. reading time":"3 minutes"},"schema":{"@context":"https:\/\/schema.org","@graph":[{"@type":"Article","@id":"https:\/\/akunq.net\/tr\/?p=69186#article","isPartOf":{"@id":"https:\/\/akunq.net\/tr\/?p=69186"},"author":{"name":"admin","@id":"https:\/\/akunq.net\/tr\/#\/schema\/person\/096f1d38a12cce57fb855b485ed24c9e"},"headline":"Midyat\u2019taki S\u00fcryani aziz mezarlar\u0131 tahrip edildi","datePublished":"2022-07-01T09:48:35+00:00","mainEntityOfPage":{"@id":"https:\/\/akunq.net\/tr\/?p=69186"},"wordCount":589,"commentCount":0,"image":{"@id":"https:\/\/akunq.net\/tr\/?p=69186#primaryimage"},"thumbnailUrl":"https:\/\/akunq.net\/tr\/wp-content\/uploads\/sites\/6\/2022\/07\/Midyat.jpg","articleSection":["Haberler","T\u00fcrkiye\u2019de Az\u0131nl\u0131klar"],"inLanguage":"en-US","potentialAction":[{"@type":"CommentAction","name":"Comment","target":["https:\/\/akunq.net\/tr\/?p=69186#respond"]}]},{"@type":"WebPage","@id":"https:\/\/akunq.net\/tr\/?p=69186","url":"https:\/\/akunq.net\/tr\/?p=69186","name":"Midyat\u2019taki S\u00fcryani aziz mezarlar\u0131 tahrip edildi - Bati Ermenistan Ve Bati Ermenileri Sorunlari Ara\u015ftirmalar Merkezi","isPartOf":{"@id":"https:\/\/akunq.net\/tr\/#website"},"primaryImageOfPage":{"@id":"https:\/\/akunq.net\/tr\/?p=69186#primaryimage"},"image":{"@id":"https:\/\/akunq.net\/tr\/?p=69186#primaryimage"},"thumbnailUrl":"https:\/\/akunq.net\/tr\/wp-content\/uploads\/sites\/6\/2022\/07\/Midyat.jpg","datePublished":"2022-07-01T09:48:35+00:00","author":{"@id":"https:\/\/akunq.net\/tr\/#\/schema\/person\/096f1d38a12cce57fb855b485ed24c9e"},"breadcrumb":{"@id":"https:\/\/akunq.net\/tr\/?p=69186#breadcrumb"},"inLanguage":"en-US","potentialAction":[{"@type":"ReadAction","target":["https:\/\/akunq.net\/tr\/?p=69186"]}]},{"@type":"ImageObject","inLanguage":"en-US","@id":"https:\/\/akunq.net\/tr\/?p=69186#primaryimage","url":"https:\/\/akunq.net\/tr\/wp-content\/uploads\/sites\/6\/2022\/07\/Midyat.jpg","contentUrl":"https:\/\/akunq.net\/tr\/wp-content\/uploads\/sites\/6\/2022\/07\/Midyat.jpg","width":490,"height":325},{"@type":"BreadcrumbList","@id":"https:\/\/akunq.net\/tr\/?p=69186#breadcrumb","itemListElement":[{"@type":"ListItem","position":1,"name":"Home","item":"https:\/\/akunq.net\/tr"},{"@type":"ListItem","position":2,"name":"Midyat\u2019taki S\u00fcryani aziz mezarlar\u0131 tahrip edildi"}]},{"@type":"WebSite","@id":"https:\/\/akunq.net\/tr\/#website","url":"https:\/\/akunq.net\/tr\/","name":"Bati Ermenistan Ve Bati Ermenileri Sorunlari Ara\u015ftirmalar Merkezi","description":"","potentialAction":[{"@type":"SearchAction","target":{"@type":"EntryPoint","urlTemplate":"https:\/\/akunq.net\/tr\/?s={search_term_string}"},"query-input":{"@type":"PropertyValueSpecification","valueRequired":true,"valueName":"search_term_string"}}],"inLanguage":"en-US"},{"@type":"Person","@id":"https:\/\/akunq.net\/tr\/#\/schema\/person\/096f1d38a12cce57fb855b485ed24c9e","name":"admin","url":"https:\/\/akunq.net\/tr\/?author=7"}]}},"_links":{"self":[{"href":"https:\/\/akunq.net\/tr\/index.php?rest_route=\/wp\/v2\/posts\/69186","targetHints":{"allow":["GET"]}}],"collection":[{"href":"https:\/\/akunq.net\/tr\/index.php?rest_route=\/wp\/v2\/posts"}],"about":[{"href":"https:\/\/akunq.net\/tr\/index.php?rest_route=\/wp\/v2\/types\/post"}],"author":[{"embeddable":true,"href":"https:\/\/akunq.net\/tr\/index.php?rest_route=\/wp\/v2\/users\/7"}],"replies":[{"embeddable":true,"href":"https:\/\/akunq.net\/tr\/index.php?rest_route=%2Fwp%2Fv2%2Fcomments&post=69186"}],"version-history":[{"count":1,"href":"https:\/\/akunq.net\/tr\/index.php?rest_route=\/wp\/v2\/posts\/69186\/revisions"}],"predecessor-version":[{"id":69188,"href":"https:\/\/akunq.net\/tr\/index.php?rest_route=\/wp\/v2\/posts\/69186\/revisions\/69188"}],"wp:featuredmedia":[{"embeddable":true,"href":"https:\/\/akunq.net\/tr\/index.php?rest_route=\/wp\/v2\/media\/69187"}],"wp:attachment":[{"href":"https:\/\/akunq.net\/tr\/index.php?rest_route=%2Fwp%2Fv2%2Fmedia&parent=69186"}],"wp:term":[{"taxonomy":"category","embeddable":true,"href":"https:\/\/akunq.net\/tr\/index.php?rest_route=%2Fwp%2Fv2%2Fcategories&post=69186"},{"taxonomy":"post_tag","embeddable":true,"href":"https:\/\/akunq.net\/tr\/index.php?rest_route=%2Fwp%2Fv2%2Ftags&post=69186"}],"curies":[{"name":"wp","href":"https:\/\/api.w.org\/{rel}","templated":true}]}}