{"id":69174,"date":"2022-06-30T03:11:18","date_gmt":"2022-06-30T08:11:18","guid":{"rendered":"https:\/\/akunq.net\/tr\/?p=69174"},"modified":"2022-06-30T03:11:18","modified_gmt":"2022-06-30T08:11:18","slug":"garonun-arkadaslari-herkesi-sorumluluga-cagiriyoruz","status":"publish","type":"post","link":"https:\/\/akunq.net\/tr\/?p=69174","title":{"rendered":"Garo\u2019nun Arkada\u015flar\u0131: Herkesi sorumlulu\u011fa \u00e7a\u011f\u0131r\u0131yoruz"},"content":{"rendered":"<p><img loading=\"lazy\" decoding=\"async\" class=\"aligncenter size-medium wp-image-69175\" src=\"https:\/\/akunq.net\/tr\/wp-content\/uploads\/2022\/06\/Garo-Paylan-360x233.jpg\" alt=\"\" width=\"360\" height=\"233\" srcset=\"https:\/\/akunq.net\/tr\/wp-content\/uploads\/sites\/6\/2022\/06\/Garo-Paylan-360x233.jpg 360w, https:\/\/akunq.net\/tr\/wp-content\/uploads\/sites\/6\/2022\/06\/Garo-Paylan-768x497.jpg 768w, https:\/\/akunq.net\/tr\/wp-content\/uploads\/sites\/6\/2022\/06\/Garo-Paylan-560x362.jpg 560w, https:\/\/akunq.net\/tr\/wp-content\/uploads\/sites\/6\/2022\/06\/Garo-Paylan-260x168.jpg 260w, https:\/\/akunq.net\/tr\/wp-content\/uploads\/sites\/6\/2022\/06\/Garo-Paylan-160x104.jpg 160w, https:\/\/akunq.net\/tr\/wp-content\/uploads\/sites\/6\/2022\/06\/Garo-Paylan.jpg 1020w\" sizes=\"auto, (max-width: 360px) 100vw, 360px\" \/><\/p>\n<p><em><strong>Bianet.org- \u0130HD E\u015f Genel Ba\u015fkan\u0131 Eren Keskin kampanya hedefini, \u201cGaro\u2019nun Arkada\u015flar\u0131 olarak sesimizi y\u00fckseltmek ve Garo Paylan\u2019\u0131n can g\u00fcvenli\u011finden kendisinin de sorumlu oldu\u011funu d\u00fc\u015f\u00fcnen herkesi sesini y\u00fckseltmeye \u00e7a\u011f\u0131rmak\u201d diye a\u00e7\u0131klad\u0131.<\/strong><\/em><\/p>\n<p>Meclis\u2019e verdi\u011fi \u201cErmeni Soyk\u0131r\u0131m\u0131n\u0131n Tan\u0131nmas\u0131 ve Soyk\u0131r\u0131m Faillerinin Adlar\u0131n\u0131n Kamusal Alandan Kald\u0131r\u0131lmas\u0131\u201d hakk\u0131nda yasa teklifi nedeniyle hem iktidar, hem de muhalefet cephesinden a\u011f\u0131r sald\u0131r\u0131yla kar\u015f\u0131la\u015fan Garo Paylan\u2019a destek amac\u0131yla ge\u00e7en ay ba\u015flat\u0131lan \u201cGaro\u2019nun Arkada\u015flar\u0131\u201d sivil inisiyatifi yeni kat\u0131l\u0131mlarla geni\u015fliyor.<\/p>\n<p>Kendisini \u201cGaro\u2019nun Arkada\u015f\u0131\u201d olarak g\u00f6ren isimler \u00e7o\u011falarak 181 ki\u015fiye ula\u015fan listede Ahmet \u0130nsel, Ali Bayramo\u011flu, Ali Duran Topuz, Ay\u015feg\u00fcl Devecio\u011flu, Bask\u0131n Oran, Cengiz Aktar, Defne Sandalc\u0131, Fethiye \u00c7etin, F\u00fcsun Erdo\u011fan, G\u00fclten Kaya, Hasan Cemal, \u0130lkay Akkaya, \u0130smail Be\u015fikci, Murat \u00c7elikkan, Nadire Mater, Necmiye Alpay, Nesrin Nas, Recep Mara\u015fl\u0131, S\u0131rr\u0131 Sak\u0131k, Suavi, \u015eanar Yurdatapan, Tu\u011frul Ery\u0131lmaz, Vivet Kanetti, Y\u0131ld\u0131r\u0131m T\u00fcrker gibi isimler yer al\u0131yor.<\/p>\n<p>Haziran ay\u0131nda Garo\u2019nun Arkada\u015flar\u0131 imzas\u0131yla kamuoyuna a\u00e7\u0131klanan metin, bir \u00e7a\u011fr\u0131yla sona eriyordu:<\/p>\n<p>\u201cHat\u0131rlat\u0131yoruz: Bu devlet ve devleti temsil eden t\u00fcm yetkililer, milleti temsille g\u00f6revli t\u00fcm siyasiler, emniyet te\u015fkilat\u0131, m\u00fclki amirler, hepsi Garo Paylan\u2019\u0131n g\u00fcven ve huzur i\u00e7inde ya\u015famas\u0131ndan sorumludur. Onu nefrete kar\u015f\u0131 korumakla y\u00fck\u00fcml\u00fcd\u00fcr.<\/p>\n<p>Biz Garo\u2019nun Arkada\u015flar\u0131 olarak ayr\u0131ca belirtiriz ki, Garo Paylan\u2019\u0131n g\u00fcvenli\u011finden bu toplum da sorumludur. Bizler de sorumluyuz. Ona y\u00f6nelik t\u00fcm tehdit ve hakaretleri kendimize yap\u0131lm\u0131\u015f say\u0131yoruz.<\/p>\n<p>Her f\u0131rsatta, her tehdide, her hakarete kar\u015f\u0131 sesimizi y\u00fckseltecek, kamusal alana \u00e7\u0131karak, \u201cB\u0130Z GARO\u2019NUN ARKADA\u015eLARIYIZ VE ONUNLA OMUZ OMUZAYIZ\u201d diyece\u011fiz.<\/p>\n<p>Garo Paylan\u2019\u0131n can g\u00fcvenli\u011fi i\u00e7in endi\u015fe eden herkesi Garo\u2019nun Arkada\u015f\u0131 olmaya \u00e7a\u011f\u0131r\u0131yoruz.\u201d<\/p>\n<h2>&#8220;Zamanla s\u0131n\u0131rl\u0131 de\u011filiz&#8221;<\/h2>\n<p>Kampanyan\u0131n y\u00fcr\u00fct\u00fcc\u00fclerinden \u0130nsan Haklar\u0131 Derne\u011fi E\u015f Genel Ba\u015fkan\u0131 Eren Keskin kampanyan\u0131n hedefini \u015f\u00f6yle a\u00e7\u0131klad\u0131:<\/p>\n<p>\u201cBu zamanla s\u0131n\u0131rl\u0131 bir imza kampanyas\u0131 de\u011fil. Kal\u0131c\u0131 bir sivil hareket. Hedefimiz Garo Paylan\u2019a y\u00f6nelik her t\u00fcrl\u00fc s\u00f6zl\u00fc sald\u0131r\u0131, tehdit ve hakaret durumunda Garo\u2019nun Arkada\u015flar\u0131 olarak sesimizi y\u00fckseltmek ve Garo Paylan\u2019\u0131n can g\u00fcvenli\u011finden kendisinin de sorumlu oldu\u011funu d\u00fc\u015f\u00fcnen herkesi sesini y\u00fckseltmeye \u00e7a\u011f\u0131rmak.&#8221;<\/p>\n<h2>Garo&#8217;nun Arkada\u015flar\u0131n\u0131n \u00e7a\u011fr\u0131 metni<\/h2>\n<p>Bizler Garo\u2019nun Arkada\u015flar\u0131y\u0131z.Garo Paylan bizi \u015fahsen tan\u0131sa da, tan\u0131masa da arkada\u015flar\u0131y\u0131z ve onun yan\u0131nday\u0131z.TBMM\u2019ye verdi\u011fi \u201cErmeni Soyk\u0131r\u0131m\u0131n\u0131n Tan\u0131nmas\u0131 ve Soyk\u0131r\u0131m Faillerinin Adlar\u0131n\u0131n Kamusal Alandan Kald\u0131r\u0131lmas\u0131\u201d hakk\u0131nda yasa teklifi nedeniyle Garo Paylan sald\u0131r\u0131 alt\u0131nda. \u0130ktidar ile muhalefet bu sald\u0131r\u0131 cephesinde birle\u015fti.\u0130Y\u0130P Genel Ba\u015fkan\u0131 Meral Ak\u015fener ondan \u201c<strong>hadsiz<\/strong>\u201d diye bahsetti.Cumhurba\u015fkan\u0131 Recep Tayyip Erdo\u011fan \u201cTBMM&#8217;nin, haddi de hukuku da ahlak\u0131 da \u00e7i\u011fneyen bu al\u00e7akl\u0131\u011f\u0131n hesab\u0131n\u0131 m\u00fcsebbibinden soraca\u011f\u0131na ve gere\u011fini mutlaka yapaca\u011f\u0131na inan\u0131yorum\u201d diyerek yarg\u0131ya talimat verdi. AKP s\u00f6zc\u00fcs\u00fc \u00d6mer \u00c7elik, hakk\u0131nda \u201c<strong>hukuki takibat<\/strong>\u201d yapacaklar\u0131n\u0131 s\u00f6yledi.Biz bu s\u00fcreci iyi biliyoruz.<\/p>\n<p>Bu topraklar, hakk\u0131nda dava a\u00e7\u0131lan, bu davayla \u0131rk\u00e7\u0131lar\u0131n hedefi haline getirilen Hrant Dink\u2019in katline tan\u0131k oldu.Ayr\u0131ca sosyal medyada Garo Paylan\u2019a kar\u015f\u0131 hakaret, tehdit, nefret kampanyas\u0131 a\u00e7\u0131ld\u0131. Bu tehditlerin devam etti\u011fini \u00f6\u011frendik.Hat\u0131rlat\u0131yoruz: Bu devlet ve devleti temsil eden t\u00fcm yetkililer, milleti temsille g\u00f6revli t\u00fcm siyasiler, emniyet te\u015fkilat\u0131, m\u00fclki amirler, hepsi Garo Paylan\u2019\u0131n g\u00fcven ve huzur i\u00e7inde ya\u015famas\u0131ndan sorumludur.<\/p>\n<p><strong>Onu nefrete kar\u015f\u0131 korumakla y\u00fck\u00fcml\u00fcd\u00fcr<\/strong>.Biz Garo\u2019nun Arkada\u015flar\u0131 olarak ayr\u0131ca belirtiriz ki,\u00a0<strong>Garo Paylan\u2019\u0131n g\u00fcvenli\u011finden bu toplum da sorumludur.<\/strong><strong>Bizler de sorumluyuz.<\/strong>\u00a0Ona y\u00f6nelik t\u00fcm tehdit ve hakaretleri kendimize yap\u0131lm\u0131\u015f say\u0131yoruz.Her f\u0131rsatta, her tehdide, her hakarete kar\u015f\u0131 sesimizi y\u00fckseltecek, kamusal alana \u00e7\u0131karak, \u201c<strong>B\u0130Z GARO\u2019NUN ARKADA\u015eLARIYIZ VE ONUNLA OMUZ OMUZAYIZ<\/strong>\u201d diyece\u011fiz.Garo Paylan\u2019\u0131n can g\u00fcvenli\u011fi i\u00e7in endi\u015fe eden herkesi\u00a0<strong>Garo\u2019nun Arkada\u015f\u0131<\/strong>\u00a0olmaya \u00e7a\u011f\u0131r\u0131yoruz.<\/p>\n<table>\n<tbody>\n<tr>\n<td>Abuzer Aslan<br \/>\nAdnan \u00c7elik<br \/>\nAdnan Ery\u0131lmaz<br \/>\nAdnan Kulhan<br \/>\nAdnan Vural<br \/>\nAhmet \u00c7akmak<br \/>\nAhmet \u00c7evik<br \/>\nAhmet \u0130nsel<br \/>\nAhmet Kale<br \/>\nAhmet Kurt<br \/>\nAhmet Turhan Cihanbeyli<br \/>\nAli Bayramo\u011flu<br \/>\nAli Cenk \u0130niste<br \/>\nAli Duran Topuz<br \/>\nAli G\u00f6kta\u015f<br \/>\nAsuman Bayrak<br \/>\nAtilla Dirim<br \/>\nAtilla K\u0131l\u0131\u00e7<br \/>\nAttila Tuygan<br \/>\nAyd\u0131n Ar\u0131<br \/>\nAy\u015fe Ferda Caner<br \/>\nAy\u015fe G\u00f6zen<br \/>\nAy\u015feg\u00fcl Devecio\u011flu<br \/>\nAy\u015fe G\u00fcnaysu<br \/>\nAy\u015feg\u00fcl Karada\u011f<br \/>\nAy\u015feg\u00fcl Kaya<br \/>\nAy\u015f\u0131n \u0130nan<br \/>\nAzize Ad\u0131g\u00fczel<br \/>\nBahad\u0131r Altan<br \/>\nBask\u0131n Oran<br \/>\nBayram \u0130ster<br \/>\nBing\u00f6l Elmas<br \/>\nBircan De\u011firmenci<br \/>\nB\u00fclent Bezirgano\u011flu<br \/>\nCan Candan<br \/>\nCengiz Aktar<br \/>\nCengiz Ko\u00e7<br \/>\nDario Navaro<br \/>\nDavid Vergili<br \/>\nDefne Sandalc\u0131<br \/>\nDilek G\u00f6k\u00e7in<br \/>\nDilek Onat<br \/>\nDikran Esendir<br \/>\nDirayet Dilan Ta\u015fdemir<br \/>\nDursun Uluk<br \/>\nEbru Aky\u0131ld\u0131z<br \/>\nEmel Kurma<br \/>\nErdal Do\u011fan<br \/>\nErdal K\u0131l\u0131\u00e7kaya<br \/>\nEren Keskin<br \/>\nErtan \u0130ldan<br \/>\nErsoy Tan<br \/>\nEylem Can<br \/>\nFatmanur G\u00fcnbeyi<br \/>\nFerhan Umruk<br \/>\nFethi \u0130nan<br \/>\nFethiye \u00c7etin<br \/>\nFevzi \u015eakir<br \/>\nF\u0131rat Ayd\u0131nkaya<br \/>\nF\u0131rat Mercan<\/td>\n<td>F\u00fcsun Erdo\u011fan<br \/>\nGarbis Evyapan<br \/>\nG\u00f6ktan Y\u0131ld\u0131r\u0131m<br \/>\nG\u00f6n\u00fcl B\u00fcy\u00fckk\u00f6\u015fker<br \/>\nG\u00fclay\u015fe Ko\u00e7ak<br \/>\nG\u00fcliz Sa\u011flam<br \/>\nG\u00fcllistan Yark\u0131n<br \/>\nG\u00fclseren Yoleri<br \/>\nG\u00fclten Kaya<br \/>\nHacer Ansal<br \/>\nHaluk Sunat<br \/>\nHaris Yard\u0131mc\u0131<br \/>\nHarutyun Kalata\u015f<br \/>\nHasan Cemal<br \/>\nHatice Korkmaz<br \/>\nHayrettin Pi\u015fkin<br \/>\nHikmet Ak\u00e7i\u00e7ek<br \/>\nHulusi Zeybel<br \/>\nH\u00fclya Kurt<br \/>\nH\u00fcseyin Ayg\u00fcl<br \/>\n\u0130lhan K\u0131l\u0131\u00e7<br \/>\n\u0130lkay Akkaya<br \/>\n\u0130lkay Alptekin Demir<br \/>\n\u0130lker \u00c7al\u0131\u015fkan<br \/>\n\u0130nci Hekimo\u011flu<br \/>\n\u0130sa Acan<br \/>\n\u0130sa Hac\u0131hasano\u011flu<br \/>\n\u0130shak Kocab\u0131y\u0131k<br \/>\n\u0130smail Be\u015fikci<br \/>\n\u0130smail Do\u011fruer<br \/>\nJiyan Kaya<br \/>\nKadir Ak\u0131n<br \/>\nKadrican Mendi<br \/>\nKaspar Zakaryan<br \/>\nKaya K\u0131ra\u00e7<br \/>\nKo\u00e7er Karatepe<br \/>\nKorkut Ak\u0131n<br \/>\nLeman Yurtsever<br \/>\nLevent K\u00f6ker<br \/>\nLevent Pi\u015fkin<br \/>\nMahmut Uzunhasano\u011flu<br \/>\nMehmet Emin Turan<br \/>\nMelek G\u00f6regenli<br \/>\nMeral \u00c7\u0131ld\u0131r<br \/>\nMetin K\u0131lavuz<br \/>\nMuhsin Nurayd\u0131n<br \/>\nMurat \u00c7elikkan<br \/>\nMustafa \u00c7olakali<br \/>\nMustafa Kerey<br \/>\nMustafa Ola\u015f<br \/>\nNadire Mater<br \/>\nNecmi Demir<br \/>\nNecmiye Alpay<br \/>\nNejla Okyay<br \/>\nNergiz Ovac\u0131k<br \/>\nNesim Ovadya \u0130zrail<br \/>\nNesrin Nas<br \/>\nNesrin Sungur<br \/>\nNesri Y\u0131lmaz Demir<br \/>\nNesteren Davuto\u011flu<\/td>\n<td>Nigar Ademy\u0131lmaz<br \/>\nNihan Aksakall\u0131<br \/>\nNil\u00fcfer Bulut<br \/>\nNimet Tanr\u0131kulu<br \/>\nNiyazi Zorlu<br \/>\nNur S\u00fcrer<br \/>\nNuray \u015eim\u015fek<br \/>\nNurcan De\u011firmenci<br \/>\nNurettin Balta<br \/>\nOk\u015fan Erdo\u011fan<br \/>\nOrhan Bayram<br \/>\nOya \u00d6zg\u00fcven<br \/>\nOsman G\u00fcney<br \/>\n\u00d6mer \u00c7ermikli<br \/>\n\u00d6zge Aky\u00fcz<br \/>\n\u00d6zt\u00fcrk T\u00fcrkdo\u011fan<br \/>\n\u00d6z\u00fcm Vurgun<br \/>\nRamazan Kaya<br \/>\nRecep Mara\u015fl\u0131<br \/>\nSait \u00c7etino\u011flu<br \/>\nSami Akal\u0131n<br \/>\nSarp Balc\u0131<br \/>\nSerap \u00c7etin<br \/>\nSerhat Demir<br \/>\nSerpil Odaba\u015f\u0131<br \/>\nSevan De\u011firmenciyan<br \/>\nSevilay \u00d6zkurt<br \/>\nSevgi Aky\u0131ld\u0131z<br \/>\nSona K\u00fc\u00e7\u00fckyan<br \/>\nS\u0131rr\u0131 Sak\u0131k<br \/>\nSuat Bozku\u015f<br \/>\nSuat Turan<br \/>\nSuat Y\u0131lmaz<br \/>\nSuavi<br \/>\nSuzan Ebren<br \/>\nSuzan Yaz\u0131c\u0131<br \/>\nS\u00fcleyman Akbulut<br \/>\n\u015eafak \u00c7elik<br \/>\n\u015eanar Yurdatapan<br \/>\n\u015eebnem Budak<br \/>\n\u015eehbal \u015eenyurt Ar\u0131nl\u0131<br \/>\nTanju U\u00e7ar<br \/>\nTar\u0131k Demir<br \/>\nTar\u0131k Kayakan<br \/>\nTu\u011frul Ery\u0131lmaz<br \/>\nT\u00fcrkan Ertan\u00e7<br \/>\nUzay Bulut<br \/>\n\u00dcmit Efe<br \/>\n\u00dcnal Karasu<br \/>\nVedat \u00c7etin<br \/>\nVivet Kanetti<br \/>\nYasemin \u00c7ongar<br \/>\nYasemin Erden<br \/>\nYa\u015far Demircan<br \/>\nYavuz Ok\u00e7uo\u011flu<br \/>\nY\u0131ld\u0131r\u0131m \u015eahin<br \/>\nY\u0131ld\u0131r\u0131m T\u00fcrker<br \/>\nZiya Taner Ko\u00e7ak<br \/>\nZehra \u015eeno\u011fuz<br \/>\nZeynep Ceren Boztoprak<br \/>\nZeynep O\u011fuz<\/td>\n<\/tr>\n<\/tbody>\n<\/table>\n","protected":false},"excerpt":{"rendered":"<p>Bianet.org- \u0130HD E\u015f Genel Ba\u015fkan\u0131 Eren Keskin kampanya hedefini, \u201cGaro\u2019nun Arkada\u015flar\u0131 olarak sesimizi y\u00fckseltmek ve Garo Paylan\u2019\u0131n can g\u00fcvenli\u011finden kendisinin de sorumlu oldu\u011funu d\u00fc\u015f\u00fcnen herkesi sesini y\u00fckseltmeye \u00e7a\u011f\u0131rmak\u201d diye a\u00e7\u0131klad\u0131. Meclis\u2019e verdi\u011fi \u201cErmeni Soyk\u0131r\u0131m\u0131n\u0131n Tan\u0131nmas\u0131 ve Soyk\u0131r\u0131m Faillerinin Adlar\u0131n\u0131n Kamusal Alandan Kald\u0131r\u0131lmas\u0131\u201d hakk\u0131nda yasa teklifi nedeniyle hem iktidar, hem de muhalefet cephesinden a\u011f\u0131r sald\u0131r\u0131yla kar\u015f\u0131la\u015fan [&hellip;]<\/p>\n","protected":false},"author":7,"featured_media":69175,"comment_status":"open","ping_status":"open","sticky":false,"template":"","format":"standard","meta":{"footnotes":""},"categories":[1],"tags":[],"class_list":["post-69174","post","type-post","status-publish","format-standard","has-post-thumbnail","hentry","category-haberler"],"yoast_head":"<!-- This site is optimized with the Yoast SEO plugin v27.4 - https:\/\/yoast.com\/product\/yoast-seo-wordpress\/ -->\n<title>Garo\u2019nun Arkada\u015flar\u0131: Herkesi sorumlulu\u011fa \u00e7a\u011f\u0131r\u0131yoruz - Bati Ermenistan Ve Bati Ermenileri Sorunlari Ara\u015ftirmalar Merkezi<\/title>\n<meta name=\"robots\" content=\"index, follow, max-snippet:-1, max-image-preview:large, max-video-preview:-1\" \/>\n<link rel=\"canonical\" href=\"https:\/\/akunq.net\/tr\/?p=69174\" \/>\n<meta property=\"og:locale\" content=\"en_US\" \/>\n<meta property=\"og:type\" content=\"article\" \/>\n<meta property=\"og:title\" content=\"Garo\u2019nun Arkada\u015flar\u0131: Herkesi sorumlulu\u011fa \u00e7a\u011f\u0131r\u0131yoruz - Bati Ermenistan Ve Bati Ermenileri Sorunlari Ara\u015ftirmalar Merkezi\" \/>\n<meta property=\"og:description\" content=\"Bianet.org- \u0130HD E\u015f Genel Ba\u015fkan\u0131 Eren Keskin kampanya hedefini, \u201cGaro\u2019nun Arkada\u015flar\u0131 olarak sesimizi y\u00fckseltmek ve Garo Paylan\u2019\u0131n can g\u00fcvenli\u011finden kendisinin de sorumlu oldu\u011funu d\u00fc\u015f\u00fcnen herkesi sesini y\u00fckseltmeye \u00e7a\u011f\u0131rmak\u201d diye a\u00e7\u0131klad\u0131. Meclis\u2019e verdi\u011fi \u201cErmeni Soyk\u0131r\u0131m\u0131n\u0131n Tan\u0131nmas\u0131 ve Soyk\u0131r\u0131m Faillerinin Adlar\u0131n\u0131n Kamusal Alandan Kald\u0131r\u0131lmas\u0131\u201d hakk\u0131nda yasa teklifi nedeniyle hem iktidar, hem de muhalefet cephesinden a\u011f\u0131r sald\u0131r\u0131yla kar\u015f\u0131la\u015fan [&hellip;]\" \/>\n<meta property=\"og:url\" content=\"https:\/\/akunq.net\/tr\/?p=69174\" \/>\n<meta property=\"og:site_name\" content=\"Bati Ermenistan Ve Bati Ermenileri Sorunlari Ara\u015ftirmalar Merkezi\" \/>\n<meta property=\"article:published_time\" content=\"2022-06-30T08:11:18+00:00\" \/>\n<meta property=\"og:image\" content=\"https:\/\/akunq.net\/tr\/wp-content\/uploads\/sites\/6\/2022\/06\/Garo-Paylan.jpg\" \/>\n\t<meta property=\"og:image:width\" content=\"1020\" \/>\n\t<meta property=\"og:image:height\" content=\"660\" \/>\n\t<meta property=\"og:image:type\" content=\"image\/jpeg\" \/>\n<meta name=\"author\" content=\"admin\" \/>\n<meta name=\"twitter:card\" content=\"summary_large_image\" \/>\n<meta name=\"twitter:label1\" content=\"Written by\" \/>\n\t<meta name=\"twitter:data1\" content=\"admin\" \/>\n\t<meta name=\"twitter:label2\" content=\"Est. reading time\" \/>\n\t<meta name=\"twitter:data2\" content=\"6 minutes\" \/>\n<script type=\"application\/ld+json\" class=\"yoast-schema-graph\">{\"@context\":\"https:\\\/\\\/schema.org\",\"@graph\":[{\"@type\":\"Article\",\"@id\":\"https:\\\/\\\/akunq.net\\\/tr\\\/?p=69174#article\",\"isPartOf\":{\"@id\":\"https:\\\/\\\/akunq.net\\\/tr\\\/?p=69174\"},\"author\":{\"name\":\"admin\",\"@id\":\"https:\\\/\\\/akunq.net\\\/tr\\\/#\\\/schema\\\/person\\\/096f1d38a12cce57fb855b485ed24c9e\"},\"headline\":\"Garo\u2019nun Arkada\u015flar\u0131: Herkesi sorumlulu\u011fa \u00e7a\u011f\u0131r\u0131yoruz\",\"datePublished\":\"2022-06-30T08:11:18+00:00\",\"mainEntityOfPage\":{\"@id\":\"https:\\\/\\\/akunq.net\\\/tr\\\/?p=69174\"},\"wordCount\":1275,\"commentCount\":0,\"image\":{\"@id\":\"https:\\\/\\\/akunq.net\\\/tr\\\/?p=69174#primaryimage\"},\"thumbnailUrl\":\"https:\\\/\\\/akunq.net\\\/tr\\\/wp-content\\\/uploads\\\/sites\\\/6\\\/2022\\\/06\\\/Garo-Paylan.jpg\",\"articleSection\":[\"Haberler\"],\"inLanguage\":\"en-US\",\"potentialAction\":[{\"@type\":\"CommentAction\",\"name\":\"Comment\",\"target\":[\"https:\\\/\\\/akunq.net\\\/tr\\\/?p=69174#respond\"]}]},{\"@type\":\"WebPage\",\"@id\":\"https:\\\/\\\/akunq.net\\\/tr\\\/?p=69174\",\"url\":\"https:\\\/\\\/akunq.net\\\/tr\\\/?p=69174\",\"name\":\"Garo\u2019nun Arkada\u015flar\u0131: Herkesi sorumlulu\u011fa \u00e7a\u011f\u0131r\u0131yoruz - Bati Ermenistan Ve Bati Ermenileri Sorunlari Ara\u015ftirmalar Merkezi\",\"isPartOf\":{\"@id\":\"https:\\\/\\\/akunq.net\\\/tr\\\/#website\"},\"primaryImageOfPage\":{\"@id\":\"https:\\\/\\\/akunq.net\\\/tr\\\/?p=69174#primaryimage\"},\"image\":{\"@id\":\"https:\\\/\\\/akunq.net\\\/tr\\\/?p=69174#primaryimage\"},\"thumbnailUrl\":\"https:\\\/\\\/akunq.net\\\/tr\\\/wp-content\\\/uploads\\\/sites\\\/6\\\/2022\\\/06\\\/Garo-Paylan.jpg\",\"datePublished\":\"2022-06-30T08:11:18+00:00\",\"author\":{\"@id\":\"https:\\\/\\\/akunq.net\\\/tr\\\/#\\\/schema\\\/person\\\/096f1d38a12cce57fb855b485ed24c9e\"},\"breadcrumb\":{\"@id\":\"https:\\\/\\\/akunq.net\\\/tr\\\/?p=69174#breadcrumb\"},\"inLanguage\":\"en-US\",\"potentialAction\":[{\"@type\":\"ReadAction\",\"target\":[\"https:\\\/\\\/akunq.net\\\/tr\\\/?p=69174\"]}]},{\"@type\":\"ImageObject\",\"inLanguage\":\"en-US\",\"@id\":\"https:\\\/\\\/akunq.net\\\/tr\\\/?p=69174#primaryimage\",\"url\":\"https:\\\/\\\/akunq.net\\\/tr\\\/wp-content\\\/uploads\\\/sites\\\/6\\\/2022\\\/06\\\/Garo-Paylan.jpg\",\"contentUrl\":\"https:\\\/\\\/akunq.net\\\/tr\\\/wp-content\\\/uploads\\\/sites\\\/6\\\/2022\\\/06\\\/Garo-Paylan.jpg\",\"width\":1020,\"height\":660},{\"@type\":\"BreadcrumbList\",\"@id\":\"https:\\\/\\\/akunq.net\\\/tr\\\/?p=69174#breadcrumb\",\"itemListElement\":[{\"@type\":\"ListItem\",\"position\":1,\"name\":\"Home\",\"item\":\"https:\\\/\\\/akunq.net\\\/tr\"},{\"@type\":\"ListItem\",\"position\":2,\"name\":\"Garo\u2019nun Arkada\u015flar\u0131: Herkesi sorumlulu\u011fa \u00e7a\u011f\u0131r\u0131yoruz\"}]},{\"@type\":\"WebSite\",\"@id\":\"https:\\\/\\\/akunq.net\\\/tr\\\/#website\",\"url\":\"https:\\\/\\\/akunq.net\\\/tr\\\/\",\"name\":\"Bati Ermenistan Ve Bati Ermenileri Sorunlari Ara\u015ftirmalar Merkezi\",\"description\":\"\",\"potentialAction\":[{\"@type\":\"SearchAction\",\"target\":{\"@type\":\"EntryPoint\",\"urlTemplate\":\"https:\\\/\\\/akunq.net\\\/tr\\\/?s={search_term_string}\"},\"query-input\":{\"@type\":\"PropertyValueSpecification\",\"valueRequired\":true,\"valueName\":\"search_term_string\"}}],\"inLanguage\":\"en-US\"},{\"@type\":\"Person\",\"@id\":\"https:\\\/\\\/akunq.net\\\/tr\\\/#\\\/schema\\\/person\\\/096f1d38a12cce57fb855b485ed24c9e\",\"name\":\"admin\",\"url\":\"https:\\\/\\\/akunq.net\\\/tr\\\/?author=7\"}]}<\/script>\n<!-- \/ Yoast SEO plugin. -->","yoast_head_json":{"title":"Garo\u2019nun Arkada\u015flar\u0131: Herkesi sorumlulu\u011fa \u00e7a\u011f\u0131r\u0131yoruz - Bati Ermenistan Ve Bati Ermenileri Sorunlari Ara\u015ftirmalar Merkezi","robots":{"index":"index","follow":"follow","max-snippet":"max-snippet:-1","max-image-preview":"max-image-preview:large","max-video-preview":"max-video-preview:-1"},"canonical":"https:\/\/akunq.net\/tr\/?p=69174","og_locale":"en_US","og_type":"article","og_title":"Garo\u2019nun Arkada\u015flar\u0131: Herkesi sorumlulu\u011fa \u00e7a\u011f\u0131r\u0131yoruz - Bati Ermenistan Ve Bati Ermenileri Sorunlari Ara\u015ftirmalar Merkezi","og_description":"Bianet.org- \u0130HD E\u015f Genel Ba\u015fkan\u0131 Eren Keskin kampanya hedefini, \u201cGaro\u2019nun Arkada\u015flar\u0131 olarak sesimizi y\u00fckseltmek ve Garo Paylan\u2019\u0131n can g\u00fcvenli\u011finden kendisinin de sorumlu oldu\u011funu d\u00fc\u015f\u00fcnen herkesi sesini y\u00fckseltmeye \u00e7a\u011f\u0131rmak\u201d diye a\u00e7\u0131klad\u0131. Meclis\u2019e verdi\u011fi \u201cErmeni Soyk\u0131r\u0131m\u0131n\u0131n Tan\u0131nmas\u0131 ve Soyk\u0131r\u0131m Faillerinin Adlar\u0131n\u0131n Kamusal Alandan Kald\u0131r\u0131lmas\u0131\u201d hakk\u0131nda yasa teklifi nedeniyle hem iktidar, hem de muhalefet cephesinden a\u011f\u0131r sald\u0131r\u0131yla kar\u015f\u0131la\u015fan [&hellip;]","og_url":"https:\/\/akunq.net\/tr\/?p=69174","og_site_name":"Bati Ermenistan Ve Bati Ermenileri Sorunlari Ara\u015ftirmalar Merkezi","article_published_time":"2022-06-30T08:11:18+00:00","og_image":[{"width":1020,"height":660,"url":"https:\/\/akunq.net\/tr\/wp-content\/uploads\/sites\/6\/2022\/06\/Garo-Paylan.jpg","type":"image\/jpeg"}],"author":"admin","twitter_card":"summary_large_image","twitter_misc":{"Written by":"admin","Est. reading time":"6 minutes"},"schema":{"@context":"https:\/\/schema.org","@graph":[{"@type":"Article","@id":"https:\/\/akunq.net\/tr\/?p=69174#article","isPartOf":{"@id":"https:\/\/akunq.net\/tr\/?p=69174"},"author":{"name":"admin","@id":"https:\/\/akunq.net\/tr\/#\/schema\/person\/096f1d38a12cce57fb855b485ed24c9e"},"headline":"Garo\u2019nun Arkada\u015flar\u0131: Herkesi sorumlulu\u011fa \u00e7a\u011f\u0131r\u0131yoruz","datePublished":"2022-06-30T08:11:18+00:00","mainEntityOfPage":{"@id":"https:\/\/akunq.net\/tr\/?p=69174"},"wordCount":1275,"commentCount":0,"image":{"@id":"https:\/\/akunq.net\/tr\/?p=69174#primaryimage"},"thumbnailUrl":"https:\/\/akunq.net\/tr\/wp-content\/uploads\/sites\/6\/2022\/06\/Garo-Paylan.jpg","articleSection":["Haberler"],"inLanguage":"en-US","potentialAction":[{"@type":"CommentAction","name":"Comment","target":["https:\/\/akunq.net\/tr\/?p=69174#respond"]}]},{"@type":"WebPage","@id":"https:\/\/akunq.net\/tr\/?p=69174","url":"https:\/\/akunq.net\/tr\/?p=69174","name":"Garo\u2019nun Arkada\u015flar\u0131: Herkesi sorumlulu\u011fa \u00e7a\u011f\u0131r\u0131yoruz - Bati Ermenistan Ve Bati Ermenileri Sorunlari Ara\u015ftirmalar Merkezi","isPartOf":{"@id":"https:\/\/akunq.net\/tr\/#website"},"primaryImageOfPage":{"@id":"https:\/\/akunq.net\/tr\/?p=69174#primaryimage"},"image":{"@id":"https:\/\/akunq.net\/tr\/?p=69174#primaryimage"},"thumbnailUrl":"https:\/\/akunq.net\/tr\/wp-content\/uploads\/sites\/6\/2022\/06\/Garo-Paylan.jpg","datePublished":"2022-06-30T08:11:18+00:00","author":{"@id":"https:\/\/akunq.net\/tr\/#\/schema\/person\/096f1d38a12cce57fb855b485ed24c9e"},"breadcrumb":{"@id":"https:\/\/akunq.net\/tr\/?p=69174#breadcrumb"},"inLanguage":"en-US","potentialAction":[{"@type":"ReadAction","target":["https:\/\/akunq.net\/tr\/?p=69174"]}]},{"@type":"ImageObject","inLanguage":"en-US","@id":"https:\/\/akunq.net\/tr\/?p=69174#primaryimage","url":"https:\/\/akunq.net\/tr\/wp-content\/uploads\/sites\/6\/2022\/06\/Garo-Paylan.jpg","contentUrl":"https:\/\/akunq.net\/tr\/wp-content\/uploads\/sites\/6\/2022\/06\/Garo-Paylan.jpg","width":1020,"height":660},{"@type":"BreadcrumbList","@id":"https:\/\/akunq.net\/tr\/?p=69174#breadcrumb","itemListElement":[{"@type":"ListItem","position":1,"name":"Home","item":"https:\/\/akunq.net\/tr"},{"@type":"ListItem","position":2,"name":"Garo\u2019nun Arkada\u015flar\u0131: Herkesi sorumlulu\u011fa \u00e7a\u011f\u0131r\u0131yoruz"}]},{"@type":"WebSite","@id":"https:\/\/akunq.net\/tr\/#website","url":"https:\/\/akunq.net\/tr\/","name":"Bati Ermenistan Ve Bati Ermenileri Sorunlari Ara\u015ftirmalar Merkezi","description":"","potentialAction":[{"@type":"SearchAction","target":{"@type":"EntryPoint","urlTemplate":"https:\/\/akunq.net\/tr\/?s={search_term_string}"},"query-input":{"@type":"PropertyValueSpecification","valueRequired":true,"valueName":"search_term_string"}}],"inLanguage":"en-US"},{"@type":"Person","@id":"https:\/\/akunq.net\/tr\/#\/schema\/person\/096f1d38a12cce57fb855b485ed24c9e","name":"admin","url":"https:\/\/akunq.net\/tr\/?author=7"}]}},"_links":{"self":[{"href":"https:\/\/akunq.net\/tr\/index.php?rest_route=\/wp\/v2\/posts\/69174","targetHints":{"allow":["GET"]}}],"collection":[{"href":"https:\/\/akunq.net\/tr\/index.php?rest_route=\/wp\/v2\/posts"}],"about":[{"href":"https:\/\/akunq.net\/tr\/index.php?rest_route=\/wp\/v2\/types\/post"}],"author":[{"embeddable":true,"href":"https:\/\/akunq.net\/tr\/index.php?rest_route=\/wp\/v2\/users\/7"}],"replies":[{"embeddable":true,"href":"https:\/\/akunq.net\/tr\/index.php?rest_route=%2Fwp%2Fv2%2Fcomments&post=69174"}],"version-history":[{"count":2,"href":"https:\/\/akunq.net\/tr\/index.php?rest_route=\/wp\/v2\/posts\/69174\/revisions"}],"predecessor-version":[{"id":69177,"href":"https:\/\/akunq.net\/tr\/index.php?rest_route=\/wp\/v2\/posts\/69174\/revisions\/69177"}],"wp:featuredmedia":[{"embeddable":true,"href":"https:\/\/akunq.net\/tr\/index.php?rest_route=\/wp\/v2\/media\/69175"}],"wp:attachment":[{"href":"https:\/\/akunq.net\/tr\/index.php?rest_route=%2Fwp%2Fv2%2Fmedia&parent=69174"}],"wp:term":[{"taxonomy":"category","embeddable":true,"href":"https:\/\/akunq.net\/tr\/index.php?rest_route=%2Fwp%2Fv2%2Fcategories&post=69174"},{"taxonomy":"post_tag","embeddable":true,"href":"https:\/\/akunq.net\/tr\/index.php?rest_route=%2Fwp%2Fv2%2Ftags&post=69174"}],"curies":[{"name":"wp","href":"https:\/\/api.w.org\/{rel}","templated":true}]}}