{"id":69171,"date":"2022-06-30T02:52:34","date_gmt":"2022-06-30T07:52:34","guid":{"rendered":"https:\/\/akunq.net\/tr\/?p=69171"},"modified":"2022-06-30T02:52:34","modified_gmt":"2022-06-30T07:52:34","slug":"dunyanin-ilk-magara-kilisesi-st-pierrede-ayin","status":"publish","type":"post","link":"https:\/\/akunq.net\/tr\/?p=69171","title":{"rendered":"D\u00fcnyan\u0131n ilk ma\u011fara kilisesi St. Pierre\u2019de ayin"},"content":{"rendered":"<p><img loading=\"lazy\" decoding=\"async\" class=\"aligncenter size-medium wp-image-69172\" src=\"https:\/\/akunq.net\/tr\/wp-content\/uploads\/2022\/06\/Dunyanin-ilk-magara-kilisesi-St.-Pierre-360x202.jpg\" alt=\"\" width=\"360\" height=\"202\" srcset=\"https:\/\/akunq.net\/tr\/wp-content\/uploads\/sites\/6\/2022\/06\/Dunyanin-ilk-magara-kilisesi-St.-Pierre-360x202.jpg 360w, https:\/\/akunq.net\/tr\/wp-content\/uploads\/sites\/6\/2022\/06\/Dunyanin-ilk-magara-kilisesi-St.-Pierre-560x315.jpg 560w, https:\/\/akunq.net\/tr\/wp-content\/uploads\/sites\/6\/2022\/06\/Dunyanin-ilk-magara-kilisesi-St.-Pierre-260x146.jpg 260w, https:\/\/akunq.net\/tr\/wp-content\/uploads\/sites\/6\/2022\/06\/Dunyanin-ilk-magara-kilisesi-St.-Pierre-160x90.jpg 160w, https:\/\/akunq.net\/tr\/wp-content\/uploads\/sites\/6\/2022\/06\/Dunyanin-ilk-magara-kilisesi-St.-Pierre.jpg 729w\" sizes=\"auto, (max-width: 360px) 100vw, 360px\" \/><\/p>\n<p><strong><em>Hatay\u2019\u0131n Antakya il\u00e7esinde,\u00a0<a href=\"https:\/\/www.dha.com.tr\/haberleri\/st-pierre\" target=\"_blank\" rel=\"noreferrer noopener\">St. Pierre<\/a>\u00a0Aziz Petrus ve Pavlus Bayram\u0131 kapsam\u0131nda,\u00a0d\u00fcnyan\u0131n ilk\u00a0<a href=\"https:\/\/www.dha.com.tr\/haberleri\/magara-kilisesi\" target=\"_blank\" rel=\"noreferrer noopener\">ma\u011fara kilisesi<\/a>\u00a0olarak bilinen St. Pierre\u2019de\u00a0<a href=\"https:\/\/www.dha.com.tr\/haberleri\/ayin\" target=\"_blank\" rel=\"noreferrer noopener\">ayin<\/a>\u00a0d\u00fczenlendi.<\/em><\/strong><\/p>\n<p><a href=\"https:\/\/www.dha.com.tr\/haberleri\/st-pierre\" target=\"_blank\" rel=\"noreferrer noopener\">St. Pierre<\/a>\u00a0Aziz Petrus ve Pavlus Bayram\u0131 kapsam\u0131nda, d\u00fcnyan\u0131n ilk\u00a0<a href=\"https:\/\/www.dha.com.tr\/haberleri\/magara-kilisesi\" target=\"_blank\" rel=\"noreferrer noopener\">ma\u011fara kilisesi<\/a>\u00a0olarak bilinen St. Pierre\u2019de\u00a0<a href=\"https:\/\/www.dha.com.tr\/haberleri\/ayin\" target=\"_blank\" rel=\"noreferrer noopener\">ayin<\/a>\u00a0d\u00fczenlendi. Sayg\u0131 duru\u015fu ve ard\u0131ndan okunan \u0130stiklal Mar\u015f\u0131 ile ba\u015flayan ayine, Vatikan\u2019\u0131n T\u00fcrkiye B\u00fcy\u00fckel\u00e7isi Marek Solczy\u0144ski, Anadolu Havarisel Vekili ve Episkoposu Monseny\u00f6r Paolo Bizzeti, Beyrut Aziz \u0130lyas Manast\u0131r\u0131 Ba\u015f Rahibi Episkopos Konstantin Kayyel, dini liderler ile Hristiyan vatanda\u015flar kat\u0131ld\u0131. \u0130ncil\u2019den b\u00f6l\u00fcmlerin okundu\u011fu ve ilahilerin seslendirildi\u011fi ayinde, birlik, beraberlik ve karde\u015flik mesajlar\u0131 verildi.<\/p>\n<figure class=\"wp-block-image\"><img decoding=\"async\" src=\"https:\/\/i.dha.com.tr\/i\/dha\/75\/770x0\/62bc349e50acca22c47ac6fd\" alt=\"D\u00fcnyan\u0131n ilk ma\u011fara kilisesi St. Pierrede ayin\" \/><\/figure>\n<p>B\u00fcy\u00fckel\u00e7i Solczy\u0144ski, yapt\u0131\u011f\u0131 konu\u015fmada, St. Pierre Kilisesi\u2019nde bulunmaktan dolay\u0131 mutlu oldu\u011funu dile getirerek, Hristiyanlar\u0131n bayram\u0131n\u0131 kutlad\u0131. Ayin sonras\u0131 bayrama \u00f6zel haz\u0131rlanan kutsanm\u0131\u015f ekmek, b\u00f6l\u00fcnerek yenildi.<\/p>\n<figure class=\"wp-block-image\"><img decoding=\"async\" src=\"https:\/\/i.dha.com.tr\/i\/dha\/75\/770x0\/62bc349e50acca22c47ac6fb\" alt=\"D\u00fcnyan\u0131n ilk ma\u011fara kilisesi St. Pierrede ayin\" \/><\/figure>\n<p><em><strong>\u0130zzet NAZLI\/ HATAY, (DHA)\u00a0<\/strong><\/em><\/p>\n<p><em><strong><a href=\"https:\/\/www.dha.com.tr\/gundem\/dunyanin-ilk-magara-kilisesi-st-pierrede-ayin-2093280\">https:\/\/www.dha.com.tr\/gundem\/dunyanin-ilk-magara-kilisesi-st-pierrede-ayin-2093280<\/a>\u00a0<\/strong><\/em><\/p>\n","protected":false},"excerpt":{"rendered":"<p>Hatay\u2019\u0131n Antakya il\u00e7esinde,\u00a0St. Pierre\u00a0Aziz Petrus ve Pavlus Bayram\u0131 kapsam\u0131nda,\u00a0d\u00fcnyan\u0131n ilk\u00a0ma\u011fara kilisesi\u00a0olarak bilinen St. Pierre\u2019de\u00a0ayin\u00a0d\u00fczenlendi. St. Pierre\u00a0Aziz Petrus ve Pavlus Bayram\u0131 kapsam\u0131nda, d\u00fcnyan\u0131n ilk\u00a0ma\u011fara kilisesi\u00a0olarak bilinen St. Pierre\u2019de\u00a0ayin\u00a0d\u00fczenlendi. Sayg\u0131 duru\u015fu ve ard\u0131ndan okunan \u0130stiklal Mar\u015f\u0131 ile ba\u015flayan ayine, Vatikan\u2019\u0131n T\u00fcrkiye B\u00fcy\u00fckel\u00e7isi Marek Solczy\u0144ski, Anadolu Havarisel Vekili ve Episkoposu Monseny\u00f6r Paolo Bizzeti, Beyrut Aziz \u0130lyas Manast\u0131r\u0131 Ba\u015f [&hellip;]<\/p>\n","protected":false},"author":7,"featured_media":69172,"comment_status":"open","ping_status":"open","sticky":false,"template":"","format":"standard","meta":{"footnotes":""},"categories":[1],"tags":[],"class_list":["post-69171","post","type-post","status-publish","format-standard","has-post-thumbnail","hentry","category-haberler"],"yoast_head":"<!-- This site is optimized with the Yoast SEO plugin v27.4 - https:\/\/yoast.com\/product\/yoast-seo-wordpress\/ -->\n<title>D\u00fcnyan\u0131n ilk ma\u011fara kilisesi St. Pierre\u2019de ayin - Bati Ermenistan Ve Bati Ermenileri Sorunlari Ara\u015ftirmalar Merkezi<\/title>\n<meta name=\"robots\" content=\"index, follow, max-snippet:-1, max-image-preview:large, max-video-preview:-1\" \/>\n<link rel=\"canonical\" href=\"https:\/\/akunq.net\/tr\/?p=69171\" \/>\n<meta property=\"og:locale\" content=\"en_US\" \/>\n<meta property=\"og:type\" content=\"article\" \/>\n<meta property=\"og:title\" content=\"D\u00fcnyan\u0131n ilk ma\u011fara kilisesi St. Pierre\u2019de ayin - Bati Ermenistan Ve Bati Ermenileri Sorunlari Ara\u015ftirmalar Merkezi\" \/>\n<meta property=\"og:description\" content=\"Hatay\u2019\u0131n Antakya il\u00e7esinde,\u00a0St. Pierre\u00a0Aziz Petrus ve Pavlus Bayram\u0131 kapsam\u0131nda,\u00a0d\u00fcnyan\u0131n ilk\u00a0ma\u011fara kilisesi\u00a0olarak bilinen St. Pierre\u2019de\u00a0ayin\u00a0d\u00fczenlendi. St. Pierre\u00a0Aziz Petrus ve Pavlus Bayram\u0131 kapsam\u0131nda, d\u00fcnyan\u0131n ilk\u00a0ma\u011fara kilisesi\u00a0olarak bilinen St. Pierre\u2019de\u00a0ayin\u00a0d\u00fczenlendi. Sayg\u0131 duru\u015fu ve ard\u0131ndan okunan \u0130stiklal Mar\u015f\u0131 ile ba\u015flayan ayine, Vatikan\u2019\u0131n T\u00fcrkiye B\u00fcy\u00fckel\u00e7isi Marek Solczy\u0144ski, Anadolu Havarisel Vekili ve Episkoposu Monseny\u00f6r Paolo Bizzeti, Beyrut Aziz \u0130lyas Manast\u0131r\u0131 Ba\u015f [&hellip;]\" \/>\n<meta property=\"og:url\" content=\"https:\/\/akunq.net\/tr\/?p=69171\" \/>\n<meta property=\"og:site_name\" content=\"Bati Ermenistan Ve Bati Ermenileri Sorunlari Ara\u015ftirmalar Merkezi\" \/>\n<meta property=\"article:published_time\" content=\"2022-06-30T07:52:34+00:00\" \/>\n<meta property=\"og:image\" content=\"https:\/\/akunq.net\/tr\/wp-content\/uploads\/sites\/6\/2022\/06\/Dunyanin-ilk-magara-kilisesi-St.-Pierre.jpg\" \/>\n\t<meta property=\"og:image:width\" content=\"729\" \/>\n\t<meta property=\"og:image:height\" content=\"410\" \/>\n\t<meta property=\"og:image:type\" content=\"image\/jpeg\" \/>\n<meta name=\"author\" content=\"admin\" \/>\n<meta name=\"twitter:card\" content=\"summary_large_image\" \/>\n<meta name=\"twitter:label1\" content=\"Written by\" \/>\n\t<meta name=\"twitter:data1\" content=\"admin\" \/>\n\t<meta name=\"twitter:label2\" content=\"Est. reading time\" \/>\n\t<meta name=\"twitter:data2\" content=\"1 minute\" \/>\n<script type=\"application\/ld+json\" class=\"yoast-schema-graph\">{\"@context\":\"https:\\\/\\\/schema.org\",\"@graph\":[{\"@type\":\"Article\",\"@id\":\"https:\\\/\\\/akunq.net\\\/tr\\\/?p=69171#article\",\"isPartOf\":{\"@id\":\"https:\\\/\\\/akunq.net\\\/tr\\\/?p=69171\"},\"author\":{\"name\":\"admin\",\"@id\":\"https:\\\/\\\/akunq.net\\\/tr\\\/#\\\/schema\\\/person\\\/096f1d38a12cce57fb855b485ed24c9e\"},\"headline\":\"D\u00fcnyan\u0131n ilk ma\u011fara kilisesi St. Pierre\u2019de ayin\",\"datePublished\":\"2022-06-30T07:52:34+00:00\",\"mainEntityOfPage\":{\"@id\":\"https:\\\/\\\/akunq.net\\\/tr\\\/?p=69171\"},\"wordCount\":182,\"commentCount\":0,\"image\":{\"@id\":\"https:\\\/\\\/akunq.net\\\/tr\\\/?p=69171#primaryimage\"},\"thumbnailUrl\":\"https:\\\/\\\/akunq.net\\\/tr\\\/wp-content\\\/uploads\\\/sites\\\/6\\\/2022\\\/06\\\/Dunyanin-ilk-magara-kilisesi-St.-Pierre.jpg\",\"articleSection\":[\"Haberler\"],\"inLanguage\":\"en-US\",\"potentialAction\":[{\"@type\":\"CommentAction\",\"name\":\"Comment\",\"target\":[\"https:\\\/\\\/akunq.net\\\/tr\\\/?p=69171#respond\"]}]},{\"@type\":\"WebPage\",\"@id\":\"https:\\\/\\\/akunq.net\\\/tr\\\/?p=69171\",\"url\":\"https:\\\/\\\/akunq.net\\\/tr\\\/?p=69171\",\"name\":\"D\u00fcnyan\u0131n ilk ma\u011fara kilisesi St. Pierre\u2019de ayin - Bati Ermenistan Ve Bati Ermenileri Sorunlari Ara\u015ftirmalar Merkezi\",\"isPartOf\":{\"@id\":\"https:\\\/\\\/akunq.net\\\/tr\\\/#website\"},\"primaryImageOfPage\":{\"@id\":\"https:\\\/\\\/akunq.net\\\/tr\\\/?p=69171#primaryimage\"},\"image\":{\"@id\":\"https:\\\/\\\/akunq.net\\\/tr\\\/?p=69171#primaryimage\"},\"thumbnailUrl\":\"https:\\\/\\\/akunq.net\\\/tr\\\/wp-content\\\/uploads\\\/sites\\\/6\\\/2022\\\/06\\\/Dunyanin-ilk-magara-kilisesi-St.-Pierre.jpg\",\"datePublished\":\"2022-06-30T07:52:34+00:00\",\"author\":{\"@id\":\"https:\\\/\\\/akunq.net\\\/tr\\\/#\\\/schema\\\/person\\\/096f1d38a12cce57fb855b485ed24c9e\"},\"breadcrumb\":{\"@id\":\"https:\\\/\\\/akunq.net\\\/tr\\\/?p=69171#breadcrumb\"},\"inLanguage\":\"en-US\",\"potentialAction\":[{\"@type\":\"ReadAction\",\"target\":[\"https:\\\/\\\/akunq.net\\\/tr\\\/?p=69171\"]}]},{\"@type\":\"ImageObject\",\"inLanguage\":\"en-US\",\"@id\":\"https:\\\/\\\/akunq.net\\\/tr\\\/?p=69171#primaryimage\",\"url\":\"https:\\\/\\\/akunq.net\\\/tr\\\/wp-content\\\/uploads\\\/sites\\\/6\\\/2022\\\/06\\\/Dunyanin-ilk-magara-kilisesi-St.-Pierre.jpg\",\"contentUrl\":\"https:\\\/\\\/akunq.net\\\/tr\\\/wp-content\\\/uploads\\\/sites\\\/6\\\/2022\\\/06\\\/Dunyanin-ilk-magara-kilisesi-St.-Pierre.jpg\",\"width\":729,\"height\":410},{\"@type\":\"BreadcrumbList\",\"@id\":\"https:\\\/\\\/akunq.net\\\/tr\\\/?p=69171#breadcrumb\",\"itemListElement\":[{\"@type\":\"ListItem\",\"position\":1,\"name\":\"Home\",\"item\":\"https:\\\/\\\/akunq.net\\\/tr\"},{\"@type\":\"ListItem\",\"position\":2,\"name\":\"D\u00fcnyan\u0131n ilk ma\u011fara kilisesi St. Pierre\u2019de ayin\"}]},{\"@type\":\"WebSite\",\"@id\":\"https:\\\/\\\/akunq.net\\\/tr\\\/#website\",\"url\":\"https:\\\/\\\/akunq.net\\\/tr\\\/\",\"name\":\"Bati Ermenistan Ve Bati Ermenileri Sorunlari Ara\u015ftirmalar Merkezi\",\"description\":\"\",\"potentialAction\":[{\"@type\":\"SearchAction\",\"target\":{\"@type\":\"EntryPoint\",\"urlTemplate\":\"https:\\\/\\\/akunq.net\\\/tr\\\/?s={search_term_string}\"},\"query-input\":{\"@type\":\"PropertyValueSpecification\",\"valueRequired\":true,\"valueName\":\"search_term_string\"}}],\"inLanguage\":\"en-US\"},{\"@type\":\"Person\",\"@id\":\"https:\\\/\\\/akunq.net\\\/tr\\\/#\\\/schema\\\/person\\\/096f1d38a12cce57fb855b485ed24c9e\",\"name\":\"admin\",\"url\":\"https:\\\/\\\/akunq.net\\\/tr\\\/?author=7\"}]}<\/script>\n<!-- \/ Yoast SEO plugin. -->","yoast_head_json":{"title":"D\u00fcnyan\u0131n ilk ma\u011fara kilisesi St. Pierre\u2019de ayin - Bati Ermenistan Ve Bati Ermenileri Sorunlari Ara\u015ftirmalar Merkezi","robots":{"index":"index","follow":"follow","max-snippet":"max-snippet:-1","max-image-preview":"max-image-preview:large","max-video-preview":"max-video-preview:-1"},"canonical":"https:\/\/akunq.net\/tr\/?p=69171","og_locale":"en_US","og_type":"article","og_title":"D\u00fcnyan\u0131n ilk ma\u011fara kilisesi St. Pierre\u2019de ayin - Bati Ermenistan Ve Bati Ermenileri Sorunlari Ara\u015ftirmalar Merkezi","og_description":"Hatay\u2019\u0131n Antakya il\u00e7esinde,\u00a0St. Pierre\u00a0Aziz Petrus ve Pavlus Bayram\u0131 kapsam\u0131nda,\u00a0d\u00fcnyan\u0131n ilk\u00a0ma\u011fara kilisesi\u00a0olarak bilinen St. Pierre\u2019de\u00a0ayin\u00a0d\u00fczenlendi. St. Pierre\u00a0Aziz Petrus ve Pavlus Bayram\u0131 kapsam\u0131nda, d\u00fcnyan\u0131n ilk\u00a0ma\u011fara kilisesi\u00a0olarak bilinen St. Pierre\u2019de\u00a0ayin\u00a0d\u00fczenlendi. Sayg\u0131 duru\u015fu ve ard\u0131ndan okunan \u0130stiklal Mar\u015f\u0131 ile ba\u015flayan ayine, Vatikan\u2019\u0131n T\u00fcrkiye B\u00fcy\u00fckel\u00e7isi Marek Solczy\u0144ski, Anadolu Havarisel Vekili ve Episkoposu Monseny\u00f6r Paolo Bizzeti, Beyrut Aziz \u0130lyas Manast\u0131r\u0131 Ba\u015f [&hellip;]","og_url":"https:\/\/akunq.net\/tr\/?p=69171","og_site_name":"Bati Ermenistan Ve Bati Ermenileri Sorunlari Ara\u015ftirmalar Merkezi","article_published_time":"2022-06-30T07:52:34+00:00","og_image":[{"width":729,"height":410,"url":"https:\/\/akunq.net\/tr\/wp-content\/uploads\/sites\/6\/2022\/06\/Dunyanin-ilk-magara-kilisesi-St.-Pierre.jpg","type":"image\/jpeg"}],"author":"admin","twitter_card":"summary_large_image","twitter_misc":{"Written by":"admin","Est. reading time":"1 minute"},"schema":{"@context":"https:\/\/schema.org","@graph":[{"@type":"Article","@id":"https:\/\/akunq.net\/tr\/?p=69171#article","isPartOf":{"@id":"https:\/\/akunq.net\/tr\/?p=69171"},"author":{"name":"admin","@id":"https:\/\/akunq.net\/tr\/#\/schema\/person\/096f1d38a12cce57fb855b485ed24c9e"},"headline":"D\u00fcnyan\u0131n ilk ma\u011fara kilisesi St. Pierre\u2019de ayin","datePublished":"2022-06-30T07:52:34+00:00","mainEntityOfPage":{"@id":"https:\/\/akunq.net\/tr\/?p=69171"},"wordCount":182,"commentCount":0,"image":{"@id":"https:\/\/akunq.net\/tr\/?p=69171#primaryimage"},"thumbnailUrl":"https:\/\/akunq.net\/tr\/wp-content\/uploads\/sites\/6\/2022\/06\/Dunyanin-ilk-magara-kilisesi-St.-Pierre.jpg","articleSection":["Haberler"],"inLanguage":"en-US","potentialAction":[{"@type":"CommentAction","name":"Comment","target":["https:\/\/akunq.net\/tr\/?p=69171#respond"]}]},{"@type":"WebPage","@id":"https:\/\/akunq.net\/tr\/?p=69171","url":"https:\/\/akunq.net\/tr\/?p=69171","name":"D\u00fcnyan\u0131n ilk ma\u011fara kilisesi St. Pierre\u2019de ayin - Bati Ermenistan Ve Bati Ermenileri Sorunlari Ara\u015ftirmalar Merkezi","isPartOf":{"@id":"https:\/\/akunq.net\/tr\/#website"},"primaryImageOfPage":{"@id":"https:\/\/akunq.net\/tr\/?p=69171#primaryimage"},"image":{"@id":"https:\/\/akunq.net\/tr\/?p=69171#primaryimage"},"thumbnailUrl":"https:\/\/akunq.net\/tr\/wp-content\/uploads\/sites\/6\/2022\/06\/Dunyanin-ilk-magara-kilisesi-St.-Pierre.jpg","datePublished":"2022-06-30T07:52:34+00:00","author":{"@id":"https:\/\/akunq.net\/tr\/#\/schema\/person\/096f1d38a12cce57fb855b485ed24c9e"},"breadcrumb":{"@id":"https:\/\/akunq.net\/tr\/?p=69171#breadcrumb"},"inLanguage":"en-US","potentialAction":[{"@type":"ReadAction","target":["https:\/\/akunq.net\/tr\/?p=69171"]}]},{"@type":"ImageObject","inLanguage":"en-US","@id":"https:\/\/akunq.net\/tr\/?p=69171#primaryimage","url":"https:\/\/akunq.net\/tr\/wp-content\/uploads\/sites\/6\/2022\/06\/Dunyanin-ilk-magara-kilisesi-St.-Pierre.jpg","contentUrl":"https:\/\/akunq.net\/tr\/wp-content\/uploads\/sites\/6\/2022\/06\/Dunyanin-ilk-magara-kilisesi-St.-Pierre.jpg","width":729,"height":410},{"@type":"BreadcrumbList","@id":"https:\/\/akunq.net\/tr\/?p=69171#breadcrumb","itemListElement":[{"@type":"ListItem","position":1,"name":"Home","item":"https:\/\/akunq.net\/tr"},{"@type":"ListItem","position":2,"name":"D\u00fcnyan\u0131n ilk ma\u011fara kilisesi St. Pierre\u2019de ayin"}]},{"@type":"WebSite","@id":"https:\/\/akunq.net\/tr\/#website","url":"https:\/\/akunq.net\/tr\/","name":"Bati Ermenistan Ve Bati Ermenileri Sorunlari Ara\u015ftirmalar Merkezi","description":"","potentialAction":[{"@type":"SearchAction","target":{"@type":"EntryPoint","urlTemplate":"https:\/\/akunq.net\/tr\/?s={search_term_string}"},"query-input":{"@type":"PropertyValueSpecification","valueRequired":true,"valueName":"search_term_string"}}],"inLanguage":"en-US"},{"@type":"Person","@id":"https:\/\/akunq.net\/tr\/#\/schema\/person\/096f1d38a12cce57fb855b485ed24c9e","name":"admin","url":"https:\/\/akunq.net\/tr\/?author=7"}]}},"_links":{"self":[{"href":"https:\/\/akunq.net\/tr\/index.php?rest_route=\/wp\/v2\/posts\/69171","targetHints":{"allow":["GET"]}}],"collection":[{"href":"https:\/\/akunq.net\/tr\/index.php?rest_route=\/wp\/v2\/posts"}],"about":[{"href":"https:\/\/akunq.net\/tr\/index.php?rest_route=\/wp\/v2\/types\/post"}],"author":[{"embeddable":true,"href":"https:\/\/akunq.net\/tr\/index.php?rest_route=\/wp\/v2\/users\/7"}],"replies":[{"embeddable":true,"href":"https:\/\/akunq.net\/tr\/index.php?rest_route=%2Fwp%2Fv2%2Fcomments&post=69171"}],"version-history":[{"count":1,"href":"https:\/\/akunq.net\/tr\/index.php?rest_route=\/wp\/v2\/posts\/69171\/revisions"}],"predecessor-version":[{"id":69173,"href":"https:\/\/akunq.net\/tr\/index.php?rest_route=\/wp\/v2\/posts\/69171\/revisions\/69173"}],"wp:featuredmedia":[{"embeddable":true,"href":"https:\/\/akunq.net\/tr\/index.php?rest_route=\/wp\/v2\/media\/69172"}],"wp:attachment":[{"href":"https:\/\/akunq.net\/tr\/index.php?rest_route=%2Fwp%2Fv2%2Fmedia&parent=69171"}],"wp:term":[{"taxonomy":"category","embeddable":true,"href":"https:\/\/akunq.net\/tr\/index.php?rest_route=%2Fwp%2Fv2%2Fcategories&post=69171"},{"taxonomy":"post_tag","embeddable":true,"href":"https:\/\/akunq.net\/tr\/index.php?rest_route=%2Fwp%2Fv2%2Ftags&post=69171"}],"curies":[{"name":"wp","href":"https:\/\/api.w.org\/{rel}","templated":true}]}}