{"id":69168,"date":"2022-06-30T02:50:14","date_gmt":"2022-06-30T07:50:14","guid":{"rendered":"https:\/\/akunq.net\/tr\/?p=69168"},"modified":"2022-06-30T02:50:14","modified_gmt":"2022-06-30T07:50:14","slug":"hrant-dink-vakfina-tehdit-davasinda-karar","status":"publish","type":"post","link":"https:\/\/akunq.net\/tr\/?p=69168","title":{"rendered":"Hrant Dink Vakf\u0131&#8217;na tehdit davas\u0131nda karar"},"content":{"rendered":"<p><img loading=\"lazy\" decoding=\"async\" class=\"aligncenter size-medium wp-image-69169\" src=\"https:\/\/akunq.net\/tr\/wp-content\/uploads\/2022\/06\/Hrant-Dink-Vakfi-360x203.jpeg\" alt=\"\" width=\"360\" height=\"203\" srcset=\"https:\/\/akunq.net\/tr\/wp-content\/uploads\/sites\/6\/2022\/06\/Hrant-Dink-Vakfi-360x203.jpeg 360w, https:\/\/akunq.net\/tr\/wp-content\/uploads\/sites\/6\/2022\/06\/Hrant-Dink-Vakfi-768x432.jpeg 768w, https:\/\/akunq.net\/tr\/wp-content\/uploads\/sites\/6\/2022\/06\/Hrant-Dink-Vakfi-560x315.jpeg 560w, https:\/\/akunq.net\/tr\/wp-content\/uploads\/sites\/6\/2022\/06\/Hrant-Dink-Vakfi-260x146.jpeg 260w, https:\/\/akunq.net\/tr\/wp-content\/uploads\/sites\/6\/2022\/06\/Hrant-Dink-Vakfi-160x90.jpeg 160w, https:\/\/akunq.net\/tr\/wp-content\/uploads\/sites\/6\/2022\/06\/Hrant-Dink-Vakfi.jpeg 864w\" sizes=\"auto, (max-width: 360px) 100vw, 360px\" \/><\/p>\n<p><em><strong>Hrant Dink Vakf\u0131&#8217;n\u0131 27, 28 ve 30 May\u0131s&#8217;ta elektronik posta yoluyla tehdit ettikleri i\u00e7in &#8220;Zincirleme \u015fekilde imzas\u0131z mektupla veya \u00f6zel i\u015faretlerle tehdit&#8221; su\u00e7lamas\u0131yla yarg\u0131lanan Ersin Ba\u015fkan ve H\u00fcseyin Ate\u015f&#8217;in davas\u0131nda karar \u00e7\u0131kt\u0131. Hrant Dink Vakf\u0131&#8217;n\u0131n avukatlar\u0131 karara itiraz edecek.<\/strong><\/em><\/p>\n<p>\u0130stanbul 56. Asliye Ceza Mahkemesi&#8217;nde g\u00f6r\u00fclen duru\u015fmaya taraflar\u0131n avukatlar\u0131 haz\u0131r bulundu. Duru\u015fmada m\u00fc\u015fteki avukatlar\u0131, m\u00fctalaaya genel olarak kat\u0131ld\u0131klar\u0131n\u0131 ancak s\u00f6z konusu su\u00e7un var olan veya varsay\u0131lan \u00f6rg\u00fctlerin korkutucu g\u00fcc\u00fcnden faydalanmak suretiyle i\u015flendi\u011fini ve Hrant Dink\u2019in \u00f6ld\u00fcr\u00fclmesine at\u0131fta bulunuldu\u011funu belirterek san\u0131klar\u0131n \u2018nitelikli tehdit\u2019 su\u00e7undan cezaland\u0131r\u0131lmas\u0131n\u0131 talep etti.<\/p>\n<p>San\u0131k avukat\u0131 ise savunmas\u0131nda, m\u00fcvekkillerinin \u00f6rg\u00fctle herhangi bir ba\u011f\u0131 olmad\u0131\u011f\u0131n\u0131 ve s\u00f6z konusu nitelikli halin olu\u015fmad\u0131\u011f\u0131n\u0131 belirterek beraatlar\u0131n\u0131 talep etti.<\/p>\n<p>Al\u0131nan savunmalar\u0131n ve beyanlar\u0131n ard\u0131ndan karar\u0131n\u0131 a\u00e7\u0131klayan mahkeme, san\u0131k H\u00fcseyin Ate\u015f\u2019i, \u2018zincirleme \u015fekilde tehdit\u2019 su\u00e7undan 2,5 y\u0131l hapis cezas\u0131na, san\u0131k Ersin Ba\u015fkan\u2019\u0131 ise ayn\u0131 su\u00e7tan 2 y\u0131l hapis cezas\u0131na \u00e7arpt\u0131rd\u0131.<\/p>\n<p>Hrant Dink Vakf\u0131&#8217;n\u0131n avukatlar\u0131 san\u0131klar\u0131n &#8220;Nitelikli tehdit&#8221; su\u00e7lamas\u0131yla cezaland\u0131r\u0131lmas\u0131 gerekti\u011fini kaydederek karara itiraz edeceklerini ve \u0130stinaf&#8217;a gideceklerini belirttiler.<\/p>\n<p><strong>Hangi cezalar istenmi\u015fti?<\/strong><\/p>\n<p>\u0130stanbul Cumhuriyet Ba\u015fsavc\u0131l\u0131\u011f\u0131&#8217;nca haz\u0131rlanan iddianamede, aralar\u0131nda Hrant Dink Vakf\u0131&#8217;n\u0131n y\u00f6netim kurulu ba\u015fkan\u0131, \u00fcyeleri ve y\u00f6neticileri ile avukat Fethiye \u00c7etin&#8217;in de bulundu\u011fu 9 ki\u015fi m\u00fc\u015fteki olarak yer alm\u0131\u015ft\u0131. \u0130ddianamede, ilk tehdit olay\u0131yla ilgili Konya&#8217;da yakalanarak \u0130stanbul&#8217;da tutuklanan H\u00fcseyin Ate\u015f hakk\u0131nda 27-28 May\u0131s&#8217;ta e-posta g\u00f6ndererek ve 23 May\u0131s&#8217;ta Hrant Dink Foundation&#8217;\u0131n Instagram hesab\u0131na yorum yaparak \u00fc\u00e7 ayr\u0131 tehdit eylemini ger\u00e7ekle\u015ftirdi\u011fini kaydedilirken, &#8220;Zincirleme \u015fekilde imzas\u0131z mektupla veya \u00f6zel i\u015faretlerle tehdit&#8221; su\u00e7undan 7,5 y\u0131ldan 26 y\u0131l 3 aya kadar hapsi talep edilmi\u015fti.<\/p>\n<p>\u0130kinci tehdit olay\u0131n\u0131 ger\u00e7ekle\u015ftiren \u015f\u00fcpheli Ersin Ba\u015fkan&#8217;\u0131n Hrant Dink Vakf\u0131&#8217;n\u0131n e-posta adresine 30 May\u0131s tarihinde tehdit mesaj\u0131 yollad\u0131\u011f\u0131n\u0131n anlat\u0131ld\u0131\u011f\u0131 iddianamede, &#8220;\u0130mzas\u0131z mektupla veya \u00f6zel i\u015faretlerle tehdit&#8221; su\u00e7undan 2,5 y\u0131ldan 8 y\u0131l 9 aya kadar hapsi talep edilmi\u015fti.<\/p>\n<p><em><strong>https:\/\/www.agos.com.tr\/tr\/yazi\/27249\/hrant-dink-vakfi-na-tehdit-davasinda-karar\u00a0<\/strong><\/em><\/p>\n","protected":false},"excerpt":{"rendered":"<p>Hrant Dink Vakf\u0131&#8217;n\u0131 27, 28 ve 30 May\u0131s&#8217;ta elektronik posta yoluyla tehdit ettikleri i\u00e7in &#8220;Zincirleme \u015fekilde imzas\u0131z mektupla veya \u00f6zel i\u015faretlerle tehdit&#8221; su\u00e7lamas\u0131yla yarg\u0131lanan Ersin Ba\u015fkan ve H\u00fcseyin Ate\u015f&#8217;in davas\u0131nda karar \u00e7\u0131kt\u0131. Hrant Dink Vakf\u0131&#8217;n\u0131n avukatlar\u0131 karara itiraz edecek. \u0130stanbul 56. Asliye Ceza Mahkemesi&#8217;nde g\u00f6r\u00fclen duru\u015fmaya taraflar\u0131n avukatlar\u0131 haz\u0131r bulundu. Duru\u015fmada m\u00fc\u015fteki avukatlar\u0131, m\u00fctalaaya genel [&hellip;]<\/p>\n","protected":false},"author":7,"featured_media":69169,"comment_status":"open","ping_status":"open","sticky":false,"template":"","format":"standard","meta":{"footnotes":""},"categories":[1],"tags":[],"class_list":["post-69168","post","type-post","status-publish","format-standard","has-post-thumbnail","hentry","category-haberler"],"yoast_head":"<!-- This site is optimized with the Yoast SEO plugin v27.4 - https:\/\/yoast.com\/product\/yoast-seo-wordpress\/ -->\n<title>Hrant Dink Vakf\u0131&#039;na tehdit davas\u0131nda karar - Bati Ermenistan Ve Bati Ermenileri Sorunlari Ara\u015ftirmalar Merkezi<\/title>\n<meta name=\"robots\" content=\"index, follow, max-snippet:-1, max-image-preview:large, max-video-preview:-1\" \/>\n<link rel=\"canonical\" href=\"https:\/\/akunq.net\/tr\/?p=69168\" \/>\n<meta property=\"og:locale\" content=\"en_US\" \/>\n<meta property=\"og:type\" content=\"article\" \/>\n<meta property=\"og:title\" content=\"Hrant Dink Vakf\u0131&#039;na tehdit davas\u0131nda karar - Bati Ermenistan Ve Bati Ermenileri Sorunlari Ara\u015ftirmalar Merkezi\" \/>\n<meta property=\"og:description\" content=\"Hrant Dink Vakf\u0131&#8217;n\u0131 27, 28 ve 30 May\u0131s&#8217;ta elektronik posta yoluyla tehdit ettikleri i\u00e7in &#8220;Zincirleme \u015fekilde imzas\u0131z mektupla veya \u00f6zel i\u015faretlerle tehdit&#8221; su\u00e7lamas\u0131yla yarg\u0131lanan Ersin Ba\u015fkan ve H\u00fcseyin Ate\u015f&#8217;in davas\u0131nda karar \u00e7\u0131kt\u0131. Hrant Dink Vakf\u0131&#8217;n\u0131n avukatlar\u0131 karara itiraz edecek. \u0130stanbul 56. Asliye Ceza Mahkemesi&#8217;nde g\u00f6r\u00fclen duru\u015fmaya taraflar\u0131n avukatlar\u0131 haz\u0131r bulundu. Duru\u015fmada m\u00fc\u015fteki avukatlar\u0131, m\u00fctalaaya genel [&hellip;]\" \/>\n<meta property=\"og:url\" content=\"https:\/\/akunq.net\/tr\/?p=69168\" \/>\n<meta property=\"og:site_name\" content=\"Bati Ermenistan Ve Bati Ermenileri Sorunlari Ara\u015ftirmalar Merkezi\" \/>\n<meta property=\"article:published_time\" content=\"2022-06-30T07:50:14+00:00\" \/>\n<meta property=\"og:image\" content=\"https:\/\/akunq.net\/tr\/wp-content\/uploads\/sites\/6\/2022\/06\/Hrant-Dink-Vakfi.jpeg\" \/>\n\t<meta property=\"og:image:width\" content=\"864\" \/>\n\t<meta property=\"og:image:height\" content=\"486\" \/>\n\t<meta property=\"og:image:type\" content=\"image\/jpeg\" \/>\n<meta name=\"author\" content=\"admin\" \/>\n<meta name=\"twitter:card\" content=\"summary_large_image\" \/>\n<meta name=\"twitter:label1\" content=\"Written by\" \/>\n\t<meta name=\"twitter:data1\" content=\"admin\" \/>\n\t<meta name=\"twitter:label2\" content=\"Est. reading time\" \/>\n\t<meta name=\"twitter:data2\" content=\"2 minutes\" \/>\n<script type=\"application\/ld+json\" class=\"yoast-schema-graph\">{\"@context\":\"https:\\\/\\\/schema.org\",\"@graph\":[{\"@type\":\"Article\",\"@id\":\"https:\\\/\\\/akunq.net\\\/tr\\\/?p=69168#article\",\"isPartOf\":{\"@id\":\"https:\\\/\\\/akunq.net\\\/tr\\\/?p=69168\"},\"author\":{\"name\":\"admin\",\"@id\":\"https:\\\/\\\/akunq.net\\\/tr\\\/#\\\/schema\\\/person\\\/096f1d38a12cce57fb855b485ed24c9e\"},\"headline\":\"Hrant Dink Vakf\u0131&#8217;na tehdit davas\u0131nda karar\",\"datePublished\":\"2022-06-30T07:50:14+00:00\",\"mainEntityOfPage\":{\"@id\":\"https:\\\/\\\/akunq.net\\\/tr\\\/?p=69168\"},\"wordCount\":400,\"commentCount\":0,\"image\":{\"@id\":\"https:\\\/\\\/akunq.net\\\/tr\\\/?p=69168#primaryimage\"},\"thumbnailUrl\":\"https:\\\/\\\/akunq.net\\\/tr\\\/wp-content\\\/uploads\\\/sites\\\/6\\\/2022\\\/06\\\/Hrant-Dink-Vakfi.jpeg\",\"articleSection\":[\"Haberler\"],\"inLanguage\":\"en-US\",\"potentialAction\":[{\"@type\":\"CommentAction\",\"name\":\"Comment\",\"target\":[\"https:\\\/\\\/akunq.net\\\/tr\\\/?p=69168#respond\"]}]},{\"@type\":\"WebPage\",\"@id\":\"https:\\\/\\\/akunq.net\\\/tr\\\/?p=69168\",\"url\":\"https:\\\/\\\/akunq.net\\\/tr\\\/?p=69168\",\"name\":\"Hrant Dink Vakf\u0131'na tehdit davas\u0131nda karar - Bati Ermenistan Ve Bati Ermenileri Sorunlari Ara\u015ftirmalar Merkezi\",\"isPartOf\":{\"@id\":\"https:\\\/\\\/akunq.net\\\/tr\\\/#website\"},\"primaryImageOfPage\":{\"@id\":\"https:\\\/\\\/akunq.net\\\/tr\\\/?p=69168#primaryimage\"},\"image\":{\"@id\":\"https:\\\/\\\/akunq.net\\\/tr\\\/?p=69168#primaryimage\"},\"thumbnailUrl\":\"https:\\\/\\\/akunq.net\\\/tr\\\/wp-content\\\/uploads\\\/sites\\\/6\\\/2022\\\/06\\\/Hrant-Dink-Vakfi.jpeg\",\"datePublished\":\"2022-06-30T07:50:14+00:00\",\"author\":{\"@id\":\"https:\\\/\\\/akunq.net\\\/tr\\\/#\\\/schema\\\/person\\\/096f1d38a12cce57fb855b485ed24c9e\"},\"breadcrumb\":{\"@id\":\"https:\\\/\\\/akunq.net\\\/tr\\\/?p=69168#breadcrumb\"},\"inLanguage\":\"en-US\",\"potentialAction\":[{\"@type\":\"ReadAction\",\"target\":[\"https:\\\/\\\/akunq.net\\\/tr\\\/?p=69168\"]}]},{\"@type\":\"ImageObject\",\"inLanguage\":\"en-US\",\"@id\":\"https:\\\/\\\/akunq.net\\\/tr\\\/?p=69168#primaryimage\",\"url\":\"https:\\\/\\\/akunq.net\\\/tr\\\/wp-content\\\/uploads\\\/sites\\\/6\\\/2022\\\/06\\\/Hrant-Dink-Vakfi.jpeg\",\"contentUrl\":\"https:\\\/\\\/akunq.net\\\/tr\\\/wp-content\\\/uploads\\\/sites\\\/6\\\/2022\\\/06\\\/Hrant-Dink-Vakfi.jpeg\",\"width\":864,\"height\":486},{\"@type\":\"BreadcrumbList\",\"@id\":\"https:\\\/\\\/akunq.net\\\/tr\\\/?p=69168#breadcrumb\",\"itemListElement\":[{\"@type\":\"ListItem\",\"position\":1,\"name\":\"Home\",\"item\":\"https:\\\/\\\/akunq.net\\\/tr\"},{\"@type\":\"ListItem\",\"position\":2,\"name\":\"Hrant Dink Vakf\u0131&#8217;na tehdit davas\u0131nda karar\"}]},{\"@type\":\"WebSite\",\"@id\":\"https:\\\/\\\/akunq.net\\\/tr\\\/#website\",\"url\":\"https:\\\/\\\/akunq.net\\\/tr\\\/\",\"name\":\"Bati Ermenistan Ve Bati Ermenileri Sorunlari Ara\u015ftirmalar Merkezi\",\"description\":\"\",\"potentialAction\":[{\"@type\":\"SearchAction\",\"target\":{\"@type\":\"EntryPoint\",\"urlTemplate\":\"https:\\\/\\\/akunq.net\\\/tr\\\/?s={search_term_string}\"},\"query-input\":{\"@type\":\"PropertyValueSpecification\",\"valueRequired\":true,\"valueName\":\"search_term_string\"}}],\"inLanguage\":\"en-US\"},{\"@type\":\"Person\",\"@id\":\"https:\\\/\\\/akunq.net\\\/tr\\\/#\\\/schema\\\/person\\\/096f1d38a12cce57fb855b485ed24c9e\",\"name\":\"admin\",\"url\":\"https:\\\/\\\/akunq.net\\\/tr\\\/?author=7\"}]}<\/script>\n<!-- \/ Yoast SEO plugin. -->","yoast_head_json":{"title":"Hrant Dink Vakf\u0131'na tehdit davas\u0131nda karar - Bati Ermenistan Ve Bati Ermenileri Sorunlari Ara\u015ftirmalar Merkezi","robots":{"index":"index","follow":"follow","max-snippet":"max-snippet:-1","max-image-preview":"max-image-preview:large","max-video-preview":"max-video-preview:-1"},"canonical":"https:\/\/akunq.net\/tr\/?p=69168","og_locale":"en_US","og_type":"article","og_title":"Hrant Dink Vakf\u0131'na tehdit davas\u0131nda karar - Bati Ermenistan Ve Bati Ermenileri Sorunlari Ara\u015ftirmalar Merkezi","og_description":"Hrant Dink Vakf\u0131&#8217;n\u0131 27, 28 ve 30 May\u0131s&#8217;ta elektronik posta yoluyla tehdit ettikleri i\u00e7in &#8220;Zincirleme \u015fekilde imzas\u0131z mektupla veya \u00f6zel i\u015faretlerle tehdit&#8221; su\u00e7lamas\u0131yla yarg\u0131lanan Ersin Ba\u015fkan ve H\u00fcseyin Ate\u015f&#8217;in davas\u0131nda karar \u00e7\u0131kt\u0131. Hrant Dink Vakf\u0131&#8217;n\u0131n avukatlar\u0131 karara itiraz edecek. \u0130stanbul 56. Asliye Ceza Mahkemesi&#8217;nde g\u00f6r\u00fclen duru\u015fmaya taraflar\u0131n avukatlar\u0131 haz\u0131r bulundu. Duru\u015fmada m\u00fc\u015fteki avukatlar\u0131, m\u00fctalaaya genel [&hellip;]","og_url":"https:\/\/akunq.net\/tr\/?p=69168","og_site_name":"Bati Ermenistan Ve Bati Ermenileri Sorunlari Ara\u015ftirmalar Merkezi","article_published_time":"2022-06-30T07:50:14+00:00","og_image":[{"width":864,"height":486,"url":"https:\/\/akunq.net\/tr\/wp-content\/uploads\/sites\/6\/2022\/06\/Hrant-Dink-Vakfi.jpeg","type":"image\/jpeg"}],"author":"admin","twitter_card":"summary_large_image","twitter_misc":{"Written by":"admin","Est. reading time":"2 minutes"},"schema":{"@context":"https:\/\/schema.org","@graph":[{"@type":"Article","@id":"https:\/\/akunq.net\/tr\/?p=69168#article","isPartOf":{"@id":"https:\/\/akunq.net\/tr\/?p=69168"},"author":{"name":"admin","@id":"https:\/\/akunq.net\/tr\/#\/schema\/person\/096f1d38a12cce57fb855b485ed24c9e"},"headline":"Hrant Dink Vakf\u0131&#8217;na tehdit davas\u0131nda karar","datePublished":"2022-06-30T07:50:14+00:00","mainEntityOfPage":{"@id":"https:\/\/akunq.net\/tr\/?p=69168"},"wordCount":400,"commentCount":0,"image":{"@id":"https:\/\/akunq.net\/tr\/?p=69168#primaryimage"},"thumbnailUrl":"https:\/\/akunq.net\/tr\/wp-content\/uploads\/sites\/6\/2022\/06\/Hrant-Dink-Vakfi.jpeg","articleSection":["Haberler"],"inLanguage":"en-US","potentialAction":[{"@type":"CommentAction","name":"Comment","target":["https:\/\/akunq.net\/tr\/?p=69168#respond"]}]},{"@type":"WebPage","@id":"https:\/\/akunq.net\/tr\/?p=69168","url":"https:\/\/akunq.net\/tr\/?p=69168","name":"Hrant Dink Vakf\u0131'na tehdit davas\u0131nda karar - Bati Ermenistan Ve Bati Ermenileri Sorunlari Ara\u015ftirmalar Merkezi","isPartOf":{"@id":"https:\/\/akunq.net\/tr\/#website"},"primaryImageOfPage":{"@id":"https:\/\/akunq.net\/tr\/?p=69168#primaryimage"},"image":{"@id":"https:\/\/akunq.net\/tr\/?p=69168#primaryimage"},"thumbnailUrl":"https:\/\/akunq.net\/tr\/wp-content\/uploads\/sites\/6\/2022\/06\/Hrant-Dink-Vakfi.jpeg","datePublished":"2022-06-30T07:50:14+00:00","author":{"@id":"https:\/\/akunq.net\/tr\/#\/schema\/person\/096f1d38a12cce57fb855b485ed24c9e"},"breadcrumb":{"@id":"https:\/\/akunq.net\/tr\/?p=69168#breadcrumb"},"inLanguage":"en-US","potentialAction":[{"@type":"ReadAction","target":["https:\/\/akunq.net\/tr\/?p=69168"]}]},{"@type":"ImageObject","inLanguage":"en-US","@id":"https:\/\/akunq.net\/tr\/?p=69168#primaryimage","url":"https:\/\/akunq.net\/tr\/wp-content\/uploads\/sites\/6\/2022\/06\/Hrant-Dink-Vakfi.jpeg","contentUrl":"https:\/\/akunq.net\/tr\/wp-content\/uploads\/sites\/6\/2022\/06\/Hrant-Dink-Vakfi.jpeg","width":864,"height":486},{"@type":"BreadcrumbList","@id":"https:\/\/akunq.net\/tr\/?p=69168#breadcrumb","itemListElement":[{"@type":"ListItem","position":1,"name":"Home","item":"https:\/\/akunq.net\/tr"},{"@type":"ListItem","position":2,"name":"Hrant Dink Vakf\u0131&#8217;na tehdit davas\u0131nda karar"}]},{"@type":"WebSite","@id":"https:\/\/akunq.net\/tr\/#website","url":"https:\/\/akunq.net\/tr\/","name":"Bati Ermenistan Ve Bati Ermenileri Sorunlari Ara\u015ftirmalar Merkezi","description":"","potentialAction":[{"@type":"SearchAction","target":{"@type":"EntryPoint","urlTemplate":"https:\/\/akunq.net\/tr\/?s={search_term_string}"},"query-input":{"@type":"PropertyValueSpecification","valueRequired":true,"valueName":"search_term_string"}}],"inLanguage":"en-US"},{"@type":"Person","@id":"https:\/\/akunq.net\/tr\/#\/schema\/person\/096f1d38a12cce57fb855b485ed24c9e","name":"admin","url":"https:\/\/akunq.net\/tr\/?author=7"}]}},"_links":{"self":[{"href":"https:\/\/akunq.net\/tr\/index.php?rest_route=\/wp\/v2\/posts\/69168","targetHints":{"allow":["GET"]}}],"collection":[{"href":"https:\/\/akunq.net\/tr\/index.php?rest_route=\/wp\/v2\/posts"}],"about":[{"href":"https:\/\/akunq.net\/tr\/index.php?rest_route=\/wp\/v2\/types\/post"}],"author":[{"embeddable":true,"href":"https:\/\/akunq.net\/tr\/index.php?rest_route=\/wp\/v2\/users\/7"}],"replies":[{"embeddable":true,"href":"https:\/\/akunq.net\/tr\/index.php?rest_route=%2Fwp%2Fv2%2Fcomments&post=69168"}],"version-history":[{"count":1,"href":"https:\/\/akunq.net\/tr\/index.php?rest_route=\/wp\/v2\/posts\/69168\/revisions"}],"predecessor-version":[{"id":69170,"href":"https:\/\/akunq.net\/tr\/index.php?rest_route=\/wp\/v2\/posts\/69168\/revisions\/69170"}],"wp:featuredmedia":[{"embeddable":true,"href":"https:\/\/akunq.net\/tr\/index.php?rest_route=\/wp\/v2\/media\/69169"}],"wp:attachment":[{"href":"https:\/\/akunq.net\/tr\/index.php?rest_route=%2Fwp%2Fv2%2Fmedia&parent=69168"}],"wp:term":[{"taxonomy":"category","embeddable":true,"href":"https:\/\/akunq.net\/tr\/index.php?rest_route=%2Fwp%2Fv2%2Fcategories&post=69168"},{"taxonomy":"post_tag","embeddable":true,"href":"https:\/\/akunq.net\/tr\/index.php?rest_route=%2Fwp%2Fv2%2Ftags&post=69168"}],"curies":[{"name":"wp","href":"https:\/\/api.w.org\/{rel}","templated":true}]}}