{"id":69163,"date":"2022-06-29T01:59:54","date_gmt":"2022-06-29T06:59:54","guid":{"rendered":"https:\/\/akunq.net\/tr\/?p=69163"},"modified":"2022-06-29T01:59:54","modified_gmt":"2022-06-29T06:59:54","slug":"secim-tertip-heyetleri-olusturuldu","status":"publish","type":"post","link":"https:\/\/akunq.net\/tr\/?p=69163","title":{"rendered":"Se\u00e7im Tertip Heyetleri olu\u015fturuldu"},"content":{"rendered":"<p><img loading=\"lazy\" decoding=\"async\" class=\"aligncenter size-medium wp-image-69164\" src=\"https:\/\/akunq.net\/tr\/wp-content\/uploads\/2022\/06\/Secim-Tertip-Heyetleri-360x270.jpg\" alt=\"\" width=\"360\" height=\"270\" srcset=\"https:\/\/akunq.net\/tr\/wp-content\/uploads\/sites\/6\/2022\/06\/Secim-Tertip-Heyetleri-360x270.jpg 360w, https:\/\/akunq.net\/tr\/wp-content\/uploads\/sites\/6\/2022\/06\/Secim-Tertip-Heyetleri-560x420.jpg 560w, https:\/\/akunq.net\/tr\/wp-content\/uploads\/sites\/6\/2022\/06\/Secim-Tertip-Heyetleri-260x195.jpg 260w, https:\/\/akunq.net\/tr\/wp-content\/uploads\/sites\/6\/2022\/06\/Secim-Tertip-Heyetleri-160x120.jpg 160w, https:\/\/akunq.net\/tr\/wp-content\/uploads\/sites\/6\/2022\/06\/Secim-Tertip-Heyetleri.jpg 702w\" sizes=\"auto, (max-width: 360px) 100vw, 360px\" \/><\/p>\n<p><em><strong>Ermeni Vak\u0131flar Birli\u011fi toplanarak ge\u00e7en hafta yay\u0131nlanan Az\u0131nl\u0131k Vak\u0131flar\u0131 Se\u00e7im Y\u00f6netmeli\u011fi \u00e7er\u00e7evesinde Se\u00e7im Tertip Heyetleri&#8217;ni olu\u015fturdu. Ge\u00e7en hafta yap\u0131lan toplant\u0131da t\u00fcm vak\u0131flar\u0131n ayr\u0131 heyetler olu\u015fturmas\u0131 yerine \u0130stanbul&#8217;un se\u00e7im b\u00f6lgelerine g\u00f6re birer heyet olu\u015fturulmas\u0131, ancak Fatih ve \u015ei\u015fli&#8217;yi de kapsayan 2. b\u00f6lge i\u00e7in iki heyet olu\u015fturulmas\u0131 kararla\u015ft\u0131r\u0131lm\u0131\u015ft\u0131. Bu \u00e7er\u00e7evede yeni heyetler olu\u015fturuldu. Anadolu 3. B\u00f6lgeye ba\u011fland\u0131.<\/strong><\/em><\/p>\n<p>ERVAB&#8217;dan yap\u0131lan a\u00e7\u0131klama \u015f\u00f6yle:<\/p>\n<p>&#8220;Ervab toplant\u0131s\u0131 27.06.2022 Pazartesi g\u00fcn\u00fc saat 18:00&#8217;da Bedros \u015eirino\u011flu ba\u015fkanl\u0131\u011f\u0131nda Surp P\u0131rgi\u00e7 Hastanesi Gomidas Salonu\u2019nda yap\u0131ld\u0131. 35 vakf\u0131m\u0131z\u0131n kat\u0131l\u0131m\u0131yla ger\u00e7ekle\u015fen toplant\u0131da ge\u00e7en hafta g\u00f6r\u00fc\u015f\u00fclen se\u00e7im y\u00f6netmeli\u011fi hakk\u0131nda \u00fcyeler fikirlerini beyan ettiler.<\/p>\n<p>Ge\u00e7en toplant\u0131da \u00fczerinde durulan se\u00e7im tertibi heyetlerinin, her vakf\u0131n ayr\u0131 ayr\u0131 belirlemesi yerine, b\u00f6lgesel bazda se\u00e7im tertibi heyetlerinin olu\u015fturulmas\u0131 g\u00fcndemin ilk konusu oldu. Konu ile ilgili Ortak\u00f6y Vakf\u0131 kendi hukuk\u00e7ular\u0131yla yapm\u0131\u015f oldu\u011fu isti\u015farede hukuk\u00e7ular\u0131n, ortak se\u00e7im tertibi heyetine olumlu yakla\u015fmad\u0131klar\u0131n\u0131, dolay\u0131s\u0131yla ayr\u0131 ayr\u0131 olmas\u0131 gerekti\u011fini belirtti. Hazirunda bulunan \u00fcyeler ortak se\u00e7im tertip heyetlerinin kurularak yola \u00e7\u0131k\u0131lmas\u0131n\u0131n \u00f6nemli oldu\u011funu ve bunun uygulanmas\u0131 gereklili\u011fi konusunda mutab\u0131k kald\u0131lar. Buna g\u00f6re yeni listeler olu\u015fturularak isimler belirlendi, a\u015fa\u011f\u0131da olu\u015fturulan listeler bulunmaktad\u0131r.<\/p>\n<p>4 b\u00f6lge olarak belirlenen se\u00e7im b\u00f6lgeleri, 2. b\u00f6lgenin vak\u0131f yo\u011funlu\u011fundan dolay\u0131 iki tertip heyeti olu\u015fturulmas\u0131, 4. b\u00f6lge Anadolu&#8217;daki vak\u0131flar\u0131n se\u00e7im tertibi heyetlerinin ise 3. b\u00f6lge se\u00e7im tertip heyetindeki ki\u015filer taraf\u0131ndan s\u00fcrecin y\u00f6netilmesi kararla\u015ft\u0131r\u0131ld\u0131. Bir sonraki toplant\u0131da se\u00e7im tertibi heyetlerinin toplant\u0131 yaparak se\u00e7im karar\u0131 ve tarihlerinin belirlenmesi, hangi vak\u0131flarda se\u00e7imin ortak yap\u0131laca\u011f\u0131, sand\u0131klar\u0131n nereye konulaca\u011f\u0131, se\u00e7im tertip heyetinin toplant\u0131s\u0131na b\u0131rak\u0131ld\u0131. Bu konu ile ilgili geli\u015fmeler sizlere daha sonra aktar\u0131lacakt\u0131r.<\/p>\n<p><strong>Birinci B\u00f6lge<\/strong><\/p>\n<p>Av. \u00d6mer Kantik<\/p>\n<p>Jirayr Cang\u00f6z<\/p>\n<p>Alin \u015eencan<\/p>\n<p>Rafi Boyac\u0131<\/p>\n<p>Bedros Marzuman<\/p>\n<p>Liana G\u00fcl<\/p>\n<p>Arev Abanl\u0131yan<\/p>\n<p>Ani Fenerci<\/p>\n<p><strong>\u0130kinci B\u00f6lge (1. Tertip)<\/strong><\/p>\n<p>Av. Selina Do\u011fan<\/p>\n<p>Simon Kumral<\/p>\n<p>Arman Kara<\/p>\n<p>Ari Kevork Demircio\u011flu<\/p>\n<p>Raffi Tombak<\/p>\n<p>Araksi Kazanc\u0131yan<\/p>\n<p>Av. Setrak Davuthan<\/p>\n<p>Levon Nazaretyan<\/p>\n<p><strong>\u0130kinci B\u00f6lge (2. Tertip)<\/strong><\/p>\n<p>Serdar Kasap\u00e7\u0131lar<\/p>\n<p>Anet \u00c7epkinli G\u00f6zel<\/p>\n<p>Garbis Duraslan<\/p>\n<p>Tatyana Tumanyan<\/p>\n<p>Sevan Uluta\u015f<\/p>\n<p>Kristin Ebil<\/p>\n<p>Vartkes Karaman<\/p>\n<p>Aren D\u00fcvenci<\/p>\n<p><strong>3. Ve 4. B\u00f6lge<\/strong><\/p>\n<p>Istepan Alt\u0131ntepe<\/p>\n<p>Hagopcan H\u00fclyar<\/p>\n<p>S.Silva Nuyan<\/p>\n<p>Murat \u00d6zkan<\/p>\n<p>Artin B\u0131\u00e7akc\u0131<\/p>\n<p>Sevan Akal<\/p>\n<p>Armenag Ke\u015fi\u015fgil<\/p>\n<p>Arlen Ke\u015fi\u015fgil<\/p>\n<p><em><strong>https:\/\/www.agos.com.tr\/tr\/yazi\/27240\/secim-tertip-heyetleri-olusturuldu\u00a0<\/strong><\/em><\/p>\n","protected":false},"excerpt":{"rendered":"<p>Ermeni Vak\u0131flar Birli\u011fi toplanarak ge\u00e7en hafta yay\u0131nlanan Az\u0131nl\u0131k Vak\u0131flar\u0131 Se\u00e7im Y\u00f6netmeli\u011fi \u00e7er\u00e7evesinde Se\u00e7im Tertip Heyetleri&#8217;ni olu\u015fturdu. Ge\u00e7en hafta yap\u0131lan toplant\u0131da t\u00fcm vak\u0131flar\u0131n ayr\u0131 heyetler olu\u015fturmas\u0131 yerine \u0130stanbul&#8217;un se\u00e7im b\u00f6lgelerine g\u00f6re birer heyet olu\u015fturulmas\u0131, ancak Fatih ve \u015ei\u015fli&#8217;yi de kapsayan 2. b\u00f6lge i\u00e7in iki heyet olu\u015fturulmas\u0131 kararla\u015ft\u0131r\u0131lm\u0131\u015ft\u0131. Bu \u00e7er\u00e7evede yeni heyetler olu\u015fturuldu. Anadolu 3. B\u00f6lgeye ba\u011fland\u0131. [&hellip;]<\/p>\n","protected":false},"author":7,"featured_media":69164,"comment_status":"open","ping_status":"open","sticky":false,"template":"","format":"standard","meta":{"footnotes":""},"categories":[1,53],"tags":[],"class_list":["post-69163","post","type-post","status-publish","format-standard","has-post-thumbnail","hentry","category-haberler","category-turkiyede-azinliklar"],"yoast_head":"<!-- This site is optimized with the Yoast SEO plugin v27.4 - https:\/\/yoast.com\/product\/yoast-seo-wordpress\/ -->\n<title>Se\u00e7im Tertip Heyetleri olu\u015fturuldu - Bati Ermenistan Ve Bati Ermenileri Sorunlari Ara\u015ftirmalar Merkezi<\/title>\n<meta name=\"robots\" content=\"index, follow, max-snippet:-1, max-image-preview:large, max-video-preview:-1\" \/>\n<link rel=\"canonical\" href=\"https:\/\/akunq.net\/tr\/?p=69163\" \/>\n<meta property=\"og:locale\" content=\"en_US\" \/>\n<meta property=\"og:type\" content=\"article\" \/>\n<meta property=\"og:title\" content=\"Se\u00e7im Tertip Heyetleri olu\u015fturuldu - Bati Ermenistan Ve Bati Ermenileri Sorunlari Ara\u015ftirmalar Merkezi\" \/>\n<meta property=\"og:description\" content=\"Ermeni Vak\u0131flar Birli\u011fi toplanarak ge\u00e7en hafta yay\u0131nlanan Az\u0131nl\u0131k Vak\u0131flar\u0131 Se\u00e7im Y\u00f6netmeli\u011fi \u00e7er\u00e7evesinde Se\u00e7im Tertip Heyetleri&#8217;ni olu\u015fturdu. Ge\u00e7en hafta yap\u0131lan toplant\u0131da t\u00fcm vak\u0131flar\u0131n ayr\u0131 heyetler olu\u015fturmas\u0131 yerine \u0130stanbul&#8217;un se\u00e7im b\u00f6lgelerine g\u00f6re birer heyet olu\u015fturulmas\u0131, ancak Fatih ve \u015ei\u015fli&#8217;yi de kapsayan 2. b\u00f6lge i\u00e7in iki heyet olu\u015fturulmas\u0131 kararla\u015ft\u0131r\u0131lm\u0131\u015ft\u0131. Bu \u00e7er\u00e7evede yeni heyetler olu\u015fturuldu. Anadolu 3. B\u00f6lgeye ba\u011fland\u0131. [&hellip;]\" \/>\n<meta property=\"og:url\" content=\"https:\/\/akunq.net\/tr\/?p=69163\" \/>\n<meta property=\"og:site_name\" content=\"Bati Ermenistan Ve Bati Ermenileri Sorunlari Ara\u015ftirmalar Merkezi\" \/>\n<meta property=\"article:published_time\" content=\"2022-06-29T06:59:54+00:00\" \/>\n<meta property=\"og:image\" content=\"https:\/\/akunq.net\/tr\/wp-content\/uploads\/sites\/6\/2022\/06\/Secim-Tertip-Heyetleri.jpg\" \/>\n\t<meta property=\"og:image:width\" content=\"702\" \/>\n\t<meta property=\"og:image:height\" content=\"527\" \/>\n\t<meta property=\"og:image:type\" content=\"image\/jpeg\" \/>\n<meta name=\"author\" content=\"admin\" \/>\n<meta name=\"twitter:card\" content=\"summary_large_image\" \/>\n<meta name=\"twitter:label1\" content=\"Written by\" \/>\n\t<meta name=\"twitter:data1\" content=\"admin\" \/>\n\t<meta name=\"twitter:label2\" content=\"Est. reading time\" \/>\n\t<meta name=\"twitter:data2\" content=\"2 minutes\" \/>\n<script type=\"application\/ld+json\" class=\"yoast-schema-graph\">{\"@context\":\"https:\\\/\\\/schema.org\",\"@graph\":[{\"@type\":\"Article\",\"@id\":\"https:\\\/\\\/akunq.net\\\/tr\\\/?p=69163#article\",\"isPartOf\":{\"@id\":\"https:\\\/\\\/akunq.net\\\/tr\\\/?p=69163\"},\"author\":{\"name\":\"admin\",\"@id\":\"https:\\\/\\\/akunq.net\\\/tr\\\/#\\\/schema\\\/person\\\/096f1d38a12cce57fb855b485ed24c9e\"},\"headline\":\"Se\u00e7im Tertip Heyetleri olu\u015fturuldu\",\"datePublished\":\"2022-06-29T06:59:54+00:00\",\"mainEntityOfPage\":{\"@id\":\"https:\\\/\\\/akunq.net\\\/tr\\\/?p=69163\"},\"wordCount\":475,\"commentCount\":0,\"image\":{\"@id\":\"https:\\\/\\\/akunq.net\\\/tr\\\/?p=69163#primaryimage\"},\"thumbnailUrl\":\"https:\\\/\\\/akunq.net\\\/tr\\\/wp-content\\\/uploads\\\/sites\\\/6\\\/2022\\\/06\\\/Secim-Tertip-Heyetleri.jpg\",\"articleSection\":[\"Haberler\",\"T\u00fcrkiye\u2019de Az\u0131nl\u0131klar\"],\"inLanguage\":\"en-US\",\"potentialAction\":[{\"@type\":\"CommentAction\",\"name\":\"Comment\",\"target\":[\"https:\\\/\\\/akunq.net\\\/tr\\\/?p=69163#respond\"]}]},{\"@type\":\"WebPage\",\"@id\":\"https:\\\/\\\/akunq.net\\\/tr\\\/?p=69163\",\"url\":\"https:\\\/\\\/akunq.net\\\/tr\\\/?p=69163\",\"name\":\"Se\u00e7im Tertip Heyetleri olu\u015fturuldu - Bati Ermenistan Ve Bati Ermenileri Sorunlari Ara\u015ftirmalar Merkezi\",\"isPartOf\":{\"@id\":\"https:\\\/\\\/akunq.net\\\/tr\\\/#website\"},\"primaryImageOfPage\":{\"@id\":\"https:\\\/\\\/akunq.net\\\/tr\\\/?p=69163#primaryimage\"},\"image\":{\"@id\":\"https:\\\/\\\/akunq.net\\\/tr\\\/?p=69163#primaryimage\"},\"thumbnailUrl\":\"https:\\\/\\\/akunq.net\\\/tr\\\/wp-content\\\/uploads\\\/sites\\\/6\\\/2022\\\/06\\\/Secim-Tertip-Heyetleri.jpg\",\"datePublished\":\"2022-06-29T06:59:54+00:00\",\"author\":{\"@id\":\"https:\\\/\\\/akunq.net\\\/tr\\\/#\\\/schema\\\/person\\\/096f1d38a12cce57fb855b485ed24c9e\"},\"breadcrumb\":{\"@id\":\"https:\\\/\\\/akunq.net\\\/tr\\\/?p=69163#breadcrumb\"},\"inLanguage\":\"en-US\",\"potentialAction\":[{\"@type\":\"ReadAction\",\"target\":[\"https:\\\/\\\/akunq.net\\\/tr\\\/?p=69163\"]}]},{\"@type\":\"ImageObject\",\"inLanguage\":\"en-US\",\"@id\":\"https:\\\/\\\/akunq.net\\\/tr\\\/?p=69163#primaryimage\",\"url\":\"https:\\\/\\\/akunq.net\\\/tr\\\/wp-content\\\/uploads\\\/sites\\\/6\\\/2022\\\/06\\\/Secim-Tertip-Heyetleri.jpg\",\"contentUrl\":\"https:\\\/\\\/akunq.net\\\/tr\\\/wp-content\\\/uploads\\\/sites\\\/6\\\/2022\\\/06\\\/Secim-Tertip-Heyetleri.jpg\",\"width\":702,\"height\":527},{\"@type\":\"BreadcrumbList\",\"@id\":\"https:\\\/\\\/akunq.net\\\/tr\\\/?p=69163#breadcrumb\",\"itemListElement\":[{\"@type\":\"ListItem\",\"position\":1,\"name\":\"Home\",\"item\":\"https:\\\/\\\/akunq.net\\\/tr\"},{\"@type\":\"ListItem\",\"position\":2,\"name\":\"Se\u00e7im Tertip Heyetleri olu\u015fturuldu\"}]},{\"@type\":\"WebSite\",\"@id\":\"https:\\\/\\\/akunq.net\\\/tr\\\/#website\",\"url\":\"https:\\\/\\\/akunq.net\\\/tr\\\/\",\"name\":\"Bati Ermenistan Ve Bati Ermenileri Sorunlari Ara\u015ftirmalar Merkezi\",\"description\":\"\",\"potentialAction\":[{\"@type\":\"SearchAction\",\"target\":{\"@type\":\"EntryPoint\",\"urlTemplate\":\"https:\\\/\\\/akunq.net\\\/tr\\\/?s={search_term_string}\"},\"query-input\":{\"@type\":\"PropertyValueSpecification\",\"valueRequired\":true,\"valueName\":\"search_term_string\"}}],\"inLanguage\":\"en-US\"},{\"@type\":\"Person\",\"@id\":\"https:\\\/\\\/akunq.net\\\/tr\\\/#\\\/schema\\\/person\\\/096f1d38a12cce57fb855b485ed24c9e\",\"name\":\"admin\",\"url\":\"https:\\\/\\\/akunq.net\\\/tr\\\/?author=7\"}]}<\/script>\n<!-- \/ Yoast SEO plugin. -->","yoast_head_json":{"title":"Se\u00e7im Tertip Heyetleri olu\u015fturuldu - Bati Ermenistan Ve Bati Ermenileri Sorunlari Ara\u015ftirmalar Merkezi","robots":{"index":"index","follow":"follow","max-snippet":"max-snippet:-1","max-image-preview":"max-image-preview:large","max-video-preview":"max-video-preview:-1"},"canonical":"https:\/\/akunq.net\/tr\/?p=69163","og_locale":"en_US","og_type":"article","og_title":"Se\u00e7im Tertip Heyetleri olu\u015fturuldu - Bati Ermenistan Ve Bati Ermenileri Sorunlari Ara\u015ftirmalar Merkezi","og_description":"Ermeni Vak\u0131flar Birli\u011fi toplanarak ge\u00e7en hafta yay\u0131nlanan Az\u0131nl\u0131k Vak\u0131flar\u0131 Se\u00e7im Y\u00f6netmeli\u011fi \u00e7er\u00e7evesinde Se\u00e7im Tertip Heyetleri&#8217;ni olu\u015fturdu. Ge\u00e7en hafta yap\u0131lan toplant\u0131da t\u00fcm vak\u0131flar\u0131n ayr\u0131 heyetler olu\u015fturmas\u0131 yerine \u0130stanbul&#8217;un se\u00e7im b\u00f6lgelerine g\u00f6re birer heyet olu\u015fturulmas\u0131, ancak Fatih ve \u015ei\u015fli&#8217;yi de kapsayan 2. b\u00f6lge i\u00e7in iki heyet olu\u015fturulmas\u0131 kararla\u015ft\u0131r\u0131lm\u0131\u015ft\u0131. Bu \u00e7er\u00e7evede yeni heyetler olu\u015fturuldu. Anadolu 3. B\u00f6lgeye ba\u011fland\u0131. [&hellip;]","og_url":"https:\/\/akunq.net\/tr\/?p=69163","og_site_name":"Bati Ermenistan Ve Bati Ermenileri Sorunlari Ara\u015ftirmalar Merkezi","article_published_time":"2022-06-29T06:59:54+00:00","og_image":[{"width":702,"height":527,"url":"https:\/\/akunq.net\/tr\/wp-content\/uploads\/sites\/6\/2022\/06\/Secim-Tertip-Heyetleri.jpg","type":"image\/jpeg"}],"author":"admin","twitter_card":"summary_large_image","twitter_misc":{"Written by":"admin","Est. reading time":"2 minutes"},"schema":{"@context":"https:\/\/schema.org","@graph":[{"@type":"Article","@id":"https:\/\/akunq.net\/tr\/?p=69163#article","isPartOf":{"@id":"https:\/\/akunq.net\/tr\/?p=69163"},"author":{"name":"admin","@id":"https:\/\/akunq.net\/tr\/#\/schema\/person\/096f1d38a12cce57fb855b485ed24c9e"},"headline":"Se\u00e7im Tertip Heyetleri olu\u015fturuldu","datePublished":"2022-06-29T06:59:54+00:00","mainEntityOfPage":{"@id":"https:\/\/akunq.net\/tr\/?p=69163"},"wordCount":475,"commentCount":0,"image":{"@id":"https:\/\/akunq.net\/tr\/?p=69163#primaryimage"},"thumbnailUrl":"https:\/\/akunq.net\/tr\/wp-content\/uploads\/sites\/6\/2022\/06\/Secim-Tertip-Heyetleri.jpg","articleSection":["Haberler","T\u00fcrkiye\u2019de Az\u0131nl\u0131klar"],"inLanguage":"en-US","potentialAction":[{"@type":"CommentAction","name":"Comment","target":["https:\/\/akunq.net\/tr\/?p=69163#respond"]}]},{"@type":"WebPage","@id":"https:\/\/akunq.net\/tr\/?p=69163","url":"https:\/\/akunq.net\/tr\/?p=69163","name":"Se\u00e7im Tertip Heyetleri olu\u015fturuldu - Bati Ermenistan Ve Bati Ermenileri Sorunlari Ara\u015ftirmalar Merkezi","isPartOf":{"@id":"https:\/\/akunq.net\/tr\/#website"},"primaryImageOfPage":{"@id":"https:\/\/akunq.net\/tr\/?p=69163#primaryimage"},"image":{"@id":"https:\/\/akunq.net\/tr\/?p=69163#primaryimage"},"thumbnailUrl":"https:\/\/akunq.net\/tr\/wp-content\/uploads\/sites\/6\/2022\/06\/Secim-Tertip-Heyetleri.jpg","datePublished":"2022-06-29T06:59:54+00:00","author":{"@id":"https:\/\/akunq.net\/tr\/#\/schema\/person\/096f1d38a12cce57fb855b485ed24c9e"},"breadcrumb":{"@id":"https:\/\/akunq.net\/tr\/?p=69163#breadcrumb"},"inLanguage":"en-US","potentialAction":[{"@type":"ReadAction","target":["https:\/\/akunq.net\/tr\/?p=69163"]}]},{"@type":"ImageObject","inLanguage":"en-US","@id":"https:\/\/akunq.net\/tr\/?p=69163#primaryimage","url":"https:\/\/akunq.net\/tr\/wp-content\/uploads\/sites\/6\/2022\/06\/Secim-Tertip-Heyetleri.jpg","contentUrl":"https:\/\/akunq.net\/tr\/wp-content\/uploads\/sites\/6\/2022\/06\/Secim-Tertip-Heyetleri.jpg","width":702,"height":527},{"@type":"BreadcrumbList","@id":"https:\/\/akunq.net\/tr\/?p=69163#breadcrumb","itemListElement":[{"@type":"ListItem","position":1,"name":"Home","item":"https:\/\/akunq.net\/tr"},{"@type":"ListItem","position":2,"name":"Se\u00e7im Tertip Heyetleri olu\u015fturuldu"}]},{"@type":"WebSite","@id":"https:\/\/akunq.net\/tr\/#website","url":"https:\/\/akunq.net\/tr\/","name":"Bati Ermenistan Ve Bati Ermenileri Sorunlari Ara\u015ftirmalar Merkezi","description":"","potentialAction":[{"@type":"SearchAction","target":{"@type":"EntryPoint","urlTemplate":"https:\/\/akunq.net\/tr\/?s={search_term_string}"},"query-input":{"@type":"PropertyValueSpecification","valueRequired":true,"valueName":"search_term_string"}}],"inLanguage":"en-US"},{"@type":"Person","@id":"https:\/\/akunq.net\/tr\/#\/schema\/person\/096f1d38a12cce57fb855b485ed24c9e","name":"admin","url":"https:\/\/akunq.net\/tr\/?author=7"}]}},"_links":{"self":[{"href":"https:\/\/akunq.net\/tr\/index.php?rest_route=\/wp\/v2\/posts\/69163","targetHints":{"allow":["GET"]}}],"collection":[{"href":"https:\/\/akunq.net\/tr\/index.php?rest_route=\/wp\/v2\/posts"}],"about":[{"href":"https:\/\/akunq.net\/tr\/index.php?rest_route=\/wp\/v2\/types\/post"}],"author":[{"embeddable":true,"href":"https:\/\/akunq.net\/tr\/index.php?rest_route=\/wp\/v2\/users\/7"}],"replies":[{"embeddable":true,"href":"https:\/\/akunq.net\/tr\/index.php?rest_route=%2Fwp%2Fv2%2Fcomments&post=69163"}],"version-history":[{"count":1,"href":"https:\/\/akunq.net\/tr\/index.php?rest_route=\/wp\/v2\/posts\/69163\/revisions"}],"predecessor-version":[{"id":69165,"href":"https:\/\/akunq.net\/tr\/index.php?rest_route=\/wp\/v2\/posts\/69163\/revisions\/69165"}],"wp:featuredmedia":[{"embeddable":true,"href":"https:\/\/akunq.net\/tr\/index.php?rest_route=\/wp\/v2\/media\/69164"}],"wp:attachment":[{"href":"https:\/\/akunq.net\/tr\/index.php?rest_route=%2Fwp%2Fv2%2Fmedia&parent=69163"}],"wp:term":[{"taxonomy":"category","embeddable":true,"href":"https:\/\/akunq.net\/tr\/index.php?rest_route=%2Fwp%2Fv2%2Fcategories&post=69163"},{"taxonomy":"post_tag","embeddable":true,"href":"https:\/\/akunq.net\/tr\/index.php?rest_route=%2Fwp%2Fv2%2Ftags&post=69163"}],"curies":[{"name":"wp","href":"https:\/\/api.w.org\/{rel}","templated":true}]}}