{"id":69136,"date":"2022-06-27T06:17:26","date_gmt":"2022-06-27T11:17:26","guid":{"rendered":"https:\/\/akunq.net\/tr\/?p=69136"},"modified":"2022-06-27T06:17:26","modified_gmt":"2022-06-27T11:17:26","slug":"dunyanin-eski-kilisesi-meclise-tasindi","status":"publish","type":"post","link":"https:\/\/akunq.net\/tr\/?p=69136","title":{"rendered":"D\u00fcnyan\u0131n eski kilisesi meclise ta\u015f\u0131nd\u0131!"},"content":{"rendered":"<p><img loading=\"lazy\" decoding=\"async\" class=\"aligncenter size-full wp-image-69137\" src=\"https:\/\/akunq.net\/tr\/wp-content\/uploads\/2022\/06\/Hanefis-Manastiri.jpg\" alt=\"\" width=\"292\" height=\"173\" srcset=\"https:\/\/akunq.net\/tr\/wp-content\/uploads\/sites\/6\/2022\/06\/Hanefis-Manastiri.jpg 292w, https:\/\/akunq.net\/tr\/wp-content\/uploads\/sites\/6\/2022\/06\/Hanefis-Manastiri-260x154.jpg 260w, https:\/\/akunq.net\/tr\/wp-content\/uploads\/sites\/6\/2022\/06\/Hanefis-Manastiri-160x95.jpg 160w\" sizes=\"auto, (max-width: 292px) 100vw, 292px\" \/><\/p>\n<p><em><strong>\u015eanl\u0131urfa (Urfa, Yedesia-&#8216;Akunq&#8217; web sitesi) milletvekili Ay\u015fe S\u00fcr\u00fcc\u00fc, Viran\u015fehir bulunan d\u00fcnyan\u0131n ilk kilisesi olarak bilinen Hanefi\u015f Manast\u0131r\u0131\u2019n\u0131n ak\u0131betini Meclise ta\u015f\u0131d\u0131.<\/strong><\/em><\/p>\n<p><em>Viran\u015fehir il\u00e7esine ba\u011fl\u0131 k\u0131rsal Akkese Mahallesi\u2019nde d\u00fcnyan\u0131n ilk kilisesi olarak bilinen<a href=\"https:\/\/www.urfadegisim.com\/haber\/Hanefi%C5%9F-Manast%C4%B1r%C4%B1\/\">\u00a0Hanefi\u015f Manast\u0131r\u0131\u00a0<\/a>bak\u0131ms\u0131zl\u0131k ve ilgisizlik nedeniyle i\u00e7erisinde ate\u015f yak\u0131larak zarar g\u00f6r\u00fcrken yine b\u00f6lgede hayvanc\u0131l\u0131k yapan aileler kiliseyi hayvan bar\u0131na\u011f\u0131 olarak kullan\u0131yor.<\/em><\/p>\n<p><em>K\u00fclt\u00fcr ve Turizm Bakan\u0131 Mehmet Nuri Ersoy taraf\u0131ndan yan\u0131tlamas\u0131 istemiyle Meclise g\u00f6nderilen sorgu \u00f6nergesinde \u015fu ifadelere yer verildi:<\/em><\/p>\n<p>\u201c\u015eanl\u0131urfa\u2019n\u0131n<a href=\"https:\/\/www.urfadegisim.com\/haber\/Viran%C5%9Fehir\/\">\u00a0Viran\u015fehir\u00a0<\/a>il\u00e7esine ba\u011fl\u0131 k\u0131rsal Akkese Mahallesi\u2019nde d\u00fcnyan\u0131n ilk kilisesi olarak bilinen Hanefi\u015f Manast\u0131r\u0131 yer al\u0131yor. \u00dczerindeki kabartmalara bak\u0131ld\u0131\u011f\u0131nda da bu manast\u0131r\u0131n bir d\u00f6nem g\u00fcne\u015fe tapanlar, bir d\u00f6nem Hristiyanlar, bir d\u00f6nem de M\u00fcsl\u00fcmanlara ibadet yeri oldu\u011fu anla\u015f\u0131l\u0131yor. Tarihi ge\u00e7mi\u015fi ile bir\u00e7ok inan\u0131\u015fa ev sahipli\u011fi yapmas\u0131yla ender \u00f6rneklerden biri olarak kabul edilen ve asl\u0131nda b\u00fcy\u00fck \u00f6nem ta\u015f\u0131yan tarihi b\u00f6lge ise bak\u0131ms\u0131z b\u0131rak\u0131lm\u0131\u015ft\u0131r. \u00d6yle ki kilisenin i\u00e7inde ate\u015f yak\u0131lmas\u0131 sebebiyle t\u00fcm duvarlar isle kaplan\u0131rken, kilise hayvanlar\u0131n da bar\u0131na\u011f\u0131 haline gelmi\u015f durumdad\u0131r. Bakanl\u0131\u011f\u0131n h\u0131zla bu konuda ad\u0131m atmas\u0131 elzemdir.<\/p>\n<p>Bu Ba\u011flamda;<\/p>\n<p>1.\u015eanl\u0131urfa\u2019n\u0131n, Viran\u015fehir \u0130l\u00e7esi\u2019nde bulunan Hanefi\u015f Manast\u0131r\u0131\u2019na dair turizm de\u011feri haline getirmek i\u00e7in bir proje yap\u0131lm\u0131\u015f m\u0131d\u0131r?<\/p>\n<p>2.Bakanl\u0131\u011f\u0131n\u0131z Hanefi\u015f Manast\u0131r\u0131\u2019n\u0131n i\u00e7inde bulundu\u011fu yok olma tehlikesiyle alt\u0131nda oldu\u011fundan haberdar m\u0131d\u0131r?<\/p>\n<p>3.Hanefi\u015f Manast\u0131r\u0131\u2019na neden gerekli \u00f6zen g\u00f6sterilmemektedir?<\/p>\n<p>4.\u015eanl\u0131urfa\u2019da turistik de\u011fere sahip olan fakat ziyarete a\u00e7\u0131lmayan ka\u00e7 yap\u0131 bulunmaktad\u0131r?<\/p>\n<p>5.Konu hakk\u0131nda a\u00e7\u0131klama da bulunacak m\u0131s\u0131n\u0131z ?\u201d<\/p>\n<p><em><strong><a href=\"https:\/\/www.urfadegisim.com\/dunyanin-eski-kilisesi-meclise-tasindi\/61858\/\">https:\/\/www.urfadegisim.com\/dunyanin-eski-kilisesi-meclise-tasindi\/61858\/<\/a>\u00a0<\/strong><\/em><\/p>\n","protected":false},"excerpt":{"rendered":"<p>\u015eanl\u0131urfa (Urfa, Yedesia-&#8216;Akunq&#8217; web sitesi) milletvekili Ay\u015fe S\u00fcr\u00fcc\u00fc, Viran\u015fehir bulunan d\u00fcnyan\u0131n ilk kilisesi olarak bilinen Hanefi\u015f Manast\u0131r\u0131\u2019n\u0131n ak\u0131betini Meclise ta\u015f\u0131d\u0131. Viran\u015fehir il\u00e7esine ba\u011fl\u0131 k\u0131rsal Akkese Mahallesi\u2019nde d\u00fcnyan\u0131n ilk kilisesi olarak bilinen\u00a0Hanefi\u015f Manast\u0131r\u0131\u00a0bak\u0131ms\u0131zl\u0131k ve ilgisizlik nedeniyle i\u00e7erisinde ate\u015f yak\u0131larak zarar g\u00f6r\u00fcrken yine b\u00f6lgede hayvanc\u0131l\u0131k yapan aileler kiliseyi hayvan bar\u0131na\u011f\u0131 olarak kullan\u0131yor. K\u00fclt\u00fcr ve Turizm Bakan\u0131 Mehmet [&hellip;]<\/p>\n","protected":false},"author":7,"featured_media":69137,"comment_status":"open","ping_status":"open","sticky":false,"template":"","format":"standard","meta":{"footnotes":""},"categories":[1],"tags":[],"class_list":["post-69136","post","type-post","status-publish","format-standard","has-post-thumbnail","hentry","category-haberler"],"yoast_head":"<!-- This site is optimized with the Yoast SEO plugin v27.4 - https:\/\/yoast.com\/product\/yoast-seo-wordpress\/ -->\n<title>D\u00fcnyan\u0131n eski kilisesi meclise ta\u015f\u0131nd\u0131! - Bati Ermenistan Ve Bati Ermenileri Sorunlari Ara\u015ftirmalar Merkezi<\/title>\n<meta name=\"robots\" content=\"index, follow, max-snippet:-1, max-image-preview:large, max-video-preview:-1\" \/>\n<link rel=\"canonical\" href=\"https:\/\/akunq.net\/tr\/?p=69136\" \/>\n<meta property=\"og:locale\" content=\"en_US\" \/>\n<meta property=\"og:type\" content=\"article\" \/>\n<meta property=\"og:title\" content=\"D\u00fcnyan\u0131n eski kilisesi meclise ta\u015f\u0131nd\u0131! - Bati Ermenistan Ve Bati Ermenileri Sorunlari Ara\u015ftirmalar Merkezi\" \/>\n<meta property=\"og:description\" content=\"\u015eanl\u0131urfa (Urfa, Yedesia-&#8216;Akunq&#8217; web sitesi) milletvekili Ay\u015fe S\u00fcr\u00fcc\u00fc, Viran\u015fehir bulunan d\u00fcnyan\u0131n ilk kilisesi olarak bilinen Hanefi\u015f Manast\u0131r\u0131\u2019n\u0131n ak\u0131betini Meclise ta\u015f\u0131d\u0131. Viran\u015fehir il\u00e7esine ba\u011fl\u0131 k\u0131rsal Akkese Mahallesi\u2019nde d\u00fcnyan\u0131n ilk kilisesi olarak bilinen\u00a0Hanefi\u015f Manast\u0131r\u0131\u00a0bak\u0131ms\u0131zl\u0131k ve ilgisizlik nedeniyle i\u00e7erisinde ate\u015f yak\u0131larak zarar g\u00f6r\u00fcrken yine b\u00f6lgede hayvanc\u0131l\u0131k yapan aileler kiliseyi hayvan bar\u0131na\u011f\u0131 olarak kullan\u0131yor. K\u00fclt\u00fcr ve Turizm Bakan\u0131 Mehmet [&hellip;]\" \/>\n<meta property=\"og:url\" content=\"https:\/\/akunq.net\/tr\/?p=69136\" \/>\n<meta property=\"og:site_name\" content=\"Bati Ermenistan Ve Bati Ermenileri Sorunlari Ara\u015ftirmalar Merkezi\" \/>\n<meta property=\"article:published_time\" content=\"2022-06-27T11:17:26+00:00\" \/>\n<meta property=\"og:image\" content=\"https:\/\/akunq.net\/tr\/wp-content\/uploads\/sites\/6\/2022\/06\/Hanefis-Manastiri.jpg\" \/>\n\t<meta property=\"og:image:width\" content=\"292\" \/>\n\t<meta property=\"og:image:height\" content=\"173\" \/>\n\t<meta property=\"og:image:type\" content=\"image\/jpeg\" \/>\n<meta name=\"author\" content=\"admin\" \/>\n<meta name=\"twitter:card\" content=\"summary_large_image\" \/>\n<meta name=\"twitter:label1\" content=\"Written by\" \/>\n\t<meta name=\"twitter:data1\" content=\"admin\" \/>\n\t<meta name=\"twitter:label2\" content=\"Est. reading time\" \/>\n\t<meta name=\"twitter:data2\" content=\"2 minutes\" \/>\n<script type=\"application\/ld+json\" class=\"yoast-schema-graph\">{\"@context\":\"https:\\\/\\\/schema.org\",\"@graph\":[{\"@type\":\"Article\",\"@id\":\"https:\\\/\\\/akunq.net\\\/tr\\\/?p=69136#article\",\"isPartOf\":{\"@id\":\"https:\\\/\\\/akunq.net\\\/tr\\\/?p=69136\"},\"author\":{\"name\":\"admin\",\"@id\":\"https:\\\/\\\/akunq.net\\\/tr\\\/#\\\/schema\\\/person\\\/096f1d38a12cce57fb855b485ed24c9e\"},\"headline\":\"D\u00fcnyan\u0131n eski kilisesi meclise ta\u015f\u0131nd\u0131!\",\"datePublished\":\"2022-06-27T11:17:26+00:00\",\"mainEntityOfPage\":{\"@id\":\"https:\\\/\\\/akunq.net\\\/tr\\\/?p=69136\"},\"wordCount\":350,\"commentCount\":0,\"image\":{\"@id\":\"https:\\\/\\\/akunq.net\\\/tr\\\/?p=69136#primaryimage\"},\"thumbnailUrl\":\"https:\\\/\\\/akunq.net\\\/tr\\\/wp-content\\\/uploads\\\/sites\\\/6\\\/2022\\\/06\\\/Hanefis-Manastiri.jpg\",\"articleSection\":[\"Haberler\"],\"inLanguage\":\"en-US\",\"potentialAction\":[{\"@type\":\"CommentAction\",\"name\":\"Comment\",\"target\":[\"https:\\\/\\\/akunq.net\\\/tr\\\/?p=69136#respond\"]}]},{\"@type\":\"WebPage\",\"@id\":\"https:\\\/\\\/akunq.net\\\/tr\\\/?p=69136\",\"url\":\"https:\\\/\\\/akunq.net\\\/tr\\\/?p=69136\",\"name\":\"D\u00fcnyan\u0131n eski kilisesi meclise ta\u015f\u0131nd\u0131! - Bati Ermenistan Ve Bati Ermenileri Sorunlari Ara\u015ftirmalar Merkezi\",\"isPartOf\":{\"@id\":\"https:\\\/\\\/akunq.net\\\/tr\\\/#website\"},\"primaryImageOfPage\":{\"@id\":\"https:\\\/\\\/akunq.net\\\/tr\\\/?p=69136#primaryimage\"},\"image\":{\"@id\":\"https:\\\/\\\/akunq.net\\\/tr\\\/?p=69136#primaryimage\"},\"thumbnailUrl\":\"https:\\\/\\\/akunq.net\\\/tr\\\/wp-content\\\/uploads\\\/sites\\\/6\\\/2022\\\/06\\\/Hanefis-Manastiri.jpg\",\"datePublished\":\"2022-06-27T11:17:26+00:00\",\"author\":{\"@id\":\"https:\\\/\\\/akunq.net\\\/tr\\\/#\\\/schema\\\/person\\\/096f1d38a12cce57fb855b485ed24c9e\"},\"breadcrumb\":{\"@id\":\"https:\\\/\\\/akunq.net\\\/tr\\\/?p=69136#breadcrumb\"},\"inLanguage\":\"en-US\",\"potentialAction\":[{\"@type\":\"ReadAction\",\"target\":[\"https:\\\/\\\/akunq.net\\\/tr\\\/?p=69136\"]}]},{\"@type\":\"ImageObject\",\"inLanguage\":\"en-US\",\"@id\":\"https:\\\/\\\/akunq.net\\\/tr\\\/?p=69136#primaryimage\",\"url\":\"https:\\\/\\\/akunq.net\\\/tr\\\/wp-content\\\/uploads\\\/sites\\\/6\\\/2022\\\/06\\\/Hanefis-Manastiri.jpg\",\"contentUrl\":\"https:\\\/\\\/akunq.net\\\/tr\\\/wp-content\\\/uploads\\\/sites\\\/6\\\/2022\\\/06\\\/Hanefis-Manastiri.jpg\",\"width\":292,\"height\":173},{\"@type\":\"BreadcrumbList\",\"@id\":\"https:\\\/\\\/akunq.net\\\/tr\\\/?p=69136#breadcrumb\",\"itemListElement\":[{\"@type\":\"ListItem\",\"position\":1,\"name\":\"Home\",\"item\":\"https:\\\/\\\/akunq.net\\\/tr\"},{\"@type\":\"ListItem\",\"position\":2,\"name\":\"D\u00fcnyan\u0131n eski kilisesi meclise ta\u015f\u0131nd\u0131!\"}]},{\"@type\":\"WebSite\",\"@id\":\"https:\\\/\\\/akunq.net\\\/tr\\\/#website\",\"url\":\"https:\\\/\\\/akunq.net\\\/tr\\\/\",\"name\":\"Bati Ermenistan Ve Bati Ermenileri Sorunlari Ara\u015ftirmalar Merkezi\",\"description\":\"\",\"potentialAction\":[{\"@type\":\"SearchAction\",\"target\":{\"@type\":\"EntryPoint\",\"urlTemplate\":\"https:\\\/\\\/akunq.net\\\/tr\\\/?s={search_term_string}\"},\"query-input\":{\"@type\":\"PropertyValueSpecification\",\"valueRequired\":true,\"valueName\":\"search_term_string\"}}],\"inLanguage\":\"en-US\"},{\"@type\":\"Person\",\"@id\":\"https:\\\/\\\/akunq.net\\\/tr\\\/#\\\/schema\\\/person\\\/096f1d38a12cce57fb855b485ed24c9e\",\"name\":\"admin\",\"url\":\"https:\\\/\\\/akunq.net\\\/tr\\\/?author=7\"}]}<\/script>\n<!-- \/ Yoast SEO plugin. -->","yoast_head_json":{"title":"D\u00fcnyan\u0131n eski kilisesi meclise ta\u015f\u0131nd\u0131! - Bati Ermenistan Ve Bati Ermenileri Sorunlari Ara\u015ftirmalar Merkezi","robots":{"index":"index","follow":"follow","max-snippet":"max-snippet:-1","max-image-preview":"max-image-preview:large","max-video-preview":"max-video-preview:-1"},"canonical":"https:\/\/akunq.net\/tr\/?p=69136","og_locale":"en_US","og_type":"article","og_title":"D\u00fcnyan\u0131n eski kilisesi meclise ta\u015f\u0131nd\u0131! - Bati Ermenistan Ve Bati Ermenileri Sorunlari Ara\u015ftirmalar Merkezi","og_description":"\u015eanl\u0131urfa (Urfa, Yedesia-&#8216;Akunq&#8217; web sitesi) milletvekili Ay\u015fe S\u00fcr\u00fcc\u00fc, Viran\u015fehir bulunan d\u00fcnyan\u0131n ilk kilisesi olarak bilinen Hanefi\u015f Manast\u0131r\u0131\u2019n\u0131n ak\u0131betini Meclise ta\u015f\u0131d\u0131. Viran\u015fehir il\u00e7esine ba\u011fl\u0131 k\u0131rsal Akkese Mahallesi\u2019nde d\u00fcnyan\u0131n ilk kilisesi olarak bilinen\u00a0Hanefi\u015f Manast\u0131r\u0131\u00a0bak\u0131ms\u0131zl\u0131k ve ilgisizlik nedeniyle i\u00e7erisinde ate\u015f yak\u0131larak zarar g\u00f6r\u00fcrken yine b\u00f6lgede hayvanc\u0131l\u0131k yapan aileler kiliseyi hayvan bar\u0131na\u011f\u0131 olarak kullan\u0131yor. K\u00fclt\u00fcr ve Turizm Bakan\u0131 Mehmet [&hellip;]","og_url":"https:\/\/akunq.net\/tr\/?p=69136","og_site_name":"Bati Ermenistan Ve Bati Ermenileri Sorunlari Ara\u015ftirmalar Merkezi","article_published_time":"2022-06-27T11:17:26+00:00","og_image":[{"width":292,"height":173,"url":"https:\/\/akunq.net\/tr\/wp-content\/uploads\/sites\/6\/2022\/06\/Hanefis-Manastiri.jpg","type":"image\/jpeg"}],"author":"admin","twitter_card":"summary_large_image","twitter_misc":{"Written by":"admin","Est. reading time":"2 minutes"},"schema":{"@context":"https:\/\/schema.org","@graph":[{"@type":"Article","@id":"https:\/\/akunq.net\/tr\/?p=69136#article","isPartOf":{"@id":"https:\/\/akunq.net\/tr\/?p=69136"},"author":{"name":"admin","@id":"https:\/\/akunq.net\/tr\/#\/schema\/person\/096f1d38a12cce57fb855b485ed24c9e"},"headline":"D\u00fcnyan\u0131n eski kilisesi meclise ta\u015f\u0131nd\u0131!","datePublished":"2022-06-27T11:17:26+00:00","mainEntityOfPage":{"@id":"https:\/\/akunq.net\/tr\/?p=69136"},"wordCount":350,"commentCount":0,"image":{"@id":"https:\/\/akunq.net\/tr\/?p=69136#primaryimage"},"thumbnailUrl":"https:\/\/akunq.net\/tr\/wp-content\/uploads\/sites\/6\/2022\/06\/Hanefis-Manastiri.jpg","articleSection":["Haberler"],"inLanguage":"en-US","potentialAction":[{"@type":"CommentAction","name":"Comment","target":["https:\/\/akunq.net\/tr\/?p=69136#respond"]}]},{"@type":"WebPage","@id":"https:\/\/akunq.net\/tr\/?p=69136","url":"https:\/\/akunq.net\/tr\/?p=69136","name":"D\u00fcnyan\u0131n eski kilisesi meclise ta\u015f\u0131nd\u0131! - Bati Ermenistan Ve Bati Ermenileri Sorunlari Ara\u015ftirmalar Merkezi","isPartOf":{"@id":"https:\/\/akunq.net\/tr\/#website"},"primaryImageOfPage":{"@id":"https:\/\/akunq.net\/tr\/?p=69136#primaryimage"},"image":{"@id":"https:\/\/akunq.net\/tr\/?p=69136#primaryimage"},"thumbnailUrl":"https:\/\/akunq.net\/tr\/wp-content\/uploads\/sites\/6\/2022\/06\/Hanefis-Manastiri.jpg","datePublished":"2022-06-27T11:17:26+00:00","author":{"@id":"https:\/\/akunq.net\/tr\/#\/schema\/person\/096f1d38a12cce57fb855b485ed24c9e"},"breadcrumb":{"@id":"https:\/\/akunq.net\/tr\/?p=69136#breadcrumb"},"inLanguage":"en-US","potentialAction":[{"@type":"ReadAction","target":["https:\/\/akunq.net\/tr\/?p=69136"]}]},{"@type":"ImageObject","inLanguage":"en-US","@id":"https:\/\/akunq.net\/tr\/?p=69136#primaryimage","url":"https:\/\/akunq.net\/tr\/wp-content\/uploads\/sites\/6\/2022\/06\/Hanefis-Manastiri.jpg","contentUrl":"https:\/\/akunq.net\/tr\/wp-content\/uploads\/sites\/6\/2022\/06\/Hanefis-Manastiri.jpg","width":292,"height":173},{"@type":"BreadcrumbList","@id":"https:\/\/akunq.net\/tr\/?p=69136#breadcrumb","itemListElement":[{"@type":"ListItem","position":1,"name":"Home","item":"https:\/\/akunq.net\/tr"},{"@type":"ListItem","position":2,"name":"D\u00fcnyan\u0131n eski kilisesi meclise ta\u015f\u0131nd\u0131!"}]},{"@type":"WebSite","@id":"https:\/\/akunq.net\/tr\/#website","url":"https:\/\/akunq.net\/tr\/","name":"Bati Ermenistan Ve Bati Ermenileri Sorunlari Ara\u015ftirmalar Merkezi","description":"","potentialAction":[{"@type":"SearchAction","target":{"@type":"EntryPoint","urlTemplate":"https:\/\/akunq.net\/tr\/?s={search_term_string}"},"query-input":{"@type":"PropertyValueSpecification","valueRequired":true,"valueName":"search_term_string"}}],"inLanguage":"en-US"},{"@type":"Person","@id":"https:\/\/akunq.net\/tr\/#\/schema\/person\/096f1d38a12cce57fb855b485ed24c9e","name":"admin","url":"https:\/\/akunq.net\/tr\/?author=7"}]}},"_links":{"self":[{"href":"https:\/\/akunq.net\/tr\/index.php?rest_route=\/wp\/v2\/posts\/69136","targetHints":{"allow":["GET"]}}],"collection":[{"href":"https:\/\/akunq.net\/tr\/index.php?rest_route=\/wp\/v2\/posts"}],"about":[{"href":"https:\/\/akunq.net\/tr\/index.php?rest_route=\/wp\/v2\/types\/post"}],"author":[{"embeddable":true,"href":"https:\/\/akunq.net\/tr\/index.php?rest_route=\/wp\/v2\/users\/7"}],"replies":[{"embeddable":true,"href":"https:\/\/akunq.net\/tr\/index.php?rest_route=%2Fwp%2Fv2%2Fcomments&post=69136"}],"version-history":[{"count":1,"href":"https:\/\/akunq.net\/tr\/index.php?rest_route=\/wp\/v2\/posts\/69136\/revisions"}],"predecessor-version":[{"id":69138,"href":"https:\/\/akunq.net\/tr\/index.php?rest_route=\/wp\/v2\/posts\/69136\/revisions\/69138"}],"wp:featuredmedia":[{"embeddable":true,"href":"https:\/\/akunq.net\/tr\/index.php?rest_route=\/wp\/v2\/media\/69137"}],"wp:attachment":[{"href":"https:\/\/akunq.net\/tr\/index.php?rest_route=%2Fwp%2Fv2%2Fmedia&parent=69136"}],"wp:term":[{"taxonomy":"category","embeddable":true,"href":"https:\/\/akunq.net\/tr\/index.php?rest_route=%2Fwp%2Fv2%2Fcategories&post=69136"},{"taxonomy":"post_tag","embeddable":true,"href":"https:\/\/akunq.net\/tr\/index.php?rest_route=%2Fwp%2Fv2%2Ftags&post=69136"}],"curies":[{"name":"wp","href":"https:\/\/api.w.org\/{rel}","templated":true}]}}