{"id":69120,"date":"2022-06-27T04:42:49","date_gmt":"2022-06-27T09:42:49","guid":{"rendered":"https:\/\/akunq.net\/tr\/?p=69120"},"modified":"2022-06-27T04:42:49","modified_gmt":"2022-06-27T09:42:49","slug":"tayfun-serttas-foto-galatasaray-arsivi-ustunden-ghazariani-hedef-gosterdi","status":"publish","type":"post","link":"https:\/\/akunq.net\/tr\/?p=69120","title":{"rendered":"Tayfun Sertta\u015f \u2018Foto Galatasaray\u2019 ar\u015fivi \u00fcst\u00fcnden Ghazarian\u2019\u0131 hedef g\u00f6sterdi"},"content":{"rendered":"<div><img loading=\"lazy\" decoding=\"async\" class=\"aligncenter size-medium wp-image-69121\" src=\"https:\/\/akunq.net\/tr\/wp-content\/uploads\/2022\/06\/\u2018Foto-Galatasaray-360x172.jpeg\" alt=\"\" width=\"360\" height=\"172\" srcset=\"https:\/\/akunq.net\/tr\/wp-content\/uploads\/sites\/6\/2022\/06\/\u2018Foto-Galatasaray-360x172.jpeg 360w, https:\/\/akunq.net\/tr\/wp-content\/uploads\/sites\/6\/2022\/06\/\u2018Foto-Galatasaray-560x268.jpeg 560w, https:\/\/akunq.net\/tr\/wp-content\/uploads\/sites\/6\/2022\/06\/\u2018Foto-Galatasaray-260x124.jpeg 260w, https:\/\/akunq.net\/tr\/wp-content\/uploads\/sites\/6\/2022\/06\/\u2018Foto-Galatasaray-160x77.jpeg 160w, https:\/\/akunq.net\/tr\/wp-content\/uploads\/sites\/6\/2022\/06\/\u2018Foto-Galatasaray.jpeg 702w\" sizes=\"auto, (max-width: 360px) 100vw, 360px\" \/><\/div>\n<div class=\"post-meta\"><strong><span class=\"posted-by\"><span class=\"reviewer\"><a title=\"Vartan Estukyan\" href=\"https:\/\/www.agos.com.tr\/tr\/yazar\/25\/vartan-estukyan\" rel=\"author\">Vartan Estukyan<\/a><\/span> \u00a0<\/span><\/strong><\/div>\n<div class=\"post-meta\"><em><strong><span style=\"color: #333333; font-family: 'Cantata One', serif; letter-spacing: 0.05em;\">Sanat\u00e7\u0131 Tayfun Sertta\u015f, Foto Galatasaray\u2019\u0131n kurucusu Maryam \u015eahinyan\u2019\u0131n ar\u015fivi hakk\u0131nda Ermenistanl\u0131 sanat\u00e7\u0131 Anahit Ghazarian\u2019\u0131 hedef g\u00f6sterdi. Sertta\u015f, \u015eahinyan\u2019\u0131n dijital ar\u015fivinin telif haklar\u0131n\u0131n kendine ait oldu\u011funu ifade ederek, \u201cResmi ve yaz\u0131l\u0131 onay\u0131m olmadan ger\u00e7ekle\u015fen kullan\u0131mlar\u0131n tamam\u0131n\u0131n yasad\u0131\u015f\u0131 oldu\u011funu belirtme gere\u011fi do\u011fmu\u015ftur\u201d dedi.<\/span><\/strong><\/em><\/div>\n<div class=\"post-container cf\">\n<div class=\"post-content-right\">\n<div class=\"post-content description \">\n<p>Sertta\u015f\u2019\u0131n a\u00e7\u0131klamalar\u0131ndan baz\u0131 sat\u0131rba\u015flar\u0131 \u015f\u00f6yle:<\/p>\n<p>\u201cAnahit Ghazarian isimli \u015fah\u0131s, hi\u00e7bir hak ve yetkisi olmadan, kimseden izin ve onay alma ihtiyac\u0131 duymaks\u0131z\u0131n, evrensel ahlaki ve etik prensiplere ayk\u0131r\u0131 olarak son derece agresif bir \u00fcslupla uzun s\u00fcredir projemle ilgili sergiler a\u00e7makta, paneller organize etmekte, r\u00f6portajlar vermekte ve hatta daha ileri giderek ar\u015fiv \u00fczerine bir web sitesi kurmakta, istisnas\u0131z bu faaliyetlerinin tamam\u0131nda fikri s\u0131nai haklar\u0131 bizlere ait olan g\u00f6rsel ve yaz\u0131l\u0131 envanteri kullanarak haks\u0131z \u00e7\u0131kar sa\u011flamaktad\u0131r.<\/p>\n<p>Foto Galatasaray ar\u015fivi \u2018anonim\u2019 bir halk ezgisi de\u011fildir. Fikri ve s\u0131nai m\u00fclkiyet haklar\u0131 a\u00e7\u0131s\u0131ndan muhataplar\u0131 son derece a\u00e7\u0131k, hukuki yetki ve s\u0131n\u0131rlar\u0131 en ince detay\u0131na kadar ba\u015ftan \u00e7izilmi\u015f bir projedir. Zira 2011 y\u0131l\u0131nda ilk kez \u0130stanbul\u2019da kamuya a\u00e7\u0131lana de\u011fin Maryam \u015eahinyan hakk\u0131nda literat\u00fcrde bir c\u00fcmle dahi monografik bilgi yer bulamam\u0131\u015f, kendisi ve mesleki ar\u015fivi tamamen unutulmu\u015f (kaybolmu\u015f) vaziyette iken taraf\u0131mdan g\u00fcn y\u00fcz\u00fcne \u00e7\u0131kar\u0131lm\u0131\u015ft\u0131r. Bu s\u00fcre\u00e7ten itibaren ger\u00e7ekle\u015fen b\u00fct\u00fcn paralel proje ve etkinlikler, bizzat onay\u0131m ve deste\u011fim al\u0131narak hukuki prensiplere uygun icra edilmi\u015ftir.<\/p>\n<p>Hukuki s\u00fcrece d\u00f6n\u00fck b\u00fct\u00fcn yasal haklar\u0131m sakl\u0131 kalmak kayd\u0131yla; Foto Galatasaray ar\u015fivi ba\u011flam\u0131nda benden izinsiz olarak Anahit Ghazarian isimli \u015fah\u0131s ile yasa d\u0131\u015f\u0131 \u015fekilde i\u015fbirli\u011fi yapan galerici, yay\u0131nc\u0131, k\u00fcrat\u00f6r, webmaster ve organizat\u00f6rlerin de e\u015fit derecede su\u00e7a i\u015ftigal ettiklerini beyan eder, konuyu kamuoyunun ve bas\u0131n\u0131n takdirine sunar\u0131m.\u201d<\/p>\n<p><strong>\u2018\u015eahinyan\u2019\u0131 kendine ait zannediyor\u2019<\/strong><\/p>\n<p>Ghazarian ise Agos\u2019a yapt\u0131\u011f\u0131 a\u00e7\u0131klamada, Tayfun Sertta\u015f\u2019\u0131n \u2018bir ara\u015ft\u0131rmac\u0131 olarak sayg\u0131s\u0131 olmad\u0131\u011f\u0131n\u0131\u2019 s\u00f6yledi: \u201cHem Maryam \u015eahinyan\u2019\u0131n hem de ar\u015fivinin kendine ait oldu\u011funu d\u00fc\u015f\u00fcn\u00fcyor. Dolay\u0131s\u0131yla kendine \u00fcn kazand\u0131rmas\u0131 i\u00e7in \u015eahinyan\u2019\u0131n ad\u0131n\u0131 suiistimal ediyor. Yani, ara\u015ft\u0131rma yapt\u0131\u011f\u0131 konuya ve ki\u015fiye sayg\u0131s\u0131 yok. Tayfun, yay\u0131nlanm\u0131\u015f bir r\u00f6portaj\u0131n\u0131n alt\u0131na bir yorum yaparak, ar\u015fivde yer alan foto\u011fraflar\u0131n kullan\u0131lmas\u0131na dair yasal yollara ba\u015fvurmaktan bahsetti. E\u011fer istiyorsa ba\u015fvurabilir fakat bunun nas\u0131l bir zemine oturaca\u011f\u0131n\u0131 merak ediyorum. Bu a\u00e7\u0131klamas\u0131yla, ne denli g\u00fcvenilmez bir ara\u015ft\u0131rmac\u0131 oldu\u011funu itiraf etti.\u201d<\/p>\n<p>Ghazarian, \u015f\u00f6yle konu\u015ftu: \u201cBenim i\u00e7in t\u00fcm bu meselelerden ziyade, bu a\u00e7\u0131klaman\u0131n ve tutumun, bir k\u00fclt\u00fcr ya\u011fmac\u0131l\u0131\u011f\u0131 \u00f6zelli\u011fi ta\u015f\u0131mas\u0131. Bu a\u00e7\u0131klama, k\u00fclt\u00fcr ya\u011fmac\u0131l\u0131\u011f\u0131na dair geni\u015f \u00e7apta bir tart\u0131\u015fmaya zemin a\u00e7\u0131yor. Tayfun bir az\u0131nl\u0131\u011f\u0131n, hassas konumda bulunan birinin \u00e7al\u0131\u015fmalar\u0131n\u0131 al\u0131p kendine \u00fcn ve isim yaratmaya \u00e7al\u0131\u015f\u0131l\u0131yor.\u201d<\/p>\n<p>\u00c7al\u0131\u015fmalar\u0131na dair bilgiler de veren Ghazarian, yapt\u0131\u011f\u0131 \u00e7al\u0131\u015fmalar\u0131n, yapt\u0131\u011f\u0131 ara\u015ft\u0131rma ve g\u00f6r\u00fc\u015fmelere dayand\u0131\u011f\u0131n\u0131 ifade ediyor: \u201cDetroit, New York, \u0130stanbul gibi yerlerde insanlarla g\u00f6r\u00fc\u015ft\u00fcm, bu insanlar\u0131n \u00e7o\u011fu kendi bana ula\u015ft\u0131. Benim ara\u015ft\u0131rmam sadece foto\u011fraflara dayanm\u0131yor, buldu\u011fum her foto\u011fraf\u0131n arkas\u0131nda bir hik\u00e2ye de var. Maryam \u015eahinyan hakk\u0131nda kurdu\u011fum web sitede ise en basit Google aramas\u0131yla bulunabilecek bilgiler yer al\u0131yor. Onun foto\u011fraflar\u0131n\u0131 ortaya \u00e7\u0131karmakla me\u015fgul de\u011filim, foto\u011fraflar\u0131n k\u00fclt\u00fcrel ba\u011flam\u0131n\u0131 ve hik\u00e2yelerini bulup tamamlamaya \u00e7al\u0131\u015f\u0131yorum. Baz\u0131 buldu\u011fum foto\u011fraf ve hik\u00e2yeler ne Tayfun Sertta\u015f\u2019\u0131n yazd\u0131\u011f\u0131 kitapta yaz\u0131yor ne de herhangi birinin haberi var. \u015eahinyan\u2019\u0131n profili ve foto\u011fraflar\u0131 Tayfun\u2019a ait de\u011fil. Bunlar benim tarihimi, bir kad\u0131n\u0131n tarihini anlamak i\u00e7in kamuya a\u00e7\u0131k kaynaklard\u0131r.\u201d<\/p>\n<p>Anahit Ghazarian, son olarak \u015funlar\u0131 s\u00f6yledi: \u201cMaryam \u015eahinyan\u2019\u0131n g\u00fcn y\u00fcz\u00fcne \u00e7\u0131kard\u0131\u011f\u0131n\u0131 iddia etti\u011fi ve SALT\u2019ta yapt\u0131\u011f\u0131 serginin ba\u015fl\u0131\u011f\u0131 \u2018Tayfun Sertta\u015f: Foto Galatasaray\u2019 idi. Sanki kendi sergisiydi ve sanat\u00e7\u0131 da kendiydi. Hangi k\u00fcrat\u00f6r ilk kez ortaya \u00e7\u0131karaca\u011f\u0131 sanat\u00e7\u0131n\u0131n ismini hi\u00e7bir yerde belirtmez? Bu, etik olarak ne kadar sak\u0131ncal\u0131 oldu\u011funu, kendinin ne kadar h\u0131rsl\u0131 oldu\u011funu g\u00f6steriyor. Ara\u015ft\u0131rmac\u0131 olarak \u00e7al\u0131\u015fmalar\u0131ma engel olmaya \u00e7al\u0131\u015f\u0131yor, bunun sebebi de korkular\u0131. E\u011fer Maryam \u015eahinyan\u2019\u0131n biyografisinin kendi kitab\u0131ndan al\u0131nd\u0131\u011f\u0131n\u0131 iddia ediyorsa, \u015funu s\u00f6ylemek gerek ki o tarih Maryam \u015eahinyan\u2019\u0131n karde\u015fi Vruyr \u015eahinyan taraf\u0131ndan aktar\u0131lm\u0131\u015ft\u0131r.\u201d<\/p>\n<p><em><strong>https:\/\/www.agos.com.tr\/tr\/yazi\/27236\/tayfun-serttas-foto-galatasaray-arsivi-ustunden-ghazariani-hedef-gosterdi\u00a0<\/strong><\/em><\/p>\n<\/div>\n<\/div>\n<\/div>\n","protected":false},"excerpt":{"rendered":"<p>Vartan Estukyan \u00a0 Sanat\u00e7\u0131 Tayfun Sertta\u015f, Foto Galatasaray\u2019\u0131n kurucusu Maryam \u015eahinyan\u2019\u0131n ar\u015fivi hakk\u0131nda Ermenistanl\u0131 sanat\u00e7\u0131 Anahit Ghazarian\u2019\u0131 hedef g\u00f6sterdi. Sertta\u015f, \u015eahinyan\u2019\u0131n dijital ar\u015fivinin telif haklar\u0131n\u0131n kendine ait oldu\u011funu ifade ederek, \u201cResmi ve yaz\u0131l\u0131 onay\u0131m olmadan ger\u00e7ekle\u015fen kullan\u0131mlar\u0131n tamam\u0131n\u0131n yasad\u0131\u015f\u0131 oldu\u011funu belirtme gere\u011fi do\u011fmu\u015ftur\u201d dedi. Sertta\u015f\u2019\u0131n a\u00e7\u0131klamalar\u0131ndan baz\u0131 sat\u0131rba\u015flar\u0131 \u015f\u00f6yle: \u201cAnahit Ghazarian isimli \u015fah\u0131s, hi\u00e7bir hak [&hellip;]<\/p>\n","protected":false},"author":7,"featured_media":69121,"comment_status":"open","ping_status":"open","sticky":false,"template":"","format":"standard","meta":{"footnotes":""},"categories":[1],"tags":[],"class_list":["post-69120","post","type-post","status-publish","format-standard","has-post-thumbnail","hentry","category-haberler"],"yoast_head":"<!-- This site is optimized with the Yoast SEO plugin v27.4 - https:\/\/yoast.com\/product\/yoast-seo-wordpress\/ -->\n<title>Tayfun Sertta\u015f \u2018Foto Galatasaray\u2019 ar\u015fivi \u00fcst\u00fcnden Ghazarian\u2019\u0131 hedef g\u00f6sterdi - Bati Ermenistan Ve Bati Ermenileri Sorunlari Ara\u015ftirmalar Merkezi<\/title>\n<meta name=\"robots\" content=\"index, follow, max-snippet:-1, max-image-preview:large, max-video-preview:-1\" \/>\n<link rel=\"canonical\" href=\"https:\/\/akunq.net\/tr\/?p=69120\" \/>\n<meta property=\"og:locale\" content=\"en_US\" \/>\n<meta property=\"og:type\" content=\"article\" \/>\n<meta property=\"og:title\" content=\"Tayfun Sertta\u015f \u2018Foto Galatasaray\u2019 ar\u015fivi \u00fcst\u00fcnden Ghazarian\u2019\u0131 hedef g\u00f6sterdi - Bati Ermenistan Ve Bati Ermenileri Sorunlari Ara\u015ftirmalar Merkezi\" \/>\n<meta property=\"og:description\" content=\"Vartan Estukyan \u00a0 Sanat\u00e7\u0131 Tayfun Sertta\u015f, Foto Galatasaray\u2019\u0131n kurucusu Maryam \u015eahinyan\u2019\u0131n ar\u015fivi hakk\u0131nda Ermenistanl\u0131 sanat\u00e7\u0131 Anahit Ghazarian\u2019\u0131 hedef g\u00f6sterdi. Sertta\u015f, \u015eahinyan\u2019\u0131n dijital ar\u015fivinin telif haklar\u0131n\u0131n kendine ait oldu\u011funu ifade ederek, \u201cResmi ve yaz\u0131l\u0131 onay\u0131m olmadan ger\u00e7ekle\u015fen kullan\u0131mlar\u0131n tamam\u0131n\u0131n yasad\u0131\u015f\u0131 oldu\u011funu belirtme gere\u011fi do\u011fmu\u015ftur\u201d dedi. Sertta\u015f\u2019\u0131n a\u00e7\u0131klamalar\u0131ndan baz\u0131 sat\u0131rba\u015flar\u0131 \u015f\u00f6yle: \u201cAnahit Ghazarian isimli \u015fah\u0131s, hi\u00e7bir hak [&hellip;]\" \/>\n<meta property=\"og:url\" content=\"https:\/\/akunq.net\/tr\/?p=69120\" \/>\n<meta property=\"og:site_name\" content=\"Bati Ermenistan Ve Bati Ermenileri Sorunlari Ara\u015ftirmalar Merkezi\" \/>\n<meta property=\"article:published_time\" content=\"2022-06-27T09:42:49+00:00\" \/>\n<meta property=\"og:image\" content=\"https:\/\/akunq.net\/tr\/wp-content\/uploads\/sites\/6\/2022\/06\/\u2018Foto-Galatasaray.jpeg\" \/>\n\t<meta property=\"og:image:width\" content=\"702\" \/>\n\t<meta property=\"og:image:height\" content=\"336\" \/>\n\t<meta property=\"og:image:type\" content=\"image\/jpeg\" \/>\n<meta name=\"author\" content=\"admin\" \/>\n<meta name=\"twitter:card\" content=\"summary_large_image\" \/>\n<meta name=\"twitter:label1\" content=\"Written by\" \/>\n\t<meta name=\"twitter:data1\" content=\"admin\" \/>\n\t<meta name=\"twitter:label2\" content=\"Est. reading time\" \/>\n\t<meta name=\"twitter:data2\" content=\"4 minutes\" \/>\n<script type=\"application\/ld+json\" class=\"yoast-schema-graph\">{\"@context\":\"https:\\\/\\\/schema.org\",\"@graph\":[{\"@type\":\"Article\",\"@id\":\"https:\\\/\\\/akunq.net\\\/tr\\\/?p=69120#article\",\"isPartOf\":{\"@id\":\"https:\\\/\\\/akunq.net\\\/tr\\\/?p=69120\"},\"author\":{\"name\":\"admin\",\"@id\":\"https:\\\/\\\/akunq.net\\\/tr\\\/#\\\/schema\\\/person\\\/096f1d38a12cce57fb855b485ed24c9e\"},\"headline\":\"Tayfun Sertta\u015f \u2018Foto Galatasaray\u2019 ar\u015fivi \u00fcst\u00fcnden Ghazarian\u2019\u0131 hedef g\u00f6sterdi\",\"datePublished\":\"2022-06-27T09:42:49+00:00\",\"mainEntityOfPage\":{\"@id\":\"https:\\\/\\\/akunq.net\\\/tr\\\/?p=69120\"},\"wordCount\":846,\"commentCount\":0,\"image\":{\"@id\":\"https:\\\/\\\/akunq.net\\\/tr\\\/?p=69120#primaryimage\"},\"thumbnailUrl\":\"https:\\\/\\\/akunq.net\\\/tr\\\/wp-content\\\/uploads\\\/sites\\\/6\\\/2022\\\/06\\\/\u2018Foto-Galatasaray.jpeg\",\"articleSection\":[\"Haberler\"],\"inLanguage\":\"en-US\",\"potentialAction\":[{\"@type\":\"CommentAction\",\"name\":\"Comment\",\"target\":[\"https:\\\/\\\/akunq.net\\\/tr\\\/?p=69120#respond\"]}]},{\"@type\":\"WebPage\",\"@id\":\"https:\\\/\\\/akunq.net\\\/tr\\\/?p=69120\",\"url\":\"https:\\\/\\\/akunq.net\\\/tr\\\/?p=69120\",\"name\":\"Tayfun Sertta\u015f \u2018Foto Galatasaray\u2019 ar\u015fivi \u00fcst\u00fcnden Ghazarian\u2019\u0131 hedef g\u00f6sterdi - Bati Ermenistan Ve Bati Ermenileri Sorunlari Ara\u015ftirmalar Merkezi\",\"isPartOf\":{\"@id\":\"https:\\\/\\\/akunq.net\\\/tr\\\/#website\"},\"primaryImageOfPage\":{\"@id\":\"https:\\\/\\\/akunq.net\\\/tr\\\/?p=69120#primaryimage\"},\"image\":{\"@id\":\"https:\\\/\\\/akunq.net\\\/tr\\\/?p=69120#primaryimage\"},\"thumbnailUrl\":\"https:\\\/\\\/akunq.net\\\/tr\\\/wp-content\\\/uploads\\\/sites\\\/6\\\/2022\\\/06\\\/\u2018Foto-Galatasaray.jpeg\",\"datePublished\":\"2022-06-27T09:42:49+00:00\",\"author\":{\"@id\":\"https:\\\/\\\/akunq.net\\\/tr\\\/#\\\/schema\\\/person\\\/096f1d38a12cce57fb855b485ed24c9e\"},\"breadcrumb\":{\"@id\":\"https:\\\/\\\/akunq.net\\\/tr\\\/?p=69120#breadcrumb\"},\"inLanguage\":\"en-US\",\"potentialAction\":[{\"@type\":\"ReadAction\",\"target\":[\"https:\\\/\\\/akunq.net\\\/tr\\\/?p=69120\"]}]},{\"@type\":\"ImageObject\",\"inLanguage\":\"en-US\",\"@id\":\"https:\\\/\\\/akunq.net\\\/tr\\\/?p=69120#primaryimage\",\"url\":\"https:\\\/\\\/akunq.net\\\/tr\\\/wp-content\\\/uploads\\\/sites\\\/6\\\/2022\\\/06\\\/\u2018Foto-Galatasaray.jpeg\",\"contentUrl\":\"https:\\\/\\\/akunq.net\\\/tr\\\/wp-content\\\/uploads\\\/sites\\\/6\\\/2022\\\/06\\\/\u2018Foto-Galatasaray.jpeg\",\"width\":702,\"height\":336},{\"@type\":\"BreadcrumbList\",\"@id\":\"https:\\\/\\\/akunq.net\\\/tr\\\/?p=69120#breadcrumb\",\"itemListElement\":[{\"@type\":\"ListItem\",\"position\":1,\"name\":\"Home\",\"item\":\"https:\\\/\\\/akunq.net\\\/tr\"},{\"@type\":\"ListItem\",\"position\":2,\"name\":\"Tayfun Sertta\u015f \u2018Foto Galatasaray\u2019 ar\u015fivi \u00fcst\u00fcnden Ghazarian\u2019\u0131 hedef g\u00f6sterdi\"}]},{\"@type\":\"WebSite\",\"@id\":\"https:\\\/\\\/akunq.net\\\/tr\\\/#website\",\"url\":\"https:\\\/\\\/akunq.net\\\/tr\\\/\",\"name\":\"Bati Ermenistan Ve Bati Ermenileri Sorunlari Ara\u015ftirmalar Merkezi\",\"description\":\"\",\"potentialAction\":[{\"@type\":\"SearchAction\",\"target\":{\"@type\":\"EntryPoint\",\"urlTemplate\":\"https:\\\/\\\/akunq.net\\\/tr\\\/?s={search_term_string}\"},\"query-input\":{\"@type\":\"PropertyValueSpecification\",\"valueRequired\":true,\"valueName\":\"search_term_string\"}}],\"inLanguage\":\"en-US\"},{\"@type\":\"Person\",\"@id\":\"https:\\\/\\\/akunq.net\\\/tr\\\/#\\\/schema\\\/person\\\/096f1d38a12cce57fb855b485ed24c9e\",\"name\":\"admin\",\"url\":\"https:\\\/\\\/akunq.net\\\/tr\\\/?author=7\"}]}<\/script>\n<!-- \/ Yoast SEO plugin. -->","yoast_head_json":{"title":"Tayfun Sertta\u015f \u2018Foto Galatasaray\u2019 ar\u015fivi \u00fcst\u00fcnden Ghazarian\u2019\u0131 hedef g\u00f6sterdi - Bati Ermenistan Ve Bati Ermenileri Sorunlari Ara\u015ftirmalar Merkezi","robots":{"index":"index","follow":"follow","max-snippet":"max-snippet:-1","max-image-preview":"max-image-preview:large","max-video-preview":"max-video-preview:-1"},"canonical":"https:\/\/akunq.net\/tr\/?p=69120","og_locale":"en_US","og_type":"article","og_title":"Tayfun Sertta\u015f \u2018Foto Galatasaray\u2019 ar\u015fivi \u00fcst\u00fcnden Ghazarian\u2019\u0131 hedef g\u00f6sterdi - Bati Ermenistan Ve Bati Ermenileri Sorunlari Ara\u015ftirmalar Merkezi","og_description":"Vartan Estukyan \u00a0 Sanat\u00e7\u0131 Tayfun Sertta\u015f, Foto Galatasaray\u2019\u0131n kurucusu Maryam \u015eahinyan\u2019\u0131n ar\u015fivi hakk\u0131nda Ermenistanl\u0131 sanat\u00e7\u0131 Anahit Ghazarian\u2019\u0131 hedef g\u00f6sterdi. Sertta\u015f, \u015eahinyan\u2019\u0131n dijital ar\u015fivinin telif haklar\u0131n\u0131n kendine ait oldu\u011funu ifade ederek, \u201cResmi ve yaz\u0131l\u0131 onay\u0131m olmadan ger\u00e7ekle\u015fen kullan\u0131mlar\u0131n tamam\u0131n\u0131n yasad\u0131\u015f\u0131 oldu\u011funu belirtme gere\u011fi do\u011fmu\u015ftur\u201d dedi. Sertta\u015f\u2019\u0131n a\u00e7\u0131klamalar\u0131ndan baz\u0131 sat\u0131rba\u015flar\u0131 \u015f\u00f6yle: \u201cAnahit Ghazarian isimli \u015fah\u0131s, hi\u00e7bir hak [&hellip;]","og_url":"https:\/\/akunq.net\/tr\/?p=69120","og_site_name":"Bati Ermenistan Ve Bati Ermenileri Sorunlari Ara\u015ftirmalar Merkezi","article_published_time":"2022-06-27T09:42:49+00:00","og_image":[{"width":702,"height":336,"url":"https:\/\/akunq.net\/tr\/wp-content\/uploads\/sites\/6\/2022\/06\/\u2018Foto-Galatasaray.jpeg","type":"image\/jpeg"}],"author":"admin","twitter_card":"summary_large_image","twitter_misc":{"Written by":"admin","Est. reading time":"4 minutes"},"schema":{"@context":"https:\/\/schema.org","@graph":[{"@type":"Article","@id":"https:\/\/akunq.net\/tr\/?p=69120#article","isPartOf":{"@id":"https:\/\/akunq.net\/tr\/?p=69120"},"author":{"name":"admin","@id":"https:\/\/akunq.net\/tr\/#\/schema\/person\/096f1d38a12cce57fb855b485ed24c9e"},"headline":"Tayfun Sertta\u015f \u2018Foto Galatasaray\u2019 ar\u015fivi \u00fcst\u00fcnden Ghazarian\u2019\u0131 hedef g\u00f6sterdi","datePublished":"2022-06-27T09:42:49+00:00","mainEntityOfPage":{"@id":"https:\/\/akunq.net\/tr\/?p=69120"},"wordCount":846,"commentCount":0,"image":{"@id":"https:\/\/akunq.net\/tr\/?p=69120#primaryimage"},"thumbnailUrl":"https:\/\/akunq.net\/tr\/wp-content\/uploads\/sites\/6\/2022\/06\/\u2018Foto-Galatasaray.jpeg","articleSection":["Haberler"],"inLanguage":"en-US","potentialAction":[{"@type":"CommentAction","name":"Comment","target":["https:\/\/akunq.net\/tr\/?p=69120#respond"]}]},{"@type":"WebPage","@id":"https:\/\/akunq.net\/tr\/?p=69120","url":"https:\/\/akunq.net\/tr\/?p=69120","name":"Tayfun Sertta\u015f \u2018Foto Galatasaray\u2019 ar\u015fivi \u00fcst\u00fcnden Ghazarian\u2019\u0131 hedef g\u00f6sterdi - Bati Ermenistan Ve Bati Ermenileri Sorunlari Ara\u015ftirmalar Merkezi","isPartOf":{"@id":"https:\/\/akunq.net\/tr\/#website"},"primaryImageOfPage":{"@id":"https:\/\/akunq.net\/tr\/?p=69120#primaryimage"},"image":{"@id":"https:\/\/akunq.net\/tr\/?p=69120#primaryimage"},"thumbnailUrl":"https:\/\/akunq.net\/tr\/wp-content\/uploads\/sites\/6\/2022\/06\/\u2018Foto-Galatasaray.jpeg","datePublished":"2022-06-27T09:42:49+00:00","author":{"@id":"https:\/\/akunq.net\/tr\/#\/schema\/person\/096f1d38a12cce57fb855b485ed24c9e"},"breadcrumb":{"@id":"https:\/\/akunq.net\/tr\/?p=69120#breadcrumb"},"inLanguage":"en-US","potentialAction":[{"@type":"ReadAction","target":["https:\/\/akunq.net\/tr\/?p=69120"]}]},{"@type":"ImageObject","inLanguage":"en-US","@id":"https:\/\/akunq.net\/tr\/?p=69120#primaryimage","url":"https:\/\/akunq.net\/tr\/wp-content\/uploads\/sites\/6\/2022\/06\/\u2018Foto-Galatasaray.jpeg","contentUrl":"https:\/\/akunq.net\/tr\/wp-content\/uploads\/sites\/6\/2022\/06\/\u2018Foto-Galatasaray.jpeg","width":702,"height":336},{"@type":"BreadcrumbList","@id":"https:\/\/akunq.net\/tr\/?p=69120#breadcrumb","itemListElement":[{"@type":"ListItem","position":1,"name":"Home","item":"https:\/\/akunq.net\/tr"},{"@type":"ListItem","position":2,"name":"Tayfun Sertta\u015f \u2018Foto Galatasaray\u2019 ar\u015fivi \u00fcst\u00fcnden Ghazarian\u2019\u0131 hedef g\u00f6sterdi"}]},{"@type":"WebSite","@id":"https:\/\/akunq.net\/tr\/#website","url":"https:\/\/akunq.net\/tr\/","name":"Bati Ermenistan Ve Bati Ermenileri Sorunlari Ara\u015ftirmalar Merkezi","description":"","potentialAction":[{"@type":"SearchAction","target":{"@type":"EntryPoint","urlTemplate":"https:\/\/akunq.net\/tr\/?s={search_term_string}"},"query-input":{"@type":"PropertyValueSpecification","valueRequired":true,"valueName":"search_term_string"}}],"inLanguage":"en-US"},{"@type":"Person","@id":"https:\/\/akunq.net\/tr\/#\/schema\/person\/096f1d38a12cce57fb855b485ed24c9e","name":"admin","url":"https:\/\/akunq.net\/tr\/?author=7"}]}},"_links":{"self":[{"href":"https:\/\/akunq.net\/tr\/index.php?rest_route=\/wp\/v2\/posts\/69120","targetHints":{"allow":["GET"]}}],"collection":[{"href":"https:\/\/akunq.net\/tr\/index.php?rest_route=\/wp\/v2\/posts"}],"about":[{"href":"https:\/\/akunq.net\/tr\/index.php?rest_route=\/wp\/v2\/types\/post"}],"author":[{"embeddable":true,"href":"https:\/\/akunq.net\/tr\/index.php?rest_route=\/wp\/v2\/users\/7"}],"replies":[{"embeddable":true,"href":"https:\/\/akunq.net\/tr\/index.php?rest_route=%2Fwp%2Fv2%2Fcomments&post=69120"}],"version-history":[{"count":1,"href":"https:\/\/akunq.net\/tr\/index.php?rest_route=\/wp\/v2\/posts\/69120\/revisions"}],"predecessor-version":[{"id":69122,"href":"https:\/\/akunq.net\/tr\/index.php?rest_route=\/wp\/v2\/posts\/69120\/revisions\/69122"}],"wp:featuredmedia":[{"embeddable":true,"href":"https:\/\/akunq.net\/tr\/index.php?rest_route=\/wp\/v2\/media\/69121"}],"wp:attachment":[{"href":"https:\/\/akunq.net\/tr\/index.php?rest_route=%2Fwp%2Fv2%2Fmedia&parent=69120"}],"wp:term":[{"taxonomy":"category","embeddable":true,"href":"https:\/\/akunq.net\/tr\/index.php?rest_route=%2Fwp%2Fv2%2Fcategories&post=69120"},{"taxonomy":"post_tag","embeddable":true,"href":"https:\/\/akunq.net\/tr\/index.php?rest_route=%2Fwp%2Fv2%2Ftags&post=69120"}],"curies":[{"name":"wp","href":"https:\/\/api.w.org\/{rel}","templated":true}]}}