{"id":69110,"date":"2022-06-24T01:35:23","date_gmt":"2022-06-24T06:35:23","guid":{"rendered":"https:\/\/akunq.net\/tr\/?p=69110"},"modified":"2022-06-24T01:35:23","modified_gmt":"2022-06-24T06:35:23","slug":"hak-orgutlerinden-yeni-yonetmelige-elestiri","status":"publish","type":"post","link":"https:\/\/akunq.net\/tr\/?p=69110","title":{"rendered":"Hak \u00f6rg\u00fctlerinden yeni y\u00f6netmeli\u011fe ele\u015ftiri"},"content":{"rendered":"<p><img loading=\"lazy\" decoding=\"async\" class=\"aligncenter size-medium wp-image-69111\" src=\"https:\/\/akunq.net\/tr\/wp-content\/uploads\/2022\/06\/yeni-yonetmelige-elestiri-360x169.jpg\" alt=\"\" width=\"360\" height=\"169\" srcset=\"https:\/\/akunq.net\/tr\/wp-content\/uploads\/sites\/6\/2022\/06\/yeni-yonetmelige-elestiri-360x169.jpg 360w, https:\/\/akunq.net\/tr\/wp-content\/uploads\/sites\/6\/2022\/06\/yeni-yonetmelige-elestiri-768x360.jpg 768w, https:\/\/akunq.net\/tr\/wp-content\/uploads\/sites\/6\/2022\/06\/yeni-yonetmelige-elestiri-560x263.jpg 560w, https:\/\/akunq.net\/tr\/wp-content\/uploads\/sites\/6\/2022\/06\/yeni-yonetmelige-elestiri-260x122.jpg 260w, https:\/\/akunq.net\/tr\/wp-content\/uploads\/sites\/6\/2022\/06\/yeni-yonetmelige-elestiri-160x75.jpg 160w, https:\/\/akunq.net\/tr\/wp-content\/uploads\/sites\/6\/2022\/06\/yeni-yonetmelige-elestiri.jpg 806w\" sizes=\"auto, (max-width: 360px) 100vw, 360px\" \/><\/p>\n<p><em><strong>\u0130HOP (\u0130nsan Haklar\u0131 Ortak Platformu) ad\u0131 alt\u0131nda biraraya gelen \u0130nsan Haklar\u0131 Derne\u011fi, \u0130nsan Haklar\u0131 G\u00fcndemi Derne\u011fi, Yurtta\u015fl\u0131k Derne\u011fi, E\u015fit Haklar \u0130\u00e7in \u0130zleme Derne\u011fi ve Hak \u0130nisiyatifi Derne\u011fi bir a\u00e7\u0131klama yay\u0131nlayarak yeni yay\u0131nlanan Az\u0131nl\u0131k Vak\u0131flar\u0131 Se\u00e7im Y\u00f6netmeli\u011fi\u2019ni ele\u015ftirdi.<\/strong><\/em><\/p>\n<p>Az\u0131nl\u0131k Vak\u0131flar\u0131&#8217;n\u0131n y\u00f6netim kurullar\u0131n\u0131 se\u00e7mesine imkan veren yeni y\u00f6netmelik 18 Haziran&#8217;da Resmi Gazete&#8217;de\u00a0<a href=\"https:\/\/www.agos.com.tr\/tr\/yazi\/27217\/azinlik-vakiflari-secim-yonetmeligi-yayinlandi\" target=\"_blank\" rel=\"noopener\">yay\u0131nlanm\u0131\u015ft\u0131<\/a>. Y\u00f6netmelik\u00a0<a href=\"https:\/\/www.agos.com.tr\/tr\/yazi\/27221\/yeni-secim-yonetmeligi-ne-getiriyor\" target=\"_blank\" rel=\"noopener\">farkl\u0131\u00a0<\/a>a\u00e7\u0131lardan\u00a0<a href=\"https:\/\/www.agos.com.tr\/tr\/yazi\/27224\/yeni-yonetmeligin-anatomisi\" target=\"_blank\" rel=\"noopener\">ele\u015ftiriliyor<\/a>. Hak \u00f6rg\u00fctleri de konuyla ilgili bir a\u00e7\u0131klama yapt\u0131. A\u00e7\u0131klamada \u015f\u00f6yle dendi:<\/p>\n<p>\u201cBeklenenin aksine bu yeni y\u00f6netmelik eskisinden daha k\u0131s\u0131tlay\u0131c\u0131 olmu\u015f, se\u00e7im tertip komitesinden ba\u015flayarak aday ve se\u00e7men listelerinin tamam\u0131 Vak\u0131flar Genel M\u00fcd\u00fcrl\u00fc\u011f\u00fcn\u00fcn onay\u0131na ba\u011flanm\u0131\u015ft\u0131r. Bu yeni y\u00f6netmelik ile az\u0131nl\u0131k toplumlar\u0131n\u0131n demokratik ve \u00f6zg\u00fcr se\u00e7im yapmalar\u0131n\u0131n \u00f6n\u00fcne kal\u0131n bir set \u00e7ekilmi\u015ftir. Ve neredeyse az\u0131nl\u0131k toplumlar\u0131n\u0131n kendilerini \u00f6zg\u00fcrce se\u00e7me, se\u00e7ilme ve y\u00f6netme haklar\u0131 ellerinden al\u0131nm\u0131\u015ft\u0131r.<\/p>\n<p>Bu y\u00f6netmelik hem Anayasa\u2019n\u0131n e\u015fitlik ilkesine hem de zaten T\u00fcrkiye\u2019nin az\u0131nl\u0131klar\u0131na hi\u00e7bir zaman tam uygulamad\u0131\u011f\u0131 Lozan Antla\u015fmas\u0131\u2019na ayk\u0131r\u0131d\u0131r. T\u00fcrkiye resmi olarak zaten dar anlamda yorumlad\u0131\u011f\u0131 az\u0131nl\u0131klar\u0131n haklar\u0131n\u0131 koruyup her t\u00fcrl\u00fc kolayl\u0131\u011f\u0131 g\u00f6stermekle y\u00fck\u00fcml\u00fc oldu\u011fu halde, bu y\u00f6netmelikle yeni bir e\u015fik atlay\u0131p az\u0131nl\u0131k toplum kurumlar\u0131n\u0131n her t\u00fcrl\u00fc y\u00f6netimine ve se\u00e7imlerine kar\u0131\u015fmaktad\u0131r; belki de baz\u0131 az\u0131nl\u0131k vak\u0131flar\u0131n\u0131n zapt edilmesine veya tayinle idare edilmelerine kadar gidecek bir yol a\u00e7\u0131lm\u0131\u015ft\u0131r.\u00a0 Bu asla kabul edilemez!<\/p>\n<p>Ayr\u0131ca y\u00f6netmelik, az\u0131nl\u0131k toplumlar\u0131n\u0131n y\u00fczy\u0131llard\u0131r kendilerine ait hastanelerin de idaresini bir nevi sa\u011fl\u0131k Bakanl\u0131\u011f\u0131n\u0131n idaresine sokarak, bu bakanl\u0131\u011f\u0131n onay\u0131n\u0131 alan ba\u015fka bir Y\u00f6netmelik ile d\u00fczenleme esas\u0131 getirmi\u015ftir. Az\u0131nl\u0131k vak\u0131flar\u0131 bir b\u00fct\u00fcnd\u00fcr ve b\u00fct\u00fcn vak\u0131flar o toplumlar\u0131n tamam\u0131na aittir, istisna yap\u0131lamaz.\u00a0 Zaten 5737 No\u2019lu Vak\u0131flar Yasas\u0131nda da belirtildi\u011fi gibi vak\u0131f y\u00f6neticilerinin se\u00e7im ve usul esaslar\u0131 TEK bir y\u00f6netmelikle belirlenir. \u0130dare bu kurumlar\u0131 istedi\u011fi gibi ay\u0131ramaz, yasal olarak da istisna getiremez. \u0130darenin az\u0131nl\u0131k kurumlar\u0131n\u0131 kafas\u0131na g\u00f6re b\u00f6lme\/ay\u0131rma gibi bir tasarrufu olamaz.<\/p>\n<p>Yeni y\u00f6netmelik \u00f6zellikle \u0130stanbul\u2019daki vak\u0131flar i\u00e7in yeni bir g\u00fc\u00e7l\u00fck daha getirmi\u015ftir; vak\u0131f se\u00e7imleri i\u00e7in milletvekili se\u00e7imlerini esas alan \u201cb\u00f6lgesel se\u00e7im sistemi\u201d getirilmi\u015ftir ve se\u00e7menler ve se\u00e7ilecekler i\u00e7in de se\u00e7im tarihi itibar\u0131yla en az alt\u0131 aydan beri se\u00e7im \u00e7evresinde ikamet etme \u015fart\u0131 aranmaktad\u0131r. N\u00fcfuslar\u0131 zaten az olan az\u0131nl\u0131k toplumlar\u0131 i\u00e7in o se\u00e7im b\u00f6lgesinde en az alt\u0131 ay ya\u015fam\u0131\u015f olma \u015fart\u0131 en az\u0131ndan d\u00fc\u015f\u00fcncesizlik veya k\u00f6t\u00fc niyetliliktir.<\/p>\n<p>B\u00fct\u00fcn bu \u00e7er\u00e7eve i\u00e7inde ve y\u00f6netmelikte yer alan di\u011fer k\u0131s\u0131tlay\u0131c\u0131 h\u00fck\u00fcmler g\u00f6z \u00f6n\u00fcne al\u0131nd\u0131\u011f\u0131nda, bu y\u00f6netmelik iptal edilmeli ve az\u0131nl\u0131k toplumlar\u0131yla isti\u015fare edilerek yeniden ve \u00e7a\u011fda\u015f ihtiya\u00e7lar\u0131 g\u00f6z \u00f6n\u00fcne al\u0131narak demokratik se\u00e7imleri m\u00fcmk\u00fcn k\u0131lan yeni bir y\u00f6netmelik haz\u0131rlanmal\u0131d\u0131r.<\/p>\n<p>T\u00fcrkiye Avrupa Konseyi\u2019nin Ulusal Az\u0131nl\u0131klar\u0131n Korunmas\u0131na dair \u00c7er\u00e7eve S\u00f6zle\u015fmesini bir an \u00f6nce imzalamal\u0131d\u0131r.\u201d<\/p>\n<p><em><strong>https:\/\/www.agos.com.tr\/tr\/yazi\/27225\/hak-orgutlerinden-yeni-yonetmelige-elestiri\u00a0<\/strong><\/em><\/p>\n","protected":false},"excerpt":{"rendered":"<p>\u0130HOP (\u0130nsan Haklar\u0131 Ortak Platformu) ad\u0131 alt\u0131nda biraraya gelen \u0130nsan Haklar\u0131 Derne\u011fi, \u0130nsan Haklar\u0131 G\u00fcndemi Derne\u011fi, Yurtta\u015fl\u0131k Derne\u011fi, E\u015fit Haklar \u0130\u00e7in \u0130zleme Derne\u011fi ve Hak \u0130nisiyatifi Derne\u011fi bir a\u00e7\u0131klama yay\u0131nlayarak yeni yay\u0131nlanan Az\u0131nl\u0131k Vak\u0131flar\u0131 Se\u00e7im Y\u00f6netmeli\u011fi\u2019ni ele\u015ftirdi. Az\u0131nl\u0131k Vak\u0131flar\u0131&#8217;n\u0131n y\u00f6netim kurullar\u0131n\u0131 se\u00e7mesine imkan veren yeni y\u00f6netmelik 18 Haziran&#8217;da Resmi Gazete&#8217;de\u00a0yay\u0131nlanm\u0131\u015ft\u0131. Y\u00f6netmelik\u00a0farkl\u0131\u00a0a\u00e7\u0131lardan\u00a0ele\u015ftiriliyor. Hak \u00f6rg\u00fctleri de konuyla [&hellip;]<\/p>\n","protected":false},"author":7,"featured_media":69111,"comment_status":"open","ping_status":"open","sticky":false,"template":"","format":"standard","meta":{"footnotes":""},"categories":[1],"tags":[],"class_list":["post-69110","post","type-post","status-publish","format-standard","has-post-thumbnail","hentry","category-haberler"],"yoast_head":"<!-- This site is optimized with the Yoast SEO plugin v27.4 - https:\/\/yoast.com\/product\/yoast-seo-wordpress\/ -->\n<title>Hak \u00f6rg\u00fctlerinden yeni y\u00f6netmeli\u011fe ele\u015ftiri - Bati Ermenistan Ve Bati Ermenileri Sorunlari Ara\u015ftirmalar Merkezi<\/title>\n<meta name=\"robots\" content=\"index, follow, max-snippet:-1, max-image-preview:large, max-video-preview:-1\" \/>\n<link rel=\"canonical\" href=\"https:\/\/akunq.net\/tr\/?p=69110\" \/>\n<meta property=\"og:locale\" content=\"en_US\" \/>\n<meta property=\"og:type\" content=\"article\" \/>\n<meta property=\"og:title\" content=\"Hak \u00f6rg\u00fctlerinden yeni y\u00f6netmeli\u011fe ele\u015ftiri - Bati Ermenistan Ve Bati Ermenileri Sorunlari Ara\u015ftirmalar Merkezi\" \/>\n<meta property=\"og:description\" content=\"\u0130HOP (\u0130nsan Haklar\u0131 Ortak Platformu) ad\u0131 alt\u0131nda biraraya gelen \u0130nsan Haklar\u0131 Derne\u011fi, \u0130nsan Haklar\u0131 G\u00fcndemi Derne\u011fi, Yurtta\u015fl\u0131k Derne\u011fi, E\u015fit Haklar \u0130\u00e7in \u0130zleme Derne\u011fi ve Hak \u0130nisiyatifi Derne\u011fi bir a\u00e7\u0131klama yay\u0131nlayarak yeni yay\u0131nlanan Az\u0131nl\u0131k Vak\u0131flar\u0131 Se\u00e7im Y\u00f6netmeli\u011fi\u2019ni ele\u015ftirdi. Az\u0131nl\u0131k Vak\u0131flar\u0131&#8217;n\u0131n y\u00f6netim kurullar\u0131n\u0131 se\u00e7mesine imkan veren yeni y\u00f6netmelik 18 Haziran&#8217;da Resmi Gazete&#8217;de\u00a0yay\u0131nlanm\u0131\u015ft\u0131. Y\u00f6netmelik\u00a0farkl\u0131\u00a0a\u00e7\u0131lardan\u00a0ele\u015ftiriliyor. Hak \u00f6rg\u00fctleri de konuyla [&hellip;]\" \/>\n<meta property=\"og:url\" content=\"https:\/\/akunq.net\/tr\/?p=69110\" \/>\n<meta property=\"og:site_name\" content=\"Bati Ermenistan Ve Bati Ermenileri Sorunlari Ara\u015ftirmalar Merkezi\" \/>\n<meta property=\"article:published_time\" content=\"2022-06-24T06:35:23+00:00\" \/>\n<meta property=\"og:image\" content=\"https:\/\/akunq.net\/tr\/wp-content\/uploads\/sites\/6\/2022\/06\/yeni-yonetmelige-elestiri.jpg\" \/>\n\t<meta property=\"og:image:width\" content=\"806\" \/>\n\t<meta property=\"og:image:height\" content=\"378\" \/>\n\t<meta property=\"og:image:type\" content=\"image\/jpeg\" \/>\n<meta name=\"author\" content=\"admin\" \/>\n<meta name=\"twitter:card\" content=\"summary_large_image\" \/>\n<meta name=\"twitter:label1\" content=\"Written by\" \/>\n\t<meta name=\"twitter:data1\" content=\"admin\" \/>\n\t<meta name=\"twitter:label2\" content=\"Est. reading time\" \/>\n\t<meta name=\"twitter:data2\" content=\"3 minutes\" \/>\n<script type=\"application\/ld+json\" class=\"yoast-schema-graph\">{\"@context\":\"https:\\\/\\\/schema.org\",\"@graph\":[{\"@type\":\"Article\",\"@id\":\"https:\\\/\\\/akunq.net\\\/tr\\\/?p=69110#article\",\"isPartOf\":{\"@id\":\"https:\\\/\\\/akunq.net\\\/tr\\\/?p=69110\"},\"author\":{\"name\":\"admin\",\"@id\":\"https:\\\/\\\/akunq.net\\\/tr\\\/#\\\/schema\\\/person\\\/096f1d38a12cce57fb855b485ed24c9e\"},\"headline\":\"Hak \u00f6rg\u00fctlerinden yeni y\u00f6netmeli\u011fe ele\u015ftiri\",\"datePublished\":\"2022-06-24T06:35:23+00:00\",\"mainEntityOfPage\":{\"@id\":\"https:\\\/\\\/akunq.net\\\/tr\\\/?p=69110\"},\"wordCount\":644,\"commentCount\":0,\"image\":{\"@id\":\"https:\\\/\\\/akunq.net\\\/tr\\\/?p=69110#primaryimage\"},\"thumbnailUrl\":\"https:\\\/\\\/akunq.net\\\/tr\\\/wp-content\\\/uploads\\\/sites\\\/6\\\/2022\\\/06\\\/yeni-yonetmelige-elestiri.jpg\",\"articleSection\":[\"Haberler\"],\"inLanguage\":\"en-US\",\"potentialAction\":[{\"@type\":\"CommentAction\",\"name\":\"Comment\",\"target\":[\"https:\\\/\\\/akunq.net\\\/tr\\\/?p=69110#respond\"]}]},{\"@type\":\"WebPage\",\"@id\":\"https:\\\/\\\/akunq.net\\\/tr\\\/?p=69110\",\"url\":\"https:\\\/\\\/akunq.net\\\/tr\\\/?p=69110\",\"name\":\"Hak \u00f6rg\u00fctlerinden yeni y\u00f6netmeli\u011fe ele\u015ftiri - Bati Ermenistan Ve Bati Ermenileri Sorunlari Ara\u015ftirmalar Merkezi\",\"isPartOf\":{\"@id\":\"https:\\\/\\\/akunq.net\\\/tr\\\/#website\"},\"primaryImageOfPage\":{\"@id\":\"https:\\\/\\\/akunq.net\\\/tr\\\/?p=69110#primaryimage\"},\"image\":{\"@id\":\"https:\\\/\\\/akunq.net\\\/tr\\\/?p=69110#primaryimage\"},\"thumbnailUrl\":\"https:\\\/\\\/akunq.net\\\/tr\\\/wp-content\\\/uploads\\\/sites\\\/6\\\/2022\\\/06\\\/yeni-yonetmelige-elestiri.jpg\",\"datePublished\":\"2022-06-24T06:35:23+00:00\",\"author\":{\"@id\":\"https:\\\/\\\/akunq.net\\\/tr\\\/#\\\/schema\\\/person\\\/096f1d38a12cce57fb855b485ed24c9e\"},\"breadcrumb\":{\"@id\":\"https:\\\/\\\/akunq.net\\\/tr\\\/?p=69110#breadcrumb\"},\"inLanguage\":\"en-US\",\"potentialAction\":[{\"@type\":\"ReadAction\",\"target\":[\"https:\\\/\\\/akunq.net\\\/tr\\\/?p=69110\"]}]},{\"@type\":\"ImageObject\",\"inLanguage\":\"en-US\",\"@id\":\"https:\\\/\\\/akunq.net\\\/tr\\\/?p=69110#primaryimage\",\"url\":\"https:\\\/\\\/akunq.net\\\/tr\\\/wp-content\\\/uploads\\\/sites\\\/6\\\/2022\\\/06\\\/yeni-yonetmelige-elestiri.jpg\",\"contentUrl\":\"https:\\\/\\\/akunq.net\\\/tr\\\/wp-content\\\/uploads\\\/sites\\\/6\\\/2022\\\/06\\\/yeni-yonetmelige-elestiri.jpg\",\"width\":806,\"height\":378},{\"@type\":\"BreadcrumbList\",\"@id\":\"https:\\\/\\\/akunq.net\\\/tr\\\/?p=69110#breadcrumb\",\"itemListElement\":[{\"@type\":\"ListItem\",\"position\":1,\"name\":\"Home\",\"item\":\"https:\\\/\\\/akunq.net\\\/tr\"},{\"@type\":\"ListItem\",\"position\":2,\"name\":\"Hak \u00f6rg\u00fctlerinden yeni y\u00f6netmeli\u011fe ele\u015ftiri\"}]},{\"@type\":\"WebSite\",\"@id\":\"https:\\\/\\\/akunq.net\\\/tr\\\/#website\",\"url\":\"https:\\\/\\\/akunq.net\\\/tr\\\/\",\"name\":\"Bati Ermenistan Ve Bati Ermenileri Sorunlari Ara\u015ftirmalar Merkezi\",\"description\":\"\",\"potentialAction\":[{\"@type\":\"SearchAction\",\"target\":{\"@type\":\"EntryPoint\",\"urlTemplate\":\"https:\\\/\\\/akunq.net\\\/tr\\\/?s={search_term_string}\"},\"query-input\":{\"@type\":\"PropertyValueSpecification\",\"valueRequired\":true,\"valueName\":\"search_term_string\"}}],\"inLanguage\":\"en-US\"},{\"@type\":\"Person\",\"@id\":\"https:\\\/\\\/akunq.net\\\/tr\\\/#\\\/schema\\\/person\\\/096f1d38a12cce57fb855b485ed24c9e\",\"name\":\"admin\",\"url\":\"https:\\\/\\\/akunq.net\\\/tr\\\/?author=7\"}]}<\/script>\n<!-- \/ Yoast SEO plugin. -->","yoast_head_json":{"title":"Hak \u00f6rg\u00fctlerinden yeni y\u00f6netmeli\u011fe ele\u015ftiri - Bati Ermenistan Ve Bati Ermenileri Sorunlari Ara\u015ftirmalar Merkezi","robots":{"index":"index","follow":"follow","max-snippet":"max-snippet:-1","max-image-preview":"max-image-preview:large","max-video-preview":"max-video-preview:-1"},"canonical":"https:\/\/akunq.net\/tr\/?p=69110","og_locale":"en_US","og_type":"article","og_title":"Hak \u00f6rg\u00fctlerinden yeni y\u00f6netmeli\u011fe ele\u015ftiri - Bati Ermenistan Ve Bati Ermenileri Sorunlari Ara\u015ftirmalar Merkezi","og_description":"\u0130HOP (\u0130nsan Haklar\u0131 Ortak Platformu) ad\u0131 alt\u0131nda biraraya gelen \u0130nsan Haklar\u0131 Derne\u011fi, \u0130nsan Haklar\u0131 G\u00fcndemi Derne\u011fi, Yurtta\u015fl\u0131k Derne\u011fi, E\u015fit Haklar \u0130\u00e7in \u0130zleme Derne\u011fi ve Hak \u0130nisiyatifi Derne\u011fi bir a\u00e7\u0131klama yay\u0131nlayarak yeni yay\u0131nlanan Az\u0131nl\u0131k Vak\u0131flar\u0131 Se\u00e7im Y\u00f6netmeli\u011fi\u2019ni ele\u015ftirdi. Az\u0131nl\u0131k Vak\u0131flar\u0131&#8217;n\u0131n y\u00f6netim kurullar\u0131n\u0131 se\u00e7mesine imkan veren yeni y\u00f6netmelik 18 Haziran&#8217;da Resmi Gazete&#8217;de\u00a0yay\u0131nlanm\u0131\u015ft\u0131. Y\u00f6netmelik\u00a0farkl\u0131\u00a0a\u00e7\u0131lardan\u00a0ele\u015ftiriliyor. Hak \u00f6rg\u00fctleri de konuyla [&hellip;]","og_url":"https:\/\/akunq.net\/tr\/?p=69110","og_site_name":"Bati Ermenistan Ve Bati Ermenileri Sorunlari Ara\u015ftirmalar Merkezi","article_published_time":"2022-06-24T06:35:23+00:00","og_image":[{"width":806,"height":378,"url":"https:\/\/akunq.net\/tr\/wp-content\/uploads\/sites\/6\/2022\/06\/yeni-yonetmelige-elestiri.jpg","type":"image\/jpeg"}],"author":"admin","twitter_card":"summary_large_image","twitter_misc":{"Written by":"admin","Est. reading time":"3 minutes"},"schema":{"@context":"https:\/\/schema.org","@graph":[{"@type":"Article","@id":"https:\/\/akunq.net\/tr\/?p=69110#article","isPartOf":{"@id":"https:\/\/akunq.net\/tr\/?p=69110"},"author":{"name":"admin","@id":"https:\/\/akunq.net\/tr\/#\/schema\/person\/096f1d38a12cce57fb855b485ed24c9e"},"headline":"Hak \u00f6rg\u00fctlerinden yeni y\u00f6netmeli\u011fe ele\u015ftiri","datePublished":"2022-06-24T06:35:23+00:00","mainEntityOfPage":{"@id":"https:\/\/akunq.net\/tr\/?p=69110"},"wordCount":644,"commentCount":0,"image":{"@id":"https:\/\/akunq.net\/tr\/?p=69110#primaryimage"},"thumbnailUrl":"https:\/\/akunq.net\/tr\/wp-content\/uploads\/sites\/6\/2022\/06\/yeni-yonetmelige-elestiri.jpg","articleSection":["Haberler"],"inLanguage":"en-US","potentialAction":[{"@type":"CommentAction","name":"Comment","target":["https:\/\/akunq.net\/tr\/?p=69110#respond"]}]},{"@type":"WebPage","@id":"https:\/\/akunq.net\/tr\/?p=69110","url":"https:\/\/akunq.net\/tr\/?p=69110","name":"Hak \u00f6rg\u00fctlerinden yeni y\u00f6netmeli\u011fe ele\u015ftiri - Bati Ermenistan Ve Bati Ermenileri Sorunlari Ara\u015ftirmalar Merkezi","isPartOf":{"@id":"https:\/\/akunq.net\/tr\/#website"},"primaryImageOfPage":{"@id":"https:\/\/akunq.net\/tr\/?p=69110#primaryimage"},"image":{"@id":"https:\/\/akunq.net\/tr\/?p=69110#primaryimage"},"thumbnailUrl":"https:\/\/akunq.net\/tr\/wp-content\/uploads\/sites\/6\/2022\/06\/yeni-yonetmelige-elestiri.jpg","datePublished":"2022-06-24T06:35:23+00:00","author":{"@id":"https:\/\/akunq.net\/tr\/#\/schema\/person\/096f1d38a12cce57fb855b485ed24c9e"},"breadcrumb":{"@id":"https:\/\/akunq.net\/tr\/?p=69110#breadcrumb"},"inLanguage":"en-US","potentialAction":[{"@type":"ReadAction","target":["https:\/\/akunq.net\/tr\/?p=69110"]}]},{"@type":"ImageObject","inLanguage":"en-US","@id":"https:\/\/akunq.net\/tr\/?p=69110#primaryimage","url":"https:\/\/akunq.net\/tr\/wp-content\/uploads\/sites\/6\/2022\/06\/yeni-yonetmelige-elestiri.jpg","contentUrl":"https:\/\/akunq.net\/tr\/wp-content\/uploads\/sites\/6\/2022\/06\/yeni-yonetmelige-elestiri.jpg","width":806,"height":378},{"@type":"BreadcrumbList","@id":"https:\/\/akunq.net\/tr\/?p=69110#breadcrumb","itemListElement":[{"@type":"ListItem","position":1,"name":"Home","item":"https:\/\/akunq.net\/tr"},{"@type":"ListItem","position":2,"name":"Hak \u00f6rg\u00fctlerinden yeni y\u00f6netmeli\u011fe ele\u015ftiri"}]},{"@type":"WebSite","@id":"https:\/\/akunq.net\/tr\/#website","url":"https:\/\/akunq.net\/tr\/","name":"Bati Ermenistan Ve Bati Ermenileri Sorunlari Ara\u015ftirmalar Merkezi","description":"","potentialAction":[{"@type":"SearchAction","target":{"@type":"EntryPoint","urlTemplate":"https:\/\/akunq.net\/tr\/?s={search_term_string}"},"query-input":{"@type":"PropertyValueSpecification","valueRequired":true,"valueName":"search_term_string"}}],"inLanguage":"en-US"},{"@type":"Person","@id":"https:\/\/akunq.net\/tr\/#\/schema\/person\/096f1d38a12cce57fb855b485ed24c9e","name":"admin","url":"https:\/\/akunq.net\/tr\/?author=7"}]}},"_links":{"self":[{"href":"https:\/\/akunq.net\/tr\/index.php?rest_route=\/wp\/v2\/posts\/69110","targetHints":{"allow":["GET"]}}],"collection":[{"href":"https:\/\/akunq.net\/tr\/index.php?rest_route=\/wp\/v2\/posts"}],"about":[{"href":"https:\/\/akunq.net\/tr\/index.php?rest_route=\/wp\/v2\/types\/post"}],"author":[{"embeddable":true,"href":"https:\/\/akunq.net\/tr\/index.php?rest_route=\/wp\/v2\/users\/7"}],"replies":[{"embeddable":true,"href":"https:\/\/akunq.net\/tr\/index.php?rest_route=%2Fwp%2Fv2%2Fcomments&post=69110"}],"version-history":[{"count":1,"href":"https:\/\/akunq.net\/tr\/index.php?rest_route=\/wp\/v2\/posts\/69110\/revisions"}],"predecessor-version":[{"id":69112,"href":"https:\/\/akunq.net\/tr\/index.php?rest_route=\/wp\/v2\/posts\/69110\/revisions\/69112"}],"wp:featuredmedia":[{"embeddable":true,"href":"https:\/\/akunq.net\/tr\/index.php?rest_route=\/wp\/v2\/media\/69111"}],"wp:attachment":[{"href":"https:\/\/akunq.net\/tr\/index.php?rest_route=%2Fwp%2Fv2%2Fmedia&parent=69110"}],"wp:term":[{"taxonomy":"category","embeddable":true,"href":"https:\/\/akunq.net\/tr\/index.php?rest_route=%2Fwp%2Fv2%2Fcategories&post=69110"},{"taxonomy":"post_tag","embeddable":true,"href":"https:\/\/akunq.net\/tr\/index.php?rest_route=%2Fwp%2Fv2%2Ftags&post=69110"}],"curies":[{"name":"wp","href":"https:\/\/api.w.org\/{rel}","templated":true}]}}