{"id":69106,"date":"2022-06-23T07:00:04","date_gmt":"2022-06-23T12:00:04","guid":{"rendered":"https:\/\/akunq.net\/tr\/?p=69106"},"modified":"2022-06-23T07:00:04","modified_gmt":"2022-06-23T12:00:04","slug":"karsta-tarihi-mezarlar-define-avcilarinin-hedefi-oldu","status":"publish","type":"post","link":"https:\/\/akunq.net\/tr\/?p=69106","title":{"rendered":"Kars\u2019ta tarihi mezarlar, define avc\u0131lar\u0131n\u0131n hedefi oldu"},"content":{"rendered":"<p><img loading=\"lazy\" decoding=\"async\" class=\"aligncenter size-medium wp-image-69107\" src=\"https:\/\/akunq.net\/tr\/wp-content\/uploads\/2022\/06\/Karsta-tarihi-mezarlar-360x242.jpg\" alt=\"\" width=\"360\" height=\"242\" srcset=\"https:\/\/akunq.net\/tr\/wp-content\/uploads\/sites\/6\/2022\/06\/Karsta-tarihi-mezarlar-360x242.jpg 360w, https:\/\/akunq.net\/tr\/wp-content\/uploads\/sites\/6\/2022\/06\/Karsta-tarihi-mezarlar-560x376.jpg 560w, https:\/\/akunq.net\/tr\/wp-content\/uploads\/sites\/6\/2022\/06\/Karsta-tarihi-mezarlar-260x175.jpg 260w, https:\/\/akunq.net\/tr\/wp-content\/uploads\/sites\/6\/2022\/06\/Karsta-tarihi-mezarlar-160x107.jpg 160w, https:\/\/akunq.net\/tr\/wp-content\/uploads\/sites\/6\/2022\/06\/Karsta-tarihi-mezarlar.jpg 670w\" sizes=\"auto, (max-width: 360px) 100vw, 360px\" \/><\/p>\n<p><em><strong>Kars\u2019ta \u00fczerinde ha\u00e7 i\u015faretleri bulunan tarihi mezarlar tahrip edilerek, yok oluyor. Kentte ya\u015fayan yurtta\u015flar, mezarl\u0131\u011f\u0131n bir an \u00f6nce koruma alt\u0131na al\u0131nmas\u0131n\u0131 talep ettiler.<\/strong><\/em><\/p>\n<p>Kars\u2019ta kentsel d\u00f6n\u00fc\u015f\u00fcm nedeniyle bo\u015falt\u0131lan \u00dc\u00e7ler Mahallesi \u00fczerinde bulunan Ruslar taraf\u0131ndan tabya ile mezarl\u0131k olarak kullan\u0131lan ve \u00fczerinde farkl\u0131 \u015fekillerde ha\u00e7 i\u015fareti bulunan mezarlar, ya define avc\u0131lar\u0131 taraf\u0131ndan kaz\u0131lm\u0131\u015f, ya da b\u00f6lgede hayvan otaran \u00e7obanlar taraf\u0131ndan k\u0131r\u0131lm\u0131\u015f bir \u015fekilde bulunuyor.<\/p>\n<p>Y\u00f6re halk\u0131 aras\u0131nda Ermeni Mezarl\u0131\u011f\u0131 olarak bilinen b\u00f6lgede \u00fczerine ha\u00e7 fig\u00fcrlerinin kaz\u0131l\u0131 oldu\u011fu \u00e7e\u015fitli b\u00fcy\u00fckl\u00fcklerde mezar ta\u015flar\u0131 bulunuyor. Mezar ta\u015flar\u0131n\u0131n yan\u0131 s\u0131ra, yar\u0131 i\u015flenmi\u015f, \u00e7o\u011fu k\u0131smen veya tamamen topra\u011fa g\u00f6m\u00fcl\u00fc, bina yap\u0131mlar\u0131nda kullan\u0131lan ta\u015f bloklar ile k\u00f6\u015fe ta\u015flar\u0131 da g\u00f6renlerin dikkatini \u00e7ekiyor.<\/p>\n<p>\u00dc\u00e7ler Mahallesi\u2019nde bulunan ve \u00e7ok say\u0131da \u00fczeri ha\u00e7l\u0131 mezar ta\u015flar\u0131n\u0131n Kars turizmine kazand\u0131r\u0131lmas\u0131 isteyen yurtta\u015flar, bu mezarlar\u0131n oldu\u011fu b\u00f6lgenin koruma alt\u0131na al\u0131nmas\u0131 gerekti\u011fine dikkat \u00e7ektiler. Kars\u2019ta eski \u00dc\u00e7ler Mahallesi\u2019nde bulunan ve y\u0131k\u0131lmak \u00fczere olan kilisesin hemen \u00f6n\u00fcnde bulunan mezarlar bir\u00e7o\u011funun alt\u0131 da kaz\u0131lm\u0131\u015f vaziyette bulunuyor.<\/p>\n<hr \/>\n<p><em><strong><a href=\"https:\/\/www.cumhuriyet.com.tr\/turkiye\/karsta-tarihi-mezarlar-define-avcilarinin-hedefi-oldu-1950074\" target=\"_blank\" rel=\"noopener\">Cumhuriyet Gazetesi<\/a>\u00a0<\/strong><\/em><\/p>\n","protected":false},"excerpt":{"rendered":"<p>Kars\u2019ta \u00fczerinde ha\u00e7 i\u015faretleri bulunan tarihi mezarlar tahrip edilerek, yok oluyor. Kentte ya\u015fayan yurtta\u015flar, mezarl\u0131\u011f\u0131n bir an \u00f6nce koruma alt\u0131na al\u0131nmas\u0131n\u0131 talep ettiler. Kars\u2019ta kentsel d\u00f6n\u00fc\u015f\u00fcm nedeniyle bo\u015falt\u0131lan \u00dc\u00e7ler Mahallesi \u00fczerinde bulunan Ruslar taraf\u0131ndan tabya ile mezarl\u0131k olarak kullan\u0131lan ve \u00fczerinde farkl\u0131 \u015fekillerde ha\u00e7 i\u015fareti bulunan mezarlar, ya define avc\u0131lar\u0131 taraf\u0131ndan kaz\u0131lm\u0131\u015f, ya da b\u00f6lgede [&hellip;]<\/p>\n","protected":false},"author":7,"featured_media":69107,"comment_status":"open","ping_status":"open","sticky":false,"template":"","format":"standard","meta":{"footnotes":""},"categories":[22,1],"tags":[],"class_list":["post-69106","post","type-post","status-publish","format-standard","has-post-thumbnail","hentry","category-gunumuzde-bati-ermenistan","category-haberler"],"yoast_head":"<!-- This site is optimized with the Yoast SEO plugin v27.4 - https:\/\/yoast.com\/product\/yoast-seo-wordpress\/ -->\n<title>Kars\u2019ta tarihi mezarlar, define avc\u0131lar\u0131n\u0131n hedefi oldu - Bati Ermenistan Ve Bati Ermenileri Sorunlari Ara\u015ftirmalar Merkezi<\/title>\n<meta name=\"robots\" content=\"index, follow, max-snippet:-1, max-image-preview:large, max-video-preview:-1\" \/>\n<link rel=\"canonical\" href=\"https:\/\/akunq.net\/tr\/?p=69106\" \/>\n<meta property=\"og:locale\" content=\"en_US\" \/>\n<meta property=\"og:type\" content=\"article\" \/>\n<meta property=\"og:title\" content=\"Kars\u2019ta tarihi mezarlar, define avc\u0131lar\u0131n\u0131n hedefi oldu - Bati Ermenistan Ve Bati Ermenileri Sorunlari Ara\u015ftirmalar Merkezi\" \/>\n<meta property=\"og:description\" content=\"Kars\u2019ta \u00fczerinde ha\u00e7 i\u015faretleri bulunan tarihi mezarlar tahrip edilerek, yok oluyor. Kentte ya\u015fayan yurtta\u015flar, mezarl\u0131\u011f\u0131n bir an \u00f6nce koruma alt\u0131na al\u0131nmas\u0131n\u0131 talep ettiler. Kars\u2019ta kentsel d\u00f6n\u00fc\u015f\u00fcm nedeniyle bo\u015falt\u0131lan \u00dc\u00e7ler Mahallesi \u00fczerinde bulunan Ruslar taraf\u0131ndan tabya ile mezarl\u0131k olarak kullan\u0131lan ve \u00fczerinde farkl\u0131 \u015fekillerde ha\u00e7 i\u015fareti bulunan mezarlar, ya define avc\u0131lar\u0131 taraf\u0131ndan kaz\u0131lm\u0131\u015f, ya da b\u00f6lgede [&hellip;]\" \/>\n<meta property=\"og:url\" content=\"https:\/\/akunq.net\/tr\/?p=69106\" \/>\n<meta property=\"og:site_name\" content=\"Bati Ermenistan Ve Bati Ermenileri Sorunlari Ara\u015ftirmalar Merkezi\" \/>\n<meta property=\"article:published_time\" content=\"2022-06-23T12:00:04+00:00\" \/>\n<meta property=\"og:image\" content=\"https:\/\/akunq.net\/tr\/wp-content\/uploads\/sites\/6\/2022\/06\/Karsta-tarihi-mezarlar.jpg\" \/>\n\t<meta property=\"og:image:width\" content=\"670\" \/>\n\t<meta property=\"og:image:height\" content=\"450\" \/>\n\t<meta property=\"og:image:type\" content=\"image\/jpeg\" \/>\n<meta name=\"author\" content=\"admin\" \/>\n<meta name=\"twitter:card\" content=\"summary_large_image\" \/>\n<meta name=\"twitter:label1\" content=\"Written by\" \/>\n\t<meta name=\"twitter:data1\" content=\"admin\" \/>\n\t<meta name=\"twitter:label2\" content=\"Est. reading time\" \/>\n\t<meta name=\"twitter:data2\" content=\"1 minute\" \/>\n<script type=\"application\/ld+json\" class=\"yoast-schema-graph\">{\"@context\":\"https:\\\/\\\/schema.org\",\"@graph\":[{\"@type\":\"Article\",\"@id\":\"https:\\\/\\\/akunq.net\\\/tr\\\/?p=69106#article\",\"isPartOf\":{\"@id\":\"https:\\\/\\\/akunq.net\\\/tr\\\/?p=69106\"},\"author\":{\"name\":\"admin\",\"@id\":\"https:\\\/\\\/akunq.net\\\/tr\\\/#\\\/schema\\\/person\\\/096f1d38a12cce57fb855b485ed24c9e\"},\"headline\":\"Kars\u2019ta tarihi mezarlar, define avc\u0131lar\u0131n\u0131n hedefi oldu\",\"datePublished\":\"2022-06-23T12:00:04+00:00\",\"mainEntityOfPage\":{\"@id\":\"https:\\\/\\\/akunq.net\\\/tr\\\/?p=69106\"},\"wordCount\":237,\"commentCount\":0,\"image\":{\"@id\":\"https:\\\/\\\/akunq.net\\\/tr\\\/?p=69106#primaryimage\"},\"thumbnailUrl\":\"https:\\\/\\\/akunq.net\\\/tr\\\/wp-content\\\/uploads\\\/sites\\\/6\\\/2022\\\/06\\\/Karsta-tarihi-mezarlar.jpg\",\"articleSection\":[\"G\u00fcn\u00fcm\u00fczde Bat\u0131 Ermenistan\",\"Haberler\"],\"inLanguage\":\"en-US\",\"potentialAction\":[{\"@type\":\"CommentAction\",\"name\":\"Comment\",\"target\":[\"https:\\\/\\\/akunq.net\\\/tr\\\/?p=69106#respond\"]}]},{\"@type\":\"WebPage\",\"@id\":\"https:\\\/\\\/akunq.net\\\/tr\\\/?p=69106\",\"url\":\"https:\\\/\\\/akunq.net\\\/tr\\\/?p=69106\",\"name\":\"Kars\u2019ta tarihi mezarlar, define avc\u0131lar\u0131n\u0131n hedefi oldu - Bati Ermenistan Ve Bati Ermenileri Sorunlari Ara\u015ftirmalar Merkezi\",\"isPartOf\":{\"@id\":\"https:\\\/\\\/akunq.net\\\/tr\\\/#website\"},\"primaryImageOfPage\":{\"@id\":\"https:\\\/\\\/akunq.net\\\/tr\\\/?p=69106#primaryimage\"},\"image\":{\"@id\":\"https:\\\/\\\/akunq.net\\\/tr\\\/?p=69106#primaryimage\"},\"thumbnailUrl\":\"https:\\\/\\\/akunq.net\\\/tr\\\/wp-content\\\/uploads\\\/sites\\\/6\\\/2022\\\/06\\\/Karsta-tarihi-mezarlar.jpg\",\"datePublished\":\"2022-06-23T12:00:04+00:00\",\"author\":{\"@id\":\"https:\\\/\\\/akunq.net\\\/tr\\\/#\\\/schema\\\/person\\\/096f1d38a12cce57fb855b485ed24c9e\"},\"breadcrumb\":{\"@id\":\"https:\\\/\\\/akunq.net\\\/tr\\\/?p=69106#breadcrumb\"},\"inLanguage\":\"en-US\",\"potentialAction\":[{\"@type\":\"ReadAction\",\"target\":[\"https:\\\/\\\/akunq.net\\\/tr\\\/?p=69106\"]}]},{\"@type\":\"ImageObject\",\"inLanguage\":\"en-US\",\"@id\":\"https:\\\/\\\/akunq.net\\\/tr\\\/?p=69106#primaryimage\",\"url\":\"https:\\\/\\\/akunq.net\\\/tr\\\/wp-content\\\/uploads\\\/sites\\\/6\\\/2022\\\/06\\\/Karsta-tarihi-mezarlar.jpg\",\"contentUrl\":\"https:\\\/\\\/akunq.net\\\/tr\\\/wp-content\\\/uploads\\\/sites\\\/6\\\/2022\\\/06\\\/Karsta-tarihi-mezarlar.jpg\",\"width\":670,\"height\":450},{\"@type\":\"BreadcrumbList\",\"@id\":\"https:\\\/\\\/akunq.net\\\/tr\\\/?p=69106#breadcrumb\",\"itemListElement\":[{\"@type\":\"ListItem\",\"position\":1,\"name\":\"Home\",\"item\":\"https:\\\/\\\/akunq.net\\\/tr\"},{\"@type\":\"ListItem\",\"position\":2,\"name\":\"Kars\u2019ta tarihi mezarlar, define avc\u0131lar\u0131n\u0131n hedefi oldu\"}]},{\"@type\":\"WebSite\",\"@id\":\"https:\\\/\\\/akunq.net\\\/tr\\\/#website\",\"url\":\"https:\\\/\\\/akunq.net\\\/tr\\\/\",\"name\":\"Bati Ermenistan Ve Bati Ermenileri Sorunlari Ara\u015ftirmalar Merkezi\",\"description\":\"\",\"potentialAction\":[{\"@type\":\"SearchAction\",\"target\":{\"@type\":\"EntryPoint\",\"urlTemplate\":\"https:\\\/\\\/akunq.net\\\/tr\\\/?s={search_term_string}\"},\"query-input\":{\"@type\":\"PropertyValueSpecification\",\"valueRequired\":true,\"valueName\":\"search_term_string\"}}],\"inLanguage\":\"en-US\"},{\"@type\":\"Person\",\"@id\":\"https:\\\/\\\/akunq.net\\\/tr\\\/#\\\/schema\\\/person\\\/096f1d38a12cce57fb855b485ed24c9e\",\"name\":\"admin\",\"url\":\"https:\\\/\\\/akunq.net\\\/tr\\\/?author=7\"}]}<\/script>\n<!-- \/ Yoast SEO plugin. -->","yoast_head_json":{"title":"Kars\u2019ta tarihi mezarlar, define avc\u0131lar\u0131n\u0131n hedefi oldu - Bati Ermenistan Ve Bati Ermenileri Sorunlari Ara\u015ftirmalar Merkezi","robots":{"index":"index","follow":"follow","max-snippet":"max-snippet:-1","max-image-preview":"max-image-preview:large","max-video-preview":"max-video-preview:-1"},"canonical":"https:\/\/akunq.net\/tr\/?p=69106","og_locale":"en_US","og_type":"article","og_title":"Kars\u2019ta tarihi mezarlar, define avc\u0131lar\u0131n\u0131n hedefi oldu - Bati Ermenistan Ve Bati Ermenileri Sorunlari Ara\u015ftirmalar Merkezi","og_description":"Kars\u2019ta \u00fczerinde ha\u00e7 i\u015faretleri bulunan tarihi mezarlar tahrip edilerek, yok oluyor. Kentte ya\u015fayan yurtta\u015flar, mezarl\u0131\u011f\u0131n bir an \u00f6nce koruma alt\u0131na al\u0131nmas\u0131n\u0131 talep ettiler. Kars\u2019ta kentsel d\u00f6n\u00fc\u015f\u00fcm nedeniyle bo\u015falt\u0131lan \u00dc\u00e7ler Mahallesi \u00fczerinde bulunan Ruslar taraf\u0131ndan tabya ile mezarl\u0131k olarak kullan\u0131lan ve \u00fczerinde farkl\u0131 \u015fekillerde ha\u00e7 i\u015fareti bulunan mezarlar, ya define avc\u0131lar\u0131 taraf\u0131ndan kaz\u0131lm\u0131\u015f, ya da b\u00f6lgede [&hellip;]","og_url":"https:\/\/akunq.net\/tr\/?p=69106","og_site_name":"Bati Ermenistan Ve Bati Ermenileri Sorunlari Ara\u015ftirmalar Merkezi","article_published_time":"2022-06-23T12:00:04+00:00","og_image":[{"width":670,"height":450,"url":"https:\/\/akunq.net\/tr\/wp-content\/uploads\/sites\/6\/2022\/06\/Karsta-tarihi-mezarlar.jpg","type":"image\/jpeg"}],"author":"admin","twitter_card":"summary_large_image","twitter_misc":{"Written by":"admin","Est. reading time":"1 minute"},"schema":{"@context":"https:\/\/schema.org","@graph":[{"@type":"Article","@id":"https:\/\/akunq.net\/tr\/?p=69106#article","isPartOf":{"@id":"https:\/\/akunq.net\/tr\/?p=69106"},"author":{"name":"admin","@id":"https:\/\/akunq.net\/tr\/#\/schema\/person\/096f1d38a12cce57fb855b485ed24c9e"},"headline":"Kars\u2019ta tarihi mezarlar, define avc\u0131lar\u0131n\u0131n hedefi oldu","datePublished":"2022-06-23T12:00:04+00:00","mainEntityOfPage":{"@id":"https:\/\/akunq.net\/tr\/?p=69106"},"wordCount":237,"commentCount":0,"image":{"@id":"https:\/\/akunq.net\/tr\/?p=69106#primaryimage"},"thumbnailUrl":"https:\/\/akunq.net\/tr\/wp-content\/uploads\/sites\/6\/2022\/06\/Karsta-tarihi-mezarlar.jpg","articleSection":["G\u00fcn\u00fcm\u00fczde Bat\u0131 Ermenistan","Haberler"],"inLanguage":"en-US","potentialAction":[{"@type":"CommentAction","name":"Comment","target":["https:\/\/akunq.net\/tr\/?p=69106#respond"]}]},{"@type":"WebPage","@id":"https:\/\/akunq.net\/tr\/?p=69106","url":"https:\/\/akunq.net\/tr\/?p=69106","name":"Kars\u2019ta tarihi mezarlar, define avc\u0131lar\u0131n\u0131n hedefi oldu - Bati Ermenistan Ve Bati Ermenileri Sorunlari Ara\u015ftirmalar Merkezi","isPartOf":{"@id":"https:\/\/akunq.net\/tr\/#website"},"primaryImageOfPage":{"@id":"https:\/\/akunq.net\/tr\/?p=69106#primaryimage"},"image":{"@id":"https:\/\/akunq.net\/tr\/?p=69106#primaryimage"},"thumbnailUrl":"https:\/\/akunq.net\/tr\/wp-content\/uploads\/sites\/6\/2022\/06\/Karsta-tarihi-mezarlar.jpg","datePublished":"2022-06-23T12:00:04+00:00","author":{"@id":"https:\/\/akunq.net\/tr\/#\/schema\/person\/096f1d38a12cce57fb855b485ed24c9e"},"breadcrumb":{"@id":"https:\/\/akunq.net\/tr\/?p=69106#breadcrumb"},"inLanguage":"en-US","potentialAction":[{"@type":"ReadAction","target":["https:\/\/akunq.net\/tr\/?p=69106"]}]},{"@type":"ImageObject","inLanguage":"en-US","@id":"https:\/\/akunq.net\/tr\/?p=69106#primaryimage","url":"https:\/\/akunq.net\/tr\/wp-content\/uploads\/sites\/6\/2022\/06\/Karsta-tarihi-mezarlar.jpg","contentUrl":"https:\/\/akunq.net\/tr\/wp-content\/uploads\/sites\/6\/2022\/06\/Karsta-tarihi-mezarlar.jpg","width":670,"height":450},{"@type":"BreadcrumbList","@id":"https:\/\/akunq.net\/tr\/?p=69106#breadcrumb","itemListElement":[{"@type":"ListItem","position":1,"name":"Home","item":"https:\/\/akunq.net\/tr"},{"@type":"ListItem","position":2,"name":"Kars\u2019ta tarihi mezarlar, define avc\u0131lar\u0131n\u0131n hedefi oldu"}]},{"@type":"WebSite","@id":"https:\/\/akunq.net\/tr\/#website","url":"https:\/\/akunq.net\/tr\/","name":"Bati Ermenistan Ve Bati Ermenileri Sorunlari Ara\u015ftirmalar Merkezi","description":"","potentialAction":[{"@type":"SearchAction","target":{"@type":"EntryPoint","urlTemplate":"https:\/\/akunq.net\/tr\/?s={search_term_string}"},"query-input":{"@type":"PropertyValueSpecification","valueRequired":true,"valueName":"search_term_string"}}],"inLanguage":"en-US"},{"@type":"Person","@id":"https:\/\/akunq.net\/tr\/#\/schema\/person\/096f1d38a12cce57fb855b485ed24c9e","name":"admin","url":"https:\/\/akunq.net\/tr\/?author=7"}]}},"_links":{"self":[{"href":"https:\/\/akunq.net\/tr\/index.php?rest_route=\/wp\/v2\/posts\/69106","targetHints":{"allow":["GET"]}}],"collection":[{"href":"https:\/\/akunq.net\/tr\/index.php?rest_route=\/wp\/v2\/posts"}],"about":[{"href":"https:\/\/akunq.net\/tr\/index.php?rest_route=\/wp\/v2\/types\/post"}],"author":[{"embeddable":true,"href":"https:\/\/akunq.net\/tr\/index.php?rest_route=\/wp\/v2\/users\/7"}],"replies":[{"embeddable":true,"href":"https:\/\/akunq.net\/tr\/index.php?rest_route=%2Fwp%2Fv2%2Fcomments&post=69106"}],"version-history":[{"count":1,"href":"https:\/\/akunq.net\/tr\/index.php?rest_route=\/wp\/v2\/posts\/69106\/revisions"}],"predecessor-version":[{"id":69108,"href":"https:\/\/akunq.net\/tr\/index.php?rest_route=\/wp\/v2\/posts\/69106\/revisions\/69108"}],"wp:featuredmedia":[{"embeddable":true,"href":"https:\/\/akunq.net\/tr\/index.php?rest_route=\/wp\/v2\/media\/69107"}],"wp:attachment":[{"href":"https:\/\/akunq.net\/tr\/index.php?rest_route=%2Fwp%2Fv2%2Fmedia&parent=69106"}],"wp:term":[{"taxonomy":"category","embeddable":true,"href":"https:\/\/akunq.net\/tr\/index.php?rest_route=%2Fwp%2Fv2%2Fcategories&post=69106"},{"taxonomy":"post_tag","embeddable":true,"href":"https:\/\/akunq.net\/tr\/index.php?rest_route=%2Fwp%2Fv2%2Ftags&post=69106"}],"curies":[{"name":"wp","href":"https:\/\/api.w.org\/{rel}","templated":true}]}}