{"id":69099,"date":"2022-06-23T06:32:45","date_gmt":"2022-06-23T11:32:45","guid":{"rendered":"https:\/\/akunq.net\/tr\/?p=69099"},"modified":"2022-06-23T06:32:45","modified_gmt":"2022-06-23T11:32:45","slug":"ani-oren-yerinde-kazilar-yeniden-basladi","status":"publish","type":"post","link":"https:\/\/akunq.net\/tr\/?p=69099","title":{"rendered":"Ani \u00d6ren Yeri\u2019nde Kaz\u0131lar Yeniden Ba\u015flad\u0131"},"content":{"rendered":"<p><img loading=\"lazy\" decoding=\"async\" class=\"aligncenter size-medium wp-image-69100\" src=\"https:\/\/akunq.net\/tr\/wp-content\/uploads\/2022\/06\/Ani-Oren-Yeri-360x198.jpg\" alt=\"\" width=\"360\" height=\"198\" srcset=\"https:\/\/akunq.net\/tr\/wp-content\/uploads\/sites\/6\/2022\/06\/Ani-Oren-Yeri-360x198.jpg 360w, https:\/\/akunq.net\/tr\/wp-content\/uploads\/sites\/6\/2022\/06\/Ani-Oren-Yeri-260x143.jpg 260w, https:\/\/akunq.net\/tr\/wp-content\/uploads\/sites\/6\/2022\/06\/Ani-Oren-Yeri-160x88.jpg 160w, https:\/\/akunq.net\/tr\/wp-content\/uploads\/sites\/6\/2022\/06\/Ani-Oren-Yeri.jpg 400w\" sizes=\"auto, (max-width: 360px) 100vw, 360px\" \/><\/p>\n<p><em><strong>UNESCO D\u00fcnya Miras Listesi\u2019ndeki Tarihi Ani \u00d6ren Yeri\u2019nde, tarihi eser ve kal\u0131nt\u0131lar\u0131n g\u00fcn y\u00fcz\u00fcne \u00e7\u0131kart\u0131lmas\u0131 amac\u0131yla bilim insanlar\u0131, sanat tarih\u00e7iler, arkeologlar, mimarlar ve \u00f6\u011frencilerden olu\u015fan bir ekip yeniden kaz\u0131 \u00e7al\u0131\u015fmas\u0131 ba\u015flatt\u0131.\u00a0<\/strong><\/em><\/p>\n<p>Kars\u2019ta Arpa\u00e7ay nehrinin ge\u00e7ti\u011fi vadide yer alan, 884-1045 y\u0131llar\u0131 aras\u0131nda Bagratl\u0131lar, 1045-1064 y\u0131llar\u0131 aras\u0131nda Bizansl\u0131lar\u0131n y\u00f6netti\u011fi Ani, 16 A\u011fustos 1064\u2019te Sel\u00e7uklu Sultan\u0131 Alparslan taraf\u0131ndan fethedildi.<\/p>\n<p>Yakla\u015f\u0131k 100 hektarl\u0131k alana kurulan, tarih boyunca Bagratl\u0131 Hanedanl\u0131\u011f\u0131, Bizans, B\u00fcy\u00fck Sel\u00e7uklu, G\u00fcrc\u00fc Krall\u0131\u011f\u0131, Mo\u011follar, \u0130lhanl\u0131lar, Karakoyunlular, Akkoyunlular ve Osmanl\u0131 Devleti\u2019nin h\u00fck\u00fcm s\u00fcrd\u00fc\u011f\u00fc Ani \u00d6ren Yeri\u2019nde ge\u00e7mi\u015fte Hristiyan ve M\u00fcsl\u00fcmanlar yan yana ya\u015fad\u0131.<\/p>\n<p>Bundan dolay\u0131 \u201cD\u00fcnya Kenti\u201d, \u201cMedeniyetler Be\u015fi\u011fi\u201d, \u201cBinbir Kilise\u201d ve \u201c40 Kap\u0131l\u0131 \u015eehir\u201d olarak da adland\u0131r\u0131lan Ani\u2019de cami, kilise, katedral gibi dini yap\u0131lar\u0131n yan\u0131 s\u0131ra k\u00fclt\u00fcr hazinesi bir\u00e7ok tarihi yap\u0131 bulunuyor.<\/p>\n<p>Her y\u0131l yerli yabanc\u0131 \u00e7ok say\u0131da turisti a\u011f\u0131rlayan, tarihte Kafkaslar\u2019dan Anadolu\u2019ya ilk giri\u015f kap\u0131s\u0131 olma \u00f6zelli\u011fi ta\u015f\u0131yan ve 11. ile 12. y\u00fczy\u0131la ait T\u00fcrk-\u0130slam mimarisi eserleriyle de \u00f6ne \u00e7\u0131kan Ani, 2016\u2019da UNESCO taraf\u0131ndan D\u00fcnya Miras Listesi\u2019ne dahil edildi.<\/p>\n<p>1892-1893 ile 1904-1917 y\u0131llar\u0131nda Nikolai Yakovlevi\u00e7 Marr, 1944\u2019te Prof. Dr. \u0130smail K\u0131l\u0131\u00e7 K\u00f6kten, 1964-1967\u2019de Prof. Dr. Kemal Balkan, 1989-2005\u2019te Prof. Dr. Beyhan Karama\u011faral\u0131, 2006-2010\u2019da Prof. Dr. Ya\u015far \u00c7oruhlu, 2011-1018\u2019de Prof. Dr. Fahriye Bayram ba\u015fkanl\u0131\u011f\u0131nda kaz\u0131 \u00e7al\u0131\u015fmalar\u0131 yap\u0131lan Ani\u2019de 2019 y\u0131l\u0131nda ise Do\u00e7. Dr. Muhammet Arslan ba\u015fkanl\u0131\u011f\u0131nda yeniden kaz\u0131 \u00e7al\u0131\u015fmas\u0131 ba\u015flat\u0131ld\u0131.<\/p>\n<p>Halen K\u00fclt\u00fcr ve Turizm Bakanl\u0131\u011f\u0131 K\u00fclt\u00fcr Varl\u0131klar\u0131 ve M\u00fczeler Genel M\u00fcd\u00fcrl\u00fc\u011f\u00fc ile Kafkas \u00dcniversitesi (KA\u00dc) i\u015f birli\u011finde y\u00fcr\u00fct\u00fclen ve k\u0131\u015f\u0131n ba\u015fta olmak \u00fczere zaman zaman ara verilen \u00e7al\u0131\u015fmalara bu y\u0131l yeniden ba\u015fland\u0131.<\/p>\n<p><strong>\u00a0Ani\u2019deki kaz\u0131 \u00e7al\u0131\u015fmalar\u0131 4 farkl\u0131 noktada yap\u0131l\u0131yor<\/strong><\/p>\n<p>KA\u00dc \u00d6\u011fretim \u00dcyesi ve Ani \u00d6ren Yeri Kaz\u0131 Ba\u015fkan\u0131 Do\u00e7. Dr. Muhammet Arslan ba\u015fkanl\u0131\u011f\u0131ndaki kaz\u0131 \u00e7al\u0131\u015fmalar\u0131na 17 \u00fcniversiteden bilim insanlar\u0131, sanat tarih\u00e7iler ile arkeologlar, antropologlar, mimarlar ve \u00f6\u011frencilerden olu\u015fan bir ekip kat\u0131l\u0131yor. \u00d6ncelikle kaz\u0131 yap\u0131lacak alanlar\u0131 belirleyerek \u00e7al\u0131\u015fmalar\u0131na ba\u015flayan ekip, Ani\u2019de yer alt\u0131ndaki tarihi yap\u0131 ve eserleri g\u00fcn y\u00fcz\u00fcne \u00e7\u0131kartmak i\u00e7in 4 farkl\u0131 noktada hummal\u0131 \u00e7al\u0131\u015fma ger\u00e7ekle\u015ftiriyor.<\/p>\n<p>Ani\u2019de bu sezon kaz\u0131 \u00e7al\u0131\u015fmalar\u0131 ekim ay\u0131na kadar s\u00fcrecek daha sonra ortaya \u00e7\u0131kart\u0131lan eserlerin tasnif, restore ve konservasyon i\u015flemleri yap\u0131lacak.<\/p>\n<p>Kaz\u0131 Ba\u015fkan\u0131 Do\u00e7. Dr. Muhammet Arslan ,Ani \u00d6ren Yeri\u2019nin 5 bin y\u0131ll\u0131k tarihiyle \u00e7ok \u00f6nemli bir kent oldu\u011funu s\u00f6yledi.\u00a0 Ani\u2019nin, Anadolu\u2019daki T\u00fcrk tarihi ve T\u00fcrk mimarisinin ba\u015flang\u0131c\u0131 olmas\u0131 dolay\u0131s\u0131yla olduk\u00e7a \u00f6nemli yere sahip oldu\u011funu anlatan Arslan, \u201cAni, 1064 y\u0131l\u0131nda B\u00fcy\u00fck Sel\u00e7uklu Sultan\u0131 Alparslan\u2019\u0131n ger\u00e7ekle\u015ftirdi\u011fi fetihle Anadolu\u2019nun T\u00fcrklere a\u00e7\u0131lan ilk kap\u0131s\u0131 olmu\u015f ve nihayetinde Anadolu T\u00fcrk mimarisinin ve T\u00fcrk \u015fehircili\u011finin ba\u015flang\u0131\u00e7 noktas\u0131 haline gelmi\u015ftir. Bu y\u00fczden \u015fehir her t\u00fcrden in\u015fa edilen eserlerle \u015fenlendirilmi\u015f ve canland\u0131r\u0131lm\u0131\u015ft\u0131r.\u201d dedi.<\/p>\n<p><strong>Kaz\u0131da \u00e7\u0131kan eserler restore edilip m\u00fczede sergileniyor<\/strong><\/p>\n<p>Arslan, \u00e7al\u0131\u015fmalar\u0131n 2019\u2019dan beri s\u00fcrd\u00fc\u011f\u00fcne i\u015faret ederek, \u015f\u00f6yle devam etti:<\/p>\n<p>\u201cY\u00fcr\u00fctt\u00fc\u011f\u00fcm\u00fcz kaz\u0131 ve koruma \u00e7al\u0131\u015fmalar\u0131na bu y\u0131l yeniden ba\u015flad\u0131k. Sel\u00e7uklulara ait \u00e7ar\u015f\u0131, konutlar, b\u00fcy\u00fck hamam ve mezarl\u0131kta devam eden kaz\u0131 \u00e7al\u0131\u015fmalar\u0131m\u0131za 17 farkl\u0131 \u00fcniversiteden bilim adamlar\u0131 ve \u00f6\u011frencilerden olu\u015fan ba\u015fta sanat tarih\u00e7iler olmak \u00fczere arkeologlar, antropologlar, restorat\u00f6r mimarlar\u0131n da dahil oldu\u011fu geni\u015f ekiple \u00e7al\u0131\u015fmalara devam etmekteyiz. Kaz\u0131 \u00e7al\u0131\u015fmalar\u0131m\u0131z alanda de\u011fil ayn\u0131 zamanda kaz\u0131 evimizde de devam etmektedir. Kaz\u0131larda \u00e7\u0131kan ta\u015f eserler, seramik bulgular, sikke ve cam eserler gibi her t\u00fcrl\u00fc buluntu, kaz\u0131 evimizdeki konservat\u00f6r ve restorat\u00f6r arkada\u015flar\u0131m\u0131zca restore edilerek envantere kaydedilip Kars M\u00fczesi\u2019ne g\u00f6nderilerek sergilenmektedir.\u201d<\/p>\n<p><strong>\u2013 \u201cY\u0131llar \u00f6nce kullan\u0131lan eserleri g\u00fcn y\u00fcz\u00fcne \u00e7\u0131kart\u0131yoruz\u201d<\/strong><\/p>\n<p>Akdeniz \u00dcniversitesi Sanat Tarihi B\u00f6l\u00fcm\u00fc mezunu Aybuke G\u00f6ktepe de Ani\u2019de, Sel\u00e7uklu B\u00fcy\u00fck Hamam\u0131\u2019ndaki kaz\u0131 \u00e7al\u0131\u015fmas\u0131na kat\u0131ld\u0131\u011f\u0131n\u0131 anlatarak, \u201c\u0130lk \u00f6nce kaz\u0131 alanlar\u0131m\u0131z belirleniyor, kaz\u0131 yaparken buldu\u011fumuz eserleri g\u00fcn y\u00fcz\u00fcne \u00e7\u0131kart\u0131yoruz. \u00c7ok zengin buluntular elde ediyoruz. Buluntular\u0131 s\u0131n\u0131fland\u0131r\u0131p kaz\u0131 evine g\u00f6t\u00fcr\u00fcp burada restorasyonunu ve \u00fczerinde herhangi bir oynama yapmadan \u00e7\u00fcr\u00fcmemesi i\u00e7in konservasyonunu yap\u0131yoruz. Y\u0131llar \u00f6nce kullan\u0131lan eserleri g\u00fcn y\u00fcz\u00fcne \u00e7\u0131kart\u0131yoruz, o eserlere dokunmam\u0131z \u00e7ok heyecan verici, \u00e7ok g\u00fczel bir his. Herkesin Ani\u2019ye gelmesini tavsiye ediyorum.\u201d ifadesini kulland\u0131.<\/p>\n<p>S\u00fcleyman Demirel \u00dcniversitesi Mimari Restorasyon B\u00f6l\u00fcm\u00fc mezunu Mahmut G\u00fcll\u00fck ise 4 ki\u015filik ekiple konservasyon \u00e7al\u0131\u015fmas\u0131 y\u00fcr\u00fct\u00fcrken esere zarar vermeden \u00f6zenle hareket ettiklerini, bu tarihi alanda \u00e7al\u0131\u015fman\u0131n ayr\u0131 keyifli oldu\u011funu belirtti.<\/p>\n<p>Celal Bayar \u00dcniversitesi Sanat Tarihi B\u00f6l\u00fcm\u00fcnden mezun olan Mahmut G\u00fcng\u00f6r de Ani \u00d6ren Yeri\u2019ndeki kaz\u0131 \u00e7al\u0131\u015fmalar\u0131yla tecr\u00fcbe kazan\u0131p tarihi daha yak\u0131ndan \u00f6\u011frendiklerini kaydetti.<\/p>\n<p><em><strong><a href=\"https:\/\/www.gazetepusula.net\/2022\/06\/23\/ani-oren-yerinde-kazilar-yeniden-basladi\/\">https:\/\/www.gazetepusula.net\/2022\/06\/23\/ani-oren-yerinde-kazilar-yeniden-basladi\/<\/a><\/strong><\/em><\/p>\n","protected":false},"excerpt":{"rendered":"<p>UNESCO D\u00fcnya Miras Listesi\u2019ndeki Tarihi Ani \u00d6ren Yeri\u2019nde, tarihi eser ve kal\u0131nt\u0131lar\u0131n g\u00fcn y\u00fcz\u00fcne \u00e7\u0131kart\u0131lmas\u0131 amac\u0131yla bilim insanlar\u0131, sanat tarih\u00e7iler, arkeologlar, mimarlar ve \u00f6\u011frencilerden olu\u015fan bir ekip yeniden kaz\u0131 \u00e7al\u0131\u015fmas\u0131 ba\u015flatt\u0131.\u00a0 Kars\u2019ta Arpa\u00e7ay nehrinin ge\u00e7ti\u011fi vadide yer alan, 884-1045 y\u0131llar\u0131 aras\u0131nda Bagratl\u0131lar, 1045-1064 y\u0131llar\u0131 aras\u0131nda Bizansl\u0131lar\u0131n y\u00f6netti\u011fi Ani, 16 A\u011fustos 1064\u2019te Sel\u00e7uklu Sultan\u0131 Alparslan taraf\u0131ndan [&hellip;]<\/p>\n","protected":false},"author":7,"featured_media":69100,"comment_status":"open","ping_status":"open","sticky":false,"template":"","format":"standard","meta":{"footnotes":""},"categories":[22,1],"tags":[],"class_list":["post-69099","post","type-post","status-publish","format-standard","has-post-thumbnail","hentry","category-gunumuzde-bati-ermenistan","category-haberler"],"yoast_head":"<!-- This site is optimized with the Yoast SEO plugin v27.4 - https:\/\/yoast.com\/product\/yoast-seo-wordpress\/ -->\n<title>Ani \u00d6ren Yeri\u2019nde Kaz\u0131lar Yeniden Ba\u015flad\u0131 - Bati Ermenistan Ve Bati Ermenileri Sorunlari Ara\u015ftirmalar Merkezi<\/title>\n<meta name=\"robots\" content=\"index, follow, max-snippet:-1, max-image-preview:large, max-video-preview:-1\" \/>\n<link rel=\"canonical\" href=\"https:\/\/akunq.net\/tr\/?p=69099\" \/>\n<meta property=\"og:locale\" content=\"en_US\" \/>\n<meta property=\"og:type\" content=\"article\" \/>\n<meta property=\"og:title\" content=\"Ani \u00d6ren Yeri\u2019nde Kaz\u0131lar Yeniden Ba\u015flad\u0131 - Bati Ermenistan Ve Bati Ermenileri Sorunlari Ara\u015ftirmalar Merkezi\" \/>\n<meta property=\"og:description\" content=\"UNESCO D\u00fcnya Miras Listesi\u2019ndeki Tarihi Ani \u00d6ren Yeri\u2019nde, tarihi eser ve kal\u0131nt\u0131lar\u0131n g\u00fcn y\u00fcz\u00fcne \u00e7\u0131kart\u0131lmas\u0131 amac\u0131yla bilim insanlar\u0131, sanat tarih\u00e7iler, arkeologlar, mimarlar ve \u00f6\u011frencilerden olu\u015fan bir ekip yeniden kaz\u0131 \u00e7al\u0131\u015fmas\u0131 ba\u015flatt\u0131.\u00a0 Kars\u2019ta Arpa\u00e7ay nehrinin ge\u00e7ti\u011fi vadide yer alan, 884-1045 y\u0131llar\u0131 aras\u0131nda Bagratl\u0131lar, 1045-1064 y\u0131llar\u0131 aras\u0131nda Bizansl\u0131lar\u0131n y\u00f6netti\u011fi Ani, 16 A\u011fustos 1064\u2019te Sel\u00e7uklu Sultan\u0131 Alparslan taraf\u0131ndan [&hellip;]\" \/>\n<meta property=\"og:url\" content=\"https:\/\/akunq.net\/tr\/?p=69099\" \/>\n<meta property=\"og:site_name\" content=\"Bati Ermenistan Ve Bati Ermenileri Sorunlari Ara\u015ftirmalar Merkezi\" \/>\n<meta property=\"article:published_time\" content=\"2022-06-23T11:32:45+00:00\" \/>\n<meta property=\"og:image\" content=\"https:\/\/akunq.net\/tr\/wp-content\/uploads\/sites\/6\/2022\/06\/Ani-Oren-Yeri.jpg\" \/>\n\t<meta property=\"og:image:width\" content=\"400\" \/>\n\t<meta property=\"og:image:height\" content=\"220\" \/>\n\t<meta property=\"og:image:type\" content=\"image\/jpeg\" \/>\n<meta name=\"author\" content=\"admin\" \/>\n<meta name=\"twitter:card\" content=\"summary_large_image\" \/>\n<meta name=\"twitter:label1\" content=\"Written by\" \/>\n\t<meta name=\"twitter:data1\" content=\"admin\" \/>\n\t<meta name=\"twitter:label2\" content=\"Est. reading time\" \/>\n\t<meta name=\"twitter:data2\" content=\"5 minutes\" \/>\n<script type=\"application\/ld+json\" class=\"yoast-schema-graph\">{\"@context\":\"https:\\\/\\\/schema.org\",\"@graph\":[{\"@type\":\"Article\",\"@id\":\"https:\\\/\\\/akunq.net\\\/tr\\\/?p=69099#article\",\"isPartOf\":{\"@id\":\"https:\\\/\\\/akunq.net\\\/tr\\\/?p=69099\"},\"author\":{\"name\":\"admin\",\"@id\":\"https:\\\/\\\/akunq.net\\\/tr\\\/#\\\/schema\\\/person\\\/096f1d38a12cce57fb855b485ed24c9e\"},\"headline\":\"Ani \u00d6ren Yeri\u2019nde Kaz\u0131lar Yeniden Ba\u015flad\u0131\",\"datePublished\":\"2022-06-23T11:32:45+00:00\",\"mainEntityOfPage\":{\"@id\":\"https:\\\/\\\/akunq.net\\\/tr\\\/?p=69099\"},\"wordCount\":938,\"commentCount\":0,\"image\":{\"@id\":\"https:\\\/\\\/akunq.net\\\/tr\\\/?p=69099#primaryimage\"},\"thumbnailUrl\":\"https:\\\/\\\/akunq.net\\\/tr\\\/wp-content\\\/uploads\\\/sites\\\/6\\\/2022\\\/06\\\/Ani-Oren-Yeri.jpg\",\"articleSection\":[\"G\u00fcn\u00fcm\u00fczde Bat\u0131 Ermenistan\",\"Haberler\"],\"inLanguage\":\"en-US\",\"potentialAction\":[{\"@type\":\"CommentAction\",\"name\":\"Comment\",\"target\":[\"https:\\\/\\\/akunq.net\\\/tr\\\/?p=69099#respond\"]}]},{\"@type\":\"WebPage\",\"@id\":\"https:\\\/\\\/akunq.net\\\/tr\\\/?p=69099\",\"url\":\"https:\\\/\\\/akunq.net\\\/tr\\\/?p=69099\",\"name\":\"Ani \u00d6ren Yeri\u2019nde Kaz\u0131lar Yeniden Ba\u015flad\u0131 - Bati Ermenistan Ve Bati Ermenileri Sorunlari Ara\u015ftirmalar Merkezi\",\"isPartOf\":{\"@id\":\"https:\\\/\\\/akunq.net\\\/tr\\\/#website\"},\"primaryImageOfPage\":{\"@id\":\"https:\\\/\\\/akunq.net\\\/tr\\\/?p=69099#primaryimage\"},\"image\":{\"@id\":\"https:\\\/\\\/akunq.net\\\/tr\\\/?p=69099#primaryimage\"},\"thumbnailUrl\":\"https:\\\/\\\/akunq.net\\\/tr\\\/wp-content\\\/uploads\\\/sites\\\/6\\\/2022\\\/06\\\/Ani-Oren-Yeri.jpg\",\"datePublished\":\"2022-06-23T11:32:45+00:00\",\"author\":{\"@id\":\"https:\\\/\\\/akunq.net\\\/tr\\\/#\\\/schema\\\/person\\\/096f1d38a12cce57fb855b485ed24c9e\"},\"breadcrumb\":{\"@id\":\"https:\\\/\\\/akunq.net\\\/tr\\\/?p=69099#breadcrumb\"},\"inLanguage\":\"en-US\",\"potentialAction\":[{\"@type\":\"ReadAction\",\"target\":[\"https:\\\/\\\/akunq.net\\\/tr\\\/?p=69099\"]}]},{\"@type\":\"ImageObject\",\"inLanguage\":\"en-US\",\"@id\":\"https:\\\/\\\/akunq.net\\\/tr\\\/?p=69099#primaryimage\",\"url\":\"https:\\\/\\\/akunq.net\\\/tr\\\/wp-content\\\/uploads\\\/sites\\\/6\\\/2022\\\/06\\\/Ani-Oren-Yeri.jpg\",\"contentUrl\":\"https:\\\/\\\/akunq.net\\\/tr\\\/wp-content\\\/uploads\\\/sites\\\/6\\\/2022\\\/06\\\/Ani-Oren-Yeri.jpg\",\"width\":400,\"height\":220},{\"@type\":\"BreadcrumbList\",\"@id\":\"https:\\\/\\\/akunq.net\\\/tr\\\/?p=69099#breadcrumb\",\"itemListElement\":[{\"@type\":\"ListItem\",\"position\":1,\"name\":\"Home\",\"item\":\"https:\\\/\\\/akunq.net\\\/tr\"},{\"@type\":\"ListItem\",\"position\":2,\"name\":\"Ani \u00d6ren Yeri\u2019nde Kaz\u0131lar Yeniden Ba\u015flad\u0131\"}]},{\"@type\":\"WebSite\",\"@id\":\"https:\\\/\\\/akunq.net\\\/tr\\\/#website\",\"url\":\"https:\\\/\\\/akunq.net\\\/tr\\\/\",\"name\":\"Bati Ermenistan Ve Bati Ermenileri Sorunlari Ara\u015ftirmalar Merkezi\",\"description\":\"\",\"potentialAction\":[{\"@type\":\"SearchAction\",\"target\":{\"@type\":\"EntryPoint\",\"urlTemplate\":\"https:\\\/\\\/akunq.net\\\/tr\\\/?s={search_term_string}\"},\"query-input\":{\"@type\":\"PropertyValueSpecification\",\"valueRequired\":true,\"valueName\":\"search_term_string\"}}],\"inLanguage\":\"en-US\"},{\"@type\":\"Person\",\"@id\":\"https:\\\/\\\/akunq.net\\\/tr\\\/#\\\/schema\\\/person\\\/096f1d38a12cce57fb855b485ed24c9e\",\"name\":\"admin\",\"url\":\"https:\\\/\\\/akunq.net\\\/tr\\\/?author=7\"}]}<\/script>\n<!-- \/ Yoast SEO plugin. -->","yoast_head_json":{"title":"Ani \u00d6ren Yeri\u2019nde Kaz\u0131lar Yeniden Ba\u015flad\u0131 - Bati Ermenistan Ve Bati Ermenileri Sorunlari Ara\u015ftirmalar Merkezi","robots":{"index":"index","follow":"follow","max-snippet":"max-snippet:-1","max-image-preview":"max-image-preview:large","max-video-preview":"max-video-preview:-1"},"canonical":"https:\/\/akunq.net\/tr\/?p=69099","og_locale":"en_US","og_type":"article","og_title":"Ani \u00d6ren Yeri\u2019nde Kaz\u0131lar Yeniden Ba\u015flad\u0131 - Bati Ermenistan Ve Bati Ermenileri Sorunlari Ara\u015ftirmalar Merkezi","og_description":"UNESCO D\u00fcnya Miras Listesi\u2019ndeki Tarihi Ani \u00d6ren Yeri\u2019nde, tarihi eser ve kal\u0131nt\u0131lar\u0131n g\u00fcn y\u00fcz\u00fcne \u00e7\u0131kart\u0131lmas\u0131 amac\u0131yla bilim insanlar\u0131, sanat tarih\u00e7iler, arkeologlar, mimarlar ve \u00f6\u011frencilerden olu\u015fan bir ekip yeniden kaz\u0131 \u00e7al\u0131\u015fmas\u0131 ba\u015flatt\u0131.\u00a0 Kars\u2019ta Arpa\u00e7ay nehrinin ge\u00e7ti\u011fi vadide yer alan, 884-1045 y\u0131llar\u0131 aras\u0131nda Bagratl\u0131lar, 1045-1064 y\u0131llar\u0131 aras\u0131nda Bizansl\u0131lar\u0131n y\u00f6netti\u011fi Ani, 16 A\u011fustos 1064\u2019te Sel\u00e7uklu Sultan\u0131 Alparslan taraf\u0131ndan [&hellip;]","og_url":"https:\/\/akunq.net\/tr\/?p=69099","og_site_name":"Bati Ermenistan Ve Bati Ermenileri Sorunlari Ara\u015ftirmalar Merkezi","article_published_time":"2022-06-23T11:32:45+00:00","og_image":[{"width":400,"height":220,"url":"https:\/\/akunq.net\/tr\/wp-content\/uploads\/sites\/6\/2022\/06\/Ani-Oren-Yeri.jpg","type":"image\/jpeg"}],"author":"admin","twitter_card":"summary_large_image","twitter_misc":{"Written by":"admin","Est. reading time":"5 minutes"},"schema":{"@context":"https:\/\/schema.org","@graph":[{"@type":"Article","@id":"https:\/\/akunq.net\/tr\/?p=69099#article","isPartOf":{"@id":"https:\/\/akunq.net\/tr\/?p=69099"},"author":{"name":"admin","@id":"https:\/\/akunq.net\/tr\/#\/schema\/person\/096f1d38a12cce57fb855b485ed24c9e"},"headline":"Ani \u00d6ren Yeri\u2019nde Kaz\u0131lar Yeniden Ba\u015flad\u0131","datePublished":"2022-06-23T11:32:45+00:00","mainEntityOfPage":{"@id":"https:\/\/akunq.net\/tr\/?p=69099"},"wordCount":938,"commentCount":0,"image":{"@id":"https:\/\/akunq.net\/tr\/?p=69099#primaryimage"},"thumbnailUrl":"https:\/\/akunq.net\/tr\/wp-content\/uploads\/sites\/6\/2022\/06\/Ani-Oren-Yeri.jpg","articleSection":["G\u00fcn\u00fcm\u00fczde Bat\u0131 Ermenistan","Haberler"],"inLanguage":"en-US","potentialAction":[{"@type":"CommentAction","name":"Comment","target":["https:\/\/akunq.net\/tr\/?p=69099#respond"]}]},{"@type":"WebPage","@id":"https:\/\/akunq.net\/tr\/?p=69099","url":"https:\/\/akunq.net\/tr\/?p=69099","name":"Ani \u00d6ren Yeri\u2019nde Kaz\u0131lar Yeniden Ba\u015flad\u0131 - Bati Ermenistan Ve Bati Ermenileri Sorunlari Ara\u015ftirmalar Merkezi","isPartOf":{"@id":"https:\/\/akunq.net\/tr\/#website"},"primaryImageOfPage":{"@id":"https:\/\/akunq.net\/tr\/?p=69099#primaryimage"},"image":{"@id":"https:\/\/akunq.net\/tr\/?p=69099#primaryimage"},"thumbnailUrl":"https:\/\/akunq.net\/tr\/wp-content\/uploads\/sites\/6\/2022\/06\/Ani-Oren-Yeri.jpg","datePublished":"2022-06-23T11:32:45+00:00","author":{"@id":"https:\/\/akunq.net\/tr\/#\/schema\/person\/096f1d38a12cce57fb855b485ed24c9e"},"breadcrumb":{"@id":"https:\/\/akunq.net\/tr\/?p=69099#breadcrumb"},"inLanguage":"en-US","potentialAction":[{"@type":"ReadAction","target":["https:\/\/akunq.net\/tr\/?p=69099"]}]},{"@type":"ImageObject","inLanguage":"en-US","@id":"https:\/\/akunq.net\/tr\/?p=69099#primaryimage","url":"https:\/\/akunq.net\/tr\/wp-content\/uploads\/sites\/6\/2022\/06\/Ani-Oren-Yeri.jpg","contentUrl":"https:\/\/akunq.net\/tr\/wp-content\/uploads\/sites\/6\/2022\/06\/Ani-Oren-Yeri.jpg","width":400,"height":220},{"@type":"BreadcrumbList","@id":"https:\/\/akunq.net\/tr\/?p=69099#breadcrumb","itemListElement":[{"@type":"ListItem","position":1,"name":"Home","item":"https:\/\/akunq.net\/tr"},{"@type":"ListItem","position":2,"name":"Ani \u00d6ren Yeri\u2019nde Kaz\u0131lar Yeniden Ba\u015flad\u0131"}]},{"@type":"WebSite","@id":"https:\/\/akunq.net\/tr\/#website","url":"https:\/\/akunq.net\/tr\/","name":"Bati Ermenistan Ve Bati Ermenileri Sorunlari Ara\u015ftirmalar Merkezi","description":"","potentialAction":[{"@type":"SearchAction","target":{"@type":"EntryPoint","urlTemplate":"https:\/\/akunq.net\/tr\/?s={search_term_string}"},"query-input":{"@type":"PropertyValueSpecification","valueRequired":true,"valueName":"search_term_string"}}],"inLanguage":"en-US"},{"@type":"Person","@id":"https:\/\/akunq.net\/tr\/#\/schema\/person\/096f1d38a12cce57fb855b485ed24c9e","name":"admin","url":"https:\/\/akunq.net\/tr\/?author=7"}]}},"_links":{"self":[{"href":"https:\/\/akunq.net\/tr\/index.php?rest_route=\/wp\/v2\/posts\/69099","targetHints":{"allow":["GET"]}}],"collection":[{"href":"https:\/\/akunq.net\/tr\/index.php?rest_route=\/wp\/v2\/posts"}],"about":[{"href":"https:\/\/akunq.net\/tr\/index.php?rest_route=\/wp\/v2\/types\/post"}],"author":[{"embeddable":true,"href":"https:\/\/akunq.net\/tr\/index.php?rest_route=\/wp\/v2\/users\/7"}],"replies":[{"embeddable":true,"href":"https:\/\/akunq.net\/tr\/index.php?rest_route=%2Fwp%2Fv2%2Fcomments&post=69099"}],"version-history":[{"count":1,"href":"https:\/\/akunq.net\/tr\/index.php?rest_route=\/wp\/v2\/posts\/69099\/revisions"}],"predecessor-version":[{"id":69101,"href":"https:\/\/akunq.net\/tr\/index.php?rest_route=\/wp\/v2\/posts\/69099\/revisions\/69101"}],"wp:featuredmedia":[{"embeddable":true,"href":"https:\/\/akunq.net\/tr\/index.php?rest_route=\/wp\/v2\/media\/69100"}],"wp:attachment":[{"href":"https:\/\/akunq.net\/tr\/index.php?rest_route=%2Fwp%2Fv2%2Fmedia&parent=69099"}],"wp:term":[{"taxonomy":"category","embeddable":true,"href":"https:\/\/akunq.net\/tr\/index.php?rest_route=%2Fwp%2Fv2%2Fcategories&post=69099"},{"taxonomy":"post_tag","embeddable":true,"href":"https:\/\/akunq.net\/tr\/index.php?rest_route=%2Fwp%2Fv2%2Ftags&post=69099"}],"curies":[{"name":"wp","href":"https:\/\/api.w.org\/{rel}","templated":true}]}}