{"id":69096,"date":"2022-06-23T05:23:44","date_gmt":"2022-06-23T10:23:44","guid":{"rendered":"https:\/\/akunq.net\/tr\/?p=69096"},"modified":"2022-06-23T05:23:44","modified_gmt":"2022-06-23T10:23:44","slug":"istanbuldan-diyarbakira-basin-ekspresi","status":"publish","type":"post","link":"https:\/\/akunq.net\/tr\/?p=69096","title":{"rendered":"\u0130stanbul&#8217;dan Diyarbak\u0131r&#8217;a bas\u0131n ekspresi"},"content":{"rendered":"<div><img loading=\"lazy\" decoding=\"async\" class=\"aligncenter size-medium wp-image-69097\" src=\"https:\/\/akunq.net\/tr\/wp-content\/uploads\/2022\/06\/Istanbuldan-Diyarbakira-360x270.jpg\" alt=\"\" width=\"360\" height=\"270\" srcset=\"https:\/\/akunq.net\/tr\/wp-content\/uploads\/sites\/6\/2022\/06\/Istanbuldan-Diyarbakira-360x270.jpg 360w, https:\/\/akunq.net\/tr\/wp-content\/uploads\/sites\/6\/2022\/06\/Istanbuldan-Diyarbakira-560x420.jpg 560w, https:\/\/akunq.net\/tr\/wp-content\/uploads\/sites\/6\/2022\/06\/Istanbuldan-Diyarbakira-260x195.jpg 260w, https:\/\/akunq.net\/tr\/wp-content\/uploads\/sites\/6\/2022\/06\/Istanbuldan-Diyarbakira-160x120.jpg 160w, https:\/\/akunq.net\/tr\/wp-content\/uploads\/sites\/6\/2022\/06\/Istanbuldan-Diyarbakira.jpg 680w\" sizes=\"auto, (max-width: 360px) 100vw, 360px\" \/><\/div>\n<div class=\"post-meta\"><strong><span class=\"posted-by\"><span class=\"reviewer\"><a title=\"Sultan Eylem Kele\u015f\" href=\"https:\/\/www.agos.com.tr\/tr\/yazar\/398\/sultan-eylem-keles\" rel=\"author\">Sultan Eylem Kele\u015f<\/a><\/span> <\/span><\/strong><\/div>\n<div class=\"post-meta\"><em><strong><span style=\"color: #333333; font-family: 'Cantata One', serif; letter-spacing: 0.05em;\">T\u00fcrkiye&#8217;nin bat\u0131s\u0131nda yaprak k\u0131m\u0131ldasa r\u00fczgar\u0131 K\u00fcrt&#8217;\u00fcn s\u0131rt\u0131n\u0131 \u00fc\u015f\u00fct\u00fcrken, Diyarbak\u0131r&#8217;da 21 bas\u0131n \u00e7al\u0131\u015fan\u0131n\u0131n g\u00f6zalt\u0131na al\u0131nmas\u0131 bat\u0131da derin bir suskunluk sarmal\u0131yla kar\u015f\u0131la\u015ft\u0131. Bu suskunluk sarmal\u0131 s\u00fcregiderken 16 Haziran&#8217;da g\u00f6zalt\u0131ndaki gazetecilerden 16&#8217;s\u0131 sabaha kar\u015f\u0131 tutukland\u0131. Hemen ard\u0131ndan, 17 Haziran&#8217;da da D\u0130SK Bas\u0131n-\u0130\u015f&#8217;in \u00e7a\u011fr\u0131s\u0131yla \u0130stanbul ve Ankara&#8217;dan yola \u00e7\u0131karak Diyarbak\u0131r&#8217;a gittik. Bu suskunlu\u011fu par\u00e7alamak gerekiyordu art\u0131k.<\/span><\/strong><\/em><\/div>\n<div class=\"post-container cf\">\n<div class=\"post-content-right\">\n<div class=\"post-content description \">\n<p>8 Haziran sabah\u0131 Diyarbak\u0131r, gazetecilere d\u00f6n\u00fck b\u00fcy\u00fck bir polis operasyonuyla g\u00fcne ba\u015flad\u0131, bu haber ajanslara ge\u00e7 girdi, \u00e7\u00fcnk\u00fc haberi yazacak gazeteciler g\u00f6zalt\u0131ndayd\u0131, g\u00f6zalt\u0131nda olmayan gazeteciler de durumun ak\u0131betini anlamak i\u00e7in sa\u011fa sola ko\u015fturuyordu. Operasyon kapsam\u0131nda 20&#8217;si gazeteci 21 ki\u015fi g\u00f6zalt\u0131na al\u0131nm\u0131\u015f, ofislerine bask\u0131n yap\u0131lm\u0131\u015f, ev ve ofislerindeki \u00e7ok say\u0131da kamera, foto\u011fraf makinesi, bilgisayar gibi &#8216;su\u00e7 aletlerine&#8217; de el konulmu\u015ftu. El konulan bu malzemeler daha sonra Emniyet&#8217;in o me\u015fhur \u201cmasa\u201ds\u0131nda sergilendi. B\u00f6ylelikle, y\u0131llar sonra &#8220;AKP d\u00f6neminde gazetecilik&#8221; konulu ara\u015ft\u0131rma ve haberlerin g\u00f6rsel unsuru olabilecek o utan\u00e7 foto\u011fraf\u0131 yarat\u0131lm\u0131\u015f oldu.<\/p>\n<p>T\u00fcrkiye&#8217;nin bat\u0131s\u0131nda yaprak k\u0131m\u0131ldasa r\u00fczgar\u0131 K\u00fcrt&#8217;\u00fcn s\u0131rt\u0131n\u0131 \u00fc\u015f\u00fct\u00fcrken, Diyarbak\u0131r&#8217;da 21 bas\u0131n \u00e7al\u0131\u015fan\u0131n\u0131n g\u00f6zalt\u0131na al\u0131nmas\u0131 bat\u0131da derin bir suskunluk sarmal\u0131yla kar\u015f\u0131la\u015ft\u0131. Bu suskunluk sarmal\u0131 s\u00fcregiderken 16 Haziran&#8217;da g\u00f6zalt\u0131ndaki gazetecilerden 16&#8217;s\u0131 sabaha kar\u015f\u0131 tutukland\u0131. Hemen ard\u0131ndan, 17 Haziran&#8217;da da D\u0130SK Bas\u0131n-\u0130\u015f&#8217;in \u00e7a\u011fr\u0131s\u0131yla \u0130stanbul ve Ankara&#8217;dan yola \u00e7\u0131karak Diyarbak\u0131r&#8217;a gittik. Bu suskunlu\u011fu par\u00e7alamak gerekiyordu art\u0131k.<\/p>\n<p><strong>Seyyar karakolla seyahat<\/strong><br \/>\nDiyarbak\u0131r&#8217;a vard\u0131\u011f\u0131m\u0131z andan itibaren seyyar bir karakolla seyahat ediyor gibiydik, her an fiziki takip alt\u0131ndayd\u0131k. Dayan\u0131\u015fma ziyaretinde bulundu\u011fumuz kurumlar\u0131n kap\u0131s\u0131nda onlarca sivil, resmi polis, g\u00f6zalt\u0131 ara\u00e7lar\u0131, akrepler bekliyordu. Polis kalabal\u0131\u011f\u0131na \u015fa\u015f\u0131rd\u0131\u011f\u0131mda orada, bu ko\u015fullar alt\u0131nda gazetecilik yapan arkada\u015f\u0131n tepkisi &#8220;Amed&#8217;e ho\u015f geldin&#8221; oldu. A\u00e7\u0131klama yapmaya gitti\u011fimiz -hala i\u00e7eride polislerin aramas\u0131n\u0131n s\u00fcrd\u00fc\u011f\u00fc- prod\u00fcksiyon \u015firketlerinin \u00f6n\u00fcnde ise durum daha da korkutucuydu. Akreplerin ve g\u00f6zalt\u0131 ara\u00e7lar\u0131n\u0131n say\u0131s\u0131 katlanm\u0131\u015f, yanlar\u0131na TOMA&#8217;lar ve \u00e7evik kuvvet ekipleri de eklenmi\u015fti. A\u00e7\u0131klama, termometlerin 41 dereceyi g\u00f6sterdi\u011fi ama hissedilenin kesinlikle 50 dereceyi buldu\u011fu s\u0131cakl\u0131kta ve tam \u00f6\u011flen saat 13&#8217;te ger\u00e7ekle\u015fti. \u015eehirden biraz uzakta, ula\u015f\u0131m\u0131 zor ve ters bir yerde olan bu yerde, \u00fcstelik tam g\u00fcn ortas\u0131ndaki a\u00e7\u0131klamaya gelen kitle \u015fa\u015f\u0131rt\u0131c\u0131 derecede kalabal\u0131kt\u0131. Halk, gazetecisini sahiplenmi\u015fti. O kadar uzak mesafeye bisikletle gelenler dahi vard\u0131. Oradaki arkada\u015flardan edindi\u011fim bilgiye g\u00f6re, operasyonun yap\u0131ld\u0131\u011f\u0131 ilk g\u00fcnlerde Diyarbak\u0131r&#8217;da halk i\u00e7erisinde, &#8220;T\u00fcm gazetecileri alm\u0131\u015flar&#8221; pani\u011fi ya\u015fanm\u0131\u015f. \u00c7\u00fcnk\u00fc herkes biliyor, o gazeteciler olmazsa Diyarbak\u0131r&#8217;\u0131n sesi solu\u011fu kesilir. Tam da bu sahiplenmenin b\u00fcy\u00fcs\u00fcne kap\u0131l\u0131rken, biraz soluklanmak \u00fczere oturdu\u011fumuz rastgele bir cafedeki duvar yaz\u0131s\u0131 tatl\u0131 bir s\u00fcrpriz yapt\u0131 bize. Duvarda, K\u00fcrt\u00e7e &#8220;\u00c7apemeniya azad deng \u00fb reng\u00e8 me ye&#8221; (\u00d6zg\u00fcr bas\u0131n bizim sesimiz ve rengimizdir) yaz\u0131yordu.<\/p>\n<p><strong>Telefonla haber yapmak<\/strong><br \/>\nZiyaretimizin duraklar\u0131ndan, en \u00e7ok tahribat alan kad\u0131n ajans\u0131 Jin News&#8217;e u\u011frad\u0131k. \u0130\u00e7eri girdi\u011fimizde g\u00f6rd\u00fc\u011f\u00fcm\u00fcz manzara tahribat\u0131n boyutunu g\u00f6steriyordu. Haber merkezinde sadece 2 tane derme \u00e7atma bilgisayar vard\u0131 ve iki gencecik kad\u0131n ajansa haber yeti\u015ftiriyordu. Jin News operasyonda bas\u0131ld\u0131\u011f\u0131nda i\u00e7eride ne bir yetkili ne bir avukat varken t\u00fcm bilgisayarlar\u0131na, belleklerine, ar\u015fivlerine, kameralar\u0131na el konulmu\u015ftu.\u00a0 Ajans\u0131n edit\u00f6rlerinden Beritan Can\u00f6zer, operasyondan sonraki ilk hafta t\u00fcm haberleri telefondan \u00e7ekip telefondan yazarak yapt\u0131klar\u0131n\u0131 anlatt\u0131. Sonras\u0131nda dayan\u0131\u015fmayla bu iki bilgisayar\u0131 bulabilmi\u015flerdi ve devam ediyorlard\u0131.<\/p>\n<p>Uzun bir yolculu\u011fun ard\u0131ndan ge\u00e7irdi\u011fimiz k\u0131sac\u0131k g\u00fcnde m\u00fcmk\u00fcn oldu\u011fu kadar operasyonun i\u00e7eri\u011fine dair de bilgi ald\u0131k. Hala gizlilik karar\u0131n\u0131n bulundu\u011fu dosya kapsam\u0131nda g\u00f6zalt\u0131na al\u0131nan arkada\u015flar\u0131m\u0131za dair eri\u015febildi\u011fimiz tek \u015fey, sorgu tutanaklar\u0131 oldu. Ayr\u0131 ayr\u0131 h\u00fccrelerde tek ba\u015f\u0131na tutulan ve tuvalete gitmeleri dahi engellenen meslekta\u015flar\u0131m\u0131z g\u00fcnler sonra savc\u0131 kar\u015f\u0131s\u0131na \u00e7\u0131kt\u0131\u011f\u0131nda k\u0131rm\u0131z\u0131-beyaz giyimli ve ay y\u0131ld\u0131z kolyeli bir savc\u0131 ile kar\u015f\u0131la\u015fm\u0131\u015flard\u0131. (Savc\u0131, birka\u00e7 g\u00fcn sonra HSK kararnamesiyle \u0130zmir&#8217;e tayin edildi) Savc\u0131n\u0131n arkada\u015flar\u0131m\u0131za sordu\u011fu t\u00fcm sorular gazetecilik faaliyetlerine y\u00f6nelikti,\u00a0 &#8220;Neden erkek \u015fiddetini \u00e7etele tutup haberle\u015ftiriyorsunuz?&#8221;, &#8220;Neden K\u00fcrt sorununu yaz\u0131yorsunuz?&#8221; gibi \u00e7o\u011falt\u0131labilecek tonla soruyla kar\u015f\u0131la\u015fm\u0131\u015ft\u0131 arkada\u015flar\u0131m\u0131z. Ba\u015fka da y\u00f6neltilen hi\u00e7bir su\u00e7lama yoktu. Arkada\u015flar\u0131m\u0131za sorulan t\u00fcm sorular ve isnat edilen su\u00e7, yazd\u0131klar\u0131\u00a0 haberlerle ter\u00f6r \u00f6rg\u00fct\u00fc propagandas\u0131 yapmakt\u0131. Ancak tutuklan\u0131rlarken su\u00e7lama de\u011fi\u015ftirilip ter\u00f6r \u00f6rg\u00fct\u00fc \u00fcyeli\u011fine \u00e7evrilmi\u015f. Bunun tek bir anlam\u0131 var; arkada\u015flar\u0131m\u0131z\u0131 al\u0131koymak i\u00e7in su\u00e7lama yaratt\u0131lar.<\/p>\n<p><strong>Sokak r\u00f6portaj\u0131ndan g\u00f6zalt\u0131na<\/strong><br \/>\nG\u00f6zalt\u0131na al\u0131nanlar aras\u0131nda gazeteci Aziz Oru\u00e7&#8217;un yapt\u0131\u011f\u0131 sokak r\u00f6portaj\u0131nda konu\u015fan bir i\u015f\u00e7i de vard\u0131. Diyarbak\u0131r&#8217;da ya\u015fayan ama i\u015f i\u00e7in K\u00fctahya&#8217;ya giden bu i\u015f\u00e7i, orada g\u00f6zalt\u0131na al\u0131n\u0131p Diyarbak\u0131r&#8217;a getirilmi\u015f, g\u00fcnlerce gazetecilerle birlikte g\u00f6zalt\u0131nda kalm\u0131\u015f, sonras\u0131nda da adli kontrol talebiyle serbest b\u0131rak\u0131lm\u0131\u015ft\u0131. Peki, su\u00e7u neydi? Sokak r\u00f6portaj\u0131nda konu\u015fmak. Ezc\u00fcmle tutuklu 16 gazeteciye sahip \u00e7\u0131kmak, bizler i\u00e7in gazetecili\u011fe, gazetecili\u011fin onuruna sahip \u00e7\u0131kmak oldu\u011fu kadar toplumun tamam\u0131 i\u00e7in haber alma hakk\u0131na, d\u00fc\u015f\u00fcnce ve ifadeyi \u00f6zg\u00fcrce payla\u015fma hakk\u0131na sahip \u00e7\u0131kmak anlam\u0131na geliyor.<\/p>\n<p>\u00d6zg\u00fcr \u00dclke Gazetesi 1994 y\u0131l\u0131nda bombaland\u0131\u011f\u0131nda ertesi g\u00fcn &#8220;Bu ate\u015f sizi de yakar&#8221; man\u015fetiyle \u00e7\u0131km\u0131\u015ft\u0131. Dicle F\u0131rat Gazeteciler Derne\u011fi E\u015fba\u015fkan\u0131 Dicle M\u00fcft\u00fco\u011flu ziyaretimizdeki sohbetinde o man\u015feti hat\u0131rlatt\u0131 ve dedi ki &#8220;O g\u00fcn o man\u015fet iktidara at\u0131lm\u0131\u015ft\u0131 ama bug\u00fcn bu s\u00f6z t\u00fcm muhalefet g\u00fc\u00e7lerinedir. Bug\u00fcn bize yap\u0131lanlara sessiz kalan herkesin evinin kap\u0131s\u0131n\u0131n polisler taraf\u0131ndan \u00e7al\u0131nmas\u0131 an meselesi&#8221;. \u0130\u015fte Diyarbak\u0131r&#8217;daki ensesinde polis teti\u011fi, g\u00f6lgesinde polis takibi, att\u0131\u011f\u0131 her ad\u0131mda soru\u015fturma, ceza ve hapis tehdidiyle kar\u015f\u0131 kar\u015f\u0131ya kalan K\u00fcrt gazeteciler, K\u00fcrt bas\u0131n\u0131 bu ate\u015f hepimizi yakmas\u0131n diye a\u011f\u0131zlar\u0131yla ate\u015fe su ta\u015f\u0131yorlar. Tutuklanan gazetecilerden \u00d6mer \u00c7elik, &#8220;Art\u0131k bu y\u00fck sizin omuzlar\u0131n\u0131zda&#8221; demi\u015fti. Biz omuzlanmak i\u00e7in bir yola \u00e7\u0131kt\u0131k, \u015fimdi daha fazlas\u0131n\u0131 hep birlikte ve daha g\u00fc\u00e7l\u00fc s\u0131rtlanma zaman\u0131.<\/p>\n<p><em><strong>https:\/\/www.agos.com.tr\/tr\/yazi\/27229\/istanbul-dan-diyarbakir-a-basin-ekspresi\u00a0<\/strong><\/em><\/p>\n<\/div>\n<\/div>\n<\/div>\n","protected":false},"excerpt":{"rendered":"<p>Sultan Eylem Kele\u015f T\u00fcrkiye&#8217;nin bat\u0131s\u0131nda yaprak k\u0131m\u0131ldasa r\u00fczgar\u0131 K\u00fcrt&#8217;\u00fcn s\u0131rt\u0131n\u0131 \u00fc\u015f\u00fct\u00fcrken, Diyarbak\u0131r&#8217;da 21 bas\u0131n \u00e7al\u0131\u015fan\u0131n\u0131n g\u00f6zalt\u0131na al\u0131nmas\u0131 bat\u0131da derin bir suskunluk sarmal\u0131yla kar\u015f\u0131la\u015ft\u0131. Bu suskunluk sarmal\u0131 s\u00fcregiderken 16 Haziran&#8217;da g\u00f6zalt\u0131ndaki gazetecilerden 16&#8217;s\u0131 sabaha kar\u015f\u0131 tutukland\u0131. Hemen ard\u0131ndan, 17 Haziran&#8217;da da D\u0130SK Bas\u0131n-\u0130\u015f&#8217;in \u00e7a\u011fr\u0131s\u0131yla \u0130stanbul ve Ankara&#8217;dan yola \u00e7\u0131karak Diyarbak\u0131r&#8217;a gittik. Bu suskunlu\u011fu par\u00e7alamak gerekiyordu art\u0131k. [&hellip;]<\/p>\n","protected":false},"author":7,"featured_media":69097,"comment_status":"open","ping_status":"open","sticky":false,"template":"","format":"standard","meta":{"footnotes":""},"categories":[1],"tags":[],"class_list":["post-69096","post","type-post","status-publish","format-standard","has-post-thumbnail","hentry","category-haberler"],"yoast_head":"<!-- This site is optimized with the Yoast SEO plugin v27.4 - https:\/\/yoast.com\/product\/yoast-seo-wordpress\/ -->\n<title>\u0130stanbul&#039;dan Diyarbak\u0131r&#039;a bas\u0131n ekspresi - Bati Ermenistan Ve Bati Ermenileri Sorunlari Ara\u015ftirmalar Merkezi<\/title>\n<meta name=\"robots\" content=\"index, follow, max-snippet:-1, max-image-preview:large, max-video-preview:-1\" \/>\n<link rel=\"canonical\" href=\"https:\/\/akunq.net\/tr\/?p=69096\" \/>\n<meta property=\"og:locale\" content=\"en_US\" \/>\n<meta property=\"og:type\" content=\"article\" \/>\n<meta property=\"og:title\" content=\"\u0130stanbul&#039;dan Diyarbak\u0131r&#039;a bas\u0131n ekspresi - Bati Ermenistan Ve Bati Ermenileri Sorunlari Ara\u015ftirmalar Merkezi\" \/>\n<meta property=\"og:description\" content=\"Sultan Eylem Kele\u015f T\u00fcrkiye&#8217;nin bat\u0131s\u0131nda yaprak k\u0131m\u0131ldasa r\u00fczgar\u0131 K\u00fcrt&#8217;\u00fcn s\u0131rt\u0131n\u0131 \u00fc\u015f\u00fct\u00fcrken, Diyarbak\u0131r&#8217;da 21 bas\u0131n \u00e7al\u0131\u015fan\u0131n\u0131n g\u00f6zalt\u0131na al\u0131nmas\u0131 bat\u0131da derin bir suskunluk sarmal\u0131yla kar\u015f\u0131la\u015ft\u0131. Bu suskunluk sarmal\u0131 s\u00fcregiderken 16 Haziran&#8217;da g\u00f6zalt\u0131ndaki gazetecilerden 16&#8217;s\u0131 sabaha kar\u015f\u0131 tutukland\u0131. Hemen ard\u0131ndan, 17 Haziran&#8217;da da D\u0130SK Bas\u0131n-\u0130\u015f&#8217;in \u00e7a\u011fr\u0131s\u0131yla \u0130stanbul ve Ankara&#8217;dan yola \u00e7\u0131karak Diyarbak\u0131r&#8217;a gittik. Bu suskunlu\u011fu par\u00e7alamak gerekiyordu art\u0131k. [&hellip;]\" \/>\n<meta property=\"og:url\" content=\"https:\/\/akunq.net\/tr\/?p=69096\" \/>\n<meta property=\"og:site_name\" content=\"Bati Ermenistan Ve Bati Ermenileri Sorunlari Ara\u015ftirmalar Merkezi\" \/>\n<meta property=\"article:published_time\" content=\"2022-06-23T10:23:44+00:00\" \/>\n<meta property=\"og:image\" content=\"https:\/\/akunq.net\/tr\/wp-content\/uploads\/sites\/6\/2022\/06\/Istanbuldan-Diyarbakira.jpg\" \/>\n\t<meta property=\"og:image:width\" content=\"680\" \/>\n\t<meta property=\"og:image:height\" content=\"510\" \/>\n\t<meta property=\"og:image:type\" content=\"image\/jpeg\" \/>\n<meta name=\"author\" content=\"admin\" \/>\n<meta name=\"twitter:card\" content=\"summary_large_image\" \/>\n<meta name=\"twitter:label1\" content=\"Written by\" \/>\n\t<meta name=\"twitter:data1\" content=\"admin\" \/>\n\t<meta name=\"twitter:label2\" content=\"Est. reading time\" \/>\n\t<meta name=\"twitter:data2\" content=\"6 minutes\" \/>\n<script type=\"application\/ld+json\" class=\"yoast-schema-graph\">{\"@context\":\"https:\\\/\\\/schema.org\",\"@graph\":[{\"@type\":\"Article\",\"@id\":\"https:\\\/\\\/akunq.net\\\/tr\\\/?p=69096#article\",\"isPartOf\":{\"@id\":\"https:\\\/\\\/akunq.net\\\/tr\\\/?p=69096\"},\"author\":{\"name\":\"admin\",\"@id\":\"https:\\\/\\\/akunq.net\\\/tr\\\/#\\\/schema\\\/person\\\/096f1d38a12cce57fb855b485ed24c9e\"},\"headline\":\"\u0130stanbul&#8217;dan Diyarbak\u0131r&#8217;a bas\u0131n ekspresi\",\"datePublished\":\"2022-06-23T10:23:44+00:00\",\"mainEntityOfPage\":{\"@id\":\"https:\\\/\\\/akunq.net\\\/tr\\\/?p=69096\"},\"wordCount\":1194,\"commentCount\":0,\"image\":{\"@id\":\"https:\\\/\\\/akunq.net\\\/tr\\\/?p=69096#primaryimage\"},\"thumbnailUrl\":\"https:\\\/\\\/akunq.net\\\/tr\\\/wp-content\\\/uploads\\\/sites\\\/6\\\/2022\\\/06\\\/Istanbuldan-Diyarbakira.jpg\",\"articleSection\":[\"Haberler\"],\"inLanguage\":\"en-US\",\"potentialAction\":[{\"@type\":\"CommentAction\",\"name\":\"Comment\",\"target\":[\"https:\\\/\\\/akunq.net\\\/tr\\\/?p=69096#respond\"]}]},{\"@type\":\"WebPage\",\"@id\":\"https:\\\/\\\/akunq.net\\\/tr\\\/?p=69096\",\"url\":\"https:\\\/\\\/akunq.net\\\/tr\\\/?p=69096\",\"name\":\"\u0130stanbul'dan Diyarbak\u0131r'a bas\u0131n ekspresi - Bati Ermenistan Ve Bati Ermenileri Sorunlari Ara\u015ftirmalar Merkezi\",\"isPartOf\":{\"@id\":\"https:\\\/\\\/akunq.net\\\/tr\\\/#website\"},\"primaryImageOfPage\":{\"@id\":\"https:\\\/\\\/akunq.net\\\/tr\\\/?p=69096#primaryimage\"},\"image\":{\"@id\":\"https:\\\/\\\/akunq.net\\\/tr\\\/?p=69096#primaryimage\"},\"thumbnailUrl\":\"https:\\\/\\\/akunq.net\\\/tr\\\/wp-content\\\/uploads\\\/sites\\\/6\\\/2022\\\/06\\\/Istanbuldan-Diyarbakira.jpg\",\"datePublished\":\"2022-06-23T10:23:44+00:00\",\"author\":{\"@id\":\"https:\\\/\\\/akunq.net\\\/tr\\\/#\\\/schema\\\/person\\\/096f1d38a12cce57fb855b485ed24c9e\"},\"breadcrumb\":{\"@id\":\"https:\\\/\\\/akunq.net\\\/tr\\\/?p=69096#breadcrumb\"},\"inLanguage\":\"en-US\",\"potentialAction\":[{\"@type\":\"ReadAction\",\"target\":[\"https:\\\/\\\/akunq.net\\\/tr\\\/?p=69096\"]}]},{\"@type\":\"ImageObject\",\"inLanguage\":\"en-US\",\"@id\":\"https:\\\/\\\/akunq.net\\\/tr\\\/?p=69096#primaryimage\",\"url\":\"https:\\\/\\\/akunq.net\\\/tr\\\/wp-content\\\/uploads\\\/sites\\\/6\\\/2022\\\/06\\\/Istanbuldan-Diyarbakira.jpg\",\"contentUrl\":\"https:\\\/\\\/akunq.net\\\/tr\\\/wp-content\\\/uploads\\\/sites\\\/6\\\/2022\\\/06\\\/Istanbuldan-Diyarbakira.jpg\",\"width\":680,\"height\":510},{\"@type\":\"BreadcrumbList\",\"@id\":\"https:\\\/\\\/akunq.net\\\/tr\\\/?p=69096#breadcrumb\",\"itemListElement\":[{\"@type\":\"ListItem\",\"position\":1,\"name\":\"Home\",\"item\":\"https:\\\/\\\/akunq.net\\\/tr\"},{\"@type\":\"ListItem\",\"position\":2,\"name\":\"\u0130stanbul&#8217;dan Diyarbak\u0131r&#8217;a bas\u0131n ekspresi\"}]},{\"@type\":\"WebSite\",\"@id\":\"https:\\\/\\\/akunq.net\\\/tr\\\/#website\",\"url\":\"https:\\\/\\\/akunq.net\\\/tr\\\/\",\"name\":\"Bati Ermenistan Ve Bati Ermenileri Sorunlari Ara\u015ftirmalar Merkezi\",\"description\":\"\",\"potentialAction\":[{\"@type\":\"SearchAction\",\"target\":{\"@type\":\"EntryPoint\",\"urlTemplate\":\"https:\\\/\\\/akunq.net\\\/tr\\\/?s={search_term_string}\"},\"query-input\":{\"@type\":\"PropertyValueSpecification\",\"valueRequired\":true,\"valueName\":\"search_term_string\"}}],\"inLanguage\":\"en-US\"},{\"@type\":\"Person\",\"@id\":\"https:\\\/\\\/akunq.net\\\/tr\\\/#\\\/schema\\\/person\\\/096f1d38a12cce57fb855b485ed24c9e\",\"name\":\"admin\",\"url\":\"https:\\\/\\\/akunq.net\\\/tr\\\/?author=7\"}]}<\/script>\n<!-- \/ Yoast SEO plugin. -->","yoast_head_json":{"title":"\u0130stanbul'dan Diyarbak\u0131r'a bas\u0131n ekspresi - Bati Ermenistan Ve Bati Ermenileri Sorunlari Ara\u015ftirmalar Merkezi","robots":{"index":"index","follow":"follow","max-snippet":"max-snippet:-1","max-image-preview":"max-image-preview:large","max-video-preview":"max-video-preview:-1"},"canonical":"https:\/\/akunq.net\/tr\/?p=69096","og_locale":"en_US","og_type":"article","og_title":"\u0130stanbul'dan Diyarbak\u0131r'a bas\u0131n ekspresi - Bati Ermenistan Ve Bati Ermenileri Sorunlari Ara\u015ftirmalar Merkezi","og_description":"Sultan Eylem Kele\u015f T\u00fcrkiye&#8217;nin bat\u0131s\u0131nda yaprak k\u0131m\u0131ldasa r\u00fczgar\u0131 K\u00fcrt&#8217;\u00fcn s\u0131rt\u0131n\u0131 \u00fc\u015f\u00fct\u00fcrken, Diyarbak\u0131r&#8217;da 21 bas\u0131n \u00e7al\u0131\u015fan\u0131n\u0131n g\u00f6zalt\u0131na al\u0131nmas\u0131 bat\u0131da derin bir suskunluk sarmal\u0131yla kar\u015f\u0131la\u015ft\u0131. Bu suskunluk sarmal\u0131 s\u00fcregiderken 16 Haziran&#8217;da g\u00f6zalt\u0131ndaki gazetecilerden 16&#8217;s\u0131 sabaha kar\u015f\u0131 tutukland\u0131. Hemen ard\u0131ndan, 17 Haziran&#8217;da da D\u0130SK Bas\u0131n-\u0130\u015f&#8217;in \u00e7a\u011fr\u0131s\u0131yla \u0130stanbul ve Ankara&#8217;dan yola \u00e7\u0131karak Diyarbak\u0131r&#8217;a gittik. Bu suskunlu\u011fu par\u00e7alamak gerekiyordu art\u0131k. [&hellip;]","og_url":"https:\/\/akunq.net\/tr\/?p=69096","og_site_name":"Bati Ermenistan Ve Bati Ermenileri Sorunlari Ara\u015ftirmalar Merkezi","article_published_time":"2022-06-23T10:23:44+00:00","og_image":[{"width":680,"height":510,"url":"https:\/\/akunq.net\/tr\/wp-content\/uploads\/sites\/6\/2022\/06\/Istanbuldan-Diyarbakira.jpg","type":"image\/jpeg"}],"author":"admin","twitter_card":"summary_large_image","twitter_misc":{"Written by":"admin","Est. reading time":"6 minutes"},"schema":{"@context":"https:\/\/schema.org","@graph":[{"@type":"Article","@id":"https:\/\/akunq.net\/tr\/?p=69096#article","isPartOf":{"@id":"https:\/\/akunq.net\/tr\/?p=69096"},"author":{"name":"admin","@id":"https:\/\/akunq.net\/tr\/#\/schema\/person\/096f1d38a12cce57fb855b485ed24c9e"},"headline":"\u0130stanbul&#8217;dan Diyarbak\u0131r&#8217;a bas\u0131n ekspresi","datePublished":"2022-06-23T10:23:44+00:00","mainEntityOfPage":{"@id":"https:\/\/akunq.net\/tr\/?p=69096"},"wordCount":1194,"commentCount":0,"image":{"@id":"https:\/\/akunq.net\/tr\/?p=69096#primaryimage"},"thumbnailUrl":"https:\/\/akunq.net\/tr\/wp-content\/uploads\/sites\/6\/2022\/06\/Istanbuldan-Diyarbakira.jpg","articleSection":["Haberler"],"inLanguage":"en-US","potentialAction":[{"@type":"CommentAction","name":"Comment","target":["https:\/\/akunq.net\/tr\/?p=69096#respond"]}]},{"@type":"WebPage","@id":"https:\/\/akunq.net\/tr\/?p=69096","url":"https:\/\/akunq.net\/tr\/?p=69096","name":"\u0130stanbul'dan Diyarbak\u0131r'a bas\u0131n ekspresi - Bati Ermenistan Ve Bati Ermenileri Sorunlari Ara\u015ftirmalar Merkezi","isPartOf":{"@id":"https:\/\/akunq.net\/tr\/#website"},"primaryImageOfPage":{"@id":"https:\/\/akunq.net\/tr\/?p=69096#primaryimage"},"image":{"@id":"https:\/\/akunq.net\/tr\/?p=69096#primaryimage"},"thumbnailUrl":"https:\/\/akunq.net\/tr\/wp-content\/uploads\/sites\/6\/2022\/06\/Istanbuldan-Diyarbakira.jpg","datePublished":"2022-06-23T10:23:44+00:00","author":{"@id":"https:\/\/akunq.net\/tr\/#\/schema\/person\/096f1d38a12cce57fb855b485ed24c9e"},"breadcrumb":{"@id":"https:\/\/akunq.net\/tr\/?p=69096#breadcrumb"},"inLanguage":"en-US","potentialAction":[{"@type":"ReadAction","target":["https:\/\/akunq.net\/tr\/?p=69096"]}]},{"@type":"ImageObject","inLanguage":"en-US","@id":"https:\/\/akunq.net\/tr\/?p=69096#primaryimage","url":"https:\/\/akunq.net\/tr\/wp-content\/uploads\/sites\/6\/2022\/06\/Istanbuldan-Diyarbakira.jpg","contentUrl":"https:\/\/akunq.net\/tr\/wp-content\/uploads\/sites\/6\/2022\/06\/Istanbuldan-Diyarbakira.jpg","width":680,"height":510},{"@type":"BreadcrumbList","@id":"https:\/\/akunq.net\/tr\/?p=69096#breadcrumb","itemListElement":[{"@type":"ListItem","position":1,"name":"Home","item":"https:\/\/akunq.net\/tr"},{"@type":"ListItem","position":2,"name":"\u0130stanbul&#8217;dan Diyarbak\u0131r&#8217;a bas\u0131n ekspresi"}]},{"@type":"WebSite","@id":"https:\/\/akunq.net\/tr\/#website","url":"https:\/\/akunq.net\/tr\/","name":"Bati Ermenistan Ve Bati Ermenileri Sorunlari Ara\u015ftirmalar Merkezi","description":"","potentialAction":[{"@type":"SearchAction","target":{"@type":"EntryPoint","urlTemplate":"https:\/\/akunq.net\/tr\/?s={search_term_string}"},"query-input":{"@type":"PropertyValueSpecification","valueRequired":true,"valueName":"search_term_string"}}],"inLanguage":"en-US"},{"@type":"Person","@id":"https:\/\/akunq.net\/tr\/#\/schema\/person\/096f1d38a12cce57fb855b485ed24c9e","name":"admin","url":"https:\/\/akunq.net\/tr\/?author=7"}]}},"_links":{"self":[{"href":"https:\/\/akunq.net\/tr\/index.php?rest_route=\/wp\/v2\/posts\/69096","targetHints":{"allow":["GET"]}}],"collection":[{"href":"https:\/\/akunq.net\/tr\/index.php?rest_route=\/wp\/v2\/posts"}],"about":[{"href":"https:\/\/akunq.net\/tr\/index.php?rest_route=\/wp\/v2\/types\/post"}],"author":[{"embeddable":true,"href":"https:\/\/akunq.net\/tr\/index.php?rest_route=\/wp\/v2\/users\/7"}],"replies":[{"embeddable":true,"href":"https:\/\/akunq.net\/tr\/index.php?rest_route=%2Fwp%2Fv2%2Fcomments&post=69096"}],"version-history":[{"count":1,"href":"https:\/\/akunq.net\/tr\/index.php?rest_route=\/wp\/v2\/posts\/69096\/revisions"}],"predecessor-version":[{"id":69098,"href":"https:\/\/akunq.net\/tr\/index.php?rest_route=\/wp\/v2\/posts\/69096\/revisions\/69098"}],"wp:featuredmedia":[{"embeddable":true,"href":"https:\/\/akunq.net\/tr\/index.php?rest_route=\/wp\/v2\/media\/69097"}],"wp:attachment":[{"href":"https:\/\/akunq.net\/tr\/index.php?rest_route=%2Fwp%2Fv2%2Fmedia&parent=69096"}],"wp:term":[{"taxonomy":"category","embeddable":true,"href":"https:\/\/akunq.net\/tr\/index.php?rest_route=%2Fwp%2Fv2%2Fcategories&post=69096"},{"taxonomy":"post_tag","embeddable":true,"href":"https:\/\/akunq.net\/tr\/index.php?rest_route=%2Fwp%2Fv2%2Ftags&post=69096"}],"curies":[{"name":"wp","href":"https:\/\/api.w.org\/{rel}","templated":true}]}}