{"id":69086,"date":"2022-06-22T04:04:42","date_gmt":"2022-06-22T09:04:42","guid":{"rendered":"https:\/\/akunq.net\/tr\/?p=69086"},"modified":"2022-06-22T04:04:42","modified_gmt":"2022-06-22T09:04:42","slug":"cehennem-kapisi-ziyarete-acildi-oluler-ulkesine-gecis","status":"publish","type":"post","link":"https:\/\/akunq.net\/tr\/?p=69086","title":{"rendered":"\u2018Cehennem Kap\u0131s\u0131\u2019 ziyarete a\u00e7\u0131ld\u0131: \u2018\u00d6l\u00fcler \u00fclkesine ge\u00e7i\u015f\u2019"},"content":{"rendered":"<p><img loading=\"lazy\" decoding=\"async\" class=\"aligncenter size-medium wp-image-69087\" src=\"https:\/\/akunq.net\/tr\/wp-content\/uploads\/2022\/06\/Cehennem-Kapisi-360x188.jpg\" alt=\"\" width=\"360\" height=\"188\" srcset=\"https:\/\/akunq.net\/tr\/wp-content\/uploads\/sites\/6\/2022\/06\/Cehennem-Kapisi-360x188.jpg 360w, https:\/\/akunq.net\/tr\/wp-content\/uploads\/sites\/6\/2022\/06\/Cehennem-Kapisi-560x292.jpg 560w, https:\/\/akunq.net\/tr\/wp-content\/uploads\/sites\/6\/2022\/06\/Cehennem-Kapisi-260x135.jpg 260w, https:\/\/akunq.net\/tr\/wp-content\/uploads\/sites\/6\/2022\/06\/Cehennem-Kapisi-160x83.jpg 160w, https:\/\/akunq.net\/tr\/wp-content\/uploads\/sites\/6\/2022\/06\/Cehennem-Kapisi.jpg 616w\" sizes=\"auto, (max-width: 360px) 100vw, 360px\" \/><\/p>\n<p><em><strong>UNESCO D\u00fcnya K\u00fclt\u00fcr Miras\u0131 Listesi\u2019nde yer alan Cehennem Kap\u0131s\u0131, ziyarete a\u00e7\u0131ld\u0131. Hatice \u015eent\u00fcrk, \u201cM\u00fcthi\u015f bir yer, ilk ziyaret\u00e7ilerinden biri olduk. Hayran olmamak elde de\u011fil\u201d dedi.<\/strong><\/em><\/p>\n<p>DUVAR \u2013 Denizli\u2019de, UNESCO D\u00fcnya K\u00fclt\u00fcr Miras\u0131 Listesi\u2019nde yer alan Pamukkale\u2019nin yan\u0131 ba\u015f\u0131ndaki Hierapolis Antik Kenti\u2019nde yap\u0131lan kaz\u0131larda, 2013\u2019te ortaya \u00e7\u0131kar\u0131lan ve antik d\u00fcnyada \u2018\u00f6l\u00fcler \u00fclkesine ge\u00e7i\u015f kap\u0131s\u0131\u2019 kabul edilen Cehennem Kap\u0131s\u0131, ziyarete a\u00e7\u0131ld\u0131.<\/p>\n<p>DHA\u2019n\u0131n aktard\u0131\u011f\u0131na g\u00f6re, milattan \u00f6nce ikinci y\u00fczy\u0131lda, Bergama Kral\u0131 2\u2019nci Eumenes taraf\u0131ndan kurulan ve \u2018kutsal \u015fehir\u2019 anlam\u0131na gelen Hierapolis Antik Kenti\u2019nde, Prof. Francesco D\u2019Andria ba\u015fkanl\u0131\u011f\u0131ndaki \u0130talyan kaz\u0131 ekibi, 2013 y\u0131l\u0131nda b\u00f6lgenin ge\u00e7mi\u015fini anlamam\u0131za yard\u0131mc\u0131 olan yap\u0131y\u0131 ke\u015ffetti. D\u2019Andria ve ekibi, antik d\u00fcnyada \u2018\u00f6l\u00fcler \u00fclkesine ge\u00e7i\u015f kap\u0131s\u0131\u2019 olarak kabul edilen \u2018Pl\u00fctonyum\u2019 (Cehennem Kap\u0131s\u0131) ve Pamukkale traverten havuzlar\u0131n\u0131n olu\u015fmas\u0131n\u0131 sa\u011flayan termal sular\u0131n orijinal kaynaklar\u0131ndan birini buldu.<\/p>\n<p>\u0130talyan kaz\u0131 heyetinin ara\u015ft\u0131rma ve buluntular\u0131nda, Pamukkale\u2019ye beyazl\u0131\u011f\u0131n\u0131 veren termal suyun \u00e7\u0131kt\u0131\u011f\u0131 Cehennem Kap\u0131s\u0131\u2019n\u0131n, Frigler d\u00f6neminde \u2018kutsal alan\u2019 olarak d\u00fczenlendi\u011fi belirlendi. Antik d\u00f6nemde \u2018\u00f6l\u00fcler \u00fclkesine ge\u00e7i\u015f kap\u0131s\u0131\u2019 olarak adland\u0131r\u0131lan ve yer alt\u0131ndan 34 derece s\u0131cak suyla birlikte karbondioksit de \u00e7\u0131kan antik yap\u0131da bulunan fay hatt\u0131ndaki k\u0131r\u0131klar nedeniyle bu alandan su ve gaz \u00e7\u0131kt\u0131\u011f\u0131 tespit edildi. Antik d\u00f6nemde kutsal say\u0131lan bu alanda g\u00f6rev yapan rahiplerin nefeslerini tutup, yanlar\u0131nda canl\u0131 hayvanla i\u00e7eri girdikleri ve gaz nedeniyle hayvanlar zehirlenerek \u00f6l\u00fcrken, rahiplerin ise sa\u011f \u00e7\u0131kt\u0131\u011f\u0131; bu nedenle din adamlar\u0131 kutsal say\u0131l\u0131rken, \u00f6len hayvanlar\u0131n da \u2018Hades\u2019e \u2018kurban\u2019 olarak sunuldu\u011fu kaydedildi.<\/p>\n<p>Cehennem Kap\u0131s\u0131, ke\u015ffin ard\u0131ndan zehirli gaz yayd\u0131\u011f\u0131 gerek\u00e7esiyle ziyaret\u00e7ilerin g\u00fcvenli\u011fi i\u00e7in kapat\u0131ld\u0131 ve kaz\u0131 \u00e7al\u0131\u015fmalar\u0131na ba\u015fland\u0131. Ara\u015ft\u0131rmalar\u0131n ard\u0131ndan gizemi \u00e7\u00f6z\u00fclen Cehennem Kap\u0131s\u0131\u2019nda restorasyon \u00e7al\u0131\u015fmalar\u0131 tamamland\u0131. \u00d6nemli k\u0131sm\u0131 aya\u011fa kald\u0131r\u0131lan yap\u0131ya, \u2018yer alt\u0131 tanr\u0131s\u0131\u2019 \u2018Hades\u2019 ve cehennemin 3 ba\u015fl\u0131 bek\u00e7i k\u00f6pe\u011fi \u2018Kerberos\u2019un heykeli de yerle\u015ftirildi.<\/p>\n<p>\u0130lk kez d\u00fcn turizme a\u00e7\u0131lan Cehennem Kap\u0131s\u0131\u2019n\u0131n \u00e7evresine ziyaret\u00e7iler i\u00e7in zehirli gaz\u0131n etkilemeyece\u011fi uzakl\u0131kta y\u00fcr\u00fcy\u00fc\u015f band\u0131 da yap\u0131ld\u0131. Cehennem Kap\u0131s\u0131 ziyaret\u00e7ileri, y\u00fcr\u00fcy\u00fc\u015f band\u0131nda gezip antik yap\u0131y\u0131 g\u00f6rme f\u0131rsat\u0131 buldu.<\/p>\n<p>Rehber Muharrem Ald\u0131ba\u015f, Cehennem Kap\u0131s\u0131\u2019n\u0131n \u00f6zel bir yer oldu\u011funu belirterek, \u201cUzun zamand\u0131r buran\u0131n a\u00e7\u0131lmas\u0131n\u0131 bekliyorduk. Asl\u0131nda daha \u00f6nce a\u00e7\u0131l\u0131r, diye d\u00fc\u015f\u00fcnm\u00fc\u015ft\u00fck. Pamukkale\u2019nin daha \u00e7ok ziyaret\u00e7i \u00e7ekmesi i\u00e7in buras\u0131 vesile olacakt\u0131r. Buras\u0131 \u2018Hades\u2019in kenti, \u2018Hades\u2019 ve e\u015finin 6 ay yer alt\u0131nda, 6 ay yery\u00fcz\u00fcnde ya\u015fad\u0131\u011f\u0131n\u0131 antik kaynaklardan biliyoruz. Buras\u0131 da onlar\u0131n yer alt\u0131na girdikleri giri\u015f kap\u0131s\u0131. \u00c7ok ilgi \u00e7eken, \u00f6zel bir yer buras\u0131. \u0130yi ki a\u00e7\u0131ld\u0131. Bundan sonra bu hikayenin tan\u0131naca\u011f\u0131n\u0131, bunu duyanlar\u0131n buraya ilgi g\u00f6sterece\u011fini d\u00fc\u015f\u00fcn\u00fcyorum\u201d dedi.<\/p>\n<p>Alan\u0131 ziyaret eden Hatice \u015eent\u00fcrk, \u201c\u0130smini duymu\u015ftuk. Bursa\u2019dan Pamukkale\u2019ye gezmeye geldik. Ziyarete a\u00e7\u0131ld\u0131\u011f\u0131n\u0131 duyunca merak etti\u011fimiz i\u00e7in geldik. Pamukkale suyunun \u00e7\u0131kt\u0131\u011f\u0131 noktaym\u0131\u015f. Ayn\u0131 zamanda Cehennem Kap\u0131s\u0131 olarak da adland\u0131r\u0131l\u0131yormu\u015f. M\u00fcthi\u015f bir yer, ilk ziyaret\u00e7ilerinden biri olduk. Hayran olmamak elde de\u011fil\u201d dedi.<\/p>\n<hr \/>\n<p><em><strong><a href=\"https:\/\/www.gazeteduvar.com.tr\/cehennem-kapisi-ziyarete-acildi-oluler-ulkesine-gecis-galeri-1570298\" target=\"_blank\" rel=\"noopener\">Gazete Duvar<\/a>\u00a0<\/strong><\/em><\/p>\n","protected":false},"excerpt":{"rendered":"<p>UNESCO D\u00fcnya K\u00fclt\u00fcr Miras\u0131 Listesi\u2019nde yer alan Cehennem Kap\u0131s\u0131, ziyarete a\u00e7\u0131ld\u0131. Hatice \u015eent\u00fcrk, \u201cM\u00fcthi\u015f bir yer, ilk ziyaret\u00e7ilerinden biri olduk. Hayran olmamak elde de\u011fil\u201d dedi. DUVAR \u2013 Denizli\u2019de, UNESCO D\u00fcnya K\u00fclt\u00fcr Miras\u0131 Listesi\u2019nde yer alan Pamukkale\u2019nin yan\u0131 ba\u015f\u0131ndaki Hierapolis Antik Kenti\u2019nde yap\u0131lan kaz\u0131larda, 2013\u2019te ortaya \u00e7\u0131kar\u0131lan ve antik d\u00fcnyada \u2018\u00f6l\u00fcler \u00fclkesine ge\u00e7i\u015f kap\u0131s\u0131\u2019 kabul edilen [&hellip;]<\/p>\n","protected":false},"author":7,"featured_media":69087,"comment_status":"open","ping_status":"open","sticky":false,"template":"","format":"standard","meta":{"footnotes":""},"categories":[1],"tags":[],"class_list":["post-69086","post","type-post","status-publish","format-standard","has-post-thumbnail","hentry","category-haberler"],"yoast_head":"<!-- This site is optimized with the Yoast SEO plugin v27.4 - https:\/\/yoast.com\/product\/yoast-seo-wordpress\/ -->\n<title>\u2018Cehennem Kap\u0131s\u0131\u2019 ziyarete a\u00e7\u0131ld\u0131: \u2018\u00d6l\u00fcler \u00fclkesine ge\u00e7i\u015f\u2019 - Bati Ermenistan Ve Bati Ermenileri Sorunlari Ara\u015ftirmalar Merkezi<\/title>\n<meta name=\"robots\" content=\"index, follow, max-snippet:-1, max-image-preview:large, max-video-preview:-1\" \/>\n<link rel=\"canonical\" href=\"https:\/\/akunq.net\/tr\/?p=69086\" \/>\n<meta property=\"og:locale\" content=\"en_US\" \/>\n<meta property=\"og:type\" content=\"article\" \/>\n<meta property=\"og:title\" content=\"\u2018Cehennem Kap\u0131s\u0131\u2019 ziyarete a\u00e7\u0131ld\u0131: \u2018\u00d6l\u00fcler \u00fclkesine ge\u00e7i\u015f\u2019 - Bati Ermenistan Ve Bati Ermenileri Sorunlari Ara\u015ftirmalar Merkezi\" \/>\n<meta property=\"og:description\" content=\"UNESCO D\u00fcnya K\u00fclt\u00fcr Miras\u0131 Listesi\u2019nde yer alan Cehennem Kap\u0131s\u0131, ziyarete a\u00e7\u0131ld\u0131. Hatice \u015eent\u00fcrk, \u201cM\u00fcthi\u015f bir yer, ilk ziyaret\u00e7ilerinden biri olduk. Hayran olmamak elde de\u011fil\u201d dedi. DUVAR \u2013 Denizli\u2019de, UNESCO D\u00fcnya K\u00fclt\u00fcr Miras\u0131 Listesi\u2019nde yer alan Pamukkale\u2019nin yan\u0131 ba\u015f\u0131ndaki Hierapolis Antik Kenti\u2019nde yap\u0131lan kaz\u0131larda, 2013\u2019te ortaya \u00e7\u0131kar\u0131lan ve antik d\u00fcnyada \u2018\u00f6l\u00fcler \u00fclkesine ge\u00e7i\u015f kap\u0131s\u0131\u2019 kabul edilen [&hellip;]\" \/>\n<meta property=\"og:url\" content=\"https:\/\/akunq.net\/tr\/?p=69086\" \/>\n<meta property=\"og:site_name\" content=\"Bati Ermenistan Ve Bati Ermenileri Sorunlari Ara\u015ftirmalar Merkezi\" \/>\n<meta property=\"article:published_time\" content=\"2022-06-22T09:04:42+00:00\" \/>\n<meta property=\"og:image\" content=\"https:\/\/akunq.net\/tr\/wp-content\/uploads\/sites\/6\/2022\/06\/Cehennem-Kapisi.jpg\" \/>\n\t<meta property=\"og:image:width\" content=\"616\" \/>\n\t<meta property=\"og:image:height\" content=\"321\" \/>\n\t<meta property=\"og:image:type\" content=\"image\/jpeg\" \/>\n<meta name=\"author\" content=\"admin\" \/>\n<meta name=\"twitter:card\" content=\"summary_large_image\" \/>\n<meta name=\"twitter:label1\" content=\"Written by\" \/>\n\t<meta name=\"twitter:data1\" content=\"admin\" \/>\n\t<meta name=\"twitter:label2\" content=\"Est. reading time\" \/>\n\t<meta name=\"twitter:data2\" content=\"3 minutes\" \/>\n<script type=\"application\/ld+json\" class=\"yoast-schema-graph\">{\"@context\":\"https:\\\/\\\/schema.org\",\"@graph\":[{\"@type\":\"Article\",\"@id\":\"https:\\\/\\\/akunq.net\\\/tr\\\/?p=69086#article\",\"isPartOf\":{\"@id\":\"https:\\\/\\\/akunq.net\\\/tr\\\/?p=69086\"},\"author\":{\"name\":\"admin\",\"@id\":\"https:\\\/\\\/akunq.net\\\/tr\\\/#\\\/schema\\\/person\\\/096f1d38a12cce57fb855b485ed24c9e\"},\"headline\":\"\u2018Cehennem Kap\u0131s\u0131\u2019 ziyarete a\u00e7\u0131ld\u0131: \u2018\u00d6l\u00fcler \u00fclkesine ge\u00e7i\u015f\u2019\",\"datePublished\":\"2022-06-22T09:04:42+00:00\",\"mainEntityOfPage\":{\"@id\":\"https:\\\/\\\/akunq.net\\\/tr\\\/?p=69086\"},\"wordCount\":617,\"commentCount\":0,\"image\":{\"@id\":\"https:\\\/\\\/akunq.net\\\/tr\\\/?p=69086#primaryimage\"},\"thumbnailUrl\":\"https:\\\/\\\/akunq.net\\\/tr\\\/wp-content\\\/uploads\\\/sites\\\/6\\\/2022\\\/06\\\/Cehennem-Kapisi.jpg\",\"articleSection\":[\"Haberler\"],\"inLanguage\":\"en-US\",\"potentialAction\":[{\"@type\":\"CommentAction\",\"name\":\"Comment\",\"target\":[\"https:\\\/\\\/akunq.net\\\/tr\\\/?p=69086#respond\"]}]},{\"@type\":\"WebPage\",\"@id\":\"https:\\\/\\\/akunq.net\\\/tr\\\/?p=69086\",\"url\":\"https:\\\/\\\/akunq.net\\\/tr\\\/?p=69086\",\"name\":\"\u2018Cehennem Kap\u0131s\u0131\u2019 ziyarete a\u00e7\u0131ld\u0131: \u2018\u00d6l\u00fcler \u00fclkesine ge\u00e7i\u015f\u2019 - Bati Ermenistan Ve Bati Ermenileri Sorunlari Ara\u015ftirmalar Merkezi\",\"isPartOf\":{\"@id\":\"https:\\\/\\\/akunq.net\\\/tr\\\/#website\"},\"primaryImageOfPage\":{\"@id\":\"https:\\\/\\\/akunq.net\\\/tr\\\/?p=69086#primaryimage\"},\"image\":{\"@id\":\"https:\\\/\\\/akunq.net\\\/tr\\\/?p=69086#primaryimage\"},\"thumbnailUrl\":\"https:\\\/\\\/akunq.net\\\/tr\\\/wp-content\\\/uploads\\\/sites\\\/6\\\/2022\\\/06\\\/Cehennem-Kapisi.jpg\",\"datePublished\":\"2022-06-22T09:04:42+00:00\",\"author\":{\"@id\":\"https:\\\/\\\/akunq.net\\\/tr\\\/#\\\/schema\\\/person\\\/096f1d38a12cce57fb855b485ed24c9e\"},\"breadcrumb\":{\"@id\":\"https:\\\/\\\/akunq.net\\\/tr\\\/?p=69086#breadcrumb\"},\"inLanguage\":\"en-US\",\"potentialAction\":[{\"@type\":\"ReadAction\",\"target\":[\"https:\\\/\\\/akunq.net\\\/tr\\\/?p=69086\"]}]},{\"@type\":\"ImageObject\",\"inLanguage\":\"en-US\",\"@id\":\"https:\\\/\\\/akunq.net\\\/tr\\\/?p=69086#primaryimage\",\"url\":\"https:\\\/\\\/akunq.net\\\/tr\\\/wp-content\\\/uploads\\\/sites\\\/6\\\/2022\\\/06\\\/Cehennem-Kapisi.jpg\",\"contentUrl\":\"https:\\\/\\\/akunq.net\\\/tr\\\/wp-content\\\/uploads\\\/sites\\\/6\\\/2022\\\/06\\\/Cehennem-Kapisi.jpg\",\"width\":616,\"height\":321},{\"@type\":\"BreadcrumbList\",\"@id\":\"https:\\\/\\\/akunq.net\\\/tr\\\/?p=69086#breadcrumb\",\"itemListElement\":[{\"@type\":\"ListItem\",\"position\":1,\"name\":\"Home\",\"item\":\"https:\\\/\\\/akunq.net\\\/tr\"},{\"@type\":\"ListItem\",\"position\":2,\"name\":\"\u2018Cehennem Kap\u0131s\u0131\u2019 ziyarete a\u00e7\u0131ld\u0131: \u2018\u00d6l\u00fcler \u00fclkesine ge\u00e7i\u015f\u2019\"}]},{\"@type\":\"WebSite\",\"@id\":\"https:\\\/\\\/akunq.net\\\/tr\\\/#website\",\"url\":\"https:\\\/\\\/akunq.net\\\/tr\\\/\",\"name\":\"Bati Ermenistan Ve Bati Ermenileri Sorunlari Ara\u015ftirmalar Merkezi\",\"description\":\"\",\"potentialAction\":[{\"@type\":\"SearchAction\",\"target\":{\"@type\":\"EntryPoint\",\"urlTemplate\":\"https:\\\/\\\/akunq.net\\\/tr\\\/?s={search_term_string}\"},\"query-input\":{\"@type\":\"PropertyValueSpecification\",\"valueRequired\":true,\"valueName\":\"search_term_string\"}}],\"inLanguage\":\"en-US\"},{\"@type\":\"Person\",\"@id\":\"https:\\\/\\\/akunq.net\\\/tr\\\/#\\\/schema\\\/person\\\/096f1d38a12cce57fb855b485ed24c9e\",\"name\":\"admin\",\"url\":\"https:\\\/\\\/akunq.net\\\/tr\\\/?author=7\"}]}<\/script>\n<!-- \/ Yoast SEO plugin. -->","yoast_head_json":{"title":"\u2018Cehennem Kap\u0131s\u0131\u2019 ziyarete a\u00e7\u0131ld\u0131: \u2018\u00d6l\u00fcler \u00fclkesine ge\u00e7i\u015f\u2019 - Bati Ermenistan Ve Bati Ermenileri Sorunlari Ara\u015ftirmalar Merkezi","robots":{"index":"index","follow":"follow","max-snippet":"max-snippet:-1","max-image-preview":"max-image-preview:large","max-video-preview":"max-video-preview:-1"},"canonical":"https:\/\/akunq.net\/tr\/?p=69086","og_locale":"en_US","og_type":"article","og_title":"\u2018Cehennem Kap\u0131s\u0131\u2019 ziyarete a\u00e7\u0131ld\u0131: \u2018\u00d6l\u00fcler \u00fclkesine ge\u00e7i\u015f\u2019 - Bati Ermenistan Ve Bati Ermenileri Sorunlari Ara\u015ftirmalar Merkezi","og_description":"UNESCO D\u00fcnya K\u00fclt\u00fcr Miras\u0131 Listesi\u2019nde yer alan Cehennem Kap\u0131s\u0131, ziyarete a\u00e7\u0131ld\u0131. Hatice \u015eent\u00fcrk, \u201cM\u00fcthi\u015f bir yer, ilk ziyaret\u00e7ilerinden biri olduk. Hayran olmamak elde de\u011fil\u201d dedi. DUVAR \u2013 Denizli\u2019de, UNESCO D\u00fcnya K\u00fclt\u00fcr Miras\u0131 Listesi\u2019nde yer alan Pamukkale\u2019nin yan\u0131 ba\u015f\u0131ndaki Hierapolis Antik Kenti\u2019nde yap\u0131lan kaz\u0131larda, 2013\u2019te ortaya \u00e7\u0131kar\u0131lan ve antik d\u00fcnyada \u2018\u00f6l\u00fcler \u00fclkesine ge\u00e7i\u015f kap\u0131s\u0131\u2019 kabul edilen [&hellip;]","og_url":"https:\/\/akunq.net\/tr\/?p=69086","og_site_name":"Bati Ermenistan Ve Bati Ermenileri Sorunlari Ara\u015ftirmalar Merkezi","article_published_time":"2022-06-22T09:04:42+00:00","og_image":[{"width":616,"height":321,"url":"https:\/\/akunq.net\/tr\/wp-content\/uploads\/sites\/6\/2022\/06\/Cehennem-Kapisi.jpg","type":"image\/jpeg"}],"author":"admin","twitter_card":"summary_large_image","twitter_misc":{"Written by":"admin","Est. reading time":"3 minutes"},"schema":{"@context":"https:\/\/schema.org","@graph":[{"@type":"Article","@id":"https:\/\/akunq.net\/tr\/?p=69086#article","isPartOf":{"@id":"https:\/\/akunq.net\/tr\/?p=69086"},"author":{"name":"admin","@id":"https:\/\/akunq.net\/tr\/#\/schema\/person\/096f1d38a12cce57fb855b485ed24c9e"},"headline":"\u2018Cehennem Kap\u0131s\u0131\u2019 ziyarete a\u00e7\u0131ld\u0131: \u2018\u00d6l\u00fcler \u00fclkesine ge\u00e7i\u015f\u2019","datePublished":"2022-06-22T09:04:42+00:00","mainEntityOfPage":{"@id":"https:\/\/akunq.net\/tr\/?p=69086"},"wordCount":617,"commentCount":0,"image":{"@id":"https:\/\/akunq.net\/tr\/?p=69086#primaryimage"},"thumbnailUrl":"https:\/\/akunq.net\/tr\/wp-content\/uploads\/sites\/6\/2022\/06\/Cehennem-Kapisi.jpg","articleSection":["Haberler"],"inLanguage":"en-US","potentialAction":[{"@type":"CommentAction","name":"Comment","target":["https:\/\/akunq.net\/tr\/?p=69086#respond"]}]},{"@type":"WebPage","@id":"https:\/\/akunq.net\/tr\/?p=69086","url":"https:\/\/akunq.net\/tr\/?p=69086","name":"\u2018Cehennem Kap\u0131s\u0131\u2019 ziyarete a\u00e7\u0131ld\u0131: \u2018\u00d6l\u00fcler \u00fclkesine ge\u00e7i\u015f\u2019 - Bati Ermenistan Ve Bati Ermenileri Sorunlari Ara\u015ftirmalar Merkezi","isPartOf":{"@id":"https:\/\/akunq.net\/tr\/#website"},"primaryImageOfPage":{"@id":"https:\/\/akunq.net\/tr\/?p=69086#primaryimage"},"image":{"@id":"https:\/\/akunq.net\/tr\/?p=69086#primaryimage"},"thumbnailUrl":"https:\/\/akunq.net\/tr\/wp-content\/uploads\/sites\/6\/2022\/06\/Cehennem-Kapisi.jpg","datePublished":"2022-06-22T09:04:42+00:00","author":{"@id":"https:\/\/akunq.net\/tr\/#\/schema\/person\/096f1d38a12cce57fb855b485ed24c9e"},"breadcrumb":{"@id":"https:\/\/akunq.net\/tr\/?p=69086#breadcrumb"},"inLanguage":"en-US","potentialAction":[{"@type":"ReadAction","target":["https:\/\/akunq.net\/tr\/?p=69086"]}]},{"@type":"ImageObject","inLanguage":"en-US","@id":"https:\/\/akunq.net\/tr\/?p=69086#primaryimage","url":"https:\/\/akunq.net\/tr\/wp-content\/uploads\/sites\/6\/2022\/06\/Cehennem-Kapisi.jpg","contentUrl":"https:\/\/akunq.net\/tr\/wp-content\/uploads\/sites\/6\/2022\/06\/Cehennem-Kapisi.jpg","width":616,"height":321},{"@type":"BreadcrumbList","@id":"https:\/\/akunq.net\/tr\/?p=69086#breadcrumb","itemListElement":[{"@type":"ListItem","position":1,"name":"Home","item":"https:\/\/akunq.net\/tr"},{"@type":"ListItem","position":2,"name":"\u2018Cehennem Kap\u0131s\u0131\u2019 ziyarete a\u00e7\u0131ld\u0131: \u2018\u00d6l\u00fcler \u00fclkesine ge\u00e7i\u015f\u2019"}]},{"@type":"WebSite","@id":"https:\/\/akunq.net\/tr\/#website","url":"https:\/\/akunq.net\/tr\/","name":"Bati Ermenistan Ve Bati Ermenileri Sorunlari Ara\u015ftirmalar Merkezi","description":"","potentialAction":[{"@type":"SearchAction","target":{"@type":"EntryPoint","urlTemplate":"https:\/\/akunq.net\/tr\/?s={search_term_string}"},"query-input":{"@type":"PropertyValueSpecification","valueRequired":true,"valueName":"search_term_string"}}],"inLanguage":"en-US"},{"@type":"Person","@id":"https:\/\/akunq.net\/tr\/#\/schema\/person\/096f1d38a12cce57fb855b485ed24c9e","name":"admin","url":"https:\/\/akunq.net\/tr\/?author=7"}]}},"_links":{"self":[{"href":"https:\/\/akunq.net\/tr\/index.php?rest_route=\/wp\/v2\/posts\/69086","targetHints":{"allow":["GET"]}}],"collection":[{"href":"https:\/\/akunq.net\/tr\/index.php?rest_route=\/wp\/v2\/posts"}],"about":[{"href":"https:\/\/akunq.net\/tr\/index.php?rest_route=\/wp\/v2\/types\/post"}],"author":[{"embeddable":true,"href":"https:\/\/akunq.net\/tr\/index.php?rest_route=\/wp\/v2\/users\/7"}],"replies":[{"embeddable":true,"href":"https:\/\/akunq.net\/tr\/index.php?rest_route=%2Fwp%2Fv2%2Fcomments&post=69086"}],"version-history":[{"count":1,"href":"https:\/\/akunq.net\/tr\/index.php?rest_route=\/wp\/v2\/posts\/69086\/revisions"}],"predecessor-version":[{"id":69088,"href":"https:\/\/akunq.net\/tr\/index.php?rest_route=\/wp\/v2\/posts\/69086\/revisions\/69088"}],"wp:featuredmedia":[{"embeddable":true,"href":"https:\/\/akunq.net\/tr\/index.php?rest_route=\/wp\/v2\/media\/69087"}],"wp:attachment":[{"href":"https:\/\/akunq.net\/tr\/index.php?rest_route=%2Fwp%2Fv2%2Fmedia&parent=69086"}],"wp:term":[{"taxonomy":"category","embeddable":true,"href":"https:\/\/akunq.net\/tr\/index.php?rest_route=%2Fwp%2Fv2%2Fcategories&post=69086"},{"taxonomy":"post_tag","embeddable":true,"href":"https:\/\/akunq.net\/tr\/index.php?rest_route=%2Fwp%2Fv2%2Ftags&post=69086"}],"curies":[{"name":"wp","href":"https:\/\/api.w.org\/{rel}","templated":true}]}}