{"id":69083,"date":"2022-06-22T03:10:41","date_gmt":"2022-06-22T08:10:41","guid":{"rendered":"https:\/\/akunq.net\/tr\/?p=69083"},"modified":"2022-06-22T03:10:41","modified_gmt":"2022-06-22T08:10:41","slug":"bitlis-deresinin-uzerindeki-yapilarin-yikilmasiyla-8-tarihi-kopru-ortaya-cikti","status":"publish","type":"post","link":"https:\/\/akunq.net\/tr\/?p=69083","title":{"rendered":"Bitlis Deresi\u2019nin \u00fczerindeki yap\u0131lar\u0131n y\u0131k\u0131lmas\u0131yla 8 tarihi k\u00f6pr\u00fc ortaya \u00e7\u0131kt\u0131"},"content":{"rendered":"<p><img loading=\"lazy\" decoding=\"async\" class=\"aligncenter size-medium wp-image-69084\" src=\"https:\/\/akunq.net\/tr\/wp-content\/uploads\/2022\/06\/Bitlis-360x203.jpg\" alt=\"\" width=\"360\" height=\"203\" srcset=\"https:\/\/akunq.net\/tr\/wp-content\/uploads\/sites\/6\/2022\/06\/Bitlis-360x203.jpg 360w, https:\/\/akunq.net\/tr\/wp-content\/uploads\/sites\/6\/2022\/06\/Bitlis-768x432.jpg 768w, https:\/\/akunq.net\/tr\/wp-content\/uploads\/sites\/6\/2022\/06\/Bitlis-560x315.jpg 560w, https:\/\/akunq.net\/tr\/wp-content\/uploads\/sites\/6\/2022\/06\/Bitlis-260x146.jpg 260w, https:\/\/akunq.net\/tr\/wp-content\/uploads\/sites\/6\/2022\/06\/Bitlis-160x90.jpg 160w, https:\/\/akunq.net\/tr\/wp-content\/uploads\/sites\/6\/2022\/06\/Bitlis.jpg 864w\" sizes=\"auto, (max-width: 360px) 100vw, 360px\" \/><\/p>\n<p><em><strong>Tarih boyunca bir\u00e7ok medeniyete ev sahipli\u011fi yapan ve kervanlar\u0131n ge\u00e7i\u015f g\u00fczergah\u0131nda bulunan Bitlis\u2019te, yeni in\u015fa edilen yap\u0131lar\u0131n aras\u0131nda sakl\u0131 kalan 8 tarihi k\u00f6pr\u00fc tekrar g\u00fcn y\u00fcz\u00fcne \u00e7\u0131kar\u0131ld\u0131.<\/strong><\/em><\/p>\n<p><strong>\u015eener Tokta\u015f<\/strong><\/p>\n<p>Kent merkezinden ge\u00e7en Bitlis Deresi\u2019nin \u0131slah edilerek kentin tarihi dokusunun ortaya \u00e7\u0131kar\u0131lmas\u0131 amac\u0131yla \u00c7evre, \u015eehircilik ve \u0130klim De\u011fi\u015fikli\u011fi Bakanl\u0131\u011f\u0131 taraf\u0131ndan ge\u00e7en y\u0131l Dere\u00fcst\u00fc Islah Projesi hayata ge\u00e7irildi.<\/p>\n<p>\u00c7evre, \u015eehircilik ve \u0130klim De\u011fi\u015fikli\u011fi \u0130l M\u00fcd\u00fcrl\u00fc\u011f\u00fc taraf\u0131ndan y\u00fcr\u00fct\u00fclen proje kapsam\u0131nda, derenin \u00fczerine zamanla in\u015fa edilen binalar y\u0131kt\u0131r\u0131ld\u0131.<\/p>\n<p>Binalar\u0131n y\u0131k\u0131lmas\u0131yla kent a\u00e7\u0131s\u0131ndan tarihi \u00f6neme sahip 8 k\u00f6pr\u00fcy\u00fc ortaya \u00e7\u0131karan il m\u00fcd\u00fcrl\u00fc\u011f\u00fc, restorasyon \u00e7al\u0131\u015fmas\u0131 yap\u0131lan k\u00f6pr\u00fcleri \u00e7evrelerindeki di\u011fer eserlerle turizme kazand\u0131rmay\u0131 hedefliyor.<\/p>\n<p>Bitlis Eren \u00dcniversitesi (BE\u00dc) Fen Edebiyat Fak\u00fcltesi Tarih B\u00f6l\u00fcm\u00fc \u00d6\u011fretim \u00dcyesi Prof. Dr. Mehmet Demirta\u015f, AA muhabirine, Evliya \u00c7elebi\u2019nin Seyahatnamesinde Bitlis Deresi\u2019nin \u00fczerinde kurulu 28 k\u00f6pr\u00fcden bahsedildi\u011fini s\u00f6yledi.<\/p>\n<p>Demirta\u015f, 19. y\u00fczy\u0131lda dere \u00fczerinde 24 k\u00f6pr\u00fc bulundu\u011funa ili\u015fkin kay\u0131tlar oldu\u011funu belirterek, \u015f\u00f6yle konu\u015ftu:<\/p>\n<p>\u201cG\u00fcn\u00fcm\u00fczde bu k\u00f6pr\u00fclerin say\u0131s\u0131nda ciddi azalma meydana gelmi\u015f ve zamanla tahribata u\u011fram\u0131\u015f. Baz\u0131lar\u0131 tamamen y\u0131k\u0131lm\u0131\u015f baz\u0131lar\u0131 y\u0131k\u0131ld\u0131ktan sonra restore edilmi\u015f. Daha sonra Bitlis Deresi \u00fczerinde binalar\u0131n in\u015fas\u0131na izin verilmi\u015f ve derenin \u00fczeri kapat\u0131lm\u0131\u015f. Bu projeyle derenin \u00fczeri a\u00e7\u0131ld\u0131. Betonarme yap\u0131lar\u0131n y\u0131k\u0131lmas\u0131yla do\u011fal olarak Bitlis\u2019in tarihi dokusu ortaya \u00e7\u0131kmaya ba\u015flad\u0131. \u00c7\u00fcnk\u00fc \u015fehir merkezi sadece k\u00f6pr\u00fclerden ibaret de\u011fil, \u015fehrin i\u00e7inde kalesi, Ulu Cami, Pa\u015fa Hamam\u0131, \u00e7ok say\u0131da k\u00f6pr\u00fc, yama\u00e7larda cami ve kiliseler var.\u201d<\/p>\n<p><strong>\u201cK\u00f6pr\u00fclerde 16. y\u00fczy\u0131l mimarisi hakim\u201d<\/strong><br \/>\nEtraflar\u0131ndaki betonarme yap\u0131lar\u0131n azalmas\u0131yla Pa\u015fa Hamam\u0131 ve Alemdar K\u00f6pr\u00fcs\u00fc\u2019n\u00fcn g\u00f6rkemli mimarisinin daha belirgin hale geldi\u011fini anlatan Demirta\u015f, dere \u0131slah\u0131 i\u00e7in in\u015fa edilen duvarlar\u0131n ve restorasyon \u00e7al\u0131\u015fmas\u0131n\u0131n k\u00f6pr\u00fclerdeki tarihi dokunun kaybolmamas\u0131na dikkat edilerek yap\u0131lmas\u0131 gerekti\u011fini aktard\u0131.<\/p>\n<p>\u00c7o\u011fu kemerli olan ve kesme ta\u015ftan in\u015fa edilen k\u00f6pr\u00fclerde 16. y\u00fczy\u0131l mimarisinin hakim oldu\u011funu vurgulayan Demirta\u015f, \u015funlar\u0131 kaydetti:<\/p>\n<p>\u201cK\u00f6pr\u00fclerde 17, 18 ve 19. y\u00fczy\u0131llarda da restorasyon \u00e7al\u0131\u015fmalar\u0131n\u0131 asl\u0131na uygun yapmaya \u00e7al\u0131\u015fm\u0131\u015flar. B\u00fcy\u00fck oranda buna dikkat etmi\u015fler. \u015eimdi de ayn\u0131 \u015feyin olmas\u0131 gerekiyor. Bunlar tarihin tan\u0131klar\u0131d\u0131r. E\u011fer bu proje tamamlan\u0131rsa bunu ba\u015fka projelerle desteklemek gerekiyor. \u00c7\u00fcnk\u00fc derenin \u00fcst\u00fcn\u00fc a\u00e7makla Bitlis\u2019in tarihi dokusu ortaya \u00e7\u0131km\u0131\u015f olmuyor. Sadece bir k\u0131sm\u0131na vak\u0131f olaca\u011f\u0131z ama Bitlis bir b\u00fct\u00fcn olarak tarih \u015fehri. E\u011fer turizmin daha g\u00fc\u00e7l\u00fc hale gelmesini istiyorsak bunu ba\u015fka projelerle desteklememiz gerekir.\u201d<\/p>\n<hr \/>\n<p><em><strong><a href=\"https:\/\/www.aa.com.tr\/tr\/gundem\/bitlis-deresinin-uzerindeki-yapilarin-yikilmasiyla-8-tarihi-kopru-ortaya-cikti\/2618770\" target=\"_blank\" rel=\"noopener\">AA<\/a>\u00a0<\/strong><\/em><\/p>\n","protected":false},"excerpt":{"rendered":"<p>Tarih boyunca bir\u00e7ok medeniyete ev sahipli\u011fi yapan ve kervanlar\u0131n ge\u00e7i\u015f g\u00fczergah\u0131nda bulunan Bitlis\u2019te, yeni in\u015fa edilen yap\u0131lar\u0131n aras\u0131nda sakl\u0131 kalan 8 tarihi k\u00f6pr\u00fc tekrar g\u00fcn y\u00fcz\u00fcne \u00e7\u0131kar\u0131ld\u0131. \u015eener Tokta\u015f Kent merkezinden ge\u00e7en Bitlis Deresi\u2019nin \u0131slah edilerek kentin tarihi dokusunun ortaya \u00e7\u0131kar\u0131lmas\u0131 amac\u0131yla \u00c7evre, \u015eehircilik ve \u0130klim De\u011fi\u015fikli\u011fi Bakanl\u0131\u011f\u0131 taraf\u0131ndan ge\u00e7en y\u0131l Dere\u00fcst\u00fc Islah Projesi hayata [&hellip;]<\/p>\n","protected":false},"author":7,"featured_media":69084,"comment_status":"open","ping_status":"open","sticky":false,"template":"","format":"standard","meta":{"footnotes":""},"categories":[22,1],"tags":[],"class_list":["post-69083","post","type-post","status-publish","format-standard","has-post-thumbnail","hentry","category-gunumuzde-bati-ermenistan","category-haberler"],"yoast_head":"<!-- This site is optimized with the Yoast SEO plugin v27.4 - https:\/\/yoast.com\/product\/yoast-seo-wordpress\/ -->\n<title>Bitlis Deresi\u2019nin \u00fczerindeki yap\u0131lar\u0131n y\u0131k\u0131lmas\u0131yla 8 tarihi k\u00f6pr\u00fc ortaya \u00e7\u0131kt\u0131 - Bati Ermenistan Ve Bati Ermenileri Sorunlari Ara\u015ftirmalar Merkezi<\/title>\n<meta name=\"robots\" content=\"index, follow, max-snippet:-1, max-image-preview:large, max-video-preview:-1\" \/>\n<link rel=\"canonical\" href=\"https:\/\/akunq.net\/tr\/?p=69083\" \/>\n<meta property=\"og:locale\" content=\"en_US\" \/>\n<meta property=\"og:type\" content=\"article\" \/>\n<meta property=\"og:title\" content=\"Bitlis Deresi\u2019nin \u00fczerindeki yap\u0131lar\u0131n y\u0131k\u0131lmas\u0131yla 8 tarihi k\u00f6pr\u00fc ortaya \u00e7\u0131kt\u0131 - Bati Ermenistan Ve Bati Ermenileri Sorunlari Ara\u015ftirmalar Merkezi\" \/>\n<meta property=\"og:description\" content=\"Tarih boyunca bir\u00e7ok medeniyete ev sahipli\u011fi yapan ve kervanlar\u0131n ge\u00e7i\u015f g\u00fczergah\u0131nda bulunan Bitlis\u2019te, yeni in\u015fa edilen yap\u0131lar\u0131n aras\u0131nda sakl\u0131 kalan 8 tarihi k\u00f6pr\u00fc tekrar g\u00fcn y\u00fcz\u00fcne \u00e7\u0131kar\u0131ld\u0131. \u015eener Tokta\u015f Kent merkezinden ge\u00e7en Bitlis Deresi\u2019nin \u0131slah edilerek kentin tarihi dokusunun ortaya \u00e7\u0131kar\u0131lmas\u0131 amac\u0131yla \u00c7evre, \u015eehircilik ve \u0130klim De\u011fi\u015fikli\u011fi Bakanl\u0131\u011f\u0131 taraf\u0131ndan ge\u00e7en y\u0131l Dere\u00fcst\u00fc Islah Projesi hayata [&hellip;]\" \/>\n<meta property=\"og:url\" content=\"https:\/\/akunq.net\/tr\/?p=69083\" \/>\n<meta property=\"og:site_name\" content=\"Bati Ermenistan Ve Bati Ermenileri Sorunlari Ara\u015ftirmalar Merkezi\" \/>\n<meta property=\"article:published_time\" content=\"2022-06-22T08:10:41+00:00\" \/>\n<meta property=\"og:image\" content=\"https:\/\/akunq.net\/tr\/wp-content\/uploads\/sites\/6\/2022\/06\/Bitlis.jpg\" \/>\n\t<meta property=\"og:image:width\" content=\"864\" \/>\n\t<meta property=\"og:image:height\" content=\"486\" \/>\n\t<meta property=\"og:image:type\" content=\"image\/jpeg\" \/>\n<meta name=\"author\" content=\"admin\" \/>\n<meta name=\"twitter:card\" content=\"summary_large_image\" \/>\n<meta name=\"twitter:label1\" content=\"Written by\" \/>\n\t<meta name=\"twitter:data1\" content=\"admin\" \/>\n\t<meta name=\"twitter:label2\" content=\"Est. reading time\" \/>\n\t<meta name=\"twitter:data2\" content=\"3 minutes\" \/>\n<script type=\"application\/ld+json\" class=\"yoast-schema-graph\">{\"@context\":\"https:\\\/\\\/schema.org\",\"@graph\":[{\"@type\":\"Article\",\"@id\":\"https:\\\/\\\/akunq.net\\\/tr\\\/?p=69083#article\",\"isPartOf\":{\"@id\":\"https:\\\/\\\/akunq.net\\\/tr\\\/?p=69083\"},\"author\":{\"name\":\"admin\",\"@id\":\"https:\\\/\\\/akunq.net\\\/tr\\\/#\\\/schema\\\/person\\\/096f1d38a12cce57fb855b485ed24c9e\"},\"headline\":\"Bitlis Deresi\u2019nin \u00fczerindeki yap\u0131lar\u0131n y\u0131k\u0131lmas\u0131yla 8 tarihi k\u00f6pr\u00fc ortaya \u00e7\u0131kt\u0131\",\"datePublished\":\"2022-06-22T08:10:41+00:00\",\"mainEntityOfPage\":{\"@id\":\"https:\\\/\\\/akunq.net\\\/tr\\\/?p=69083\"},\"wordCount\":520,\"commentCount\":0,\"image\":{\"@id\":\"https:\\\/\\\/akunq.net\\\/tr\\\/?p=69083#primaryimage\"},\"thumbnailUrl\":\"https:\\\/\\\/akunq.net\\\/tr\\\/wp-content\\\/uploads\\\/sites\\\/6\\\/2022\\\/06\\\/Bitlis.jpg\",\"articleSection\":[\"G\u00fcn\u00fcm\u00fczde Bat\u0131 Ermenistan\",\"Haberler\"],\"inLanguage\":\"en-US\",\"potentialAction\":[{\"@type\":\"CommentAction\",\"name\":\"Comment\",\"target\":[\"https:\\\/\\\/akunq.net\\\/tr\\\/?p=69083#respond\"]}]},{\"@type\":\"WebPage\",\"@id\":\"https:\\\/\\\/akunq.net\\\/tr\\\/?p=69083\",\"url\":\"https:\\\/\\\/akunq.net\\\/tr\\\/?p=69083\",\"name\":\"Bitlis Deresi\u2019nin \u00fczerindeki yap\u0131lar\u0131n y\u0131k\u0131lmas\u0131yla 8 tarihi k\u00f6pr\u00fc ortaya \u00e7\u0131kt\u0131 - Bati Ermenistan Ve Bati Ermenileri Sorunlari Ara\u015ftirmalar Merkezi\",\"isPartOf\":{\"@id\":\"https:\\\/\\\/akunq.net\\\/tr\\\/#website\"},\"primaryImageOfPage\":{\"@id\":\"https:\\\/\\\/akunq.net\\\/tr\\\/?p=69083#primaryimage\"},\"image\":{\"@id\":\"https:\\\/\\\/akunq.net\\\/tr\\\/?p=69083#primaryimage\"},\"thumbnailUrl\":\"https:\\\/\\\/akunq.net\\\/tr\\\/wp-content\\\/uploads\\\/sites\\\/6\\\/2022\\\/06\\\/Bitlis.jpg\",\"datePublished\":\"2022-06-22T08:10:41+00:00\",\"author\":{\"@id\":\"https:\\\/\\\/akunq.net\\\/tr\\\/#\\\/schema\\\/person\\\/096f1d38a12cce57fb855b485ed24c9e\"},\"breadcrumb\":{\"@id\":\"https:\\\/\\\/akunq.net\\\/tr\\\/?p=69083#breadcrumb\"},\"inLanguage\":\"en-US\",\"potentialAction\":[{\"@type\":\"ReadAction\",\"target\":[\"https:\\\/\\\/akunq.net\\\/tr\\\/?p=69083\"]}]},{\"@type\":\"ImageObject\",\"inLanguage\":\"en-US\",\"@id\":\"https:\\\/\\\/akunq.net\\\/tr\\\/?p=69083#primaryimage\",\"url\":\"https:\\\/\\\/akunq.net\\\/tr\\\/wp-content\\\/uploads\\\/sites\\\/6\\\/2022\\\/06\\\/Bitlis.jpg\",\"contentUrl\":\"https:\\\/\\\/akunq.net\\\/tr\\\/wp-content\\\/uploads\\\/sites\\\/6\\\/2022\\\/06\\\/Bitlis.jpg\",\"width\":864,\"height\":486},{\"@type\":\"BreadcrumbList\",\"@id\":\"https:\\\/\\\/akunq.net\\\/tr\\\/?p=69083#breadcrumb\",\"itemListElement\":[{\"@type\":\"ListItem\",\"position\":1,\"name\":\"Home\",\"item\":\"https:\\\/\\\/akunq.net\\\/tr\"},{\"@type\":\"ListItem\",\"position\":2,\"name\":\"Bitlis Deresi\u2019nin \u00fczerindeki yap\u0131lar\u0131n y\u0131k\u0131lmas\u0131yla 8 tarihi k\u00f6pr\u00fc ortaya \u00e7\u0131kt\u0131\"}]},{\"@type\":\"WebSite\",\"@id\":\"https:\\\/\\\/akunq.net\\\/tr\\\/#website\",\"url\":\"https:\\\/\\\/akunq.net\\\/tr\\\/\",\"name\":\"Bati Ermenistan Ve Bati Ermenileri Sorunlari Ara\u015ftirmalar Merkezi\",\"description\":\"\",\"potentialAction\":[{\"@type\":\"SearchAction\",\"target\":{\"@type\":\"EntryPoint\",\"urlTemplate\":\"https:\\\/\\\/akunq.net\\\/tr\\\/?s={search_term_string}\"},\"query-input\":{\"@type\":\"PropertyValueSpecification\",\"valueRequired\":true,\"valueName\":\"search_term_string\"}}],\"inLanguage\":\"en-US\"},{\"@type\":\"Person\",\"@id\":\"https:\\\/\\\/akunq.net\\\/tr\\\/#\\\/schema\\\/person\\\/096f1d38a12cce57fb855b485ed24c9e\",\"name\":\"admin\",\"url\":\"https:\\\/\\\/akunq.net\\\/tr\\\/?author=7\"}]}<\/script>\n<!-- \/ Yoast SEO plugin. -->","yoast_head_json":{"title":"Bitlis Deresi\u2019nin \u00fczerindeki yap\u0131lar\u0131n y\u0131k\u0131lmas\u0131yla 8 tarihi k\u00f6pr\u00fc ortaya \u00e7\u0131kt\u0131 - Bati Ermenistan Ve Bati Ermenileri Sorunlari Ara\u015ftirmalar Merkezi","robots":{"index":"index","follow":"follow","max-snippet":"max-snippet:-1","max-image-preview":"max-image-preview:large","max-video-preview":"max-video-preview:-1"},"canonical":"https:\/\/akunq.net\/tr\/?p=69083","og_locale":"en_US","og_type":"article","og_title":"Bitlis Deresi\u2019nin \u00fczerindeki yap\u0131lar\u0131n y\u0131k\u0131lmas\u0131yla 8 tarihi k\u00f6pr\u00fc ortaya \u00e7\u0131kt\u0131 - Bati Ermenistan Ve Bati Ermenileri Sorunlari Ara\u015ftirmalar Merkezi","og_description":"Tarih boyunca bir\u00e7ok medeniyete ev sahipli\u011fi yapan ve kervanlar\u0131n ge\u00e7i\u015f g\u00fczergah\u0131nda bulunan Bitlis\u2019te, yeni in\u015fa edilen yap\u0131lar\u0131n aras\u0131nda sakl\u0131 kalan 8 tarihi k\u00f6pr\u00fc tekrar g\u00fcn y\u00fcz\u00fcne \u00e7\u0131kar\u0131ld\u0131. \u015eener Tokta\u015f Kent merkezinden ge\u00e7en Bitlis Deresi\u2019nin \u0131slah edilerek kentin tarihi dokusunun ortaya \u00e7\u0131kar\u0131lmas\u0131 amac\u0131yla \u00c7evre, \u015eehircilik ve \u0130klim De\u011fi\u015fikli\u011fi Bakanl\u0131\u011f\u0131 taraf\u0131ndan ge\u00e7en y\u0131l Dere\u00fcst\u00fc Islah Projesi hayata [&hellip;]","og_url":"https:\/\/akunq.net\/tr\/?p=69083","og_site_name":"Bati Ermenistan Ve Bati Ermenileri Sorunlari Ara\u015ftirmalar Merkezi","article_published_time":"2022-06-22T08:10:41+00:00","og_image":[{"width":864,"height":486,"url":"https:\/\/akunq.net\/tr\/wp-content\/uploads\/sites\/6\/2022\/06\/Bitlis.jpg","type":"image\/jpeg"}],"author":"admin","twitter_card":"summary_large_image","twitter_misc":{"Written by":"admin","Est. reading time":"3 minutes"},"schema":{"@context":"https:\/\/schema.org","@graph":[{"@type":"Article","@id":"https:\/\/akunq.net\/tr\/?p=69083#article","isPartOf":{"@id":"https:\/\/akunq.net\/tr\/?p=69083"},"author":{"name":"admin","@id":"https:\/\/akunq.net\/tr\/#\/schema\/person\/096f1d38a12cce57fb855b485ed24c9e"},"headline":"Bitlis Deresi\u2019nin \u00fczerindeki yap\u0131lar\u0131n y\u0131k\u0131lmas\u0131yla 8 tarihi k\u00f6pr\u00fc ortaya \u00e7\u0131kt\u0131","datePublished":"2022-06-22T08:10:41+00:00","mainEntityOfPage":{"@id":"https:\/\/akunq.net\/tr\/?p=69083"},"wordCount":520,"commentCount":0,"image":{"@id":"https:\/\/akunq.net\/tr\/?p=69083#primaryimage"},"thumbnailUrl":"https:\/\/akunq.net\/tr\/wp-content\/uploads\/sites\/6\/2022\/06\/Bitlis.jpg","articleSection":["G\u00fcn\u00fcm\u00fczde Bat\u0131 Ermenistan","Haberler"],"inLanguage":"en-US","potentialAction":[{"@type":"CommentAction","name":"Comment","target":["https:\/\/akunq.net\/tr\/?p=69083#respond"]}]},{"@type":"WebPage","@id":"https:\/\/akunq.net\/tr\/?p=69083","url":"https:\/\/akunq.net\/tr\/?p=69083","name":"Bitlis Deresi\u2019nin \u00fczerindeki yap\u0131lar\u0131n y\u0131k\u0131lmas\u0131yla 8 tarihi k\u00f6pr\u00fc ortaya \u00e7\u0131kt\u0131 - Bati Ermenistan Ve Bati Ermenileri Sorunlari Ara\u015ftirmalar Merkezi","isPartOf":{"@id":"https:\/\/akunq.net\/tr\/#website"},"primaryImageOfPage":{"@id":"https:\/\/akunq.net\/tr\/?p=69083#primaryimage"},"image":{"@id":"https:\/\/akunq.net\/tr\/?p=69083#primaryimage"},"thumbnailUrl":"https:\/\/akunq.net\/tr\/wp-content\/uploads\/sites\/6\/2022\/06\/Bitlis.jpg","datePublished":"2022-06-22T08:10:41+00:00","author":{"@id":"https:\/\/akunq.net\/tr\/#\/schema\/person\/096f1d38a12cce57fb855b485ed24c9e"},"breadcrumb":{"@id":"https:\/\/akunq.net\/tr\/?p=69083#breadcrumb"},"inLanguage":"en-US","potentialAction":[{"@type":"ReadAction","target":["https:\/\/akunq.net\/tr\/?p=69083"]}]},{"@type":"ImageObject","inLanguage":"en-US","@id":"https:\/\/akunq.net\/tr\/?p=69083#primaryimage","url":"https:\/\/akunq.net\/tr\/wp-content\/uploads\/sites\/6\/2022\/06\/Bitlis.jpg","contentUrl":"https:\/\/akunq.net\/tr\/wp-content\/uploads\/sites\/6\/2022\/06\/Bitlis.jpg","width":864,"height":486},{"@type":"BreadcrumbList","@id":"https:\/\/akunq.net\/tr\/?p=69083#breadcrumb","itemListElement":[{"@type":"ListItem","position":1,"name":"Home","item":"https:\/\/akunq.net\/tr"},{"@type":"ListItem","position":2,"name":"Bitlis Deresi\u2019nin \u00fczerindeki yap\u0131lar\u0131n y\u0131k\u0131lmas\u0131yla 8 tarihi k\u00f6pr\u00fc ortaya \u00e7\u0131kt\u0131"}]},{"@type":"WebSite","@id":"https:\/\/akunq.net\/tr\/#website","url":"https:\/\/akunq.net\/tr\/","name":"Bati Ermenistan Ve Bati Ermenileri Sorunlari Ara\u015ftirmalar Merkezi","description":"","potentialAction":[{"@type":"SearchAction","target":{"@type":"EntryPoint","urlTemplate":"https:\/\/akunq.net\/tr\/?s={search_term_string}"},"query-input":{"@type":"PropertyValueSpecification","valueRequired":true,"valueName":"search_term_string"}}],"inLanguage":"en-US"},{"@type":"Person","@id":"https:\/\/akunq.net\/tr\/#\/schema\/person\/096f1d38a12cce57fb855b485ed24c9e","name":"admin","url":"https:\/\/akunq.net\/tr\/?author=7"}]}},"_links":{"self":[{"href":"https:\/\/akunq.net\/tr\/index.php?rest_route=\/wp\/v2\/posts\/69083","targetHints":{"allow":["GET"]}}],"collection":[{"href":"https:\/\/akunq.net\/tr\/index.php?rest_route=\/wp\/v2\/posts"}],"about":[{"href":"https:\/\/akunq.net\/tr\/index.php?rest_route=\/wp\/v2\/types\/post"}],"author":[{"embeddable":true,"href":"https:\/\/akunq.net\/tr\/index.php?rest_route=\/wp\/v2\/users\/7"}],"replies":[{"embeddable":true,"href":"https:\/\/akunq.net\/tr\/index.php?rest_route=%2Fwp%2Fv2%2Fcomments&post=69083"}],"version-history":[{"count":1,"href":"https:\/\/akunq.net\/tr\/index.php?rest_route=\/wp\/v2\/posts\/69083\/revisions"}],"predecessor-version":[{"id":69085,"href":"https:\/\/akunq.net\/tr\/index.php?rest_route=\/wp\/v2\/posts\/69083\/revisions\/69085"}],"wp:featuredmedia":[{"embeddable":true,"href":"https:\/\/akunq.net\/tr\/index.php?rest_route=\/wp\/v2\/media\/69084"}],"wp:attachment":[{"href":"https:\/\/akunq.net\/tr\/index.php?rest_route=%2Fwp%2Fv2%2Fmedia&parent=69083"}],"wp:term":[{"taxonomy":"category","embeddable":true,"href":"https:\/\/akunq.net\/tr\/index.php?rest_route=%2Fwp%2Fv2%2Fcategories&post=69083"},{"taxonomy":"post_tag","embeddable":true,"href":"https:\/\/akunq.net\/tr\/index.php?rest_route=%2Fwp%2Fv2%2Ftags&post=69083"}],"curies":[{"name":"wp","href":"https:\/\/api.w.org\/{rel}","templated":true}]}}