{"id":69061,"date":"2022-06-21T04:08:17","date_gmt":"2022-06-21T09:08:17","guid":{"rendered":"https:\/\/akunq.net\/tr\/?p=69061"},"modified":"2022-06-21T04:08:17","modified_gmt":"2022-06-21T09:08:17","slug":"bergamada-roman-mahallesi-her-evden-bir-muzik-aleti-cikiyor","status":"publish","type":"post","link":"https:\/\/akunq.net\/tr\/?p=69061","title":{"rendered":"Bergama\u2019da Roman Mahallesi: Her evden bir m\u00fczik aleti \u00e7\u0131k\u0131yor"},"content":{"rendered":"<header><em><strong>Roman m\u00fczi\u011finin kalbinin att\u0131\u011f\u0131 yerden, Atmaca Mahallesi\u2019nden klarnet ustas\u0131 Ferit Benli anlat\u0131yor: \u201cHepimiz aileden alayl\u0131y\u0131z. Ama t\u00fcm gayretimiz, bizden sonraki ku\u015faklar\u0131n okullu, e\u011fitimli olmas\u0131\u2026\u201d<\/strong><\/em><\/p>\n<\/header>\n<div class=\"content-side\">\n<div class=\"info\">\n<div class=\"social-shares\"><\/div>\n<\/div>\n<div class=\"embed-responsive embed-responsive-16by9 mb-md\"><iframe loading=\"lazy\" class=\"embed-responsive-item\" title=\"YouTube video player\" src=\"https:\/\/www.youtube.com\/embed\/hyewbn3J3OM\" width=\"560\" height=\"315\" frameborder=\"0\" scrolling=\"no\" allowfullscreen=\"allowfullscreen\" data-mce-fragment=\"1\"><\/iframe><\/div>\n<div class=\"content-text\">\n<p><strong>\u00d6zg\u00fcr Duygu Durgun<\/strong><\/p>\n<p><strong>DUVAR &#8211;<\/strong> Bergama\u2019da yer alan Atmaca Mahallesi, Roman k\u00fclt\u00fcr\u00fcne ev sahipli\u011fi yap\u0131yor. Bergama\u2019n\u0131n \u201cen ne\u015feli, en deli dolu\u201d mahallesi olarak tan\u0131mlanan Atmaca, m\u00fczisyenleri ile me\u015fhur.<\/p>\n<p>Ferit Benli, Bergama Belediye Bandosu&#8217;nda \u015feflik yapan, Ya\u015fam Boyu E\u011fitim Merkezi&#8217;nde \u00e7ocuklara m\u00fczik dersleri veren bir klarnet ustas\u0131. Atmaca\u2019da, M\u00fczisyenler Kahvesi\u2019nde Pergamon Akropol\u00fc&#8217;n\u00fcn g\u00f6r\u00fcnt\u00fcs\u00fcyle mahalleyi, ailesini, m\u00fczi\u011fi anlat\u0131yor. Atmaca, Antik Yunan&#8217;da hastalar\u0131n \u015fifa buldu\u011fu Asklepion Tap\u0131na\u011f\u0131 ve kentine \u00e7\u0131kan yolun \u00fczerinde. Binlerce y\u0131l \u00f6nce dertlerine derman arayanlar i\u00e7in m\u00fczi\u011fin de bir \u015fifa y\u00f6ntemi olarak kabul edildi\u011fi bu y\u00f6rede \u015fimdi Roman ezgileri \u00e7\u0131nl\u0131yor.<\/p>\n<figure class=\"image align-right\"><img loading=\"lazy\" decoding=\"async\" src=\"https:\/\/i.gazeteduvar.com.tr\/storage\/files\/images\/2022\/06\/17\/ferit-benli-QjW3.jpg\" alt=\"\" width=\"443\" height=\"448\" \/><figcaption><em>Ferit Benli<\/em><\/figcaption><\/figure>\n<h2>BERGAMA, KLARNET \u0130LE NASIL TANI\u015eTI?<\/h2>\n<p>Ferit Benli&#8217;nin anlat\u0131m\u0131na g\u00f6re, 1900&#8217;l\u00fc y\u0131llarda Bergama&#8217;da kaymakaml\u0131k yapan Kamil Bey, gitti\u011fi bir d\u00fc\u011f\u00fcnde davul ve zurna dinlemekten yorulmu\u015f. Hemen kar\u015f\u0131da Kale Mahallesi\u2019ndeki Rum d\u00fc\u011f\u00fcn\u00fcne de u\u011fram\u0131\u015f. Davul, zurna sesinden sonra buzuki ve klarnetten gelen ezgilerle mest olan kaymakam, ertesi g\u00fcn Bergamal\u0131lar\u0131 \u015fa\u015f\u0131rtan bir karar alm\u0131\u015f: &#8221;Bundan sonra Bergama&#8217;da davul ve zurna \u00e7almak yasak.&#8221; Bergamal\u0131lar \u00e7areyi Rum kom\u015fular\u0131ndan klarnet \u00f6\u011frenmekte bulmu\u015f. Ve Bergama, klarnet ile b\u00f6yle tan\u0131\u015fm\u0131\u015f&#8230;<\/p>\n<p>Gel zaman, git zaman klarnette bir numara olan Bergamal\u0131 Romanlar, kente na\u011fmeleriyle ne\u015fe katm\u0131\u015f. Bug\u00fcn Atmaca, Bergamal\u0131 m\u00fczisyenlerin ya\u015fad\u0131\u011f\u0131, &#8221;ruhu&#8221; olan bir mahalle. Enstr\u00fcman \u00e7almamak neredeyse ay\u0131p. Her evden klarnet, davul veya trompet sesi geliyor. \u0130lla enstr\u00fcman olmas\u0131 da gerekmiyor. Kahvede tan\u0131\u015ft\u0131\u011f\u0131m\u0131z Ahmet Tang\u00fcn, sadece dudaklar\u0131n\u0131 kullanarak m\u00fcthi\u015f bir trombon taksimi yap\u0131yor. Otob\u00fcslerde \u015fof\u00f6rl\u00fck, kimi zaman da muavinlik yaparak ge\u00e7imini sa\u011flayan Ahmet&#8217;in babas\u0131, bir zamanlar Bergama&#8217;n\u0131n usta trompet\u00e7isi olarak nam salm\u0131\u015f Saffet Tang\u00fcn.<\/p>\n<figure class=\"image align-left\"><em><img loading=\"lazy\" decoding=\"async\" src=\"https:\/\/i.gazeteduvar.com.tr\/storage\/files\/images\/2022\/06\/17\/dede-torun-ogul-Qbpf.jpg\" alt=\"\" width=\"425\" height=\"561\" \/><\/em><figcaption><em><strong>Ferit Benli, o\u011flu ve torunuyla.<\/strong><\/em><\/figcaption><\/figure>\n<h3><strong>A\u0130LE BOYU M\u00dcZ\u0130SYENL\u0130K<\/strong><\/h3>\n<p>Ferit Benli, Bergama&#8217;da klarnet denilince ilk akla gelen isimlerden. Y\u0131llar \u00f6nce Bergama zeybe\u011fi \u00fczerine \u00e7al\u0131\u015fan akademisyenlerin dikkatini \u00e7eken Benli, Zeybek havalar\u0131ndaki ustal\u0131\u011f\u0131yla \u00f6nce Avrupa&#8217;da, daha sonra Amerika&#8217;da \u00f6nde gelen m\u00fczisyenlerle tan\u0131\u015fm\u0131\u015f. \u00d6mer Faruk Tekbilek ile yapt\u0131\u011f\u0131 Amerika turnesiyle Bergama&#8217;n\u0131n sesini d\u00fcnyaya duyurmu\u015f. Aileden sayabildi\u011fi d\u00f6rd\u00fcnc\u00fc ku\u015fak m\u00fczisyen olan Ferit Benli, Belediye&#8217;deki g\u00f6revi d\u0131\u015f\u0131nda Bergama d\u00fc\u011f\u00fcnlerinin vazge\u00e7ilmez ismi olmu\u015f.<\/p>\n<p>Benli, d\u00fc\u011f\u00fcnlerde kendisi gibi m\u00fczisyen o\u011flu ve hen\u00fcz be\u015f ya\u015f\u0131nda olsa da m\u00fcthi\u015f bir ritim duygusuyla davulu konu\u015fturan torunu Ferit ile boy g\u00f6steriyor art\u0131k.<\/p>\n<p><strong>\u2018\u00c7OCUKLAR KLARNET SES\u0130YLE UYUYOR\u2019<\/strong><\/p>\n<p>Bergama&#8217;n\u0131n m\u00fczik miras\u0131nda Romanlar\u0131n \u00f6nemli bir yeri var. &#8221;Benim atalar\u0131m Kavala&#8217;dan gelmi\u015f buraya&#8221; diye anlat\u0131yor Ferit Benli. &#8221;B\u00fcy\u00fck ninem, dedemi yolda do\u011furmu\u015f. Tarih 19 May\u0131s 1919, Atat\u00fcrk&#8217;\u00fcn Samsun&#8217;a \u00e7\u0131kt\u0131\u011f\u0131 g\u00fcn. Dedemin ad\u0131n\u0131 Kemal koymu\u015flar. Bizim m\u00fczikle ilgimiz genlerimizde. B\u00fcy\u00fck dedelerimin dedeleri de m\u00fczisyenmi\u015f. Biz trompet ve darbuka ile ba\u015flar\u0131z m\u00fczi\u011fe. \u00d6nce ritim \u00f6\u011frenilir. Ben de \u00f6yle ba\u015flad\u0131m. Sonra merak\u0131n varsa nefeslilere ge\u00e7ersin. Dedem de babam da \u00e7ok iyi klarnet \u00e7alard\u0131. O\u011flum gibi torunlar\u0131m da k\u00fc\u00e7\u00fck ya\u015flar\u0131ndan itibaren ya davul ya trompet ya da klarnet \u00e7ald\u0131lar. O\u011flumla 12 ya\u015f\u0131ndan bu yana d\u00fc\u011f\u00fcnlere birlikte gideriz. Torunlar\u0131m bu sene anaokulu bitirdiler. Be\u015f ya\u015f\u0131ndalar. Biri klarnet, di\u011feri davul \u00e7al\u0131yor. Torunum bebekken klarnet sesi duymazsa ba\u015flard\u0131 a\u011flamaya, asla susturamazs\u0131n. K\u0131z\u0131m arard\u0131, \u2018Baba telefonda olsa bile bir \u00e7al\u0131ver de sussun \u00e7ocuk&#8217; diye. Bizde \u00e7ocuklar b\u00f6yle b\u00fcy\u00fcr.&#8221;<\/p>\n<p><strong>BERGAMA\u2019DA B\u0130R EFSANE: ERGUN \u015eENLEND\u0130R\u0130C\u0130<\/strong><\/p>\n<p>Atmaca Mahallesi&#8217;ne \u00e7\u0131kan uzun, dar sokak Bergamal\u0131 m\u00fczisyen Ergun \u015eenlendirici&#8217;nin ad\u0131n\u0131 ta\u015f\u0131yor. Ergun \u015eenlendirici&#8217;nin 38 ya\u015f\u0131nda kalp krizi sonucu \u00f6l\u00fcm\u00fcnden sonra bayra\u011f\u0131 o\u011flu H\u00fcsn\u00fc \u015eenlendirici ald\u0131. Bug\u00fcn Bergama&#8217;da kime &#8221;H\u00fcsn\u00fc&#8221; deseniz, akan sular duruyor. M\u00fczisyenin Bergama ile ba\u011f\u0131 hi\u00e7 kopmam\u0131\u015f. Evi de ailesi de burada. Yaz aylar\u0131nda \u00e7iftlik evinde yurti\u00e7i ve yurtd\u0131\u015f\u0131ndan m\u00fczisyenlerle kamplar d\u00fczenliyor. Atmacal\u0131 gen\u00e7lerle \u00e7al\u0131yor. Mahallede ne kadar gen\u00e7 varsa hepsi \u201cH\u00fcsn\u00fc gibi\u201d \u00e7almak istiyor. &#8221;Bizim grubun ad\u0131n\u0131 H\u00fcsn\u00fc koydu&#8221; diyor Ferit Benli: \u201cBergama Tayfa olsun dedi. Kulaklar\u0131 \u00e7\u0131nlas\u0131n.\u00a0 Onun da bir grubu vard\u0131, La\u00e7o Tayfa. La\u00e7o \u2018iyi, g\u00fczel\u2019 anlam\u0131na gelir Roman dilinde.\u201d<\/p>\n<p><strong>NEFESL\u0130LERDE BERGAMA EKOL\u00dc<\/strong><\/p>\n<p>Nefes, Bergamal\u0131 m\u00fczisyenlerin alamet-i farikas\u0131. Nefesli \u00e7alg\u0131larda t\u00fcm ekollerden farkl\u0131 bir teknikleri var. Bu tekni\u011fin sihri ise farkl\u0131 nota aral\u0131klar\u0131na ustal\u0131kla inip \u00e7\u0131kabilmekte gizli. Benli, aradaki fark\u0131, \u201cNefeslilerde bizim gibi \u00fcfleyen yoktur, mesela Bal\u0131kesirliler \u00e7ok ac\u0131 \u00fcfler. Biz keman ve kanunla beraber sazlar\u0131n aras\u0131na girip \u00e7alar\u0131z, di\u011ferleri klarneti zurna \u00e7alar gibi \u00e7alar. T\u00fcm mesele enstr\u00fcman\u0131 \u00e7alarken koma dedi\u011fimiz nota aralar\u0131na esneyebilmek.\u00a0 Bu nedenle klarnet ve trompet konusunda Bergama tekni\u011fi \u00e7ok \u00fcst d\u00fczeydedir\u201d \u015feklinde anlat\u0131yor.<\/p>\n<p>Bu tekni\u011fin nas\u0131l \u00f6\u011frenildi\u011fine de \u015f\u00f6yle cevap veriyor Benli: \u201c\u0130lk \u015fart \u00e7al\u0131\u015fmak, \u00e7ok \u00e7al\u0131\u015fmak. Bir notay\u0131 d\u00fczg\u00fcn \u00e7\u0131karabilmek i\u00e7in saatlerini vermek. Bu da biraz e\u011fitim i\u015fi. Bizim aram\u0131zdaki tek konservatuarl\u0131 m\u00fczisyen H\u00fcsn\u00fc&#8217;d\u00fcr. Hepimiz aileden alayl\u0131y\u0131z. Ama t\u00fcm gayretimiz, bizden sonraki ku\u015faklar\u0131n okullu, e\u011fitimli olmas\u0131\u2026 H\u00fcsn\u00fc bu a\u00e7\u0131dan gen\u00e7lere \u00e7ok g\u00fczel bir \u00f6rnek ama gel g\u00f6r ki, \u00a0g\u00fcn\u00fcm\u00fcz \u015fartlar\u0131nda gen\u00e7lerimiz bir an evvel para kazanmak istiyor. Bergama Belediyesi y\u0131llardan beri keman, gitar, piyano ve klarnet kurslar\u0131 veriyor. \u00c7ocuklara nota \u00f6\u011fretiyorum. Analar\u0131 &#8216;B\u0131rak nota \u00f6\u011fretmeyi, \u00e7ocuklara Harmandal\u0131, \u00c7iftetelli \u00f6\u011fretiver de d\u00fc\u011f\u00fcnlerde \u00e7als\u0131nlar&#8217; diyor. Belki \u00e7ocuk geli\u015ftirecek kendini, G\u00fczel Sanatlar&#8217;a gidecek?\u201d<\/p>\n<p><strong>B\u0130R BA\u015eKA OLUR ROMAN D\u00dc\u011e\u00dcN\u00dc&#8230;<\/strong><\/p>\n<p>Ama d\u00fc\u011f\u00fcn deyip de ge\u00e7memek laz\u0131m. D\u00fc\u011f\u00fcnler Bergama&#8217;da \u00f6nemli bir rit\u00fcel. Damat evinde ba\u015fl\u0131yor, gelin almayla s\u00fcr\u00fcyor. \u00dc\u00e7 g\u00fcn, \u00fc\u00e7 geceye kadar s\u00fcren bir seyirlik. Roman d\u00fc\u011f\u00fcnleri ise \u00e7ok daha ba\u015fka. Ferit Benli anlat\u0131yor: \u201cMesela bu ak\u015fam Roman d\u00fc\u011f\u00fcn\u00fcnde \u00e7alaca\u011f\u0131z. Klavyede damat olacak. Davul ve darbukada benim o\u011flum, kemanda damad\u0131n karde\u015fi. Aram\u0131zda yabanc\u0131 yok anlayaca\u011f\u0131n. Bizim d\u00fc\u011f\u00fcnlerde \u00e7ok se\u00e7kin m\u00fczisyenler \u00e7alar. B\u00f6lgenin en iyilerini \u00e7a\u011f\u0131r\u0131r\u0131z. B\u00fct\u00fcn h\u00fcnerini ortaya koyman laz\u0131m. Ne ben para sorar\u0131m, ne de onlar ister. Kalkar gelirler \u00c7anakkale&#8217;den, \u0130zmir&#8217;den veya Soma&#8217;dan. O\u011fluma bir d\u00fc\u011f\u00fcn yapt\u0131m, 850 ki\u015filik. K\u0131z\u0131m\u0131 da o\u011flan\u0131n d\u00fc\u011f\u00fcn\u00fcnde g\u00f6r\u00fcp \u00e7ok be\u011fenmi\u015fler. Hemen ard\u0131ndan istediler, sekiz ay i\u00e7inde onu da evlendirdik. G\u00f6rkemli bir orkestra kurdum, bin ki\u015fiyi e\u011flendirdik Bergama&#8217;da.\u201d<\/p>\n<figure class=\"image align-center\"><img loading=\"lazy\" decoding=\"async\" src=\"https:\/\/i.gazeteduvar.com.tr\/storage\/files\/images\/2022\/06\/17\/atmacanin-genc-muzisyenleri-Owyd.jpg\" width=\"1000\" height=\"4400\" \/><figcaption><em>Atmaca Mahallesi&#8217;nin gen\u00e7 m\u00fczisyen tayfas\u0131.<\/em><\/figcaption><\/figure>\n<p><strong>\u20185 YA\u015eINDAK\u0130 FER\u0130T\u2019\u0130N DAVULDA YAKALADI\u011eI R\u0130T\u0130M G\u00d6R\u00dcLMEYE DE\u011eER\u2019<\/strong><\/p>\n<p>Derken \u00e7ocuklar geliyor kahveye, ya\u015flar\u0131 5 ile 15 aras\u0131nda. Ellerinde boylar\u0131ndan b\u00fcy\u00fck davullar. Hepsi de H\u00fcsn\u00fc&#8217;n\u00fcn fanatik hayranlar\u0131. Kahvedekiler, \u201cHadi \u00e7al\u0131n bir Roman havas\u0131\u201d deyince davulda Ferit ve Talha, klarnette Hicaz ve Muhammet\u2019ten olu\u015fan \u201ctayfa\u201d b\u00fcy\u00fck bir ciddiyetle ba\u015fl\u0131yor h\u00fcnerlerini konu\u015fturmaya. Ah \u0130stanbul\u2019dan girip Roman havas\u0131ndan \u00e7\u0131k\u0131yorlar. B\u00fcy\u00fck hayalleri var \u00e7ocuklar\u0131n. 8 ya\u015f\u0131ndaki Hicaz&#8217;\u0131n hayali dizilerde oyuncu olmak, en be\u011fendi\u011fi dizi olan \u00c7ukur\u2019un kahraman\u0131 Yama\u00e7\u2019\u0131 canland\u0131rmak istiyor. Ama asla silah kullanmayacak&#8230;<\/p>\n<p>15 ya\u015f\u0131ndaki Muhammet kendini geli\u015ftirmek ve daha iyi \u00e7almak istiyor. Babas\u0131n\u0131 kaybetmi\u015f, annesi hasta. Muhammed bu \u015fartlarda e\u011fitimini b\u0131rakmak zorunda kalm\u0131\u015f bir gen\u00e7. Bu hayattan pay\u0131na m\u00fczik yaparak evi ge\u00e7indirmek d\u00fc\u015fm\u00fc\u015f. 17 ya\u015f\u0131ndaki Ayhan, \u201cBen 7-8 ya\u015f\u0131mdan beri sokakta bilye oynamak yerine m\u00fczikle u\u011fra\u015ft\u0131m. Bizim hayat\u0131m\u0131z bu\u201d diyor. 5 ya\u015f\u0131ndaki Ferit\u2019in davulda yakalad\u0131\u011f\u0131 ritim g\u00f6r\u00fclmeye de\u011fer. Arkada\u015flar\u0131yla tam bir uyum i\u00e7inde. Bir yandan da dedesi Ferit Benli&#8217;nin g\u00f6zlerinin i\u00e7ine bakarak bisiklet hayali kurdu\u011funu s\u00f6yl\u00fcyor. Bu \u00e7ocuklarda p\u0131r\u0131l p\u0131r\u0131l, i\u015flenmeye haz\u0131r bir cevher sakl\u0131. T\u0131pk\u0131 dedeleri ve babalar\u0131nda oldu\u011fu gibi\u2026<\/p>\n<p>Bergama&#8217;n\u0131n be\u015finci ku\u015fak m\u00fczisyenleri kendilerine \u015fans verilirse, H\u00fcsn\u00fc a\u011fabeylerinin koydu\u011fu \u00e7\u0131taya eri\u015febilir hatta ge\u00e7ebilirler de\u2026<\/p>\n<p><em><strong>https:\/\/www.gazeteduvar.com.tr\/bergamada-roman-mahallesi-her-evden-bir-muzik-aleti-cikiyor-haber-1569726\u00a0<\/strong><\/em><\/p>\n<\/div>\n<\/div>\n","protected":false},"excerpt":{"rendered":"<p>Roman m\u00fczi\u011finin kalbinin att\u0131\u011f\u0131 yerden, Atmaca Mahallesi\u2019nden klarnet ustas\u0131 Ferit Benli anlat\u0131yor: \u201cHepimiz aileden alayl\u0131y\u0131z. Ama t\u00fcm gayretimiz, bizden sonraki ku\u015faklar\u0131n okullu, e\u011fitimli olmas\u0131\u2026\u201d \u00d6zg\u00fcr Duygu Durgun DUVAR &#8211; Bergama\u2019da yer alan Atmaca Mahallesi, Roman k\u00fclt\u00fcr\u00fcne ev sahipli\u011fi yap\u0131yor. Bergama\u2019n\u0131n \u201cen ne\u015feli, en deli dolu\u201d mahallesi olarak tan\u0131mlanan Atmaca, m\u00fczisyenleri ile me\u015fhur. Ferit Benli, Bergama [&hellip;]<\/p>\n","protected":false},"author":7,"featured_media":69062,"comment_status":"open","ping_status":"open","sticky":false,"template":"","format":"standard","meta":{"footnotes":""},"categories":[1,53],"tags":[],"class_list":["post-69061","post","type-post","status-publish","format-standard","has-post-thumbnail","hentry","category-haberler","category-turkiyede-azinliklar"],"yoast_head":"<!-- This site is optimized with the Yoast SEO plugin v27.4 - https:\/\/yoast.com\/product\/yoast-seo-wordpress\/ -->\n<title>Bergama\u2019da Roman Mahallesi: Her evden bir m\u00fczik aleti \u00e7\u0131k\u0131yor - Bati Ermenistan Ve Bati Ermenileri Sorunlari Ara\u015ftirmalar Merkezi<\/title>\n<meta name=\"robots\" content=\"index, follow, max-snippet:-1, max-image-preview:large, max-video-preview:-1\" \/>\n<link rel=\"canonical\" href=\"https:\/\/akunq.net\/tr\/?p=69061\" \/>\n<meta property=\"og:locale\" content=\"en_US\" \/>\n<meta property=\"og:type\" content=\"article\" \/>\n<meta property=\"og:title\" content=\"Bergama\u2019da Roman Mahallesi: Her evden bir m\u00fczik aleti \u00e7\u0131k\u0131yor - Bati Ermenistan Ve Bati Ermenileri Sorunlari Ara\u015ftirmalar Merkezi\" \/>\n<meta property=\"og:description\" content=\"Roman m\u00fczi\u011finin kalbinin att\u0131\u011f\u0131 yerden, Atmaca Mahallesi\u2019nden klarnet ustas\u0131 Ferit Benli anlat\u0131yor: \u201cHepimiz aileden alayl\u0131y\u0131z. Ama t\u00fcm gayretimiz, bizden sonraki ku\u015faklar\u0131n okullu, e\u011fitimli olmas\u0131\u2026\u201d \u00d6zg\u00fcr Duygu Durgun DUVAR &#8211; Bergama\u2019da yer alan Atmaca Mahallesi, Roman k\u00fclt\u00fcr\u00fcne ev sahipli\u011fi yap\u0131yor. Bergama\u2019n\u0131n \u201cen ne\u015feli, en deli dolu\u201d mahallesi olarak tan\u0131mlanan Atmaca, m\u00fczisyenleri ile me\u015fhur. Ferit Benli, Bergama [&hellip;]\" \/>\n<meta property=\"og:url\" content=\"https:\/\/akunq.net\/tr\/?p=69061\" \/>\n<meta property=\"og:site_name\" content=\"Bati Ermenistan Ve Bati Ermenileri Sorunlari Ara\u015ftirmalar Merkezi\" \/>\n<meta property=\"article:published_time\" content=\"2022-06-21T09:08:17+00:00\" \/>\n<meta property=\"og:image\" content=\"https:\/\/akunq.net\/tr\/wp-content\/uploads\/sites\/6\/2022\/06\/Bergamada-Roman-Mahallesi.jpg\" \/>\n\t<meta property=\"og:image:width\" content=\"1280\" \/>\n\t<meta property=\"og:image:height\" content=\"720\" \/>\n\t<meta property=\"og:image:type\" content=\"image\/jpeg\" \/>\n<meta name=\"author\" content=\"admin\" \/>\n<meta name=\"twitter:card\" content=\"summary_large_image\" \/>\n<meta name=\"twitter:label1\" content=\"Written by\" \/>\n\t<meta name=\"twitter:data1\" content=\"admin\" \/>\n\t<meta name=\"twitter:label2\" content=\"Est. reading time\" \/>\n\t<meta name=\"twitter:data2\" content=\"7 minutes\" \/>\n<script type=\"application\/ld+json\" class=\"yoast-schema-graph\">{\"@context\":\"https:\\\/\\\/schema.org\",\"@graph\":[{\"@type\":\"Article\",\"@id\":\"https:\\\/\\\/akunq.net\\\/tr\\\/?p=69061#article\",\"isPartOf\":{\"@id\":\"https:\\\/\\\/akunq.net\\\/tr\\\/?p=69061\"},\"author\":{\"name\":\"admin\",\"@id\":\"https:\\\/\\\/akunq.net\\\/tr\\\/#\\\/schema\\\/person\\\/096f1d38a12cce57fb855b485ed24c9e\"},\"headline\":\"Bergama\u2019da Roman Mahallesi: Her evden bir m\u00fczik aleti \u00e7\u0131k\u0131yor\",\"datePublished\":\"2022-06-21T09:08:17+00:00\",\"mainEntityOfPage\":{\"@id\":\"https:\\\/\\\/akunq.net\\\/tr\\\/?p=69061\"},\"wordCount\":1481,\"commentCount\":0,\"image\":{\"@id\":\"https:\\\/\\\/akunq.net\\\/tr\\\/?p=69061#primaryimage\"},\"thumbnailUrl\":\"https:\\\/\\\/akunq.net\\\/tr\\\/wp-content\\\/uploads\\\/sites\\\/6\\\/2022\\\/06\\\/Bergamada-Roman-Mahallesi.jpg\",\"articleSection\":[\"Haberler\",\"T\u00fcrkiye\u2019de Az\u0131nl\u0131klar\"],\"inLanguage\":\"en-US\",\"potentialAction\":[{\"@type\":\"CommentAction\",\"name\":\"Comment\",\"target\":[\"https:\\\/\\\/akunq.net\\\/tr\\\/?p=69061#respond\"]}]},{\"@type\":\"WebPage\",\"@id\":\"https:\\\/\\\/akunq.net\\\/tr\\\/?p=69061\",\"url\":\"https:\\\/\\\/akunq.net\\\/tr\\\/?p=69061\",\"name\":\"Bergama\u2019da Roman Mahallesi: Her evden bir m\u00fczik aleti \u00e7\u0131k\u0131yor - Bati Ermenistan Ve Bati Ermenileri Sorunlari Ara\u015ftirmalar Merkezi\",\"isPartOf\":{\"@id\":\"https:\\\/\\\/akunq.net\\\/tr\\\/#website\"},\"primaryImageOfPage\":{\"@id\":\"https:\\\/\\\/akunq.net\\\/tr\\\/?p=69061#primaryimage\"},\"image\":{\"@id\":\"https:\\\/\\\/akunq.net\\\/tr\\\/?p=69061#primaryimage\"},\"thumbnailUrl\":\"https:\\\/\\\/akunq.net\\\/tr\\\/wp-content\\\/uploads\\\/sites\\\/6\\\/2022\\\/06\\\/Bergamada-Roman-Mahallesi.jpg\",\"datePublished\":\"2022-06-21T09:08:17+00:00\",\"author\":{\"@id\":\"https:\\\/\\\/akunq.net\\\/tr\\\/#\\\/schema\\\/person\\\/096f1d38a12cce57fb855b485ed24c9e\"},\"breadcrumb\":{\"@id\":\"https:\\\/\\\/akunq.net\\\/tr\\\/?p=69061#breadcrumb\"},\"inLanguage\":\"en-US\",\"potentialAction\":[{\"@type\":\"ReadAction\",\"target\":[\"https:\\\/\\\/akunq.net\\\/tr\\\/?p=69061\"]}]},{\"@type\":\"ImageObject\",\"inLanguage\":\"en-US\",\"@id\":\"https:\\\/\\\/akunq.net\\\/tr\\\/?p=69061#primaryimage\",\"url\":\"https:\\\/\\\/akunq.net\\\/tr\\\/wp-content\\\/uploads\\\/sites\\\/6\\\/2022\\\/06\\\/Bergamada-Roman-Mahallesi.jpg\",\"contentUrl\":\"https:\\\/\\\/akunq.net\\\/tr\\\/wp-content\\\/uploads\\\/sites\\\/6\\\/2022\\\/06\\\/Bergamada-Roman-Mahallesi.jpg\",\"width\":1280,\"height\":720},{\"@type\":\"BreadcrumbList\",\"@id\":\"https:\\\/\\\/akunq.net\\\/tr\\\/?p=69061#breadcrumb\",\"itemListElement\":[{\"@type\":\"ListItem\",\"position\":1,\"name\":\"Home\",\"item\":\"https:\\\/\\\/akunq.net\\\/tr\"},{\"@type\":\"ListItem\",\"position\":2,\"name\":\"Bergama\u2019da Roman Mahallesi: Her evden bir m\u00fczik aleti \u00e7\u0131k\u0131yor\"}]},{\"@type\":\"WebSite\",\"@id\":\"https:\\\/\\\/akunq.net\\\/tr\\\/#website\",\"url\":\"https:\\\/\\\/akunq.net\\\/tr\\\/\",\"name\":\"Bati Ermenistan Ve Bati Ermenileri Sorunlari Ara\u015ftirmalar Merkezi\",\"description\":\"\",\"potentialAction\":[{\"@type\":\"SearchAction\",\"target\":{\"@type\":\"EntryPoint\",\"urlTemplate\":\"https:\\\/\\\/akunq.net\\\/tr\\\/?s={search_term_string}\"},\"query-input\":{\"@type\":\"PropertyValueSpecification\",\"valueRequired\":true,\"valueName\":\"search_term_string\"}}],\"inLanguage\":\"en-US\"},{\"@type\":\"Person\",\"@id\":\"https:\\\/\\\/akunq.net\\\/tr\\\/#\\\/schema\\\/person\\\/096f1d38a12cce57fb855b485ed24c9e\",\"name\":\"admin\",\"url\":\"https:\\\/\\\/akunq.net\\\/tr\\\/?author=7\"}]}<\/script>\n<!-- \/ Yoast SEO plugin. -->","yoast_head_json":{"title":"Bergama\u2019da Roman Mahallesi: Her evden bir m\u00fczik aleti \u00e7\u0131k\u0131yor - Bati Ermenistan Ve Bati Ermenileri Sorunlari Ara\u015ftirmalar Merkezi","robots":{"index":"index","follow":"follow","max-snippet":"max-snippet:-1","max-image-preview":"max-image-preview:large","max-video-preview":"max-video-preview:-1"},"canonical":"https:\/\/akunq.net\/tr\/?p=69061","og_locale":"en_US","og_type":"article","og_title":"Bergama\u2019da Roman Mahallesi: Her evden bir m\u00fczik aleti \u00e7\u0131k\u0131yor - Bati Ermenistan Ve Bati Ermenileri Sorunlari Ara\u015ftirmalar Merkezi","og_description":"Roman m\u00fczi\u011finin kalbinin att\u0131\u011f\u0131 yerden, Atmaca Mahallesi\u2019nden klarnet ustas\u0131 Ferit Benli anlat\u0131yor: \u201cHepimiz aileden alayl\u0131y\u0131z. Ama t\u00fcm gayretimiz, bizden sonraki ku\u015faklar\u0131n okullu, e\u011fitimli olmas\u0131\u2026\u201d \u00d6zg\u00fcr Duygu Durgun DUVAR &#8211; Bergama\u2019da yer alan Atmaca Mahallesi, Roman k\u00fclt\u00fcr\u00fcne ev sahipli\u011fi yap\u0131yor. Bergama\u2019n\u0131n \u201cen ne\u015feli, en deli dolu\u201d mahallesi olarak tan\u0131mlanan Atmaca, m\u00fczisyenleri ile me\u015fhur. Ferit Benli, Bergama [&hellip;]","og_url":"https:\/\/akunq.net\/tr\/?p=69061","og_site_name":"Bati Ermenistan Ve Bati Ermenileri Sorunlari Ara\u015ftirmalar Merkezi","article_published_time":"2022-06-21T09:08:17+00:00","og_image":[{"width":1280,"height":720,"url":"https:\/\/akunq.net\/tr\/wp-content\/uploads\/sites\/6\/2022\/06\/Bergamada-Roman-Mahallesi.jpg","type":"image\/jpeg"}],"author":"admin","twitter_card":"summary_large_image","twitter_misc":{"Written by":"admin","Est. reading time":"7 minutes"},"schema":{"@context":"https:\/\/schema.org","@graph":[{"@type":"Article","@id":"https:\/\/akunq.net\/tr\/?p=69061#article","isPartOf":{"@id":"https:\/\/akunq.net\/tr\/?p=69061"},"author":{"name":"admin","@id":"https:\/\/akunq.net\/tr\/#\/schema\/person\/096f1d38a12cce57fb855b485ed24c9e"},"headline":"Bergama\u2019da Roman Mahallesi: Her evden bir m\u00fczik aleti \u00e7\u0131k\u0131yor","datePublished":"2022-06-21T09:08:17+00:00","mainEntityOfPage":{"@id":"https:\/\/akunq.net\/tr\/?p=69061"},"wordCount":1481,"commentCount":0,"image":{"@id":"https:\/\/akunq.net\/tr\/?p=69061#primaryimage"},"thumbnailUrl":"https:\/\/akunq.net\/tr\/wp-content\/uploads\/sites\/6\/2022\/06\/Bergamada-Roman-Mahallesi.jpg","articleSection":["Haberler","T\u00fcrkiye\u2019de Az\u0131nl\u0131klar"],"inLanguage":"en-US","potentialAction":[{"@type":"CommentAction","name":"Comment","target":["https:\/\/akunq.net\/tr\/?p=69061#respond"]}]},{"@type":"WebPage","@id":"https:\/\/akunq.net\/tr\/?p=69061","url":"https:\/\/akunq.net\/tr\/?p=69061","name":"Bergama\u2019da Roman Mahallesi: Her evden bir m\u00fczik aleti \u00e7\u0131k\u0131yor - Bati Ermenistan Ve Bati Ermenileri Sorunlari Ara\u015ftirmalar Merkezi","isPartOf":{"@id":"https:\/\/akunq.net\/tr\/#website"},"primaryImageOfPage":{"@id":"https:\/\/akunq.net\/tr\/?p=69061#primaryimage"},"image":{"@id":"https:\/\/akunq.net\/tr\/?p=69061#primaryimage"},"thumbnailUrl":"https:\/\/akunq.net\/tr\/wp-content\/uploads\/sites\/6\/2022\/06\/Bergamada-Roman-Mahallesi.jpg","datePublished":"2022-06-21T09:08:17+00:00","author":{"@id":"https:\/\/akunq.net\/tr\/#\/schema\/person\/096f1d38a12cce57fb855b485ed24c9e"},"breadcrumb":{"@id":"https:\/\/akunq.net\/tr\/?p=69061#breadcrumb"},"inLanguage":"en-US","potentialAction":[{"@type":"ReadAction","target":["https:\/\/akunq.net\/tr\/?p=69061"]}]},{"@type":"ImageObject","inLanguage":"en-US","@id":"https:\/\/akunq.net\/tr\/?p=69061#primaryimage","url":"https:\/\/akunq.net\/tr\/wp-content\/uploads\/sites\/6\/2022\/06\/Bergamada-Roman-Mahallesi.jpg","contentUrl":"https:\/\/akunq.net\/tr\/wp-content\/uploads\/sites\/6\/2022\/06\/Bergamada-Roman-Mahallesi.jpg","width":1280,"height":720},{"@type":"BreadcrumbList","@id":"https:\/\/akunq.net\/tr\/?p=69061#breadcrumb","itemListElement":[{"@type":"ListItem","position":1,"name":"Home","item":"https:\/\/akunq.net\/tr"},{"@type":"ListItem","position":2,"name":"Bergama\u2019da Roman Mahallesi: Her evden bir m\u00fczik aleti \u00e7\u0131k\u0131yor"}]},{"@type":"WebSite","@id":"https:\/\/akunq.net\/tr\/#website","url":"https:\/\/akunq.net\/tr\/","name":"Bati Ermenistan Ve Bati Ermenileri Sorunlari Ara\u015ftirmalar Merkezi","description":"","potentialAction":[{"@type":"SearchAction","target":{"@type":"EntryPoint","urlTemplate":"https:\/\/akunq.net\/tr\/?s={search_term_string}"},"query-input":{"@type":"PropertyValueSpecification","valueRequired":true,"valueName":"search_term_string"}}],"inLanguage":"en-US"},{"@type":"Person","@id":"https:\/\/akunq.net\/tr\/#\/schema\/person\/096f1d38a12cce57fb855b485ed24c9e","name":"admin","url":"https:\/\/akunq.net\/tr\/?author=7"}]}},"_links":{"self":[{"href":"https:\/\/akunq.net\/tr\/index.php?rest_route=\/wp\/v2\/posts\/69061","targetHints":{"allow":["GET"]}}],"collection":[{"href":"https:\/\/akunq.net\/tr\/index.php?rest_route=\/wp\/v2\/posts"}],"about":[{"href":"https:\/\/akunq.net\/tr\/index.php?rest_route=\/wp\/v2\/types\/post"}],"author":[{"embeddable":true,"href":"https:\/\/akunq.net\/tr\/index.php?rest_route=\/wp\/v2\/users\/7"}],"replies":[{"embeddable":true,"href":"https:\/\/akunq.net\/tr\/index.php?rest_route=%2Fwp%2Fv2%2Fcomments&post=69061"}],"version-history":[{"count":1,"href":"https:\/\/akunq.net\/tr\/index.php?rest_route=\/wp\/v2\/posts\/69061\/revisions"}],"predecessor-version":[{"id":69063,"href":"https:\/\/akunq.net\/tr\/index.php?rest_route=\/wp\/v2\/posts\/69061\/revisions\/69063"}],"wp:featuredmedia":[{"embeddable":true,"href":"https:\/\/akunq.net\/tr\/index.php?rest_route=\/wp\/v2\/media\/69062"}],"wp:attachment":[{"href":"https:\/\/akunq.net\/tr\/index.php?rest_route=%2Fwp%2Fv2%2Fmedia&parent=69061"}],"wp:term":[{"taxonomy":"category","embeddable":true,"href":"https:\/\/akunq.net\/tr\/index.php?rest_route=%2Fwp%2Fv2%2Fcategories&post=69061"},{"taxonomy":"post_tag","embeddable":true,"href":"https:\/\/akunq.net\/tr\/index.php?rest_route=%2Fwp%2Fv2%2Ftags&post=69061"}],"curies":[{"name":"wp","href":"https:\/\/api.w.org\/{rel}","templated":true}]}}