{"id":69052,"date":"2022-06-21T03:17:05","date_gmt":"2022-06-21T08:17:05","guid":{"rendered":"https:\/\/akunq.net\/tr\/?p=69052"},"modified":"2022-06-21T03:17:05","modified_gmt":"2022-06-21T08:17:05","slug":"patrik-masalyan-yeni-secim-yonetmeligini-degerlendirdi","status":"publish","type":"post","link":"https:\/\/akunq.net\/tr\/?p=69052","title":{"rendered":"Patrik Ma\u015falyan yeni se\u00e7im y\u00f6netmeli\u011fini de\u011ferlendirdi"},"content":{"rendered":"<p><img loading=\"lazy\" decoding=\"async\" class=\"aligncenter size-medium wp-image-69053\" src=\"https:\/\/akunq.net\/tr\/wp-content\/uploads\/2022\/06\/Patrik-Masalyan-360x203.jpg\" alt=\"\" width=\"360\" height=\"203\" srcset=\"https:\/\/akunq.net\/tr\/wp-content\/uploads\/sites\/6\/2022\/06\/Patrik-Masalyan-360x203.jpg 360w, https:\/\/akunq.net\/tr\/wp-content\/uploads\/sites\/6\/2022\/06\/Patrik-Masalyan-768x432.jpg 768w, https:\/\/akunq.net\/tr\/wp-content\/uploads\/sites\/6\/2022\/06\/Patrik-Masalyan-560x315.jpg 560w, https:\/\/akunq.net\/tr\/wp-content\/uploads\/sites\/6\/2022\/06\/Patrik-Masalyan-260x146.jpg 260w, https:\/\/akunq.net\/tr\/wp-content\/uploads\/sites\/6\/2022\/06\/Patrik-Masalyan-160x90.jpg 160w, https:\/\/akunq.net\/tr\/wp-content\/uploads\/sites\/6\/2022\/06\/Patrik-Masalyan.jpg 864w\" sizes=\"auto, (max-width: 360px) 100vw, 360px\" \/><\/p>\n<p><em><strong>T\u00fcrkiye Ermenileri Patri\u011fi Sahak Ma\u015falyan ge\u00e7ti\u011fimiz haftasonu Resmi Gazete&#8217;de yay\u0131nlanan Az\u0131nl\u0131k Vak\u0131flar\u0131 Se\u00e7im Y\u00f6netmeli\u011fi&#8217;ni de\u011ferlendirdi. Yeni y\u00f6netmelik Az\u0131nl\u0131k Vak\u0131flar\u0131&#8217;na bu y\u0131l\u0131n sonuna kadar y\u00f6netim kurullar\u0131n\u0131 se\u00e7imle belirleme imkan\u0131 getiriyor. Patrik Ma\u015falyan y\u00f6netmelikte mu\u011flak durumlar\u0131n Vak\u0131flar Genel M\u00fcd\u00fcrl\u00fc\u011f\u00fc taraf\u0131ndan a\u00e7\u0131kl\u0131\u011fa kavu\u015fturulmas\u0131 beklentisini dile getirirken topluma da seslenerek &#8220;Cemaatimize tavsiyemiz, barda\u011f\u0131n dolu k\u0131sm\u0131n\u0131 g\u00f6rerek bir an \u00f6nce se\u00e7imlere haz\u0131rlanmakt\u0131r. Zaman kaybetmeye tahamm\u00fcl\u00fc olmayan s\u00fcre\u00e7lerden ge\u00e7iyoruz. Toparlanman\u0131n ve yeniden yap\u0131lanman\u0131n tam zaman\u0131d\u0131r&#8221; dedi.<\/strong><\/em><\/p>\n<p><em>Patrik Ma\u015falyan&#8217;\u0131n yaz\u0131l\u0131 a\u00e7\u0131klamas\u0131 \u015f\u00f6yle:\u00a0<\/em><\/p>\n<p>&#8220;Cemaat Vak\u0131flar\u0131 Se\u00e7im Y\u00f6netmeli\u011fi beklenildi\u011fi \u00fczere cemaatimiz aras\u0131nda yeni bir heyecan ve memnuniyet dalgas\u0131 yaratm\u0131\u015ft\u0131r. 2013 y\u0131l\u0131nda iptal edilen y\u00f6netmeli\u011fin yenilenmesiyle ilgili olarak Say\u0131n Cumhurba\u015fkan\u0131m\u0131z Recep Tayyip Erdo\u011fan, 2 Mart 2021 tarihinde \u0130nsan Haklar\u0131 Eylem Plan\u0131&#8217;n\u0131 a\u00e7\u0131klayarak gayrim\u00fcslim cemaat vak\u0131flar\u0131 y\u00f6netim kurullar\u0131n\u0131n olu\u015fturulmas\u0131 ve se\u00e7imine ili\u015fkin Vak\u0131flar Y\u00f6netmeli\u011fi&#8217;nde d\u00fczenleme yap\u0131laca\u011f\u0131n\u0131 beyan etmi\u015flerdi. Bu y\u00f6netmelikle di\u011fer az\u0131nl\u0131k cemaatlerinde oldu\u011fu gibi Ermeni toplumunda da yeni bir d\u00f6nemin a\u00e7\u0131laca\u011f\u0131 \u015f\u00fcphesizdir. Eski y\u00f6netmelikten farkl\u0131 olarak iki temel iyile\u015ftirmeyi yeni Y\u00f6netmelikte tespit etmekteyiz.<\/p>\n<p>\u00d6ncelikle as\u0131l \u015fik\u00e2yet konumuz olan se\u00e7im \u00e7evrelerinin geni\u015fletilmesi talebimizi Y\u00f6netmelik b\u00fcy\u00fck \u00f6l\u00e7\u00fcde kar\u015f\u0131lamaktad\u0131r. Halk\u0131 azalm\u0131\u015f semtlerin ve baz\u0131 b\u00fcy\u00fck gelirlere sahip vak\u0131flar\u0131m\u0131z\u0131n\u00a0 \u00a0y\u00f6netimlerini tekrar halk\u0131n denetimine sokacak oy \u00e7oklu\u011funu yeni Y\u00f6netmelik art\u0131k sa\u011flamaktad\u0131r.<\/p>\n<p><em>MADDE 6- (1) Se\u00e7im \u00e7evresi, cemaat vakf\u0131n\u0131n bulundu\u011fu ildir. \u0130stanbul ili i\u00e7in se\u00e7im \u00e7evresinin belirlenmesinde, milletvekili se\u00e7imlerinde uygulanan se\u00e7im \u00e7evreleri esas al\u0131n\u0131r.\u00a0<\/em><\/p>\n<p>B\u00f6ylece \u0130stanbul ili s\u0131n\u0131rlar\u0131nda \u00fc\u00e7 b\u00f6lgeye da\u011f\u0131lm\u0131\u015f vak\u0131flar\u0131m\u0131zda binlerce oy kullan\u0131larak se\u00e7ilecek y\u00f6netim kurullar\u0131n\u0131n halk\u0131n iradesi ve talepleri do\u011frultusunda g\u00f6rev yapmalar\u0131 m\u00fcmk\u00fcn olacakt\u0131r.<\/p>\n<p>Yeni Y\u00f6netmeli\u011fin ikinci iyile\u015ftirilmesi Se\u00e7im tertip heyetinin olu\u015fumuyla ilgidir. Se\u00e7ime gidilirken mevcut vak\u0131f y\u00f6netiminin belirledi\u011fi tertip heyetleri bir ba\u015fka ele\u015ftiri ve \u015fik\u00e2yet konusuydu. \u00c7\u00fcnk\u00fc tekrar se\u00e7ilmek isteyen vak\u0131f y\u00f6netimlerinin kontrol\u00fcnde olu\u015fan tarafgir se\u00e7im tertip heyetleri beklenilen tarafs\u0131zl\u0131k, saydaml\u0131k ve hesap verebilirlik konular\u0131nda yeterli olam\u0131yorlard\u0131. Yeni Y\u00f6netmeli\u011fe, se\u00e7imlerde hem vak\u0131f y\u00f6netiminin semt tecr\u00fcbesini i\u015fin i\u00e7ine katacak ama ayn\u0131 zamanda se\u00e7imi onlar\u0131n mutlak kontrol\u00fcnden \u00e7\u0131karacak maddeler koyulmu\u015f oldu\u011funu g\u00f6r\u00fcyoruz.<\/p>\n<p><em>MADDE 11- (2) Se\u00e7im tertip heyeti; her bir se\u00e7im i\u00e7in, be\u015f as\u0131l, iki yedek \u00fcyeden olu\u015fur. (3) Se\u00e7im tertip heyeti as\u0131l ve yedek \u00fcyelerinin en fazla ikisi mevcut vak\u0131f y\u00f6netim kurulu \u00fcyelerinden olabilir. (5) Se\u00e7im tertip heyetinde olanlar, yap\u0131lacak se\u00e7imde y\u00f6netim kuruluna aday olamazlar.<\/em><\/p>\n<p>Elbette se\u00e7imlerin b\u00f6lgeye geni\u015fletilmesi her bir vakf\u0131n se\u00e7iminin b\u00f6lge \u00e7ap\u0131nda planlanmas\u0131n\u0131 gerektirdi\u011finden b\u00f6lgesel bir se\u00e7im kurulunun atayaca\u011f\u0131 tarafs\u0131z \u00fcyeler sayesinde tertip heyetlerinden beklenilen g\u00fcvenilir, tarafs\u0131z ve saydam se\u00e7im s\u00fcre\u00e7leri ger\u00e7ekle\u015ftirilebilir. Aksi takdirde, e\u011fer tertip heyetinin be\u015f \u00fcyesinden ikisi vak\u0131f y\u00f6netiminden olacak ve di\u011fer \u00fc\u00e7 \u00fcyesini de vak\u0131f y\u00f6netimi kendi atayacaksa ayn\u0131 sorunlar\u0131 tekrar ya\u015fayaca\u011f\u0131m\u0131z g\u00fcn gibi a\u015fikard\u0131r. Bu ve ba\u015fka konularda mu\u011flak noktalar\u0131n Vak\u0131flar Genel M\u00fcd\u00fcrl\u00fc\u011f\u00fcyle ayd\u0131nl\u0131\u011fa kavu\u015fturulmas\u0131nda yarar oldu\u011fu g\u00f6r\u00fc\u015f\u00fcndeyiz. Say\u0131lar\u0131 olduk\u00e7a azalan az\u0131nl\u0131k cemaatleri i\u00e7in koyuldu\u011funu d\u00fc\u015f\u00fcnd\u00fc\u011f\u00fcm\u00fcz madde, onlar\u0131n di\u011fer az\u0131nl\u0131k cemaatlerinden de se\u00e7im tertip heyetine \u00fcye almalar\u0131n\u0131n \u00f6n\u00fcn\u00fc a\u00e7maktad\u0131r.<\/p>\n<p><em>(4) Se\u00e7im tertip heyeti \u00fcyelerinde ayn\u0131 cemaat mensubu olma zorunlulu\u011fu aranmaz.\u00a0<\/em><\/p>\n<p><strong>&#8220;Hastane se\u00e7imlerinde hak kayb\u0131 olmayacak&#8221;<\/strong><\/p>\n<p>Hastane vak\u0131f se\u00e7imlerini bir istisna olarak ele alan Y\u00f6netmeli\u011fin baz\u0131 kesimlerce \u015f\u00fcpheyle kar\u015f\u0131land\u0131\u011f\u0131 ve yo\u011fun bir \u015fekilde ele\u015ftirildi\u011fini g\u00f6rmekteyiz.<\/p>\n<p><em>MADDE 15- (1) Hastanesi olan cemaat vak\u0131flar\u0131n\u0131n y\u00f6netim kurullar\u0131n\u0131n se\u00e7imlerine ili\u015fkin usul ve esaslar bu Y\u00f6netmeli\u011fin y\u00fcr\u00fcrl\u00fc\u011fe girdi\u011fi tarihten itibaren bir y\u0131l i\u00e7inde Sa\u011fl\u0131k Bakanl\u0131\u011f\u0131n\u0131n olumlu g\u00f6r\u00fc\u015f\u00fc do\u011frultusunda d\u00fczenlenen Y\u00f6netmelikle belirlenir. Bu vak\u0131flar\u0131n y\u00f6netim kurulu se\u00e7imlerinin 31\/12\/2023 tarihine kadar sonu\u00e7land\u0131r\u0131lmas\u0131 esast\u0131r.<\/em><\/p>\n<p>Resmi mercilerden bize iletilen s\u00f6zl\u00fc beyanlar, bu istisnan\u0131n asla bir hak kayb\u0131yla sonu\u00e7lanmayaca\u011f\u0131, tam tersine Sa\u011fl\u0131k Bakanl\u0131\u011f\u0131yla entegre olmu\u015f ve onun olanaklar\u0131yla desteklenecek cemaat vak\u0131f hastanelerinin daha etkin hizmet vermesinin \u00f6n\u00fcn\u00fcn a\u00e7\u0131laca\u011f\u0131 y\u00f6n\u00fcndedir.<\/p>\n<p>Y\u00f6netmelik yeni oldu\u011fundan, arzulanan rand\u0131man\u0131 zamanla verecektir. Ermeni ve di\u011fer az\u0131nl\u0131k cemaatlerinin birbirleriyle ve Vak\u0131flar Genel M\u00fcd\u00fcrl\u00fc\u011f\u00fcyle s\u00fcrd\u00fcrecekleri yap\u0131c\u0131 diyaloglar\u0131n bu a\u015famada \u00e7ok elzem ve de\u011ferli oldu\u011funa inan\u0131yoruz. Bu s\u00fcreci yak\u0131ndan takip edenler olarak, yetkililerin her zaman \u00e7\u00f6z\u00fcm odakl\u0131 olduklar\u0131na ve sorunlar\u0131n giderilmesinde her t\u00fcrl\u00fc kolayl\u0131\u011f\u0131 g\u00f6sterdiklerine tan\u0131k olduk. Ayn\u0131 yakla\u015f\u0131m\u0131 Y\u00f6netmelikteki belirsizliklerin ayd\u0131nlat\u0131lmas\u0131nda ve varsa e\u011fer eksiklerin tamamlanmas\u0131nda da g\u00f6stereceklerine inan\u0131yoruz. Bu anlamda ihtiya\u00e7lar\u0131m\u0131z\u0131 kar\u015f\u0131layan bu Y\u00f6netmeli\u011fin haz\u0131rlanmas\u0131nda katk\u0131s\u0131 bulunan K\u00fclt\u00fcr ve Turizm Bakanl\u0131\u011f\u0131na, Vak\u0131flar Genel M\u00fcd\u00fcrl\u00fc\u011f\u00fcne ve \u0130\u00e7i\u015fleri Bakanl\u0131\u011f\u0131na say\u0131n Cumhurba\u015fkan\u0131m\u0131z Recep Tayyip Erdo\u011fan \u015fahs\u0131nda te\u015fekk\u00fcrlerimizi sunuyoruz.<\/p>\n<p>Cemaatimize tavsiyemiz, barda\u011f\u0131n dolu k\u0131sm\u0131n\u0131 g\u00f6rerek bir an \u00f6nce se\u00e7imlere haz\u0131rlanmakt\u0131r. Zaman kaybetmeye tahamm\u00fcl\u00fc olmayan s\u00fcre\u00e7lerden ge\u00e7iyoruz. Toparlanman\u0131n ve yeniden yap\u0131lanman\u0131n tam zaman\u0131d\u0131r. Uzun y\u0131llard\u0131r vak\u0131flar\u0131m\u0131z\u0131n sorumlulu\u011funu s\u0131rtlanm\u0131\u015f y\u00f6netimlere \u015fahs\u0131m ve cemaatim ad\u0131na te\u015fekk\u00fcrlerimi ve takdirlerimi sunuyorum. Onlar\u0131 \u015ferefli hizmetlerini ta\u00e7land\u0131racak yeni bir se\u00e7im d\u00f6nemi bekliyor. Eminim onlar\u0131n pek \u00e7o\u011fu hizmet yar\u0131\u015f\u0131nda bayra\u011f\u0131 yeni gelenlere teslim etmek istiyor. Bu se\u00e7imlerin d\u00fczenli yap\u0131lmas\u0131, se\u00e7men listelerinin m\u00fckemmelle\u015ftirilmesi ve tarafs\u0131z se\u00e7im tertip heyetleri olu\u015fturulmas\u0131 gibi ciddi g\u00f6revler vak\u0131f y\u00f6netimlerini beklemektedir.<\/p>\n<p>\u00c7ocuklar\u0131m\u0131z ve gen\u00e7lerimize daha g\u00fczel bir gelecek kurabilmek i\u00e7in vak\u0131flar\u0131m\u0131zda birikmi\u015f olan atalar\u0131m\u0131z\u0131n miras\u0131n\u0131 en ak\u0131lc\u0131 bi\u00e7imde kullanmak zorunlulu\u011fuyla kar\u015f\u0131 kar\u015f\u0131yay\u0131z.\u00a0 Halk\u0131m\u0131z i\u00e7inde y\u00f6neticilik vasf\u0131, deneyimi ve arzusu olan evlatlar\u0131m\u0131z\u0131 g\u00f6reve davet ediyoruz. Sadece ele\u015ftiri ve \u015fik\u00e2yetin kolayc\u0131l\u0131\u011f\u0131na sar\u0131larak duyarl\u0131 vatanda\u015flar olunaca\u011f\u0131 zann\u0131na kimse kap\u0131lmas\u0131n. Toplumuna k\u00fcsmek ve onun sorunlar\u0131na s\u0131rt \u00e7evirmek i\u00e7in herkes bir bahane bulabilir. Ama tarih elini ta\u015f\u0131n alt\u0131na koyacak, halk\u0131n\u0131n yazg\u0131s\u0131nda s\u00f6z sahibi olmak isteyenlerin sahaya \u00e7\u0131kmas\u0131n\u0131 bekliyor. \u0130\u015fte, y\u0131llard\u0131r ele\u015ftirdiklerinizi d\u00fczeltme olana\u011f\u0131 kar\u015f\u0131n\u0131za \u00e7\u0131kt\u0131. Y\u00fczlerce vak\u0131f y\u00f6neticisine ihtiyac\u0131m\u0131z var. Herkesi geli\u015fmelere kar\u015f\u0131 duyarl\u0131 ve merakl\u0131 olmaya \u00e7a\u011f\u0131r\u0131yoruz. Birbirimizi olup bitenlerden l\u00fctfen haberdar edelim. Bu se\u00e7imlere ili\u015fkin toplumsal bir sinerji ve heyecan yaratal\u0131m. G\u00fczel g\u00fcnlere dair umudumuzu tazeleyelim. Huzur i\u00e7inde, kadim bir halka yara\u015f\u0131r olgunlukta ve en yetenekli evlatlar\u0131n\u0131 y\u00f6neticili\u011fe y\u00fckseltecek bir se\u00e7imi Y\u00fcce Tanr\u0131 bize nasip etsin.<\/p>\n<p>Tanr\u0131 yard\u0131mc\u0131m\u0131z olsun.&#8221;<\/p>\n<p><em><strong>https:\/\/www.agos.com.tr\/tr\/yazi\/27220\/patrik-masalyan-yeni-secim-yonetmeligini-degerlendirdi\u00a0<\/strong><\/em><\/p>\n","protected":false},"excerpt":{"rendered":"<p>T\u00fcrkiye Ermenileri Patri\u011fi Sahak Ma\u015falyan ge\u00e7ti\u011fimiz haftasonu Resmi Gazete&#8217;de yay\u0131nlanan Az\u0131nl\u0131k Vak\u0131flar\u0131 Se\u00e7im Y\u00f6netmeli\u011fi&#8217;ni de\u011ferlendirdi. Yeni y\u00f6netmelik Az\u0131nl\u0131k Vak\u0131flar\u0131&#8217;na bu y\u0131l\u0131n sonuna kadar y\u00f6netim kurullar\u0131n\u0131 se\u00e7imle belirleme imkan\u0131 getiriyor. Patrik Ma\u015falyan y\u00f6netmelikte mu\u011flak durumlar\u0131n Vak\u0131flar Genel M\u00fcd\u00fcrl\u00fc\u011f\u00fc taraf\u0131ndan a\u00e7\u0131kl\u0131\u011fa kavu\u015fturulmas\u0131 beklentisini dile getirirken topluma da seslenerek &#8220;Cemaatimize tavsiyemiz, barda\u011f\u0131n dolu k\u0131sm\u0131n\u0131 g\u00f6rerek bir an \u00f6nce [&hellip;]<\/p>\n","protected":false},"author":7,"featured_media":69053,"comment_status":"open","ping_status":"open","sticky":false,"template":"","format":"standard","meta":{"footnotes":""},"categories":[1],"tags":[],"class_list":["post-69052","post","type-post","status-publish","format-standard","has-post-thumbnail","hentry","category-haberler"],"yoast_head":"<!-- This site is optimized with the Yoast SEO plugin v27.4 - https:\/\/yoast.com\/product\/yoast-seo-wordpress\/ -->\n<title>Patrik Ma\u015falyan yeni se\u00e7im y\u00f6netmeli\u011fini de\u011ferlendirdi - Bati Ermenistan Ve Bati Ermenileri Sorunlari Ara\u015ftirmalar Merkezi<\/title>\n<meta name=\"robots\" content=\"index, follow, max-snippet:-1, max-image-preview:large, max-video-preview:-1\" \/>\n<link rel=\"canonical\" href=\"https:\/\/akunq.net\/tr\/?p=69052\" \/>\n<meta property=\"og:locale\" content=\"en_US\" \/>\n<meta property=\"og:type\" content=\"article\" \/>\n<meta property=\"og:title\" content=\"Patrik Ma\u015falyan yeni se\u00e7im y\u00f6netmeli\u011fini de\u011ferlendirdi - Bati Ermenistan Ve Bati Ermenileri Sorunlari Ara\u015ftirmalar Merkezi\" \/>\n<meta property=\"og:description\" content=\"T\u00fcrkiye Ermenileri Patri\u011fi Sahak Ma\u015falyan ge\u00e7ti\u011fimiz haftasonu Resmi Gazete&#8217;de yay\u0131nlanan Az\u0131nl\u0131k Vak\u0131flar\u0131 Se\u00e7im Y\u00f6netmeli\u011fi&#8217;ni de\u011ferlendirdi. Yeni y\u00f6netmelik Az\u0131nl\u0131k Vak\u0131flar\u0131&#8217;na bu y\u0131l\u0131n sonuna kadar y\u00f6netim kurullar\u0131n\u0131 se\u00e7imle belirleme imkan\u0131 getiriyor. Patrik Ma\u015falyan y\u00f6netmelikte mu\u011flak durumlar\u0131n Vak\u0131flar Genel M\u00fcd\u00fcrl\u00fc\u011f\u00fc taraf\u0131ndan a\u00e7\u0131kl\u0131\u011fa kavu\u015fturulmas\u0131 beklentisini dile getirirken topluma da seslenerek &#8220;Cemaatimize tavsiyemiz, barda\u011f\u0131n dolu k\u0131sm\u0131n\u0131 g\u00f6rerek bir an \u00f6nce [&hellip;]\" \/>\n<meta property=\"og:url\" content=\"https:\/\/akunq.net\/tr\/?p=69052\" \/>\n<meta property=\"og:site_name\" content=\"Bati Ermenistan Ve Bati Ermenileri Sorunlari Ara\u015ftirmalar Merkezi\" \/>\n<meta property=\"article:published_time\" content=\"2022-06-21T08:17:05+00:00\" \/>\n<meta property=\"og:image\" content=\"https:\/\/akunq.net\/tr\/wp-content\/uploads\/sites\/6\/2022\/06\/Patrik-Masalyan.jpg\" \/>\n\t<meta property=\"og:image:width\" content=\"864\" \/>\n\t<meta property=\"og:image:height\" content=\"486\" \/>\n\t<meta property=\"og:image:type\" content=\"image\/jpeg\" \/>\n<meta name=\"author\" content=\"admin\" \/>\n<meta name=\"twitter:card\" content=\"summary_large_image\" \/>\n<meta name=\"twitter:label1\" content=\"Written by\" \/>\n\t<meta name=\"twitter:data1\" content=\"admin\" \/>\n\t<meta name=\"twitter:label2\" content=\"Est. reading time\" \/>\n\t<meta name=\"twitter:data2\" content=\"7 minutes\" \/>\n<script type=\"application\/ld+json\" class=\"yoast-schema-graph\">{\"@context\":\"https:\\\/\\\/schema.org\",\"@graph\":[{\"@type\":\"Article\",\"@id\":\"https:\\\/\\\/akunq.net\\\/tr\\\/?p=69052#article\",\"isPartOf\":{\"@id\":\"https:\\\/\\\/akunq.net\\\/tr\\\/?p=69052\"},\"author\":{\"name\":\"admin\",\"@id\":\"https:\\\/\\\/akunq.net\\\/tr\\\/#\\\/schema\\\/person\\\/096f1d38a12cce57fb855b485ed24c9e\"},\"headline\":\"Patrik Ma\u015falyan yeni se\u00e7im y\u00f6netmeli\u011fini de\u011ferlendirdi\",\"datePublished\":\"2022-06-21T08:17:05+00:00\",\"mainEntityOfPage\":{\"@id\":\"https:\\\/\\\/akunq.net\\\/tr\\\/?p=69052\"},\"wordCount\":1359,\"commentCount\":0,\"image\":{\"@id\":\"https:\\\/\\\/akunq.net\\\/tr\\\/?p=69052#primaryimage\"},\"thumbnailUrl\":\"https:\\\/\\\/akunq.net\\\/tr\\\/wp-content\\\/uploads\\\/sites\\\/6\\\/2022\\\/06\\\/Patrik-Masalyan.jpg\",\"articleSection\":[\"Haberler\"],\"inLanguage\":\"en-US\",\"potentialAction\":[{\"@type\":\"CommentAction\",\"name\":\"Comment\",\"target\":[\"https:\\\/\\\/akunq.net\\\/tr\\\/?p=69052#respond\"]}]},{\"@type\":\"WebPage\",\"@id\":\"https:\\\/\\\/akunq.net\\\/tr\\\/?p=69052\",\"url\":\"https:\\\/\\\/akunq.net\\\/tr\\\/?p=69052\",\"name\":\"Patrik Ma\u015falyan yeni se\u00e7im y\u00f6netmeli\u011fini de\u011ferlendirdi - Bati Ermenistan Ve Bati Ermenileri Sorunlari Ara\u015ftirmalar Merkezi\",\"isPartOf\":{\"@id\":\"https:\\\/\\\/akunq.net\\\/tr\\\/#website\"},\"primaryImageOfPage\":{\"@id\":\"https:\\\/\\\/akunq.net\\\/tr\\\/?p=69052#primaryimage\"},\"image\":{\"@id\":\"https:\\\/\\\/akunq.net\\\/tr\\\/?p=69052#primaryimage\"},\"thumbnailUrl\":\"https:\\\/\\\/akunq.net\\\/tr\\\/wp-content\\\/uploads\\\/sites\\\/6\\\/2022\\\/06\\\/Patrik-Masalyan.jpg\",\"datePublished\":\"2022-06-21T08:17:05+00:00\",\"author\":{\"@id\":\"https:\\\/\\\/akunq.net\\\/tr\\\/#\\\/schema\\\/person\\\/096f1d38a12cce57fb855b485ed24c9e\"},\"breadcrumb\":{\"@id\":\"https:\\\/\\\/akunq.net\\\/tr\\\/?p=69052#breadcrumb\"},\"inLanguage\":\"en-US\",\"potentialAction\":[{\"@type\":\"ReadAction\",\"target\":[\"https:\\\/\\\/akunq.net\\\/tr\\\/?p=69052\"]}]},{\"@type\":\"ImageObject\",\"inLanguage\":\"en-US\",\"@id\":\"https:\\\/\\\/akunq.net\\\/tr\\\/?p=69052#primaryimage\",\"url\":\"https:\\\/\\\/akunq.net\\\/tr\\\/wp-content\\\/uploads\\\/sites\\\/6\\\/2022\\\/06\\\/Patrik-Masalyan.jpg\",\"contentUrl\":\"https:\\\/\\\/akunq.net\\\/tr\\\/wp-content\\\/uploads\\\/sites\\\/6\\\/2022\\\/06\\\/Patrik-Masalyan.jpg\",\"width\":864,\"height\":486},{\"@type\":\"BreadcrumbList\",\"@id\":\"https:\\\/\\\/akunq.net\\\/tr\\\/?p=69052#breadcrumb\",\"itemListElement\":[{\"@type\":\"ListItem\",\"position\":1,\"name\":\"Home\",\"item\":\"https:\\\/\\\/akunq.net\\\/tr\"},{\"@type\":\"ListItem\",\"position\":2,\"name\":\"Patrik Ma\u015falyan yeni se\u00e7im y\u00f6netmeli\u011fini de\u011ferlendirdi\"}]},{\"@type\":\"WebSite\",\"@id\":\"https:\\\/\\\/akunq.net\\\/tr\\\/#website\",\"url\":\"https:\\\/\\\/akunq.net\\\/tr\\\/\",\"name\":\"Bati Ermenistan Ve Bati Ermenileri Sorunlari Ara\u015ftirmalar Merkezi\",\"description\":\"\",\"potentialAction\":[{\"@type\":\"SearchAction\",\"target\":{\"@type\":\"EntryPoint\",\"urlTemplate\":\"https:\\\/\\\/akunq.net\\\/tr\\\/?s={search_term_string}\"},\"query-input\":{\"@type\":\"PropertyValueSpecification\",\"valueRequired\":true,\"valueName\":\"search_term_string\"}}],\"inLanguage\":\"en-US\"},{\"@type\":\"Person\",\"@id\":\"https:\\\/\\\/akunq.net\\\/tr\\\/#\\\/schema\\\/person\\\/096f1d38a12cce57fb855b485ed24c9e\",\"name\":\"admin\",\"url\":\"https:\\\/\\\/akunq.net\\\/tr\\\/?author=7\"}]}<\/script>\n<!-- \/ Yoast SEO plugin. -->","yoast_head_json":{"title":"Patrik Ma\u015falyan yeni se\u00e7im y\u00f6netmeli\u011fini de\u011ferlendirdi - Bati Ermenistan Ve Bati Ermenileri Sorunlari Ara\u015ftirmalar Merkezi","robots":{"index":"index","follow":"follow","max-snippet":"max-snippet:-1","max-image-preview":"max-image-preview:large","max-video-preview":"max-video-preview:-1"},"canonical":"https:\/\/akunq.net\/tr\/?p=69052","og_locale":"en_US","og_type":"article","og_title":"Patrik Ma\u015falyan yeni se\u00e7im y\u00f6netmeli\u011fini de\u011ferlendirdi - Bati Ermenistan Ve Bati Ermenileri Sorunlari Ara\u015ftirmalar Merkezi","og_description":"T\u00fcrkiye Ermenileri Patri\u011fi Sahak Ma\u015falyan ge\u00e7ti\u011fimiz haftasonu Resmi Gazete&#8217;de yay\u0131nlanan Az\u0131nl\u0131k Vak\u0131flar\u0131 Se\u00e7im Y\u00f6netmeli\u011fi&#8217;ni de\u011ferlendirdi. Yeni y\u00f6netmelik Az\u0131nl\u0131k Vak\u0131flar\u0131&#8217;na bu y\u0131l\u0131n sonuna kadar y\u00f6netim kurullar\u0131n\u0131 se\u00e7imle belirleme imkan\u0131 getiriyor. Patrik Ma\u015falyan y\u00f6netmelikte mu\u011flak durumlar\u0131n Vak\u0131flar Genel M\u00fcd\u00fcrl\u00fc\u011f\u00fc taraf\u0131ndan a\u00e7\u0131kl\u0131\u011fa kavu\u015fturulmas\u0131 beklentisini dile getirirken topluma da seslenerek &#8220;Cemaatimize tavsiyemiz, barda\u011f\u0131n dolu k\u0131sm\u0131n\u0131 g\u00f6rerek bir an \u00f6nce [&hellip;]","og_url":"https:\/\/akunq.net\/tr\/?p=69052","og_site_name":"Bati Ermenistan Ve Bati Ermenileri Sorunlari Ara\u015ftirmalar Merkezi","article_published_time":"2022-06-21T08:17:05+00:00","og_image":[{"width":864,"height":486,"url":"https:\/\/akunq.net\/tr\/wp-content\/uploads\/sites\/6\/2022\/06\/Patrik-Masalyan.jpg","type":"image\/jpeg"}],"author":"admin","twitter_card":"summary_large_image","twitter_misc":{"Written by":"admin","Est. reading time":"7 minutes"},"schema":{"@context":"https:\/\/schema.org","@graph":[{"@type":"Article","@id":"https:\/\/akunq.net\/tr\/?p=69052#article","isPartOf":{"@id":"https:\/\/akunq.net\/tr\/?p=69052"},"author":{"name":"admin","@id":"https:\/\/akunq.net\/tr\/#\/schema\/person\/096f1d38a12cce57fb855b485ed24c9e"},"headline":"Patrik Ma\u015falyan yeni se\u00e7im y\u00f6netmeli\u011fini de\u011ferlendirdi","datePublished":"2022-06-21T08:17:05+00:00","mainEntityOfPage":{"@id":"https:\/\/akunq.net\/tr\/?p=69052"},"wordCount":1359,"commentCount":0,"image":{"@id":"https:\/\/akunq.net\/tr\/?p=69052#primaryimage"},"thumbnailUrl":"https:\/\/akunq.net\/tr\/wp-content\/uploads\/sites\/6\/2022\/06\/Patrik-Masalyan.jpg","articleSection":["Haberler"],"inLanguage":"en-US","potentialAction":[{"@type":"CommentAction","name":"Comment","target":["https:\/\/akunq.net\/tr\/?p=69052#respond"]}]},{"@type":"WebPage","@id":"https:\/\/akunq.net\/tr\/?p=69052","url":"https:\/\/akunq.net\/tr\/?p=69052","name":"Patrik Ma\u015falyan yeni se\u00e7im y\u00f6netmeli\u011fini de\u011ferlendirdi - Bati Ermenistan Ve Bati Ermenileri Sorunlari Ara\u015ftirmalar Merkezi","isPartOf":{"@id":"https:\/\/akunq.net\/tr\/#website"},"primaryImageOfPage":{"@id":"https:\/\/akunq.net\/tr\/?p=69052#primaryimage"},"image":{"@id":"https:\/\/akunq.net\/tr\/?p=69052#primaryimage"},"thumbnailUrl":"https:\/\/akunq.net\/tr\/wp-content\/uploads\/sites\/6\/2022\/06\/Patrik-Masalyan.jpg","datePublished":"2022-06-21T08:17:05+00:00","author":{"@id":"https:\/\/akunq.net\/tr\/#\/schema\/person\/096f1d38a12cce57fb855b485ed24c9e"},"breadcrumb":{"@id":"https:\/\/akunq.net\/tr\/?p=69052#breadcrumb"},"inLanguage":"en-US","potentialAction":[{"@type":"ReadAction","target":["https:\/\/akunq.net\/tr\/?p=69052"]}]},{"@type":"ImageObject","inLanguage":"en-US","@id":"https:\/\/akunq.net\/tr\/?p=69052#primaryimage","url":"https:\/\/akunq.net\/tr\/wp-content\/uploads\/sites\/6\/2022\/06\/Patrik-Masalyan.jpg","contentUrl":"https:\/\/akunq.net\/tr\/wp-content\/uploads\/sites\/6\/2022\/06\/Patrik-Masalyan.jpg","width":864,"height":486},{"@type":"BreadcrumbList","@id":"https:\/\/akunq.net\/tr\/?p=69052#breadcrumb","itemListElement":[{"@type":"ListItem","position":1,"name":"Home","item":"https:\/\/akunq.net\/tr"},{"@type":"ListItem","position":2,"name":"Patrik Ma\u015falyan yeni se\u00e7im y\u00f6netmeli\u011fini de\u011ferlendirdi"}]},{"@type":"WebSite","@id":"https:\/\/akunq.net\/tr\/#website","url":"https:\/\/akunq.net\/tr\/","name":"Bati Ermenistan Ve Bati Ermenileri Sorunlari Ara\u015ftirmalar Merkezi","description":"","potentialAction":[{"@type":"SearchAction","target":{"@type":"EntryPoint","urlTemplate":"https:\/\/akunq.net\/tr\/?s={search_term_string}"},"query-input":{"@type":"PropertyValueSpecification","valueRequired":true,"valueName":"search_term_string"}}],"inLanguage":"en-US"},{"@type":"Person","@id":"https:\/\/akunq.net\/tr\/#\/schema\/person\/096f1d38a12cce57fb855b485ed24c9e","name":"admin","url":"https:\/\/akunq.net\/tr\/?author=7"}]}},"_links":{"self":[{"href":"https:\/\/akunq.net\/tr\/index.php?rest_route=\/wp\/v2\/posts\/69052","targetHints":{"allow":["GET"]}}],"collection":[{"href":"https:\/\/akunq.net\/tr\/index.php?rest_route=\/wp\/v2\/posts"}],"about":[{"href":"https:\/\/akunq.net\/tr\/index.php?rest_route=\/wp\/v2\/types\/post"}],"author":[{"embeddable":true,"href":"https:\/\/akunq.net\/tr\/index.php?rest_route=\/wp\/v2\/users\/7"}],"replies":[{"embeddable":true,"href":"https:\/\/akunq.net\/tr\/index.php?rest_route=%2Fwp%2Fv2%2Fcomments&post=69052"}],"version-history":[{"count":1,"href":"https:\/\/akunq.net\/tr\/index.php?rest_route=\/wp\/v2\/posts\/69052\/revisions"}],"predecessor-version":[{"id":69054,"href":"https:\/\/akunq.net\/tr\/index.php?rest_route=\/wp\/v2\/posts\/69052\/revisions\/69054"}],"wp:featuredmedia":[{"embeddable":true,"href":"https:\/\/akunq.net\/tr\/index.php?rest_route=\/wp\/v2\/media\/69053"}],"wp:attachment":[{"href":"https:\/\/akunq.net\/tr\/index.php?rest_route=%2Fwp%2Fv2%2Fmedia&parent=69052"}],"wp:term":[{"taxonomy":"category","embeddable":true,"href":"https:\/\/akunq.net\/tr\/index.php?rest_route=%2Fwp%2Fv2%2Fcategories&post=69052"},{"taxonomy":"post_tag","embeddable":true,"href":"https:\/\/akunq.net\/tr\/index.php?rest_route=%2Fwp%2Fv2%2Ftags&post=69052"}],"curies":[{"name":"wp","href":"https:\/\/api.w.org\/{rel}","templated":true}]}}