{"id":68990,"date":"2022-06-13T05:46:30","date_gmt":"2022-06-13T10:46:30","guid":{"rendered":"https:\/\/akunq.net\/tr\/?p=68990"},"modified":"2022-06-13T05:46:30","modified_gmt":"2022-06-13T10:46:30","slug":"ilahiyatcilardan-alevi-aday-tartismalarina-yonelik-aciklama-ayrimciliga-hayir","status":"publish","type":"post","link":"https:\/\/akunq.net\/tr\/?p=68990","title":{"rendered":"\u0130lahiyat\u00e7\u0131lardan \u2018Alevi aday\u2019 tart\u0131\u015fmalar\u0131na y\u00f6nelik a\u00e7\u0131klama: Ayr\u0131mc\u0131l\u0131\u011fa hay\u0131r!"},"content":{"rendered":"<p><em><img loading=\"lazy\" decoding=\"async\" class=\"size-medium wp-image-68991 aligncenter\" src=\"https:\/\/akunq.net\/tr\/wp-content\/uploads\/2022\/06\/Alevi-360x213.jpg\" alt=\"\" width=\"360\" height=\"213\" srcset=\"https:\/\/akunq.net\/tr\/wp-content\/uploads\/sites\/6\/2022\/06\/Alevi-360x213.jpg 360w, https:\/\/akunq.net\/tr\/wp-content\/uploads\/sites\/6\/2022\/06\/Alevi-560x332.jpg 560w, https:\/\/akunq.net\/tr\/wp-content\/uploads\/sites\/6\/2022\/06\/Alevi-260x154.jpg 260w, https:\/\/akunq.net\/tr\/wp-content\/uploads\/sites\/6\/2022\/06\/Alevi-160x95.jpg 160w, https:\/\/akunq.net\/tr\/wp-content\/uploads\/sites\/6\/2022\/06\/Alevi.jpg 760w\" sizes=\"auto, (max-width: 360px) 100vw, 360px\" \/><\/em><\/p>\n<p><strong><em>Cumhurba\u015fkanl\u0131\u011f\u0131 se\u00e7imi yakla\u015f\u0131rken Millet \u0130ttifak\u0131\u2019nda kimin aday olaca\u011f\u0131 g\u00fcndemden d\u00fc\u015fm\u00fcyor. Son g\u00fcnlerde muhalefetin cumhurba\u015fkan\u0131 aday\u0131 olacak isimler \u00fczerinden yap\u0131lan \u201cAlevi aday\u201d tart\u0131\u015fmalar\u0131 geni\u015f kesimler taraf\u0131nda rahats\u0131zl\u0131k yaratt\u0131.<\/em><\/strong><\/p>\n<p><strong><em>CHP Lideri Kemal K\u0131l\u0131\u00e7daro\u011flu\u2019nun olas\u0131 adayl\u0131\u011f\u0131 \u00fczerine g\u00fcndeme gelen tart\u0131\u015fmalar \u00fczerine ilahiyat\u00e7\u0131lar a\u00e7\u0131klamada bulundu.<\/em><\/strong><\/p>\n<p><strong><em>\u0130lahiyat\u00e7\u0131lar\u0131n, \u201cSon d\u00f6nemde Alevi \u2013 S\u00fcnni farkl\u0131la\u015fmas\u0131 temelinde y\u00fcr\u00fct\u00fclmek istenen mezhep\u00e7i ayr\u0131mc\u0131l\u0131\u011fa kar\u015f\u0131 T\u00fcrkiyemizin birlik ve b\u00fct\u00fcnl\u00fc\u011f\u00fcn\u00fc savunmak i\u00e7in i\u015fbu bildirgeyi kamuoyumuza a\u00e7\u0131klamay\u0131 gerekli g\u00f6rd\u00fck\u201d ifadeleriyle yapt\u0131klar\u0131 a\u00e7\u0131klamada, \u201cTarihimizin ve k\u00fclt\u00fcr\u00fcm\u00fcz\u00fcn bir par\u00e7as\u0131 olan dinsel yorum farkl\u0131l\u0131klar\u0131 ve k\u00fclt\u00fcrel \u00e7e\u015fitlilik, \u00fclkemizin zenginli\u011fidir. Bu nedenle \u0130slam\u2019\u0131n do\u011fu\u015fundan g\u00fcn\u00fcm\u00fcze de\u011fin ya\u015fanan inan\u00e7sal ve sosyopolitik deneyimlerle te\u015fekk\u00fcl etmi\u015f olan mezhepsel ve me\u015frepsel kimlikler kesinlikle bir ayr\u0131\u015fma ve \u00f6tekile\u015ftirme sebebi olarak g\u00f6r\u00fclmemeli ve kullan\u0131lmamal\u0131d\u0131r\u201d denildi.<\/em><\/strong><\/p>\n<p><strong><em>\u0130\u015fte o a\u00e7\u0131klama:<\/em><\/strong><\/p>\n<p>AYRIMCILI\u011eA HAYIR!<\/p>\n<p>\u201cBizler; S\u00fcnni gelenekten gelen ilahiyat\u00e7\u0131lar ve \u0130mam Hatip Lisesi mezunlar\u0131 olarak; son d\u00f6nemde Alevi \u2013 S\u00fcnni farkl\u0131la\u015fmas\u0131 temelinde y\u00fcr\u00fct\u00fclmek istenen mezhep\u00e7i ayr\u0131mc\u0131l\u0131\u011fa kar\u015f\u0131 T\u00fcrkiye\u2019mizin birlik ve b\u00fct\u00fcnl\u00fc\u011f\u00fcn\u00fc savunmak i\u00e7in i\u015fbu bildirgeyi kamuoyumuza a\u00e7\u0131klamay\u0131 gerekli g\u00f6rd\u00fck.<\/p>\n<p>Tarihimizin ve k\u00fclt\u00fcr\u00fcm\u00fcz\u00fcn bir par\u00e7as\u0131 olan dinsel yorum farkl\u0131l\u0131klar\u0131 ve k\u00fclt\u00fcrel \u00e7e\u015fitlilik, \u00fclkemizin zenginli\u011fidir. Bu nedenle \u0130slam\u2019\u0131n do\u011fu\u015fundan g\u00fcn\u00fcm\u00fcze de\u011fin ya\u015fanan inan\u00e7sal ve sosyopolitik deneyimlerle te\u015fekk\u00fcl etmi\u015f olan mezhepsel ve me\u015frepsel kimlikler kesinlikle bir ayr\u0131\u015fma ve \u00f6tekile\u015ftirme sebebi olarak g\u00f6r\u00fclmemeli ve kullan\u0131lmamal\u0131d\u0131r. Zira aziz dinimiz \u0130slam tefrika dini de\u011fil vahdet dinidir. \u0130slam kesrette vahdeti, ba\u015fka bir deyimle \u00e7okluk i\u00e7inde birli\u011fi esas alan ilah\u00ee bir bar\u0131\u015f ve esenlik projesidir.<\/p>\n<p>\u00d6te yandan tarihte ya\u015fanan kimi ac\u0131lar\u0131 ka\u015f\u0131mak ve kanatmak bug\u00fcn\u00fcm\u00fcze ve gelece\u011fimize ili\u015fkin herhangi bir fayday\u0131 haiz de\u011fildir. Aksine bu t\u00fcrden yakla\u015f\u0131mlar herkes ve her kesim i\u00e7in telafisi zor zararlara sebebiyet verecektir. Bu nedenle mefsedeti de\u011fil maslahat\u0131 g\u00f6zeterek daima birlik ve b\u00fct\u00fcnl\u00fc\u011f\u00fc savunmak, karde\u015flik ve sevgiyi \u00f6\u011f\u00fctlemek, hakk\u0131 ve sabr\u0131 tavsiye etmek hepimiz i\u00e7in iman\u00ee ve \u0130slam\u00ee bir sorumluluktur.<\/p>\n<p>\u00c2lemlere rahmet olarak g\u00f6nderilen sevgili peygamberimiz Hazreti Muhammed; Medine\u2019de Mekkeli muhacirlerle Medineli ensar\u0131 karde\u015f ilan ederek \u0130slam\u2019\u0131n karde\u015flik ve esenlik d\u00fc\u015f\u00fcncesini hayata ge\u00e7irmi\u015f ve tarihin belle\u011fine nak\u015fetmi\u015ftir. Ayr\u0131ca Veda Hutbesi\u2019ndeki konu\u015fmas\u0131yla da bu karde\u015fli\u011fi ve bar\u0131\u015f\u0131k ya\u015fama projesini daha da per\u00e7inlemi\u015ftir.<\/p>\n<p>\u0130slam ay\u0131rmak ve b\u00f6lmek i\u00e7in de\u011fil birle\u015ftirmek ve b\u00fct\u00fcnle\u015ftirmek i\u00e7in vahyedilmi\u015f ilahi bir nizam olarak yolumuzu ayd\u0131nlatan s\u00f6nmez bir \u0131\u015f\u0131kt\u0131r.<\/p>\n<p>Nitekim y\u00fcce kitab\u0131m\u0131z Kur\u2019an-\u0131 Kerim\u2019in \u00c2l-i \u0130mran Suresi 103. Ayetinde \u015f\u00f6yle buyrulmaktad\u0131r:<\/p>\n<p>\u201cHep birlikte Allah\u2019\u0131n ipine s\u0131ms\u0131k\u0131 sar\u0131l\u0131n ve sak\u0131n ayr\u0131l\u0131\u011fa d\u00fc\u015fmeyin\u2026\u201d<\/p>\n<p>Bu ilahi uyar\u0131ya sadakat ve itaat, her m\u00fcminin kutsal g\u00f6revidir. Ayr\u0131l\u0131\u011fa d\u00fc\u015fmemek ve ayr\u0131mc\u0131l\u0131\u011f\u0131 reddetmek, hem bireysel hem de toplumsal anlamda M\u00fcsl\u00fcmanlar\u0131n temel d\u00fcsturlar\u0131ndand\u0131r.<\/p>\n<p>Ger\u00e7ek \u015fu ki; \u0130slam, toplumsal ve siyasal ya\u015famda e\u015fitlik ve adaleti esas almay\u0131 buyurur. Her t\u00fcrl\u00fc d\u00fczenleme ve uygulaman\u0131n adil ve e\u015fitlik\u00e7i bir anlay\u0131\u015fla ihdas edilmesi \u0130slam\u00ee bir zorunluluktur. Bu nedenle herhangi bir makama getirilecek yahut se\u00e7ilecek ki\u015finin \u0131rk\u0131na, inanc\u0131na, mezhebine, kabilesine bak\u0131lmaz. Zira sevgili peygamberimiz; \u201cemanetleri ehline veriniz\u201d diye buyurarak aranacak \u015fart\u0131n ehliyet oldu\u011funu ortaya koymu\u015ftur. Ehliyet; adaleti, liyakati, maslahat\u0131 ve me\u015fvereti i\u00e7erir.<\/p>\n<p>\u0130slam\u2019\u0131n me\u015fveret ilkesinin bir tezah\u00fcr\u00fc oldu\u011funa inand\u0131\u011f\u0131m\u0131z T\u00fcrkiye Cumhuriyeti, farkl\u0131 inan\u00e7lara ve \u00e7e\u015fitli k\u00fclt\u00fcrel kimliklere sahip yurtta\u015flar\u0131 bulunan 84 milyon n\u00fcfusa sahip aziz milletimizin bir arada ve bar\u0131\u015f i\u00e7inde ya\u015fama iradesini temsil etmektedir. Bu iradeyi zaafa u\u011fratacak g\u00f6r\u00fc\u015f ve yakla\u015f\u0131mlar kesinlikle kabul edilemez. Bireylerin \u0131rk\u0131, dili, dini ve mezhebi \u00fczerinden y\u00fcr\u00fct\u00fclecek ayr\u0131\u015ft\u0131r\u0131c\u0131 olas\u0131 propagandalar, varl\u0131k ve dirli\u011fimize kasteden me\u015fum faaliyetlerdir. Bu faaliyetlere kar\u015f\u0131 b\u00fcy\u00fck Anadolu bilgesi H\u00fcnkar Hac\u0131 Bekta\u015f Veli\u2019nin; \u201cbir olal\u0131m, iri olal\u0131m, diri olal\u0131m!\u201d s\u00f6zleri rehber edilmelidir. B\u00f6ylece ba\u015fta Bat\u0131 yay\u0131lmac\u0131l\u0131\u011f\u0131 olmak \u00fczere her t\u00fcrl\u00fc i\u00e7 ve d\u0131\u015f y\u0131k\u0131c\u0131 sald\u0131r\u0131lara kar\u015f\u0131 toplumsal yap\u0131m\u0131z daha da g\u00fc\u00e7l\u00fc hale getirilmelidir.<\/p>\n<p>Alevisi, S\u00fcnnisi, Caferisi, Hristiyan\u0131, Musevisi, inanan\u0131 ve inanmayan\u0131 ile milletimizin b\u00fct\u00fcn bireyleri de\u011ferlidir. Ge\u00e7mi\u015fi binlerce y\u0131la dayanan aziz milletimizin birlik ve b\u00fct\u00fcnl\u00fc\u011f\u00fcn\u00fc korumak, her t\u00fcrl\u00fc siyasi ve toplumsal faaliyette g\u00f6zetilmesi gereken en temel ilkemizdir. Bu ilke sa\u011fduyumuzun ve politik g\u00f6r\u00fc\u015flerimizin esas\u0131n\u0131 te\u015fkil etmelidir. Bu ba\u011flamda Alevilik ve Aleviler, t\u0131pk\u0131 di\u011fer inan\u00e7sal ve k\u00fclt\u00fcrel kimlikler gibi tarihimizin yads\u0131namaz bir ger\u00e7e\u011fi ve \u00fclkemizin en nadide de\u011ferlerindendir. Alevilik ve Alevilere kar\u015f\u0131 olas\u0131 \u00f6tekile\u015ftirme ve ayr\u0131\u015ft\u0131rmalar\u0131 kesin bir dille reddetti\u011fimizi t\u00fcm kararl\u0131l\u0131\u011f\u0131m\u0131zla a\u00e7\u0131kl\u0131yoruz.<\/p>\n<p>Bizler bu g\u00f6r\u00fc\u015f ve ilkeler \u00e7er\u00e7evesinde, siyaset \u00f6zneleri ba\u015fta olmak \u00fczere halk\u0131m\u0131z\u0131n her bir ferdini azami duyarl\u0131l\u0131\u011fa ve y\u00fcksek bir sorumluluk duygusuyla hareket etmeye \u00e7a\u011f\u0131r\u0131yoruz.<\/p>\n<p>Ya\u015fas\u0131n karde\u015fli\u011fimiz.<\/p>\n<p>Ya\u015fas\u0131n birlik ve b\u00fct\u00fcnl\u00fc\u011f\u00fcm\u00fcz.<\/p>\n<p><strong>\u0130MZACILAR:<\/strong><\/p>\n<p><em>Cemil KILI\u00c7 (\u0130lahiyat\u00e7\u0131 Yazar)<\/em><\/p>\n<p><em>Prof. Dr. \u0130srafil BALCI (\u0130lahiyat\u00e7\u0131 \u2013 akademisyen)<\/em><\/p>\n<p><em>Nazif AY (\u0130lahiyat ve Kelam Uzman\u0131- Yazar)<\/em><\/p>\n<p><em>\u0130hsan EL\u0130A\u00c7IK (\u0130lahiyat\u00e7\u0131 \u2013 Yazar)<\/em><\/p>\n<p><em>Fatma YAVUZ (\u0130lahiyat\u00e7\u0131 \u2013 Yazar)<\/em><\/p>\n<p><em>Ya\u015far KO\u00c7ER (\u0130mam Hatip mezunu- Psikolojik Dan\u0131\u015fman)<\/em><\/p>\n<p><em>Tengiz KORKMAZ (\u0130mam Hatip mezunu- Avukat)<\/em><\/p>\n<p><em>L\u00fctfullah KALEL\u0130 (\u0130lahiyat\u00e7\u0131- Yazar)<\/em><\/p>\n<p><em>G\u00fclay AKBULUT (\u0130lahiyat\u00e7\u0131 Yazar)<\/em><\/p>\n<p><em>Mehmet G\u00d6L (\u0130lahiyat\u00e7\u0131- Yazar)\u201d<\/em><\/p>\n<hr \/>\n<p><em><strong><a href=\"https:\/\/www.cumhuriyet.com.tr\/turkiye\/ilahiyatcilardan-alevi-aday-tartismalarina-yonelik-aciklama-ayrimciliga-hayir-1946479\" target=\"_blank\" rel=\"noopener\">Cumhuriyet Gazetesi<\/a><\/strong><\/em><\/p>\n","protected":false},"excerpt":{"rendered":"<p>Cumhurba\u015fkanl\u0131\u011f\u0131 se\u00e7imi yakla\u015f\u0131rken Millet \u0130ttifak\u0131\u2019nda kimin aday olaca\u011f\u0131 g\u00fcndemden d\u00fc\u015fm\u00fcyor. Son g\u00fcnlerde muhalefetin cumhurba\u015fkan\u0131 aday\u0131 olacak isimler \u00fczerinden yap\u0131lan \u201cAlevi aday\u201d tart\u0131\u015fmalar\u0131 geni\u015f kesimler taraf\u0131nda rahats\u0131zl\u0131k yaratt\u0131. CHP Lideri Kemal K\u0131l\u0131\u00e7daro\u011flu\u2019nun olas\u0131 adayl\u0131\u011f\u0131 \u00fczerine g\u00fcndeme gelen tart\u0131\u015fmalar \u00fczerine ilahiyat\u00e7\u0131lar a\u00e7\u0131klamada bulundu. \u0130lahiyat\u00e7\u0131lar\u0131n, \u201cSon d\u00f6nemde Alevi \u2013 S\u00fcnni farkl\u0131la\u015fmas\u0131 temelinde y\u00fcr\u00fct\u00fclmek istenen mezhep\u00e7i ayr\u0131mc\u0131l\u0131\u011fa kar\u015f\u0131 T\u00fcrkiyemizin [&hellip;]<\/p>\n","protected":false},"author":7,"featured_media":68991,"comment_status":"open","ping_status":"open","sticky":false,"template":"","format":"standard","meta":{"footnotes":""},"categories":[1,53],"tags":[],"class_list":["post-68990","post","type-post","status-publish","format-standard","has-post-thumbnail","hentry","category-haberler","category-turkiyede-azinliklar"],"yoast_head":"<!-- This site is optimized with the Yoast SEO plugin v27.4 - https:\/\/yoast.com\/product\/yoast-seo-wordpress\/ -->\n<title>\u0130lahiyat\u00e7\u0131lardan \u2018Alevi aday\u2019 tart\u0131\u015fmalar\u0131na y\u00f6nelik a\u00e7\u0131klama: Ayr\u0131mc\u0131l\u0131\u011fa hay\u0131r! - Bati Ermenistan Ve Bati Ermenileri Sorunlari Ara\u015ftirmalar Merkezi<\/title>\n<meta name=\"robots\" content=\"index, follow, max-snippet:-1, max-image-preview:large, max-video-preview:-1\" \/>\n<link rel=\"canonical\" href=\"https:\/\/akunq.net\/tr\/?p=68990\" \/>\n<meta property=\"og:locale\" content=\"en_US\" \/>\n<meta property=\"og:type\" content=\"article\" \/>\n<meta property=\"og:title\" content=\"\u0130lahiyat\u00e7\u0131lardan \u2018Alevi aday\u2019 tart\u0131\u015fmalar\u0131na y\u00f6nelik a\u00e7\u0131klama: Ayr\u0131mc\u0131l\u0131\u011fa hay\u0131r! - Bati Ermenistan Ve Bati Ermenileri Sorunlari Ara\u015ftirmalar Merkezi\" \/>\n<meta property=\"og:description\" content=\"Cumhurba\u015fkanl\u0131\u011f\u0131 se\u00e7imi yakla\u015f\u0131rken Millet \u0130ttifak\u0131\u2019nda kimin aday olaca\u011f\u0131 g\u00fcndemden d\u00fc\u015fm\u00fcyor. Son g\u00fcnlerde muhalefetin cumhurba\u015fkan\u0131 aday\u0131 olacak isimler \u00fczerinden yap\u0131lan \u201cAlevi aday\u201d tart\u0131\u015fmalar\u0131 geni\u015f kesimler taraf\u0131nda rahats\u0131zl\u0131k yaratt\u0131. CHP Lideri Kemal K\u0131l\u0131\u00e7daro\u011flu\u2019nun olas\u0131 adayl\u0131\u011f\u0131 \u00fczerine g\u00fcndeme gelen tart\u0131\u015fmalar \u00fczerine ilahiyat\u00e7\u0131lar a\u00e7\u0131klamada bulundu. \u0130lahiyat\u00e7\u0131lar\u0131n, \u201cSon d\u00f6nemde Alevi \u2013 S\u00fcnni farkl\u0131la\u015fmas\u0131 temelinde y\u00fcr\u00fct\u00fclmek istenen mezhep\u00e7i ayr\u0131mc\u0131l\u0131\u011fa kar\u015f\u0131 T\u00fcrkiyemizin [&hellip;]\" \/>\n<meta property=\"og:url\" content=\"https:\/\/akunq.net\/tr\/?p=68990\" \/>\n<meta property=\"og:site_name\" content=\"Bati Ermenistan Ve Bati Ermenileri Sorunlari Ara\u015ftirmalar Merkezi\" \/>\n<meta property=\"article:published_time\" content=\"2022-06-13T10:46:30+00:00\" \/>\n<meta property=\"og:image\" content=\"https:\/\/akunq.net\/tr\/wp-content\/uploads\/sites\/6\/2022\/06\/Alevi.jpg\" \/>\n\t<meta property=\"og:image:width\" content=\"760\" \/>\n\t<meta property=\"og:image:height\" content=\"450\" \/>\n\t<meta property=\"og:image:type\" content=\"image\/jpeg\" \/>\n<meta name=\"author\" content=\"admin\" \/>\n<meta name=\"twitter:card\" content=\"summary_large_image\" \/>\n<meta name=\"twitter:label1\" content=\"Written by\" \/>\n\t<meta name=\"twitter:data1\" content=\"admin\" \/>\n\t<meta name=\"twitter:label2\" content=\"Est. reading time\" \/>\n\t<meta name=\"twitter:data2\" content=\"5 minutes\" \/>\n<script type=\"application\/ld+json\" class=\"yoast-schema-graph\">{\"@context\":\"https:\\\/\\\/schema.org\",\"@graph\":[{\"@type\":\"Article\",\"@id\":\"https:\\\/\\\/akunq.net\\\/tr\\\/?p=68990#article\",\"isPartOf\":{\"@id\":\"https:\\\/\\\/akunq.net\\\/tr\\\/?p=68990\"},\"author\":{\"name\":\"admin\",\"@id\":\"https:\\\/\\\/akunq.net\\\/tr\\\/#\\\/schema\\\/person\\\/096f1d38a12cce57fb855b485ed24c9e\"},\"headline\":\"\u0130lahiyat\u00e7\u0131lardan \u2018Alevi aday\u2019 tart\u0131\u015fmalar\u0131na y\u00f6nelik a\u00e7\u0131klama: Ayr\u0131mc\u0131l\u0131\u011fa hay\u0131r!\",\"datePublished\":\"2022-06-13T10:46:30+00:00\",\"mainEntityOfPage\":{\"@id\":\"https:\\\/\\\/akunq.net\\\/tr\\\/?p=68990\"},\"wordCount\":1076,\"commentCount\":0,\"image\":{\"@id\":\"https:\\\/\\\/akunq.net\\\/tr\\\/?p=68990#primaryimage\"},\"thumbnailUrl\":\"https:\\\/\\\/akunq.net\\\/tr\\\/wp-content\\\/uploads\\\/sites\\\/6\\\/2022\\\/06\\\/Alevi.jpg\",\"articleSection\":[\"Haberler\",\"T\u00fcrkiye\u2019de Az\u0131nl\u0131klar\"],\"inLanguage\":\"en-US\",\"potentialAction\":[{\"@type\":\"CommentAction\",\"name\":\"Comment\",\"target\":[\"https:\\\/\\\/akunq.net\\\/tr\\\/?p=68990#respond\"]}]},{\"@type\":\"WebPage\",\"@id\":\"https:\\\/\\\/akunq.net\\\/tr\\\/?p=68990\",\"url\":\"https:\\\/\\\/akunq.net\\\/tr\\\/?p=68990\",\"name\":\"\u0130lahiyat\u00e7\u0131lardan \u2018Alevi aday\u2019 tart\u0131\u015fmalar\u0131na y\u00f6nelik a\u00e7\u0131klama: Ayr\u0131mc\u0131l\u0131\u011fa hay\u0131r! - Bati Ermenistan Ve Bati Ermenileri Sorunlari Ara\u015ftirmalar Merkezi\",\"isPartOf\":{\"@id\":\"https:\\\/\\\/akunq.net\\\/tr\\\/#website\"},\"primaryImageOfPage\":{\"@id\":\"https:\\\/\\\/akunq.net\\\/tr\\\/?p=68990#primaryimage\"},\"image\":{\"@id\":\"https:\\\/\\\/akunq.net\\\/tr\\\/?p=68990#primaryimage\"},\"thumbnailUrl\":\"https:\\\/\\\/akunq.net\\\/tr\\\/wp-content\\\/uploads\\\/sites\\\/6\\\/2022\\\/06\\\/Alevi.jpg\",\"datePublished\":\"2022-06-13T10:46:30+00:00\",\"author\":{\"@id\":\"https:\\\/\\\/akunq.net\\\/tr\\\/#\\\/schema\\\/person\\\/096f1d38a12cce57fb855b485ed24c9e\"},\"breadcrumb\":{\"@id\":\"https:\\\/\\\/akunq.net\\\/tr\\\/?p=68990#breadcrumb\"},\"inLanguage\":\"en-US\",\"potentialAction\":[{\"@type\":\"ReadAction\",\"target\":[\"https:\\\/\\\/akunq.net\\\/tr\\\/?p=68990\"]}]},{\"@type\":\"ImageObject\",\"inLanguage\":\"en-US\",\"@id\":\"https:\\\/\\\/akunq.net\\\/tr\\\/?p=68990#primaryimage\",\"url\":\"https:\\\/\\\/akunq.net\\\/tr\\\/wp-content\\\/uploads\\\/sites\\\/6\\\/2022\\\/06\\\/Alevi.jpg\",\"contentUrl\":\"https:\\\/\\\/akunq.net\\\/tr\\\/wp-content\\\/uploads\\\/sites\\\/6\\\/2022\\\/06\\\/Alevi.jpg\",\"width\":760,\"height\":450},{\"@type\":\"BreadcrumbList\",\"@id\":\"https:\\\/\\\/akunq.net\\\/tr\\\/?p=68990#breadcrumb\",\"itemListElement\":[{\"@type\":\"ListItem\",\"position\":1,\"name\":\"Home\",\"item\":\"https:\\\/\\\/akunq.net\\\/tr\"},{\"@type\":\"ListItem\",\"position\":2,\"name\":\"\u0130lahiyat\u00e7\u0131lardan \u2018Alevi aday\u2019 tart\u0131\u015fmalar\u0131na y\u00f6nelik a\u00e7\u0131klama: Ayr\u0131mc\u0131l\u0131\u011fa hay\u0131r!\"}]},{\"@type\":\"WebSite\",\"@id\":\"https:\\\/\\\/akunq.net\\\/tr\\\/#website\",\"url\":\"https:\\\/\\\/akunq.net\\\/tr\\\/\",\"name\":\"Bati Ermenistan Ve Bati Ermenileri Sorunlari Ara\u015ftirmalar Merkezi\",\"description\":\"\",\"potentialAction\":[{\"@type\":\"SearchAction\",\"target\":{\"@type\":\"EntryPoint\",\"urlTemplate\":\"https:\\\/\\\/akunq.net\\\/tr\\\/?s={search_term_string}\"},\"query-input\":{\"@type\":\"PropertyValueSpecification\",\"valueRequired\":true,\"valueName\":\"search_term_string\"}}],\"inLanguage\":\"en-US\"},{\"@type\":\"Person\",\"@id\":\"https:\\\/\\\/akunq.net\\\/tr\\\/#\\\/schema\\\/person\\\/096f1d38a12cce57fb855b485ed24c9e\",\"name\":\"admin\",\"url\":\"https:\\\/\\\/akunq.net\\\/tr\\\/?author=7\"}]}<\/script>\n<!-- \/ Yoast SEO plugin. -->","yoast_head_json":{"title":"\u0130lahiyat\u00e7\u0131lardan \u2018Alevi aday\u2019 tart\u0131\u015fmalar\u0131na y\u00f6nelik a\u00e7\u0131klama: Ayr\u0131mc\u0131l\u0131\u011fa hay\u0131r! - Bati Ermenistan Ve Bati Ermenileri Sorunlari Ara\u015ftirmalar Merkezi","robots":{"index":"index","follow":"follow","max-snippet":"max-snippet:-1","max-image-preview":"max-image-preview:large","max-video-preview":"max-video-preview:-1"},"canonical":"https:\/\/akunq.net\/tr\/?p=68990","og_locale":"en_US","og_type":"article","og_title":"\u0130lahiyat\u00e7\u0131lardan \u2018Alevi aday\u2019 tart\u0131\u015fmalar\u0131na y\u00f6nelik a\u00e7\u0131klama: Ayr\u0131mc\u0131l\u0131\u011fa hay\u0131r! - Bati Ermenistan Ve Bati Ermenileri Sorunlari Ara\u015ftirmalar Merkezi","og_description":"Cumhurba\u015fkanl\u0131\u011f\u0131 se\u00e7imi yakla\u015f\u0131rken Millet \u0130ttifak\u0131\u2019nda kimin aday olaca\u011f\u0131 g\u00fcndemden d\u00fc\u015fm\u00fcyor. Son g\u00fcnlerde muhalefetin cumhurba\u015fkan\u0131 aday\u0131 olacak isimler \u00fczerinden yap\u0131lan \u201cAlevi aday\u201d tart\u0131\u015fmalar\u0131 geni\u015f kesimler taraf\u0131nda rahats\u0131zl\u0131k yaratt\u0131. CHP Lideri Kemal K\u0131l\u0131\u00e7daro\u011flu\u2019nun olas\u0131 adayl\u0131\u011f\u0131 \u00fczerine g\u00fcndeme gelen tart\u0131\u015fmalar \u00fczerine ilahiyat\u00e7\u0131lar a\u00e7\u0131klamada bulundu. \u0130lahiyat\u00e7\u0131lar\u0131n, \u201cSon d\u00f6nemde Alevi \u2013 S\u00fcnni farkl\u0131la\u015fmas\u0131 temelinde y\u00fcr\u00fct\u00fclmek istenen mezhep\u00e7i ayr\u0131mc\u0131l\u0131\u011fa kar\u015f\u0131 T\u00fcrkiyemizin [&hellip;]","og_url":"https:\/\/akunq.net\/tr\/?p=68990","og_site_name":"Bati Ermenistan Ve Bati Ermenileri Sorunlari Ara\u015ftirmalar Merkezi","article_published_time":"2022-06-13T10:46:30+00:00","og_image":[{"width":760,"height":450,"url":"https:\/\/akunq.net\/tr\/wp-content\/uploads\/sites\/6\/2022\/06\/Alevi.jpg","type":"image\/jpeg"}],"author":"admin","twitter_card":"summary_large_image","twitter_misc":{"Written by":"admin","Est. reading time":"5 minutes"},"schema":{"@context":"https:\/\/schema.org","@graph":[{"@type":"Article","@id":"https:\/\/akunq.net\/tr\/?p=68990#article","isPartOf":{"@id":"https:\/\/akunq.net\/tr\/?p=68990"},"author":{"name":"admin","@id":"https:\/\/akunq.net\/tr\/#\/schema\/person\/096f1d38a12cce57fb855b485ed24c9e"},"headline":"\u0130lahiyat\u00e7\u0131lardan \u2018Alevi aday\u2019 tart\u0131\u015fmalar\u0131na y\u00f6nelik a\u00e7\u0131klama: Ayr\u0131mc\u0131l\u0131\u011fa hay\u0131r!","datePublished":"2022-06-13T10:46:30+00:00","mainEntityOfPage":{"@id":"https:\/\/akunq.net\/tr\/?p=68990"},"wordCount":1076,"commentCount":0,"image":{"@id":"https:\/\/akunq.net\/tr\/?p=68990#primaryimage"},"thumbnailUrl":"https:\/\/akunq.net\/tr\/wp-content\/uploads\/sites\/6\/2022\/06\/Alevi.jpg","articleSection":["Haberler","T\u00fcrkiye\u2019de Az\u0131nl\u0131klar"],"inLanguage":"en-US","potentialAction":[{"@type":"CommentAction","name":"Comment","target":["https:\/\/akunq.net\/tr\/?p=68990#respond"]}]},{"@type":"WebPage","@id":"https:\/\/akunq.net\/tr\/?p=68990","url":"https:\/\/akunq.net\/tr\/?p=68990","name":"\u0130lahiyat\u00e7\u0131lardan \u2018Alevi aday\u2019 tart\u0131\u015fmalar\u0131na y\u00f6nelik a\u00e7\u0131klama: Ayr\u0131mc\u0131l\u0131\u011fa hay\u0131r! - Bati Ermenistan Ve Bati Ermenileri Sorunlari Ara\u015ftirmalar Merkezi","isPartOf":{"@id":"https:\/\/akunq.net\/tr\/#website"},"primaryImageOfPage":{"@id":"https:\/\/akunq.net\/tr\/?p=68990#primaryimage"},"image":{"@id":"https:\/\/akunq.net\/tr\/?p=68990#primaryimage"},"thumbnailUrl":"https:\/\/akunq.net\/tr\/wp-content\/uploads\/sites\/6\/2022\/06\/Alevi.jpg","datePublished":"2022-06-13T10:46:30+00:00","author":{"@id":"https:\/\/akunq.net\/tr\/#\/schema\/person\/096f1d38a12cce57fb855b485ed24c9e"},"breadcrumb":{"@id":"https:\/\/akunq.net\/tr\/?p=68990#breadcrumb"},"inLanguage":"en-US","potentialAction":[{"@type":"ReadAction","target":["https:\/\/akunq.net\/tr\/?p=68990"]}]},{"@type":"ImageObject","inLanguage":"en-US","@id":"https:\/\/akunq.net\/tr\/?p=68990#primaryimage","url":"https:\/\/akunq.net\/tr\/wp-content\/uploads\/sites\/6\/2022\/06\/Alevi.jpg","contentUrl":"https:\/\/akunq.net\/tr\/wp-content\/uploads\/sites\/6\/2022\/06\/Alevi.jpg","width":760,"height":450},{"@type":"BreadcrumbList","@id":"https:\/\/akunq.net\/tr\/?p=68990#breadcrumb","itemListElement":[{"@type":"ListItem","position":1,"name":"Home","item":"https:\/\/akunq.net\/tr"},{"@type":"ListItem","position":2,"name":"\u0130lahiyat\u00e7\u0131lardan \u2018Alevi aday\u2019 tart\u0131\u015fmalar\u0131na y\u00f6nelik a\u00e7\u0131klama: Ayr\u0131mc\u0131l\u0131\u011fa hay\u0131r!"}]},{"@type":"WebSite","@id":"https:\/\/akunq.net\/tr\/#website","url":"https:\/\/akunq.net\/tr\/","name":"Bati Ermenistan Ve Bati Ermenileri Sorunlari Ara\u015ftirmalar Merkezi","description":"","potentialAction":[{"@type":"SearchAction","target":{"@type":"EntryPoint","urlTemplate":"https:\/\/akunq.net\/tr\/?s={search_term_string}"},"query-input":{"@type":"PropertyValueSpecification","valueRequired":true,"valueName":"search_term_string"}}],"inLanguage":"en-US"},{"@type":"Person","@id":"https:\/\/akunq.net\/tr\/#\/schema\/person\/096f1d38a12cce57fb855b485ed24c9e","name":"admin","url":"https:\/\/akunq.net\/tr\/?author=7"}]}},"_links":{"self":[{"href":"https:\/\/akunq.net\/tr\/index.php?rest_route=\/wp\/v2\/posts\/68990","targetHints":{"allow":["GET"]}}],"collection":[{"href":"https:\/\/akunq.net\/tr\/index.php?rest_route=\/wp\/v2\/posts"}],"about":[{"href":"https:\/\/akunq.net\/tr\/index.php?rest_route=\/wp\/v2\/types\/post"}],"author":[{"embeddable":true,"href":"https:\/\/akunq.net\/tr\/index.php?rest_route=\/wp\/v2\/users\/7"}],"replies":[{"embeddable":true,"href":"https:\/\/akunq.net\/tr\/index.php?rest_route=%2Fwp%2Fv2%2Fcomments&post=68990"}],"version-history":[{"count":1,"href":"https:\/\/akunq.net\/tr\/index.php?rest_route=\/wp\/v2\/posts\/68990\/revisions"}],"predecessor-version":[{"id":68992,"href":"https:\/\/akunq.net\/tr\/index.php?rest_route=\/wp\/v2\/posts\/68990\/revisions\/68992"}],"wp:featuredmedia":[{"embeddable":true,"href":"https:\/\/akunq.net\/tr\/index.php?rest_route=\/wp\/v2\/media\/68991"}],"wp:attachment":[{"href":"https:\/\/akunq.net\/tr\/index.php?rest_route=%2Fwp%2Fv2%2Fmedia&parent=68990"}],"wp:term":[{"taxonomy":"category","embeddable":true,"href":"https:\/\/akunq.net\/tr\/index.php?rest_route=%2Fwp%2Fv2%2Fcategories&post=68990"},{"taxonomy":"post_tag","embeddable":true,"href":"https:\/\/akunq.net\/tr\/index.php?rest_route=%2Fwp%2Fv2%2Ftags&post=68990"}],"curies":[{"name":"wp","href":"https:\/\/api.w.org\/{rel}","templated":true}]}}